{"id":216128,"date":"2026-04-29T22:24:53","date_gmt":"2026-04-30T02:24:53","guid":{"rendered":"https:\/\/potenciaradiofonicadominicana.com\/portal\/?p=216128"},"modified":"2026-04-29T22:24:53","modified_gmt":"2026-04-30T02:24:53","slug":"cuando-los-mares-estaban-dominados-por-pulpos-gigantes","status":"publish","type":"post","link":"https:\/\/potenciaradiofonicadominicana.com\/portal\/cuando-los-mares-estaban-dominados-por-pulpos-gigantes\/","title":{"rendered":"Cuando los mares estaban dominados por pulpos gigantes"},"content":{"rendered":"<p><a href=\"https:\/\/potenciaradiofonicadominicana.com\/portal\/wp-content\/uploads\/2026\/04\/2408_cuando-los-mares-estaban-dominados-por-pulpos.jpg\"><img loading=\"lazy\" decoding=\"async\" class=\"alignnone size-full wp-image-216129\" src=\"https:\/\/potenciaradiofonicadominicana.com\/portal\/wp-content\/uploads\/2026\/04\/2408_cuando-los-mares-estaban-dominados-por-pulpos.jpg\" alt=\"\" width=\"583\" height=\"735\" srcset=\"https:\/\/potenciaradiofonicadominicana.com\/portal\/wp-content\/uploads\/2026\/04\/2408_cuando-los-mares-estaban-dominados-por-pulpos.jpg 583w, https:\/\/potenciaradiofonicadominicana.com\/portal\/wp-content\/uploads\/2026\/04\/2408_cuando-los-mares-estaban-dominados-por-pulpos-238x300.jpg 238w\" sizes=\"auto, (max-width: 583px) 100vw, 583px\" \/><\/a><\/p>\n<p>Los pulpos de hoy en d\u00eda son animales inteligentes y notablemente adaptables que acechan en los arrecifes, se esconden en grietas o flotan disimuladamente en las profundidades del mar. Pero una nueva investigaci\u00f3n sugiere que los primeros ancestros evolutivos de su grupo ostentaron un papel mucho m\u00e1s agresivo en los ecosistemas oce\u00e1nicos. Lo descubierto en este estudio indica que los primeros pulpos conocidos eran bestias gigantes que ocupaban la posici\u00f3n de depredadores alfa en la red alimentaria marina, o sea que ning\u00fan otro animal los cazaba.<\/p>\n<div class=\"google-auto-placed ap_container\"><ins class=\"adsbygoogle adsbygoogle-noablate\" data-ad-format=\"auto\" data-ad-client=\"ca-pub-5663005764905852\" data-adsbygoogle-status=\"done\" data-ad-status=\"unfilled\"><\/p>\n<div id=\"aswift_3_host\"><\/div>\n<p><\/ins><\/div>\n<p>El estudio es obra de un equipo integrado, entre otros, por Shin Ikegami y Yasuhiro Iba, de la Universidad de Hokkaido en la ciudad japonesa de Sapporo.<\/p>\n<p>&nbsp;<\/p>\n<p>Los pulpos son animales de cuerpo blando, por lo que rara vez se fosilizan bien. Esto dificulta sobremanera el rastreo de su historia evolutiva en comparaci\u00f3n con lo que sucede en el caso de los animales que dejan huesos o conchas. En el nuevo estudio, los investigadores se valieron de mand\u00edbulas f\u00f3siles de esos pulpos antiguos para reconstruir su historia oculta. Esas mand\u00edbulas, a diferencia de las dem\u00e1s partes de los cuerpos de los pulpos, tienen un alto potencial de fosilizaci\u00f3n. Adem\u00e1s, al haberse usado para algo tan importante como es comer, las mand\u00edbulas pueden decir mucho sobre el estilo de vida del individuo.<\/p>\n<p>&nbsp;<\/p>\n<p>Vali\u00e9ndose de una t\u00e9cnica especial de tomograf\u00eda y con ayuda de inteligencia artificial, los autores del estudio encontraron mand\u00edbulas f\u00f3siles ocultas en bloques de roca del Cret\u00e1cico Tard\u00edo, que abarcan desde hace 100 millones de a\u00f1os hasta hace 72 millones. Estos f\u00f3siles, hallados en Jap\u00f3n y en la isla de Vancouver (Canad\u00e1), se conservaron bien en sedimentos marinos que no sufrieron perturbaciones significativas. Las mand\u00edbulas fosilizadas conservan incluso finas marcas de desgaste que han revelado c\u00f3mo se alimentaban tales pulpos.<\/p>\n<div class=\"google-auto-placed ap_container\"><ins class=\"adsbygoogle adsbygoogle-noablate\" data-ad-format=\"auto\" data-ad-client=\"ca-pub-5663005764905852\" data-adsbygoogle-status=\"done\" data-ad-status=\"unfill-optimized\"><\/p>\n<div id=\"aswift_4_host\">\n<div class=\"google-aiuf\" data-google-ad-efd=\"true\">\n<div class=\"goog-rentries\">\n<div class=\"google-anno-skip goog-rentry\" tabindex=\"0\" role=\"link\" aria-label=\"Suscripci\u00f3n revista\" data-google-vignette=\"false\" data-google-interstitial=\"false\"><\/div>\n<div><\/div>\n<\/div>\n<\/div>\n<\/div>\n<p><\/ins><\/div>\n<p>Los restos f\u00f3siles son de individuos de un grupo de pulpos extintos del suborden Cirrata.<\/p>\n<p>&nbsp;<\/p>\n<p>El descubrimiento contradice la teor\u00eda m\u00e1s aceptada hasta ahora sobre la historia temprana de los pulpos. Los nuevos f\u00f3siles extienden el registro m\u00e1s antiguo conocido de pulpos con aletas en unos 15 millones de a\u00f1os y el registro general de pulpos en unos 5 millones de a\u00f1os, haciendo remontar los pulpos m\u00e1s antiguos hasta tan atr\u00e1s en el tiempo como hace aproximadamente 100 millones de a\u00f1os.<\/p>\n<p>&nbsp;<\/p>\n<p>Bas\u00e1ndose en esas mand\u00edbulas f\u00f3siles excepcionalmente bien conservadas, los autores del estudio han determinado que tales pulpos gigantes alcanzaron longitudes totales de hasta casi 20 metros, pudiendo incluso superar en tama\u00f1o a los individuos adultos t\u00edpicos de las especies de grandes reptiles marinos de la misma \u00e9poca.<\/p>\n<p>&nbsp;<\/p>\n<p>Tras analizar el tama\u00f1o, la forma y los patrones de desgaste de las mand\u00edbulas, el equipo ha llegado a la conclusi\u00f3n de que estos animales eran depredadores muy activos que probablemente trituraban el cuerpo de presas duras mediante mordeduras de enorme potencia.<\/p>\n<p>&nbsp;<\/p>\n<p><span class=\"RichTextAlignCenter citewrapper\"><img decoding=\"async\" class=\"RichTextAlignCenter\" src=\"https:\/\/noticiasdelaciencia.com\/upload\/images\/04_2026\/2408_cuando-los-mares-estaban-dominados-por-pulpos.jpg\" alt=\"[Img #78605]\" \/><\/span><\/p>\n<div class=\"imagefooterprint\"><\/div>\n<p>Reconstrucci\u00f3n art\u00edstica del aspecto que probablemente ten\u00eda el individuo adulto t\u00edpico de la clase de pulpos gigantes investigada. (Imagen: Yohei Utsuki, Department of Earth and Planetary Sciences, Hokkaido University)<\/p>\n<div class=\"google-auto-placed ap_container\"><ins class=\"adsbygoogle adsbygoogle-noablate\" data-ad-format=\"auto\" data-ad-client=\"ca-pub-5663005764905852\" data-adsbygoogle-status=\"done\" data-ad-status=\"unfill-optimized\"><\/p>\n<div id=\"aswift_6_host\">\n<div class=\"google-aiuf\" data-google-ad-efd=\"true\">\n<div class=\"goog-rentries\">\n<div><\/div>\n<\/div>\n<\/div>\n<\/div>\n<p><\/ins><\/div>\n<p>El hallazgo m\u00e1s sorprendente hecho en este estudio probablemente sea la magnitud del desgaste en las mand\u00edbulas. Las mand\u00edbulas f\u00f3siles examinadas muestran un patr\u00f3n de desgaste t\u00edpico de un uso habitual en mordiscos muy fuertes. En ejemplares adultos y correctamente desarrollados, se observ\u00f3 un desgaste de hasta el 10% de la punta de la mand\u00edbula con respecto a su longitud total, un porcentaje mayor que el sufrido habitualmente por los cefal\u00f3podos modernos que se alimentan de presas con caparaz\u00f3n duro. Esto indica interacciones repetidas y muy violentas con sus presas, lo cual denota una estrategia de alimentaci\u00f3n inesperadamente agresiva. Estos hallazgos sugieren en definitiva que esos pulpos primitivos eran cazadores expeditivos y muy activos, que consum\u00edan muchas presas.<\/p>\n<p>&nbsp;<\/p>\n<p>Un descubrimiento particularmente interesante es el desgaste desigual de las mand\u00edbulas. En las dos especies examinadas, un lado de la mand\u00edbula estaba m\u00e1s desgastado que el otro, lo que sugiere que estos animales tend\u00edan a usar un lado de la mand\u00edbula con mayor intensidad que el otro. Este tipo de asimetr\u00eda conductual, conocida como lateralizaci\u00f3n, se asocia en animales modernos con un procesamiento neuronal avanzado. La investigaci\u00f3n sugiere, por tanto, que estos pulpos antiguos ten\u00edan ya un comportamiento complejo, delatador de una inteligencia notable.<\/p>\n<div class=\"google-auto-placed ap_container\"><ins class=\"adsbygoogle adsbygoogle-noablate\" data-ad-format=\"auto\" data-ad-client=\"ca-pub-5663005764905852\" data-adsbygoogle-status=\"done\" data-ad-status=\"unfill-optimized\"><\/p>\n<div id=\"aswift_7_host\">\n<div class=\"google-aiuf\" data-google-ad-efd=\"true\">\n<div class=\"goog-rentries\">\n<div><\/div>\n<\/div>\n<\/div>\n<\/div>\n<p><\/ins><\/div>\n<p>Desde hace d\u00e9cadas, se ha venido creyendo que los ecosistemas marinos de aquellos tiempos estaban dominados principalmente por depredadores vertebrados, y que los invertebrados ocupaban niveles inferiores de la red alimentaria. Los nuevos hallazgos sugieren que los pulpos gigantes fueron una excepci\u00f3n inesperada: invertebrados que ascendieron a la cima de la red alimentaria marina y que compitieron con los vertebrados marinos m\u00e1s grandes.<\/p>\n<p>&nbsp;<\/p>\n<p>El estudio se titula \u201cEarliest octopuses were giant top predators in Cretaceous oceans\u201d. Y se ha publicado en la revista acad\u00e9mica Science. (Fuente:\u00a0<a href=\"https:\/\/noticiasdelaciencia.com\/\">NCYT de Amazings<\/a>)<\/p>\n","protected":false},"excerpt":{"rendered":"<p>Los pulpos de hoy en d\u00eda son animales inteligentes y notablemente adaptables que acechan en los arrecifes, se esconden en &#8230;<\/p>\n","protected":false},"author":2,"featured_media":216129,"comment_status":"closed","ping_status":"closed","sticky":false,"template":"","format":"standard","meta":{"footnotes":""},"categories":[14],"tags":[],"class_list":["post-216128","post","type-post","status-publish","format-standard","has-post-thumbnail","hentry","category-ciencia-y-tecnologia"],"yoast_head":"<!-- This site is optimized with the Yoast SEO plugin v24.8.1 - https:\/\/yoast.com\/wordpress\/plugins\/seo\/ -->\n<title>Cuando los mares estaban dominados por pulpos gigantes - PotenciaRadiofonicaDominicana.com<\/title>\n<meta name=\"robots\" content=\"index, follow, max-snippet:-1, max-image-preview:large, max-video-preview:-1\" \/>\n<link rel=\"canonical\" href=\"https:\/\/potenciaradiofonicadominicana.com\/portal\/cuando-los-mares-estaban-dominados-por-pulpos-gigantes\/\" \/>\n<meta property=\"og:locale\" content=\"es_ES\" \/>\n<meta property=\"og:type\" content=\"article\" \/>\n<meta property=\"og:title\" content=\"Cuando los mares estaban dominados por pulpos gigantes - PotenciaRadiofonicaDominicana.com\" \/>\n<meta property=\"og:description\" content=\"Los pulpos de hoy en d\u00eda son animales inteligentes y notablemente adaptables que acechan en los arrecifes, se esconden en ...\" \/>\n<meta property=\"og:url\" content=\"https:\/\/potenciaradiofonicadominicana.com\/portal\/cuando-los-mares-estaban-dominados-por-pulpos-gigantes\/\" \/>\n<meta property=\"og:site_name\" content=\"PotenciaRadiofonicaDominicana.com\" \/>\n<meta property=\"article:publisher\" content=\"https:\/\/web.facebook.com\/PotenciaRadiofonicaD\" \/>\n<meta property=\"article:published_time\" content=\"2026-04-30T02:24:53+00:00\" \/>\n<meta property=\"og:image\" content=\"https:\/\/potenciaradiofonicadominicana.com\/portal\/wp-content\/uploads\/2026\/04\/2408_cuando-los-mares-estaban-dominados-por-pulpos.jpg\" \/>\n\t<meta property=\"og:image:width\" content=\"583\" \/>\n\t<meta property=\"og:image:height\" content=\"735\" \/>\n\t<meta property=\"og:image:type\" content=\"image\/jpeg\" \/>\n<meta name=\"author\" content=\"Potencia Radiof\u00f3nica Dominicana\" \/>\n<meta name=\"twitter:card\" content=\"summary_large_image\" \/>\n<meta name=\"twitter:label1\" content=\"Escrito por\" \/>\n\t<meta name=\"twitter:data1\" content=\"Potencia Radiof\u00f3nica Dominicana\" \/>\n\t<meta name=\"twitter:label2\" content=\"Tiempo de lectura\" \/>\n\t<meta name=\"twitter:data2\" content=\"5 minutos\" \/>\n<script type=\"application\/ld+json\" class=\"yoast-schema-graph\">{\"@context\":\"https:\/\/schema.org\",\"@graph\":[{\"@type\":\"Article\",\"@id\":\"https:\/\/potenciaradiofonicadominicana.com\/portal\/cuando-los-mares-estaban-dominados-por-pulpos-gigantes\/#article\",\"isPartOf\":{\"@id\":\"https:\/\/potenciaradiofonicadominicana.com\/portal\/cuando-los-mares-estaban-dominados-por-pulpos-gigantes\/\"},\"author\":{\"name\":\"Potencia Radiof\u00f3nica Dominicana\",\"@id\":\"https:\/\/potenciaradiofonicadominicana.com\/portal\/#\/schema\/person\/a5cf1fea13877803ee0573ac18b03490\"},\"headline\":\"Cuando los mares estaban dominados por pulpos gigantes\",\"datePublished\":\"2026-04-30T02:24:53+00:00\",\"mainEntityOfPage\":{\"@id\":\"https:\/\/potenciaradiofonicadominicana.com\/portal\/cuando-los-mares-estaban-dominados-por-pulpos-gigantes\/\"},\"wordCount\":868,\"publisher\":{\"@id\":\"https:\/\/potenciaradiofonicadominicana.com\/portal\/#organization\"},\"image\":{\"@id\":\"https:\/\/potenciaradiofonicadominicana.com\/portal\/cuando-los-mares-estaban-dominados-por-pulpos-gigantes\/#primaryimage\"},\"thumbnailUrl\":\"https:\/\/potenciaradiofonicadominicana.com\/portal\/wp-content\/uploads\/2026\/04\/2408_cuando-los-mares-estaban-dominados-por-pulpos.jpg\",\"articleSection\":[\"Ciencia y Tecnolog\u00eda\"],\"inLanguage\":\"es\"},{\"@type\":\"WebPage\",\"@id\":\"https:\/\/potenciaradiofonicadominicana.com\/portal\/cuando-los-mares-estaban-dominados-por-pulpos-gigantes\/\",\"url\":\"https:\/\/potenciaradiofonicadominicana.com\/portal\/cuando-los-mares-estaban-dominados-por-pulpos-gigantes\/\",\"name\":\"Cuando los mares estaban dominados por pulpos gigantes - PotenciaRadiofonicaDominicana.com\",\"isPartOf\":{\"@id\":\"https:\/\/potenciaradiofonicadominicana.com\/portal\/#website\"},\"primaryImageOfPage\":{\"@id\":\"https:\/\/potenciaradiofonicadominicana.com\/portal\/cuando-los-mares-estaban-dominados-por-pulpos-gigantes\/#primaryimage\"},\"image\":{\"@id\":\"https:\/\/potenciaradiofonicadominicana.com\/portal\/cuando-los-mares-estaban-dominados-por-pulpos-gigantes\/#primaryimage\"},\"thumbnailUrl\":\"https:\/\/potenciaradiofonicadominicana.com\/portal\/wp-content\/uploads\/2026\/04\/2408_cuando-los-mares-estaban-dominados-por-pulpos.jpg\",\"datePublished\":\"2026-04-30T02:24:53+00:00\",\"breadcrumb\":{\"@id\":\"https:\/\/potenciaradiofonicadominicana.com\/portal\/cuando-los-mares-estaban-dominados-por-pulpos-gigantes\/#breadcrumb\"},\"inLanguage\":\"es\",\"potentialAction\":[{\"@type\":\"ReadAction\",\"target\":[\"https:\/\/potenciaradiofonicadominicana.com\/portal\/cuando-los-mares-estaban-dominados-por-pulpos-gigantes\/\"]}]},{\"@type\":\"ImageObject\",\"inLanguage\":\"es\",\"@id\":\"https:\/\/potenciaradiofonicadominicana.com\/portal\/cuando-los-mares-estaban-dominados-por-pulpos-gigantes\/#primaryimage\",\"url\":\"https:\/\/potenciaradiofonicadominicana.com\/portal\/wp-content\/uploads\/2026\/04\/2408_cuando-los-mares-estaban-dominados-por-pulpos.jpg\",\"contentUrl\":\"https:\/\/potenciaradiofonicadominicana.com\/portal\/wp-content\/uploads\/2026\/04\/2408_cuando-los-mares-estaban-dominados-por-pulpos.jpg\",\"width\":583,\"height\":735},{\"@type\":\"BreadcrumbList\",\"@id\":\"https:\/\/potenciaradiofonicadominicana.com\/portal\/cuando-los-mares-estaban-dominados-por-pulpos-gigantes\/#breadcrumb\",\"itemListElement\":[{\"@type\":\"ListItem\",\"position\":1,\"name\":\"Portada\",\"item\":\"https:\/\/potenciaradiofonicadominicana.com\/portal\/\"},{\"@type\":\"ListItem\",\"position\":2,\"name\":\"Cuando los mares estaban dominados por pulpos gigantes\"}]},{\"@type\":\"WebSite\",\"@id\":\"https:\/\/potenciaradiofonicadominicana.com\/portal\/#website\",\"url\":\"https:\/\/potenciaradiofonicadominicana.com\/portal\/\",\"name\":\"PotenciaRadiofonicaDominicana.com\",\"description\":\"Peri\u00f3dico Digital\",\"publisher\":{\"@id\":\"https:\/\/potenciaradiofonicadominicana.com\/portal\/#organization\"},\"potentialAction\":[{\"@type\":\"SearchAction\",\"target\":{\"@type\":\"EntryPoint\",\"urlTemplate\":\"https:\/\/potenciaradiofonicadominicana.com\/portal\/?s={search_term_string}\"},\"query-input\":{\"@type\":\"PropertyValueSpecification\",\"valueRequired\":true,\"valueName\":\"search_term_string\"}}],\"inLanguage\":\"es\"},{\"@type\":\"Organization\",\"@id\":\"https:\/\/potenciaradiofonicadominicana.com\/portal\/#organization\",\"name\":\"PotenciaRadiofonicaDominicana.com\",\"url\":\"https:\/\/potenciaradiofonicadominicana.com\/portal\/\",\"logo\":{\"@type\":\"ImageObject\",\"inLanguage\":\"es\",\"@id\":\"https:\/\/potenciaradiofonicadominicana.com\/portal\/#\/schema\/logo\/image\/\",\"url\":\"https:\/\/potenciaradiofonicadominicana.com\/portal\/wp-content\/uploads\/2022\/01\/descarga.png\",\"contentUrl\":\"https:\/\/potenciaradiofonicadominicana.com\/portal\/wp-content\/uploads\/2022\/01\/descarga.png\",\"width\":300,\"height\":100,\"caption\":\"PotenciaRadiofonicaDominicana.com\"},\"image\":{\"@id\":\"https:\/\/potenciaradiofonicadominicana.com\/portal\/#\/schema\/logo\/image\/\"},\"sameAs\":[\"https:\/\/web.facebook.com\/PotenciaRadiofonicaD\"]},{\"@type\":\"Person\",\"@id\":\"https:\/\/potenciaradiofonicadominicana.com\/portal\/#\/schema\/person\/a5cf1fea13877803ee0573ac18b03490\",\"name\":\"Potencia Radiof\u00f3nica Dominicana\",\"image\":{\"@type\":\"ImageObject\",\"inLanguage\":\"es\",\"@id\":\"https:\/\/potenciaradiofonicadominicana.com\/portal\/#\/schema\/person\/image\/\",\"url\":\"https:\/\/secure.gravatar.com\/avatar\/42a55ab9e8ccc656ba34cd791990602a?s=96&d=mm&r=g\",\"contentUrl\":\"https:\/\/secure.gravatar.com\/avatar\/42a55ab9e8ccc656ba34cd791990602a?s=96&d=mm&r=g\",\"caption\":\"Potencia Radiof\u00f3nica Dominicana\"},\"url\":\"https:\/\/potenciaradiofonicadominicana.com\/portal\/author\/johannyalmanzar\/\"}]}<\/script>\n<!-- \/ Yoast SEO plugin. -->","yoast_head_json":{"title":"Cuando los mares estaban dominados por pulpos gigantes - PotenciaRadiofonicaDominicana.com","robots":{"index":"index","follow":"follow","max-snippet":"max-snippet:-1","max-image-preview":"max-image-preview:large","max-video-preview":"max-video-preview:-1"},"canonical":"https:\/\/potenciaradiofonicadominicana.com\/portal\/cuando-los-mares-estaban-dominados-por-pulpos-gigantes\/","og_locale":"es_ES","og_type":"article","og_title":"Cuando los mares estaban dominados por pulpos gigantes - PotenciaRadiofonicaDominicana.com","og_description":"Los pulpos de hoy en d\u00eda son animales inteligentes y notablemente adaptables que acechan en los arrecifes, se esconden en ...","og_url":"https:\/\/potenciaradiofonicadominicana.com\/portal\/cuando-los-mares-estaban-dominados-por-pulpos-gigantes\/","og_site_name":"PotenciaRadiofonicaDominicana.com","article_publisher":"https:\/\/web.facebook.com\/PotenciaRadiofonicaD","article_published_time":"2026-04-30T02:24:53+00:00","og_image":[{"width":583,"height":735,"url":"https:\/\/potenciaradiofonicadominicana.com\/portal\/wp-content\/uploads\/2026\/04\/2408_cuando-los-mares-estaban-dominados-por-pulpos.jpg","type":"image\/jpeg"}],"author":"Potencia Radiof\u00f3nica Dominicana","twitter_card":"summary_large_image","twitter_misc":{"Escrito por":"Potencia Radiof\u00f3nica Dominicana","Tiempo de lectura":"5 minutos"},"schema":{"@context":"https:\/\/schema.org","@graph":[{"@type":"Article","@id":"https:\/\/potenciaradiofonicadominicana.com\/portal\/cuando-los-mares-estaban-dominados-por-pulpos-gigantes\/#article","isPartOf":{"@id":"https:\/\/potenciaradiofonicadominicana.com\/portal\/cuando-los-mares-estaban-dominados-por-pulpos-gigantes\/"},"author":{"name":"Potencia Radiof\u00f3nica Dominicana","@id":"https:\/\/potenciaradiofonicadominicana.com\/portal\/#\/schema\/person\/a5cf1fea13877803ee0573ac18b03490"},"headline":"Cuando los mares estaban dominados por pulpos gigantes","datePublished":"2026-04-30T02:24:53+00:00","mainEntityOfPage":{"@id":"https:\/\/potenciaradiofonicadominicana.com\/portal\/cuando-los-mares-estaban-dominados-por-pulpos-gigantes\/"},"wordCount":868,"publisher":{"@id":"https:\/\/potenciaradiofonicadominicana.com\/portal\/#organization"},"image":{"@id":"https:\/\/potenciaradiofonicadominicana.com\/portal\/cuando-los-mares-estaban-dominados-por-pulpos-gigantes\/#primaryimage"},"thumbnailUrl":"https:\/\/potenciaradiofonicadominicana.com\/portal\/wp-content\/uploads\/2026\/04\/2408_cuando-los-mares-estaban-dominados-por-pulpos.jpg","articleSection":["Ciencia y Tecnolog\u00eda"],"inLanguage":"es"},{"@type":"WebPage","@id":"https:\/\/potenciaradiofonicadominicana.com\/portal\/cuando-los-mares-estaban-dominados-por-pulpos-gigantes\/","url":"https:\/\/potenciaradiofonicadominicana.com\/portal\/cuando-los-mares-estaban-dominados-por-pulpos-gigantes\/","name":"Cuando los mares estaban dominados por pulpos gigantes - PotenciaRadiofonicaDominicana.com","isPartOf":{"@id":"https:\/\/potenciaradiofonicadominicana.com\/portal\/#website"},"primaryImageOfPage":{"@id":"https:\/\/potenciaradiofonicadominicana.com\/portal\/cuando-los-mares-estaban-dominados-por-pulpos-gigantes\/#primaryimage"},"image":{"@id":"https:\/\/potenciaradiofonicadominicana.com\/portal\/cuando-los-mares-estaban-dominados-por-pulpos-gigantes\/#primaryimage"},"thumbnailUrl":"https:\/\/potenciaradiofonicadominicana.com\/portal\/wp-content\/uploads\/2026\/04\/2408_cuando-los-mares-estaban-dominados-por-pulpos.jpg","datePublished":"2026-04-30T02:24:53+00:00","breadcrumb":{"@id":"https:\/\/potenciaradiofonicadominicana.com\/portal\/cuando-los-mares-estaban-dominados-por-pulpos-gigantes\/#breadcrumb"},"inLanguage":"es","potentialAction":[{"@type":"ReadAction","target":["https:\/\/potenciaradiofonicadominicana.com\/portal\/cuando-los-mares-estaban-dominados-por-pulpos-gigantes\/"]}]},{"@type":"ImageObject","inLanguage":"es","@id":"https:\/\/potenciaradiofonicadominicana.com\/portal\/cuando-los-mares-estaban-dominados-por-pulpos-gigantes\/#primaryimage","url":"https:\/\/potenciaradiofonicadominicana.com\/portal\/wp-content\/uploads\/2026\/04\/2408_cuando-los-mares-estaban-dominados-por-pulpos.jpg","contentUrl":"https:\/\/potenciaradiofonicadominicana.com\/portal\/wp-content\/uploads\/2026\/04\/2408_cuando-los-mares-estaban-dominados-por-pulpos.jpg","width":583,"height":735},{"@type":"BreadcrumbList","@id":"https:\/\/potenciaradiofonicadominicana.com\/portal\/cuando-los-mares-estaban-dominados-por-pulpos-gigantes\/#breadcrumb","itemListElement":[{"@type":"ListItem","position":1,"name":"Portada","item":"https:\/\/potenciaradiofonicadominicana.com\/portal\/"},{"@type":"ListItem","position":2,"name":"Cuando los mares estaban dominados por pulpos gigantes"}]},{"@type":"WebSite","@id":"https:\/\/potenciaradiofonicadominicana.com\/portal\/#website","url":"https:\/\/potenciaradiofonicadominicana.com\/portal\/","name":"PotenciaRadiofonicaDominicana.com","description":"Peri\u00f3dico Digital","publisher":{"@id":"https:\/\/potenciaradiofonicadominicana.com\/portal\/#organization"},"potentialAction":[{"@type":"SearchAction","target":{"@type":"EntryPoint","urlTemplate":"https:\/\/potenciaradiofonicadominicana.com\/portal\/?s={search_term_string}"},"query-input":{"@type":"PropertyValueSpecification","valueRequired":true,"valueName":"search_term_string"}}],"inLanguage":"es"},{"@type":"Organization","@id":"https:\/\/potenciaradiofonicadominicana.com\/portal\/#organization","name":"PotenciaRadiofonicaDominicana.com","url":"https:\/\/potenciaradiofonicadominicana.com\/portal\/","logo":{"@type":"ImageObject","inLanguage":"es","@id":"https:\/\/potenciaradiofonicadominicana.com\/portal\/#\/schema\/logo\/image\/","url":"https:\/\/potenciaradiofonicadominicana.com\/portal\/wp-content\/uploads\/2022\/01\/descarga.png","contentUrl":"https:\/\/potenciaradiofonicadominicana.com\/portal\/wp-content\/uploads\/2022\/01\/descarga.png","width":300,"height":100,"caption":"PotenciaRadiofonicaDominicana.com"},"image":{"@id":"https:\/\/potenciaradiofonicadominicana.com\/portal\/#\/schema\/logo\/image\/"},"sameAs":["https:\/\/web.facebook.com\/PotenciaRadiofonicaD"]},{"@type":"Person","@id":"https:\/\/potenciaradiofonicadominicana.com\/portal\/#\/schema\/person\/a5cf1fea13877803ee0573ac18b03490","name":"Potencia Radiof\u00f3nica Dominicana","image":{"@type":"ImageObject","inLanguage":"es","@id":"https:\/\/potenciaradiofonicadominicana.com\/portal\/#\/schema\/person\/image\/","url":"https:\/\/secure.gravatar.com\/avatar\/42a55ab9e8ccc656ba34cd791990602a?s=96&d=mm&r=g","contentUrl":"https:\/\/secure.gravatar.com\/avatar\/42a55ab9e8ccc656ba34cd791990602a?s=96&d=mm&r=g","caption":"Potencia Radiof\u00f3nica Dominicana"},"url":"https:\/\/potenciaradiofonicadominicana.com\/portal\/author\/johannyalmanzar\/"}]}},"_links":{"self":[{"href":"https:\/\/potenciaradiofonicadominicana.com\/portal\/wp-json\/wp\/v2\/posts\/216128","targetHints":{"allow":["GET"]}}],"collection":[{"href":"https:\/\/potenciaradiofonicadominicana.com\/portal\/wp-json\/wp\/v2\/posts"}],"about":[{"href":"https:\/\/potenciaradiofonicadominicana.com\/portal\/wp-json\/wp\/v2\/types\/post"}],"author":[{"embeddable":true,"href":"https:\/\/potenciaradiofonicadominicana.com\/portal\/wp-json\/wp\/v2\/users\/2"}],"replies":[{"embeddable":true,"href":"https:\/\/potenciaradiofonicadominicana.com\/portal\/wp-json\/wp\/v2\/comments?post=216128"}],"version-history":[{"count":1,"href":"https:\/\/potenciaradiofonicadominicana.com\/portal\/wp-json\/wp\/v2\/posts\/216128\/revisions"}],"predecessor-version":[{"id":216130,"href":"https:\/\/potenciaradiofonicadominicana.com\/portal\/wp-json\/wp\/v2\/posts\/216128\/revisions\/216130"}],"wp:featuredmedia":[{"embeddable":true,"href":"https:\/\/potenciaradiofonicadominicana.com\/portal\/wp-json\/wp\/v2\/media\/216129"}],"wp:attachment":[{"href":"https:\/\/potenciaradiofonicadominicana.com\/portal\/wp-json\/wp\/v2\/media?parent=216128"}],"wp:term":[{"taxonomy":"category","embeddable":true,"href":"https:\/\/potenciaradiofonicadominicana.com\/portal\/wp-json\/wp\/v2\/categories?post=216128"},{"taxonomy":"post_tag","embeddable":true,"href":"https:\/\/potenciaradiofonicadominicana.com\/portal\/wp-json\/wp\/v2\/tags?post=216128"}],"curies":[{"name":"wp","href":"https:\/\/api.w.org\/{rel}","templated":true}]}}