{"id":216125,"date":"2026-04-29T22:23:37","date_gmt":"2026-04-30T02:23:37","guid":{"rendered":"https:\/\/potenciaradiofonicadominicana.com\/portal\/?p=216125"},"modified":"2026-04-29T22:23:37","modified_gmt":"2026-04-30T02:23:37","slug":"grandes-inventos-de-la-humanidad-el-telefono-movil","status":"publish","type":"post","link":"https:\/\/potenciaradiofonicadominicana.com\/portal\/grandes-inventos-de-la-humanidad-el-telefono-movil\/","title":{"rendered":"Grandes inventos de la humanidad: El tel\u00e9fono m\u00f3vil"},"content":{"rendered":"<p><a href=\"https:\/\/potenciaradiofonicadominicana.com\/portal\/wp-content\/uploads\/2026\/04\/2013-09-28_09.38.57_HiRes_1.original-scaled.jpg\"><img loading=\"lazy\" decoding=\"async\" class=\"alignnone size-full wp-image-216126\" src=\"https:\/\/potenciaradiofonicadominicana.com\/portal\/wp-content\/uploads\/2026\/04\/2013-09-28_09.38.57_HiRes_1.original-scaled.jpg\" alt=\"\" width=\"2560\" height=\"1613\" srcset=\"https:\/\/potenciaradiofonicadominicana.com\/portal\/wp-content\/uploads\/2026\/04\/2013-09-28_09.38.57_HiRes_1.original-scaled.jpg 2560w, https:\/\/potenciaradiofonicadominicana.com\/portal\/wp-content\/uploads\/2026\/04\/2013-09-28_09.38.57_HiRes_1.original-300x189.jpg 300w, https:\/\/potenciaradiofonicadominicana.com\/portal\/wp-content\/uploads\/2026\/04\/2013-09-28_09.38.57_HiRes_1.original-1024x645.jpg 1024w, https:\/\/potenciaradiofonicadominicana.com\/portal\/wp-content\/uploads\/2026\/04\/2013-09-28_09.38.57_HiRes_1.original-768x484.jpg 768w, https:\/\/potenciaradiofonicadominicana.com\/portal\/wp-content\/uploads\/2026\/04\/2013-09-28_09.38.57_HiRes_1.original-1536x968.jpg 1536w, https:\/\/potenciaradiofonicadominicana.com\/portal\/wp-content\/uploads\/2026\/04\/2013-09-28_09.38.57_HiRes_1.original-2048x1290.jpg 2048w\" sizes=\"auto, (max-width: 2560px) 100vw, 2560px\" \/><\/a><\/p>\n<p>(Foto: Wikimedia Commons)<\/p>\n<p>&nbsp;<\/p>\n<p>&nbsp;<\/p>\n<p>El tel\u00e9fono m\u00f3vil no es solo un dispositivo; es el epicentro de la vida moderna. Sin embargo, antes de que los smartphones dominaran nuestra atenci\u00f3n, hubo una carrera tecnol\u00f3gica marcada por la audacia de ingenieros que desafiaron las limitaciones del cableado f\u00edsico.<\/p>\n<p>&nbsp;<\/p>\n<p>El Hito de 1973: Martin Cooper y el \u00abLadrillo\u00bb que Cambi\u00f3 el Mundo<\/p>\n<p>El 3 de abril de 1973, las calles de Nueva York fueron testigos de un evento hist\u00f3rico. Martin Cooper, ingeniero de Motorola, realiz\u00f3 la primera llamada desde un tel\u00e9fono m\u00f3vil inal\u00e1mbrico. El destinatario no fue otro que su mayor rival, Joel Engel, de los Laboratorios Bell de AT&amp;T.<\/p>\n<p>&nbsp;<\/p>\n<p>\u00abJoel, te llamo desde un tel\u00e9fono m\u00f3vil. Un tel\u00e9fono m\u00f3vil real, de mano, port\u00e1til\u00bb.<\/p>\n<p>&nbsp;<\/p>\n<p>Este dispositivo, el Motorola DynaTAC 8000X, era cualquier cosa menos ligero. Pesaba casi 800 gramos y ofrec\u00eda apenas 30 minutos de conversaci\u00f3n tras 10 horas de carga. Pero la prueba de concepto era irrefutable: la comunicaci\u00f3n ya no estaba ligada a un lugar, sino a una persona.<\/p>\n<p>&nbsp;<\/p>\n<p>Evoluci\u00f3n Tecnol\u00f3gica: De la 1G a la Era del Silicio<\/p>\n<p>La invenci\u00f3n del m\u00f3vil no fue un evento aislado, sino una evoluci\u00f3n de hitos cient\u00edficos:<\/p>\n<p>-La Infraestructura de Celdas: El concepto \u00abcelular\u00bb fue propuesto por Bell Labs en 1947. Divid\u00eda el \u00e1rea geogr\u00e1fica en \u00abceldas\u00bb para reutilizar frecuencias de radio, permitiendo que miles de personas hablaran simult\u00e1neamente.<\/p>\n<p>-La Primera Generaci\u00f3n (1G): Lanzada comercialmente en Jap\u00f3n (1979) y EE. UU. (1983), utilizaba se\u00f1ales anal\u00f3gicas. Solo permit\u00eda voz y la calidad era susceptible a interferencias.<\/p>\n<p>-La Revoluci\u00f3n Digital (2G): Con la llegada del est\u00e1ndar GSM en los a\u00f1os 90, la se\u00f1al pas\u00f3 a ser digital. Esto introdujo el cifrado de seguridad y el nacimiento de los SMS (mensajes de texto).<\/p>\n<p>[Img #78600]<\/p>\n<p>\u00bfPor qu\u00e9 fue una proeza cient\u00edfica?<\/p>\n<p>El desarrollo del tel\u00e9fono m\u00f3vil requiri\u00f3 avances cr\u00edticos en tres \u00e1reas fundamentales:<\/p>\n<p>Ver m\u00e1s<br \/>\nTerapias psicolog\u00eda<br \/>\nCiencia<br \/>\nArt\u00edculos salud<\/p>\n<p>-Miniaturizaci\u00f3n de Componentes: Pasar de v\u00e1lvulas de vac\u00edo a transistores de silicio cada vez m\u00e1s peque\u00f1os.<\/p>\n<p>-Qu\u00edmica de Bater\u00edas: La transici\u00f3n de las pesadas bater\u00edas de n\u00edquel-cadmio a las densas y eficientes de iones de litio.<\/p>\n<p>-Procesamiento de Se\u00f1ales: Algoritmos complejos que permiten que un dispositivo m\u00f3vil \u00absalte\u00bb de una antena a otra sin cortar la llamada (proceso conocido como handoff).<\/p>\n<p>Impacto Sociocultural y Futuro<\/p>\n<p>Hoy, con m\u00e1s de 5,000 millones de usuarios en todo el mundo, el m\u00f3vil ha democratizado el acceso a la informaci\u00f3n. Hemos pasado de un dispositivo de voz a una supercomputadora de bolsillo capaz de procesar inteligencia artificial en tiempo real.<\/p>\n<p>Cronolog\u00eda Clave:<\/p>\n<p>A\u00f1o<\/p>\n<p>Hito<\/p>\n<p>1973<\/p>\n<p>Primera llamada m\u00f3vil (Motorola).<\/p>\n<p>1992<\/p>\n<p>Env\u00edo del primer SMS (\u00abMerry Christmas\u00bb).<\/p>\n<p>2007<\/p>\n<p>Lanzamiento del iPhone: la era del smartphone.<\/p>\n<p>2019<\/p>\n<p>Despliegue global de la red 5G.<\/p>\n","protected":false},"excerpt":{"rendered":"<p>(Foto: Wikimedia Commons) &nbsp; &nbsp; El tel\u00e9fono m\u00f3vil no es solo un dispositivo; es el epicentro de la vida moderna. &#8230;<\/p>\n","protected":false},"author":2,"featured_media":216126,"comment_status":"closed","ping_status":"closed","sticky":false,"template":"","format":"standard","meta":{"footnotes":""},"categories":[14],"tags":[],"class_list":["post-216125","post","type-post","status-publish","format-standard","has-post-thumbnail","hentry","category-ciencia-y-tecnologia"],"yoast_head":"<!-- This site is optimized with the Yoast SEO plugin v24.8.1 - https:\/\/yoast.com\/wordpress\/plugins\/seo\/ -->\n<title>Grandes inventos de la humanidad: El tel\u00e9fono m\u00f3vil - PotenciaRadiofonicaDominicana.com<\/title>\n<meta name=\"robots\" content=\"index, follow, max-snippet:-1, max-image-preview:large, max-video-preview:-1\" \/>\n<link rel=\"canonical\" href=\"https:\/\/potenciaradiofonicadominicana.com\/portal\/grandes-inventos-de-la-humanidad-el-telefono-movil\/\" \/>\n<meta property=\"og:locale\" content=\"es_ES\" \/>\n<meta property=\"og:type\" content=\"article\" \/>\n<meta property=\"og:title\" content=\"Grandes inventos de la humanidad: El tel\u00e9fono m\u00f3vil - PotenciaRadiofonicaDominicana.com\" \/>\n<meta property=\"og:description\" content=\"(Foto: Wikimedia Commons) &nbsp; &nbsp; El tel\u00e9fono m\u00f3vil no es solo un dispositivo; es el epicentro de la vida moderna. ...\" \/>\n<meta property=\"og:url\" content=\"https:\/\/potenciaradiofonicadominicana.com\/portal\/grandes-inventos-de-la-humanidad-el-telefono-movil\/\" \/>\n<meta property=\"og:site_name\" content=\"PotenciaRadiofonicaDominicana.com\" \/>\n<meta property=\"article:publisher\" content=\"https:\/\/web.facebook.com\/PotenciaRadiofonicaD\" \/>\n<meta property=\"article:published_time\" content=\"2026-04-30T02:23:37+00:00\" \/>\n<meta property=\"og:image\" content=\"https:\/\/potenciaradiofonicadominicana.com\/portal\/wp-content\/uploads\/2026\/04\/2013-09-28_09.38.57_HiRes_1.original-scaled.jpg\" \/>\n\t<meta property=\"og:image:width\" content=\"2560\" \/>\n\t<meta property=\"og:image:height\" content=\"1613\" \/>\n\t<meta property=\"og:image:type\" content=\"image\/jpeg\" \/>\n<meta name=\"author\" content=\"Potencia Radiof\u00f3nica Dominicana\" \/>\n<meta name=\"twitter:card\" content=\"summary_large_image\" \/>\n<meta name=\"twitter:label1\" content=\"Escrito por\" \/>\n\t<meta name=\"twitter:data1\" content=\"Potencia Radiof\u00f3nica Dominicana\" \/>\n\t<meta name=\"twitter:label2\" content=\"Tiempo de lectura\" \/>\n\t<meta name=\"twitter:data2\" content=\"3 minutos\" \/>\n<script type=\"application\/ld+json\" class=\"yoast-schema-graph\">{\"@context\":\"https:\/\/schema.org\",\"@graph\":[{\"@type\":\"Article\",\"@id\":\"https:\/\/potenciaradiofonicadominicana.com\/portal\/grandes-inventos-de-la-humanidad-el-telefono-movil\/#article\",\"isPartOf\":{\"@id\":\"https:\/\/potenciaradiofonicadominicana.com\/portal\/grandes-inventos-de-la-humanidad-el-telefono-movil\/\"},\"author\":{\"name\":\"Potencia Radiof\u00f3nica Dominicana\",\"@id\":\"https:\/\/potenciaradiofonicadominicana.com\/portal\/#\/schema\/person\/a5cf1fea13877803ee0573ac18b03490\"},\"headline\":\"Grandes inventos de la humanidad: El tel\u00e9fono m\u00f3vil\",\"datePublished\":\"2026-04-30T02:23:37+00:00\",\"mainEntityOfPage\":{\"@id\":\"https:\/\/potenciaradiofonicadominicana.com\/portal\/grandes-inventos-de-la-humanidad-el-telefono-movil\/\"},\"wordCount\":512,\"publisher\":{\"@id\":\"https:\/\/potenciaradiofonicadominicana.com\/portal\/#organization\"},\"image\":{\"@id\":\"https:\/\/potenciaradiofonicadominicana.com\/portal\/grandes-inventos-de-la-humanidad-el-telefono-movil\/#primaryimage\"},\"thumbnailUrl\":\"https:\/\/potenciaradiofonicadominicana.com\/portal\/wp-content\/uploads\/2026\/04\/2013-09-28_09.38.57_HiRes_1.original-scaled.jpg\",\"articleSection\":[\"Ciencia y Tecnolog\u00eda\"],\"inLanguage\":\"es\"},{\"@type\":\"WebPage\",\"@id\":\"https:\/\/potenciaradiofonicadominicana.com\/portal\/grandes-inventos-de-la-humanidad-el-telefono-movil\/\",\"url\":\"https:\/\/potenciaradiofonicadominicana.com\/portal\/grandes-inventos-de-la-humanidad-el-telefono-movil\/\",\"name\":\"Grandes inventos de la humanidad: El tel\u00e9fono m\u00f3vil - PotenciaRadiofonicaDominicana.com\",\"isPartOf\":{\"@id\":\"https:\/\/potenciaradiofonicadominicana.com\/portal\/#website\"},\"primaryImageOfPage\":{\"@id\":\"https:\/\/potenciaradiofonicadominicana.com\/portal\/grandes-inventos-de-la-humanidad-el-telefono-movil\/#primaryimage\"},\"image\":{\"@id\":\"https:\/\/potenciaradiofonicadominicana.com\/portal\/grandes-inventos-de-la-humanidad-el-telefono-movil\/#primaryimage\"},\"thumbnailUrl\":\"https:\/\/potenciaradiofonicadominicana.com\/portal\/wp-content\/uploads\/2026\/04\/2013-09-28_09.38.57_HiRes_1.original-scaled.jpg\",\"datePublished\":\"2026-04-30T02:23:37+00:00\",\"breadcrumb\":{\"@id\":\"https:\/\/potenciaradiofonicadominicana.com\/portal\/grandes-inventos-de-la-humanidad-el-telefono-movil\/#breadcrumb\"},\"inLanguage\":\"es\",\"potentialAction\":[{\"@type\":\"ReadAction\",\"target\":[\"https:\/\/potenciaradiofonicadominicana.com\/portal\/grandes-inventos-de-la-humanidad-el-telefono-movil\/\"]}]},{\"@type\":\"ImageObject\",\"inLanguage\":\"es\",\"@id\":\"https:\/\/potenciaradiofonicadominicana.com\/portal\/grandes-inventos-de-la-humanidad-el-telefono-movil\/#primaryimage\",\"url\":\"https:\/\/potenciaradiofonicadominicana.com\/portal\/wp-content\/uploads\/2026\/04\/2013-09-28_09.38.57_HiRes_1.original-scaled.jpg\",\"contentUrl\":\"https:\/\/potenciaradiofonicadominicana.com\/portal\/wp-content\/uploads\/2026\/04\/2013-09-28_09.38.57_HiRes_1.original-scaled.jpg\",\"width\":2560,\"height\":1613},{\"@type\":\"BreadcrumbList\",\"@id\":\"https:\/\/potenciaradiofonicadominicana.com\/portal\/grandes-inventos-de-la-humanidad-el-telefono-movil\/#breadcrumb\",\"itemListElement\":[{\"@type\":\"ListItem\",\"position\":1,\"name\":\"Portada\",\"item\":\"https:\/\/potenciaradiofonicadominicana.com\/portal\/\"},{\"@type\":\"ListItem\",\"position\":2,\"name\":\"Grandes inventos de la humanidad: El tel\u00e9fono m\u00f3vil\"}]},{\"@type\":\"WebSite\",\"@id\":\"https:\/\/potenciaradiofonicadominicana.com\/portal\/#website\",\"url\":\"https:\/\/potenciaradiofonicadominicana.com\/portal\/\",\"name\":\"PotenciaRadiofonicaDominicana.com\",\"description\":\"Peri\u00f3dico Digital\",\"publisher\":{\"@id\":\"https:\/\/potenciaradiofonicadominicana.com\/portal\/#organization\"},\"potentialAction\":[{\"@type\":\"SearchAction\",\"target\":{\"@type\":\"EntryPoint\",\"urlTemplate\":\"https:\/\/potenciaradiofonicadominicana.com\/portal\/?s={search_term_string}\"},\"query-input\":{\"@type\":\"PropertyValueSpecification\",\"valueRequired\":true,\"valueName\":\"search_term_string\"}}],\"inLanguage\":\"es\"},{\"@type\":\"Organization\",\"@id\":\"https:\/\/potenciaradiofonicadominicana.com\/portal\/#organization\",\"name\":\"PotenciaRadiofonicaDominicana.com\",\"url\":\"https:\/\/potenciaradiofonicadominicana.com\/portal\/\",\"logo\":{\"@type\":\"ImageObject\",\"inLanguage\":\"es\",\"@id\":\"https:\/\/potenciaradiofonicadominicana.com\/portal\/#\/schema\/logo\/image\/\",\"url\":\"https:\/\/potenciaradiofonicadominicana.com\/portal\/wp-content\/uploads\/2022\/01\/descarga.png\",\"contentUrl\":\"https:\/\/potenciaradiofonicadominicana.com\/portal\/wp-content\/uploads\/2022\/01\/descarga.png\",\"width\":300,\"height\":100,\"caption\":\"PotenciaRadiofonicaDominicana.com\"},\"image\":{\"@id\":\"https:\/\/potenciaradiofonicadominicana.com\/portal\/#\/schema\/logo\/image\/\"},\"sameAs\":[\"https:\/\/web.facebook.com\/PotenciaRadiofonicaD\"]},{\"@type\":\"Person\",\"@id\":\"https:\/\/potenciaradiofonicadominicana.com\/portal\/#\/schema\/person\/a5cf1fea13877803ee0573ac18b03490\",\"name\":\"Potencia Radiof\u00f3nica Dominicana\",\"image\":{\"@type\":\"ImageObject\",\"inLanguage\":\"es\",\"@id\":\"https:\/\/potenciaradiofonicadominicana.com\/portal\/#\/schema\/person\/image\/\",\"url\":\"https:\/\/secure.gravatar.com\/avatar\/42a55ab9e8ccc656ba34cd791990602a?s=96&d=mm&r=g\",\"contentUrl\":\"https:\/\/secure.gravatar.com\/avatar\/42a55ab9e8ccc656ba34cd791990602a?s=96&d=mm&r=g\",\"caption\":\"Potencia Radiof\u00f3nica Dominicana\"},\"url\":\"https:\/\/potenciaradiofonicadominicana.com\/portal\/author\/johannyalmanzar\/\"}]}<\/script>\n<!-- \/ Yoast SEO plugin. -->","yoast_head_json":{"title":"Grandes inventos de la humanidad: El tel\u00e9fono m\u00f3vil - PotenciaRadiofonicaDominicana.com","robots":{"index":"index","follow":"follow","max-snippet":"max-snippet:-1","max-image-preview":"max-image-preview:large","max-video-preview":"max-video-preview:-1"},"canonical":"https:\/\/potenciaradiofonicadominicana.com\/portal\/grandes-inventos-de-la-humanidad-el-telefono-movil\/","og_locale":"es_ES","og_type":"article","og_title":"Grandes inventos de la humanidad: El tel\u00e9fono m\u00f3vil - PotenciaRadiofonicaDominicana.com","og_description":"(Foto: Wikimedia Commons) &nbsp; &nbsp; El tel\u00e9fono m\u00f3vil no es solo un dispositivo; es el epicentro de la vida moderna. ...","og_url":"https:\/\/potenciaradiofonicadominicana.com\/portal\/grandes-inventos-de-la-humanidad-el-telefono-movil\/","og_site_name":"PotenciaRadiofonicaDominicana.com","article_publisher":"https:\/\/web.facebook.com\/PotenciaRadiofonicaD","article_published_time":"2026-04-30T02:23:37+00:00","og_image":[{"width":2560,"height":1613,"url":"https:\/\/potenciaradiofonicadominicana.com\/portal\/wp-content\/uploads\/2026\/04\/2013-09-28_09.38.57_HiRes_1.original-scaled.jpg","type":"image\/jpeg"}],"author":"Potencia Radiof\u00f3nica Dominicana","twitter_card":"summary_large_image","twitter_misc":{"Escrito por":"Potencia Radiof\u00f3nica Dominicana","Tiempo de lectura":"3 minutos"},"schema":{"@context":"https:\/\/schema.org","@graph":[{"@type":"Article","@id":"https:\/\/potenciaradiofonicadominicana.com\/portal\/grandes-inventos-de-la-humanidad-el-telefono-movil\/#article","isPartOf":{"@id":"https:\/\/potenciaradiofonicadominicana.com\/portal\/grandes-inventos-de-la-humanidad-el-telefono-movil\/"},"author":{"name":"Potencia Radiof\u00f3nica Dominicana","@id":"https:\/\/potenciaradiofonicadominicana.com\/portal\/#\/schema\/person\/a5cf1fea13877803ee0573ac18b03490"},"headline":"Grandes inventos de la humanidad: El tel\u00e9fono m\u00f3vil","datePublished":"2026-04-30T02:23:37+00:00","mainEntityOfPage":{"@id":"https:\/\/potenciaradiofonicadominicana.com\/portal\/grandes-inventos-de-la-humanidad-el-telefono-movil\/"},"wordCount":512,"publisher":{"@id":"https:\/\/potenciaradiofonicadominicana.com\/portal\/#organization"},"image":{"@id":"https:\/\/potenciaradiofonicadominicana.com\/portal\/grandes-inventos-de-la-humanidad-el-telefono-movil\/#primaryimage"},"thumbnailUrl":"https:\/\/potenciaradiofonicadominicana.com\/portal\/wp-content\/uploads\/2026\/04\/2013-09-28_09.38.57_HiRes_1.original-scaled.jpg","articleSection":["Ciencia y Tecnolog\u00eda"],"inLanguage":"es"},{"@type":"WebPage","@id":"https:\/\/potenciaradiofonicadominicana.com\/portal\/grandes-inventos-de-la-humanidad-el-telefono-movil\/","url":"https:\/\/potenciaradiofonicadominicana.com\/portal\/grandes-inventos-de-la-humanidad-el-telefono-movil\/","name":"Grandes inventos de la humanidad: El tel\u00e9fono m\u00f3vil - PotenciaRadiofonicaDominicana.com","isPartOf":{"@id":"https:\/\/potenciaradiofonicadominicana.com\/portal\/#website"},"primaryImageOfPage":{"@id":"https:\/\/potenciaradiofonicadominicana.com\/portal\/grandes-inventos-de-la-humanidad-el-telefono-movil\/#primaryimage"},"image":{"@id":"https:\/\/potenciaradiofonicadominicana.com\/portal\/grandes-inventos-de-la-humanidad-el-telefono-movil\/#primaryimage"},"thumbnailUrl":"https:\/\/potenciaradiofonicadominicana.com\/portal\/wp-content\/uploads\/2026\/04\/2013-09-28_09.38.57_HiRes_1.original-scaled.jpg","datePublished":"2026-04-30T02:23:37+00:00","breadcrumb":{"@id":"https:\/\/potenciaradiofonicadominicana.com\/portal\/grandes-inventos-de-la-humanidad-el-telefono-movil\/#breadcrumb"},"inLanguage":"es","potentialAction":[{"@type":"ReadAction","target":["https:\/\/potenciaradiofonicadominicana.com\/portal\/grandes-inventos-de-la-humanidad-el-telefono-movil\/"]}]},{"@type":"ImageObject","inLanguage":"es","@id":"https:\/\/potenciaradiofonicadominicana.com\/portal\/grandes-inventos-de-la-humanidad-el-telefono-movil\/#primaryimage","url":"https:\/\/potenciaradiofonicadominicana.com\/portal\/wp-content\/uploads\/2026\/04\/2013-09-28_09.38.57_HiRes_1.original-scaled.jpg","contentUrl":"https:\/\/potenciaradiofonicadominicana.com\/portal\/wp-content\/uploads\/2026\/04\/2013-09-28_09.38.57_HiRes_1.original-scaled.jpg","width":2560,"height":1613},{"@type":"BreadcrumbList","@id":"https:\/\/potenciaradiofonicadominicana.com\/portal\/grandes-inventos-de-la-humanidad-el-telefono-movil\/#breadcrumb","itemListElement":[{"@type":"ListItem","position":1,"name":"Portada","item":"https:\/\/potenciaradiofonicadominicana.com\/portal\/"},{"@type":"ListItem","position":2,"name":"Grandes inventos de la humanidad: El tel\u00e9fono m\u00f3vil"}]},{"@type":"WebSite","@id":"https:\/\/potenciaradiofonicadominicana.com\/portal\/#website","url":"https:\/\/potenciaradiofonicadominicana.com\/portal\/","name":"PotenciaRadiofonicaDominicana.com","description":"Peri\u00f3dico Digital","publisher":{"@id":"https:\/\/potenciaradiofonicadominicana.com\/portal\/#organization"},"potentialAction":[{"@type":"SearchAction","target":{"@type":"EntryPoint","urlTemplate":"https:\/\/potenciaradiofonicadominicana.com\/portal\/?s={search_term_string}"},"query-input":{"@type":"PropertyValueSpecification","valueRequired":true,"valueName":"search_term_string"}}],"inLanguage":"es"},{"@type":"Organization","@id":"https:\/\/potenciaradiofonicadominicana.com\/portal\/#organization","name":"PotenciaRadiofonicaDominicana.com","url":"https:\/\/potenciaradiofonicadominicana.com\/portal\/","logo":{"@type":"ImageObject","inLanguage":"es","@id":"https:\/\/potenciaradiofonicadominicana.com\/portal\/#\/schema\/logo\/image\/","url":"https:\/\/potenciaradiofonicadominicana.com\/portal\/wp-content\/uploads\/2022\/01\/descarga.png","contentUrl":"https:\/\/potenciaradiofonicadominicana.com\/portal\/wp-content\/uploads\/2022\/01\/descarga.png","width":300,"height":100,"caption":"PotenciaRadiofonicaDominicana.com"},"image":{"@id":"https:\/\/potenciaradiofonicadominicana.com\/portal\/#\/schema\/logo\/image\/"},"sameAs":["https:\/\/web.facebook.com\/PotenciaRadiofonicaD"]},{"@type":"Person","@id":"https:\/\/potenciaradiofonicadominicana.com\/portal\/#\/schema\/person\/a5cf1fea13877803ee0573ac18b03490","name":"Potencia Radiof\u00f3nica Dominicana","image":{"@type":"ImageObject","inLanguage":"es","@id":"https:\/\/potenciaradiofonicadominicana.com\/portal\/#\/schema\/person\/image\/","url":"https:\/\/secure.gravatar.com\/avatar\/42a55ab9e8ccc656ba34cd791990602a?s=96&d=mm&r=g","contentUrl":"https:\/\/secure.gravatar.com\/avatar\/42a55ab9e8ccc656ba34cd791990602a?s=96&d=mm&r=g","caption":"Potencia Radiof\u00f3nica Dominicana"},"url":"https:\/\/potenciaradiofonicadominicana.com\/portal\/author\/johannyalmanzar\/"}]}},"_links":{"self":[{"href":"https:\/\/potenciaradiofonicadominicana.com\/portal\/wp-json\/wp\/v2\/posts\/216125","targetHints":{"allow":["GET"]}}],"collection":[{"href":"https:\/\/potenciaradiofonicadominicana.com\/portal\/wp-json\/wp\/v2\/posts"}],"about":[{"href":"https:\/\/potenciaradiofonicadominicana.com\/portal\/wp-json\/wp\/v2\/types\/post"}],"author":[{"embeddable":true,"href":"https:\/\/potenciaradiofonicadominicana.com\/portal\/wp-json\/wp\/v2\/users\/2"}],"replies":[{"embeddable":true,"href":"https:\/\/potenciaradiofonicadominicana.com\/portal\/wp-json\/wp\/v2\/comments?post=216125"}],"version-history":[{"count":1,"href":"https:\/\/potenciaradiofonicadominicana.com\/portal\/wp-json\/wp\/v2\/posts\/216125\/revisions"}],"predecessor-version":[{"id":216127,"href":"https:\/\/potenciaradiofonicadominicana.com\/portal\/wp-json\/wp\/v2\/posts\/216125\/revisions\/216127"}],"wp:featuredmedia":[{"embeddable":true,"href":"https:\/\/potenciaradiofonicadominicana.com\/portal\/wp-json\/wp\/v2\/media\/216126"}],"wp:attachment":[{"href":"https:\/\/potenciaradiofonicadominicana.com\/portal\/wp-json\/wp\/v2\/media?parent=216125"}],"wp:term":[{"taxonomy":"category","embeddable":true,"href":"https:\/\/potenciaradiofonicadominicana.com\/portal\/wp-json\/wp\/v2\/categories?post=216125"},{"taxonomy":"post_tag","embeddable":true,"href":"https:\/\/potenciaradiofonicadominicana.com\/portal\/wp-json\/wp\/v2\/tags?post=216125"}],"curies":[{"name":"wp","href":"https:\/\/api.w.org\/{rel}","templated":true}]}}