{"id":216122,"date":"2026-04-29T22:20:59","date_gmt":"2026-04-30T02:20:59","guid":{"rendered":"https:\/\/potenciaradiofonicadominicana.com\/portal\/?p=216122"},"modified":"2026-04-29T22:20:59","modified_gmt":"2026-04-30T02:20:59","slug":"derek-barton-el-quimico-del-espacio-molecular","status":"publish","type":"post","link":"https:\/\/potenciaradiofonicadominicana.com\/portal\/derek-barton-el-quimico-del-espacio-molecular\/","title":{"rendered":"Derek Barton: El qu\u00edmico del espacio molecular"},"content":{"rendered":"<p><a href=\"https:\/\/potenciaradiofonicadominicana.com\/portal\/wp-content\/uploads\/2026\/04\/6169_derek-harold-richard-barton.jpg\"><img loading=\"lazy\" decoding=\"async\" class=\"alignnone size-full wp-image-216123\" src=\"https:\/\/potenciaradiofonicadominicana.com\/portal\/wp-content\/uploads\/2026\/04\/6169_derek-harold-richard-barton.jpg\" alt=\"\" width=\"434\" height=\"600\" srcset=\"https:\/\/potenciaradiofonicadominicana.com\/portal\/wp-content\/uploads\/2026\/04\/6169_derek-harold-richard-barton.jpg 434w, https:\/\/potenciaradiofonicadominicana.com\/portal\/wp-content\/uploads\/2026\/04\/6169_derek-harold-richard-barton-217x300.jpg 217w\" sizes=\"auto, (max-width: 434px) 100vw, 434px\" \/><\/a><\/p>\n<p>(Foto:\u00a0<span class=\"mw-mmv-source-author\"><span class=\"mw-mmv-author\">National Portrait Gallery)<\/span><\/span><\/p>\n<p>&nbsp;<\/p>\n<p>&nbsp;<\/p>\n<p>\u00bfC\u00f3mo es posible que la simple orientaci\u00f3n de un \u00e1tomo en el espacio determine si un f\u00e1rmaco salvar\u00e1 una vida o ser\u00e1 inerte? La respuesta a esta pregunta cambi\u00f3 la ciencia para siempre gracias a un hombre:\u00a0<b>Sir Derek Harold Richard Barton<\/b>.<\/p>\n<p>&nbsp;<\/p>\n<p>Premio Nobel, caballero del imperio brit\u00e1nico y visionario de la materia, Barton no solo estudi\u00f3 las mol\u00e9culas; nos ense\u00f1\u00f3 a verlas en tres dimensiones.<\/p>\n<p>&nbsp;<\/p>\n<h2>1. De los Negocios Familiares a la Cima de Estocolmo<\/h2>\n<p>&nbsp;<\/p>\n<p>Nacido en 1918 en Gravesend, Kent, el destino inicial de Barton parec\u00eda estar en el negocio de carpinter\u00eda de su padre. Sin embargo, su curiosidad insaciable lo llev\u00f3 al\u00a0<b>Imperial College de Londres<\/b>, donde se gradu\u00f3 con honores en 1940.<\/p>\n<p>&nbsp;<\/p>\n<p>Durante la Segunda Guerra Mundial, Barton no empu\u00f1\u00f3 armas, sino tubos de ensayo, trabajando en inteligencia militar e investigaci\u00f3n industrial. Esta etapa forj\u00f3 su pragmatismo: para Barton, la qu\u00edmica deb\u00eda ser l\u00f3gica, elegante y, sobre todo, \u00fatil.<\/p>\n<p>&nbsp;<\/p>\n<h2>2. El An\u00e1lisis Conformacional<\/h2>\n<p>&nbsp;<\/p>\n<p>Antes de Barton, los qu\u00edmicos dibujaban las mol\u00e9culas en un plano bidimensional, como si fueran calcoman\u00edas pegadas a un papel. Pero las mol\u00e9culas tienen volumen, giran y se retuercen.<\/p>\n<div class=\"google-auto-placed ap_container\"><ins class=\"adsbygoogle adsbygoogle-noablate\" data-ad-format=\"auto\" data-ad-client=\"ca-pub-5663005764905852\" data-adsbygoogle-status=\"done\" data-ad-status=\"unfilled\"><\/p>\n<div id=\"aswift_3_host\"><\/div>\n<p><\/ins><\/div>\n<p>En 1950, mientras estaba en Harvard, Barton public\u00f3 un breve pero revolucionario art\u00edculo de apenas cuatro p\u00e1ginas titulado\u00a0<i>\u00abThe Conformation of the Terpenoid Nucleus\u00bb<\/i>. En \u00e9l, propuso que:<\/p>\n<p>&nbsp;<\/p>\n<p>-Las mol\u00e9culas no son estructuras r\u00edgidas.<\/p>\n<p>&nbsp;<\/p>\n<p>-Su\u00a0<b>forma tridimensional<\/b> (conformaci\u00f3n) afecta directamente su reactividad qu\u00edmica.<\/p>\n<p>&nbsp;<\/p>\n<p>-La diferencia entre una posici\u00f3n \u00abaxial\u00bb y una \u00abecuatorial\u00bb en un anillo de carbono es la clave de su comportamiento.<\/p>\n<p>&nbsp;<\/p>\n<p>\u00abLa qu\u00edmica org\u00e1nica es la qu\u00edmica de las mol\u00e9culas en tres dimensiones\u00bb, dijo Derek Barton.<\/p>\n<p>&nbsp;<\/p>\n<p>Esta aportaci\u00f3n le vali\u00f3 el\u00a0<b>Premio Nobel de Qu\u00edmica en 1969<\/b>, compartido con Odd Hassel, consolidando la base de lo que hoy es la s\u00edntesis de f\u00e1rmacos moderna.<\/p>\n<p>&nbsp;<\/p>\n<h2>3. Del Laboratorio a la Farmacia<\/h2>\n<p>&nbsp;<\/p>\n<p>Barton no se detuvo tras el Nobel. Su nombre qued\u00f3 inmortalizado en varias metodolog\u00edas que hoy son est\u00e1ndares en la industria:<\/p>\n<p>&nbsp;<\/p>\n<p><b>-Reacci\u00f3n de Barton:<\/b> Utilizada para la s\u00edntesis de esteroides (fundamental en el desarrollo de hormonas y antiinflamatorios).<\/p>\n<p>&nbsp;<\/p>\n<p><b>-Desoxigenaci\u00f3n de Barton-McCombie:<\/b>\u00a0Un m\u00e9todo elegante para eliminar grupos hidroxilo de mol\u00e9culas org\u00e1nicas.<\/p>\n<p>&nbsp;<\/p>\n<p>Su capacidad para inventar nuevas reacciones qu\u00edmicas era casi intuitiva. Sus colegas lo describ\u00edan como un hombre con una \u00abbr\u00fajula qu\u00edmica\u00bb interna que siempre se\u00f1alaba hacia la soluci\u00f3n m\u00e1s eficiente.<\/p>\n<p>&nbsp;<\/p>\n<h2>4. El Maestro Itinerante<\/h2>\n<p>&nbsp;<\/p>\n<p>A diferencia de otros cient\u00edficos que se asientan en una sola instituci\u00f3n, Barton fue un ciudadano del mundo. Ense\u00f1\u00f3 y lider\u00f3 investigaciones en:<\/p>\n<p>&nbsp;<\/p>\n<p><b>-Reino Unido:<\/b>\u00a0Imperial College.<\/p>\n<p>&nbsp;<\/p>\n<p><b>-Francia:<\/b>\u00a0Director del Institut de Chimie des Substances Naturelles (ICSN).<\/p>\n<p>&nbsp;<\/p>\n<p><b>-Estados Unidos:<\/b>\u00a0Universidad de Texas A&amp;M, donde trabaj\u00f3 hasta su \u00faltimo aliento en 1998.<\/p>\n<p>&nbsp;<\/p>\n<h3>\u00bfPor qu\u00e9 fue tan importante su descubrimiento?<\/h3>\n<p>&nbsp;<\/p>\n<p>Antes de Barton, entender por qu\u00e9 ciertas reacciones ocurr\u00edan y otras no era, a menudo, una cuesti\u00f3n de ensayo y error. El an\u00e1lisis conformacional permiti\u00f3 a los cient\u00edficos\u00a0<b>predecir<\/b>\u00a0el comportamiento molecular, ahorrando a\u00f1os de investigaci\u00f3n en medicina y materiales.<\/p>\n<p>&nbsp;<\/p>\n<h3>\u00bfQu\u00e9 premios recibi\u00f3 adem\u00e1s del Nobel?<\/h3>\n<p>&nbsp;<\/p>\n<p>Fue nombrado\u00a0<i>Knight Bachelor<\/i>\u00a0(Sir) en 1987 por la Reina Isabel II, recibi\u00f3 la Medalla Priestley (la m\u00e1s alta distinci\u00f3n de la American Chemical Society) y la Legi\u00f3n de Honor en Francia.<\/p>\n","protected":false},"excerpt":{"rendered":"<p>(Foto:\u00a0National Portrait Gallery) &nbsp; &nbsp; \u00bfC\u00f3mo es posible que la simple orientaci\u00f3n de un \u00e1tomo en el espacio determine si &#8230;<\/p>\n","protected":false},"author":2,"featured_media":216123,"comment_status":"closed","ping_status":"closed","sticky":false,"template":"","format":"standard","meta":{"footnotes":""},"categories":[14],"tags":[],"class_list":["post-216122","post","type-post","status-publish","format-standard","has-post-thumbnail","hentry","category-ciencia-y-tecnologia"],"yoast_head":"<!-- This site is optimized with the Yoast SEO plugin v24.8.1 - https:\/\/yoast.com\/wordpress\/plugins\/seo\/ -->\n<title>Derek Barton: El qu\u00edmico del espacio molecular - PotenciaRadiofonicaDominicana.com<\/title>\n<meta name=\"robots\" content=\"index, follow, max-snippet:-1, max-image-preview:large, max-video-preview:-1\" \/>\n<link rel=\"canonical\" href=\"https:\/\/potenciaradiofonicadominicana.com\/portal\/derek-barton-el-quimico-del-espacio-molecular\/\" \/>\n<meta property=\"og:locale\" content=\"es_ES\" \/>\n<meta property=\"og:type\" content=\"article\" \/>\n<meta property=\"og:title\" content=\"Derek Barton: El qu\u00edmico del espacio molecular - PotenciaRadiofonicaDominicana.com\" \/>\n<meta property=\"og:description\" content=\"(Foto:\u00a0National Portrait Gallery) &nbsp; &nbsp; \u00bfC\u00f3mo es posible que la simple orientaci\u00f3n de un \u00e1tomo en el espacio determine si ...\" \/>\n<meta property=\"og:url\" content=\"https:\/\/potenciaradiofonicadominicana.com\/portal\/derek-barton-el-quimico-del-espacio-molecular\/\" \/>\n<meta property=\"og:site_name\" content=\"PotenciaRadiofonicaDominicana.com\" \/>\n<meta property=\"article:publisher\" content=\"https:\/\/web.facebook.com\/PotenciaRadiofonicaD\" \/>\n<meta property=\"article:published_time\" content=\"2026-04-30T02:20:59+00:00\" \/>\n<meta property=\"og:image\" content=\"https:\/\/potenciaradiofonicadominicana.com\/portal\/wp-content\/uploads\/2026\/04\/6169_derek-harold-richard-barton.jpg\" \/>\n\t<meta property=\"og:image:width\" content=\"434\" \/>\n\t<meta property=\"og:image:height\" content=\"600\" \/>\n\t<meta property=\"og:image:type\" content=\"image\/jpeg\" \/>\n<meta name=\"author\" content=\"Potencia Radiof\u00f3nica Dominicana\" \/>\n<meta name=\"twitter:card\" content=\"summary_large_image\" \/>\n<meta name=\"twitter:label1\" content=\"Escrito por\" \/>\n\t<meta name=\"twitter:data1\" content=\"Potencia Radiof\u00f3nica Dominicana\" \/>\n\t<meta name=\"twitter:label2\" content=\"Tiempo de lectura\" \/>\n\t<meta name=\"twitter:data2\" content=\"3 minutos\" \/>\n<script type=\"application\/ld+json\" class=\"yoast-schema-graph\">{\"@context\":\"https:\/\/schema.org\",\"@graph\":[{\"@type\":\"Article\",\"@id\":\"https:\/\/potenciaradiofonicadominicana.com\/portal\/derek-barton-el-quimico-del-espacio-molecular\/#article\",\"isPartOf\":{\"@id\":\"https:\/\/potenciaradiofonicadominicana.com\/portal\/derek-barton-el-quimico-del-espacio-molecular\/\"},\"author\":{\"name\":\"Potencia Radiof\u00f3nica Dominicana\",\"@id\":\"https:\/\/potenciaradiofonicadominicana.com\/portal\/#\/schema\/person\/a5cf1fea13877803ee0573ac18b03490\"},\"headline\":\"Derek Barton: El qu\u00edmico del espacio molecular\",\"datePublished\":\"2026-04-30T02:20:59+00:00\",\"mainEntityOfPage\":{\"@id\":\"https:\/\/potenciaradiofonicadominicana.com\/portal\/derek-barton-el-quimico-del-espacio-molecular\/\"},\"wordCount\":608,\"publisher\":{\"@id\":\"https:\/\/potenciaradiofonicadominicana.com\/portal\/#organization\"},\"image\":{\"@id\":\"https:\/\/potenciaradiofonicadominicana.com\/portal\/derek-barton-el-quimico-del-espacio-molecular\/#primaryimage\"},\"thumbnailUrl\":\"https:\/\/potenciaradiofonicadominicana.com\/portal\/wp-content\/uploads\/2026\/04\/6169_derek-harold-richard-barton.jpg\",\"articleSection\":[\"Ciencia y Tecnolog\u00eda\"],\"inLanguage\":\"es\"},{\"@type\":\"WebPage\",\"@id\":\"https:\/\/potenciaradiofonicadominicana.com\/portal\/derek-barton-el-quimico-del-espacio-molecular\/\",\"url\":\"https:\/\/potenciaradiofonicadominicana.com\/portal\/derek-barton-el-quimico-del-espacio-molecular\/\",\"name\":\"Derek Barton: El qu\u00edmico del espacio molecular - PotenciaRadiofonicaDominicana.com\",\"isPartOf\":{\"@id\":\"https:\/\/potenciaradiofonicadominicana.com\/portal\/#website\"},\"primaryImageOfPage\":{\"@id\":\"https:\/\/potenciaradiofonicadominicana.com\/portal\/derek-barton-el-quimico-del-espacio-molecular\/#primaryimage\"},\"image\":{\"@id\":\"https:\/\/potenciaradiofonicadominicana.com\/portal\/derek-barton-el-quimico-del-espacio-molecular\/#primaryimage\"},\"thumbnailUrl\":\"https:\/\/potenciaradiofonicadominicana.com\/portal\/wp-content\/uploads\/2026\/04\/6169_derek-harold-richard-barton.jpg\",\"datePublished\":\"2026-04-30T02:20:59+00:00\",\"breadcrumb\":{\"@id\":\"https:\/\/potenciaradiofonicadominicana.com\/portal\/derek-barton-el-quimico-del-espacio-molecular\/#breadcrumb\"},\"inLanguage\":\"es\",\"potentialAction\":[{\"@type\":\"ReadAction\",\"target\":[\"https:\/\/potenciaradiofonicadominicana.com\/portal\/derek-barton-el-quimico-del-espacio-molecular\/\"]}]},{\"@type\":\"ImageObject\",\"inLanguage\":\"es\",\"@id\":\"https:\/\/potenciaradiofonicadominicana.com\/portal\/derek-barton-el-quimico-del-espacio-molecular\/#primaryimage\",\"url\":\"https:\/\/potenciaradiofonicadominicana.com\/portal\/wp-content\/uploads\/2026\/04\/6169_derek-harold-richard-barton.jpg\",\"contentUrl\":\"https:\/\/potenciaradiofonicadominicana.com\/portal\/wp-content\/uploads\/2026\/04\/6169_derek-harold-richard-barton.jpg\",\"width\":434,\"height\":600},{\"@type\":\"BreadcrumbList\",\"@id\":\"https:\/\/potenciaradiofonicadominicana.com\/portal\/derek-barton-el-quimico-del-espacio-molecular\/#breadcrumb\",\"itemListElement\":[{\"@type\":\"ListItem\",\"position\":1,\"name\":\"Portada\",\"item\":\"https:\/\/potenciaradiofonicadominicana.com\/portal\/\"},{\"@type\":\"ListItem\",\"position\":2,\"name\":\"Derek Barton: El qu\u00edmico del espacio molecular\"}]},{\"@type\":\"WebSite\",\"@id\":\"https:\/\/potenciaradiofonicadominicana.com\/portal\/#website\",\"url\":\"https:\/\/potenciaradiofonicadominicana.com\/portal\/\",\"name\":\"PotenciaRadiofonicaDominicana.com\",\"description\":\"Peri\u00f3dico Digital\",\"publisher\":{\"@id\":\"https:\/\/potenciaradiofonicadominicana.com\/portal\/#organization\"},\"potentialAction\":[{\"@type\":\"SearchAction\",\"target\":{\"@type\":\"EntryPoint\",\"urlTemplate\":\"https:\/\/potenciaradiofonicadominicana.com\/portal\/?s={search_term_string}\"},\"query-input\":{\"@type\":\"PropertyValueSpecification\",\"valueRequired\":true,\"valueName\":\"search_term_string\"}}],\"inLanguage\":\"es\"},{\"@type\":\"Organization\",\"@id\":\"https:\/\/potenciaradiofonicadominicana.com\/portal\/#organization\",\"name\":\"PotenciaRadiofonicaDominicana.com\",\"url\":\"https:\/\/potenciaradiofonicadominicana.com\/portal\/\",\"logo\":{\"@type\":\"ImageObject\",\"inLanguage\":\"es\",\"@id\":\"https:\/\/potenciaradiofonicadominicana.com\/portal\/#\/schema\/logo\/image\/\",\"url\":\"https:\/\/potenciaradiofonicadominicana.com\/portal\/wp-content\/uploads\/2022\/01\/descarga.png\",\"contentUrl\":\"https:\/\/potenciaradiofonicadominicana.com\/portal\/wp-content\/uploads\/2022\/01\/descarga.png\",\"width\":300,\"height\":100,\"caption\":\"PotenciaRadiofonicaDominicana.com\"},\"image\":{\"@id\":\"https:\/\/potenciaradiofonicadominicana.com\/portal\/#\/schema\/logo\/image\/\"},\"sameAs\":[\"https:\/\/web.facebook.com\/PotenciaRadiofonicaD\"]},{\"@type\":\"Person\",\"@id\":\"https:\/\/potenciaradiofonicadominicana.com\/portal\/#\/schema\/person\/a5cf1fea13877803ee0573ac18b03490\",\"name\":\"Potencia Radiof\u00f3nica Dominicana\",\"image\":{\"@type\":\"ImageObject\",\"inLanguage\":\"es\",\"@id\":\"https:\/\/potenciaradiofonicadominicana.com\/portal\/#\/schema\/person\/image\/\",\"url\":\"https:\/\/secure.gravatar.com\/avatar\/42a55ab9e8ccc656ba34cd791990602a?s=96&d=mm&r=g\",\"contentUrl\":\"https:\/\/secure.gravatar.com\/avatar\/42a55ab9e8ccc656ba34cd791990602a?s=96&d=mm&r=g\",\"caption\":\"Potencia Radiof\u00f3nica Dominicana\"},\"url\":\"https:\/\/potenciaradiofonicadominicana.com\/portal\/author\/johannyalmanzar\/\"}]}<\/script>\n<!-- \/ Yoast SEO plugin. -->","yoast_head_json":{"title":"Derek Barton: El qu\u00edmico del espacio molecular - PotenciaRadiofonicaDominicana.com","robots":{"index":"index","follow":"follow","max-snippet":"max-snippet:-1","max-image-preview":"max-image-preview:large","max-video-preview":"max-video-preview:-1"},"canonical":"https:\/\/potenciaradiofonicadominicana.com\/portal\/derek-barton-el-quimico-del-espacio-molecular\/","og_locale":"es_ES","og_type":"article","og_title":"Derek Barton: El qu\u00edmico del espacio molecular - PotenciaRadiofonicaDominicana.com","og_description":"(Foto:\u00a0National Portrait Gallery) &nbsp; &nbsp; \u00bfC\u00f3mo es posible que la simple orientaci\u00f3n de un \u00e1tomo en el espacio determine si ...","og_url":"https:\/\/potenciaradiofonicadominicana.com\/portal\/derek-barton-el-quimico-del-espacio-molecular\/","og_site_name":"PotenciaRadiofonicaDominicana.com","article_publisher":"https:\/\/web.facebook.com\/PotenciaRadiofonicaD","article_published_time":"2026-04-30T02:20:59+00:00","og_image":[{"width":434,"height":600,"url":"https:\/\/potenciaradiofonicadominicana.com\/portal\/wp-content\/uploads\/2026\/04\/6169_derek-harold-richard-barton.jpg","type":"image\/jpeg"}],"author":"Potencia Radiof\u00f3nica Dominicana","twitter_card":"summary_large_image","twitter_misc":{"Escrito por":"Potencia Radiof\u00f3nica Dominicana","Tiempo de lectura":"3 minutos"},"schema":{"@context":"https:\/\/schema.org","@graph":[{"@type":"Article","@id":"https:\/\/potenciaradiofonicadominicana.com\/portal\/derek-barton-el-quimico-del-espacio-molecular\/#article","isPartOf":{"@id":"https:\/\/potenciaradiofonicadominicana.com\/portal\/derek-barton-el-quimico-del-espacio-molecular\/"},"author":{"name":"Potencia Radiof\u00f3nica Dominicana","@id":"https:\/\/potenciaradiofonicadominicana.com\/portal\/#\/schema\/person\/a5cf1fea13877803ee0573ac18b03490"},"headline":"Derek Barton: El qu\u00edmico del espacio molecular","datePublished":"2026-04-30T02:20:59+00:00","mainEntityOfPage":{"@id":"https:\/\/potenciaradiofonicadominicana.com\/portal\/derek-barton-el-quimico-del-espacio-molecular\/"},"wordCount":608,"publisher":{"@id":"https:\/\/potenciaradiofonicadominicana.com\/portal\/#organization"},"image":{"@id":"https:\/\/potenciaradiofonicadominicana.com\/portal\/derek-barton-el-quimico-del-espacio-molecular\/#primaryimage"},"thumbnailUrl":"https:\/\/potenciaradiofonicadominicana.com\/portal\/wp-content\/uploads\/2026\/04\/6169_derek-harold-richard-barton.jpg","articleSection":["Ciencia y Tecnolog\u00eda"],"inLanguage":"es"},{"@type":"WebPage","@id":"https:\/\/potenciaradiofonicadominicana.com\/portal\/derek-barton-el-quimico-del-espacio-molecular\/","url":"https:\/\/potenciaradiofonicadominicana.com\/portal\/derek-barton-el-quimico-del-espacio-molecular\/","name":"Derek Barton: El qu\u00edmico del espacio molecular - PotenciaRadiofonicaDominicana.com","isPartOf":{"@id":"https:\/\/potenciaradiofonicadominicana.com\/portal\/#website"},"primaryImageOfPage":{"@id":"https:\/\/potenciaradiofonicadominicana.com\/portal\/derek-barton-el-quimico-del-espacio-molecular\/#primaryimage"},"image":{"@id":"https:\/\/potenciaradiofonicadominicana.com\/portal\/derek-barton-el-quimico-del-espacio-molecular\/#primaryimage"},"thumbnailUrl":"https:\/\/potenciaradiofonicadominicana.com\/portal\/wp-content\/uploads\/2026\/04\/6169_derek-harold-richard-barton.jpg","datePublished":"2026-04-30T02:20:59+00:00","breadcrumb":{"@id":"https:\/\/potenciaradiofonicadominicana.com\/portal\/derek-barton-el-quimico-del-espacio-molecular\/#breadcrumb"},"inLanguage":"es","potentialAction":[{"@type":"ReadAction","target":["https:\/\/potenciaradiofonicadominicana.com\/portal\/derek-barton-el-quimico-del-espacio-molecular\/"]}]},{"@type":"ImageObject","inLanguage":"es","@id":"https:\/\/potenciaradiofonicadominicana.com\/portal\/derek-barton-el-quimico-del-espacio-molecular\/#primaryimage","url":"https:\/\/potenciaradiofonicadominicana.com\/portal\/wp-content\/uploads\/2026\/04\/6169_derek-harold-richard-barton.jpg","contentUrl":"https:\/\/potenciaradiofonicadominicana.com\/portal\/wp-content\/uploads\/2026\/04\/6169_derek-harold-richard-barton.jpg","width":434,"height":600},{"@type":"BreadcrumbList","@id":"https:\/\/potenciaradiofonicadominicana.com\/portal\/derek-barton-el-quimico-del-espacio-molecular\/#breadcrumb","itemListElement":[{"@type":"ListItem","position":1,"name":"Portada","item":"https:\/\/potenciaradiofonicadominicana.com\/portal\/"},{"@type":"ListItem","position":2,"name":"Derek Barton: El qu\u00edmico del espacio molecular"}]},{"@type":"WebSite","@id":"https:\/\/potenciaradiofonicadominicana.com\/portal\/#website","url":"https:\/\/potenciaradiofonicadominicana.com\/portal\/","name":"PotenciaRadiofonicaDominicana.com","description":"Peri\u00f3dico Digital","publisher":{"@id":"https:\/\/potenciaradiofonicadominicana.com\/portal\/#organization"},"potentialAction":[{"@type":"SearchAction","target":{"@type":"EntryPoint","urlTemplate":"https:\/\/potenciaradiofonicadominicana.com\/portal\/?s={search_term_string}"},"query-input":{"@type":"PropertyValueSpecification","valueRequired":true,"valueName":"search_term_string"}}],"inLanguage":"es"},{"@type":"Organization","@id":"https:\/\/potenciaradiofonicadominicana.com\/portal\/#organization","name":"PotenciaRadiofonicaDominicana.com","url":"https:\/\/potenciaradiofonicadominicana.com\/portal\/","logo":{"@type":"ImageObject","inLanguage":"es","@id":"https:\/\/potenciaradiofonicadominicana.com\/portal\/#\/schema\/logo\/image\/","url":"https:\/\/potenciaradiofonicadominicana.com\/portal\/wp-content\/uploads\/2022\/01\/descarga.png","contentUrl":"https:\/\/potenciaradiofonicadominicana.com\/portal\/wp-content\/uploads\/2022\/01\/descarga.png","width":300,"height":100,"caption":"PotenciaRadiofonicaDominicana.com"},"image":{"@id":"https:\/\/potenciaradiofonicadominicana.com\/portal\/#\/schema\/logo\/image\/"},"sameAs":["https:\/\/web.facebook.com\/PotenciaRadiofonicaD"]},{"@type":"Person","@id":"https:\/\/potenciaradiofonicadominicana.com\/portal\/#\/schema\/person\/a5cf1fea13877803ee0573ac18b03490","name":"Potencia Radiof\u00f3nica Dominicana","image":{"@type":"ImageObject","inLanguage":"es","@id":"https:\/\/potenciaradiofonicadominicana.com\/portal\/#\/schema\/person\/image\/","url":"https:\/\/secure.gravatar.com\/avatar\/42a55ab9e8ccc656ba34cd791990602a?s=96&d=mm&r=g","contentUrl":"https:\/\/secure.gravatar.com\/avatar\/42a55ab9e8ccc656ba34cd791990602a?s=96&d=mm&r=g","caption":"Potencia Radiof\u00f3nica Dominicana"},"url":"https:\/\/potenciaradiofonicadominicana.com\/portal\/author\/johannyalmanzar\/"}]}},"_links":{"self":[{"href":"https:\/\/potenciaradiofonicadominicana.com\/portal\/wp-json\/wp\/v2\/posts\/216122","targetHints":{"allow":["GET"]}}],"collection":[{"href":"https:\/\/potenciaradiofonicadominicana.com\/portal\/wp-json\/wp\/v2\/posts"}],"about":[{"href":"https:\/\/potenciaradiofonicadominicana.com\/portal\/wp-json\/wp\/v2\/types\/post"}],"author":[{"embeddable":true,"href":"https:\/\/potenciaradiofonicadominicana.com\/portal\/wp-json\/wp\/v2\/users\/2"}],"replies":[{"embeddable":true,"href":"https:\/\/potenciaradiofonicadominicana.com\/portal\/wp-json\/wp\/v2\/comments?post=216122"}],"version-history":[{"count":1,"href":"https:\/\/potenciaradiofonicadominicana.com\/portal\/wp-json\/wp\/v2\/posts\/216122\/revisions"}],"predecessor-version":[{"id":216124,"href":"https:\/\/potenciaradiofonicadominicana.com\/portal\/wp-json\/wp\/v2\/posts\/216122\/revisions\/216124"}],"wp:featuredmedia":[{"embeddable":true,"href":"https:\/\/potenciaradiofonicadominicana.com\/portal\/wp-json\/wp\/v2\/media\/216123"}],"wp:attachment":[{"href":"https:\/\/potenciaradiofonicadominicana.com\/portal\/wp-json\/wp\/v2\/media?parent=216122"}],"wp:term":[{"taxonomy":"category","embeddable":true,"href":"https:\/\/potenciaradiofonicadominicana.com\/portal\/wp-json\/wp\/v2\/categories?post=216122"},{"taxonomy":"post_tag","embeddable":true,"href":"https:\/\/potenciaradiofonicadominicana.com\/portal\/wp-json\/wp\/v2\/tags?post=216122"}],"curies":[{"name":"wp","href":"https:\/\/api.w.org\/{rel}","templated":true}]}}