{"id":216119,"date":"2026-04-29T22:18:47","date_gmt":"2026-04-30T02:18:47","guid":{"rendered":"https:\/\/potenciaradiofonicadominicana.com\/portal\/?p=216119"},"modified":"2026-04-29T22:18:47","modified_gmt":"2026-04-30T02:18:47","slug":"aceleracion-de-particulas-que-desafia-leyes-de-la-fisica","status":"publish","type":"post","link":"https:\/\/potenciaradiofonicadominicana.com\/portal\/aceleracion-de-particulas-que-desafia-leyes-de-la-fisica\/","title":{"rendered":"Aceleraci\u00f3n de part\u00edculas que desaf\u00eda leyes de la f\u00edsica"},"content":{"rendered":"<p><a href=\"https:\/\/potenciaradiofonicadominicana.com\/portal\/wp-content\/uploads\/2026\/04\/8724_aceleracion-de-particulas-que-desafia-leyes.jpg\"><img loading=\"lazy\" decoding=\"async\" class=\"alignnone size-full wp-image-216120\" src=\"https:\/\/potenciaradiofonicadominicana.com\/portal\/wp-content\/uploads\/2026\/04\/8724_aceleracion-de-particulas-que-desafia-leyes.jpg\" alt=\"\" width=\"670\" height=\"634\" srcset=\"https:\/\/potenciaradiofonicadominicana.com\/portal\/wp-content\/uploads\/2026\/04\/8724_aceleracion-de-particulas-que-desafia-leyes.jpg 670w, https:\/\/potenciaradiofonicadominicana.com\/portal\/wp-content\/uploads\/2026\/04\/8724_aceleracion-de-particulas-que-desafia-leyes-300x284.jpg 300w\" sizes=\"auto, (max-width: 670px) 100vw, 670px\" \/><\/a><\/p>\n<p>Se ha detectado una emisi\u00f3n c\u00f3smica de rayos gamma del orden del petaelectronvoltio, concretamente 10<sup>15<\/sup>\u00a0electronvoltios. La fuente emisora es el \u201cviento\u201d generado por el p\u00falsar PSR J1849-0001 en una nebulosa. Este descubrimiento ha desconcertado a la comunidad cient\u00edfica porque la eficiencia de aceleraci\u00f3n de part\u00edculas calculada para esta estructura celeste se aproxima o incluso supera los l\u00edmites te\u00f3ricos permitidos en condiciones magnetohidrodin\u00e1micas ideales.<\/p>\n<p>&nbsp;<\/p>\n<p>La detecci\u00f3n se ha hecho mediante el observatorio LHAASO (Large High Altitude Air Shower Observatory), emplazado en China.<\/p>\n<p>&nbsp;<\/p>\n<p>Este estudio lo ha realizado la Colaboraci\u00f3n LHAASO, el equipo de cient\u00edficos que trabaja habitualmente con los datos recolectados por el LHAASO. El equipo incluye, entre muchos otros, a Ruoyu Liu, Kai Wang y Chaonan Tong, de la Universidad de Nank\u00edn en China, as\u00ed como Songzhan Chen y Lingyu Wang, del Instituto de F\u00edsica de Altas Energ\u00edas de la Academia China de Ciencias.<\/p>\n<div class=\"google-auto-placed ap_container\"><ins class=\"adsbygoogle adsbygoogle-noablate\" data-ad-format=\"auto\" data-ad-client=\"ca-pub-5663005764905852\" data-adsbygoogle-status=\"done\" data-ad-status=\"unfill-optimized\"><\/p>\n<div id=\"aswift_2_host\">\n<div class=\"google-aiuf\" data-google-ad-efd=\"true\">\n<div class=\"goog-rentries\">\n<div><\/div>\n<\/div>\n<\/div>\n<\/div>\n<p><\/ins><\/div>\n<p>Una nebulosa con viento de p\u00falsar es una espectacular estructura celeste de alta energ\u00eda que se forma cuando un p\u00falsar \u2014una estrella de neutrones magnetizada y de r\u00e1pida rotaci\u00f3n\u2014 expulsa un viento de part\u00edculas cargadas que se mueven a casi la velocidad de la luz hacia el espacio circundante, donde colisionan violentamente con el gas y el polvo de la nebulosa, haciendo que esta aumente su brillo.<\/p>\n<p>&nbsp;<\/p>\n<p>Uno de los ejemplos m\u00e1s famosos de nebulosa con viento de p\u00falsar es la nebulosa del Cangrejo. Est\u00e1 energizada por uno de los p\u00falsares m\u00e1s luminosos de la V\u00eda L\u00e1ctea. La Colaboraci\u00f3n LHAASO determin\u00f3 que su eficiencia de aceleraci\u00f3n de part\u00edculas alcanza como m\u00ednimo el 16% del l\u00edmite m\u00e1ximo te\u00f3rico.<\/p>\n<p>&nbsp;<\/p>\n<p>El presente estudio se centra en otra nebulosa con viento de p\u00falsar, energizada por el p\u00falsar PSR J1849-0001. Ubicado en la constelaci\u00f3n del \u00c1guila, PSR J1849-0001 tiene una luminosidad de desaceleraci\u00f3n de rotaci\u00f3n (o luminosidad de frenado) aproximadamente 50 veces menor que la del p\u00falsar de la Nebulosa del Cangrejo. En las teor\u00edas m\u00e1s aceptadas sobre la evoluci\u00f3n y las emisiones de nebulosas con viento de p\u00falsar, un valor menor en dicho par\u00e1metro suele corresponder a una menor luminosidad en la radiaci\u00f3n de alta energ\u00eda.<\/p>\n<div class=\"google-auto-placed ap_container\"><ins class=\"adsbygoogle adsbygoogle-noablate\" data-ad-format=\"auto\" data-ad-client=\"ca-pub-5663005764905852\" data-adsbygoogle-status=\"done\" data-ad-status=\"unfilled\"><\/p>\n<div id=\"aswift_3_host\"><\/div>\n<p><\/ins><\/div>\n<p>Sin embargo, las mediciones espectrales efectuadas por el LHAASO revelan que la luminosidad de rayos gamma de la nebulosa investigada en el rango de energ\u00edas del petaelectronvoltio es varias veces mayor que la de la nebulosa del Cangrejo. Esto indica que el sistema es sorprendentemente eficiente en la conversi\u00f3n de la energ\u00eda del viento del p\u00falsar en part\u00edculas de energ\u00eda ultraelevada.<\/p>\n<p>&nbsp;<\/p>\n<p><span class=\"RichTextAlignCenter citewrapper\"><img decoding=\"async\" class=\"RichTextAlignCenter\" src=\"https:\/\/noticiasdelaciencia.com\/upload\/images\/04_2026\/8724_aceleracion-de-particulas-que-desafia-leyes.jpg\" alt=\"[Img #78619]\" \/><\/span><\/p>\n<div class=\"imagefooterprint\"><\/div>\n<p>Recreaci\u00f3n art\u00edstica de PSR J1849-0001 en su nebulosa provocando la emisi\u00f3n observada de fotones gamma de muy alta energ\u00eda. (Ilustraci\u00f3n: LHAASO Collaboration)<\/p>\n<div class=\"google-auto-placed ap_container\"><ins class=\"adsbygoogle adsbygoogle-noablate\" data-ad-format=\"auto\" data-ad-client=\"ca-pub-5663005764905852\" data-adsbygoogle-status=\"done\" data-ad-status=\"unfill-optimized\"><\/p>\n<div id=\"aswift_4_host\">\n<div class=\"google-aiuf\" data-google-ad-efd=\"true\">\n<div class=\"goog-rentries\">\n<div><\/div>\n<\/div>\n<\/div>\n<\/div>\n<p><\/ins><\/div>\n<p>Mediante observaciones multiespectrales, incluyendo datos de rayos X, los investigadores corroboraron que la eficiencia de aceleraci\u00f3n de part\u00edculas en la nebulosa supera a la de la nebulosa del Cangrejo.<\/p>\n<p>&nbsp;<\/p>\n<p>Estos sorprendentes resultados desaf\u00edan las teor\u00edas actuales sobre la aceleraci\u00f3n de part\u00edculas en nebulosas con viento de p\u00falsar. Seg\u00fan los modelos convencionales, se supone que la aceleraci\u00f3n de part\u00edculas ocurre en el frente de choque de terminaci\u00f3n, la regi\u00f3n donde el viento del p\u00falsar se desacelera bruscamente al colisionar con una mayor cantidad de materia de la nebulosa circundante. Sin embargo, si las energ\u00edas de las part\u00edculas observadas se generasen en esta ubicaci\u00f3n, la eficiencia de aceleraci\u00f3n requerida superar\u00eda el 100%, lo cual es f\u00edsicamente imposible. En consecuencia, esta discrepancia sugiere que el modelo est\u00e1ndar de frente de choque de terminaci\u00f3n no puede explicar completamente la emisi\u00f3n observada.<\/p>\n<p>&nbsp;<\/p>\n<p>El estudio se titula \u201cAn extreme particle accelerator powered by pulsar PSR J1849\u22120001\u201d. Y se ha publicado en la revista acad\u00e9mica Nature Astronomy. (Fuente:\u00a0<a href=\"https:\/\/noticiasdelaciencia.com\/\">NCYT de Amazings<\/a>)<\/p>\n","protected":false},"excerpt":{"rendered":"<p>Se ha detectado una emisi\u00f3n c\u00f3smica de rayos gamma del orden del petaelectronvoltio, concretamente 1015\u00a0electronvoltios. La fuente emisora es el &#8230;<\/p>\n","protected":false},"author":2,"featured_media":216120,"comment_status":"closed","ping_status":"closed","sticky":false,"template":"","format":"standard","meta":{"footnotes":""},"categories":[14],"tags":[],"class_list":["post-216119","post","type-post","status-publish","format-standard","has-post-thumbnail","hentry","category-ciencia-y-tecnologia"],"yoast_head":"<!-- This site is optimized with the Yoast SEO plugin v24.8.1 - https:\/\/yoast.com\/wordpress\/plugins\/seo\/ -->\n<title>Aceleraci\u00f3n de part\u00edculas que desaf\u00eda leyes de la f\u00edsica - PotenciaRadiofonicaDominicana.com<\/title>\n<meta name=\"robots\" content=\"index, follow, max-snippet:-1, max-image-preview:large, max-video-preview:-1\" \/>\n<link rel=\"canonical\" href=\"https:\/\/potenciaradiofonicadominicana.com\/portal\/aceleracion-de-particulas-que-desafia-leyes-de-la-fisica\/\" \/>\n<meta property=\"og:locale\" content=\"es_ES\" \/>\n<meta property=\"og:type\" content=\"article\" \/>\n<meta property=\"og:title\" content=\"Aceleraci\u00f3n de part\u00edculas que desaf\u00eda leyes de la f\u00edsica - PotenciaRadiofonicaDominicana.com\" \/>\n<meta property=\"og:description\" content=\"Se ha detectado una emisi\u00f3n c\u00f3smica de rayos gamma del orden del petaelectronvoltio, concretamente 1015\u00a0electronvoltios. La fuente emisora es el ...\" \/>\n<meta property=\"og:url\" content=\"https:\/\/potenciaradiofonicadominicana.com\/portal\/aceleracion-de-particulas-que-desafia-leyes-de-la-fisica\/\" \/>\n<meta property=\"og:site_name\" content=\"PotenciaRadiofonicaDominicana.com\" \/>\n<meta property=\"article:publisher\" content=\"https:\/\/web.facebook.com\/PotenciaRadiofonicaD\" \/>\n<meta property=\"article:published_time\" content=\"2026-04-30T02:18:47+00:00\" \/>\n<meta property=\"og:image\" content=\"https:\/\/potenciaradiofonicadominicana.com\/portal\/wp-content\/uploads\/2026\/04\/8724_aceleracion-de-particulas-que-desafia-leyes.jpg\" \/>\n\t<meta property=\"og:image:width\" content=\"670\" \/>\n\t<meta property=\"og:image:height\" content=\"634\" \/>\n\t<meta property=\"og:image:type\" content=\"image\/jpeg\" \/>\n<meta name=\"author\" content=\"Potencia Radiof\u00f3nica Dominicana\" \/>\n<meta name=\"twitter:card\" content=\"summary_large_image\" \/>\n<meta name=\"twitter:label1\" content=\"Escrito por\" \/>\n\t<meta name=\"twitter:data1\" content=\"Potencia Radiof\u00f3nica Dominicana\" \/>\n\t<meta name=\"twitter:label2\" content=\"Tiempo de lectura\" \/>\n\t<meta name=\"twitter:data2\" content=\"4 minutos\" \/>\n<script type=\"application\/ld+json\" class=\"yoast-schema-graph\">{\"@context\":\"https:\/\/schema.org\",\"@graph\":[{\"@type\":\"Article\",\"@id\":\"https:\/\/potenciaradiofonicadominicana.com\/portal\/aceleracion-de-particulas-que-desafia-leyes-de-la-fisica\/#article\",\"isPartOf\":{\"@id\":\"https:\/\/potenciaradiofonicadominicana.com\/portal\/aceleracion-de-particulas-que-desafia-leyes-de-la-fisica\/\"},\"author\":{\"name\":\"Potencia Radiof\u00f3nica Dominicana\",\"@id\":\"https:\/\/potenciaradiofonicadominicana.com\/portal\/#\/schema\/person\/a5cf1fea13877803ee0573ac18b03490\"},\"headline\":\"Aceleraci\u00f3n de part\u00edculas que desaf\u00eda leyes de la f\u00edsica\",\"datePublished\":\"2026-04-30T02:18:47+00:00\",\"mainEntityOfPage\":{\"@id\":\"https:\/\/potenciaradiofonicadominicana.com\/portal\/aceleracion-de-particulas-que-desafia-leyes-de-la-fisica\/\"},\"wordCount\":695,\"publisher\":{\"@id\":\"https:\/\/potenciaradiofonicadominicana.com\/portal\/#organization\"},\"image\":{\"@id\":\"https:\/\/potenciaradiofonicadominicana.com\/portal\/aceleracion-de-particulas-que-desafia-leyes-de-la-fisica\/#primaryimage\"},\"thumbnailUrl\":\"https:\/\/potenciaradiofonicadominicana.com\/portal\/wp-content\/uploads\/2026\/04\/8724_aceleracion-de-particulas-que-desafia-leyes.jpg\",\"articleSection\":[\"Ciencia y Tecnolog\u00eda\"],\"inLanguage\":\"es\"},{\"@type\":\"WebPage\",\"@id\":\"https:\/\/potenciaradiofonicadominicana.com\/portal\/aceleracion-de-particulas-que-desafia-leyes-de-la-fisica\/\",\"url\":\"https:\/\/potenciaradiofonicadominicana.com\/portal\/aceleracion-de-particulas-que-desafia-leyes-de-la-fisica\/\",\"name\":\"Aceleraci\u00f3n de part\u00edculas que desaf\u00eda leyes de la f\u00edsica - PotenciaRadiofonicaDominicana.com\",\"isPartOf\":{\"@id\":\"https:\/\/potenciaradiofonicadominicana.com\/portal\/#website\"},\"primaryImageOfPage\":{\"@id\":\"https:\/\/potenciaradiofonicadominicana.com\/portal\/aceleracion-de-particulas-que-desafia-leyes-de-la-fisica\/#primaryimage\"},\"image\":{\"@id\":\"https:\/\/potenciaradiofonicadominicana.com\/portal\/aceleracion-de-particulas-que-desafia-leyes-de-la-fisica\/#primaryimage\"},\"thumbnailUrl\":\"https:\/\/potenciaradiofonicadominicana.com\/portal\/wp-content\/uploads\/2026\/04\/8724_aceleracion-de-particulas-que-desafia-leyes.jpg\",\"datePublished\":\"2026-04-30T02:18:47+00:00\",\"breadcrumb\":{\"@id\":\"https:\/\/potenciaradiofonicadominicana.com\/portal\/aceleracion-de-particulas-que-desafia-leyes-de-la-fisica\/#breadcrumb\"},\"inLanguage\":\"es\",\"potentialAction\":[{\"@type\":\"ReadAction\",\"target\":[\"https:\/\/potenciaradiofonicadominicana.com\/portal\/aceleracion-de-particulas-que-desafia-leyes-de-la-fisica\/\"]}]},{\"@type\":\"ImageObject\",\"inLanguage\":\"es\",\"@id\":\"https:\/\/potenciaradiofonicadominicana.com\/portal\/aceleracion-de-particulas-que-desafia-leyes-de-la-fisica\/#primaryimage\",\"url\":\"https:\/\/potenciaradiofonicadominicana.com\/portal\/wp-content\/uploads\/2026\/04\/8724_aceleracion-de-particulas-que-desafia-leyes.jpg\",\"contentUrl\":\"https:\/\/potenciaradiofonicadominicana.com\/portal\/wp-content\/uploads\/2026\/04\/8724_aceleracion-de-particulas-que-desafia-leyes.jpg\",\"width\":670,\"height\":634},{\"@type\":\"BreadcrumbList\",\"@id\":\"https:\/\/potenciaradiofonicadominicana.com\/portal\/aceleracion-de-particulas-que-desafia-leyes-de-la-fisica\/#breadcrumb\",\"itemListElement\":[{\"@type\":\"ListItem\",\"position\":1,\"name\":\"Portada\",\"item\":\"https:\/\/potenciaradiofonicadominicana.com\/portal\/\"},{\"@type\":\"ListItem\",\"position\":2,\"name\":\"Aceleraci\u00f3n de part\u00edculas que desaf\u00eda leyes de la f\u00edsica\"}]},{\"@type\":\"WebSite\",\"@id\":\"https:\/\/potenciaradiofonicadominicana.com\/portal\/#website\",\"url\":\"https:\/\/potenciaradiofonicadominicana.com\/portal\/\",\"name\":\"PotenciaRadiofonicaDominicana.com\",\"description\":\"Peri\u00f3dico Digital\",\"publisher\":{\"@id\":\"https:\/\/potenciaradiofonicadominicana.com\/portal\/#organization\"},\"potentialAction\":[{\"@type\":\"SearchAction\",\"target\":{\"@type\":\"EntryPoint\",\"urlTemplate\":\"https:\/\/potenciaradiofonicadominicana.com\/portal\/?s={search_term_string}\"},\"query-input\":{\"@type\":\"PropertyValueSpecification\",\"valueRequired\":true,\"valueName\":\"search_term_string\"}}],\"inLanguage\":\"es\"},{\"@type\":\"Organization\",\"@id\":\"https:\/\/potenciaradiofonicadominicana.com\/portal\/#organization\",\"name\":\"PotenciaRadiofonicaDominicana.com\",\"url\":\"https:\/\/potenciaradiofonicadominicana.com\/portal\/\",\"logo\":{\"@type\":\"ImageObject\",\"inLanguage\":\"es\",\"@id\":\"https:\/\/potenciaradiofonicadominicana.com\/portal\/#\/schema\/logo\/image\/\",\"url\":\"https:\/\/potenciaradiofonicadominicana.com\/portal\/wp-content\/uploads\/2022\/01\/descarga.png\",\"contentUrl\":\"https:\/\/potenciaradiofonicadominicana.com\/portal\/wp-content\/uploads\/2022\/01\/descarga.png\",\"width\":300,\"height\":100,\"caption\":\"PotenciaRadiofonicaDominicana.com\"},\"image\":{\"@id\":\"https:\/\/potenciaradiofonicadominicana.com\/portal\/#\/schema\/logo\/image\/\"},\"sameAs\":[\"https:\/\/web.facebook.com\/PotenciaRadiofonicaD\"]},{\"@type\":\"Person\",\"@id\":\"https:\/\/potenciaradiofonicadominicana.com\/portal\/#\/schema\/person\/a5cf1fea13877803ee0573ac18b03490\",\"name\":\"Potencia Radiof\u00f3nica Dominicana\",\"image\":{\"@type\":\"ImageObject\",\"inLanguage\":\"es\",\"@id\":\"https:\/\/potenciaradiofonicadominicana.com\/portal\/#\/schema\/person\/image\/\",\"url\":\"https:\/\/secure.gravatar.com\/avatar\/42a55ab9e8ccc656ba34cd791990602a?s=96&d=mm&r=g\",\"contentUrl\":\"https:\/\/secure.gravatar.com\/avatar\/42a55ab9e8ccc656ba34cd791990602a?s=96&d=mm&r=g\",\"caption\":\"Potencia Radiof\u00f3nica Dominicana\"},\"url\":\"https:\/\/potenciaradiofonicadominicana.com\/portal\/author\/johannyalmanzar\/\"}]}<\/script>\n<!-- \/ Yoast SEO plugin. -->","yoast_head_json":{"title":"Aceleraci\u00f3n de part\u00edculas que desaf\u00eda leyes de la f\u00edsica - PotenciaRadiofonicaDominicana.com","robots":{"index":"index","follow":"follow","max-snippet":"max-snippet:-1","max-image-preview":"max-image-preview:large","max-video-preview":"max-video-preview:-1"},"canonical":"https:\/\/potenciaradiofonicadominicana.com\/portal\/aceleracion-de-particulas-que-desafia-leyes-de-la-fisica\/","og_locale":"es_ES","og_type":"article","og_title":"Aceleraci\u00f3n de part\u00edculas que desaf\u00eda leyes de la f\u00edsica - PotenciaRadiofonicaDominicana.com","og_description":"Se ha detectado una emisi\u00f3n c\u00f3smica de rayos gamma del orden del petaelectronvoltio, concretamente 1015\u00a0electronvoltios. La fuente emisora es el ...","og_url":"https:\/\/potenciaradiofonicadominicana.com\/portal\/aceleracion-de-particulas-que-desafia-leyes-de-la-fisica\/","og_site_name":"PotenciaRadiofonicaDominicana.com","article_publisher":"https:\/\/web.facebook.com\/PotenciaRadiofonicaD","article_published_time":"2026-04-30T02:18:47+00:00","og_image":[{"width":670,"height":634,"url":"https:\/\/potenciaradiofonicadominicana.com\/portal\/wp-content\/uploads\/2026\/04\/8724_aceleracion-de-particulas-que-desafia-leyes.jpg","type":"image\/jpeg"}],"author":"Potencia Radiof\u00f3nica Dominicana","twitter_card":"summary_large_image","twitter_misc":{"Escrito por":"Potencia Radiof\u00f3nica Dominicana","Tiempo de lectura":"4 minutos"},"schema":{"@context":"https:\/\/schema.org","@graph":[{"@type":"Article","@id":"https:\/\/potenciaradiofonicadominicana.com\/portal\/aceleracion-de-particulas-que-desafia-leyes-de-la-fisica\/#article","isPartOf":{"@id":"https:\/\/potenciaradiofonicadominicana.com\/portal\/aceleracion-de-particulas-que-desafia-leyes-de-la-fisica\/"},"author":{"name":"Potencia Radiof\u00f3nica Dominicana","@id":"https:\/\/potenciaradiofonicadominicana.com\/portal\/#\/schema\/person\/a5cf1fea13877803ee0573ac18b03490"},"headline":"Aceleraci\u00f3n de part\u00edculas que desaf\u00eda leyes de la f\u00edsica","datePublished":"2026-04-30T02:18:47+00:00","mainEntityOfPage":{"@id":"https:\/\/potenciaradiofonicadominicana.com\/portal\/aceleracion-de-particulas-que-desafia-leyes-de-la-fisica\/"},"wordCount":695,"publisher":{"@id":"https:\/\/potenciaradiofonicadominicana.com\/portal\/#organization"},"image":{"@id":"https:\/\/potenciaradiofonicadominicana.com\/portal\/aceleracion-de-particulas-que-desafia-leyes-de-la-fisica\/#primaryimage"},"thumbnailUrl":"https:\/\/potenciaradiofonicadominicana.com\/portal\/wp-content\/uploads\/2026\/04\/8724_aceleracion-de-particulas-que-desafia-leyes.jpg","articleSection":["Ciencia y Tecnolog\u00eda"],"inLanguage":"es"},{"@type":"WebPage","@id":"https:\/\/potenciaradiofonicadominicana.com\/portal\/aceleracion-de-particulas-que-desafia-leyes-de-la-fisica\/","url":"https:\/\/potenciaradiofonicadominicana.com\/portal\/aceleracion-de-particulas-que-desafia-leyes-de-la-fisica\/","name":"Aceleraci\u00f3n de part\u00edculas que desaf\u00eda leyes de la f\u00edsica - PotenciaRadiofonicaDominicana.com","isPartOf":{"@id":"https:\/\/potenciaradiofonicadominicana.com\/portal\/#website"},"primaryImageOfPage":{"@id":"https:\/\/potenciaradiofonicadominicana.com\/portal\/aceleracion-de-particulas-que-desafia-leyes-de-la-fisica\/#primaryimage"},"image":{"@id":"https:\/\/potenciaradiofonicadominicana.com\/portal\/aceleracion-de-particulas-que-desafia-leyes-de-la-fisica\/#primaryimage"},"thumbnailUrl":"https:\/\/potenciaradiofonicadominicana.com\/portal\/wp-content\/uploads\/2026\/04\/8724_aceleracion-de-particulas-que-desafia-leyes.jpg","datePublished":"2026-04-30T02:18:47+00:00","breadcrumb":{"@id":"https:\/\/potenciaradiofonicadominicana.com\/portal\/aceleracion-de-particulas-que-desafia-leyes-de-la-fisica\/#breadcrumb"},"inLanguage":"es","potentialAction":[{"@type":"ReadAction","target":["https:\/\/potenciaradiofonicadominicana.com\/portal\/aceleracion-de-particulas-que-desafia-leyes-de-la-fisica\/"]}]},{"@type":"ImageObject","inLanguage":"es","@id":"https:\/\/potenciaradiofonicadominicana.com\/portal\/aceleracion-de-particulas-que-desafia-leyes-de-la-fisica\/#primaryimage","url":"https:\/\/potenciaradiofonicadominicana.com\/portal\/wp-content\/uploads\/2026\/04\/8724_aceleracion-de-particulas-que-desafia-leyes.jpg","contentUrl":"https:\/\/potenciaradiofonicadominicana.com\/portal\/wp-content\/uploads\/2026\/04\/8724_aceleracion-de-particulas-que-desafia-leyes.jpg","width":670,"height":634},{"@type":"BreadcrumbList","@id":"https:\/\/potenciaradiofonicadominicana.com\/portal\/aceleracion-de-particulas-que-desafia-leyes-de-la-fisica\/#breadcrumb","itemListElement":[{"@type":"ListItem","position":1,"name":"Portada","item":"https:\/\/potenciaradiofonicadominicana.com\/portal\/"},{"@type":"ListItem","position":2,"name":"Aceleraci\u00f3n de part\u00edculas que desaf\u00eda leyes de la f\u00edsica"}]},{"@type":"WebSite","@id":"https:\/\/potenciaradiofonicadominicana.com\/portal\/#website","url":"https:\/\/potenciaradiofonicadominicana.com\/portal\/","name":"PotenciaRadiofonicaDominicana.com","description":"Peri\u00f3dico Digital","publisher":{"@id":"https:\/\/potenciaradiofonicadominicana.com\/portal\/#organization"},"potentialAction":[{"@type":"SearchAction","target":{"@type":"EntryPoint","urlTemplate":"https:\/\/potenciaradiofonicadominicana.com\/portal\/?s={search_term_string}"},"query-input":{"@type":"PropertyValueSpecification","valueRequired":true,"valueName":"search_term_string"}}],"inLanguage":"es"},{"@type":"Organization","@id":"https:\/\/potenciaradiofonicadominicana.com\/portal\/#organization","name":"PotenciaRadiofonicaDominicana.com","url":"https:\/\/potenciaradiofonicadominicana.com\/portal\/","logo":{"@type":"ImageObject","inLanguage":"es","@id":"https:\/\/potenciaradiofonicadominicana.com\/portal\/#\/schema\/logo\/image\/","url":"https:\/\/potenciaradiofonicadominicana.com\/portal\/wp-content\/uploads\/2022\/01\/descarga.png","contentUrl":"https:\/\/potenciaradiofonicadominicana.com\/portal\/wp-content\/uploads\/2022\/01\/descarga.png","width":300,"height":100,"caption":"PotenciaRadiofonicaDominicana.com"},"image":{"@id":"https:\/\/potenciaradiofonicadominicana.com\/portal\/#\/schema\/logo\/image\/"},"sameAs":["https:\/\/web.facebook.com\/PotenciaRadiofonicaD"]},{"@type":"Person","@id":"https:\/\/potenciaradiofonicadominicana.com\/portal\/#\/schema\/person\/a5cf1fea13877803ee0573ac18b03490","name":"Potencia Radiof\u00f3nica Dominicana","image":{"@type":"ImageObject","inLanguage":"es","@id":"https:\/\/potenciaradiofonicadominicana.com\/portal\/#\/schema\/person\/image\/","url":"https:\/\/secure.gravatar.com\/avatar\/42a55ab9e8ccc656ba34cd791990602a?s=96&d=mm&r=g","contentUrl":"https:\/\/secure.gravatar.com\/avatar\/42a55ab9e8ccc656ba34cd791990602a?s=96&d=mm&r=g","caption":"Potencia Radiof\u00f3nica Dominicana"},"url":"https:\/\/potenciaradiofonicadominicana.com\/portal\/author\/johannyalmanzar\/"}]}},"_links":{"self":[{"href":"https:\/\/potenciaradiofonicadominicana.com\/portal\/wp-json\/wp\/v2\/posts\/216119","targetHints":{"allow":["GET"]}}],"collection":[{"href":"https:\/\/potenciaradiofonicadominicana.com\/portal\/wp-json\/wp\/v2\/posts"}],"about":[{"href":"https:\/\/potenciaradiofonicadominicana.com\/portal\/wp-json\/wp\/v2\/types\/post"}],"author":[{"embeddable":true,"href":"https:\/\/potenciaradiofonicadominicana.com\/portal\/wp-json\/wp\/v2\/users\/2"}],"replies":[{"embeddable":true,"href":"https:\/\/potenciaradiofonicadominicana.com\/portal\/wp-json\/wp\/v2\/comments?post=216119"}],"version-history":[{"count":1,"href":"https:\/\/potenciaradiofonicadominicana.com\/portal\/wp-json\/wp\/v2\/posts\/216119\/revisions"}],"predecessor-version":[{"id":216121,"href":"https:\/\/potenciaradiofonicadominicana.com\/portal\/wp-json\/wp\/v2\/posts\/216119\/revisions\/216121"}],"wp:featuredmedia":[{"embeddable":true,"href":"https:\/\/potenciaradiofonicadominicana.com\/portal\/wp-json\/wp\/v2\/media\/216120"}],"wp:attachment":[{"href":"https:\/\/potenciaradiofonicadominicana.com\/portal\/wp-json\/wp\/v2\/media?parent=216119"}],"wp:term":[{"taxonomy":"category","embeddable":true,"href":"https:\/\/potenciaradiofonicadominicana.com\/portal\/wp-json\/wp\/v2\/categories?post=216119"},{"taxonomy":"post_tag","embeddable":true,"href":"https:\/\/potenciaradiofonicadominicana.com\/portal\/wp-json\/wp\/v2\/tags?post=216119"}],"curies":[{"name":"wp","href":"https:\/\/api.w.org\/{rel}","templated":true}]}}