{"id":216116,"date":"2026-04-29T22:14:27","date_gmt":"2026-04-30T02:14:27","guid":{"rendered":"https:\/\/potenciaradiofonicadominicana.com\/portal\/?p=216116"},"modified":"2026-04-29T22:14:27","modified_gmt":"2026-04-30T02:14:27","slug":"creacion-de-un-laser-de-vibraciones-y-no-de-luz","status":"publish","type":"post","link":"https:\/\/potenciaradiofonicadominicana.com\/portal\/creacion-de-un-laser-de-vibraciones-y-no-de-luz\/","title":{"rendered":"Creaci\u00f3n de un l\u00e1ser de vibraciones y no de luz"},"content":{"rendered":"<p><a href=\"https:\/\/potenciaradiofonicadominicana.com\/portal\/wp-content\/uploads\/2026\/04\/9159_creacion-de-un-laser-de-vibraciones.jpg\"><img loading=\"lazy\" decoding=\"async\" class=\"alignnone size-full wp-image-216117\" src=\"https:\/\/potenciaradiofonicadominicana.com\/portal\/wp-content\/uploads\/2026\/04\/9159_creacion-de-un-laser-de-vibraciones.jpg\" alt=\"\" width=\"670\" height=\"579\" srcset=\"https:\/\/potenciaradiofonicadominicana.com\/portal\/wp-content\/uploads\/2026\/04\/9159_creacion-de-un-laser-de-vibraciones.jpg 670w, https:\/\/potenciaradiofonicadominicana.com\/portal\/wp-content\/uploads\/2026\/04\/9159_creacion-de-un-laser-de-vibraciones-300x259.jpg 300w\" sizes=\"auto, (max-width: 670px) 100vw, 670px\" \/><\/a><\/p>\n<p>Unos cient\u00edficos han desarrollado un innovador dispositivo que genera vibraciones similares al sonido conocidas como fonones, de un modo tal que permite generar un haz como el de la luz l\u00e1ser.<\/p>\n<p>&nbsp;<\/p>\n<p>El trabajo lo ha realizado un equipo integrado, entre otros, por Michael Hilke y Zi Tong Wang, de la Universidad McGill en Canad\u00e1.<\/p>\n<p>&nbsp;<\/p>\n<p>El dispositivo fue fabricado y probado en dicha universidad y en el Consejo Nacional de Investigaci\u00f3n de Canad\u00e1. El metamaterial principal del que est\u00e1 hecho fue sintetizado en la Universidad de Princeton, Estados Unidos.<\/p>\n<p>&nbsp;<\/p>\n<p>El dispositivo funciona enviando una corriente el\u00e9ctrica a trav\u00e9s de una capa bidimensional (con grosor at\u00f3mico) de cristal, atrapando electrones en un canal dentro de un \u00e1rea de s\u00f3lo unos pocos \u00e1tomos de espesor. Los investigadores descubrieron que cuando los electrones son empujados con suficiente fuerza a trav\u00e9s de este canal, liberan energ\u00eda en forma de r\u00e1fagas de fonones, en patrones predecibles y sintonizables.<\/p>\n<div class=\"google-auto-placed ap_container\"><ins class=\"adsbygoogle adsbygoogle-noablate\" data-ad-format=\"auto\" data-ad-client=\"ca-pub-5663005764905852\" data-adsbygoogle-status=\"done\" data-ad-status=\"unfill-optimized\"><\/p>\n<div id=\"aswift_2_host\">\n<div class=\"google-aiuf\" data-google-ad-efd=\"true\">\n<div class=\"goog-rentries\">\n<div><\/div>\n<\/div>\n<\/div>\n<\/div>\n<p><\/ins><\/div>\n<p>Esto se consigue enfriando el dispositivo a temperaturas de entre 10 mil\u00e9simas de grado y 3,9 grados por encima del cero absoluto. El cero absoluto (273,15 grados cent\u00edgrados bajo cero) es la temperatura m\u00e1s baja que permiten las leyes de la f\u00edsica. Dentro de la citada franja de temperaturas usada por el equipo, los electrones se comportan de manera muy predecible y tambi\u00e9n es posible observar efectos cu\u00e1nticos, que ocurren cuando la materia se comporta como ondas en vez de como part\u00edculas s\u00f3lidas.<\/p>\n<p>&nbsp;<\/p>\n<p>A temperaturas cercanas al cero absoluto, donde la f\u00edsica cu\u00e1ntica cobra especial relevancia, no se crea sonido ni nada comparable a menos que los electrones viajen colectivamente a la velocidad adecuada. \u201cEn investigaciones anteriores, se observaron efectos relacionados a medida que las velocidades de los electrones se acercaban a la barrera del sonido\u201d, explica Hilke. \u201cEn nuestro estudio, llevamos el sistema mucho m\u00e1s all\u00e1 de ese punto y demostramos que las teor\u00edas existentes deben reevaluarse considerando que los electrones pueden alcanzar temperaturas muy elevadas incluso si el cristal hospedador tiene una temperatura cercana al cero absoluto.<\/p>\n<p>&nbsp;<\/p>\n<p><span class=\"RichTextAlignCenter citewrapper\"><img decoding=\"async\" class=\"RichTextAlignCenter\" src=\"https:\/\/noticiasdelaciencia.com\/upload\/images\/04_2026\/9159_creacion-de-un-laser-de-vibraciones.jpg\" alt=\"[Img #78620]\" \/><\/span><\/p>\n<div class=\"imagefooterprint\"><\/div>\n<p>El nuevo dispositivo funciona enviando una corriente el\u00e9ctrica a trav\u00e9s de una capa bidimensional de cristal, atrapando los electrones en un canal dentro de un \u00e1rea de tan solo unos pocos \u00e1tomos de grosor. (Foto: Michael Hilke et al.)<\/p>\n<div class=\"google-auto-placed ap_container\"><ins class=\"adsbygoogle adsbygoogle-noablate\" data-ad-format=\"auto\" data-ad-client=\"ca-pub-5663005764905852\" data-adsbygoogle-status=\"done\" data-ad-status=\"unfill-optimized\"><\/p>\n<div id=\"aswift_4_host\">\n<div class=\"google-aiuf\" data-google-ad-efd=\"true\">\n<div class=\"goog-rentries\">\n<div><\/div>\n<\/div>\n<\/div>\n<\/div>\n<p><\/ins><\/div>\n<p>El siguiente paso en esta l\u00ednea de investigaci\u00f3n y desarrollo consistir\u00e1 en explorar c\u00f3mo la construcci\u00f3n del dispositivo con otros materiales, como el grafeno, permitir\u00eda que funcionara todav\u00eda m\u00e1s r\u00e1pido.<\/p>\n<p>&nbsp;<\/p>\n<p>Las aplicaciones pr\u00e1cticas de los fonones debidamente controlados son innumerables. Abarcar\u00edan campos como las telecomunicaciones, los sensores, el dise\u00f1o de nuevos materiales, y diversas tecnolog\u00edas m\u00e9dicas.<\/p>\n<p>&nbsp;<\/p>\n<p>En el caso de las telecomunicaciones submarinas, por ejemplo, un uso id\u00f3neo de fonones podr\u00eda revolucionarlas por completo. \u201cLas telecomunicaciones modernas se basan en gran medida en ondas electromagn\u00e9ticas y corrientes el\u00e9ctricas. En un medio como el mar\u00edtimo, el sonido puede viajar a distancias considerables, mientras que las ondas electromagn\u00e9ticas y las corrientes el\u00e9ctricas no pueden\u201d, argumenta Hilke.<\/p>\n<p>&nbsp;<\/p>\n<p>Hilke y sus colegas exponen los detalles t\u00e9cnicos de su nuevo dispositivo en la revista acad\u00e9mica Physical Review Letters, bajo el t\u00edtulo \u201cResonant Magnetophonon Emission by Supersonic Electrons in Ultrahigh-Mobility Two-Dimensional Systems\u201d. (Fuente:\u00a0<a href=\"https:\/\/noticiasdelaciencia.com\/\">NCYT de Amazings<\/a>)<\/p>\n","protected":false},"excerpt":{"rendered":"<p>Unos cient\u00edficos han desarrollado un innovador dispositivo que genera vibraciones similares al sonido conocidas como fonones, de un modo tal &#8230;<\/p>\n","protected":false},"author":2,"featured_media":216117,"comment_status":"closed","ping_status":"closed","sticky":false,"template":"","format":"standard","meta":{"footnotes":""},"categories":[14],"tags":[],"class_list":["post-216116","post","type-post","status-publish","format-standard","has-post-thumbnail","hentry","category-ciencia-y-tecnologia"],"yoast_head":"<!-- This site is optimized with the Yoast SEO plugin v24.8.1 - https:\/\/yoast.com\/wordpress\/plugins\/seo\/ -->\n<title>Creaci\u00f3n de un l\u00e1ser de vibraciones y no de luz - PotenciaRadiofonicaDominicana.com<\/title>\n<meta name=\"robots\" content=\"index, follow, max-snippet:-1, max-image-preview:large, max-video-preview:-1\" \/>\n<link rel=\"canonical\" href=\"https:\/\/potenciaradiofonicadominicana.com\/portal\/creacion-de-un-laser-de-vibraciones-y-no-de-luz\/\" \/>\n<meta property=\"og:locale\" content=\"es_ES\" \/>\n<meta property=\"og:type\" content=\"article\" \/>\n<meta property=\"og:title\" content=\"Creaci\u00f3n de un l\u00e1ser de vibraciones y no de luz - PotenciaRadiofonicaDominicana.com\" \/>\n<meta property=\"og:description\" content=\"Unos cient\u00edficos han desarrollado un innovador dispositivo que genera vibraciones similares al sonido conocidas como fonones, de un modo tal ...\" \/>\n<meta property=\"og:url\" content=\"https:\/\/potenciaradiofonicadominicana.com\/portal\/creacion-de-un-laser-de-vibraciones-y-no-de-luz\/\" \/>\n<meta property=\"og:site_name\" content=\"PotenciaRadiofonicaDominicana.com\" \/>\n<meta property=\"article:publisher\" content=\"https:\/\/web.facebook.com\/PotenciaRadiofonicaD\" \/>\n<meta property=\"article:published_time\" content=\"2026-04-30T02:14:27+00:00\" \/>\n<meta property=\"og:image\" content=\"https:\/\/potenciaradiofonicadominicana.com\/portal\/wp-content\/uploads\/2026\/04\/9159_creacion-de-un-laser-de-vibraciones.jpg\" \/>\n\t<meta property=\"og:image:width\" content=\"670\" \/>\n\t<meta property=\"og:image:height\" content=\"579\" \/>\n\t<meta property=\"og:image:type\" content=\"image\/jpeg\" \/>\n<meta name=\"author\" content=\"Potencia Radiof\u00f3nica Dominicana\" \/>\n<meta name=\"twitter:card\" content=\"summary_large_image\" \/>\n<meta name=\"twitter:label1\" content=\"Escrito por\" \/>\n\t<meta name=\"twitter:data1\" content=\"Potencia Radiof\u00f3nica Dominicana\" \/>\n\t<meta name=\"twitter:label2\" content=\"Tiempo de lectura\" \/>\n\t<meta name=\"twitter:data2\" content=\"3 minutos\" \/>\n<script type=\"application\/ld+json\" class=\"yoast-schema-graph\">{\"@context\":\"https:\/\/schema.org\",\"@graph\":[{\"@type\":\"Article\",\"@id\":\"https:\/\/potenciaradiofonicadominicana.com\/portal\/creacion-de-un-laser-de-vibraciones-y-no-de-luz\/#article\",\"isPartOf\":{\"@id\":\"https:\/\/potenciaradiofonicadominicana.com\/portal\/creacion-de-un-laser-de-vibraciones-y-no-de-luz\/\"},\"author\":{\"name\":\"Potencia Radiof\u00f3nica Dominicana\",\"@id\":\"https:\/\/potenciaradiofonicadominicana.com\/portal\/#\/schema\/person\/a5cf1fea13877803ee0573ac18b03490\"},\"headline\":\"Creaci\u00f3n de un l\u00e1ser de vibraciones y no de luz\",\"datePublished\":\"2026-04-30T02:14:27+00:00\",\"mainEntityOfPage\":{\"@id\":\"https:\/\/potenciaradiofonicadominicana.com\/portal\/creacion-de-un-laser-de-vibraciones-y-no-de-luz\/\"},\"wordCount\":584,\"publisher\":{\"@id\":\"https:\/\/potenciaradiofonicadominicana.com\/portal\/#organization\"},\"image\":{\"@id\":\"https:\/\/potenciaradiofonicadominicana.com\/portal\/creacion-de-un-laser-de-vibraciones-y-no-de-luz\/#primaryimage\"},\"thumbnailUrl\":\"https:\/\/potenciaradiofonicadominicana.com\/portal\/wp-content\/uploads\/2026\/04\/9159_creacion-de-un-laser-de-vibraciones.jpg\",\"articleSection\":[\"Ciencia y Tecnolog\u00eda\"],\"inLanguage\":\"es\"},{\"@type\":\"WebPage\",\"@id\":\"https:\/\/potenciaradiofonicadominicana.com\/portal\/creacion-de-un-laser-de-vibraciones-y-no-de-luz\/\",\"url\":\"https:\/\/potenciaradiofonicadominicana.com\/portal\/creacion-de-un-laser-de-vibraciones-y-no-de-luz\/\",\"name\":\"Creaci\u00f3n de un l\u00e1ser de vibraciones y no de luz - PotenciaRadiofonicaDominicana.com\",\"isPartOf\":{\"@id\":\"https:\/\/potenciaradiofonicadominicana.com\/portal\/#website\"},\"primaryImageOfPage\":{\"@id\":\"https:\/\/potenciaradiofonicadominicana.com\/portal\/creacion-de-un-laser-de-vibraciones-y-no-de-luz\/#primaryimage\"},\"image\":{\"@id\":\"https:\/\/potenciaradiofonicadominicana.com\/portal\/creacion-de-un-laser-de-vibraciones-y-no-de-luz\/#primaryimage\"},\"thumbnailUrl\":\"https:\/\/potenciaradiofonicadominicana.com\/portal\/wp-content\/uploads\/2026\/04\/9159_creacion-de-un-laser-de-vibraciones.jpg\",\"datePublished\":\"2026-04-30T02:14:27+00:00\",\"breadcrumb\":{\"@id\":\"https:\/\/potenciaradiofonicadominicana.com\/portal\/creacion-de-un-laser-de-vibraciones-y-no-de-luz\/#breadcrumb\"},\"inLanguage\":\"es\",\"potentialAction\":[{\"@type\":\"ReadAction\",\"target\":[\"https:\/\/potenciaradiofonicadominicana.com\/portal\/creacion-de-un-laser-de-vibraciones-y-no-de-luz\/\"]}]},{\"@type\":\"ImageObject\",\"inLanguage\":\"es\",\"@id\":\"https:\/\/potenciaradiofonicadominicana.com\/portal\/creacion-de-un-laser-de-vibraciones-y-no-de-luz\/#primaryimage\",\"url\":\"https:\/\/potenciaradiofonicadominicana.com\/portal\/wp-content\/uploads\/2026\/04\/9159_creacion-de-un-laser-de-vibraciones.jpg\",\"contentUrl\":\"https:\/\/potenciaradiofonicadominicana.com\/portal\/wp-content\/uploads\/2026\/04\/9159_creacion-de-un-laser-de-vibraciones.jpg\",\"width\":670,\"height\":579},{\"@type\":\"BreadcrumbList\",\"@id\":\"https:\/\/potenciaradiofonicadominicana.com\/portal\/creacion-de-un-laser-de-vibraciones-y-no-de-luz\/#breadcrumb\",\"itemListElement\":[{\"@type\":\"ListItem\",\"position\":1,\"name\":\"Portada\",\"item\":\"https:\/\/potenciaradiofonicadominicana.com\/portal\/\"},{\"@type\":\"ListItem\",\"position\":2,\"name\":\"Creaci\u00f3n de un l\u00e1ser de vibraciones y no de luz\"}]},{\"@type\":\"WebSite\",\"@id\":\"https:\/\/potenciaradiofonicadominicana.com\/portal\/#website\",\"url\":\"https:\/\/potenciaradiofonicadominicana.com\/portal\/\",\"name\":\"PotenciaRadiofonicaDominicana.com\",\"description\":\"Peri\u00f3dico Digital\",\"publisher\":{\"@id\":\"https:\/\/potenciaradiofonicadominicana.com\/portal\/#organization\"},\"potentialAction\":[{\"@type\":\"SearchAction\",\"target\":{\"@type\":\"EntryPoint\",\"urlTemplate\":\"https:\/\/potenciaradiofonicadominicana.com\/portal\/?s={search_term_string}\"},\"query-input\":{\"@type\":\"PropertyValueSpecification\",\"valueRequired\":true,\"valueName\":\"search_term_string\"}}],\"inLanguage\":\"es\"},{\"@type\":\"Organization\",\"@id\":\"https:\/\/potenciaradiofonicadominicana.com\/portal\/#organization\",\"name\":\"PotenciaRadiofonicaDominicana.com\",\"url\":\"https:\/\/potenciaradiofonicadominicana.com\/portal\/\",\"logo\":{\"@type\":\"ImageObject\",\"inLanguage\":\"es\",\"@id\":\"https:\/\/potenciaradiofonicadominicana.com\/portal\/#\/schema\/logo\/image\/\",\"url\":\"https:\/\/potenciaradiofonicadominicana.com\/portal\/wp-content\/uploads\/2022\/01\/descarga.png\",\"contentUrl\":\"https:\/\/potenciaradiofonicadominicana.com\/portal\/wp-content\/uploads\/2022\/01\/descarga.png\",\"width\":300,\"height\":100,\"caption\":\"PotenciaRadiofonicaDominicana.com\"},\"image\":{\"@id\":\"https:\/\/potenciaradiofonicadominicana.com\/portal\/#\/schema\/logo\/image\/\"},\"sameAs\":[\"https:\/\/web.facebook.com\/PotenciaRadiofonicaD\"]},{\"@type\":\"Person\",\"@id\":\"https:\/\/potenciaradiofonicadominicana.com\/portal\/#\/schema\/person\/a5cf1fea13877803ee0573ac18b03490\",\"name\":\"Potencia Radiof\u00f3nica Dominicana\",\"image\":{\"@type\":\"ImageObject\",\"inLanguage\":\"es\",\"@id\":\"https:\/\/potenciaradiofonicadominicana.com\/portal\/#\/schema\/person\/image\/\",\"url\":\"https:\/\/secure.gravatar.com\/avatar\/42a55ab9e8ccc656ba34cd791990602a?s=96&d=mm&r=g\",\"contentUrl\":\"https:\/\/secure.gravatar.com\/avatar\/42a55ab9e8ccc656ba34cd791990602a?s=96&d=mm&r=g\",\"caption\":\"Potencia Radiof\u00f3nica Dominicana\"},\"url\":\"https:\/\/potenciaradiofonicadominicana.com\/portal\/author\/johannyalmanzar\/\"}]}<\/script>\n<!-- \/ Yoast SEO plugin. -->","yoast_head_json":{"title":"Creaci\u00f3n de un l\u00e1ser de vibraciones y no de luz - PotenciaRadiofonicaDominicana.com","robots":{"index":"index","follow":"follow","max-snippet":"max-snippet:-1","max-image-preview":"max-image-preview:large","max-video-preview":"max-video-preview:-1"},"canonical":"https:\/\/potenciaradiofonicadominicana.com\/portal\/creacion-de-un-laser-de-vibraciones-y-no-de-luz\/","og_locale":"es_ES","og_type":"article","og_title":"Creaci\u00f3n de un l\u00e1ser de vibraciones y no de luz - PotenciaRadiofonicaDominicana.com","og_description":"Unos cient\u00edficos han desarrollado un innovador dispositivo que genera vibraciones similares al sonido conocidas como fonones, de un modo tal ...","og_url":"https:\/\/potenciaradiofonicadominicana.com\/portal\/creacion-de-un-laser-de-vibraciones-y-no-de-luz\/","og_site_name":"PotenciaRadiofonicaDominicana.com","article_publisher":"https:\/\/web.facebook.com\/PotenciaRadiofonicaD","article_published_time":"2026-04-30T02:14:27+00:00","og_image":[{"width":670,"height":579,"url":"https:\/\/potenciaradiofonicadominicana.com\/portal\/wp-content\/uploads\/2026\/04\/9159_creacion-de-un-laser-de-vibraciones.jpg","type":"image\/jpeg"}],"author":"Potencia Radiof\u00f3nica Dominicana","twitter_card":"summary_large_image","twitter_misc":{"Escrito por":"Potencia Radiof\u00f3nica Dominicana","Tiempo de lectura":"3 minutos"},"schema":{"@context":"https:\/\/schema.org","@graph":[{"@type":"Article","@id":"https:\/\/potenciaradiofonicadominicana.com\/portal\/creacion-de-un-laser-de-vibraciones-y-no-de-luz\/#article","isPartOf":{"@id":"https:\/\/potenciaradiofonicadominicana.com\/portal\/creacion-de-un-laser-de-vibraciones-y-no-de-luz\/"},"author":{"name":"Potencia Radiof\u00f3nica Dominicana","@id":"https:\/\/potenciaradiofonicadominicana.com\/portal\/#\/schema\/person\/a5cf1fea13877803ee0573ac18b03490"},"headline":"Creaci\u00f3n de un l\u00e1ser de vibraciones y no de luz","datePublished":"2026-04-30T02:14:27+00:00","mainEntityOfPage":{"@id":"https:\/\/potenciaradiofonicadominicana.com\/portal\/creacion-de-un-laser-de-vibraciones-y-no-de-luz\/"},"wordCount":584,"publisher":{"@id":"https:\/\/potenciaradiofonicadominicana.com\/portal\/#organization"},"image":{"@id":"https:\/\/potenciaradiofonicadominicana.com\/portal\/creacion-de-un-laser-de-vibraciones-y-no-de-luz\/#primaryimage"},"thumbnailUrl":"https:\/\/potenciaradiofonicadominicana.com\/portal\/wp-content\/uploads\/2026\/04\/9159_creacion-de-un-laser-de-vibraciones.jpg","articleSection":["Ciencia y Tecnolog\u00eda"],"inLanguage":"es"},{"@type":"WebPage","@id":"https:\/\/potenciaradiofonicadominicana.com\/portal\/creacion-de-un-laser-de-vibraciones-y-no-de-luz\/","url":"https:\/\/potenciaradiofonicadominicana.com\/portal\/creacion-de-un-laser-de-vibraciones-y-no-de-luz\/","name":"Creaci\u00f3n de un l\u00e1ser de vibraciones y no de luz - PotenciaRadiofonicaDominicana.com","isPartOf":{"@id":"https:\/\/potenciaradiofonicadominicana.com\/portal\/#website"},"primaryImageOfPage":{"@id":"https:\/\/potenciaradiofonicadominicana.com\/portal\/creacion-de-un-laser-de-vibraciones-y-no-de-luz\/#primaryimage"},"image":{"@id":"https:\/\/potenciaradiofonicadominicana.com\/portal\/creacion-de-un-laser-de-vibraciones-y-no-de-luz\/#primaryimage"},"thumbnailUrl":"https:\/\/potenciaradiofonicadominicana.com\/portal\/wp-content\/uploads\/2026\/04\/9159_creacion-de-un-laser-de-vibraciones.jpg","datePublished":"2026-04-30T02:14:27+00:00","breadcrumb":{"@id":"https:\/\/potenciaradiofonicadominicana.com\/portal\/creacion-de-un-laser-de-vibraciones-y-no-de-luz\/#breadcrumb"},"inLanguage":"es","potentialAction":[{"@type":"ReadAction","target":["https:\/\/potenciaradiofonicadominicana.com\/portal\/creacion-de-un-laser-de-vibraciones-y-no-de-luz\/"]}]},{"@type":"ImageObject","inLanguage":"es","@id":"https:\/\/potenciaradiofonicadominicana.com\/portal\/creacion-de-un-laser-de-vibraciones-y-no-de-luz\/#primaryimage","url":"https:\/\/potenciaradiofonicadominicana.com\/portal\/wp-content\/uploads\/2026\/04\/9159_creacion-de-un-laser-de-vibraciones.jpg","contentUrl":"https:\/\/potenciaradiofonicadominicana.com\/portal\/wp-content\/uploads\/2026\/04\/9159_creacion-de-un-laser-de-vibraciones.jpg","width":670,"height":579},{"@type":"BreadcrumbList","@id":"https:\/\/potenciaradiofonicadominicana.com\/portal\/creacion-de-un-laser-de-vibraciones-y-no-de-luz\/#breadcrumb","itemListElement":[{"@type":"ListItem","position":1,"name":"Portada","item":"https:\/\/potenciaradiofonicadominicana.com\/portal\/"},{"@type":"ListItem","position":2,"name":"Creaci\u00f3n de un l\u00e1ser de vibraciones y no de luz"}]},{"@type":"WebSite","@id":"https:\/\/potenciaradiofonicadominicana.com\/portal\/#website","url":"https:\/\/potenciaradiofonicadominicana.com\/portal\/","name":"PotenciaRadiofonicaDominicana.com","description":"Peri\u00f3dico Digital","publisher":{"@id":"https:\/\/potenciaradiofonicadominicana.com\/portal\/#organization"},"potentialAction":[{"@type":"SearchAction","target":{"@type":"EntryPoint","urlTemplate":"https:\/\/potenciaradiofonicadominicana.com\/portal\/?s={search_term_string}"},"query-input":{"@type":"PropertyValueSpecification","valueRequired":true,"valueName":"search_term_string"}}],"inLanguage":"es"},{"@type":"Organization","@id":"https:\/\/potenciaradiofonicadominicana.com\/portal\/#organization","name":"PotenciaRadiofonicaDominicana.com","url":"https:\/\/potenciaradiofonicadominicana.com\/portal\/","logo":{"@type":"ImageObject","inLanguage":"es","@id":"https:\/\/potenciaradiofonicadominicana.com\/portal\/#\/schema\/logo\/image\/","url":"https:\/\/potenciaradiofonicadominicana.com\/portal\/wp-content\/uploads\/2022\/01\/descarga.png","contentUrl":"https:\/\/potenciaradiofonicadominicana.com\/portal\/wp-content\/uploads\/2022\/01\/descarga.png","width":300,"height":100,"caption":"PotenciaRadiofonicaDominicana.com"},"image":{"@id":"https:\/\/potenciaradiofonicadominicana.com\/portal\/#\/schema\/logo\/image\/"},"sameAs":["https:\/\/web.facebook.com\/PotenciaRadiofonicaD"]},{"@type":"Person","@id":"https:\/\/potenciaradiofonicadominicana.com\/portal\/#\/schema\/person\/a5cf1fea13877803ee0573ac18b03490","name":"Potencia Radiof\u00f3nica Dominicana","image":{"@type":"ImageObject","inLanguage":"es","@id":"https:\/\/potenciaradiofonicadominicana.com\/portal\/#\/schema\/person\/image\/","url":"https:\/\/secure.gravatar.com\/avatar\/42a55ab9e8ccc656ba34cd791990602a?s=96&d=mm&r=g","contentUrl":"https:\/\/secure.gravatar.com\/avatar\/42a55ab9e8ccc656ba34cd791990602a?s=96&d=mm&r=g","caption":"Potencia Radiof\u00f3nica Dominicana"},"url":"https:\/\/potenciaradiofonicadominicana.com\/portal\/author\/johannyalmanzar\/"}]}},"_links":{"self":[{"href":"https:\/\/potenciaradiofonicadominicana.com\/portal\/wp-json\/wp\/v2\/posts\/216116","targetHints":{"allow":["GET"]}}],"collection":[{"href":"https:\/\/potenciaradiofonicadominicana.com\/portal\/wp-json\/wp\/v2\/posts"}],"about":[{"href":"https:\/\/potenciaradiofonicadominicana.com\/portal\/wp-json\/wp\/v2\/types\/post"}],"author":[{"embeddable":true,"href":"https:\/\/potenciaradiofonicadominicana.com\/portal\/wp-json\/wp\/v2\/users\/2"}],"replies":[{"embeddable":true,"href":"https:\/\/potenciaradiofonicadominicana.com\/portal\/wp-json\/wp\/v2\/comments?post=216116"}],"version-history":[{"count":1,"href":"https:\/\/potenciaradiofonicadominicana.com\/portal\/wp-json\/wp\/v2\/posts\/216116\/revisions"}],"predecessor-version":[{"id":216118,"href":"https:\/\/potenciaradiofonicadominicana.com\/portal\/wp-json\/wp\/v2\/posts\/216116\/revisions\/216118"}],"wp:featuredmedia":[{"embeddable":true,"href":"https:\/\/potenciaradiofonicadominicana.com\/portal\/wp-json\/wp\/v2\/media\/216117"}],"wp:attachment":[{"href":"https:\/\/potenciaradiofonicadominicana.com\/portal\/wp-json\/wp\/v2\/media?parent=216116"}],"wp:term":[{"taxonomy":"category","embeddable":true,"href":"https:\/\/potenciaradiofonicadominicana.com\/portal\/wp-json\/wp\/v2\/categories?post=216116"},{"taxonomy":"post_tag","embeddable":true,"href":"https:\/\/potenciaradiofonicadominicana.com\/portal\/wp-json\/wp\/v2\/tags?post=216116"}],"curies":[{"name":"wp","href":"https:\/\/api.w.org\/{rel}","templated":true}]}}