{"id":216113,"date":"2026-04-29T22:13:10","date_gmt":"2026-04-30T02:13:10","guid":{"rendered":"https:\/\/potenciaradiofonicadominicana.com\/portal\/?p=216113"},"modified":"2026-04-29T22:13:10","modified_gmt":"2026-04-30T02:13:10","slug":"identifican-el-mecanismo-molecular-que-permite-a-los-vegetales-resistir-la-sequia","status":"publish","type":"post","link":"https:\/\/potenciaradiofonicadominicana.com\/portal\/identifican-el-mecanismo-molecular-que-permite-a-los-vegetales-resistir-la-sequia\/","title":{"rendered":"Identifican el mecanismo molecular que permite a los vegetales resistir la sequ\u00eda"},"content":{"rendered":"<p><a href=\"https:\/\/potenciaradiofonicadominicana.com\/portal\/wp-content\/uploads\/2026\/04\/9942_identifican-el-mecanismo-molecular-que-permite.jpg\"><img loading=\"lazy\" decoding=\"async\" class=\"alignnone size-full wp-image-216114\" src=\"https:\/\/potenciaradiofonicadominicana.com\/portal\/wp-content\/uploads\/2026\/04\/9942_identifican-el-mecanismo-molecular-que-permite.jpg\" alt=\"\" width=\"670\" height=\"396\" srcset=\"https:\/\/potenciaradiofonicadominicana.com\/portal\/wp-content\/uploads\/2026\/04\/9942_identifican-el-mecanismo-molecular-que-permite.jpg 670w, https:\/\/potenciaradiofonicadominicana.com\/portal\/wp-content\/uploads\/2026\/04\/9942_identifican-el-mecanismo-molecular-que-permite-300x177.jpg 300w\" sizes=\"auto, (max-width: 670px) 100vw, 670px\" \/><\/a><\/p>\n<p>En un estudio reciente, se ha conseguido identificar el mecanismo molecular que permite a las plantas ajustar su sensibilidad y respuesta a la falta de agua. Este \u201cc\u00f3digo\u201d regula el funcionamiento de prote\u00ednas que reaccionan a la activaci\u00f3n del \u00e1cido absc\u00edsico (ABA), una hormona que detecta la escasez de agua para poner en marcha mecanismos de defensa. Los resultados del estudio tambi\u00e9n revelan una v\u00eda potencial para modificar gen\u00e9ticamente este mecanismo a fin de mejorar la resistencia de los cultivos a las condiciones ambientales promovidas cada vez m\u00e1s por el cambio clim\u00e1tico global.<\/p>\n<p>&nbsp;<\/p>\n<p>El estudio lo ha realizado un equipo liderado desde el Instituto de Qu\u00edmica F\u00edsica Blas Cabrera (IQF) del Consejo Superior de Investigaciones Cient\u00edficas (CSIC), con participaci\u00f3n del Instituto de Biolog\u00eda Molecular y Celular de Plantas (IBMCP), centro mixto del CSIC y de la Universidad Polit\u00e9cnica de Valencia (UPV), en Espa\u00f1a todas estas instituciones.<\/p>\n<p>El \u00e1cido absc\u00edsico, conocido como la \u2018hormona del estr\u00e9s\u2019, permite a las plantas regular su comportamiento ante situaciones de d\u00e9ficit h\u00eddrico. Esta sustancia qu\u00edmica las permite detectar la falta de agua y activar mecanismos de defensa, como el cierre de los estomas \u2014poros de las hojas\u2014 y la expresi\u00f3n de genes para gestionar la escasez de agua. La reacci\u00f3n a esta hormona depende de una familia de prote\u00ednas, conocidas como receptores, que act\u00faan como sensores que determinan el grado de sensibilidad en la respuesta ante las sequ\u00edas mediante peque\u00f1os cambios en su estructura.<\/p>\n<p>&nbsp;<\/p>\n<p>El nuevo estudio ha identificado el \u2018c\u00f3digo molecular\u2019 m\u00ednimo, es decir, las instrucciones esenciales que controlan el funcionamiento de estos receptores. Este mecanismo no solo act\u00faa como un interruptor que determina si esta familia de prote\u00ednas debe activarse o no ante la presencia de la hormona ABA, sino tambi\u00e9n funciona como un regulador de precisi\u00f3n. Esto permite a la planta calibrar la intensidad de la respuesta, desde una reacci\u00f3n leve para ahorrar agua hasta una defensa inmediata en situaciones de sequ\u00eda extrema. \u201cNuestro trabajo desvela c\u00f3mo las plantas han ajustado evolutivamente su capacidad para percibir esta hormona\u201d, detalla Armando Albert, investigador del IQF y coautor del estudio.<\/p>\n<p>&nbsp;<\/p>\n<p>El equipo investigador ha demostrado c\u00f3mo este c\u00f3digo evolucion\u00f3 para ampliar el rango de condiciones ambientales a las que los vegetales pueden responder. Este hallazgo se ha realizado tras comparar tres receptores que representan los extremos y los puntos intermedios en la evoluci\u00f3n de la percepci\u00f3n de ABA en plantas, desde especies primitivas hasta cultivos agr\u00edcolas actuales. Los investigadores compararon un receptor del alga Zygnema circumcarinatum, considerada insensible al \u00e1cido absc\u00edsico; un segundo receptor en una planta hep\u00e1tica (primitiva), similar al musgo, que puede depender o no de ABA para generar una respuesta; y un receptor en un cultivo actual, en concreto, en el Citrus sinensis o naranjo dulce, que depende totalmente de esta hormona para activarse.<\/p>\n<p>&nbsp;<\/p>\n<p>Los resultados revelan c\u00f3mo las plantas han resuelto, a trav\u00e9s de la evoluci\u00f3n, el equilibrio entre la sensibilidad para activar sus defensas y la robustez para calibrar el grado de activaci\u00f3n. \u201cAlgunos receptores son altamente sensibles y detectan niveles bajos de ABA en condiciones de estr\u00e9s leve, mientras que otros requieren concentraciones m\u00e1s elevadas de la hormona, permitiendo mantener la respuesta durante episodios de sequ\u00eda severa\u201d, explica Pedro Luis Rodr\u00edguez, investigador del IBMCP que participa en el estudio. Gracias a la combinaci\u00f3n de estas estrategias, las plantas pueden funcionar en un amplio rango de condiciones ambientales.<\/p>\n<p>[Img #78622]<\/p>\n<p>Plantas Arabidopsis thaliana en el laboratorio del IBMCP. (Foto: IBMCP \/ CSIC)<\/p>\n<p>&nbsp;<\/p>\n<p>Una adaptaci\u00f3n de millones de a\u00f1os<\/p>\n<p>Las plantas se han adaptado a entornos cambiantes durante m\u00e1s de 450 millones de a\u00f1os, desde su transici\u00f3n desde el medio acu\u00e1tico a la vida terrestre. A lo largo de este proceso evolutivo, desarrollaron sofisticados mecanismos para hacer frente a la escasez de agua, uno de los principales factores que limita la supervivencia vegetal y la productividad agr\u00edcola.<\/p>\n<p>&nbsp;<\/p>\n<p>Posteriormente, este proceso natural fue modulado por el ser humano con el inicio de la agricultura, hace unos diez mil a\u00f1os, cuando las especies cultivadas fueron seleccionadas por su mayor rendimiento. Sin embargo, esta selecci\u00f3n introdujo un compromiso fundamental: \u201cUna mayor productividad suele ir asociada a un mayor consumo de agua, lo que hace que los cultivos sean m\u00e1s vulnerables a la sequ\u00eda\u201d, aclara Albert.<\/p>\n<p>&nbsp;<\/p>\n<p>En el contexto actual, las plantas no solo se enfrentan al estr\u00e9s h\u00eddrico asociado con una mayor productividad, sino tambi\u00e9n a los efectos del cambio clim\u00e1tico global, causa de un aumento de la temperatura media anual de m\u00e1s de dos grados desde finales del siglo XIX. Esta situaci\u00f3n aporta una especial relevancia al hallazgo hecho en este estudio: no solo explica el mecanismo que emplean las plantas para responder ante la escasez de agua, sino que, seg\u00fan los investigadores, demuestra la posibilidad de modificar este c\u00f3digo molecular.<\/p>\n<p>&nbsp;<\/p>\n<p>Los receptores analizados en el trabajo est\u00e1n formados por amino\u00e1cidos, es decir, mol\u00e9culas que se combinan para formar prote\u00ednas. Cuando estas mol\u00e9culas se encadenan para componer los receptores, pierden una mol\u00e9cula de agua; lo que queda del amino\u00e1cido tras la uni\u00f3n es lo que se conoce como residuo. Los investigadores demostraron que mutaciones puntuales \u2014sustituci\u00f3n de un residuo por otro en la cadena proteica\u2014 permiten reprogramar la respuesta de los receptores al estr\u00e9s h\u00eddrico. Estos cambios evidenciaron c\u00f3mo los receptores se activaban con mayor o menor intensidad ante la hormona ABA y permitieron determinar si necesitan la presencia de dicha hormona para activarse o si mantienen un estado basal.<\/p>\n<p>&nbsp;<\/p>\n<p>Este trabajo, que constituye la base de la tesis doctoral en el IQF de la primera firmante del estudio, Mar\u00eda Rivera Moreno, proporciona una base para dise\u00f1ar cultivos agr\u00edcolas que equilibren mejor la productividad y el uso del agua, abriendo nuevas v\u00edas para mejorar la resiliencia frente a la sequ\u00eda en el contexto del cambio clim\u00e1tico global.<\/p>\n<p>El estudio se titula \u201cEvolutionary-based remodeling of ABA receptors reveals the structural basis of hormone perception and regulation\u201d. Y se ha publicado en la revista acad\u00e9mica Proceedings of the National Academy of Sciences (PNAS). (Fuente: CSIC)<\/p>\n","protected":false},"excerpt":{"rendered":"<p>En un estudio reciente, se ha conseguido identificar el mecanismo molecular que permite a las plantas ajustar su sensibilidad y &#8230;<\/p>\n","protected":false},"author":2,"featured_media":216114,"comment_status":"closed","ping_status":"closed","sticky":false,"template":"","format":"standard","meta":{"footnotes":""},"categories":[14],"tags":[],"class_list":["post-216113","post","type-post","status-publish","format-standard","has-post-thumbnail","hentry","category-ciencia-y-tecnologia"],"yoast_head":"<!-- This site is optimized with the Yoast SEO plugin v24.8.1 - https:\/\/yoast.com\/wordpress\/plugins\/seo\/ -->\n<title>Identifican el mecanismo molecular que permite a los vegetales resistir la sequ\u00eda - PotenciaRadiofonicaDominicana.com<\/title>\n<meta name=\"robots\" content=\"index, follow, max-snippet:-1, max-image-preview:large, max-video-preview:-1\" \/>\n<link rel=\"canonical\" href=\"https:\/\/potenciaradiofonicadominicana.com\/portal\/identifican-el-mecanismo-molecular-que-permite-a-los-vegetales-resistir-la-sequia\/\" \/>\n<meta property=\"og:locale\" content=\"es_ES\" \/>\n<meta property=\"og:type\" content=\"article\" \/>\n<meta property=\"og:title\" content=\"Identifican el mecanismo molecular que permite a los vegetales resistir la sequ\u00eda - PotenciaRadiofonicaDominicana.com\" \/>\n<meta property=\"og:description\" content=\"En un estudio reciente, se ha conseguido identificar el mecanismo molecular que permite a las plantas ajustar su sensibilidad y ...\" \/>\n<meta property=\"og:url\" content=\"https:\/\/potenciaradiofonicadominicana.com\/portal\/identifican-el-mecanismo-molecular-que-permite-a-los-vegetales-resistir-la-sequia\/\" \/>\n<meta property=\"og:site_name\" content=\"PotenciaRadiofonicaDominicana.com\" \/>\n<meta property=\"article:publisher\" content=\"https:\/\/web.facebook.com\/PotenciaRadiofonicaD\" \/>\n<meta property=\"article:published_time\" content=\"2026-04-30T02:13:10+00:00\" \/>\n<meta property=\"og:image\" content=\"https:\/\/potenciaradiofonicadominicana.com\/portal\/wp-content\/uploads\/2026\/04\/9942_identifican-el-mecanismo-molecular-que-permite.jpg\" \/>\n\t<meta property=\"og:image:width\" content=\"670\" \/>\n\t<meta property=\"og:image:height\" content=\"396\" \/>\n\t<meta property=\"og:image:type\" content=\"image\/jpeg\" \/>\n<meta name=\"author\" content=\"Potencia Radiof\u00f3nica Dominicana\" \/>\n<meta name=\"twitter:card\" content=\"summary_large_image\" \/>\n<meta name=\"twitter:label1\" content=\"Escrito por\" \/>\n\t<meta name=\"twitter:data1\" content=\"Potencia Radiof\u00f3nica Dominicana\" \/>\n\t<meta name=\"twitter:label2\" content=\"Tiempo de lectura\" \/>\n\t<meta name=\"twitter:data2\" content=\"5 minutos\" \/>\n<script type=\"application\/ld+json\" class=\"yoast-schema-graph\">{\"@context\":\"https:\/\/schema.org\",\"@graph\":[{\"@type\":\"Article\",\"@id\":\"https:\/\/potenciaradiofonicadominicana.com\/portal\/identifican-el-mecanismo-molecular-que-permite-a-los-vegetales-resistir-la-sequia\/#article\",\"isPartOf\":{\"@id\":\"https:\/\/potenciaradiofonicadominicana.com\/portal\/identifican-el-mecanismo-molecular-que-permite-a-los-vegetales-resistir-la-sequia\/\"},\"author\":{\"name\":\"Potencia Radiof\u00f3nica Dominicana\",\"@id\":\"https:\/\/potenciaradiofonicadominicana.com\/portal\/#\/schema\/person\/a5cf1fea13877803ee0573ac18b03490\"},\"headline\":\"Identifican el mecanismo molecular que permite a los vegetales resistir la sequ\u00eda\",\"datePublished\":\"2026-04-30T02:13:10+00:00\",\"mainEntityOfPage\":{\"@id\":\"https:\/\/potenciaradiofonicadominicana.com\/portal\/identifican-el-mecanismo-molecular-que-permite-a-los-vegetales-resistir-la-sequia\/\"},\"wordCount\":1100,\"publisher\":{\"@id\":\"https:\/\/potenciaradiofonicadominicana.com\/portal\/#organization\"},\"image\":{\"@id\":\"https:\/\/potenciaradiofonicadominicana.com\/portal\/identifican-el-mecanismo-molecular-que-permite-a-los-vegetales-resistir-la-sequia\/#primaryimage\"},\"thumbnailUrl\":\"https:\/\/potenciaradiofonicadominicana.com\/portal\/wp-content\/uploads\/2026\/04\/9942_identifican-el-mecanismo-molecular-que-permite.jpg\",\"articleSection\":[\"Ciencia y Tecnolog\u00eda\"],\"inLanguage\":\"es\"},{\"@type\":\"WebPage\",\"@id\":\"https:\/\/potenciaradiofonicadominicana.com\/portal\/identifican-el-mecanismo-molecular-que-permite-a-los-vegetales-resistir-la-sequia\/\",\"url\":\"https:\/\/potenciaradiofonicadominicana.com\/portal\/identifican-el-mecanismo-molecular-que-permite-a-los-vegetales-resistir-la-sequia\/\",\"name\":\"Identifican el mecanismo molecular que permite a los vegetales resistir la sequ\u00eda - PotenciaRadiofonicaDominicana.com\",\"isPartOf\":{\"@id\":\"https:\/\/potenciaradiofonicadominicana.com\/portal\/#website\"},\"primaryImageOfPage\":{\"@id\":\"https:\/\/potenciaradiofonicadominicana.com\/portal\/identifican-el-mecanismo-molecular-que-permite-a-los-vegetales-resistir-la-sequia\/#primaryimage\"},\"image\":{\"@id\":\"https:\/\/potenciaradiofonicadominicana.com\/portal\/identifican-el-mecanismo-molecular-que-permite-a-los-vegetales-resistir-la-sequia\/#primaryimage\"},\"thumbnailUrl\":\"https:\/\/potenciaradiofonicadominicana.com\/portal\/wp-content\/uploads\/2026\/04\/9942_identifican-el-mecanismo-molecular-que-permite.jpg\",\"datePublished\":\"2026-04-30T02:13:10+00:00\",\"breadcrumb\":{\"@id\":\"https:\/\/potenciaradiofonicadominicana.com\/portal\/identifican-el-mecanismo-molecular-que-permite-a-los-vegetales-resistir-la-sequia\/#breadcrumb\"},\"inLanguage\":\"es\",\"potentialAction\":[{\"@type\":\"ReadAction\",\"target\":[\"https:\/\/potenciaradiofonicadominicana.com\/portal\/identifican-el-mecanismo-molecular-que-permite-a-los-vegetales-resistir-la-sequia\/\"]}]},{\"@type\":\"ImageObject\",\"inLanguage\":\"es\",\"@id\":\"https:\/\/potenciaradiofonicadominicana.com\/portal\/identifican-el-mecanismo-molecular-que-permite-a-los-vegetales-resistir-la-sequia\/#primaryimage\",\"url\":\"https:\/\/potenciaradiofonicadominicana.com\/portal\/wp-content\/uploads\/2026\/04\/9942_identifican-el-mecanismo-molecular-que-permite.jpg\",\"contentUrl\":\"https:\/\/potenciaradiofonicadominicana.com\/portal\/wp-content\/uploads\/2026\/04\/9942_identifican-el-mecanismo-molecular-que-permite.jpg\",\"width\":670,\"height\":396},{\"@type\":\"BreadcrumbList\",\"@id\":\"https:\/\/potenciaradiofonicadominicana.com\/portal\/identifican-el-mecanismo-molecular-que-permite-a-los-vegetales-resistir-la-sequia\/#breadcrumb\",\"itemListElement\":[{\"@type\":\"ListItem\",\"position\":1,\"name\":\"Portada\",\"item\":\"https:\/\/potenciaradiofonicadominicana.com\/portal\/\"},{\"@type\":\"ListItem\",\"position\":2,\"name\":\"Identifican el mecanismo molecular que permite a los vegetales resistir la sequ\u00eda\"}]},{\"@type\":\"WebSite\",\"@id\":\"https:\/\/potenciaradiofonicadominicana.com\/portal\/#website\",\"url\":\"https:\/\/potenciaradiofonicadominicana.com\/portal\/\",\"name\":\"PotenciaRadiofonicaDominicana.com\",\"description\":\"Peri\u00f3dico Digital\",\"publisher\":{\"@id\":\"https:\/\/potenciaradiofonicadominicana.com\/portal\/#organization\"},\"potentialAction\":[{\"@type\":\"SearchAction\",\"target\":{\"@type\":\"EntryPoint\",\"urlTemplate\":\"https:\/\/potenciaradiofonicadominicana.com\/portal\/?s={search_term_string}\"},\"query-input\":{\"@type\":\"PropertyValueSpecification\",\"valueRequired\":true,\"valueName\":\"search_term_string\"}}],\"inLanguage\":\"es\"},{\"@type\":\"Organization\",\"@id\":\"https:\/\/potenciaradiofonicadominicana.com\/portal\/#organization\",\"name\":\"PotenciaRadiofonicaDominicana.com\",\"url\":\"https:\/\/potenciaradiofonicadominicana.com\/portal\/\",\"logo\":{\"@type\":\"ImageObject\",\"inLanguage\":\"es\",\"@id\":\"https:\/\/potenciaradiofonicadominicana.com\/portal\/#\/schema\/logo\/image\/\",\"url\":\"https:\/\/potenciaradiofonicadominicana.com\/portal\/wp-content\/uploads\/2022\/01\/descarga.png\",\"contentUrl\":\"https:\/\/potenciaradiofonicadominicana.com\/portal\/wp-content\/uploads\/2022\/01\/descarga.png\",\"width\":300,\"height\":100,\"caption\":\"PotenciaRadiofonicaDominicana.com\"},\"image\":{\"@id\":\"https:\/\/potenciaradiofonicadominicana.com\/portal\/#\/schema\/logo\/image\/\"},\"sameAs\":[\"https:\/\/web.facebook.com\/PotenciaRadiofonicaD\"]},{\"@type\":\"Person\",\"@id\":\"https:\/\/potenciaradiofonicadominicana.com\/portal\/#\/schema\/person\/a5cf1fea13877803ee0573ac18b03490\",\"name\":\"Potencia Radiof\u00f3nica Dominicana\",\"image\":{\"@type\":\"ImageObject\",\"inLanguage\":\"es\",\"@id\":\"https:\/\/potenciaradiofonicadominicana.com\/portal\/#\/schema\/person\/image\/\",\"url\":\"https:\/\/secure.gravatar.com\/avatar\/42a55ab9e8ccc656ba34cd791990602a?s=96&d=mm&r=g\",\"contentUrl\":\"https:\/\/secure.gravatar.com\/avatar\/42a55ab9e8ccc656ba34cd791990602a?s=96&d=mm&r=g\",\"caption\":\"Potencia Radiof\u00f3nica Dominicana\"},\"url\":\"https:\/\/potenciaradiofonicadominicana.com\/portal\/author\/johannyalmanzar\/\"}]}<\/script>\n<!-- \/ Yoast SEO plugin. -->","yoast_head_json":{"title":"Identifican el mecanismo molecular que permite a los vegetales resistir la sequ\u00eda - PotenciaRadiofonicaDominicana.com","robots":{"index":"index","follow":"follow","max-snippet":"max-snippet:-1","max-image-preview":"max-image-preview:large","max-video-preview":"max-video-preview:-1"},"canonical":"https:\/\/potenciaradiofonicadominicana.com\/portal\/identifican-el-mecanismo-molecular-que-permite-a-los-vegetales-resistir-la-sequia\/","og_locale":"es_ES","og_type":"article","og_title":"Identifican el mecanismo molecular que permite a los vegetales resistir la sequ\u00eda - PotenciaRadiofonicaDominicana.com","og_description":"En un estudio reciente, se ha conseguido identificar el mecanismo molecular que permite a las plantas ajustar su sensibilidad y ...","og_url":"https:\/\/potenciaradiofonicadominicana.com\/portal\/identifican-el-mecanismo-molecular-que-permite-a-los-vegetales-resistir-la-sequia\/","og_site_name":"PotenciaRadiofonicaDominicana.com","article_publisher":"https:\/\/web.facebook.com\/PotenciaRadiofonicaD","article_published_time":"2026-04-30T02:13:10+00:00","og_image":[{"width":670,"height":396,"url":"https:\/\/potenciaradiofonicadominicana.com\/portal\/wp-content\/uploads\/2026\/04\/9942_identifican-el-mecanismo-molecular-que-permite.jpg","type":"image\/jpeg"}],"author":"Potencia Radiof\u00f3nica Dominicana","twitter_card":"summary_large_image","twitter_misc":{"Escrito por":"Potencia Radiof\u00f3nica Dominicana","Tiempo de lectura":"5 minutos"},"schema":{"@context":"https:\/\/schema.org","@graph":[{"@type":"Article","@id":"https:\/\/potenciaradiofonicadominicana.com\/portal\/identifican-el-mecanismo-molecular-que-permite-a-los-vegetales-resistir-la-sequia\/#article","isPartOf":{"@id":"https:\/\/potenciaradiofonicadominicana.com\/portal\/identifican-el-mecanismo-molecular-que-permite-a-los-vegetales-resistir-la-sequia\/"},"author":{"name":"Potencia Radiof\u00f3nica Dominicana","@id":"https:\/\/potenciaradiofonicadominicana.com\/portal\/#\/schema\/person\/a5cf1fea13877803ee0573ac18b03490"},"headline":"Identifican el mecanismo molecular que permite a los vegetales resistir la sequ\u00eda","datePublished":"2026-04-30T02:13:10+00:00","mainEntityOfPage":{"@id":"https:\/\/potenciaradiofonicadominicana.com\/portal\/identifican-el-mecanismo-molecular-que-permite-a-los-vegetales-resistir-la-sequia\/"},"wordCount":1100,"publisher":{"@id":"https:\/\/potenciaradiofonicadominicana.com\/portal\/#organization"},"image":{"@id":"https:\/\/potenciaradiofonicadominicana.com\/portal\/identifican-el-mecanismo-molecular-que-permite-a-los-vegetales-resistir-la-sequia\/#primaryimage"},"thumbnailUrl":"https:\/\/potenciaradiofonicadominicana.com\/portal\/wp-content\/uploads\/2026\/04\/9942_identifican-el-mecanismo-molecular-que-permite.jpg","articleSection":["Ciencia y Tecnolog\u00eda"],"inLanguage":"es"},{"@type":"WebPage","@id":"https:\/\/potenciaradiofonicadominicana.com\/portal\/identifican-el-mecanismo-molecular-que-permite-a-los-vegetales-resistir-la-sequia\/","url":"https:\/\/potenciaradiofonicadominicana.com\/portal\/identifican-el-mecanismo-molecular-que-permite-a-los-vegetales-resistir-la-sequia\/","name":"Identifican el mecanismo molecular que permite a los vegetales resistir la sequ\u00eda - PotenciaRadiofonicaDominicana.com","isPartOf":{"@id":"https:\/\/potenciaradiofonicadominicana.com\/portal\/#website"},"primaryImageOfPage":{"@id":"https:\/\/potenciaradiofonicadominicana.com\/portal\/identifican-el-mecanismo-molecular-que-permite-a-los-vegetales-resistir-la-sequia\/#primaryimage"},"image":{"@id":"https:\/\/potenciaradiofonicadominicana.com\/portal\/identifican-el-mecanismo-molecular-que-permite-a-los-vegetales-resistir-la-sequia\/#primaryimage"},"thumbnailUrl":"https:\/\/potenciaradiofonicadominicana.com\/portal\/wp-content\/uploads\/2026\/04\/9942_identifican-el-mecanismo-molecular-que-permite.jpg","datePublished":"2026-04-30T02:13:10+00:00","breadcrumb":{"@id":"https:\/\/potenciaradiofonicadominicana.com\/portal\/identifican-el-mecanismo-molecular-que-permite-a-los-vegetales-resistir-la-sequia\/#breadcrumb"},"inLanguage":"es","potentialAction":[{"@type":"ReadAction","target":["https:\/\/potenciaradiofonicadominicana.com\/portal\/identifican-el-mecanismo-molecular-que-permite-a-los-vegetales-resistir-la-sequia\/"]}]},{"@type":"ImageObject","inLanguage":"es","@id":"https:\/\/potenciaradiofonicadominicana.com\/portal\/identifican-el-mecanismo-molecular-que-permite-a-los-vegetales-resistir-la-sequia\/#primaryimage","url":"https:\/\/potenciaradiofonicadominicana.com\/portal\/wp-content\/uploads\/2026\/04\/9942_identifican-el-mecanismo-molecular-que-permite.jpg","contentUrl":"https:\/\/potenciaradiofonicadominicana.com\/portal\/wp-content\/uploads\/2026\/04\/9942_identifican-el-mecanismo-molecular-que-permite.jpg","width":670,"height":396},{"@type":"BreadcrumbList","@id":"https:\/\/potenciaradiofonicadominicana.com\/portal\/identifican-el-mecanismo-molecular-que-permite-a-los-vegetales-resistir-la-sequia\/#breadcrumb","itemListElement":[{"@type":"ListItem","position":1,"name":"Portada","item":"https:\/\/potenciaradiofonicadominicana.com\/portal\/"},{"@type":"ListItem","position":2,"name":"Identifican el mecanismo molecular que permite a los vegetales resistir la sequ\u00eda"}]},{"@type":"WebSite","@id":"https:\/\/potenciaradiofonicadominicana.com\/portal\/#website","url":"https:\/\/potenciaradiofonicadominicana.com\/portal\/","name":"PotenciaRadiofonicaDominicana.com","description":"Peri\u00f3dico Digital","publisher":{"@id":"https:\/\/potenciaradiofonicadominicana.com\/portal\/#organization"},"potentialAction":[{"@type":"SearchAction","target":{"@type":"EntryPoint","urlTemplate":"https:\/\/potenciaradiofonicadominicana.com\/portal\/?s={search_term_string}"},"query-input":{"@type":"PropertyValueSpecification","valueRequired":true,"valueName":"search_term_string"}}],"inLanguage":"es"},{"@type":"Organization","@id":"https:\/\/potenciaradiofonicadominicana.com\/portal\/#organization","name":"PotenciaRadiofonicaDominicana.com","url":"https:\/\/potenciaradiofonicadominicana.com\/portal\/","logo":{"@type":"ImageObject","inLanguage":"es","@id":"https:\/\/potenciaradiofonicadominicana.com\/portal\/#\/schema\/logo\/image\/","url":"https:\/\/potenciaradiofonicadominicana.com\/portal\/wp-content\/uploads\/2022\/01\/descarga.png","contentUrl":"https:\/\/potenciaradiofonicadominicana.com\/portal\/wp-content\/uploads\/2022\/01\/descarga.png","width":300,"height":100,"caption":"PotenciaRadiofonicaDominicana.com"},"image":{"@id":"https:\/\/potenciaradiofonicadominicana.com\/portal\/#\/schema\/logo\/image\/"},"sameAs":["https:\/\/web.facebook.com\/PotenciaRadiofonicaD"]},{"@type":"Person","@id":"https:\/\/potenciaradiofonicadominicana.com\/portal\/#\/schema\/person\/a5cf1fea13877803ee0573ac18b03490","name":"Potencia Radiof\u00f3nica Dominicana","image":{"@type":"ImageObject","inLanguage":"es","@id":"https:\/\/potenciaradiofonicadominicana.com\/portal\/#\/schema\/person\/image\/","url":"https:\/\/secure.gravatar.com\/avatar\/42a55ab9e8ccc656ba34cd791990602a?s=96&d=mm&r=g","contentUrl":"https:\/\/secure.gravatar.com\/avatar\/42a55ab9e8ccc656ba34cd791990602a?s=96&d=mm&r=g","caption":"Potencia Radiof\u00f3nica Dominicana"},"url":"https:\/\/potenciaradiofonicadominicana.com\/portal\/author\/johannyalmanzar\/"}]}},"_links":{"self":[{"href":"https:\/\/potenciaradiofonicadominicana.com\/portal\/wp-json\/wp\/v2\/posts\/216113","targetHints":{"allow":["GET"]}}],"collection":[{"href":"https:\/\/potenciaradiofonicadominicana.com\/portal\/wp-json\/wp\/v2\/posts"}],"about":[{"href":"https:\/\/potenciaradiofonicadominicana.com\/portal\/wp-json\/wp\/v2\/types\/post"}],"author":[{"embeddable":true,"href":"https:\/\/potenciaradiofonicadominicana.com\/portal\/wp-json\/wp\/v2\/users\/2"}],"replies":[{"embeddable":true,"href":"https:\/\/potenciaradiofonicadominicana.com\/portal\/wp-json\/wp\/v2\/comments?post=216113"}],"version-history":[{"count":1,"href":"https:\/\/potenciaradiofonicadominicana.com\/portal\/wp-json\/wp\/v2\/posts\/216113\/revisions"}],"predecessor-version":[{"id":216115,"href":"https:\/\/potenciaradiofonicadominicana.com\/portal\/wp-json\/wp\/v2\/posts\/216113\/revisions\/216115"}],"wp:featuredmedia":[{"embeddable":true,"href":"https:\/\/potenciaradiofonicadominicana.com\/portal\/wp-json\/wp\/v2\/media\/216114"}],"wp:attachment":[{"href":"https:\/\/potenciaradiofonicadominicana.com\/portal\/wp-json\/wp\/v2\/media?parent=216113"}],"wp:term":[{"taxonomy":"category","embeddable":true,"href":"https:\/\/potenciaradiofonicadominicana.com\/portal\/wp-json\/wp\/v2\/categories?post=216113"},{"taxonomy":"post_tag","embeddable":true,"href":"https:\/\/potenciaradiofonicadominicana.com\/portal\/wp-json\/wp\/v2\/tags?post=216113"}],"curies":[{"name":"wp","href":"https:\/\/api.w.org\/{rel}","templated":true}]}}