{"id":216100,"date":"2026-04-28T00:53:35","date_gmt":"2026-04-28T04:53:35","guid":{"rendered":"https:\/\/potenciaradiofonicadominicana.com\/portal\/?p=216100"},"modified":"2026-04-28T00:53:35","modified_gmt":"2026-04-28T04:53:35","slug":"reclaman-al-gobierno-respuesta-urgente-a-demandas-en-la-caleta","status":"publish","type":"post","link":"https:\/\/potenciaradiofonicadominicana.com\/portal\/reclaman-al-gobierno-respuesta-urgente-a-demandas-en-la-caleta\/","title":{"rendered":"Reclaman al Gobierno respuesta urgente a demandas en La Caleta"},"content":{"rendered":"<p><a href=\"https:\/\/potenciaradiofonicadominicana.com\/portal\/wp-content\/uploads\/2026\/04\/lacaletareclamos.webp\"><img loading=\"lazy\" decoding=\"async\" class=\"alignnone size-full wp-image-216101\" src=\"https:\/\/potenciaradiofonicadominicana.com\/portal\/wp-content\/uploads\/2026\/04\/lacaletareclamos.webp\" alt=\"\" width=\"1166\" height=\"622\" srcset=\"https:\/\/potenciaradiofonicadominicana.com\/portal\/wp-content\/uploads\/2026\/04\/lacaletareclamos.webp 1166w, https:\/\/potenciaradiofonicadominicana.com\/portal\/wp-content\/uploads\/2026\/04\/lacaletareclamos-300x160.webp 300w, https:\/\/potenciaradiofonicadominicana.com\/portal\/wp-content\/uploads\/2026\/04\/lacaletareclamos-1024x546.webp 1024w, https:\/\/potenciaradiofonicadominicana.com\/portal\/wp-content\/uploads\/2026\/04\/lacaletareclamos-768x410.webp 768w\" sizes=\"auto, (max-width: 1166px) 100vw, 1166px\" \/><\/a><\/p>\n<p>Diversas organizaciones comunitarias y sociales, agrupadas en el Movimiento Municipal por los Derechos, exigieron este lunes al Gobierno central dar respuesta al pliego de demandas entregado en el Palacio Nacional el 16 de mayo de 2025, el cual \u2014seg\u00fan denunciaron\u2014 permanece sin atenci\u00f3n oficial.<\/p>\n<p>Durante una rueda de prensa, la vocera del movimiento, Socorro Monegro, afirm\u00f3 que las comunidades contin\u00faan enfrentando graves deficiencias en servicios b\u00e1sicos e infraestructura, situaci\u00f3n que calific\u00f3 como insostenible y que, a su juicio, requiere una intervenci\u00f3n urgente por parte de las autoridades.<\/p>\n<p>Entre las principales exigencias, el colectivo plante\u00f3 el cese de los desalojos forzosos en comunidades establecidas, el acceso a viviendas dignas en terrenos seguros y debidamente titulados, as\u00ed como mejoras en el suministro de agua potable y una reducci\u00f3n en los precios de los productos de la canasta b\u00e1sica.<\/p>\n<p>Diputada del Parlacen denuncia abandono en El Tamarindo y exige intervenci\u00f3n urgente de autoridades<br \/>\nEn representaci\u00f3n del sector transporte, V\u00edctor Espinosa advirti\u00f3 sobre el impacto del alza de los combustibles, se\u00f1alando que ni los choferes ni los usuarios est\u00e1n en condiciones de asumir nuevos incrementos en los costos del servicio.<\/p>\n<p>Por su parte, el dirigente comunitario S\u00f3crates Peguero demand\u00f3 la ejecuci\u00f3n de obras prioritarias, entre ellas la construcci\u00f3n de aceras y contenes, el asfaltado de calles, la implementaci\u00f3n de sistemas de drenaje pluvial y sanitario, as\u00ed como la edificaci\u00f3n de un hospital municipal y nuevos centros educativos.<\/p>\n<p>En el encuentro participaron representantes de organizaciones como Codecoc, Fenatrano, Adecasvaza y Red Urbana, adem\u00e1s de l\u00edderes de iglesias y juntas comunitarias, quienes advirtieron que mantendr\u00e1n su jornada de lucha hasta obtener respuestas concretas y soluciones reales a sus reclamos.<\/p>\n<p>El Movimiento Municipal por los Derechos reiter\u00f3 su llamado al Gobierno a abrir canales de di\u00e1logo y atender de manera prioritaria las necesidades de las comunidades, en un contexto donde \u2014afirman\u2014 las condiciones de vida contin\u00faan deterior\u00e1ndose.<\/p>\n","protected":false},"excerpt":{"rendered":"<p>Diversas organizaciones comunitarias y sociales, agrupadas en el Movimiento Municipal por los Derechos, exigieron este lunes al Gobierno central dar &#8230;<\/p>\n","protected":false},"author":2,"featured_media":216101,"comment_status":"closed","ping_status":"closed","sticky":false,"template":"","format":"standard","meta":{"footnotes":""},"categories":[25],"tags":[],"class_list":["post-216100","post","type-post","status-publish","format-standard","has-post-thumbnail","hentry","category-noticias"],"yoast_head":"<!-- This site is optimized with the Yoast SEO plugin v24.8.1 - https:\/\/yoast.com\/wordpress\/plugins\/seo\/ -->\n<title>Reclaman al Gobierno respuesta urgente a demandas en La Caleta - PotenciaRadiofonicaDominicana.com<\/title>\n<meta name=\"robots\" content=\"index, follow, max-snippet:-1, max-image-preview:large, max-video-preview:-1\" \/>\n<link rel=\"canonical\" href=\"https:\/\/potenciaradiofonicadominicana.com\/portal\/reclaman-al-gobierno-respuesta-urgente-a-demandas-en-la-caleta\/\" \/>\n<meta property=\"og:locale\" content=\"es_ES\" \/>\n<meta property=\"og:type\" content=\"article\" \/>\n<meta property=\"og:title\" content=\"Reclaman al Gobierno respuesta urgente a demandas en La Caleta - PotenciaRadiofonicaDominicana.com\" \/>\n<meta property=\"og:description\" content=\"Diversas organizaciones comunitarias y sociales, agrupadas en el Movimiento Municipal por los Derechos, exigieron este lunes al Gobierno central dar ...\" \/>\n<meta property=\"og:url\" content=\"https:\/\/potenciaradiofonicadominicana.com\/portal\/reclaman-al-gobierno-respuesta-urgente-a-demandas-en-la-caleta\/\" \/>\n<meta property=\"og:site_name\" content=\"PotenciaRadiofonicaDominicana.com\" \/>\n<meta property=\"article:publisher\" content=\"https:\/\/web.facebook.com\/PotenciaRadiofonicaD\" \/>\n<meta property=\"article:published_time\" content=\"2026-04-28T04:53:35+00:00\" \/>\n<meta property=\"og:image\" content=\"https:\/\/potenciaradiofonicadominicana.com\/portal\/wp-content\/uploads\/2026\/04\/lacaletareclamos.webp\" \/>\n\t<meta property=\"og:image:width\" content=\"1166\" \/>\n\t<meta property=\"og:image:height\" content=\"622\" \/>\n\t<meta property=\"og:image:type\" content=\"image\/webp\" \/>\n<meta name=\"author\" content=\"Potencia Radiof\u00f3nica Dominicana\" \/>\n<meta name=\"twitter:card\" content=\"summary_large_image\" \/>\n<meta name=\"twitter:label1\" content=\"Escrito por\" \/>\n\t<meta name=\"twitter:data1\" content=\"Potencia Radiof\u00f3nica Dominicana\" \/>\n\t<meta name=\"twitter:label2\" content=\"Tiempo de lectura\" \/>\n\t<meta name=\"twitter:data2\" content=\"2 minutos\" \/>\n<script type=\"application\/ld+json\" class=\"yoast-schema-graph\">{\"@context\":\"https:\/\/schema.org\",\"@graph\":[{\"@type\":\"Article\",\"@id\":\"https:\/\/potenciaradiofonicadominicana.com\/portal\/reclaman-al-gobierno-respuesta-urgente-a-demandas-en-la-caleta\/#article\",\"isPartOf\":{\"@id\":\"https:\/\/potenciaradiofonicadominicana.com\/portal\/reclaman-al-gobierno-respuesta-urgente-a-demandas-en-la-caleta\/\"},\"author\":{\"name\":\"Potencia Radiof\u00f3nica Dominicana\",\"@id\":\"https:\/\/potenciaradiofonicadominicana.com\/portal\/#\/schema\/person\/a5cf1fea13877803ee0573ac18b03490\"},\"headline\":\"Reclaman al Gobierno respuesta urgente a demandas en La Caleta\",\"datePublished\":\"2026-04-28T04:53:35+00:00\",\"mainEntityOfPage\":{\"@id\":\"https:\/\/potenciaradiofonicadominicana.com\/portal\/reclaman-al-gobierno-respuesta-urgente-a-demandas-en-la-caleta\/\"},\"wordCount\":342,\"publisher\":{\"@id\":\"https:\/\/potenciaradiofonicadominicana.com\/portal\/#organization\"},\"image\":{\"@id\":\"https:\/\/potenciaradiofonicadominicana.com\/portal\/reclaman-al-gobierno-respuesta-urgente-a-demandas-en-la-caleta\/#primaryimage\"},\"thumbnailUrl\":\"https:\/\/potenciaradiofonicadominicana.com\/portal\/wp-content\/uploads\/2026\/04\/lacaletareclamos.webp\",\"articleSection\":[\"Noticias\"],\"inLanguage\":\"es\"},{\"@type\":\"WebPage\",\"@id\":\"https:\/\/potenciaradiofonicadominicana.com\/portal\/reclaman-al-gobierno-respuesta-urgente-a-demandas-en-la-caleta\/\",\"url\":\"https:\/\/potenciaradiofonicadominicana.com\/portal\/reclaman-al-gobierno-respuesta-urgente-a-demandas-en-la-caleta\/\",\"name\":\"Reclaman al Gobierno respuesta urgente a demandas en La Caleta - PotenciaRadiofonicaDominicana.com\",\"isPartOf\":{\"@id\":\"https:\/\/potenciaradiofonicadominicana.com\/portal\/#website\"},\"primaryImageOfPage\":{\"@id\":\"https:\/\/potenciaradiofonicadominicana.com\/portal\/reclaman-al-gobierno-respuesta-urgente-a-demandas-en-la-caleta\/#primaryimage\"},\"image\":{\"@id\":\"https:\/\/potenciaradiofonicadominicana.com\/portal\/reclaman-al-gobierno-respuesta-urgente-a-demandas-en-la-caleta\/#primaryimage\"},\"thumbnailUrl\":\"https:\/\/potenciaradiofonicadominicana.com\/portal\/wp-content\/uploads\/2026\/04\/lacaletareclamos.webp\",\"datePublished\":\"2026-04-28T04:53:35+00:00\",\"breadcrumb\":{\"@id\":\"https:\/\/potenciaradiofonicadominicana.com\/portal\/reclaman-al-gobierno-respuesta-urgente-a-demandas-en-la-caleta\/#breadcrumb\"},\"inLanguage\":\"es\",\"potentialAction\":[{\"@type\":\"ReadAction\",\"target\":[\"https:\/\/potenciaradiofonicadominicana.com\/portal\/reclaman-al-gobierno-respuesta-urgente-a-demandas-en-la-caleta\/\"]}]},{\"@type\":\"ImageObject\",\"inLanguage\":\"es\",\"@id\":\"https:\/\/potenciaradiofonicadominicana.com\/portal\/reclaman-al-gobierno-respuesta-urgente-a-demandas-en-la-caleta\/#primaryimage\",\"url\":\"https:\/\/potenciaradiofonicadominicana.com\/portal\/wp-content\/uploads\/2026\/04\/lacaletareclamos.webp\",\"contentUrl\":\"https:\/\/potenciaradiofonicadominicana.com\/portal\/wp-content\/uploads\/2026\/04\/lacaletareclamos.webp\",\"width\":1166,\"height\":622},{\"@type\":\"BreadcrumbList\",\"@id\":\"https:\/\/potenciaradiofonicadominicana.com\/portal\/reclaman-al-gobierno-respuesta-urgente-a-demandas-en-la-caleta\/#breadcrumb\",\"itemListElement\":[{\"@type\":\"ListItem\",\"position\":1,\"name\":\"Portada\",\"item\":\"https:\/\/potenciaradiofonicadominicana.com\/portal\/\"},{\"@type\":\"ListItem\",\"position\":2,\"name\":\"Reclaman al Gobierno respuesta urgente a demandas en La Caleta\"}]},{\"@type\":\"WebSite\",\"@id\":\"https:\/\/potenciaradiofonicadominicana.com\/portal\/#website\",\"url\":\"https:\/\/potenciaradiofonicadominicana.com\/portal\/\",\"name\":\"PotenciaRadiofonicaDominicana.com\",\"description\":\"Peri\u00f3dico Digital\",\"publisher\":{\"@id\":\"https:\/\/potenciaradiofonicadominicana.com\/portal\/#organization\"},\"potentialAction\":[{\"@type\":\"SearchAction\",\"target\":{\"@type\":\"EntryPoint\",\"urlTemplate\":\"https:\/\/potenciaradiofonicadominicana.com\/portal\/?s={search_term_string}\"},\"query-input\":{\"@type\":\"PropertyValueSpecification\",\"valueRequired\":true,\"valueName\":\"search_term_string\"}}],\"inLanguage\":\"es\"},{\"@type\":\"Organization\",\"@id\":\"https:\/\/potenciaradiofonicadominicana.com\/portal\/#organization\",\"name\":\"PotenciaRadiofonicaDominicana.com\",\"url\":\"https:\/\/potenciaradiofonicadominicana.com\/portal\/\",\"logo\":{\"@type\":\"ImageObject\",\"inLanguage\":\"es\",\"@id\":\"https:\/\/potenciaradiofonicadominicana.com\/portal\/#\/schema\/logo\/image\/\",\"url\":\"https:\/\/potenciaradiofonicadominicana.com\/portal\/wp-content\/uploads\/2022\/01\/descarga.png\",\"contentUrl\":\"https:\/\/potenciaradiofonicadominicana.com\/portal\/wp-content\/uploads\/2022\/01\/descarga.png\",\"width\":300,\"height\":100,\"caption\":\"PotenciaRadiofonicaDominicana.com\"},\"image\":{\"@id\":\"https:\/\/potenciaradiofonicadominicana.com\/portal\/#\/schema\/logo\/image\/\"},\"sameAs\":[\"https:\/\/web.facebook.com\/PotenciaRadiofonicaD\"]},{\"@type\":\"Person\",\"@id\":\"https:\/\/potenciaradiofonicadominicana.com\/portal\/#\/schema\/person\/a5cf1fea13877803ee0573ac18b03490\",\"name\":\"Potencia Radiof\u00f3nica Dominicana\",\"image\":{\"@type\":\"ImageObject\",\"inLanguage\":\"es\",\"@id\":\"https:\/\/potenciaradiofonicadominicana.com\/portal\/#\/schema\/person\/image\/\",\"url\":\"https:\/\/secure.gravatar.com\/avatar\/42a55ab9e8ccc656ba34cd791990602a?s=96&d=mm&r=g\",\"contentUrl\":\"https:\/\/secure.gravatar.com\/avatar\/42a55ab9e8ccc656ba34cd791990602a?s=96&d=mm&r=g\",\"caption\":\"Potencia Radiof\u00f3nica Dominicana\"},\"url\":\"https:\/\/potenciaradiofonicadominicana.com\/portal\/author\/johannyalmanzar\/\"}]}<\/script>\n<!-- \/ Yoast SEO plugin. -->","yoast_head_json":{"title":"Reclaman al Gobierno respuesta urgente a demandas en La Caleta - PotenciaRadiofonicaDominicana.com","robots":{"index":"index","follow":"follow","max-snippet":"max-snippet:-1","max-image-preview":"max-image-preview:large","max-video-preview":"max-video-preview:-1"},"canonical":"https:\/\/potenciaradiofonicadominicana.com\/portal\/reclaman-al-gobierno-respuesta-urgente-a-demandas-en-la-caleta\/","og_locale":"es_ES","og_type":"article","og_title":"Reclaman al Gobierno respuesta urgente a demandas en La Caleta - PotenciaRadiofonicaDominicana.com","og_description":"Diversas organizaciones comunitarias y sociales, agrupadas en el Movimiento Municipal por los Derechos, exigieron este lunes al Gobierno central dar ...","og_url":"https:\/\/potenciaradiofonicadominicana.com\/portal\/reclaman-al-gobierno-respuesta-urgente-a-demandas-en-la-caleta\/","og_site_name":"PotenciaRadiofonicaDominicana.com","article_publisher":"https:\/\/web.facebook.com\/PotenciaRadiofonicaD","article_published_time":"2026-04-28T04:53:35+00:00","og_image":[{"width":1166,"height":622,"url":"https:\/\/potenciaradiofonicadominicana.com\/portal\/wp-content\/uploads\/2026\/04\/lacaletareclamos.webp","type":"image\/webp"}],"author":"Potencia Radiof\u00f3nica Dominicana","twitter_card":"summary_large_image","twitter_misc":{"Escrito por":"Potencia Radiof\u00f3nica Dominicana","Tiempo de lectura":"2 minutos"},"schema":{"@context":"https:\/\/schema.org","@graph":[{"@type":"Article","@id":"https:\/\/potenciaradiofonicadominicana.com\/portal\/reclaman-al-gobierno-respuesta-urgente-a-demandas-en-la-caleta\/#article","isPartOf":{"@id":"https:\/\/potenciaradiofonicadominicana.com\/portal\/reclaman-al-gobierno-respuesta-urgente-a-demandas-en-la-caleta\/"},"author":{"name":"Potencia Radiof\u00f3nica Dominicana","@id":"https:\/\/potenciaradiofonicadominicana.com\/portal\/#\/schema\/person\/a5cf1fea13877803ee0573ac18b03490"},"headline":"Reclaman al Gobierno respuesta urgente a demandas en La Caleta","datePublished":"2026-04-28T04:53:35+00:00","mainEntityOfPage":{"@id":"https:\/\/potenciaradiofonicadominicana.com\/portal\/reclaman-al-gobierno-respuesta-urgente-a-demandas-en-la-caleta\/"},"wordCount":342,"publisher":{"@id":"https:\/\/potenciaradiofonicadominicana.com\/portal\/#organization"},"image":{"@id":"https:\/\/potenciaradiofonicadominicana.com\/portal\/reclaman-al-gobierno-respuesta-urgente-a-demandas-en-la-caleta\/#primaryimage"},"thumbnailUrl":"https:\/\/potenciaradiofonicadominicana.com\/portal\/wp-content\/uploads\/2026\/04\/lacaletareclamos.webp","articleSection":["Noticias"],"inLanguage":"es"},{"@type":"WebPage","@id":"https:\/\/potenciaradiofonicadominicana.com\/portal\/reclaman-al-gobierno-respuesta-urgente-a-demandas-en-la-caleta\/","url":"https:\/\/potenciaradiofonicadominicana.com\/portal\/reclaman-al-gobierno-respuesta-urgente-a-demandas-en-la-caleta\/","name":"Reclaman al Gobierno respuesta urgente a demandas en La Caleta - PotenciaRadiofonicaDominicana.com","isPartOf":{"@id":"https:\/\/potenciaradiofonicadominicana.com\/portal\/#website"},"primaryImageOfPage":{"@id":"https:\/\/potenciaradiofonicadominicana.com\/portal\/reclaman-al-gobierno-respuesta-urgente-a-demandas-en-la-caleta\/#primaryimage"},"image":{"@id":"https:\/\/potenciaradiofonicadominicana.com\/portal\/reclaman-al-gobierno-respuesta-urgente-a-demandas-en-la-caleta\/#primaryimage"},"thumbnailUrl":"https:\/\/potenciaradiofonicadominicana.com\/portal\/wp-content\/uploads\/2026\/04\/lacaletareclamos.webp","datePublished":"2026-04-28T04:53:35+00:00","breadcrumb":{"@id":"https:\/\/potenciaradiofonicadominicana.com\/portal\/reclaman-al-gobierno-respuesta-urgente-a-demandas-en-la-caleta\/#breadcrumb"},"inLanguage":"es","potentialAction":[{"@type":"ReadAction","target":["https:\/\/potenciaradiofonicadominicana.com\/portal\/reclaman-al-gobierno-respuesta-urgente-a-demandas-en-la-caleta\/"]}]},{"@type":"ImageObject","inLanguage":"es","@id":"https:\/\/potenciaradiofonicadominicana.com\/portal\/reclaman-al-gobierno-respuesta-urgente-a-demandas-en-la-caleta\/#primaryimage","url":"https:\/\/potenciaradiofonicadominicana.com\/portal\/wp-content\/uploads\/2026\/04\/lacaletareclamos.webp","contentUrl":"https:\/\/potenciaradiofonicadominicana.com\/portal\/wp-content\/uploads\/2026\/04\/lacaletareclamos.webp","width":1166,"height":622},{"@type":"BreadcrumbList","@id":"https:\/\/potenciaradiofonicadominicana.com\/portal\/reclaman-al-gobierno-respuesta-urgente-a-demandas-en-la-caleta\/#breadcrumb","itemListElement":[{"@type":"ListItem","position":1,"name":"Portada","item":"https:\/\/potenciaradiofonicadominicana.com\/portal\/"},{"@type":"ListItem","position":2,"name":"Reclaman al Gobierno respuesta urgente a demandas en La Caleta"}]},{"@type":"WebSite","@id":"https:\/\/potenciaradiofonicadominicana.com\/portal\/#website","url":"https:\/\/potenciaradiofonicadominicana.com\/portal\/","name":"PotenciaRadiofonicaDominicana.com","description":"Peri\u00f3dico Digital","publisher":{"@id":"https:\/\/potenciaradiofonicadominicana.com\/portal\/#organization"},"potentialAction":[{"@type":"SearchAction","target":{"@type":"EntryPoint","urlTemplate":"https:\/\/potenciaradiofonicadominicana.com\/portal\/?s={search_term_string}"},"query-input":{"@type":"PropertyValueSpecification","valueRequired":true,"valueName":"search_term_string"}}],"inLanguage":"es"},{"@type":"Organization","@id":"https:\/\/potenciaradiofonicadominicana.com\/portal\/#organization","name":"PotenciaRadiofonicaDominicana.com","url":"https:\/\/potenciaradiofonicadominicana.com\/portal\/","logo":{"@type":"ImageObject","inLanguage":"es","@id":"https:\/\/potenciaradiofonicadominicana.com\/portal\/#\/schema\/logo\/image\/","url":"https:\/\/potenciaradiofonicadominicana.com\/portal\/wp-content\/uploads\/2022\/01\/descarga.png","contentUrl":"https:\/\/potenciaradiofonicadominicana.com\/portal\/wp-content\/uploads\/2022\/01\/descarga.png","width":300,"height":100,"caption":"PotenciaRadiofonicaDominicana.com"},"image":{"@id":"https:\/\/potenciaradiofonicadominicana.com\/portal\/#\/schema\/logo\/image\/"},"sameAs":["https:\/\/web.facebook.com\/PotenciaRadiofonicaD"]},{"@type":"Person","@id":"https:\/\/potenciaradiofonicadominicana.com\/portal\/#\/schema\/person\/a5cf1fea13877803ee0573ac18b03490","name":"Potencia Radiof\u00f3nica Dominicana","image":{"@type":"ImageObject","inLanguage":"es","@id":"https:\/\/potenciaradiofonicadominicana.com\/portal\/#\/schema\/person\/image\/","url":"https:\/\/secure.gravatar.com\/avatar\/42a55ab9e8ccc656ba34cd791990602a?s=96&d=mm&r=g","contentUrl":"https:\/\/secure.gravatar.com\/avatar\/42a55ab9e8ccc656ba34cd791990602a?s=96&d=mm&r=g","caption":"Potencia Radiof\u00f3nica Dominicana"},"url":"https:\/\/potenciaradiofonicadominicana.com\/portal\/author\/johannyalmanzar\/"}]}},"_links":{"self":[{"href":"https:\/\/potenciaradiofonicadominicana.com\/portal\/wp-json\/wp\/v2\/posts\/216100","targetHints":{"allow":["GET"]}}],"collection":[{"href":"https:\/\/potenciaradiofonicadominicana.com\/portal\/wp-json\/wp\/v2\/posts"}],"about":[{"href":"https:\/\/potenciaradiofonicadominicana.com\/portal\/wp-json\/wp\/v2\/types\/post"}],"author":[{"embeddable":true,"href":"https:\/\/potenciaradiofonicadominicana.com\/portal\/wp-json\/wp\/v2\/users\/2"}],"replies":[{"embeddable":true,"href":"https:\/\/potenciaradiofonicadominicana.com\/portal\/wp-json\/wp\/v2\/comments?post=216100"}],"version-history":[{"count":1,"href":"https:\/\/potenciaradiofonicadominicana.com\/portal\/wp-json\/wp\/v2\/posts\/216100\/revisions"}],"predecessor-version":[{"id":216102,"href":"https:\/\/potenciaradiofonicadominicana.com\/portal\/wp-json\/wp\/v2\/posts\/216100\/revisions\/216102"}],"wp:featuredmedia":[{"embeddable":true,"href":"https:\/\/potenciaradiofonicadominicana.com\/portal\/wp-json\/wp\/v2\/media\/216101"}],"wp:attachment":[{"href":"https:\/\/potenciaradiofonicadominicana.com\/portal\/wp-json\/wp\/v2\/media?parent=216100"}],"wp:term":[{"taxonomy":"category","embeddable":true,"href":"https:\/\/potenciaradiofonicadominicana.com\/portal\/wp-json\/wp\/v2\/categories?post=216100"},{"taxonomy":"post_tag","embeddable":true,"href":"https:\/\/potenciaradiofonicadominicana.com\/portal\/wp-json\/wp\/v2\/tags?post=216100"}],"curies":[{"name":"wp","href":"https:\/\/api.w.org\/{rel}","templated":true}]}}