{"id":216097,"date":"2026-04-28T00:52:11","date_gmt":"2026-04-28T04:52:11","guid":{"rendered":"https:\/\/potenciaradiofonicadominicana.com\/portal\/?p=216097"},"modified":"2026-04-28T00:52:11","modified_gmt":"2026-04-28T04:52:11","slug":"caasd-intervendra-canada-juan-valdez-en-los-rios-para-poner-fin-a-inundaciones","status":"publish","type":"post","link":"https:\/\/potenciaradiofonicadominicana.com\/portal\/caasd-intervendra-canada-juan-valdez-en-los-rios-para-poner-fin-a-inundaciones\/","title":{"rendered":"Caasd intervendr\u00e1 ca\u00f1ada Juan Valdez en Los R\u00edos para poner fin a inundaciones"},"content":{"rendered":"<p><a href=\"https:\/\/potenciaradiofonicadominicana.com\/portal\/wp-content\/uploads\/2026\/04\/PHOTO-2026-04-26-12-17-53.jpg\"><img loading=\"lazy\" decoding=\"async\" class=\"alignnone size-full wp-image-216098\" src=\"https:\/\/potenciaradiofonicadominicana.com\/portal\/wp-content\/uploads\/2026\/04\/PHOTO-2026-04-26-12-17-53.jpg\" alt=\"\" width=\"1300\" height=\"731\" srcset=\"https:\/\/potenciaradiofonicadominicana.com\/portal\/wp-content\/uploads\/2026\/04\/PHOTO-2026-04-26-12-17-53.jpg 1300w, https:\/\/potenciaradiofonicadominicana.com\/portal\/wp-content\/uploads\/2026\/04\/PHOTO-2026-04-26-12-17-53-300x169.jpg 300w, https:\/\/potenciaradiofonicadominicana.com\/portal\/wp-content\/uploads\/2026\/04\/PHOTO-2026-04-26-12-17-53-1024x576.jpg 1024w, https:\/\/potenciaradiofonicadominicana.com\/portal\/wp-content\/uploads\/2026\/04\/PHOTO-2026-04-26-12-17-53-768x432.jpg 768w\" sizes=\"auto, (max-width: 1300px) 100vw, 1300px\" \/><\/a><\/p>\n<p>El director general de la Corporaci\u00f3n del Acueducto y Alcantarillado de Santo Domingo (Caasd), ingeniero Fellito Suberv\u00ed, asegur\u00f3 que \u201cel dolor de cabeza, la zozobra y el terror\u201d que provocan las inundaciones, que por m\u00e1s de 30 a\u00f1os han sufrido los residentes en las proximidades de la ca\u00f1ada Juan Valdez en el sector de Los R\u00edos, ser\u00e1 cosa del pasado con el saneamiento de este afluente.<\/p>\n<p>Sin embargo, el funcionario advirti\u00f3 que la soluci\u00f3n a las inundaciones en el Gran Santo Domingo requiere de la \u201ctoma de conciencia\u201d por parte de la poblaci\u00f3n respecto al manejo de la basura.<\/p>\n<p>Durante un recorrido por las ca\u00f1adas en proceso de saneamiento durante el fin de semana, entre ellas Juan Valdez, Las 800, Guajim\u00eda, Las Caobas y Los Girasoles, el ingeniero Suberv\u00ed explic\u00f3 que, aunque el imaginario colectivo se enfoca en el centro de la ciudad, \u201cdonde m\u00e1s se inunda es en la periferia, donde est\u00e1n todas esas ca\u00f1adas\u201d, debido a la densidad poblacional y al impacto de los desechos en los cauces.<\/p>\n<p>El director de la Caasd fue enf\u00e1tico al se\u00f1alar que la basura es el principal obst\u00e1culo para que las obras de infraestructura funcionen correctamente. \u201cNo nos quejemos porque el Estado no limpia los imbornales. Vamos a poner esfuerzo para que no lo ensucien\u201d, sentenci\u00f3 Fellito Suberv\u00ed.<\/p>\n<p>Se\u00f1al\u00f3 que, pensando en el bienestar, la seguridad y la salud de la gente, el gobierno del presidente Luis Abinader ha puesto el tema de las ca\u00f1adas \u201cen el tablero\u201d, pero advirti\u00f3 que, si no se crea conciencia, la basura seguir\u00e1 afectando los sistemas dise\u00f1ados para durar hasta 50 a\u00f1os.<\/p>\n<p>El ingeniero Suberv\u00ed Hern\u00e1ndez denunci\u00f3 incluso que en zonas donde ya se han entregado obras que ahora son avenidas, hay personas que rompen el concreto que cubre las ca\u00f1adas y \u201cle hacen un hoyo para tirar la basura por ah\u00ed abajo\u201d.<\/p>\n<p>Fellito Suberv\u00ed defendi\u00f3 la efectividad de los proyectos concluidos por la Caasd, citando como ejemplo principal a Cristo Park. Asegur\u00f3 que, a pesar de las fuertes lluvias recientes, en ese lugar \u201cno pas\u00f3 nada\u201d porque la obra funciona correctamente como desag\u00fce hacia el r\u00edo Isabela.<\/p>\n<p>Asimismo, destac\u00f3 que, de los 45 kil\u00f3metros de ca\u00f1adas intervenidos, ya se han entregado 19 kil\u00f3metros en sectores como Villa Linda, Los Cocos, El Caf\u00e9 de Herrera y El Indio, donde los reportes indican que no hubo inundaciones tras la finalizaci\u00f3n de los trabajos.<\/p>\n<p>El titular de la Caasd reiter\u00f3 que el mantenimiento de la ciudad es un esfuerzo colectivo. \u201cEs un problema de sociedad y de toma de decisi\u00f3n, no solamente del Gobierno, sino tambi\u00e9n de la ciudadan\u00eda\u201d, concluy\u00f3, tras proponer una campa\u00f1a educativa permanente que involucre a l\u00edderes pol\u00edticos y comunicadores para cambiar la cultura de limpieza en el pa\u00eds.<\/p>\n","protected":false},"excerpt":{"rendered":"<p>El director general de la Corporaci\u00f3n del Acueducto y Alcantarillado de Santo Domingo (Caasd), ingeniero Fellito Suberv\u00ed, asegur\u00f3 que \u201cel &#8230;<\/p>\n","protected":false},"author":2,"featured_media":216098,"comment_status":"closed","ping_status":"closed","sticky":false,"template":"","format":"standard","meta":{"footnotes":""},"categories":[25],"tags":[],"class_list":["post-216097","post","type-post","status-publish","format-standard","has-post-thumbnail","hentry","category-noticias"],"yoast_head":"<!-- This site is optimized with the Yoast SEO plugin v24.8.1 - https:\/\/yoast.com\/wordpress\/plugins\/seo\/ -->\n<title>Caasd intervendr\u00e1 ca\u00f1ada Juan Valdez en Los R\u00edos para poner fin a inundaciones - PotenciaRadiofonicaDominicana.com<\/title>\n<meta name=\"robots\" content=\"index, follow, max-snippet:-1, max-image-preview:large, max-video-preview:-1\" \/>\n<link rel=\"canonical\" href=\"https:\/\/potenciaradiofonicadominicana.com\/portal\/caasd-intervendra-canada-juan-valdez-en-los-rios-para-poner-fin-a-inundaciones\/\" \/>\n<meta property=\"og:locale\" content=\"es_ES\" \/>\n<meta property=\"og:type\" content=\"article\" \/>\n<meta property=\"og:title\" content=\"Caasd intervendr\u00e1 ca\u00f1ada Juan Valdez en Los R\u00edos para poner fin a inundaciones - PotenciaRadiofonicaDominicana.com\" \/>\n<meta property=\"og:description\" content=\"El director general de la Corporaci\u00f3n del Acueducto y Alcantarillado de Santo Domingo (Caasd), ingeniero Fellito Suberv\u00ed, asegur\u00f3 que \u201cel ...\" \/>\n<meta property=\"og:url\" content=\"https:\/\/potenciaradiofonicadominicana.com\/portal\/caasd-intervendra-canada-juan-valdez-en-los-rios-para-poner-fin-a-inundaciones\/\" \/>\n<meta property=\"og:site_name\" content=\"PotenciaRadiofonicaDominicana.com\" \/>\n<meta property=\"article:publisher\" content=\"https:\/\/web.facebook.com\/PotenciaRadiofonicaD\" \/>\n<meta property=\"article:published_time\" content=\"2026-04-28T04:52:11+00:00\" \/>\n<meta property=\"og:image\" content=\"https:\/\/potenciaradiofonicadominicana.com\/portal\/wp-content\/uploads\/2026\/04\/PHOTO-2026-04-26-12-17-53.jpg\" \/>\n\t<meta property=\"og:image:width\" content=\"1300\" \/>\n\t<meta property=\"og:image:height\" content=\"731\" \/>\n\t<meta property=\"og:image:type\" content=\"image\/jpeg\" \/>\n<meta name=\"author\" content=\"Potencia Radiof\u00f3nica Dominicana\" \/>\n<meta name=\"twitter:card\" content=\"summary_large_image\" \/>\n<meta name=\"twitter:label1\" content=\"Escrito por\" \/>\n\t<meta name=\"twitter:data1\" content=\"Potencia Radiof\u00f3nica Dominicana\" \/>\n\t<meta name=\"twitter:label2\" content=\"Tiempo de lectura\" \/>\n\t<meta name=\"twitter:data2\" content=\"3 minutos\" \/>\n<script type=\"application\/ld+json\" class=\"yoast-schema-graph\">{\"@context\":\"https:\/\/schema.org\",\"@graph\":[{\"@type\":\"Article\",\"@id\":\"https:\/\/potenciaradiofonicadominicana.com\/portal\/caasd-intervendra-canada-juan-valdez-en-los-rios-para-poner-fin-a-inundaciones\/#article\",\"isPartOf\":{\"@id\":\"https:\/\/potenciaradiofonicadominicana.com\/portal\/caasd-intervendra-canada-juan-valdez-en-los-rios-para-poner-fin-a-inundaciones\/\"},\"author\":{\"name\":\"Potencia Radiof\u00f3nica Dominicana\",\"@id\":\"https:\/\/potenciaradiofonicadominicana.com\/portal\/#\/schema\/person\/a5cf1fea13877803ee0573ac18b03490\"},\"headline\":\"Caasd intervendr\u00e1 ca\u00f1ada Juan Valdez en Los R\u00edos para poner fin a inundaciones\",\"datePublished\":\"2026-04-28T04:52:11+00:00\",\"mainEntityOfPage\":{\"@id\":\"https:\/\/potenciaradiofonicadominicana.com\/portal\/caasd-intervendra-canada-juan-valdez-en-los-rios-para-poner-fin-a-inundaciones\/\"},\"wordCount\":498,\"publisher\":{\"@id\":\"https:\/\/potenciaradiofonicadominicana.com\/portal\/#organization\"},\"image\":{\"@id\":\"https:\/\/potenciaradiofonicadominicana.com\/portal\/caasd-intervendra-canada-juan-valdez-en-los-rios-para-poner-fin-a-inundaciones\/#primaryimage\"},\"thumbnailUrl\":\"https:\/\/potenciaradiofonicadominicana.com\/portal\/wp-content\/uploads\/2026\/04\/PHOTO-2026-04-26-12-17-53.jpg\",\"articleSection\":[\"Noticias\"],\"inLanguage\":\"es\"},{\"@type\":\"WebPage\",\"@id\":\"https:\/\/potenciaradiofonicadominicana.com\/portal\/caasd-intervendra-canada-juan-valdez-en-los-rios-para-poner-fin-a-inundaciones\/\",\"url\":\"https:\/\/potenciaradiofonicadominicana.com\/portal\/caasd-intervendra-canada-juan-valdez-en-los-rios-para-poner-fin-a-inundaciones\/\",\"name\":\"Caasd intervendr\u00e1 ca\u00f1ada Juan Valdez en Los R\u00edos para poner fin a inundaciones - PotenciaRadiofonicaDominicana.com\",\"isPartOf\":{\"@id\":\"https:\/\/potenciaradiofonicadominicana.com\/portal\/#website\"},\"primaryImageOfPage\":{\"@id\":\"https:\/\/potenciaradiofonicadominicana.com\/portal\/caasd-intervendra-canada-juan-valdez-en-los-rios-para-poner-fin-a-inundaciones\/#primaryimage\"},\"image\":{\"@id\":\"https:\/\/potenciaradiofonicadominicana.com\/portal\/caasd-intervendra-canada-juan-valdez-en-los-rios-para-poner-fin-a-inundaciones\/#primaryimage\"},\"thumbnailUrl\":\"https:\/\/potenciaradiofonicadominicana.com\/portal\/wp-content\/uploads\/2026\/04\/PHOTO-2026-04-26-12-17-53.jpg\",\"datePublished\":\"2026-04-28T04:52:11+00:00\",\"breadcrumb\":{\"@id\":\"https:\/\/potenciaradiofonicadominicana.com\/portal\/caasd-intervendra-canada-juan-valdez-en-los-rios-para-poner-fin-a-inundaciones\/#breadcrumb\"},\"inLanguage\":\"es\",\"potentialAction\":[{\"@type\":\"ReadAction\",\"target\":[\"https:\/\/potenciaradiofonicadominicana.com\/portal\/caasd-intervendra-canada-juan-valdez-en-los-rios-para-poner-fin-a-inundaciones\/\"]}]},{\"@type\":\"ImageObject\",\"inLanguage\":\"es\",\"@id\":\"https:\/\/potenciaradiofonicadominicana.com\/portal\/caasd-intervendra-canada-juan-valdez-en-los-rios-para-poner-fin-a-inundaciones\/#primaryimage\",\"url\":\"https:\/\/potenciaradiofonicadominicana.com\/portal\/wp-content\/uploads\/2026\/04\/PHOTO-2026-04-26-12-17-53.jpg\",\"contentUrl\":\"https:\/\/potenciaradiofonicadominicana.com\/portal\/wp-content\/uploads\/2026\/04\/PHOTO-2026-04-26-12-17-53.jpg\",\"width\":1300,\"height\":731},{\"@type\":\"BreadcrumbList\",\"@id\":\"https:\/\/potenciaradiofonicadominicana.com\/portal\/caasd-intervendra-canada-juan-valdez-en-los-rios-para-poner-fin-a-inundaciones\/#breadcrumb\",\"itemListElement\":[{\"@type\":\"ListItem\",\"position\":1,\"name\":\"Portada\",\"item\":\"https:\/\/potenciaradiofonicadominicana.com\/portal\/\"},{\"@type\":\"ListItem\",\"position\":2,\"name\":\"Caasd intervendr\u00e1 ca\u00f1ada Juan Valdez en Los R\u00edos para poner fin a inundaciones\"}]},{\"@type\":\"WebSite\",\"@id\":\"https:\/\/potenciaradiofonicadominicana.com\/portal\/#website\",\"url\":\"https:\/\/potenciaradiofonicadominicana.com\/portal\/\",\"name\":\"PotenciaRadiofonicaDominicana.com\",\"description\":\"Peri\u00f3dico Digital\",\"publisher\":{\"@id\":\"https:\/\/potenciaradiofonicadominicana.com\/portal\/#organization\"},\"potentialAction\":[{\"@type\":\"SearchAction\",\"target\":{\"@type\":\"EntryPoint\",\"urlTemplate\":\"https:\/\/potenciaradiofonicadominicana.com\/portal\/?s={search_term_string}\"},\"query-input\":{\"@type\":\"PropertyValueSpecification\",\"valueRequired\":true,\"valueName\":\"search_term_string\"}}],\"inLanguage\":\"es\"},{\"@type\":\"Organization\",\"@id\":\"https:\/\/potenciaradiofonicadominicana.com\/portal\/#organization\",\"name\":\"PotenciaRadiofonicaDominicana.com\",\"url\":\"https:\/\/potenciaradiofonicadominicana.com\/portal\/\",\"logo\":{\"@type\":\"ImageObject\",\"inLanguage\":\"es\",\"@id\":\"https:\/\/potenciaradiofonicadominicana.com\/portal\/#\/schema\/logo\/image\/\",\"url\":\"https:\/\/potenciaradiofonicadominicana.com\/portal\/wp-content\/uploads\/2022\/01\/descarga.png\",\"contentUrl\":\"https:\/\/potenciaradiofonicadominicana.com\/portal\/wp-content\/uploads\/2022\/01\/descarga.png\",\"width\":300,\"height\":100,\"caption\":\"PotenciaRadiofonicaDominicana.com\"},\"image\":{\"@id\":\"https:\/\/potenciaradiofonicadominicana.com\/portal\/#\/schema\/logo\/image\/\"},\"sameAs\":[\"https:\/\/web.facebook.com\/PotenciaRadiofonicaD\"]},{\"@type\":\"Person\",\"@id\":\"https:\/\/potenciaradiofonicadominicana.com\/portal\/#\/schema\/person\/a5cf1fea13877803ee0573ac18b03490\",\"name\":\"Potencia Radiof\u00f3nica Dominicana\",\"image\":{\"@type\":\"ImageObject\",\"inLanguage\":\"es\",\"@id\":\"https:\/\/potenciaradiofonicadominicana.com\/portal\/#\/schema\/person\/image\/\",\"url\":\"https:\/\/secure.gravatar.com\/avatar\/42a55ab9e8ccc656ba34cd791990602a?s=96&d=mm&r=g\",\"contentUrl\":\"https:\/\/secure.gravatar.com\/avatar\/42a55ab9e8ccc656ba34cd791990602a?s=96&d=mm&r=g\",\"caption\":\"Potencia Radiof\u00f3nica Dominicana\"},\"url\":\"https:\/\/potenciaradiofonicadominicana.com\/portal\/author\/johannyalmanzar\/\"}]}<\/script>\n<!-- \/ Yoast SEO plugin. -->","yoast_head_json":{"title":"Caasd intervendr\u00e1 ca\u00f1ada Juan Valdez en Los R\u00edos para poner fin a inundaciones - PotenciaRadiofonicaDominicana.com","robots":{"index":"index","follow":"follow","max-snippet":"max-snippet:-1","max-image-preview":"max-image-preview:large","max-video-preview":"max-video-preview:-1"},"canonical":"https:\/\/potenciaradiofonicadominicana.com\/portal\/caasd-intervendra-canada-juan-valdez-en-los-rios-para-poner-fin-a-inundaciones\/","og_locale":"es_ES","og_type":"article","og_title":"Caasd intervendr\u00e1 ca\u00f1ada Juan Valdez en Los R\u00edos para poner fin a inundaciones - PotenciaRadiofonicaDominicana.com","og_description":"El director general de la Corporaci\u00f3n del Acueducto y Alcantarillado de Santo Domingo (Caasd), ingeniero Fellito Suberv\u00ed, asegur\u00f3 que \u201cel ...","og_url":"https:\/\/potenciaradiofonicadominicana.com\/portal\/caasd-intervendra-canada-juan-valdez-en-los-rios-para-poner-fin-a-inundaciones\/","og_site_name":"PotenciaRadiofonicaDominicana.com","article_publisher":"https:\/\/web.facebook.com\/PotenciaRadiofonicaD","article_published_time":"2026-04-28T04:52:11+00:00","og_image":[{"width":1300,"height":731,"url":"https:\/\/potenciaradiofonicadominicana.com\/portal\/wp-content\/uploads\/2026\/04\/PHOTO-2026-04-26-12-17-53.jpg","type":"image\/jpeg"}],"author":"Potencia Radiof\u00f3nica Dominicana","twitter_card":"summary_large_image","twitter_misc":{"Escrito por":"Potencia Radiof\u00f3nica Dominicana","Tiempo de lectura":"3 minutos"},"schema":{"@context":"https:\/\/schema.org","@graph":[{"@type":"Article","@id":"https:\/\/potenciaradiofonicadominicana.com\/portal\/caasd-intervendra-canada-juan-valdez-en-los-rios-para-poner-fin-a-inundaciones\/#article","isPartOf":{"@id":"https:\/\/potenciaradiofonicadominicana.com\/portal\/caasd-intervendra-canada-juan-valdez-en-los-rios-para-poner-fin-a-inundaciones\/"},"author":{"name":"Potencia Radiof\u00f3nica Dominicana","@id":"https:\/\/potenciaradiofonicadominicana.com\/portal\/#\/schema\/person\/a5cf1fea13877803ee0573ac18b03490"},"headline":"Caasd intervendr\u00e1 ca\u00f1ada Juan Valdez en Los R\u00edos para poner fin a inundaciones","datePublished":"2026-04-28T04:52:11+00:00","mainEntityOfPage":{"@id":"https:\/\/potenciaradiofonicadominicana.com\/portal\/caasd-intervendra-canada-juan-valdez-en-los-rios-para-poner-fin-a-inundaciones\/"},"wordCount":498,"publisher":{"@id":"https:\/\/potenciaradiofonicadominicana.com\/portal\/#organization"},"image":{"@id":"https:\/\/potenciaradiofonicadominicana.com\/portal\/caasd-intervendra-canada-juan-valdez-en-los-rios-para-poner-fin-a-inundaciones\/#primaryimage"},"thumbnailUrl":"https:\/\/potenciaradiofonicadominicana.com\/portal\/wp-content\/uploads\/2026\/04\/PHOTO-2026-04-26-12-17-53.jpg","articleSection":["Noticias"],"inLanguage":"es"},{"@type":"WebPage","@id":"https:\/\/potenciaradiofonicadominicana.com\/portal\/caasd-intervendra-canada-juan-valdez-en-los-rios-para-poner-fin-a-inundaciones\/","url":"https:\/\/potenciaradiofonicadominicana.com\/portal\/caasd-intervendra-canada-juan-valdez-en-los-rios-para-poner-fin-a-inundaciones\/","name":"Caasd intervendr\u00e1 ca\u00f1ada Juan Valdez en Los R\u00edos para poner fin a inundaciones - PotenciaRadiofonicaDominicana.com","isPartOf":{"@id":"https:\/\/potenciaradiofonicadominicana.com\/portal\/#website"},"primaryImageOfPage":{"@id":"https:\/\/potenciaradiofonicadominicana.com\/portal\/caasd-intervendra-canada-juan-valdez-en-los-rios-para-poner-fin-a-inundaciones\/#primaryimage"},"image":{"@id":"https:\/\/potenciaradiofonicadominicana.com\/portal\/caasd-intervendra-canada-juan-valdez-en-los-rios-para-poner-fin-a-inundaciones\/#primaryimage"},"thumbnailUrl":"https:\/\/potenciaradiofonicadominicana.com\/portal\/wp-content\/uploads\/2026\/04\/PHOTO-2026-04-26-12-17-53.jpg","datePublished":"2026-04-28T04:52:11+00:00","breadcrumb":{"@id":"https:\/\/potenciaradiofonicadominicana.com\/portal\/caasd-intervendra-canada-juan-valdez-en-los-rios-para-poner-fin-a-inundaciones\/#breadcrumb"},"inLanguage":"es","potentialAction":[{"@type":"ReadAction","target":["https:\/\/potenciaradiofonicadominicana.com\/portal\/caasd-intervendra-canada-juan-valdez-en-los-rios-para-poner-fin-a-inundaciones\/"]}]},{"@type":"ImageObject","inLanguage":"es","@id":"https:\/\/potenciaradiofonicadominicana.com\/portal\/caasd-intervendra-canada-juan-valdez-en-los-rios-para-poner-fin-a-inundaciones\/#primaryimage","url":"https:\/\/potenciaradiofonicadominicana.com\/portal\/wp-content\/uploads\/2026\/04\/PHOTO-2026-04-26-12-17-53.jpg","contentUrl":"https:\/\/potenciaradiofonicadominicana.com\/portal\/wp-content\/uploads\/2026\/04\/PHOTO-2026-04-26-12-17-53.jpg","width":1300,"height":731},{"@type":"BreadcrumbList","@id":"https:\/\/potenciaradiofonicadominicana.com\/portal\/caasd-intervendra-canada-juan-valdez-en-los-rios-para-poner-fin-a-inundaciones\/#breadcrumb","itemListElement":[{"@type":"ListItem","position":1,"name":"Portada","item":"https:\/\/potenciaradiofonicadominicana.com\/portal\/"},{"@type":"ListItem","position":2,"name":"Caasd intervendr\u00e1 ca\u00f1ada Juan Valdez en Los R\u00edos para poner fin a inundaciones"}]},{"@type":"WebSite","@id":"https:\/\/potenciaradiofonicadominicana.com\/portal\/#website","url":"https:\/\/potenciaradiofonicadominicana.com\/portal\/","name":"PotenciaRadiofonicaDominicana.com","description":"Peri\u00f3dico Digital","publisher":{"@id":"https:\/\/potenciaradiofonicadominicana.com\/portal\/#organization"},"potentialAction":[{"@type":"SearchAction","target":{"@type":"EntryPoint","urlTemplate":"https:\/\/potenciaradiofonicadominicana.com\/portal\/?s={search_term_string}"},"query-input":{"@type":"PropertyValueSpecification","valueRequired":true,"valueName":"search_term_string"}}],"inLanguage":"es"},{"@type":"Organization","@id":"https:\/\/potenciaradiofonicadominicana.com\/portal\/#organization","name":"PotenciaRadiofonicaDominicana.com","url":"https:\/\/potenciaradiofonicadominicana.com\/portal\/","logo":{"@type":"ImageObject","inLanguage":"es","@id":"https:\/\/potenciaradiofonicadominicana.com\/portal\/#\/schema\/logo\/image\/","url":"https:\/\/potenciaradiofonicadominicana.com\/portal\/wp-content\/uploads\/2022\/01\/descarga.png","contentUrl":"https:\/\/potenciaradiofonicadominicana.com\/portal\/wp-content\/uploads\/2022\/01\/descarga.png","width":300,"height":100,"caption":"PotenciaRadiofonicaDominicana.com"},"image":{"@id":"https:\/\/potenciaradiofonicadominicana.com\/portal\/#\/schema\/logo\/image\/"},"sameAs":["https:\/\/web.facebook.com\/PotenciaRadiofonicaD"]},{"@type":"Person","@id":"https:\/\/potenciaradiofonicadominicana.com\/portal\/#\/schema\/person\/a5cf1fea13877803ee0573ac18b03490","name":"Potencia Radiof\u00f3nica Dominicana","image":{"@type":"ImageObject","inLanguage":"es","@id":"https:\/\/potenciaradiofonicadominicana.com\/portal\/#\/schema\/person\/image\/","url":"https:\/\/secure.gravatar.com\/avatar\/42a55ab9e8ccc656ba34cd791990602a?s=96&d=mm&r=g","contentUrl":"https:\/\/secure.gravatar.com\/avatar\/42a55ab9e8ccc656ba34cd791990602a?s=96&d=mm&r=g","caption":"Potencia Radiof\u00f3nica Dominicana"},"url":"https:\/\/potenciaradiofonicadominicana.com\/portal\/author\/johannyalmanzar\/"}]}},"_links":{"self":[{"href":"https:\/\/potenciaradiofonicadominicana.com\/portal\/wp-json\/wp\/v2\/posts\/216097","targetHints":{"allow":["GET"]}}],"collection":[{"href":"https:\/\/potenciaradiofonicadominicana.com\/portal\/wp-json\/wp\/v2\/posts"}],"about":[{"href":"https:\/\/potenciaradiofonicadominicana.com\/portal\/wp-json\/wp\/v2\/types\/post"}],"author":[{"embeddable":true,"href":"https:\/\/potenciaradiofonicadominicana.com\/portal\/wp-json\/wp\/v2\/users\/2"}],"replies":[{"embeddable":true,"href":"https:\/\/potenciaradiofonicadominicana.com\/portal\/wp-json\/wp\/v2\/comments?post=216097"}],"version-history":[{"count":1,"href":"https:\/\/potenciaradiofonicadominicana.com\/portal\/wp-json\/wp\/v2\/posts\/216097\/revisions"}],"predecessor-version":[{"id":216099,"href":"https:\/\/potenciaradiofonicadominicana.com\/portal\/wp-json\/wp\/v2\/posts\/216097\/revisions\/216099"}],"wp:featuredmedia":[{"embeddable":true,"href":"https:\/\/potenciaradiofonicadominicana.com\/portal\/wp-json\/wp\/v2\/media\/216098"}],"wp:attachment":[{"href":"https:\/\/potenciaradiofonicadominicana.com\/portal\/wp-json\/wp\/v2\/media?parent=216097"}],"wp:term":[{"taxonomy":"category","embeddable":true,"href":"https:\/\/potenciaradiofonicadominicana.com\/portal\/wp-json\/wp\/v2\/categories?post=216097"},{"taxonomy":"post_tag","embeddable":true,"href":"https:\/\/potenciaradiofonicadominicana.com\/portal\/wp-json\/wp\/v2\/tags?post=216097"}],"curies":[{"name":"wp","href":"https:\/\/api.w.org\/{rel}","templated":true}]}}