{"id":216094,"date":"2026-04-28T00:38:28","date_gmt":"2026-04-28T04:38:28","guid":{"rendered":"https:\/\/potenciaradiofonicadominicana.com\/portal\/?p=216094"},"modified":"2026-04-28T00:38:28","modified_gmt":"2026-04-28T04:38:28","slug":"parroco-luis-maria-ramon-destaca-liderazgo-firme-de-abinader-en-tiempos-de-crisis-y-lo-define-como-estadista","status":"publish","type":"post","link":"https:\/\/potenciaradiofonicadominicana.com\/portal\/parroco-luis-maria-ramon-destaca-liderazgo-firme-de-abinader-en-tiempos-de-crisis-y-lo-define-como-estadista\/","title":{"rendered":"P\u00e1rroco Luis Mar\u00eda Ram\u00f3n destaca liderazgo firme de Abinader en tiempos de crisis y lo define como estadista"},"content":{"rendered":"<p><a href=\"https:\/\/potenciaradiofonicadominicana.com\/portal\/wp-content\/uploads\/2026\/04\/1001569904.jpg\"><img loading=\"lazy\" decoding=\"async\" class=\"alignnone size-full wp-image-216095\" src=\"https:\/\/potenciaradiofonicadominicana.com\/portal\/wp-content\/uploads\/2026\/04\/1001569904.jpg\" alt=\"\" width=\"768\" height=\"432\" srcset=\"https:\/\/potenciaradiofonicadominicana.com\/portal\/wp-content\/uploads\/2026\/04\/1001569904.jpg 768w, https:\/\/potenciaradiofonicadominicana.com\/portal\/wp-content\/uploads\/2026\/04\/1001569904-300x169.jpg 300w\" sizes=\"auto, (max-width: 768px) 100vw, 768px\" \/><\/a><\/p>\n<p data-start=\"23\" data-end=\"388\">El p\u00e1rroco Luis Mar\u00eda Ram\u00f3n destac\u00f3 que el presidente\u00a0<span class=\"hover:entity-accent entity-underline inline cursor-pointer align-baseline\"><span class=\"whitespace-normal\">Luis Abinader<\/span><\/span>\u00a0ha gobernado en tiempos de tempestad con coraje de estadista, resaltando su firmeza en la defensa de la soberan\u00eda, su capacidad de actuar sin titubeos ante las crisis y una gesti\u00f3n con resultados concretos en seguridad, salud e infraestructura en beneficio de la poblaci\u00f3n.<\/p>\n<p data-start=\"390\" data-end=\"730\">De acuerdo con una nota de prensa, el religioso ofreci\u00f3 estas declaraciones durante el acto de inauguraci\u00f3n de la carretera Mata Bonita\u2013Los Memisos, de 13.8 kil\u00f3metros, en el distrito municipal de Las Gordas, municipio de Nagua, obra construida por la Empresa de Generaci\u00f3n Hidroel\u00e9ctrica Dominicana (EGEHID) y encabezada por el mandatario.<\/p>\n<p data-start=\"732\" data-end=\"1003\">Durante su intervenci\u00f3n, el p\u00e1rroco reflexion\u00f3 sobre la gesti\u00f3n del jefe de Estado, se\u00f1alando que en seis a\u00f1os ha gobernado en escenarios complejos, donde \u2014a su juicio\u2014 se prueba el verdadero liderazgo. En ese sentido, afirm\u00f3 que el presidente ha superado dichas pruebas.<\/p>\n<p data-start=\"1005\" data-end=\"1443\">Asimismo, cit\u00f3 entre los desaf\u00edos enfrentados una crisis de seguridad que, seg\u00fan indic\u00f3, \u201chizo sangrar las calles\u201d, destacando que actualmente el pa\u00eds registra una de las tasas de homicidios m\u00e1s bajas de su historia. Tambi\u00e9n mencion\u00f3 el impacto de factores internacionales, como el aumento del costo de los combustibles por conflictos en Medio Oriente, frente a lo cual asegur\u00f3 que la naci\u00f3n se ha mantenido en funcionamiento y en avance.<\/p>\n<p data-start=\"1445\" data-end=\"1770\">En otro orden, valor\u00f3 la actuaci\u00f3n del mandatario ante la situaci\u00f3n del pa\u00eds vecino, se\u00f1alando que actu\u00f3 con firmeza sin negociar la soberan\u00eda ni perder el sentido humano. Entre las medidas, mencion\u00f3 el despliegue de soldados, la construcci\u00f3n de muros y reformas migratorias, acciones que defini\u00f3 como \u201cfirmeza con dignidad\u201d.<\/p>\n<p data-start=\"1772\" data-end=\"2054\">En cuanto a los resultados de la gesti\u00f3n, enumer\u00f3 avances como la reducci\u00f3n de muertes por dengue en 2025, niveles hist\u00f3ricos en la baja de homicidios, la construcci\u00f3n de hospitales y centros de atenci\u00f3n primaria, as\u00ed como mejoras en infraestructura b\u00e1sica en distintas comunidades.<\/p>\n<p data-start=\"2056\" data-end=\"2332\">De igual forma, resalt\u00f3 la postura \u00e9tica del presidente al se\u00f1alar que \u201ctiene muchos amigos, pero no c\u00f3mplices\u201d, lo que calific\u00f3 como una ense\u00f1anza para la administraci\u00f3n p\u00fablica. Agreg\u00f3 que ante irregularidades, el mandatario ha actuado sin titubeos y sin negociar impunidad.<\/p>\n<p data-start=\"2334\" data-end=\"2504\">Seg\u00fan la nota, el p\u00e1rroco asegur\u00f3 que existe respaldo a la gesti\u00f3n presidencial y que su legado est\u00e1 siendo observado por nuevas generaciones que aspiran a un mejor pa\u00eds.<\/p>\n<p data-start=\"2506\" data-end=\"2876\" data-is-last-node=\"\" data-is-only-node=\"\">Finalmente, durante la bendici\u00f3n de la obra, elev\u00f3 una oraci\u00f3n para que la infraestructura beneficie a las comunidades de Los Memisos, La Laguna y Mata Bonita, y pidi\u00f3 bendiciones para los ingenieros, obreros y funcionarios involucrados, expresando que esta obra sirva como testimonio de una gesti\u00f3n basada en firmeza, integridad y compromiso con el desarrollo nacional.<\/p>\n<div class=\"single-post-ads-footer hidden-xs\">\n<div id=\"div-gpt-ad-1533133408885-0\" data-google-query-id=\"CPecleHbj5QDFVfC0gQdt_Ejzg\">\n<div id=\"google_ads_iframe_\/20348427\/ZDW_ART_468x60_1_0__container__\"><\/div>\n<\/div>\n<\/div>\n<div class=\"col-md-12 author-information\">\n<div class=\"col-md-2 row-no-padding\"><\/div>\n<\/div>\n","protected":false},"excerpt":{"rendered":"<p>El p\u00e1rroco Luis Mar\u00eda Ram\u00f3n destac\u00f3 que el presidente\u00a0Luis Abinader\u00a0ha gobernado en tiempos de tempestad con coraje de estadista, resaltando &#8230;<\/p>\n","protected":false},"author":2,"featured_media":216095,"comment_status":"closed","ping_status":"closed","sticky":false,"template":"","format":"standard","meta":{"footnotes":""},"categories":[25],"tags":[],"class_list":["post-216094","post","type-post","status-publish","format-standard","has-post-thumbnail","hentry","category-noticias"],"yoast_head":"<!-- This site is optimized with the Yoast SEO plugin v24.8.1 - https:\/\/yoast.com\/wordpress\/plugins\/seo\/ -->\n<title>P\u00e1rroco Luis Mar\u00eda Ram\u00f3n destaca liderazgo firme de Abinader en tiempos de crisis y lo define como estadista - PotenciaRadiofonicaDominicana.com<\/title>\n<meta name=\"robots\" content=\"index, follow, max-snippet:-1, max-image-preview:large, max-video-preview:-1\" \/>\n<link rel=\"canonical\" href=\"https:\/\/potenciaradiofonicadominicana.com\/portal\/parroco-luis-maria-ramon-destaca-liderazgo-firme-de-abinader-en-tiempos-de-crisis-y-lo-define-como-estadista\/\" \/>\n<meta property=\"og:locale\" content=\"es_ES\" \/>\n<meta property=\"og:type\" content=\"article\" \/>\n<meta property=\"og:title\" content=\"P\u00e1rroco Luis Mar\u00eda Ram\u00f3n destaca liderazgo firme de Abinader en tiempos de crisis y lo define como estadista - PotenciaRadiofonicaDominicana.com\" \/>\n<meta property=\"og:description\" content=\"El p\u00e1rroco Luis Mar\u00eda Ram\u00f3n destac\u00f3 que el presidente\u00a0Luis Abinader\u00a0ha gobernado en tiempos de tempestad con coraje de estadista, resaltando ...\" \/>\n<meta property=\"og:url\" content=\"https:\/\/potenciaradiofonicadominicana.com\/portal\/parroco-luis-maria-ramon-destaca-liderazgo-firme-de-abinader-en-tiempos-de-crisis-y-lo-define-como-estadista\/\" \/>\n<meta property=\"og:site_name\" content=\"PotenciaRadiofonicaDominicana.com\" \/>\n<meta property=\"article:publisher\" content=\"https:\/\/web.facebook.com\/PotenciaRadiofonicaD\" \/>\n<meta property=\"article:published_time\" content=\"2026-04-28T04:38:28+00:00\" \/>\n<meta property=\"og:image\" content=\"https:\/\/potenciaradiofonicadominicana.com\/portal\/wp-content\/uploads\/2026\/04\/1001569904.jpg\" \/>\n\t<meta property=\"og:image:width\" content=\"768\" \/>\n\t<meta property=\"og:image:height\" content=\"432\" \/>\n\t<meta property=\"og:image:type\" content=\"image\/jpeg\" \/>\n<meta name=\"author\" content=\"Potencia Radiof\u00f3nica Dominicana\" \/>\n<meta name=\"twitter:card\" content=\"summary_large_image\" \/>\n<meta name=\"twitter:label1\" content=\"Escrito por\" \/>\n\t<meta name=\"twitter:data1\" content=\"Potencia Radiof\u00f3nica Dominicana\" \/>\n\t<meta name=\"twitter:label2\" content=\"Tiempo de lectura\" \/>\n\t<meta name=\"twitter:data2\" content=\"3 minutos\" \/>\n<script type=\"application\/ld+json\" class=\"yoast-schema-graph\">{\"@context\":\"https:\/\/schema.org\",\"@graph\":[{\"@type\":\"Article\",\"@id\":\"https:\/\/potenciaradiofonicadominicana.com\/portal\/parroco-luis-maria-ramon-destaca-liderazgo-firme-de-abinader-en-tiempos-de-crisis-y-lo-define-como-estadista\/#article\",\"isPartOf\":{\"@id\":\"https:\/\/potenciaradiofonicadominicana.com\/portal\/parroco-luis-maria-ramon-destaca-liderazgo-firme-de-abinader-en-tiempos-de-crisis-y-lo-define-como-estadista\/\"},\"author\":{\"name\":\"Potencia Radiof\u00f3nica Dominicana\",\"@id\":\"https:\/\/potenciaradiofonicadominicana.com\/portal\/#\/schema\/person\/a5cf1fea13877803ee0573ac18b03490\"},\"headline\":\"P\u00e1rroco Luis Mar\u00eda Ram\u00f3n destaca liderazgo firme de Abinader en tiempos de crisis y lo define como estadista\",\"datePublished\":\"2026-04-28T04:38:28+00:00\",\"mainEntityOfPage\":{\"@id\":\"https:\/\/potenciaradiofonicadominicana.com\/portal\/parroco-luis-maria-ramon-destaca-liderazgo-firme-de-abinader-en-tiempos-de-crisis-y-lo-define-como-estadista\/\"},\"wordCount\":505,\"publisher\":{\"@id\":\"https:\/\/potenciaradiofonicadominicana.com\/portal\/#organization\"},\"image\":{\"@id\":\"https:\/\/potenciaradiofonicadominicana.com\/portal\/parroco-luis-maria-ramon-destaca-liderazgo-firme-de-abinader-en-tiempos-de-crisis-y-lo-define-como-estadista\/#primaryimage\"},\"thumbnailUrl\":\"https:\/\/potenciaradiofonicadominicana.com\/portal\/wp-content\/uploads\/2026\/04\/1001569904.jpg\",\"articleSection\":[\"Noticias\"],\"inLanguage\":\"es\"},{\"@type\":\"WebPage\",\"@id\":\"https:\/\/potenciaradiofonicadominicana.com\/portal\/parroco-luis-maria-ramon-destaca-liderazgo-firme-de-abinader-en-tiempos-de-crisis-y-lo-define-como-estadista\/\",\"url\":\"https:\/\/potenciaradiofonicadominicana.com\/portal\/parroco-luis-maria-ramon-destaca-liderazgo-firme-de-abinader-en-tiempos-de-crisis-y-lo-define-como-estadista\/\",\"name\":\"P\u00e1rroco Luis Mar\u00eda Ram\u00f3n destaca liderazgo firme de Abinader en tiempos de crisis y lo define como estadista - PotenciaRadiofonicaDominicana.com\",\"isPartOf\":{\"@id\":\"https:\/\/potenciaradiofonicadominicana.com\/portal\/#website\"},\"primaryImageOfPage\":{\"@id\":\"https:\/\/potenciaradiofonicadominicana.com\/portal\/parroco-luis-maria-ramon-destaca-liderazgo-firme-de-abinader-en-tiempos-de-crisis-y-lo-define-como-estadista\/#primaryimage\"},\"image\":{\"@id\":\"https:\/\/potenciaradiofonicadominicana.com\/portal\/parroco-luis-maria-ramon-destaca-liderazgo-firme-de-abinader-en-tiempos-de-crisis-y-lo-define-como-estadista\/#primaryimage\"},\"thumbnailUrl\":\"https:\/\/potenciaradiofonicadominicana.com\/portal\/wp-content\/uploads\/2026\/04\/1001569904.jpg\",\"datePublished\":\"2026-04-28T04:38:28+00:00\",\"breadcrumb\":{\"@id\":\"https:\/\/potenciaradiofonicadominicana.com\/portal\/parroco-luis-maria-ramon-destaca-liderazgo-firme-de-abinader-en-tiempos-de-crisis-y-lo-define-como-estadista\/#breadcrumb\"},\"inLanguage\":\"es\",\"potentialAction\":[{\"@type\":\"ReadAction\",\"target\":[\"https:\/\/potenciaradiofonicadominicana.com\/portal\/parroco-luis-maria-ramon-destaca-liderazgo-firme-de-abinader-en-tiempos-de-crisis-y-lo-define-como-estadista\/\"]}]},{\"@type\":\"ImageObject\",\"inLanguage\":\"es\",\"@id\":\"https:\/\/potenciaradiofonicadominicana.com\/portal\/parroco-luis-maria-ramon-destaca-liderazgo-firme-de-abinader-en-tiempos-de-crisis-y-lo-define-como-estadista\/#primaryimage\",\"url\":\"https:\/\/potenciaradiofonicadominicana.com\/portal\/wp-content\/uploads\/2026\/04\/1001569904.jpg\",\"contentUrl\":\"https:\/\/potenciaradiofonicadominicana.com\/portal\/wp-content\/uploads\/2026\/04\/1001569904.jpg\",\"width\":768,\"height\":432},{\"@type\":\"BreadcrumbList\",\"@id\":\"https:\/\/potenciaradiofonicadominicana.com\/portal\/parroco-luis-maria-ramon-destaca-liderazgo-firme-de-abinader-en-tiempos-de-crisis-y-lo-define-como-estadista\/#breadcrumb\",\"itemListElement\":[{\"@type\":\"ListItem\",\"position\":1,\"name\":\"Portada\",\"item\":\"https:\/\/potenciaradiofonicadominicana.com\/portal\/\"},{\"@type\":\"ListItem\",\"position\":2,\"name\":\"P\u00e1rroco Luis Mar\u00eda Ram\u00f3n destaca liderazgo firme de Abinader en tiempos de crisis y lo define como estadista\"}]},{\"@type\":\"WebSite\",\"@id\":\"https:\/\/potenciaradiofonicadominicana.com\/portal\/#website\",\"url\":\"https:\/\/potenciaradiofonicadominicana.com\/portal\/\",\"name\":\"PotenciaRadiofonicaDominicana.com\",\"description\":\"Peri\u00f3dico Digital\",\"publisher\":{\"@id\":\"https:\/\/potenciaradiofonicadominicana.com\/portal\/#organization\"},\"potentialAction\":[{\"@type\":\"SearchAction\",\"target\":{\"@type\":\"EntryPoint\",\"urlTemplate\":\"https:\/\/potenciaradiofonicadominicana.com\/portal\/?s={search_term_string}\"},\"query-input\":{\"@type\":\"PropertyValueSpecification\",\"valueRequired\":true,\"valueName\":\"search_term_string\"}}],\"inLanguage\":\"es\"},{\"@type\":\"Organization\",\"@id\":\"https:\/\/potenciaradiofonicadominicana.com\/portal\/#organization\",\"name\":\"PotenciaRadiofonicaDominicana.com\",\"url\":\"https:\/\/potenciaradiofonicadominicana.com\/portal\/\",\"logo\":{\"@type\":\"ImageObject\",\"inLanguage\":\"es\",\"@id\":\"https:\/\/potenciaradiofonicadominicana.com\/portal\/#\/schema\/logo\/image\/\",\"url\":\"https:\/\/potenciaradiofonicadominicana.com\/portal\/wp-content\/uploads\/2022\/01\/descarga.png\",\"contentUrl\":\"https:\/\/potenciaradiofonicadominicana.com\/portal\/wp-content\/uploads\/2022\/01\/descarga.png\",\"width\":300,\"height\":100,\"caption\":\"PotenciaRadiofonicaDominicana.com\"},\"image\":{\"@id\":\"https:\/\/potenciaradiofonicadominicana.com\/portal\/#\/schema\/logo\/image\/\"},\"sameAs\":[\"https:\/\/web.facebook.com\/PotenciaRadiofonicaD\"]},{\"@type\":\"Person\",\"@id\":\"https:\/\/potenciaradiofonicadominicana.com\/portal\/#\/schema\/person\/a5cf1fea13877803ee0573ac18b03490\",\"name\":\"Potencia Radiof\u00f3nica Dominicana\",\"image\":{\"@type\":\"ImageObject\",\"inLanguage\":\"es\",\"@id\":\"https:\/\/potenciaradiofonicadominicana.com\/portal\/#\/schema\/person\/image\/\",\"url\":\"https:\/\/secure.gravatar.com\/avatar\/42a55ab9e8ccc656ba34cd791990602a?s=96&d=mm&r=g\",\"contentUrl\":\"https:\/\/secure.gravatar.com\/avatar\/42a55ab9e8ccc656ba34cd791990602a?s=96&d=mm&r=g\",\"caption\":\"Potencia Radiof\u00f3nica Dominicana\"},\"url\":\"https:\/\/potenciaradiofonicadominicana.com\/portal\/author\/johannyalmanzar\/\"}]}<\/script>\n<!-- \/ Yoast SEO plugin. -->","yoast_head_json":{"title":"P\u00e1rroco Luis Mar\u00eda Ram\u00f3n destaca liderazgo firme de Abinader en tiempos de crisis y lo define como estadista - PotenciaRadiofonicaDominicana.com","robots":{"index":"index","follow":"follow","max-snippet":"max-snippet:-1","max-image-preview":"max-image-preview:large","max-video-preview":"max-video-preview:-1"},"canonical":"https:\/\/potenciaradiofonicadominicana.com\/portal\/parroco-luis-maria-ramon-destaca-liderazgo-firme-de-abinader-en-tiempos-de-crisis-y-lo-define-como-estadista\/","og_locale":"es_ES","og_type":"article","og_title":"P\u00e1rroco Luis Mar\u00eda Ram\u00f3n destaca liderazgo firme de Abinader en tiempos de crisis y lo define como estadista - PotenciaRadiofonicaDominicana.com","og_description":"El p\u00e1rroco Luis Mar\u00eda Ram\u00f3n destac\u00f3 que el presidente\u00a0Luis Abinader\u00a0ha gobernado en tiempos de tempestad con coraje de estadista, resaltando ...","og_url":"https:\/\/potenciaradiofonicadominicana.com\/portal\/parroco-luis-maria-ramon-destaca-liderazgo-firme-de-abinader-en-tiempos-de-crisis-y-lo-define-como-estadista\/","og_site_name":"PotenciaRadiofonicaDominicana.com","article_publisher":"https:\/\/web.facebook.com\/PotenciaRadiofonicaD","article_published_time":"2026-04-28T04:38:28+00:00","og_image":[{"width":768,"height":432,"url":"https:\/\/potenciaradiofonicadominicana.com\/portal\/wp-content\/uploads\/2026\/04\/1001569904.jpg","type":"image\/jpeg"}],"author":"Potencia Radiof\u00f3nica Dominicana","twitter_card":"summary_large_image","twitter_misc":{"Escrito por":"Potencia Radiof\u00f3nica Dominicana","Tiempo de lectura":"3 minutos"},"schema":{"@context":"https:\/\/schema.org","@graph":[{"@type":"Article","@id":"https:\/\/potenciaradiofonicadominicana.com\/portal\/parroco-luis-maria-ramon-destaca-liderazgo-firme-de-abinader-en-tiempos-de-crisis-y-lo-define-como-estadista\/#article","isPartOf":{"@id":"https:\/\/potenciaradiofonicadominicana.com\/portal\/parroco-luis-maria-ramon-destaca-liderazgo-firme-de-abinader-en-tiempos-de-crisis-y-lo-define-como-estadista\/"},"author":{"name":"Potencia Radiof\u00f3nica Dominicana","@id":"https:\/\/potenciaradiofonicadominicana.com\/portal\/#\/schema\/person\/a5cf1fea13877803ee0573ac18b03490"},"headline":"P\u00e1rroco Luis Mar\u00eda Ram\u00f3n destaca liderazgo firme de Abinader en tiempos de crisis y lo define como estadista","datePublished":"2026-04-28T04:38:28+00:00","mainEntityOfPage":{"@id":"https:\/\/potenciaradiofonicadominicana.com\/portal\/parroco-luis-maria-ramon-destaca-liderazgo-firme-de-abinader-en-tiempos-de-crisis-y-lo-define-como-estadista\/"},"wordCount":505,"publisher":{"@id":"https:\/\/potenciaradiofonicadominicana.com\/portal\/#organization"},"image":{"@id":"https:\/\/potenciaradiofonicadominicana.com\/portal\/parroco-luis-maria-ramon-destaca-liderazgo-firme-de-abinader-en-tiempos-de-crisis-y-lo-define-como-estadista\/#primaryimage"},"thumbnailUrl":"https:\/\/potenciaradiofonicadominicana.com\/portal\/wp-content\/uploads\/2026\/04\/1001569904.jpg","articleSection":["Noticias"],"inLanguage":"es"},{"@type":"WebPage","@id":"https:\/\/potenciaradiofonicadominicana.com\/portal\/parroco-luis-maria-ramon-destaca-liderazgo-firme-de-abinader-en-tiempos-de-crisis-y-lo-define-como-estadista\/","url":"https:\/\/potenciaradiofonicadominicana.com\/portal\/parroco-luis-maria-ramon-destaca-liderazgo-firme-de-abinader-en-tiempos-de-crisis-y-lo-define-como-estadista\/","name":"P\u00e1rroco Luis Mar\u00eda Ram\u00f3n destaca liderazgo firme de Abinader en tiempos de crisis y lo define como estadista - PotenciaRadiofonicaDominicana.com","isPartOf":{"@id":"https:\/\/potenciaradiofonicadominicana.com\/portal\/#website"},"primaryImageOfPage":{"@id":"https:\/\/potenciaradiofonicadominicana.com\/portal\/parroco-luis-maria-ramon-destaca-liderazgo-firme-de-abinader-en-tiempos-de-crisis-y-lo-define-como-estadista\/#primaryimage"},"image":{"@id":"https:\/\/potenciaradiofonicadominicana.com\/portal\/parroco-luis-maria-ramon-destaca-liderazgo-firme-de-abinader-en-tiempos-de-crisis-y-lo-define-como-estadista\/#primaryimage"},"thumbnailUrl":"https:\/\/potenciaradiofonicadominicana.com\/portal\/wp-content\/uploads\/2026\/04\/1001569904.jpg","datePublished":"2026-04-28T04:38:28+00:00","breadcrumb":{"@id":"https:\/\/potenciaradiofonicadominicana.com\/portal\/parroco-luis-maria-ramon-destaca-liderazgo-firme-de-abinader-en-tiempos-de-crisis-y-lo-define-como-estadista\/#breadcrumb"},"inLanguage":"es","potentialAction":[{"@type":"ReadAction","target":["https:\/\/potenciaradiofonicadominicana.com\/portal\/parroco-luis-maria-ramon-destaca-liderazgo-firme-de-abinader-en-tiempos-de-crisis-y-lo-define-como-estadista\/"]}]},{"@type":"ImageObject","inLanguage":"es","@id":"https:\/\/potenciaradiofonicadominicana.com\/portal\/parroco-luis-maria-ramon-destaca-liderazgo-firme-de-abinader-en-tiempos-de-crisis-y-lo-define-como-estadista\/#primaryimage","url":"https:\/\/potenciaradiofonicadominicana.com\/portal\/wp-content\/uploads\/2026\/04\/1001569904.jpg","contentUrl":"https:\/\/potenciaradiofonicadominicana.com\/portal\/wp-content\/uploads\/2026\/04\/1001569904.jpg","width":768,"height":432},{"@type":"BreadcrumbList","@id":"https:\/\/potenciaradiofonicadominicana.com\/portal\/parroco-luis-maria-ramon-destaca-liderazgo-firme-de-abinader-en-tiempos-de-crisis-y-lo-define-como-estadista\/#breadcrumb","itemListElement":[{"@type":"ListItem","position":1,"name":"Portada","item":"https:\/\/potenciaradiofonicadominicana.com\/portal\/"},{"@type":"ListItem","position":2,"name":"P\u00e1rroco Luis Mar\u00eda Ram\u00f3n destaca liderazgo firme de Abinader en tiempos de crisis y lo define como estadista"}]},{"@type":"WebSite","@id":"https:\/\/potenciaradiofonicadominicana.com\/portal\/#website","url":"https:\/\/potenciaradiofonicadominicana.com\/portal\/","name":"PotenciaRadiofonicaDominicana.com","description":"Peri\u00f3dico Digital","publisher":{"@id":"https:\/\/potenciaradiofonicadominicana.com\/portal\/#organization"},"potentialAction":[{"@type":"SearchAction","target":{"@type":"EntryPoint","urlTemplate":"https:\/\/potenciaradiofonicadominicana.com\/portal\/?s={search_term_string}"},"query-input":{"@type":"PropertyValueSpecification","valueRequired":true,"valueName":"search_term_string"}}],"inLanguage":"es"},{"@type":"Organization","@id":"https:\/\/potenciaradiofonicadominicana.com\/portal\/#organization","name":"PotenciaRadiofonicaDominicana.com","url":"https:\/\/potenciaradiofonicadominicana.com\/portal\/","logo":{"@type":"ImageObject","inLanguage":"es","@id":"https:\/\/potenciaradiofonicadominicana.com\/portal\/#\/schema\/logo\/image\/","url":"https:\/\/potenciaradiofonicadominicana.com\/portal\/wp-content\/uploads\/2022\/01\/descarga.png","contentUrl":"https:\/\/potenciaradiofonicadominicana.com\/portal\/wp-content\/uploads\/2022\/01\/descarga.png","width":300,"height":100,"caption":"PotenciaRadiofonicaDominicana.com"},"image":{"@id":"https:\/\/potenciaradiofonicadominicana.com\/portal\/#\/schema\/logo\/image\/"},"sameAs":["https:\/\/web.facebook.com\/PotenciaRadiofonicaD"]},{"@type":"Person","@id":"https:\/\/potenciaradiofonicadominicana.com\/portal\/#\/schema\/person\/a5cf1fea13877803ee0573ac18b03490","name":"Potencia Radiof\u00f3nica Dominicana","image":{"@type":"ImageObject","inLanguage":"es","@id":"https:\/\/potenciaradiofonicadominicana.com\/portal\/#\/schema\/person\/image\/","url":"https:\/\/secure.gravatar.com\/avatar\/42a55ab9e8ccc656ba34cd791990602a?s=96&d=mm&r=g","contentUrl":"https:\/\/secure.gravatar.com\/avatar\/42a55ab9e8ccc656ba34cd791990602a?s=96&d=mm&r=g","caption":"Potencia Radiof\u00f3nica Dominicana"},"url":"https:\/\/potenciaradiofonicadominicana.com\/portal\/author\/johannyalmanzar\/"}]}},"_links":{"self":[{"href":"https:\/\/potenciaradiofonicadominicana.com\/portal\/wp-json\/wp\/v2\/posts\/216094","targetHints":{"allow":["GET"]}}],"collection":[{"href":"https:\/\/potenciaradiofonicadominicana.com\/portal\/wp-json\/wp\/v2\/posts"}],"about":[{"href":"https:\/\/potenciaradiofonicadominicana.com\/portal\/wp-json\/wp\/v2\/types\/post"}],"author":[{"embeddable":true,"href":"https:\/\/potenciaradiofonicadominicana.com\/portal\/wp-json\/wp\/v2\/users\/2"}],"replies":[{"embeddable":true,"href":"https:\/\/potenciaradiofonicadominicana.com\/portal\/wp-json\/wp\/v2\/comments?post=216094"}],"version-history":[{"count":1,"href":"https:\/\/potenciaradiofonicadominicana.com\/portal\/wp-json\/wp\/v2\/posts\/216094\/revisions"}],"predecessor-version":[{"id":216096,"href":"https:\/\/potenciaradiofonicadominicana.com\/portal\/wp-json\/wp\/v2\/posts\/216094\/revisions\/216096"}],"wp:featuredmedia":[{"embeddable":true,"href":"https:\/\/potenciaradiofonicadominicana.com\/portal\/wp-json\/wp\/v2\/media\/216095"}],"wp:attachment":[{"href":"https:\/\/potenciaradiofonicadominicana.com\/portal\/wp-json\/wp\/v2\/media?parent=216094"}],"wp:term":[{"taxonomy":"category","embeddable":true,"href":"https:\/\/potenciaradiofonicadominicana.com\/portal\/wp-json\/wp\/v2\/categories?post=216094"},{"taxonomy":"post_tag","embeddable":true,"href":"https:\/\/potenciaradiofonicadominicana.com\/portal\/wp-json\/wp\/v2\/tags?post=216094"}],"curies":[{"name":"wp","href":"https:\/\/api.w.org\/{rel}","templated":true}]}}