{"id":216076,"date":"2026-04-28T00:30:39","date_gmt":"2026-04-28T04:30:39","guid":{"rendered":"https:\/\/potenciaradiofonicadominicana.com\/portal\/?p=216076"},"modified":"2026-04-28T00:30:39","modified_gmt":"2026-04-28T04:30:39","slug":"elevan-a-siete-los-muertos-tras-la-colision-de-dos-trenes-a-las-afueras-de-yakarta","status":"publish","type":"post","link":"https:\/\/potenciaradiofonicadominicana.com\/portal\/elevan-a-siete-los-muertos-tras-la-colision-de-dos-trenes-a-las-afueras-de-yakarta\/","title":{"rendered":"Elevan a siete los muertos tras la colisi\u00f3n de dos trenes a las afueras de Yakarta"},"content":{"rendered":"<p><a href=\"https:\/\/potenciaradiofonicadominicana.com\/portal\/wp-content\/uploads\/2026\/04\/elevan-a-7-los-muertos-tras-colision-de-dos-trenes-en-yakarta-c377e7fb-focus-0-0-896-504.jpg\"><img loading=\"lazy\" decoding=\"async\" class=\"alignnone size-full wp-image-216078\" src=\"https:\/\/potenciaradiofonicadominicana.com\/portal\/wp-content\/uploads\/2026\/04\/elevan-a-7-los-muertos-tras-colision-de-dos-trenes-en-yakarta-c377e7fb-focus-0-0-896-504.jpg\" alt=\"\" width=\"895\" height=\"504\" srcset=\"https:\/\/potenciaradiofonicadominicana.com\/portal\/wp-content\/uploads\/2026\/04\/elevan-a-7-los-muertos-tras-colision-de-dos-trenes-en-yakarta-c377e7fb-focus-0-0-896-504.jpg 895w, https:\/\/potenciaradiofonicadominicana.com\/portal\/wp-content\/uploads\/2026\/04\/elevan-a-7-los-muertos-tras-colision-de-dos-trenes-en-yakarta-c377e7fb-focus-0-0-896-504-300x169.jpg 300w, https:\/\/potenciaradiofonicadominicana.com\/portal\/wp-content\/uploads\/2026\/04\/elevan-a-7-los-muertos-tras-colision-de-dos-trenes-en-yakarta-c377e7fb-focus-0-0-896-504-768x432.jpg 768w\" sizes=\"auto, (max-width: 895px) 100vw, 895px\" \/><\/a><\/p>\n<p>Las autoridades de\u00a0<strong>Indonesia<\/strong>\u00a0elevaron este martes a siete el n\u00famero de fallecidos tras la mortal\u00a0<strong>colisi\u00f3n<\/strong>\u00a0de la v\u00edspera, donde dos trenes chocaron en circunstancias todav\u00eda desconocidas a las afueras de\u00a0<strong>Yakarta<\/strong>.<\/p>\n<p>Seg\u00fan los datos preliminares del servicio de salvamento del pa\u00eds,\u00a0<strong>Basarnas<\/strong>, el n\u00famero total de afectados ascendi\u00f3 a 92, entre ellos\u00a0<strong>siete fallecidos<\/strong>\u00a0y 85 supervivientes, de los cuales algunos recibieron\u00a0<strong>atenci\u00f3n hospitalaria<\/strong>\u00a0y otros fueron dados de alta con heridas leves.<\/p>\n<p>Este martes \u00abcontin\u00faan intensamente las\u00a0<strong>operaciones de b\u00fasqueda<\/strong>\u00a0y rescate\u00bb de las \u00ab<strong>v\u00edctimas<\/strong>\u00a0del accidente ferroviario ocurrido en la\u00a0<strong>estaci\u00f3n de Bekasi Este<\/strong>\u00ab, con la evacuaci\u00f3n de quienes \u00aba\u00fan permanecen atrapados en el tren\u00bb, indic\u00f3\u00a0<strong>Basarnas<\/strong>\u00a0en un comunicado.<\/p>\n<p>La jefa de la Oficina de B\u00fasqueda y Rescate de\u00a0<strong>Yakarta<\/strong>,\u00a0<strong>Desiana Kartika Bahari<\/strong>, se\u00f1al\u00f3 que el operativo sigue centrado en localizar y sacar a las personas que se cree contin\u00faan en el interior de los\u00a0<strong>vagones<\/strong>, sin precisar cu\u00e1ntas permanecen atrapadas.<\/p>\n<p>Los trenes afectados son un convoy de cercan\u00edas que proced\u00eda de la capital y otro de\u00a0<strong>larga distancia<\/strong>, que\u00a0<strong>colisionaron<\/strong>\u00a0la noche del lunes\u00a0<strong>estaci\u00f3n de Bekasi Este<\/strong>, a unos 20 kil\u00f3metros de\u00a0<strong>Yakarta<\/strong>, por causas a\u00fan desconocidas.<\/p>\n<p><strong>Indonesia<\/strong>, un archipi\u00e9lago de m\u00e1s de 17,000 islas, tiene en\u00a0<strong>Java<\/strong>\u00a0-donde se encuentra\u00a0<strong>Yakarta<\/strong>&#8211; su isla m\u00e1s poblada y ha apostado en los \u00faltimos a\u00f1os por reforzar su sistema ferroviario, con la inauguraci\u00f3n en 2023 del primer\u00a0<strong>tren de alta velocidad<\/strong>\u00a0del pa\u00eds, que conecta la capital con Bandung.<\/p>\n","protected":false},"excerpt":{"rendered":"<p>Las autoridades de\u00a0Indonesia\u00a0elevaron este martes a siete el n\u00famero de fallecidos tras la mortal\u00a0colisi\u00f3n\u00a0de la v\u00edspera, donde dos trenes chocaron &#8230;<\/p>\n","protected":false},"author":2,"featured_media":216078,"comment_status":"closed","ping_status":"closed","sticky":false,"template":"","format":"standard","meta":{"footnotes":""},"categories":[30],"tags":[],"class_list":["post-216076","post","type-post","status-publish","format-standard","has-post-thumbnail","hentry","category-internacional"],"yoast_head":"<!-- This site is optimized with the Yoast SEO plugin v24.8.1 - https:\/\/yoast.com\/wordpress\/plugins\/seo\/ -->\n<title>Elevan a siete los muertos tras la colisi\u00f3n de dos trenes a las afueras de Yakarta - PotenciaRadiofonicaDominicana.com<\/title>\n<meta name=\"robots\" content=\"index, follow, max-snippet:-1, max-image-preview:large, max-video-preview:-1\" \/>\n<link rel=\"canonical\" href=\"https:\/\/potenciaradiofonicadominicana.com\/portal\/elevan-a-siete-los-muertos-tras-la-colision-de-dos-trenes-a-las-afueras-de-yakarta\/\" \/>\n<meta property=\"og:locale\" content=\"es_ES\" \/>\n<meta property=\"og:type\" content=\"article\" \/>\n<meta property=\"og:title\" content=\"Elevan a siete los muertos tras la colisi\u00f3n de dos trenes a las afueras de Yakarta - PotenciaRadiofonicaDominicana.com\" \/>\n<meta property=\"og:description\" content=\"Las autoridades de\u00a0Indonesia\u00a0elevaron este martes a siete el n\u00famero de fallecidos tras la mortal\u00a0colisi\u00f3n\u00a0de la v\u00edspera, donde dos trenes chocaron ...\" \/>\n<meta property=\"og:url\" content=\"https:\/\/potenciaradiofonicadominicana.com\/portal\/elevan-a-siete-los-muertos-tras-la-colision-de-dos-trenes-a-las-afueras-de-yakarta\/\" \/>\n<meta property=\"og:site_name\" content=\"PotenciaRadiofonicaDominicana.com\" \/>\n<meta property=\"article:publisher\" content=\"https:\/\/web.facebook.com\/PotenciaRadiofonicaD\" \/>\n<meta property=\"article:published_time\" content=\"2026-04-28T04:30:39+00:00\" \/>\n<meta property=\"og:image\" content=\"https:\/\/potenciaradiofonicadominicana.com\/portal\/wp-content\/uploads\/2026\/04\/elevan-a-7-los-muertos-tras-colision-de-dos-trenes-en-yakarta-c377e7fb-focus-0-0-896-504.jpg\" \/>\n\t<meta property=\"og:image:width\" content=\"895\" \/>\n\t<meta property=\"og:image:height\" content=\"504\" \/>\n\t<meta property=\"og:image:type\" content=\"image\/jpeg\" \/>\n<meta name=\"author\" content=\"Potencia Radiof\u00f3nica Dominicana\" \/>\n<meta name=\"twitter:card\" content=\"summary_large_image\" \/>\n<meta name=\"twitter:label1\" content=\"Escrito por\" \/>\n\t<meta name=\"twitter:data1\" content=\"Potencia Radiof\u00f3nica Dominicana\" \/>\n\t<meta name=\"twitter:label2\" content=\"Tiempo de lectura\" \/>\n\t<meta name=\"twitter:data2\" content=\"2 minutos\" \/>\n<script type=\"application\/ld+json\" class=\"yoast-schema-graph\">{\"@context\":\"https:\/\/schema.org\",\"@graph\":[{\"@type\":\"Article\",\"@id\":\"https:\/\/potenciaradiofonicadominicana.com\/portal\/elevan-a-siete-los-muertos-tras-la-colision-de-dos-trenes-a-las-afueras-de-yakarta\/#article\",\"isPartOf\":{\"@id\":\"https:\/\/potenciaradiofonicadominicana.com\/portal\/elevan-a-siete-los-muertos-tras-la-colision-de-dos-trenes-a-las-afueras-de-yakarta\/\"},\"author\":{\"name\":\"Potencia Radiof\u00f3nica Dominicana\",\"@id\":\"https:\/\/potenciaradiofonicadominicana.com\/portal\/#\/schema\/person\/a5cf1fea13877803ee0573ac18b03490\"},\"headline\":\"Elevan a siete los muertos tras la colisi\u00f3n de dos trenes a las afueras de Yakarta\",\"datePublished\":\"2026-04-28T04:30:39+00:00\",\"mainEntityOfPage\":{\"@id\":\"https:\/\/potenciaradiofonicadominicana.com\/portal\/elevan-a-siete-los-muertos-tras-la-colision-de-dos-trenes-a-las-afueras-de-yakarta\/\"},\"wordCount\":285,\"publisher\":{\"@id\":\"https:\/\/potenciaradiofonicadominicana.com\/portal\/#organization\"},\"image\":{\"@id\":\"https:\/\/potenciaradiofonicadominicana.com\/portal\/elevan-a-siete-los-muertos-tras-la-colision-de-dos-trenes-a-las-afueras-de-yakarta\/#primaryimage\"},\"thumbnailUrl\":\"https:\/\/potenciaradiofonicadominicana.com\/portal\/wp-content\/uploads\/2026\/04\/elevan-a-7-los-muertos-tras-colision-de-dos-trenes-en-yakarta-c377e7fb-focus-0-0-896-504.jpg\",\"articleSection\":[\"Internacional\"],\"inLanguage\":\"es\"},{\"@type\":\"WebPage\",\"@id\":\"https:\/\/potenciaradiofonicadominicana.com\/portal\/elevan-a-siete-los-muertos-tras-la-colision-de-dos-trenes-a-las-afueras-de-yakarta\/\",\"url\":\"https:\/\/potenciaradiofonicadominicana.com\/portal\/elevan-a-siete-los-muertos-tras-la-colision-de-dos-trenes-a-las-afueras-de-yakarta\/\",\"name\":\"Elevan a siete los muertos tras la colisi\u00f3n de dos trenes a las afueras de Yakarta - PotenciaRadiofonicaDominicana.com\",\"isPartOf\":{\"@id\":\"https:\/\/potenciaradiofonicadominicana.com\/portal\/#website\"},\"primaryImageOfPage\":{\"@id\":\"https:\/\/potenciaradiofonicadominicana.com\/portal\/elevan-a-siete-los-muertos-tras-la-colision-de-dos-trenes-a-las-afueras-de-yakarta\/#primaryimage\"},\"image\":{\"@id\":\"https:\/\/potenciaradiofonicadominicana.com\/portal\/elevan-a-siete-los-muertos-tras-la-colision-de-dos-trenes-a-las-afueras-de-yakarta\/#primaryimage\"},\"thumbnailUrl\":\"https:\/\/potenciaradiofonicadominicana.com\/portal\/wp-content\/uploads\/2026\/04\/elevan-a-7-los-muertos-tras-colision-de-dos-trenes-en-yakarta-c377e7fb-focus-0-0-896-504.jpg\",\"datePublished\":\"2026-04-28T04:30:39+00:00\",\"breadcrumb\":{\"@id\":\"https:\/\/potenciaradiofonicadominicana.com\/portal\/elevan-a-siete-los-muertos-tras-la-colision-de-dos-trenes-a-las-afueras-de-yakarta\/#breadcrumb\"},\"inLanguage\":\"es\",\"potentialAction\":[{\"@type\":\"ReadAction\",\"target\":[\"https:\/\/potenciaradiofonicadominicana.com\/portal\/elevan-a-siete-los-muertos-tras-la-colision-de-dos-trenes-a-las-afueras-de-yakarta\/\"]}]},{\"@type\":\"ImageObject\",\"inLanguage\":\"es\",\"@id\":\"https:\/\/potenciaradiofonicadominicana.com\/portal\/elevan-a-siete-los-muertos-tras-la-colision-de-dos-trenes-a-las-afueras-de-yakarta\/#primaryimage\",\"url\":\"https:\/\/potenciaradiofonicadominicana.com\/portal\/wp-content\/uploads\/2026\/04\/elevan-a-7-los-muertos-tras-colision-de-dos-trenes-en-yakarta-c377e7fb-focus-0-0-896-504.jpg\",\"contentUrl\":\"https:\/\/potenciaradiofonicadominicana.com\/portal\/wp-content\/uploads\/2026\/04\/elevan-a-7-los-muertos-tras-colision-de-dos-trenes-en-yakarta-c377e7fb-focus-0-0-896-504.jpg\",\"width\":895,\"height\":504},{\"@type\":\"BreadcrumbList\",\"@id\":\"https:\/\/potenciaradiofonicadominicana.com\/portal\/elevan-a-siete-los-muertos-tras-la-colision-de-dos-trenes-a-las-afueras-de-yakarta\/#breadcrumb\",\"itemListElement\":[{\"@type\":\"ListItem\",\"position\":1,\"name\":\"Portada\",\"item\":\"https:\/\/potenciaradiofonicadominicana.com\/portal\/\"},{\"@type\":\"ListItem\",\"position\":2,\"name\":\"Elevan a siete los muertos tras la colisi\u00f3n de dos trenes a las afueras de Yakarta\"}]},{\"@type\":\"WebSite\",\"@id\":\"https:\/\/potenciaradiofonicadominicana.com\/portal\/#website\",\"url\":\"https:\/\/potenciaradiofonicadominicana.com\/portal\/\",\"name\":\"PotenciaRadiofonicaDominicana.com\",\"description\":\"Peri\u00f3dico Digital\",\"publisher\":{\"@id\":\"https:\/\/potenciaradiofonicadominicana.com\/portal\/#organization\"},\"potentialAction\":[{\"@type\":\"SearchAction\",\"target\":{\"@type\":\"EntryPoint\",\"urlTemplate\":\"https:\/\/potenciaradiofonicadominicana.com\/portal\/?s={search_term_string}\"},\"query-input\":{\"@type\":\"PropertyValueSpecification\",\"valueRequired\":true,\"valueName\":\"search_term_string\"}}],\"inLanguage\":\"es\"},{\"@type\":\"Organization\",\"@id\":\"https:\/\/potenciaradiofonicadominicana.com\/portal\/#organization\",\"name\":\"PotenciaRadiofonicaDominicana.com\",\"url\":\"https:\/\/potenciaradiofonicadominicana.com\/portal\/\",\"logo\":{\"@type\":\"ImageObject\",\"inLanguage\":\"es\",\"@id\":\"https:\/\/potenciaradiofonicadominicana.com\/portal\/#\/schema\/logo\/image\/\",\"url\":\"https:\/\/potenciaradiofonicadominicana.com\/portal\/wp-content\/uploads\/2022\/01\/descarga.png\",\"contentUrl\":\"https:\/\/potenciaradiofonicadominicana.com\/portal\/wp-content\/uploads\/2022\/01\/descarga.png\",\"width\":300,\"height\":100,\"caption\":\"PotenciaRadiofonicaDominicana.com\"},\"image\":{\"@id\":\"https:\/\/potenciaradiofonicadominicana.com\/portal\/#\/schema\/logo\/image\/\"},\"sameAs\":[\"https:\/\/web.facebook.com\/PotenciaRadiofonicaD\"]},{\"@type\":\"Person\",\"@id\":\"https:\/\/potenciaradiofonicadominicana.com\/portal\/#\/schema\/person\/a5cf1fea13877803ee0573ac18b03490\",\"name\":\"Potencia Radiof\u00f3nica Dominicana\",\"image\":{\"@type\":\"ImageObject\",\"inLanguage\":\"es\",\"@id\":\"https:\/\/potenciaradiofonicadominicana.com\/portal\/#\/schema\/person\/image\/\",\"url\":\"https:\/\/secure.gravatar.com\/avatar\/42a55ab9e8ccc656ba34cd791990602a?s=96&d=mm&r=g\",\"contentUrl\":\"https:\/\/secure.gravatar.com\/avatar\/42a55ab9e8ccc656ba34cd791990602a?s=96&d=mm&r=g\",\"caption\":\"Potencia Radiof\u00f3nica Dominicana\"},\"url\":\"https:\/\/potenciaradiofonicadominicana.com\/portal\/author\/johannyalmanzar\/\"}]}<\/script>\n<!-- \/ Yoast SEO plugin. -->","yoast_head_json":{"title":"Elevan a siete los muertos tras la colisi\u00f3n de dos trenes a las afueras de Yakarta - PotenciaRadiofonicaDominicana.com","robots":{"index":"index","follow":"follow","max-snippet":"max-snippet:-1","max-image-preview":"max-image-preview:large","max-video-preview":"max-video-preview:-1"},"canonical":"https:\/\/potenciaradiofonicadominicana.com\/portal\/elevan-a-siete-los-muertos-tras-la-colision-de-dos-trenes-a-las-afueras-de-yakarta\/","og_locale":"es_ES","og_type":"article","og_title":"Elevan a siete los muertos tras la colisi\u00f3n de dos trenes a las afueras de Yakarta - PotenciaRadiofonicaDominicana.com","og_description":"Las autoridades de\u00a0Indonesia\u00a0elevaron este martes a siete el n\u00famero de fallecidos tras la mortal\u00a0colisi\u00f3n\u00a0de la v\u00edspera, donde dos trenes chocaron ...","og_url":"https:\/\/potenciaradiofonicadominicana.com\/portal\/elevan-a-siete-los-muertos-tras-la-colision-de-dos-trenes-a-las-afueras-de-yakarta\/","og_site_name":"PotenciaRadiofonicaDominicana.com","article_publisher":"https:\/\/web.facebook.com\/PotenciaRadiofonicaD","article_published_time":"2026-04-28T04:30:39+00:00","og_image":[{"width":895,"height":504,"url":"https:\/\/potenciaradiofonicadominicana.com\/portal\/wp-content\/uploads\/2026\/04\/elevan-a-7-los-muertos-tras-colision-de-dos-trenes-en-yakarta-c377e7fb-focus-0-0-896-504.jpg","type":"image\/jpeg"}],"author":"Potencia Radiof\u00f3nica Dominicana","twitter_card":"summary_large_image","twitter_misc":{"Escrito por":"Potencia Radiof\u00f3nica Dominicana","Tiempo de lectura":"2 minutos"},"schema":{"@context":"https:\/\/schema.org","@graph":[{"@type":"Article","@id":"https:\/\/potenciaradiofonicadominicana.com\/portal\/elevan-a-siete-los-muertos-tras-la-colision-de-dos-trenes-a-las-afueras-de-yakarta\/#article","isPartOf":{"@id":"https:\/\/potenciaradiofonicadominicana.com\/portal\/elevan-a-siete-los-muertos-tras-la-colision-de-dos-trenes-a-las-afueras-de-yakarta\/"},"author":{"name":"Potencia Radiof\u00f3nica Dominicana","@id":"https:\/\/potenciaradiofonicadominicana.com\/portal\/#\/schema\/person\/a5cf1fea13877803ee0573ac18b03490"},"headline":"Elevan a siete los muertos tras la colisi\u00f3n de dos trenes a las afueras de Yakarta","datePublished":"2026-04-28T04:30:39+00:00","mainEntityOfPage":{"@id":"https:\/\/potenciaradiofonicadominicana.com\/portal\/elevan-a-siete-los-muertos-tras-la-colision-de-dos-trenes-a-las-afueras-de-yakarta\/"},"wordCount":285,"publisher":{"@id":"https:\/\/potenciaradiofonicadominicana.com\/portal\/#organization"},"image":{"@id":"https:\/\/potenciaradiofonicadominicana.com\/portal\/elevan-a-siete-los-muertos-tras-la-colision-de-dos-trenes-a-las-afueras-de-yakarta\/#primaryimage"},"thumbnailUrl":"https:\/\/potenciaradiofonicadominicana.com\/portal\/wp-content\/uploads\/2026\/04\/elevan-a-7-los-muertos-tras-colision-de-dos-trenes-en-yakarta-c377e7fb-focus-0-0-896-504.jpg","articleSection":["Internacional"],"inLanguage":"es"},{"@type":"WebPage","@id":"https:\/\/potenciaradiofonicadominicana.com\/portal\/elevan-a-siete-los-muertos-tras-la-colision-de-dos-trenes-a-las-afueras-de-yakarta\/","url":"https:\/\/potenciaradiofonicadominicana.com\/portal\/elevan-a-siete-los-muertos-tras-la-colision-de-dos-trenes-a-las-afueras-de-yakarta\/","name":"Elevan a siete los muertos tras la colisi\u00f3n de dos trenes a las afueras de Yakarta - PotenciaRadiofonicaDominicana.com","isPartOf":{"@id":"https:\/\/potenciaradiofonicadominicana.com\/portal\/#website"},"primaryImageOfPage":{"@id":"https:\/\/potenciaradiofonicadominicana.com\/portal\/elevan-a-siete-los-muertos-tras-la-colision-de-dos-trenes-a-las-afueras-de-yakarta\/#primaryimage"},"image":{"@id":"https:\/\/potenciaradiofonicadominicana.com\/portal\/elevan-a-siete-los-muertos-tras-la-colision-de-dos-trenes-a-las-afueras-de-yakarta\/#primaryimage"},"thumbnailUrl":"https:\/\/potenciaradiofonicadominicana.com\/portal\/wp-content\/uploads\/2026\/04\/elevan-a-7-los-muertos-tras-colision-de-dos-trenes-en-yakarta-c377e7fb-focus-0-0-896-504.jpg","datePublished":"2026-04-28T04:30:39+00:00","breadcrumb":{"@id":"https:\/\/potenciaradiofonicadominicana.com\/portal\/elevan-a-siete-los-muertos-tras-la-colision-de-dos-trenes-a-las-afueras-de-yakarta\/#breadcrumb"},"inLanguage":"es","potentialAction":[{"@type":"ReadAction","target":["https:\/\/potenciaradiofonicadominicana.com\/portal\/elevan-a-siete-los-muertos-tras-la-colision-de-dos-trenes-a-las-afueras-de-yakarta\/"]}]},{"@type":"ImageObject","inLanguage":"es","@id":"https:\/\/potenciaradiofonicadominicana.com\/portal\/elevan-a-siete-los-muertos-tras-la-colision-de-dos-trenes-a-las-afueras-de-yakarta\/#primaryimage","url":"https:\/\/potenciaradiofonicadominicana.com\/portal\/wp-content\/uploads\/2026\/04\/elevan-a-7-los-muertos-tras-colision-de-dos-trenes-en-yakarta-c377e7fb-focus-0-0-896-504.jpg","contentUrl":"https:\/\/potenciaradiofonicadominicana.com\/portal\/wp-content\/uploads\/2026\/04\/elevan-a-7-los-muertos-tras-colision-de-dos-trenes-en-yakarta-c377e7fb-focus-0-0-896-504.jpg","width":895,"height":504},{"@type":"BreadcrumbList","@id":"https:\/\/potenciaradiofonicadominicana.com\/portal\/elevan-a-siete-los-muertos-tras-la-colision-de-dos-trenes-a-las-afueras-de-yakarta\/#breadcrumb","itemListElement":[{"@type":"ListItem","position":1,"name":"Portada","item":"https:\/\/potenciaradiofonicadominicana.com\/portal\/"},{"@type":"ListItem","position":2,"name":"Elevan a siete los muertos tras la colisi\u00f3n de dos trenes a las afueras de Yakarta"}]},{"@type":"WebSite","@id":"https:\/\/potenciaradiofonicadominicana.com\/portal\/#website","url":"https:\/\/potenciaradiofonicadominicana.com\/portal\/","name":"PotenciaRadiofonicaDominicana.com","description":"Peri\u00f3dico Digital","publisher":{"@id":"https:\/\/potenciaradiofonicadominicana.com\/portal\/#organization"},"potentialAction":[{"@type":"SearchAction","target":{"@type":"EntryPoint","urlTemplate":"https:\/\/potenciaradiofonicadominicana.com\/portal\/?s={search_term_string}"},"query-input":{"@type":"PropertyValueSpecification","valueRequired":true,"valueName":"search_term_string"}}],"inLanguage":"es"},{"@type":"Organization","@id":"https:\/\/potenciaradiofonicadominicana.com\/portal\/#organization","name":"PotenciaRadiofonicaDominicana.com","url":"https:\/\/potenciaradiofonicadominicana.com\/portal\/","logo":{"@type":"ImageObject","inLanguage":"es","@id":"https:\/\/potenciaradiofonicadominicana.com\/portal\/#\/schema\/logo\/image\/","url":"https:\/\/potenciaradiofonicadominicana.com\/portal\/wp-content\/uploads\/2022\/01\/descarga.png","contentUrl":"https:\/\/potenciaradiofonicadominicana.com\/portal\/wp-content\/uploads\/2022\/01\/descarga.png","width":300,"height":100,"caption":"PotenciaRadiofonicaDominicana.com"},"image":{"@id":"https:\/\/potenciaradiofonicadominicana.com\/portal\/#\/schema\/logo\/image\/"},"sameAs":["https:\/\/web.facebook.com\/PotenciaRadiofonicaD"]},{"@type":"Person","@id":"https:\/\/potenciaradiofonicadominicana.com\/portal\/#\/schema\/person\/a5cf1fea13877803ee0573ac18b03490","name":"Potencia Radiof\u00f3nica Dominicana","image":{"@type":"ImageObject","inLanguage":"es","@id":"https:\/\/potenciaradiofonicadominicana.com\/portal\/#\/schema\/person\/image\/","url":"https:\/\/secure.gravatar.com\/avatar\/42a55ab9e8ccc656ba34cd791990602a?s=96&d=mm&r=g","contentUrl":"https:\/\/secure.gravatar.com\/avatar\/42a55ab9e8ccc656ba34cd791990602a?s=96&d=mm&r=g","caption":"Potencia Radiof\u00f3nica Dominicana"},"url":"https:\/\/potenciaradiofonicadominicana.com\/portal\/author\/johannyalmanzar\/"}]}},"_links":{"self":[{"href":"https:\/\/potenciaradiofonicadominicana.com\/portal\/wp-json\/wp\/v2\/posts\/216076","targetHints":{"allow":["GET"]}}],"collection":[{"href":"https:\/\/potenciaradiofonicadominicana.com\/portal\/wp-json\/wp\/v2\/posts"}],"about":[{"href":"https:\/\/potenciaradiofonicadominicana.com\/portal\/wp-json\/wp\/v2\/types\/post"}],"author":[{"embeddable":true,"href":"https:\/\/potenciaradiofonicadominicana.com\/portal\/wp-json\/wp\/v2\/users\/2"}],"replies":[{"embeddable":true,"href":"https:\/\/potenciaradiofonicadominicana.com\/portal\/wp-json\/wp\/v2\/comments?post=216076"}],"version-history":[{"count":1,"href":"https:\/\/potenciaradiofonicadominicana.com\/portal\/wp-json\/wp\/v2\/posts\/216076\/revisions"}],"predecessor-version":[{"id":216082,"href":"https:\/\/potenciaradiofonicadominicana.com\/portal\/wp-json\/wp\/v2\/posts\/216076\/revisions\/216082"}],"wp:featuredmedia":[{"embeddable":true,"href":"https:\/\/potenciaradiofonicadominicana.com\/portal\/wp-json\/wp\/v2\/media\/216078"}],"wp:attachment":[{"href":"https:\/\/potenciaradiofonicadominicana.com\/portal\/wp-json\/wp\/v2\/media?parent=216076"}],"wp:term":[{"taxonomy":"category","embeddable":true,"href":"https:\/\/potenciaradiofonicadominicana.com\/portal\/wp-json\/wp\/v2\/categories?post=216076"},{"taxonomy":"post_tag","embeddable":true,"href":"https:\/\/potenciaradiofonicadominicana.com\/portal\/wp-json\/wp\/v2\/tags?post=216076"}],"curies":[{"name":"wp","href":"https:\/\/api.w.org\/{rel}","templated":true}]}}