{"id":216069,"date":"2026-04-28T00:28:35","date_gmt":"2026-04-28T04:28:35","guid":{"rendered":"https:\/\/potenciaradiofonicadominicana.com\/portal\/?p=216069"},"modified":"2026-04-28T00:28:35","modified_gmt":"2026-04-28T04:28:35","slug":"trump-recibe-a-carlos-iii-para-tomar-el-te-y-le-muestra-la-nueva-colmena-de-la-casa-blanca","status":"publish","type":"post","link":"https:\/\/potenciaradiofonicadominicana.com\/portal\/trump-recibe-a-carlos-iii-para-tomar-el-te-y-le-muestra-la-nueva-colmena-de-la-casa-blanca\/","title":{"rendered":"Trump recibe a Carlos III para tomar el t\u00e9 y le muestra la nueva colmena de la Casa Blanca"},"content":{"rendered":"<p>&nbsp;<\/p>\n<p>&nbsp;<\/p>\n<p><a href=\"https:\/\/potenciaradiofonicadominicana.com\/portal\/wp-content\/uploads\/2026\/04\/donald-trump-recibe-a-carlos-iii-para-tomar-el-te-en-la-casa-blanca-7c817a2c-focus-0-0-896-504.jpg\"><img loading=\"lazy\" decoding=\"async\" class=\"size-full wp-image-216070\" src=\"https:\/\/potenciaradiofonicadominicana.com\/portal\/wp-content\/uploads\/2026\/04\/donald-trump-recibe-a-carlos-iii-para-tomar-el-te-en-la-casa-blanca-7c817a2c-focus-0-0-896-504.jpg\" alt=\"\" width=\"896\" height=\"504\" srcset=\"https:\/\/potenciaradiofonicadominicana.com\/portal\/wp-content\/uploads\/2026\/04\/donald-trump-recibe-a-carlos-iii-para-tomar-el-te-en-la-casa-blanca-7c817a2c-focus-0-0-896-504.jpg 896w, https:\/\/potenciaradiofonicadominicana.com\/portal\/wp-content\/uploads\/2026\/04\/donald-trump-recibe-a-carlos-iii-para-tomar-el-te-en-la-casa-blanca-7c817a2c-focus-0-0-896-504-300x169.jpg 300w, https:\/\/potenciaradiofonicadominicana.com\/portal\/wp-content\/uploads\/2026\/04\/donald-trump-recibe-a-carlos-iii-para-tomar-el-te-en-la-casa-blanca-7c817a2c-focus-0-0-896-504-768x432.jpg 768w\" sizes=\"auto, (max-width: 896px) 100vw, 896px\" \/><\/a><\/p>\n<p>El presidente de Estados Unidos,\u00a0<strong>Donald Trump<\/strong>, recibi\u00f3 este lunes en la\u00a0<strong>Casa Blanca<\/strong>\u00a0a los reyes brit\u00e1nicos,\u00a0<strong>Carlos III<\/strong>\u00a0y Camila, para tomar el t\u00e9 y posteriormente mostrarle la reci\u00e9n inaugurada y ampliada colmena de la residencia presidencial, en el primero de los cuatro d\u00edas de su\u00a0<strong>visita de Estado<\/strong>.<\/p>\n<p>El\u00a0<strong>presidente estadounidense<\/strong>, junto a la primera dama,\u00a0<strong>Melania Trump<\/strong>, compartieron un\u00a0<strong>t\u00e9 privado<\/strong>\u00a0en el Sal\u00f3n Verde con la pareja real.<\/p>\n<p>Tras la reuni\u00f3n,\u00a0<strong>Trump<\/strong>\u00a0gui\u00f3 a los monarcas en un recorrido por la reci\u00e9n renovada\u00a0<strong>colmena de la Casa Blanca<\/strong>, ubicada en el Jard\u00edn Sur, una instalaci\u00f3n que, seg\u00fan el Gobierno, es parte de sus esfuerzos por promover\u00a0<strong>iniciativas medioambientales<\/strong>\u00a0dentro del complejo.<\/p>\n<h2>Contexto pol\u00edtico y agenda del encuentro<\/h2>\n<p>Poco antes los\u00a0<strong>monarcas brit\u00e1nicos<\/strong>\u00a0aterrizaron en la\u00a0<strong>base a\u00e9rea de Andrews<\/strong>, en el estado de\u00a0<strong>Maryland<\/strong>, a las afueras de Washington.<\/p>\n<p>La\u00a0<strong>visita de Estado<\/strong>\u00a0llega marcada por la\u00a0<strong>fricci\u00f3n<\/strong>\u00a0entre\u00a0<strong>Washington y Londres<\/strong>, insuflada por las cr\u00edticas de\u00a0<strong>Trump<\/strong>\u00a0contra el primer ministro brit\u00e1nico, al que acusa de no haber querido dar suficiente apoyo a la ofensiva estadounidense contra Ir\u00e1n ni de brindar activos para intentar desbloquear el estrecho de Ormuz.<\/p>\n<p>Ma\u00f1ana, ambos ser\u00e1n recibidos de nuevo en la\u00a0<strong>Casa Blanca<\/strong>, que le brindar\u00e1 una\u00a0<strong>ceremonia militar<\/strong>\u00a0de bienvenida antes de que el rey\u00a0<strong>Carlos III<\/strong>\u00a0y Camila vuelvan a reunirse con el presidente y la primera dama, esta vez en el\u00a0<strong>Despacho Oval<\/strong>.<\/p>\n<p>Despu\u00e9s, el rey brit\u00e1nico, en la que es su primera\u00a0<strong>visita de Estado<\/strong>\u00a0a EE. UU., se dirigir\u00e1 al\u00a0<strong>Congreso de Estados Unidos<\/strong>\u00a0en una sesi\u00f3n conjunta.<\/p>\n<p>Ser\u00e1 la primera vez que un\u00a0<strong>miembro de la realeza brit\u00e1nica<\/strong>\u00a0se dirija al\u00a0<strong>Congreso<\/strong>\u00a0desde\u00a0<strong>1991<\/strong>, cuando la reina Isabel II se convirti\u00f3 en la primera monarca brit\u00e1nica en hablar ante la C\u00e1mara.<\/p>\n","protected":false},"excerpt":{"rendered":"<p>&nbsp; &nbsp; El presidente de Estados Unidos,\u00a0Donald Trump, recibi\u00f3 este lunes en la\u00a0Casa Blanca\u00a0a los reyes brit\u00e1nicos,\u00a0Carlos III\u00a0y Camila, para &#8230;<\/p>\n","protected":false},"author":2,"featured_media":216070,"comment_status":"closed","ping_status":"closed","sticky":false,"template":"","format":"standard","meta":{"footnotes":""},"categories":[30],"tags":[],"class_list":["post-216069","post","type-post","status-publish","format-standard","has-post-thumbnail","hentry","category-internacional"],"yoast_head":"<!-- This site is optimized with the Yoast SEO plugin v24.8.1 - https:\/\/yoast.com\/wordpress\/plugins\/seo\/ -->\n<title>Trump recibe a Carlos III para tomar el t\u00e9 y le muestra la nueva colmena de la Casa Blanca - PotenciaRadiofonicaDominicana.com<\/title>\n<meta name=\"robots\" content=\"index, follow, max-snippet:-1, max-image-preview:large, max-video-preview:-1\" \/>\n<link rel=\"canonical\" href=\"https:\/\/potenciaradiofonicadominicana.com\/portal\/trump-recibe-a-carlos-iii-para-tomar-el-te-y-le-muestra-la-nueva-colmena-de-la-casa-blanca\/\" \/>\n<meta property=\"og:locale\" content=\"es_ES\" \/>\n<meta property=\"og:type\" content=\"article\" \/>\n<meta property=\"og:title\" content=\"Trump recibe a Carlos III para tomar el t\u00e9 y le muestra la nueva colmena de la Casa Blanca - PotenciaRadiofonicaDominicana.com\" \/>\n<meta property=\"og:description\" content=\"&nbsp; &nbsp; El presidente de Estados Unidos,\u00a0Donald Trump, recibi\u00f3 este lunes en la\u00a0Casa Blanca\u00a0a los reyes brit\u00e1nicos,\u00a0Carlos III\u00a0y Camila, para ...\" \/>\n<meta property=\"og:url\" content=\"https:\/\/potenciaradiofonicadominicana.com\/portal\/trump-recibe-a-carlos-iii-para-tomar-el-te-y-le-muestra-la-nueva-colmena-de-la-casa-blanca\/\" \/>\n<meta property=\"og:site_name\" content=\"PotenciaRadiofonicaDominicana.com\" \/>\n<meta property=\"article:publisher\" content=\"https:\/\/web.facebook.com\/PotenciaRadiofonicaD\" \/>\n<meta property=\"article:published_time\" content=\"2026-04-28T04:28:35+00:00\" \/>\n<meta property=\"og:image\" content=\"https:\/\/potenciaradiofonicadominicana.com\/portal\/wp-content\/uploads\/2026\/04\/donald-trump-recibe-a-carlos-iii-para-tomar-el-te-en-la-casa-blanca-7c817a2c-focus-0-0-896-504.jpg\" \/>\n\t<meta property=\"og:image:width\" content=\"896\" \/>\n\t<meta property=\"og:image:height\" content=\"504\" \/>\n\t<meta property=\"og:image:type\" content=\"image\/jpeg\" \/>\n<meta name=\"author\" content=\"Potencia Radiof\u00f3nica Dominicana\" \/>\n<meta name=\"twitter:card\" content=\"summary_large_image\" \/>\n<meta name=\"twitter:label1\" content=\"Escrito por\" \/>\n\t<meta name=\"twitter:data1\" content=\"Potencia Radiof\u00f3nica Dominicana\" \/>\n\t<meta name=\"twitter:label2\" content=\"Tiempo de lectura\" \/>\n\t<meta name=\"twitter:data2\" content=\"2 minutos\" \/>\n<script type=\"application\/ld+json\" class=\"yoast-schema-graph\">{\"@context\":\"https:\/\/schema.org\",\"@graph\":[{\"@type\":\"Article\",\"@id\":\"https:\/\/potenciaradiofonicadominicana.com\/portal\/trump-recibe-a-carlos-iii-para-tomar-el-te-y-le-muestra-la-nueva-colmena-de-la-casa-blanca\/#article\",\"isPartOf\":{\"@id\":\"https:\/\/potenciaradiofonicadominicana.com\/portal\/trump-recibe-a-carlos-iii-para-tomar-el-te-y-le-muestra-la-nueva-colmena-de-la-casa-blanca\/\"},\"author\":{\"name\":\"Potencia Radiof\u00f3nica Dominicana\",\"@id\":\"https:\/\/potenciaradiofonicadominicana.com\/portal\/#\/schema\/person\/a5cf1fea13877803ee0573ac18b03490\"},\"headline\":\"Trump recibe a Carlos III para tomar el t\u00e9 y le muestra la nueva colmena de la Casa Blanca\",\"datePublished\":\"2026-04-28T04:28:35+00:00\",\"mainEntityOfPage\":{\"@id\":\"https:\/\/potenciaradiofonicadominicana.com\/portal\/trump-recibe-a-carlos-iii-para-tomar-el-te-y-le-muestra-la-nueva-colmena-de-la-casa-blanca\/\"},\"wordCount\":343,\"publisher\":{\"@id\":\"https:\/\/potenciaradiofonicadominicana.com\/portal\/#organization\"},\"image\":{\"@id\":\"https:\/\/potenciaradiofonicadominicana.com\/portal\/trump-recibe-a-carlos-iii-para-tomar-el-te-y-le-muestra-la-nueva-colmena-de-la-casa-blanca\/#primaryimage\"},\"thumbnailUrl\":\"https:\/\/potenciaradiofonicadominicana.com\/portal\/wp-content\/uploads\/2026\/04\/donald-trump-recibe-a-carlos-iii-para-tomar-el-te-en-la-casa-blanca-7c817a2c-focus-0-0-896-504.jpg\",\"articleSection\":[\"Internacional\"],\"inLanguage\":\"es\"},{\"@type\":\"WebPage\",\"@id\":\"https:\/\/potenciaradiofonicadominicana.com\/portal\/trump-recibe-a-carlos-iii-para-tomar-el-te-y-le-muestra-la-nueva-colmena-de-la-casa-blanca\/\",\"url\":\"https:\/\/potenciaradiofonicadominicana.com\/portal\/trump-recibe-a-carlos-iii-para-tomar-el-te-y-le-muestra-la-nueva-colmena-de-la-casa-blanca\/\",\"name\":\"Trump recibe a Carlos III para tomar el t\u00e9 y le muestra la nueva colmena de la Casa Blanca - PotenciaRadiofonicaDominicana.com\",\"isPartOf\":{\"@id\":\"https:\/\/potenciaradiofonicadominicana.com\/portal\/#website\"},\"primaryImageOfPage\":{\"@id\":\"https:\/\/potenciaradiofonicadominicana.com\/portal\/trump-recibe-a-carlos-iii-para-tomar-el-te-y-le-muestra-la-nueva-colmena-de-la-casa-blanca\/#primaryimage\"},\"image\":{\"@id\":\"https:\/\/potenciaradiofonicadominicana.com\/portal\/trump-recibe-a-carlos-iii-para-tomar-el-te-y-le-muestra-la-nueva-colmena-de-la-casa-blanca\/#primaryimage\"},\"thumbnailUrl\":\"https:\/\/potenciaradiofonicadominicana.com\/portal\/wp-content\/uploads\/2026\/04\/donald-trump-recibe-a-carlos-iii-para-tomar-el-te-en-la-casa-blanca-7c817a2c-focus-0-0-896-504.jpg\",\"datePublished\":\"2026-04-28T04:28:35+00:00\",\"breadcrumb\":{\"@id\":\"https:\/\/potenciaradiofonicadominicana.com\/portal\/trump-recibe-a-carlos-iii-para-tomar-el-te-y-le-muestra-la-nueva-colmena-de-la-casa-blanca\/#breadcrumb\"},\"inLanguage\":\"es\",\"potentialAction\":[{\"@type\":\"ReadAction\",\"target\":[\"https:\/\/potenciaradiofonicadominicana.com\/portal\/trump-recibe-a-carlos-iii-para-tomar-el-te-y-le-muestra-la-nueva-colmena-de-la-casa-blanca\/\"]}]},{\"@type\":\"ImageObject\",\"inLanguage\":\"es\",\"@id\":\"https:\/\/potenciaradiofonicadominicana.com\/portal\/trump-recibe-a-carlos-iii-para-tomar-el-te-y-le-muestra-la-nueva-colmena-de-la-casa-blanca\/#primaryimage\",\"url\":\"https:\/\/potenciaradiofonicadominicana.com\/portal\/wp-content\/uploads\/2026\/04\/donald-trump-recibe-a-carlos-iii-para-tomar-el-te-en-la-casa-blanca-7c817a2c-focus-0-0-896-504.jpg\",\"contentUrl\":\"https:\/\/potenciaradiofonicadominicana.com\/portal\/wp-content\/uploads\/2026\/04\/donald-trump-recibe-a-carlos-iii-para-tomar-el-te-en-la-casa-blanca-7c817a2c-focus-0-0-896-504.jpg\",\"width\":896,\"height\":504,\"caption\":\"WASHINGTON (United States), 27\/04\/2026.- Britain's King Charles III (2-L), Queen Camilla (L), US President Donald Trump (2-R) and First Lady Melania Trump (R) pose for a picture at the White House in Washington, DC, USA, 27 April 2026. King Charles III and Queen Camilla are on a four-day state visit to the US that also includes engagements in New York and Virginia. (Reino Unido, Estados Unidos, Nueva York) EFE\/EPA\/ALLISON ROBBERT\/ POOL\"},{\"@type\":\"BreadcrumbList\",\"@id\":\"https:\/\/potenciaradiofonicadominicana.com\/portal\/trump-recibe-a-carlos-iii-para-tomar-el-te-y-le-muestra-la-nueva-colmena-de-la-casa-blanca\/#breadcrumb\",\"itemListElement\":[{\"@type\":\"ListItem\",\"position\":1,\"name\":\"Portada\",\"item\":\"https:\/\/potenciaradiofonicadominicana.com\/portal\/\"},{\"@type\":\"ListItem\",\"position\":2,\"name\":\"Trump recibe a Carlos III para tomar el t\u00e9 y le muestra la nueva colmena de la Casa Blanca\"}]},{\"@type\":\"WebSite\",\"@id\":\"https:\/\/potenciaradiofonicadominicana.com\/portal\/#website\",\"url\":\"https:\/\/potenciaradiofonicadominicana.com\/portal\/\",\"name\":\"PotenciaRadiofonicaDominicana.com\",\"description\":\"Peri\u00f3dico Digital\",\"publisher\":{\"@id\":\"https:\/\/potenciaradiofonicadominicana.com\/portal\/#organization\"},\"potentialAction\":[{\"@type\":\"SearchAction\",\"target\":{\"@type\":\"EntryPoint\",\"urlTemplate\":\"https:\/\/potenciaradiofonicadominicana.com\/portal\/?s={search_term_string}\"},\"query-input\":{\"@type\":\"PropertyValueSpecification\",\"valueRequired\":true,\"valueName\":\"search_term_string\"}}],\"inLanguage\":\"es\"},{\"@type\":\"Organization\",\"@id\":\"https:\/\/potenciaradiofonicadominicana.com\/portal\/#organization\",\"name\":\"PotenciaRadiofonicaDominicana.com\",\"url\":\"https:\/\/potenciaradiofonicadominicana.com\/portal\/\",\"logo\":{\"@type\":\"ImageObject\",\"inLanguage\":\"es\",\"@id\":\"https:\/\/potenciaradiofonicadominicana.com\/portal\/#\/schema\/logo\/image\/\",\"url\":\"https:\/\/potenciaradiofonicadominicana.com\/portal\/wp-content\/uploads\/2022\/01\/descarga.png\",\"contentUrl\":\"https:\/\/potenciaradiofonicadominicana.com\/portal\/wp-content\/uploads\/2022\/01\/descarga.png\",\"width\":300,\"height\":100,\"caption\":\"PotenciaRadiofonicaDominicana.com\"},\"image\":{\"@id\":\"https:\/\/potenciaradiofonicadominicana.com\/portal\/#\/schema\/logo\/image\/\"},\"sameAs\":[\"https:\/\/web.facebook.com\/PotenciaRadiofonicaD\"]},{\"@type\":\"Person\",\"@id\":\"https:\/\/potenciaradiofonicadominicana.com\/portal\/#\/schema\/person\/a5cf1fea13877803ee0573ac18b03490\",\"name\":\"Potencia Radiof\u00f3nica Dominicana\",\"image\":{\"@type\":\"ImageObject\",\"inLanguage\":\"es\",\"@id\":\"https:\/\/potenciaradiofonicadominicana.com\/portal\/#\/schema\/person\/image\/\",\"url\":\"https:\/\/secure.gravatar.com\/avatar\/42a55ab9e8ccc656ba34cd791990602a?s=96&d=mm&r=g\",\"contentUrl\":\"https:\/\/secure.gravatar.com\/avatar\/42a55ab9e8ccc656ba34cd791990602a?s=96&d=mm&r=g\",\"caption\":\"Potencia Radiof\u00f3nica Dominicana\"},\"url\":\"https:\/\/potenciaradiofonicadominicana.com\/portal\/author\/johannyalmanzar\/\"}]}<\/script>\n<!-- \/ Yoast SEO plugin. -->","yoast_head_json":{"title":"Trump recibe a Carlos III para tomar el t\u00e9 y le muestra la nueva colmena de la Casa Blanca - PotenciaRadiofonicaDominicana.com","robots":{"index":"index","follow":"follow","max-snippet":"max-snippet:-1","max-image-preview":"max-image-preview:large","max-video-preview":"max-video-preview:-1"},"canonical":"https:\/\/potenciaradiofonicadominicana.com\/portal\/trump-recibe-a-carlos-iii-para-tomar-el-te-y-le-muestra-la-nueva-colmena-de-la-casa-blanca\/","og_locale":"es_ES","og_type":"article","og_title":"Trump recibe a Carlos III para tomar el t\u00e9 y le muestra la nueva colmena de la Casa Blanca - PotenciaRadiofonicaDominicana.com","og_description":"&nbsp; &nbsp; El presidente de Estados Unidos,\u00a0Donald Trump, recibi\u00f3 este lunes en la\u00a0Casa Blanca\u00a0a los reyes brit\u00e1nicos,\u00a0Carlos III\u00a0y Camila, para ...","og_url":"https:\/\/potenciaradiofonicadominicana.com\/portal\/trump-recibe-a-carlos-iii-para-tomar-el-te-y-le-muestra-la-nueva-colmena-de-la-casa-blanca\/","og_site_name":"PotenciaRadiofonicaDominicana.com","article_publisher":"https:\/\/web.facebook.com\/PotenciaRadiofonicaD","article_published_time":"2026-04-28T04:28:35+00:00","og_image":[{"width":896,"height":504,"url":"https:\/\/potenciaradiofonicadominicana.com\/portal\/wp-content\/uploads\/2026\/04\/donald-trump-recibe-a-carlos-iii-para-tomar-el-te-en-la-casa-blanca-7c817a2c-focus-0-0-896-504.jpg","type":"image\/jpeg"}],"author":"Potencia Radiof\u00f3nica Dominicana","twitter_card":"summary_large_image","twitter_misc":{"Escrito por":"Potencia Radiof\u00f3nica Dominicana","Tiempo de lectura":"2 minutos"},"schema":{"@context":"https:\/\/schema.org","@graph":[{"@type":"Article","@id":"https:\/\/potenciaradiofonicadominicana.com\/portal\/trump-recibe-a-carlos-iii-para-tomar-el-te-y-le-muestra-la-nueva-colmena-de-la-casa-blanca\/#article","isPartOf":{"@id":"https:\/\/potenciaradiofonicadominicana.com\/portal\/trump-recibe-a-carlos-iii-para-tomar-el-te-y-le-muestra-la-nueva-colmena-de-la-casa-blanca\/"},"author":{"name":"Potencia Radiof\u00f3nica Dominicana","@id":"https:\/\/potenciaradiofonicadominicana.com\/portal\/#\/schema\/person\/a5cf1fea13877803ee0573ac18b03490"},"headline":"Trump recibe a Carlos III para tomar el t\u00e9 y le muestra la nueva colmena de la Casa Blanca","datePublished":"2026-04-28T04:28:35+00:00","mainEntityOfPage":{"@id":"https:\/\/potenciaradiofonicadominicana.com\/portal\/trump-recibe-a-carlos-iii-para-tomar-el-te-y-le-muestra-la-nueva-colmena-de-la-casa-blanca\/"},"wordCount":343,"publisher":{"@id":"https:\/\/potenciaradiofonicadominicana.com\/portal\/#organization"},"image":{"@id":"https:\/\/potenciaradiofonicadominicana.com\/portal\/trump-recibe-a-carlos-iii-para-tomar-el-te-y-le-muestra-la-nueva-colmena-de-la-casa-blanca\/#primaryimage"},"thumbnailUrl":"https:\/\/potenciaradiofonicadominicana.com\/portal\/wp-content\/uploads\/2026\/04\/donald-trump-recibe-a-carlos-iii-para-tomar-el-te-en-la-casa-blanca-7c817a2c-focus-0-0-896-504.jpg","articleSection":["Internacional"],"inLanguage":"es"},{"@type":"WebPage","@id":"https:\/\/potenciaradiofonicadominicana.com\/portal\/trump-recibe-a-carlos-iii-para-tomar-el-te-y-le-muestra-la-nueva-colmena-de-la-casa-blanca\/","url":"https:\/\/potenciaradiofonicadominicana.com\/portal\/trump-recibe-a-carlos-iii-para-tomar-el-te-y-le-muestra-la-nueva-colmena-de-la-casa-blanca\/","name":"Trump recibe a Carlos III para tomar el t\u00e9 y le muestra la nueva colmena de la Casa Blanca - PotenciaRadiofonicaDominicana.com","isPartOf":{"@id":"https:\/\/potenciaradiofonicadominicana.com\/portal\/#website"},"primaryImageOfPage":{"@id":"https:\/\/potenciaradiofonicadominicana.com\/portal\/trump-recibe-a-carlos-iii-para-tomar-el-te-y-le-muestra-la-nueva-colmena-de-la-casa-blanca\/#primaryimage"},"image":{"@id":"https:\/\/potenciaradiofonicadominicana.com\/portal\/trump-recibe-a-carlos-iii-para-tomar-el-te-y-le-muestra-la-nueva-colmena-de-la-casa-blanca\/#primaryimage"},"thumbnailUrl":"https:\/\/potenciaradiofonicadominicana.com\/portal\/wp-content\/uploads\/2026\/04\/donald-trump-recibe-a-carlos-iii-para-tomar-el-te-en-la-casa-blanca-7c817a2c-focus-0-0-896-504.jpg","datePublished":"2026-04-28T04:28:35+00:00","breadcrumb":{"@id":"https:\/\/potenciaradiofonicadominicana.com\/portal\/trump-recibe-a-carlos-iii-para-tomar-el-te-y-le-muestra-la-nueva-colmena-de-la-casa-blanca\/#breadcrumb"},"inLanguage":"es","potentialAction":[{"@type":"ReadAction","target":["https:\/\/potenciaradiofonicadominicana.com\/portal\/trump-recibe-a-carlos-iii-para-tomar-el-te-y-le-muestra-la-nueva-colmena-de-la-casa-blanca\/"]}]},{"@type":"ImageObject","inLanguage":"es","@id":"https:\/\/potenciaradiofonicadominicana.com\/portal\/trump-recibe-a-carlos-iii-para-tomar-el-te-y-le-muestra-la-nueva-colmena-de-la-casa-blanca\/#primaryimage","url":"https:\/\/potenciaradiofonicadominicana.com\/portal\/wp-content\/uploads\/2026\/04\/donald-trump-recibe-a-carlos-iii-para-tomar-el-te-en-la-casa-blanca-7c817a2c-focus-0-0-896-504.jpg","contentUrl":"https:\/\/potenciaradiofonicadominicana.com\/portal\/wp-content\/uploads\/2026\/04\/donald-trump-recibe-a-carlos-iii-para-tomar-el-te-en-la-casa-blanca-7c817a2c-focus-0-0-896-504.jpg","width":896,"height":504,"caption":"WASHINGTON (United States), 27\/04\/2026.- Britain's King Charles III (2-L), Queen Camilla (L), US President Donald Trump (2-R) and First Lady Melania Trump (R) pose for a picture at the White House in Washington, DC, USA, 27 April 2026. King Charles III and Queen Camilla are on a four-day state visit to the US that also includes engagements in New York and Virginia. (Reino Unido, Estados Unidos, Nueva York) EFE\/EPA\/ALLISON ROBBERT\/ POOL"},{"@type":"BreadcrumbList","@id":"https:\/\/potenciaradiofonicadominicana.com\/portal\/trump-recibe-a-carlos-iii-para-tomar-el-te-y-le-muestra-la-nueva-colmena-de-la-casa-blanca\/#breadcrumb","itemListElement":[{"@type":"ListItem","position":1,"name":"Portada","item":"https:\/\/potenciaradiofonicadominicana.com\/portal\/"},{"@type":"ListItem","position":2,"name":"Trump recibe a Carlos III para tomar el t\u00e9 y le muestra la nueva colmena de la Casa Blanca"}]},{"@type":"WebSite","@id":"https:\/\/potenciaradiofonicadominicana.com\/portal\/#website","url":"https:\/\/potenciaradiofonicadominicana.com\/portal\/","name":"PotenciaRadiofonicaDominicana.com","description":"Peri\u00f3dico Digital","publisher":{"@id":"https:\/\/potenciaradiofonicadominicana.com\/portal\/#organization"},"potentialAction":[{"@type":"SearchAction","target":{"@type":"EntryPoint","urlTemplate":"https:\/\/potenciaradiofonicadominicana.com\/portal\/?s={search_term_string}"},"query-input":{"@type":"PropertyValueSpecification","valueRequired":true,"valueName":"search_term_string"}}],"inLanguage":"es"},{"@type":"Organization","@id":"https:\/\/potenciaradiofonicadominicana.com\/portal\/#organization","name":"PotenciaRadiofonicaDominicana.com","url":"https:\/\/potenciaradiofonicadominicana.com\/portal\/","logo":{"@type":"ImageObject","inLanguage":"es","@id":"https:\/\/potenciaradiofonicadominicana.com\/portal\/#\/schema\/logo\/image\/","url":"https:\/\/potenciaradiofonicadominicana.com\/portal\/wp-content\/uploads\/2022\/01\/descarga.png","contentUrl":"https:\/\/potenciaradiofonicadominicana.com\/portal\/wp-content\/uploads\/2022\/01\/descarga.png","width":300,"height":100,"caption":"PotenciaRadiofonicaDominicana.com"},"image":{"@id":"https:\/\/potenciaradiofonicadominicana.com\/portal\/#\/schema\/logo\/image\/"},"sameAs":["https:\/\/web.facebook.com\/PotenciaRadiofonicaD"]},{"@type":"Person","@id":"https:\/\/potenciaradiofonicadominicana.com\/portal\/#\/schema\/person\/a5cf1fea13877803ee0573ac18b03490","name":"Potencia Radiof\u00f3nica Dominicana","image":{"@type":"ImageObject","inLanguage":"es","@id":"https:\/\/potenciaradiofonicadominicana.com\/portal\/#\/schema\/person\/image\/","url":"https:\/\/secure.gravatar.com\/avatar\/42a55ab9e8ccc656ba34cd791990602a?s=96&d=mm&r=g","contentUrl":"https:\/\/secure.gravatar.com\/avatar\/42a55ab9e8ccc656ba34cd791990602a?s=96&d=mm&r=g","caption":"Potencia Radiof\u00f3nica Dominicana"},"url":"https:\/\/potenciaradiofonicadominicana.com\/portal\/author\/johannyalmanzar\/"}]}},"_links":{"self":[{"href":"https:\/\/potenciaradiofonicadominicana.com\/portal\/wp-json\/wp\/v2\/posts\/216069","targetHints":{"allow":["GET"]}}],"collection":[{"href":"https:\/\/potenciaradiofonicadominicana.com\/portal\/wp-json\/wp\/v2\/posts"}],"about":[{"href":"https:\/\/potenciaradiofonicadominicana.com\/portal\/wp-json\/wp\/v2\/types\/post"}],"author":[{"embeddable":true,"href":"https:\/\/potenciaradiofonicadominicana.com\/portal\/wp-json\/wp\/v2\/users\/2"}],"replies":[{"embeddable":true,"href":"https:\/\/potenciaradiofonicadominicana.com\/portal\/wp-json\/wp\/v2\/comments?post=216069"}],"version-history":[{"count":1,"href":"https:\/\/potenciaradiofonicadominicana.com\/portal\/wp-json\/wp\/v2\/posts\/216069\/revisions"}],"predecessor-version":[{"id":216073,"href":"https:\/\/potenciaradiofonicadominicana.com\/portal\/wp-json\/wp\/v2\/posts\/216069\/revisions\/216073"}],"wp:featuredmedia":[{"embeddable":true,"href":"https:\/\/potenciaradiofonicadominicana.com\/portal\/wp-json\/wp\/v2\/media\/216070"}],"wp:attachment":[{"href":"https:\/\/potenciaradiofonicadominicana.com\/portal\/wp-json\/wp\/v2\/media?parent=216069"}],"wp:term":[{"taxonomy":"category","embeddable":true,"href":"https:\/\/potenciaradiofonicadominicana.com\/portal\/wp-json\/wp\/v2\/categories?post=216069"},{"taxonomy":"post_tag","embeddable":true,"href":"https:\/\/potenciaradiofonicadominicana.com\/portal\/wp-json\/wp\/v2\/tags?post=216069"}],"curies":[{"name":"wp","href":"https:\/\/api.w.org\/{rel}","templated":true}]}}