{"id":216068,"date":"2026-04-28T00:28:24","date_gmt":"2026-04-28T04:28:24","guid":{"rendered":"https:\/\/potenciaradiofonicadominicana.com\/portal\/?p=216068"},"modified":"2026-04-28T00:28:24","modified_gmt":"2026-04-28T04:28:24","slug":"el-canciller-de-iran-llega-a-rusia-para-hablar-con-putin-sobre-el-desarrollo-de-la-guerra-con-estados-unidos","status":"publish","type":"post","link":"https:\/\/potenciaradiofonicadominicana.com\/portal\/el-canciller-de-iran-llega-a-rusia-para-hablar-con-putin-sobre-el-desarrollo-de-la-guerra-con-estados-unidos\/","title":{"rendered":"El canciller de Ir\u00e1n llega a Rusia para hablar con Putin sobre el desarrollo de la guerra con Estados Unidos"},"content":{"rendered":"<p><a href=\"https:\/\/potenciaradiofonicadominicana.com\/portal\/wp-content\/uploads\/2026\/04\/AFP__20260427__A9449CQ__v1__MidRes__RussiaIranPoliticsDiplomacy.webp\"><img loading=\"lazy\" decoding=\"async\" class=\"alignnone size-full wp-image-216071\" src=\"https:\/\/potenciaradiofonicadominicana.com\/portal\/wp-content\/uploads\/2026\/04\/AFP__20260427__A9449CQ__v1__MidRes__RussiaIranPoliticsDiplomacy.webp\" alt=\"\" width=\"1200\" height=\"800\" srcset=\"https:\/\/potenciaradiofonicadominicana.com\/portal\/wp-content\/uploads\/2026\/04\/AFP__20260427__A9449CQ__v1__MidRes__RussiaIranPoliticsDiplomacy.webp 1200w, https:\/\/potenciaradiofonicadominicana.com\/portal\/wp-content\/uploads\/2026\/04\/AFP__20260427__A9449CQ__v1__MidRes__RussiaIranPoliticsDiplomacy-300x200.webp 300w, https:\/\/potenciaradiofonicadominicana.com\/portal\/wp-content\/uploads\/2026\/04\/AFP__20260427__A9449CQ__v1__MidRes__RussiaIranPoliticsDiplomacy-1024x683.webp 1024w, https:\/\/potenciaradiofonicadominicana.com\/portal\/wp-content\/uploads\/2026\/04\/AFP__20260427__A9449CQ__v1__MidRes__RussiaIranPoliticsDiplomacy-768x512.webp 768w\" sizes=\"auto, (max-width: 1200px) 100vw, 1200px\" \/><\/a><\/p>\n<p class=\"has-medium-font-size\">El ministro de Asuntos Exteriores de Ir\u00e1n, Abbas Araghchi, lleg\u00f3 este lunes a San Petersburgo, donde tiene previsto mantener conversaciones con altos funcionarios rusos, incluido el presidente Vladimir Putin, mientras contin\u00faan los esfuerzos diplom\u00e1ticos para sostener las conversaciones de paz entre Teher\u00e1n y Washington tras la cancelaci\u00f3n de contactos previstos en Pakist\u00e1n.<\/p>\n<p class=\"has-medium-font-size\">La llegada del canciller iran\u00ed fue informada por el Ministerio de Asuntos Exteriores de Ir\u00e1n a trav\u00e9s de Telegram. Seg\u00fan el comunicado, Araghchi lleg\u00f3 a la ciudad rusa despu\u00e9s de visitar Om\u00e1n entre viajes a Islamabad, en el marco de gestiones diplom\u00e1ticas destinadas a mantener abierto el canal de di\u00e1logo entre Ir\u00e1n y Estados Unidos.<\/p>\n<p class=\"has-medium-font-size\">A su llegada, Araghchi declar\u00f3 a medios iran\u00edes que viajaba a Rusia \u201ccon el objetivo de continuar las estrechas consultas entre Teher\u00e1n y Mosc\u00fa sobre cuestiones regionales e internacionales\u201d. Tambi\u00e9n afirm\u00f3 que su encuentro con Putin previsto para m\u00e1s tarde \u201cser\u00e1 una buena oportunidad para discutir los acontecimientos de la guerra y repasar la situaci\u00f3n actual\u201d.<\/p>\n<p class=\"has-medium-font-size\">El ministro iran\u00ed tambi\u00e9n se refiri\u00f3 a sus recientes visitas a Pakist\u00e1n y Om\u00e1n. Seg\u00fan la agencia estatal IRNA, Araghchi sostuvo que su viaje a Islamabad fue \u201cmuy productivo\u201d e incluy\u00f3 \u201cbuenas consultas\u201d.<\/p>\n<p class=\"has-medium-font-size\">A su llegada, Araghchi declar\u00f3 a medios iran\u00edes que viajaba a Rusia \u201ccon el objetivo de continuar las estrechas consultas entre Teher\u00e1n y Mosc\u00fa sobre cuestiones regionales e internacionales\u201d.<\/p>\n<p class=\"has-medium-font-size\">En esas reuniones, precis\u00f3, los funcionarios \u201crevisaron los acontecimientos pasados y las condiciones espec\u00edficas bajo las cuales podr\u00edan continuar las negociaciones entre Ir\u00e1n y Estados Unidos\u201d.<\/p>\n<p class=\"has-medium-font-size\">Durante su visita a Om\u00e1n, el canciller indic\u00f3 que ambas partes mantuvieron conversaciones sobre el estrecho de Ormuz.<\/p>\n<p class=\"has-medium-font-size\">Seg\u00fan sus declaraciones, \u201cIr\u00e1n y Om\u00e1n son los dos estados ribere\u00f1os del estrecho de Ormuz, lo que hace necesarias las consultas mutuas, especialmente ahora que el paso seguro a trav\u00e9s del estrecho se ha convertido en un importante problema mundial\u201d.<\/p>\n<p class=\"has-medium-font-size\">\u201cEs natural que, como naciones ribere\u00f1as de este estrecho, debamos entablar un di\u00e1logo para garantizar que se satisfagan nuestros intereses comunes y para mantenernos coordinados en cualquier acci\u00f3n que emprendamos, ya que los intereses tanto de Ir\u00e1n como de Om\u00e1n est\u00e1n directamente involucrados\u201d, afirm\u00f3.<\/p>\n<p class=\"has-medium-font-size\">Araghchi a\u00f1adi\u00f3 que exist\u00eda un \u201calto grado de consenso\u201d entre Ir\u00e1n y Om\u00e1n y que ambas partes acordaron que \u201clas consultas deber\u00edan continuar a nivel de expertos\u201d.<\/p>\n<p class=\"has-medium-font-size\">Por su parte, la administraci\u00f3n de Donald Trump decidi\u00f3 convertir el factor tiempo en su principal herramienta de presi\u00f3n geopol\u00edtica frente a Ir\u00e1n. En una entrevista concedida el domingo por la noche a Fox News, el mandatario estadounidense fue taxativo al asegurar que no siente \u201cninguna prisa\u201d por alcanzar un nuevo acuerdo con Teher\u00e1n.<\/p>\n<p class=\"has-medium-font-size\">Trump sostuvo que el tiempo juega a favor de Washington y destac\u00f3 que, aunque los canales de comunicaci\u00f3n permanecen abiertos a trav\u00e9s de aliados como Pakist\u00e1n, no existe urgencia para avanzar de inmediato hacia una mesa de negociaci\u00f3n. \u201cPueden venir a nosotros, o pueden llamarnos\u201d, afirm\u00f3.<\/p>\n<p class=\"has-medium-font-size\">El presidente reiter\u00f3 que su objetivo central sigue siendo impedir que Teher\u00e1n desarrolle armamento nuclear, al considerar esa posibilidad una amenaza existencial para la estabilidad internacional.<\/p>\n<p class=\"has-medium-font-size\">\u201cNo se puede permitir que Ir\u00e1n posea armas nucleares bajo ninguna circunstancia. Usar\u00edan esas armas y pondr\u00edan en peligro a Israel, a Europa y a los propios Estados Unidos. Estamos haciendo un servicio al mundo al evitarlo\u201d, sentenci\u00f3.<\/p>\n<p class=\"has-medium-font-size\">El alto el fuego en la guerra entre Estados Unidos, Israel e Ir\u00e1n se mantiene por el momento, aunque sus consecuencias econ\u00f3micas contin\u00faan repercutiendo a escala global.<\/p>\n<p class=\"has-medium-font-size\">El primer ministro israel\u00ed, Benjamin Netanyahu, declar\u00f3 en la reuni\u00f3n semanal del gabinete que las acciones de Hezbollah estaban \u201cdesmantelando el alto el fuego\u201d, mientras la organizaci\u00f3n sostuvo que responder\u00e1 a las violaciones israel\u00edes y a la \u201cocupaci\u00f3n continuada\u201d.<\/p>\n<p class=\"has-medium-font-size\">El Ministerio de Salud liban\u00e9s inform\u00f3 que ataques israel\u00edes en el sur del pa\u00eds causaron 14 muertos, entre ellos dos mujeres y dos ni\u00f1os, adem\u00e1s de 37 heridos.<\/p>\n","protected":false},"excerpt":{"rendered":"<p>El ministro de Asuntos Exteriores de Ir\u00e1n, Abbas Araghchi, lleg\u00f3 este lunes a San Petersburgo, donde tiene previsto mantener conversaciones &#8230;<\/p>\n","protected":false},"author":2,"featured_media":216071,"comment_status":"closed","ping_status":"closed","sticky":false,"template":"","format":"standard","meta":{"footnotes":""},"categories":[30],"tags":[],"class_list":["post-216068","post","type-post","status-publish","format-standard","has-post-thumbnail","hentry","category-internacional"],"yoast_head":"<!-- This site is optimized with the Yoast SEO plugin v24.8.1 - https:\/\/yoast.com\/wordpress\/plugins\/seo\/ -->\n<title>El canciller de Ir\u00e1n llega a Rusia para hablar con Putin sobre el desarrollo de la guerra con Estados Unidos - PotenciaRadiofonicaDominicana.com<\/title>\n<meta name=\"robots\" content=\"index, follow, max-snippet:-1, max-image-preview:large, max-video-preview:-1\" \/>\n<link rel=\"canonical\" href=\"https:\/\/potenciaradiofonicadominicana.com\/portal\/el-canciller-de-iran-llega-a-rusia-para-hablar-con-putin-sobre-el-desarrollo-de-la-guerra-con-estados-unidos\/\" \/>\n<meta property=\"og:locale\" content=\"es_ES\" \/>\n<meta property=\"og:type\" content=\"article\" \/>\n<meta property=\"og:title\" content=\"El canciller de Ir\u00e1n llega a Rusia para hablar con Putin sobre el desarrollo de la guerra con Estados Unidos - PotenciaRadiofonicaDominicana.com\" \/>\n<meta property=\"og:description\" content=\"El ministro de Asuntos Exteriores de Ir\u00e1n, Abbas Araghchi, lleg\u00f3 este lunes a San Petersburgo, donde tiene previsto mantener conversaciones ...\" \/>\n<meta property=\"og:url\" content=\"https:\/\/potenciaradiofonicadominicana.com\/portal\/el-canciller-de-iran-llega-a-rusia-para-hablar-con-putin-sobre-el-desarrollo-de-la-guerra-con-estados-unidos\/\" \/>\n<meta property=\"og:site_name\" content=\"PotenciaRadiofonicaDominicana.com\" \/>\n<meta property=\"article:publisher\" content=\"https:\/\/web.facebook.com\/PotenciaRadiofonicaD\" \/>\n<meta property=\"article:published_time\" content=\"2026-04-28T04:28:24+00:00\" \/>\n<meta property=\"og:image\" content=\"https:\/\/potenciaradiofonicadominicana.com\/portal\/wp-content\/uploads\/2026\/04\/AFP__20260427__A9449CQ__v1__MidRes__RussiaIranPoliticsDiplomacy.webp\" \/>\n\t<meta property=\"og:image:width\" content=\"1200\" \/>\n\t<meta property=\"og:image:height\" content=\"800\" \/>\n\t<meta property=\"og:image:type\" content=\"image\/webp\" \/>\n<meta name=\"author\" content=\"Potencia Radiof\u00f3nica Dominicana\" \/>\n<meta name=\"twitter:card\" content=\"summary_large_image\" \/>\n<meta name=\"twitter:label1\" content=\"Escrito por\" \/>\n\t<meta name=\"twitter:data1\" content=\"Potencia Radiof\u00f3nica Dominicana\" \/>\n\t<meta name=\"twitter:label2\" content=\"Tiempo de lectura\" \/>\n\t<meta name=\"twitter:data2\" content=\"4 minutos\" \/>\n<script type=\"application\/ld+json\" class=\"yoast-schema-graph\">{\"@context\":\"https:\/\/schema.org\",\"@graph\":[{\"@type\":\"Article\",\"@id\":\"https:\/\/potenciaradiofonicadominicana.com\/portal\/el-canciller-de-iran-llega-a-rusia-para-hablar-con-putin-sobre-el-desarrollo-de-la-guerra-con-estados-unidos\/#article\",\"isPartOf\":{\"@id\":\"https:\/\/potenciaradiofonicadominicana.com\/portal\/el-canciller-de-iran-llega-a-rusia-para-hablar-con-putin-sobre-el-desarrollo-de-la-guerra-con-estados-unidos\/\"},\"author\":{\"name\":\"Potencia Radiof\u00f3nica Dominicana\",\"@id\":\"https:\/\/potenciaradiofonicadominicana.com\/portal\/#\/schema\/person\/a5cf1fea13877803ee0573ac18b03490\"},\"headline\":\"El canciller de Ir\u00e1n llega a Rusia para hablar con Putin sobre el desarrollo de la guerra con Estados Unidos\",\"datePublished\":\"2026-04-28T04:28:24+00:00\",\"mainEntityOfPage\":{\"@id\":\"https:\/\/potenciaradiofonicadominicana.com\/portal\/el-canciller-de-iran-llega-a-rusia-para-hablar-con-putin-sobre-el-desarrollo-de-la-guerra-con-estados-unidos\/\"},\"wordCount\":727,\"publisher\":{\"@id\":\"https:\/\/potenciaradiofonicadominicana.com\/portal\/#organization\"},\"image\":{\"@id\":\"https:\/\/potenciaradiofonicadominicana.com\/portal\/el-canciller-de-iran-llega-a-rusia-para-hablar-con-putin-sobre-el-desarrollo-de-la-guerra-con-estados-unidos\/#primaryimage\"},\"thumbnailUrl\":\"https:\/\/potenciaradiofonicadominicana.com\/portal\/wp-content\/uploads\/2026\/04\/AFP__20260427__A9449CQ__v1__MidRes__RussiaIranPoliticsDiplomacy.webp\",\"articleSection\":[\"Internacional\"],\"inLanguage\":\"es\"},{\"@type\":\"WebPage\",\"@id\":\"https:\/\/potenciaradiofonicadominicana.com\/portal\/el-canciller-de-iran-llega-a-rusia-para-hablar-con-putin-sobre-el-desarrollo-de-la-guerra-con-estados-unidos\/\",\"url\":\"https:\/\/potenciaradiofonicadominicana.com\/portal\/el-canciller-de-iran-llega-a-rusia-para-hablar-con-putin-sobre-el-desarrollo-de-la-guerra-con-estados-unidos\/\",\"name\":\"El canciller de Ir\u00e1n llega a Rusia para hablar con Putin sobre el desarrollo de la guerra con Estados Unidos - PotenciaRadiofonicaDominicana.com\",\"isPartOf\":{\"@id\":\"https:\/\/potenciaradiofonicadominicana.com\/portal\/#website\"},\"primaryImageOfPage\":{\"@id\":\"https:\/\/potenciaradiofonicadominicana.com\/portal\/el-canciller-de-iran-llega-a-rusia-para-hablar-con-putin-sobre-el-desarrollo-de-la-guerra-con-estados-unidos\/#primaryimage\"},\"image\":{\"@id\":\"https:\/\/potenciaradiofonicadominicana.com\/portal\/el-canciller-de-iran-llega-a-rusia-para-hablar-con-putin-sobre-el-desarrollo-de-la-guerra-con-estados-unidos\/#primaryimage\"},\"thumbnailUrl\":\"https:\/\/potenciaradiofonicadominicana.com\/portal\/wp-content\/uploads\/2026\/04\/AFP__20260427__A9449CQ__v1__MidRes__RussiaIranPoliticsDiplomacy.webp\",\"datePublished\":\"2026-04-28T04:28:24+00:00\",\"breadcrumb\":{\"@id\":\"https:\/\/potenciaradiofonicadominicana.com\/portal\/el-canciller-de-iran-llega-a-rusia-para-hablar-con-putin-sobre-el-desarrollo-de-la-guerra-con-estados-unidos\/#breadcrumb\"},\"inLanguage\":\"es\",\"potentialAction\":[{\"@type\":\"ReadAction\",\"target\":[\"https:\/\/potenciaradiofonicadominicana.com\/portal\/el-canciller-de-iran-llega-a-rusia-para-hablar-con-putin-sobre-el-desarrollo-de-la-guerra-con-estados-unidos\/\"]}]},{\"@type\":\"ImageObject\",\"inLanguage\":\"es\",\"@id\":\"https:\/\/potenciaradiofonicadominicana.com\/portal\/el-canciller-de-iran-llega-a-rusia-para-hablar-con-putin-sobre-el-desarrollo-de-la-guerra-con-estados-unidos\/#primaryimage\",\"url\":\"https:\/\/potenciaradiofonicadominicana.com\/portal\/wp-content\/uploads\/2026\/04\/AFP__20260427__A9449CQ__v1__MidRes__RussiaIranPoliticsDiplomacy.webp\",\"contentUrl\":\"https:\/\/potenciaradiofonicadominicana.com\/portal\/wp-content\/uploads\/2026\/04\/AFP__20260427__A9449CQ__v1__MidRes__RussiaIranPoliticsDiplomacy.webp\",\"width\":1200,\"height\":800},{\"@type\":\"BreadcrumbList\",\"@id\":\"https:\/\/potenciaradiofonicadominicana.com\/portal\/el-canciller-de-iran-llega-a-rusia-para-hablar-con-putin-sobre-el-desarrollo-de-la-guerra-con-estados-unidos\/#breadcrumb\",\"itemListElement\":[{\"@type\":\"ListItem\",\"position\":1,\"name\":\"Portada\",\"item\":\"https:\/\/potenciaradiofonicadominicana.com\/portal\/\"},{\"@type\":\"ListItem\",\"position\":2,\"name\":\"El canciller de Ir\u00e1n llega a Rusia para hablar con Putin sobre el desarrollo de la guerra con Estados Unidos\"}]},{\"@type\":\"WebSite\",\"@id\":\"https:\/\/potenciaradiofonicadominicana.com\/portal\/#website\",\"url\":\"https:\/\/potenciaradiofonicadominicana.com\/portal\/\",\"name\":\"PotenciaRadiofonicaDominicana.com\",\"description\":\"Peri\u00f3dico Digital\",\"publisher\":{\"@id\":\"https:\/\/potenciaradiofonicadominicana.com\/portal\/#organization\"},\"potentialAction\":[{\"@type\":\"SearchAction\",\"target\":{\"@type\":\"EntryPoint\",\"urlTemplate\":\"https:\/\/potenciaradiofonicadominicana.com\/portal\/?s={search_term_string}\"},\"query-input\":{\"@type\":\"PropertyValueSpecification\",\"valueRequired\":true,\"valueName\":\"search_term_string\"}}],\"inLanguage\":\"es\"},{\"@type\":\"Organization\",\"@id\":\"https:\/\/potenciaradiofonicadominicana.com\/portal\/#organization\",\"name\":\"PotenciaRadiofonicaDominicana.com\",\"url\":\"https:\/\/potenciaradiofonicadominicana.com\/portal\/\",\"logo\":{\"@type\":\"ImageObject\",\"inLanguage\":\"es\",\"@id\":\"https:\/\/potenciaradiofonicadominicana.com\/portal\/#\/schema\/logo\/image\/\",\"url\":\"https:\/\/potenciaradiofonicadominicana.com\/portal\/wp-content\/uploads\/2022\/01\/descarga.png\",\"contentUrl\":\"https:\/\/potenciaradiofonicadominicana.com\/portal\/wp-content\/uploads\/2022\/01\/descarga.png\",\"width\":300,\"height\":100,\"caption\":\"PotenciaRadiofonicaDominicana.com\"},\"image\":{\"@id\":\"https:\/\/potenciaradiofonicadominicana.com\/portal\/#\/schema\/logo\/image\/\"},\"sameAs\":[\"https:\/\/web.facebook.com\/PotenciaRadiofonicaD\"]},{\"@type\":\"Person\",\"@id\":\"https:\/\/potenciaradiofonicadominicana.com\/portal\/#\/schema\/person\/a5cf1fea13877803ee0573ac18b03490\",\"name\":\"Potencia Radiof\u00f3nica Dominicana\",\"image\":{\"@type\":\"ImageObject\",\"inLanguage\":\"es\",\"@id\":\"https:\/\/potenciaradiofonicadominicana.com\/portal\/#\/schema\/person\/image\/\",\"url\":\"https:\/\/secure.gravatar.com\/avatar\/42a55ab9e8ccc656ba34cd791990602a?s=96&d=mm&r=g\",\"contentUrl\":\"https:\/\/secure.gravatar.com\/avatar\/42a55ab9e8ccc656ba34cd791990602a?s=96&d=mm&r=g\",\"caption\":\"Potencia Radiof\u00f3nica Dominicana\"},\"url\":\"https:\/\/potenciaradiofonicadominicana.com\/portal\/author\/johannyalmanzar\/\"}]}<\/script>\n<!-- \/ Yoast SEO plugin. -->","yoast_head_json":{"title":"El canciller de Ir\u00e1n llega a Rusia para hablar con Putin sobre el desarrollo de la guerra con Estados Unidos - PotenciaRadiofonicaDominicana.com","robots":{"index":"index","follow":"follow","max-snippet":"max-snippet:-1","max-image-preview":"max-image-preview:large","max-video-preview":"max-video-preview:-1"},"canonical":"https:\/\/potenciaradiofonicadominicana.com\/portal\/el-canciller-de-iran-llega-a-rusia-para-hablar-con-putin-sobre-el-desarrollo-de-la-guerra-con-estados-unidos\/","og_locale":"es_ES","og_type":"article","og_title":"El canciller de Ir\u00e1n llega a Rusia para hablar con Putin sobre el desarrollo de la guerra con Estados Unidos - PotenciaRadiofonicaDominicana.com","og_description":"El ministro de Asuntos Exteriores de Ir\u00e1n, Abbas Araghchi, lleg\u00f3 este lunes a San Petersburgo, donde tiene previsto mantener conversaciones ...","og_url":"https:\/\/potenciaradiofonicadominicana.com\/portal\/el-canciller-de-iran-llega-a-rusia-para-hablar-con-putin-sobre-el-desarrollo-de-la-guerra-con-estados-unidos\/","og_site_name":"PotenciaRadiofonicaDominicana.com","article_publisher":"https:\/\/web.facebook.com\/PotenciaRadiofonicaD","article_published_time":"2026-04-28T04:28:24+00:00","og_image":[{"width":1200,"height":800,"url":"https:\/\/potenciaradiofonicadominicana.com\/portal\/wp-content\/uploads\/2026\/04\/AFP__20260427__A9449CQ__v1__MidRes__RussiaIranPoliticsDiplomacy.webp","type":"image\/webp"}],"author":"Potencia Radiof\u00f3nica Dominicana","twitter_card":"summary_large_image","twitter_misc":{"Escrito por":"Potencia Radiof\u00f3nica Dominicana","Tiempo de lectura":"4 minutos"},"schema":{"@context":"https:\/\/schema.org","@graph":[{"@type":"Article","@id":"https:\/\/potenciaradiofonicadominicana.com\/portal\/el-canciller-de-iran-llega-a-rusia-para-hablar-con-putin-sobre-el-desarrollo-de-la-guerra-con-estados-unidos\/#article","isPartOf":{"@id":"https:\/\/potenciaradiofonicadominicana.com\/portal\/el-canciller-de-iran-llega-a-rusia-para-hablar-con-putin-sobre-el-desarrollo-de-la-guerra-con-estados-unidos\/"},"author":{"name":"Potencia Radiof\u00f3nica Dominicana","@id":"https:\/\/potenciaradiofonicadominicana.com\/portal\/#\/schema\/person\/a5cf1fea13877803ee0573ac18b03490"},"headline":"El canciller de Ir\u00e1n llega a Rusia para hablar con Putin sobre el desarrollo de la guerra con Estados Unidos","datePublished":"2026-04-28T04:28:24+00:00","mainEntityOfPage":{"@id":"https:\/\/potenciaradiofonicadominicana.com\/portal\/el-canciller-de-iran-llega-a-rusia-para-hablar-con-putin-sobre-el-desarrollo-de-la-guerra-con-estados-unidos\/"},"wordCount":727,"publisher":{"@id":"https:\/\/potenciaradiofonicadominicana.com\/portal\/#organization"},"image":{"@id":"https:\/\/potenciaradiofonicadominicana.com\/portal\/el-canciller-de-iran-llega-a-rusia-para-hablar-con-putin-sobre-el-desarrollo-de-la-guerra-con-estados-unidos\/#primaryimage"},"thumbnailUrl":"https:\/\/potenciaradiofonicadominicana.com\/portal\/wp-content\/uploads\/2026\/04\/AFP__20260427__A9449CQ__v1__MidRes__RussiaIranPoliticsDiplomacy.webp","articleSection":["Internacional"],"inLanguage":"es"},{"@type":"WebPage","@id":"https:\/\/potenciaradiofonicadominicana.com\/portal\/el-canciller-de-iran-llega-a-rusia-para-hablar-con-putin-sobre-el-desarrollo-de-la-guerra-con-estados-unidos\/","url":"https:\/\/potenciaradiofonicadominicana.com\/portal\/el-canciller-de-iran-llega-a-rusia-para-hablar-con-putin-sobre-el-desarrollo-de-la-guerra-con-estados-unidos\/","name":"El canciller de Ir\u00e1n llega a Rusia para hablar con Putin sobre el desarrollo de la guerra con Estados Unidos - PotenciaRadiofonicaDominicana.com","isPartOf":{"@id":"https:\/\/potenciaradiofonicadominicana.com\/portal\/#website"},"primaryImageOfPage":{"@id":"https:\/\/potenciaradiofonicadominicana.com\/portal\/el-canciller-de-iran-llega-a-rusia-para-hablar-con-putin-sobre-el-desarrollo-de-la-guerra-con-estados-unidos\/#primaryimage"},"image":{"@id":"https:\/\/potenciaradiofonicadominicana.com\/portal\/el-canciller-de-iran-llega-a-rusia-para-hablar-con-putin-sobre-el-desarrollo-de-la-guerra-con-estados-unidos\/#primaryimage"},"thumbnailUrl":"https:\/\/potenciaradiofonicadominicana.com\/portal\/wp-content\/uploads\/2026\/04\/AFP__20260427__A9449CQ__v1__MidRes__RussiaIranPoliticsDiplomacy.webp","datePublished":"2026-04-28T04:28:24+00:00","breadcrumb":{"@id":"https:\/\/potenciaradiofonicadominicana.com\/portal\/el-canciller-de-iran-llega-a-rusia-para-hablar-con-putin-sobre-el-desarrollo-de-la-guerra-con-estados-unidos\/#breadcrumb"},"inLanguage":"es","potentialAction":[{"@type":"ReadAction","target":["https:\/\/potenciaradiofonicadominicana.com\/portal\/el-canciller-de-iran-llega-a-rusia-para-hablar-con-putin-sobre-el-desarrollo-de-la-guerra-con-estados-unidos\/"]}]},{"@type":"ImageObject","inLanguage":"es","@id":"https:\/\/potenciaradiofonicadominicana.com\/portal\/el-canciller-de-iran-llega-a-rusia-para-hablar-con-putin-sobre-el-desarrollo-de-la-guerra-con-estados-unidos\/#primaryimage","url":"https:\/\/potenciaradiofonicadominicana.com\/portal\/wp-content\/uploads\/2026\/04\/AFP__20260427__A9449CQ__v1__MidRes__RussiaIranPoliticsDiplomacy.webp","contentUrl":"https:\/\/potenciaradiofonicadominicana.com\/portal\/wp-content\/uploads\/2026\/04\/AFP__20260427__A9449CQ__v1__MidRes__RussiaIranPoliticsDiplomacy.webp","width":1200,"height":800},{"@type":"BreadcrumbList","@id":"https:\/\/potenciaradiofonicadominicana.com\/portal\/el-canciller-de-iran-llega-a-rusia-para-hablar-con-putin-sobre-el-desarrollo-de-la-guerra-con-estados-unidos\/#breadcrumb","itemListElement":[{"@type":"ListItem","position":1,"name":"Portada","item":"https:\/\/potenciaradiofonicadominicana.com\/portal\/"},{"@type":"ListItem","position":2,"name":"El canciller de Ir\u00e1n llega a Rusia para hablar con Putin sobre el desarrollo de la guerra con Estados Unidos"}]},{"@type":"WebSite","@id":"https:\/\/potenciaradiofonicadominicana.com\/portal\/#website","url":"https:\/\/potenciaradiofonicadominicana.com\/portal\/","name":"PotenciaRadiofonicaDominicana.com","description":"Peri\u00f3dico Digital","publisher":{"@id":"https:\/\/potenciaradiofonicadominicana.com\/portal\/#organization"},"potentialAction":[{"@type":"SearchAction","target":{"@type":"EntryPoint","urlTemplate":"https:\/\/potenciaradiofonicadominicana.com\/portal\/?s={search_term_string}"},"query-input":{"@type":"PropertyValueSpecification","valueRequired":true,"valueName":"search_term_string"}}],"inLanguage":"es"},{"@type":"Organization","@id":"https:\/\/potenciaradiofonicadominicana.com\/portal\/#organization","name":"PotenciaRadiofonicaDominicana.com","url":"https:\/\/potenciaradiofonicadominicana.com\/portal\/","logo":{"@type":"ImageObject","inLanguage":"es","@id":"https:\/\/potenciaradiofonicadominicana.com\/portal\/#\/schema\/logo\/image\/","url":"https:\/\/potenciaradiofonicadominicana.com\/portal\/wp-content\/uploads\/2022\/01\/descarga.png","contentUrl":"https:\/\/potenciaradiofonicadominicana.com\/portal\/wp-content\/uploads\/2022\/01\/descarga.png","width":300,"height":100,"caption":"PotenciaRadiofonicaDominicana.com"},"image":{"@id":"https:\/\/potenciaradiofonicadominicana.com\/portal\/#\/schema\/logo\/image\/"},"sameAs":["https:\/\/web.facebook.com\/PotenciaRadiofonicaD"]},{"@type":"Person","@id":"https:\/\/potenciaradiofonicadominicana.com\/portal\/#\/schema\/person\/a5cf1fea13877803ee0573ac18b03490","name":"Potencia Radiof\u00f3nica Dominicana","image":{"@type":"ImageObject","inLanguage":"es","@id":"https:\/\/potenciaradiofonicadominicana.com\/portal\/#\/schema\/person\/image\/","url":"https:\/\/secure.gravatar.com\/avatar\/42a55ab9e8ccc656ba34cd791990602a?s=96&d=mm&r=g","contentUrl":"https:\/\/secure.gravatar.com\/avatar\/42a55ab9e8ccc656ba34cd791990602a?s=96&d=mm&r=g","caption":"Potencia Radiof\u00f3nica Dominicana"},"url":"https:\/\/potenciaradiofonicadominicana.com\/portal\/author\/johannyalmanzar\/"}]}},"_links":{"self":[{"href":"https:\/\/potenciaradiofonicadominicana.com\/portal\/wp-json\/wp\/v2\/posts\/216068","targetHints":{"allow":["GET"]}}],"collection":[{"href":"https:\/\/potenciaradiofonicadominicana.com\/portal\/wp-json\/wp\/v2\/posts"}],"about":[{"href":"https:\/\/potenciaradiofonicadominicana.com\/portal\/wp-json\/wp\/v2\/types\/post"}],"author":[{"embeddable":true,"href":"https:\/\/potenciaradiofonicadominicana.com\/portal\/wp-json\/wp\/v2\/users\/2"}],"replies":[{"embeddable":true,"href":"https:\/\/potenciaradiofonicadominicana.com\/portal\/wp-json\/wp\/v2\/comments?post=216068"}],"version-history":[{"count":1,"href":"https:\/\/potenciaradiofonicadominicana.com\/portal\/wp-json\/wp\/v2\/posts\/216068\/revisions"}],"predecessor-version":[{"id":216072,"href":"https:\/\/potenciaradiofonicadominicana.com\/portal\/wp-json\/wp\/v2\/posts\/216068\/revisions\/216072"}],"wp:featuredmedia":[{"embeddable":true,"href":"https:\/\/potenciaradiofonicadominicana.com\/portal\/wp-json\/wp\/v2\/media\/216071"}],"wp:attachment":[{"href":"https:\/\/potenciaradiofonicadominicana.com\/portal\/wp-json\/wp\/v2\/media?parent=216068"}],"wp:term":[{"taxonomy":"category","embeddable":true,"href":"https:\/\/potenciaradiofonicadominicana.com\/portal\/wp-json\/wp\/v2\/categories?post=216068"},{"taxonomy":"post_tag","embeddable":true,"href":"https:\/\/potenciaradiofonicadominicana.com\/portal\/wp-json\/wp\/v2\/tags?post=216068"}],"curies":[{"name":"wp","href":"https:\/\/api.w.org\/{rel}","templated":true}]}}