{"id":216063,"date":"2026-04-28T00:26:47","date_gmt":"2026-04-28T04:26:47","guid":{"rendered":"https:\/\/potenciaradiofonicadominicana.com\/portal\/?p=216063"},"modified":"2026-04-28T00:26:47","modified_gmt":"2026-04-28T04:26:47","slug":"autoridades-buscan-a-15-presuntos-inmigrantes-que-desembarcaron-en-aguas-de-puerto-rico","status":"publish","type":"post","link":"https:\/\/potenciaradiofonicadominicana.com\/portal\/autoridades-buscan-a-15-presuntos-inmigrantes-que-desembarcaron-en-aguas-de-puerto-rico\/","title":{"rendered":"Autoridades buscan a 15 presuntos inmigrantes que desembarcaron en aguas de Puerto Rico"},"content":{"rendered":"<p><a href=\"https:\/\/potenciaradiofonicadominicana.com\/portal\/wp-content\/uploads\/2026\/04\/screenshot-2025-07-22-214906-1-78c1688a-focus-0-0-896-504.jpg\"><img loading=\"lazy\" decoding=\"async\" class=\"alignnone size-full wp-image-216065\" src=\"https:\/\/potenciaradiofonicadominicana.com\/portal\/wp-content\/uploads\/2026\/04\/screenshot-2025-07-22-214906-1-78c1688a-focus-0-0-896-504.jpg\" alt=\"\" width=\"896\" height=\"504\" srcset=\"https:\/\/potenciaradiofonicadominicana.com\/portal\/wp-content\/uploads\/2026\/04\/screenshot-2025-07-22-214906-1-78c1688a-focus-0-0-896-504.jpg 896w, https:\/\/potenciaradiofonicadominicana.com\/portal\/wp-content\/uploads\/2026\/04\/screenshot-2025-07-22-214906-1-78c1688a-focus-0-0-896-504-300x169.jpg 300w, https:\/\/potenciaradiofonicadominicana.com\/portal\/wp-content\/uploads\/2026\/04\/screenshot-2025-07-22-214906-1-78c1688a-focus-0-0-896-504-768x432.jpg 768w\" sizes=\"auto, (max-width: 896px) 100vw, 896px\" \/><\/a><\/p>\n<p>Unos\u00a015 presuntos inmigrantes\u00a0indocumentados son\u00a0buscados\u00a0este lunes por las\u00a0autoridades puertorrique\u00f1as\u00a0y federales, tras desembarcar en una playa en la costa norte de\u00a0Puerto Rico, inform\u00f3 la Polic\u00eda local.<\/p>\n<p>Seg\u00fan detallaron las autoridades locales, a eso de las\u00a012:21 hora local\u00a0(16:21 GMT) una persona llam\u00f3 al\u00a0Sistema de Emergencia 9-1-1\u00a0alertando\u00a0sobre una embarcaci\u00f3n a orillas de la playa, detr\u00e1s del Parque del Norte, en Hatillo.<\/p>\n<p>All\u00ed, de acuerdo con la informaci\u00f3n dada por las autoridades, se encontr\u00f3 a orillas de la playa, una\u00a0embarcaci\u00f3n tipo yola,\u00a0color rojo y negro, de casi 20 pies (seis metros) de eslora,\u00a0cuatro bidones de gasolina\u00a0y comestibles.<\/p>\n<p>De acuerdo con la\u00a0investigaci\u00f3n preliminar\u00a0de la Polic\u00eda, en la\u00a0embarcaci\u00f3n viajaba\u00a0un grupo de\u00a015 personas aproximadamente.<\/p>\n<p>B\u00fasqueda de los\u00a0inmigrantes<\/p>\n<p>Personal de la Polic\u00eda, entre ellas, de la\u00a0Unidad Mar\u00edtima\u00a0de las\u00a0Fuerzas Unidas de R\u00e1pida Acci\u00f3n, as\u00ed como de la Oficina de la\u00a0Patrulla Fronteriza de Estados Unidos\u00a0en San Juan, se unieron en la b\u00fasqueda de los\u00a0inmigrantes.<\/p>\n","protected":false},"excerpt":{"rendered":"<p>Unos\u00a015 presuntos inmigrantes\u00a0indocumentados son\u00a0buscados\u00a0este lunes por las\u00a0autoridades puertorrique\u00f1as\u00a0y federales, tras desembarcar en una playa en la costa norte de\u00a0Puerto Rico, &#8230;<\/p>\n","protected":false},"author":2,"featured_media":216065,"comment_status":"closed","ping_status":"closed","sticky":false,"template":"","format":"standard","meta":{"footnotes":""},"categories":[30],"tags":[],"class_list":["post-216063","post","type-post","status-publish","format-standard","has-post-thumbnail","hentry","category-internacional"],"yoast_head":"<!-- This site is optimized with the Yoast SEO plugin v24.8.1 - https:\/\/yoast.com\/wordpress\/plugins\/seo\/ -->\n<title>Autoridades buscan a 15 presuntos inmigrantes que desembarcaron en aguas de Puerto Rico - PotenciaRadiofonicaDominicana.com<\/title>\n<meta name=\"robots\" content=\"index, follow, max-snippet:-1, max-image-preview:large, max-video-preview:-1\" \/>\n<link rel=\"canonical\" href=\"https:\/\/potenciaradiofonicadominicana.com\/portal\/autoridades-buscan-a-15-presuntos-inmigrantes-que-desembarcaron-en-aguas-de-puerto-rico\/\" \/>\n<meta property=\"og:locale\" content=\"es_ES\" \/>\n<meta property=\"og:type\" content=\"article\" \/>\n<meta property=\"og:title\" content=\"Autoridades buscan a 15 presuntos inmigrantes que desembarcaron en aguas de Puerto Rico - PotenciaRadiofonicaDominicana.com\" \/>\n<meta property=\"og:description\" content=\"Unos\u00a015 presuntos inmigrantes\u00a0indocumentados son\u00a0buscados\u00a0este lunes por las\u00a0autoridades puertorrique\u00f1as\u00a0y federales, tras desembarcar en una playa en la costa norte de\u00a0Puerto Rico, ...\" \/>\n<meta property=\"og:url\" content=\"https:\/\/potenciaradiofonicadominicana.com\/portal\/autoridades-buscan-a-15-presuntos-inmigrantes-que-desembarcaron-en-aguas-de-puerto-rico\/\" \/>\n<meta property=\"og:site_name\" content=\"PotenciaRadiofonicaDominicana.com\" \/>\n<meta property=\"article:publisher\" content=\"https:\/\/web.facebook.com\/PotenciaRadiofonicaD\" \/>\n<meta property=\"article:published_time\" content=\"2026-04-28T04:26:47+00:00\" \/>\n<meta property=\"og:image\" content=\"https:\/\/potenciaradiofonicadominicana.com\/portal\/wp-content\/uploads\/2026\/04\/screenshot-2025-07-22-214906-1-78c1688a-focus-0-0-896-504.jpg\" \/>\n\t<meta property=\"og:image:width\" content=\"896\" \/>\n\t<meta property=\"og:image:height\" content=\"504\" \/>\n\t<meta property=\"og:image:type\" content=\"image\/jpeg\" \/>\n<meta name=\"author\" content=\"Potencia Radiof\u00f3nica Dominicana\" \/>\n<meta name=\"twitter:card\" content=\"summary_large_image\" \/>\n<meta name=\"twitter:label1\" content=\"Escrito por\" \/>\n\t<meta name=\"twitter:data1\" content=\"Potencia Radiof\u00f3nica Dominicana\" \/>\n\t<meta name=\"twitter:label2\" content=\"Tiempo de lectura\" \/>\n\t<meta name=\"twitter:data2\" content=\"2 minutos\" \/>\n<script type=\"application\/ld+json\" class=\"yoast-schema-graph\">{\"@context\":\"https:\/\/schema.org\",\"@graph\":[{\"@type\":\"Article\",\"@id\":\"https:\/\/potenciaradiofonicadominicana.com\/portal\/autoridades-buscan-a-15-presuntos-inmigrantes-que-desembarcaron-en-aguas-de-puerto-rico\/#article\",\"isPartOf\":{\"@id\":\"https:\/\/potenciaradiofonicadominicana.com\/portal\/autoridades-buscan-a-15-presuntos-inmigrantes-que-desembarcaron-en-aguas-de-puerto-rico\/\"},\"author\":{\"name\":\"Potencia Radiof\u00f3nica Dominicana\",\"@id\":\"https:\/\/potenciaradiofonicadominicana.com\/portal\/#\/schema\/person\/a5cf1fea13877803ee0573ac18b03490\"},\"headline\":\"Autoridades buscan a 15 presuntos inmigrantes que desembarcaron en aguas de Puerto Rico\",\"datePublished\":\"2026-04-28T04:26:47+00:00\",\"mainEntityOfPage\":{\"@id\":\"https:\/\/potenciaradiofonicadominicana.com\/portal\/autoridades-buscan-a-15-presuntos-inmigrantes-que-desembarcaron-en-aguas-de-puerto-rico\/\"},\"wordCount\":195,\"publisher\":{\"@id\":\"https:\/\/potenciaradiofonicadominicana.com\/portal\/#organization\"},\"image\":{\"@id\":\"https:\/\/potenciaradiofonicadominicana.com\/portal\/autoridades-buscan-a-15-presuntos-inmigrantes-que-desembarcaron-en-aguas-de-puerto-rico\/#primaryimage\"},\"thumbnailUrl\":\"https:\/\/potenciaradiofonicadominicana.com\/portal\/wp-content\/uploads\/2026\/04\/screenshot-2025-07-22-214906-1-78c1688a-focus-0-0-896-504.jpg\",\"articleSection\":[\"Internacional\"],\"inLanguage\":\"es\"},{\"@type\":\"WebPage\",\"@id\":\"https:\/\/potenciaradiofonicadominicana.com\/portal\/autoridades-buscan-a-15-presuntos-inmigrantes-que-desembarcaron-en-aguas-de-puerto-rico\/\",\"url\":\"https:\/\/potenciaradiofonicadominicana.com\/portal\/autoridades-buscan-a-15-presuntos-inmigrantes-que-desembarcaron-en-aguas-de-puerto-rico\/\",\"name\":\"Autoridades buscan a 15 presuntos inmigrantes que desembarcaron en aguas de Puerto Rico - PotenciaRadiofonicaDominicana.com\",\"isPartOf\":{\"@id\":\"https:\/\/potenciaradiofonicadominicana.com\/portal\/#website\"},\"primaryImageOfPage\":{\"@id\":\"https:\/\/potenciaradiofonicadominicana.com\/portal\/autoridades-buscan-a-15-presuntos-inmigrantes-que-desembarcaron-en-aguas-de-puerto-rico\/#primaryimage\"},\"image\":{\"@id\":\"https:\/\/potenciaradiofonicadominicana.com\/portal\/autoridades-buscan-a-15-presuntos-inmigrantes-que-desembarcaron-en-aguas-de-puerto-rico\/#primaryimage\"},\"thumbnailUrl\":\"https:\/\/potenciaradiofonicadominicana.com\/portal\/wp-content\/uploads\/2026\/04\/screenshot-2025-07-22-214906-1-78c1688a-focus-0-0-896-504.jpg\",\"datePublished\":\"2026-04-28T04:26:47+00:00\",\"breadcrumb\":{\"@id\":\"https:\/\/potenciaradiofonicadominicana.com\/portal\/autoridades-buscan-a-15-presuntos-inmigrantes-que-desembarcaron-en-aguas-de-puerto-rico\/#breadcrumb\"},\"inLanguage\":\"es\",\"potentialAction\":[{\"@type\":\"ReadAction\",\"target\":[\"https:\/\/potenciaradiofonicadominicana.com\/portal\/autoridades-buscan-a-15-presuntos-inmigrantes-que-desembarcaron-en-aguas-de-puerto-rico\/\"]}]},{\"@type\":\"ImageObject\",\"inLanguage\":\"es\",\"@id\":\"https:\/\/potenciaradiofonicadominicana.com\/portal\/autoridades-buscan-a-15-presuntos-inmigrantes-que-desembarcaron-en-aguas-de-puerto-rico\/#primaryimage\",\"url\":\"https:\/\/potenciaradiofonicadominicana.com\/portal\/wp-content\/uploads\/2026\/04\/screenshot-2025-07-22-214906-1-78c1688a-focus-0-0-896-504.jpg\",\"contentUrl\":\"https:\/\/potenciaradiofonicadominicana.com\/portal\/wp-content\/uploads\/2026\/04\/screenshot-2025-07-22-214906-1-78c1688a-focus-0-0-896-504.jpg\",\"width\":896,\"height\":504},{\"@type\":\"BreadcrumbList\",\"@id\":\"https:\/\/potenciaradiofonicadominicana.com\/portal\/autoridades-buscan-a-15-presuntos-inmigrantes-que-desembarcaron-en-aguas-de-puerto-rico\/#breadcrumb\",\"itemListElement\":[{\"@type\":\"ListItem\",\"position\":1,\"name\":\"Portada\",\"item\":\"https:\/\/potenciaradiofonicadominicana.com\/portal\/\"},{\"@type\":\"ListItem\",\"position\":2,\"name\":\"Autoridades buscan a 15 presuntos inmigrantes que desembarcaron en aguas de Puerto Rico\"}]},{\"@type\":\"WebSite\",\"@id\":\"https:\/\/potenciaradiofonicadominicana.com\/portal\/#website\",\"url\":\"https:\/\/potenciaradiofonicadominicana.com\/portal\/\",\"name\":\"PotenciaRadiofonicaDominicana.com\",\"description\":\"Peri\u00f3dico Digital\",\"publisher\":{\"@id\":\"https:\/\/potenciaradiofonicadominicana.com\/portal\/#organization\"},\"potentialAction\":[{\"@type\":\"SearchAction\",\"target\":{\"@type\":\"EntryPoint\",\"urlTemplate\":\"https:\/\/potenciaradiofonicadominicana.com\/portal\/?s={search_term_string}\"},\"query-input\":{\"@type\":\"PropertyValueSpecification\",\"valueRequired\":true,\"valueName\":\"search_term_string\"}}],\"inLanguage\":\"es\"},{\"@type\":\"Organization\",\"@id\":\"https:\/\/potenciaradiofonicadominicana.com\/portal\/#organization\",\"name\":\"PotenciaRadiofonicaDominicana.com\",\"url\":\"https:\/\/potenciaradiofonicadominicana.com\/portal\/\",\"logo\":{\"@type\":\"ImageObject\",\"inLanguage\":\"es\",\"@id\":\"https:\/\/potenciaradiofonicadominicana.com\/portal\/#\/schema\/logo\/image\/\",\"url\":\"https:\/\/potenciaradiofonicadominicana.com\/portal\/wp-content\/uploads\/2022\/01\/descarga.png\",\"contentUrl\":\"https:\/\/potenciaradiofonicadominicana.com\/portal\/wp-content\/uploads\/2022\/01\/descarga.png\",\"width\":300,\"height\":100,\"caption\":\"PotenciaRadiofonicaDominicana.com\"},\"image\":{\"@id\":\"https:\/\/potenciaradiofonicadominicana.com\/portal\/#\/schema\/logo\/image\/\"},\"sameAs\":[\"https:\/\/web.facebook.com\/PotenciaRadiofonicaD\"]},{\"@type\":\"Person\",\"@id\":\"https:\/\/potenciaradiofonicadominicana.com\/portal\/#\/schema\/person\/a5cf1fea13877803ee0573ac18b03490\",\"name\":\"Potencia Radiof\u00f3nica Dominicana\",\"image\":{\"@type\":\"ImageObject\",\"inLanguage\":\"es\",\"@id\":\"https:\/\/potenciaradiofonicadominicana.com\/portal\/#\/schema\/person\/image\/\",\"url\":\"https:\/\/secure.gravatar.com\/avatar\/42a55ab9e8ccc656ba34cd791990602a?s=96&d=mm&r=g\",\"contentUrl\":\"https:\/\/secure.gravatar.com\/avatar\/42a55ab9e8ccc656ba34cd791990602a?s=96&d=mm&r=g\",\"caption\":\"Potencia Radiof\u00f3nica Dominicana\"},\"url\":\"https:\/\/potenciaradiofonicadominicana.com\/portal\/author\/johannyalmanzar\/\"}]}<\/script>\n<!-- \/ Yoast SEO plugin. -->","yoast_head_json":{"title":"Autoridades buscan a 15 presuntos inmigrantes que desembarcaron en aguas de Puerto Rico - PotenciaRadiofonicaDominicana.com","robots":{"index":"index","follow":"follow","max-snippet":"max-snippet:-1","max-image-preview":"max-image-preview:large","max-video-preview":"max-video-preview:-1"},"canonical":"https:\/\/potenciaradiofonicadominicana.com\/portal\/autoridades-buscan-a-15-presuntos-inmigrantes-que-desembarcaron-en-aguas-de-puerto-rico\/","og_locale":"es_ES","og_type":"article","og_title":"Autoridades buscan a 15 presuntos inmigrantes que desembarcaron en aguas de Puerto Rico - PotenciaRadiofonicaDominicana.com","og_description":"Unos\u00a015 presuntos inmigrantes\u00a0indocumentados son\u00a0buscados\u00a0este lunes por las\u00a0autoridades puertorrique\u00f1as\u00a0y federales, tras desembarcar en una playa en la costa norte de\u00a0Puerto Rico, ...","og_url":"https:\/\/potenciaradiofonicadominicana.com\/portal\/autoridades-buscan-a-15-presuntos-inmigrantes-que-desembarcaron-en-aguas-de-puerto-rico\/","og_site_name":"PotenciaRadiofonicaDominicana.com","article_publisher":"https:\/\/web.facebook.com\/PotenciaRadiofonicaD","article_published_time":"2026-04-28T04:26:47+00:00","og_image":[{"width":896,"height":504,"url":"https:\/\/potenciaradiofonicadominicana.com\/portal\/wp-content\/uploads\/2026\/04\/screenshot-2025-07-22-214906-1-78c1688a-focus-0-0-896-504.jpg","type":"image\/jpeg"}],"author":"Potencia Radiof\u00f3nica Dominicana","twitter_card":"summary_large_image","twitter_misc":{"Escrito por":"Potencia Radiof\u00f3nica Dominicana","Tiempo de lectura":"2 minutos"},"schema":{"@context":"https:\/\/schema.org","@graph":[{"@type":"Article","@id":"https:\/\/potenciaradiofonicadominicana.com\/portal\/autoridades-buscan-a-15-presuntos-inmigrantes-que-desembarcaron-en-aguas-de-puerto-rico\/#article","isPartOf":{"@id":"https:\/\/potenciaradiofonicadominicana.com\/portal\/autoridades-buscan-a-15-presuntos-inmigrantes-que-desembarcaron-en-aguas-de-puerto-rico\/"},"author":{"name":"Potencia Radiof\u00f3nica Dominicana","@id":"https:\/\/potenciaradiofonicadominicana.com\/portal\/#\/schema\/person\/a5cf1fea13877803ee0573ac18b03490"},"headline":"Autoridades buscan a 15 presuntos inmigrantes que desembarcaron en aguas de Puerto Rico","datePublished":"2026-04-28T04:26:47+00:00","mainEntityOfPage":{"@id":"https:\/\/potenciaradiofonicadominicana.com\/portal\/autoridades-buscan-a-15-presuntos-inmigrantes-que-desembarcaron-en-aguas-de-puerto-rico\/"},"wordCount":195,"publisher":{"@id":"https:\/\/potenciaradiofonicadominicana.com\/portal\/#organization"},"image":{"@id":"https:\/\/potenciaradiofonicadominicana.com\/portal\/autoridades-buscan-a-15-presuntos-inmigrantes-que-desembarcaron-en-aguas-de-puerto-rico\/#primaryimage"},"thumbnailUrl":"https:\/\/potenciaradiofonicadominicana.com\/portal\/wp-content\/uploads\/2026\/04\/screenshot-2025-07-22-214906-1-78c1688a-focus-0-0-896-504.jpg","articleSection":["Internacional"],"inLanguage":"es"},{"@type":"WebPage","@id":"https:\/\/potenciaradiofonicadominicana.com\/portal\/autoridades-buscan-a-15-presuntos-inmigrantes-que-desembarcaron-en-aguas-de-puerto-rico\/","url":"https:\/\/potenciaradiofonicadominicana.com\/portal\/autoridades-buscan-a-15-presuntos-inmigrantes-que-desembarcaron-en-aguas-de-puerto-rico\/","name":"Autoridades buscan a 15 presuntos inmigrantes que desembarcaron en aguas de Puerto Rico - PotenciaRadiofonicaDominicana.com","isPartOf":{"@id":"https:\/\/potenciaradiofonicadominicana.com\/portal\/#website"},"primaryImageOfPage":{"@id":"https:\/\/potenciaradiofonicadominicana.com\/portal\/autoridades-buscan-a-15-presuntos-inmigrantes-que-desembarcaron-en-aguas-de-puerto-rico\/#primaryimage"},"image":{"@id":"https:\/\/potenciaradiofonicadominicana.com\/portal\/autoridades-buscan-a-15-presuntos-inmigrantes-que-desembarcaron-en-aguas-de-puerto-rico\/#primaryimage"},"thumbnailUrl":"https:\/\/potenciaradiofonicadominicana.com\/portal\/wp-content\/uploads\/2026\/04\/screenshot-2025-07-22-214906-1-78c1688a-focus-0-0-896-504.jpg","datePublished":"2026-04-28T04:26:47+00:00","breadcrumb":{"@id":"https:\/\/potenciaradiofonicadominicana.com\/portal\/autoridades-buscan-a-15-presuntos-inmigrantes-que-desembarcaron-en-aguas-de-puerto-rico\/#breadcrumb"},"inLanguage":"es","potentialAction":[{"@type":"ReadAction","target":["https:\/\/potenciaradiofonicadominicana.com\/portal\/autoridades-buscan-a-15-presuntos-inmigrantes-que-desembarcaron-en-aguas-de-puerto-rico\/"]}]},{"@type":"ImageObject","inLanguage":"es","@id":"https:\/\/potenciaradiofonicadominicana.com\/portal\/autoridades-buscan-a-15-presuntos-inmigrantes-que-desembarcaron-en-aguas-de-puerto-rico\/#primaryimage","url":"https:\/\/potenciaradiofonicadominicana.com\/portal\/wp-content\/uploads\/2026\/04\/screenshot-2025-07-22-214906-1-78c1688a-focus-0-0-896-504.jpg","contentUrl":"https:\/\/potenciaradiofonicadominicana.com\/portal\/wp-content\/uploads\/2026\/04\/screenshot-2025-07-22-214906-1-78c1688a-focus-0-0-896-504.jpg","width":896,"height":504},{"@type":"BreadcrumbList","@id":"https:\/\/potenciaradiofonicadominicana.com\/portal\/autoridades-buscan-a-15-presuntos-inmigrantes-que-desembarcaron-en-aguas-de-puerto-rico\/#breadcrumb","itemListElement":[{"@type":"ListItem","position":1,"name":"Portada","item":"https:\/\/potenciaradiofonicadominicana.com\/portal\/"},{"@type":"ListItem","position":2,"name":"Autoridades buscan a 15 presuntos inmigrantes que desembarcaron en aguas de Puerto Rico"}]},{"@type":"WebSite","@id":"https:\/\/potenciaradiofonicadominicana.com\/portal\/#website","url":"https:\/\/potenciaradiofonicadominicana.com\/portal\/","name":"PotenciaRadiofonicaDominicana.com","description":"Peri\u00f3dico Digital","publisher":{"@id":"https:\/\/potenciaradiofonicadominicana.com\/portal\/#organization"},"potentialAction":[{"@type":"SearchAction","target":{"@type":"EntryPoint","urlTemplate":"https:\/\/potenciaradiofonicadominicana.com\/portal\/?s={search_term_string}"},"query-input":{"@type":"PropertyValueSpecification","valueRequired":true,"valueName":"search_term_string"}}],"inLanguage":"es"},{"@type":"Organization","@id":"https:\/\/potenciaradiofonicadominicana.com\/portal\/#organization","name":"PotenciaRadiofonicaDominicana.com","url":"https:\/\/potenciaradiofonicadominicana.com\/portal\/","logo":{"@type":"ImageObject","inLanguage":"es","@id":"https:\/\/potenciaradiofonicadominicana.com\/portal\/#\/schema\/logo\/image\/","url":"https:\/\/potenciaradiofonicadominicana.com\/portal\/wp-content\/uploads\/2022\/01\/descarga.png","contentUrl":"https:\/\/potenciaradiofonicadominicana.com\/portal\/wp-content\/uploads\/2022\/01\/descarga.png","width":300,"height":100,"caption":"PotenciaRadiofonicaDominicana.com"},"image":{"@id":"https:\/\/potenciaradiofonicadominicana.com\/portal\/#\/schema\/logo\/image\/"},"sameAs":["https:\/\/web.facebook.com\/PotenciaRadiofonicaD"]},{"@type":"Person","@id":"https:\/\/potenciaradiofonicadominicana.com\/portal\/#\/schema\/person\/a5cf1fea13877803ee0573ac18b03490","name":"Potencia Radiof\u00f3nica Dominicana","image":{"@type":"ImageObject","inLanguage":"es","@id":"https:\/\/potenciaradiofonicadominicana.com\/portal\/#\/schema\/person\/image\/","url":"https:\/\/secure.gravatar.com\/avatar\/42a55ab9e8ccc656ba34cd791990602a?s=96&d=mm&r=g","contentUrl":"https:\/\/secure.gravatar.com\/avatar\/42a55ab9e8ccc656ba34cd791990602a?s=96&d=mm&r=g","caption":"Potencia Radiof\u00f3nica Dominicana"},"url":"https:\/\/potenciaradiofonicadominicana.com\/portal\/author\/johannyalmanzar\/"}]}},"_links":{"self":[{"href":"https:\/\/potenciaradiofonicadominicana.com\/portal\/wp-json\/wp\/v2\/posts\/216063","targetHints":{"allow":["GET"]}}],"collection":[{"href":"https:\/\/potenciaradiofonicadominicana.com\/portal\/wp-json\/wp\/v2\/posts"}],"about":[{"href":"https:\/\/potenciaradiofonicadominicana.com\/portal\/wp-json\/wp\/v2\/types\/post"}],"author":[{"embeddable":true,"href":"https:\/\/potenciaradiofonicadominicana.com\/portal\/wp-json\/wp\/v2\/users\/2"}],"replies":[{"embeddable":true,"href":"https:\/\/potenciaradiofonicadominicana.com\/portal\/wp-json\/wp\/v2\/comments?post=216063"}],"version-history":[{"count":1,"href":"https:\/\/potenciaradiofonicadominicana.com\/portal\/wp-json\/wp\/v2\/posts\/216063\/revisions"}],"predecessor-version":[{"id":216067,"href":"https:\/\/potenciaradiofonicadominicana.com\/portal\/wp-json\/wp\/v2\/posts\/216063\/revisions\/216067"}],"wp:featuredmedia":[{"embeddable":true,"href":"https:\/\/potenciaradiofonicadominicana.com\/portal\/wp-json\/wp\/v2\/media\/216065"}],"wp:attachment":[{"href":"https:\/\/potenciaradiofonicadominicana.com\/portal\/wp-json\/wp\/v2\/media?parent=216063"}],"wp:term":[{"taxonomy":"category","embeddable":true,"href":"https:\/\/potenciaradiofonicadominicana.com\/portal\/wp-json\/wp\/v2\/categories?post=216063"},{"taxonomy":"post_tag","embeddable":true,"href":"https:\/\/potenciaradiofonicadominicana.com\/portal\/wp-json\/wp\/v2\/tags?post=216063"}],"curies":[{"name":"wp","href":"https:\/\/api.w.org\/{rel}","templated":true}]}}