{"id":216062,"date":"2026-04-28T00:26:23","date_gmt":"2026-04-28T04:26:23","guid":{"rendered":"https:\/\/potenciaradiofonicadominicana.com\/portal\/?p=216062"},"modified":"2026-04-28T00:26:23","modified_gmt":"2026-04-28T04:26:23","slug":"rubio-defiende-bloqueo-naval-contra-iran-en-medio-de-incertidumbre-sobre-negociaciones","status":"publish","type":"post","link":"https:\/\/potenciaradiofonicadominicana.com\/portal\/rubio-defiende-bloqueo-naval-contra-iran-en-medio-de-incertidumbre-sobre-negociaciones\/","title":{"rendered":"Rubio defiende bloqueo naval contra Ir\u00e1n en medio de incertidumbre sobre negociaciones"},"content":{"rendered":"<p><a href=\"https:\/\/potenciaradiofonicadominicana.com\/portal\/wp-content\/uploads\/2026\/04\/A3VMA7E4XZF57PWOAJB73QUW4M.jpg\"><img loading=\"lazy\" decoding=\"async\" class=\"alignnone size-full wp-image-216064\" src=\"https:\/\/potenciaradiofonicadominicana.com\/portal\/wp-content\/uploads\/2026\/04\/A3VMA7E4XZF57PWOAJB73QUW4M.jpg\" alt=\"\" width=\"1200\" height=\"630\" srcset=\"https:\/\/potenciaradiofonicadominicana.com\/portal\/wp-content\/uploads\/2026\/04\/A3VMA7E4XZF57PWOAJB73QUW4M.jpg 1200w, https:\/\/potenciaradiofonicadominicana.com\/portal\/wp-content\/uploads\/2026\/04\/A3VMA7E4XZF57PWOAJB73QUW4M-300x158.jpg 300w, https:\/\/potenciaradiofonicadominicana.com\/portal\/wp-content\/uploads\/2026\/04\/A3VMA7E4XZF57PWOAJB73QUW4M-1024x538.jpg 1024w, https:\/\/potenciaradiofonicadominicana.com\/portal\/wp-content\/uploads\/2026\/04\/A3VMA7E4XZF57PWOAJB73QUW4M-768x403.jpg 768w\" sizes=\"auto, (max-width: 1200px) 100vw, 1200px\" \/><\/a><\/p>\n<p>El secretario de Estado de Estados Unidos, Marco Rubio, defendi\u00f3 este lunes el bloqueo naval que el Comando Central mantiene desde hace m\u00e1s de 15 d\u00edas contra los puertos de Ir\u00e1n, en medio de incertidumbre sobre el futuro de negociaciones de paz con Teher\u00e1n.<\/p>\n<p>\u00abEl bloqueo no es un bloqueo contra el transporte mar\u00edtimo, es un bloqueo contra el transporte iran\u00ed\u00bb, dijo Rubio en una entrevista exclusiva con la cadena Fox News.<\/p>\n<p>\u00abNo puede ser que ellos (Ir\u00e1n) sean los \u00fanicos beneficiarios de un sistema ilegal, il\u00edcito e injustificado de peaje y control en el estrecho de Ormuz\u00bb, agreg\u00f3 Rubio, cuando fue preguntado sobre la estrategia de Estados Unidos de mantener bloqueados los puertos de la rep\u00fablica Isl\u00e1mica.<\/p>\n<p>Los comentarios de Rubio suceden luego de que la segunda ronda de negociaciones entre Washington y Teher\u00e1n en Pakist\u00e1n fueran suspendidas porque los representantes de Ir\u00e1n decidieron retirarse de Islamabad antes de que la delegaci\u00f3n estadounidense viajara hacia el lugar el pasado fin de semana.<\/p>\n<p>El bloqueo naval que defendi\u00f3 Rubio fue impuesto por Trump desde inicios de abril pese a acordar un alto el fuego indefinido y la medida ha sido rechazada por el legislativo y el ejecutivo iran\u00ed, al considerar que el no permitir la entrada y salida de sus buques mercantes es un ataque militar.<\/p>\n<p>Este lunes, el canciller alem\u00e1n, Friedrich Merz, opin\u00f3 que Ir\u00e1n est\u00e1 \u00abhumillando\u00bb a Estados Unidos con su actitud en las negociaciones para frenar el conflicto de nueve semanas en Oriente Medio.<\/p>\n<p>\u00abNo veo una estrategia clara. En un conflicto no solo hay que entrar, sino que se tiene que entrar y hay que saber c\u00f3mo salir. Lo que pasa cuando no se tiene en cuenta esto lo vimos en Afganist\u00e1n, en Irak y ahora en Ir\u00e1n\u00bb, dijo durante un acto con en un colegio.<\/p>\n<p>El presidente Donald Trump ha dejado de opinar de la guerra en Ir\u00e1n, como lo hace usualmente en apariciones p\u00fablicas y en redes sociales, desde el s\u00e1bado por la noche cuando surgi\u00f3 un tiroteo en un hotel de Washington durante una cena de corresponsales de la Casa Blanca.<\/p>\n","protected":false},"excerpt":{"rendered":"<p>El secretario de Estado de Estados Unidos, Marco Rubio, defendi\u00f3 este lunes el bloqueo naval que el Comando Central mantiene &#8230;<\/p>\n","protected":false},"author":2,"featured_media":216064,"comment_status":"closed","ping_status":"closed","sticky":false,"template":"","format":"standard","meta":{"footnotes":""},"categories":[30],"tags":[],"class_list":["post-216062","post","type-post","status-publish","format-standard","has-post-thumbnail","hentry","category-internacional"],"yoast_head":"<!-- This site is optimized with the Yoast SEO plugin v24.8.1 - https:\/\/yoast.com\/wordpress\/plugins\/seo\/ -->\n<title>Rubio defiende bloqueo naval contra Ir\u00e1n en medio de incertidumbre sobre negociaciones - PotenciaRadiofonicaDominicana.com<\/title>\n<meta name=\"robots\" content=\"index, follow, max-snippet:-1, max-image-preview:large, max-video-preview:-1\" \/>\n<link rel=\"canonical\" href=\"https:\/\/potenciaradiofonicadominicana.com\/portal\/rubio-defiende-bloqueo-naval-contra-iran-en-medio-de-incertidumbre-sobre-negociaciones\/\" \/>\n<meta property=\"og:locale\" content=\"es_ES\" \/>\n<meta property=\"og:type\" content=\"article\" \/>\n<meta property=\"og:title\" content=\"Rubio defiende bloqueo naval contra Ir\u00e1n en medio de incertidumbre sobre negociaciones - PotenciaRadiofonicaDominicana.com\" \/>\n<meta property=\"og:description\" content=\"El secretario de Estado de Estados Unidos, Marco Rubio, defendi\u00f3 este lunes el bloqueo naval que el Comando Central mantiene ...\" \/>\n<meta property=\"og:url\" content=\"https:\/\/potenciaradiofonicadominicana.com\/portal\/rubio-defiende-bloqueo-naval-contra-iran-en-medio-de-incertidumbre-sobre-negociaciones\/\" \/>\n<meta property=\"og:site_name\" content=\"PotenciaRadiofonicaDominicana.com\" \/>\n<meta property=\"article:publisher\" content=\"https:\/\/web.facebook.com\/PotenciaRadiofonicaD\" \/>\n<meta property=\"article:published_time\" content=\"2026-04-28T04:26:23+00:00\" \/>\n<meta property=\"og:image\" content=\"https:\/\/potenciaradiofonicadominicana.com\/portal\/wp-content\/uploads\/2026\/04\/A3VMA7E4XZF57PWOAJB73QUW4M.jpg\" \/>\n\t<meta property=\"og:image:width\" content=\"1200\" \/>\n\t<meta property=\"og:image:height\" content=\"630\" \/>\n\t<meta property=\"og:image:type\" content=\"image\/jpeg\" \/>\n<meta name=\"author\" content=\"Potencia Radiof\u00f3nica Dominicana\" \/>\n<meta name=\"twitter:card\" content=\"summary_large_image\" \/>\n<meta name=\"twitter:label1\" content=\"Escrito por\" \/>\n\t<meta name=\"twitter:data1\" content=\"Potencia Radiof\u00f3nica Dominicana\" \/>\n\t<meta name=\"twitter:label2\" content=\"Tiempo de lectura\" \/>\n\t<meta name=\"twitter:data2\" content=\"2 minutos\" \/>\n<script type=\"application\/ld+json\" class=\"yoast-schema-graph\">{\"@context\":\"https:\/\/schema.org\",\"@graph\":[{\"@type\":\"Article\",\"@id\":\"https:\/\/potenciaradiofonicadominicana.com\/portal\/rubio-defiende-bloqueo-naval-contra-iran-en-medio-de-incertidumbre-sobre-negociaciones\/#article\",\"isPartOf\":{\"@id\":\"https:\/\/potenciaradiofonicadominicana.com\/portal\/rubio-defiende-bloqueo-naval-contra-iran-en-medio-de-incertidumbre-sobre-negociaciones\/\"},\"author\":{\"name\":\"Potencia Radiof\u00f3nica Dominicana\",\"@id\":\"https:\/\/potenciaradiofonicadominicana.com\/portal\/#\/schema\/person\/a5cf1fea13877803ee0573ac18b03490\"},\"headline\":\"Rubio defiende bloqueo naval contra Ir\u00e1n en medio de incertidumbre sobre negociaciones\",\"datePublished\":\"2026-04-28T04:26:23+00:00\",\"mainEntityOfPage\":{\"@id\":\"https:\/\/potenciaradiofonicadominicana.com\/portal\/rubio-defiende-bloqueo-naval-contra-iran-en-medio-de-incertidumbre-sobre-negociaciones\/\"},\"wordCount\":381,\"publisher\":{\"@id\":\"https:\/\/potenciaradiofonicadominicana.com\/portal\/#organization\"},\"image\":{\"@id\":\"https:\/\/potenciaradiofonicadominicana.com\/portal\/rubio-defiende-bloqueo-naval-contra-iran-en-medio-de-incertidumbre-sobre-negociaciones\/#primaryimage\"},\"thumbnailUrl\":\"https:\/\/potenciaradiofonicadominicana.com\/portal\/wp-content\/uploads\/2026\/04\/A3VMA7E4XZF57PWOAJB73QUW4M.jpg\",\"articleSection\":[\"Internacional\"],\"inLanguage\":\"es\"},{\"@type\":\"WebPage\",\"@id\":\"https:\/\/potenciaradiofonicadominicana.com\/portal\/rubio-defiende-bloqueo-naval-contra-iran-en-medio-de-incertidumbre-sobre-negociaciones\/\",\"url\":\"https:\/\/potenciaradiofonicadominicana.com\/portal\/rubio-defiende-bloqueo-naval-contra-iran-en-medio-de-incertidumbre-sobre-negociaciones\/\",\"name\":\"Rubio defiende bloqueo naval contra Ir\u00e1n en medio de incertidumbre sobre negociaciones - PotenciaRadiofonicaDominicana.com\",\"isPartOf\":{\"@id\":\"https:\/\/potenciaradiofonicadominicana.com\/portal\/#website\"},\"primaryImageOfPage\":{\"@id\":\"https:\/\/potenciaradiofonicadominicana.com\/portal\/rubio-defiende-bloqueo-naval-contra-iran-en-medio-de-incertidumbre-sobre-negociaciones\/#primaryimage\"},\"image\":{\"@id\":\"https:\/\/potenciaradiofonicadominicana.com\/portal\/rubio-defiende-bloqueo-naval-contra-iran-en-medio-de-incertidumbre-sobre-negociaciones\/#primaryimage\"},\"thumbnailUrl\":\"https:\/\/potenciaradiofonicadominicana.com\/portal\/wp-content\/uploads\/2026\/04\/A3VMA7E4XZF57PWOAJB73QUW4M.jpg\",\"datePublished\":\"2026-04-28T04:26:23+00:00\",\"breadcrumb\":{\"@id\":\"https:\/\/potenciaradiofonicadominicana.com\/portal\/rubio-defiende-bloqueo-naval-contra-iran-en-medio-de-incertidumbre-sobre-negociaciones\/#breadcrumb\"},\"inLanguage\":\"es\",\"potentialAction\":[{\"@type\":\"ReadAction\",\"target\":[\"https:\/\/potenciaradiofonicadominicana.com\/portal\/rubio-defiende-bloqueo-naval-contra-iran-en-medio-de-incertidumbre-sobre-negociaciones\/\"]}]},{\"@type\":\"ImageObject\",\"inLanguage\":\"es\",\"@id\":\"https:\/\/potenciaradiofonicadominicana.com\/portal\/rubio-defiende-bloqueo-naval-contra-iran-en-medio-de-incertidumbre-sobre-negociaciones\/#primaryimage\",\"url\":\"https:\/\/potenciaradiofonicadominicana.com\/portal\/wp-content\/uploads\/2026\/04\/A3VMA7E4XZF57PWOAJB73QUW4M.jpg\",\"contentUrl\":\"https:\/\/potenciaradiofonicadominicana.com\/portal\/wp-content\/uploads\/2026\/04\/A3VMA7E4XZF57PWOAJB73QUW4M.jpg\",\"width\":1200,\"height\":630},{\"@type\":\"BreadcrumbList\",\"@id\":\"https:\/\/potenciaradiofonicadominicana.com\/portal\/rubio-defiende-bloqueo-naval-contra-iran-en-medio-de-incertidumbre-sobre-negociaciones\/#breadcrumb\",\"itemListElement\":[{\"@type\":\"ListItem\",\"position\":1,\"name\":\"Portada\",\"item\":\"https:\/\/potenciaradiofonicadominicana.com\/portal\/\"},{\"@type\":\"ListItem\",\"position\":2,\"name\":\"Rubio defiende bloqueo naval contra Ir\u00e1n en medio de incertidumbre sobre negociaciones\"}]},{\"@type\":\"WebSite\",\"@id\":\"https:\/\/potenciaradiofonicadominicana.com\/portal\/#website\",\"url\":\"https:\/\/potenciaradiofonicadominicana.com\/portal\/\",\"name\":\"PotenciaRadiofonicaDominicana.com\",\"description\":\"Peri\u00f3dico Digital\",\"publisher\":{\"@id\":\"https:\/\/potenciaradiofonicadominicana.com\/portal\/#organization\"},\"potentialAction\":[{\"@type\":\"SearchAction\",\"target\":{\"@type\":\"EntryPoint\",\"urlTemplate\":\"https:\/\/potenciaradiofonicadominicana.com\/portal\/?s={search_term_string}\"},\"query-input\":{\"@type\":\"PropertyValueSpecification\",\"valueRequired\":true,\"valueName\":\"search_term_string\"}}],\"inLanguage\":\"es\"},{\"@type\":\"Organization\",\"@id\":\"https:\/\/potenciaradiofonicadominicana.com\/portal\/#organization\",\"name\":\"PotenciaRadiofonicaDominicana.com\",\"url\":\"https:\/\/potenciaradiofonicadominicana.com\/portal\/\",\"logo\":{\"@type\":\"ImageObject\",\"inLanguage\":\"es\",\"@id\":\"https:\/\/potenciaradiofonicadominicana.com\/portal\/#\/schema\/logo\/image\/\",\"url\":\"https:\/\/potenciaradiofonicadominicana.com\/portal\/wp-content\/uploads\/2022\/01\/descarga.png\",\"contentUrl\":\"https:\/\/potenciaradiofonicadominicana.com\/portal\/wp-content\/uploads\/2022\/01\/descarga.png\",\"width\":300,\"height\":100,\"caption\":\"PotenciaRadiofonicaDominicana.com\"},\"image\":{\"@id\":\"https:\/\/potenciaradiofonicadominicana.com\/portal\/#\/schema\/logo\/image\/\"},\"sameAs\":[\"https:\/\/web.facebook.com\/PotenciaRadiofonicaD\"]},{\"@type\":\"Person\",\"@id\":\"https:\/\/potenciaradiofonicadominicana.com\/portal\/#\/schema\/person\/a5cf1fea13877803ee0573ac18b03490\",\"name\":\"Potencia Radiof\u00f3nica Dominicana\",\"image\":{\"@type\":\"ImageObject\",\"inLanguage\":\"es\",\"@id\":\"https:\/\/potenciaradiofonicadominicana.com\/portal\/#\/schema\/person\/image\/\",\"url\":\"https:\/\/secure.gravatar.com\/avatar\/42a55ab9e8ccc656ba34cd791990602a?s=96&d=mm&r=g\",\"contentUrl\":\"https:\/\/secure.gravatar.com\/avatar\/42a55ab9e8ccc656ba34cd791990602a?s=96&d=mm&r=g\",\"caption\":\"Potencia Radiof\u00f3nica Dominicana\"},\"url\":\"https:\/\/potenciaradiofonicadominicana.com\/portal\/author\/johannyalmanzar\/\"}]}<\/script>\n<!-- \/ Yoast SEO plugin. -->","yoast_head_json":{"title":"Rubio defiende bloqueo naval contra Ir\u00e1n en medio de incertidumbre sobre negociaciones - PotenciaRadiofonicaDominicana.com","robots":{"index":"index","follow":"follow","max-snippet":"max-snippet:-1","max-image-preview":"max-image-preview:large","max-video-preview":"max-video-preview:-1"},"canonical":"https:\/\/potenciaradiofonicadominicana.com\/portal\/rubio-defiende-bloqueo-naval-contra-iran-en-medio-de-incertidumbre-sobre-negociaciones\/","og_locale":"es_ES","og_type":"article","og_title":"Rubio defiende bloqueo naval contra Ir\u00e1n en medio de incertidumbre sobre negociaciones - PotenciaRadiofonicaDominicana.com","og_description":"El secretario de Estado de Estados Unidos, Marco Rubio, defendi\u00f3 este lunes el bloqueo naval que el Comando Central mantiene ...","og_url":"https:\/\/potenciaradiofonicadominicana.com\/portal\/rubio-defiende-bloqueo-naval-contra-iran-en-medio-de-incertidumbre-sobre-negociaciones\/","og_site_name":"PotenciaRadiofonicaDominicana.com","article_publisher":"https:\/\/web.facebook.com\/PotenciaRadiofonicaD","article_published_time":"2026-04-28T04:26:23+00:00","og_image":[{"width":1200,"height":630,"url":"https:\/\/potenciaradiofonicadominicana.com\/portal\/wp-content\/uploads\/2026\/04\/A3VMA7E4XZF57PWOAJB73QUW4M.jpg","type":"image\/jpeg"}],"author":"Potencia Radiof\u00f3nica Dominicana","twitter_card":"summary_large_image","twitter_misc":{"Escrito por":"Potencia Radiof\u00f3nica Dominicana","Tiempo de lectura":"2 minutos"},"schema":{"@context":"https:\/\/schema.org","@graph":[{"@type":"Article","@id":"https:\/\/potenciaradiofonicadominicana.com\/portal\/rubio-defiende-bloqueo-naval-contra-iran-en-medio-de-incertidumbre-sobre-negociaciones\/#article","isPartOf":{"@id":"https:\/\/potenciaradiofonicadominicana.com\/portal\/rubio-defiende-bloqueo-naval-contra-iran-en-medio-de-incertidumbre-sobre-negociaciones\/"},"author":{"name":"Potencia Radiof\u00f3nica Dominicana","@id":"https:\/\/potenciaradiofonicadominicana.com\/portal\/#\/schema\/person\/a5cf1fea13877803ee0573ac18b03490"},"headline":"Rubio defiende bloqueo naval contra Ir\u00e1n en medio de incertidumbre sobre negociaciones","datePublished":"2026-04-28T04:26:23+00:00","mainEntityOfPage":{"@id":"https:\/\/potenciaradiofonicadominicana.com\/portal\/rubio-defiende-bloqueo-naval-contra-iran-en-medio-de-incertidumbre-sobre-negociaciones\/"},"wordCount":381,"publisher":{"@id":"https:\/\/potenciaradiofonicadominicana.com\/portal\/#organization"},"image":{"@id":"https:\/\/potenciaradiofonicadominicana.com\/portal\/rubio-defiende-bloqueo-naval-contra-iran-en-medio-de-incertidumbre-sobre-negociaciones\/#primaryimage"},"thumbnailUrl":"https:\/\/potenciaradiofonicadominicana.com\/portal\/wp-content\/uploads\/2026\/04\/A3VMA7E4XZF57PWOAJB73QUW4M.jpg","articleSection":["Internacional"],"inLanguage":"es"},{"@type":"WebPage","@id":"https:\/\/potenciaradiofonicadominicana.com\/portal\/rubio-defiende-bloqueo-naval-contra-iran-en-medio-de-incertidumbre-sobre-negociaciones\/","url":"https:\/\/potenciaradiofonicadominicana.com\/portal\/rubio-defiende-bloqueo-naval-contra-iran-en-medio-de-incertidumbre-sobre-negociaciones\/","name":"Rubio defiende bloqueo naval contra Ir\u00e1n en medio de incertidumbre sobre negociaciones - PotenciaRadiofonicaDominicana.com","isPartOf":{"@id":"https:\/\/potenciaradiofonicadominicana.com\/portal\/#website"},"primaryImageOfPage":{"@id":"https:\/\/potenciaradiofonicadominicana.com\/portal\/rubio-defiende-bloqueo-naval-contra-iran-en-medio-de-incertidumbre-sobre-negociaciones\/#primaryimage"},"image":{"@id":"https:\/\/potenciaradiofonicadominicana.com\/portal\/rubio-defiende-bloqueo-naval-contra-iran-en-medio-de-incertidumbre-sobre-negociaciones\/#primaryimage"},"thumbnailUrl":"https:\/\/potenciaradiofonicadominicana.com\/portal\/wp-content\/uploads\/2026\/04\/A3VMA7E4XZF57PWOAJB73QUW4M.jpg","datePublished":"2026-04-28T04:26:23+00:00","breadcrumb":{"@id":"https:\/\/potenciaradiofonicadominicana.com\/portal\/rubio-defiende-bloqueo-naval-contra-iran-en-medio-de-incertidumbre-sobre-negociaciones\/#breadcrumb"},"inLanguage":"es","potentialAction":[{"@type":"ReadAction","target":["https:\/\/potenciaradiofonicadominicana.com\/portal\/rubio-defiende-bloqueo-naval-contra-iran-en-medio-de-incertidumbre-sobre-negociaciones\/"]}]},{"@type":"ImageObject","inLanguage":"es","@id":"https:\/\/potenciaradiofonicadominicana.com\/portal\/rubio-defiende-bloqueo-naval-contra-iran-en-medio-de-incertidumbre-sobre-negociaciones\/#primaryimage","url":"https:\/\/potenciaradiofonicadominicana.com\/portal\/wp-content\/uploads\/2026\/04\/A3VMA7E4XZF57PWOAJB73QUW4M.jpg","contentUrl":"https:\/\/potenciaradiofonicadominicana.com\/portal\/wp-content\/uploads\/2026\/04\/A3VMA7E4XZF57PWOAJB73QUW4M.jpg","width":1200,"height":630},{"@type":"BreadcrumbList","@id":"https:\/\/potenciaradiofonicadominicana.com\/portal\/rubio-defiende-bloqueo-naval-contra-iran-en-medio-de-incertidumbre-sobre-negociaciones\/#breadcrumb","itemListElement":[{"@type":"ListItem","position":1,"name":"Portada","item":"https:\/\/potenciaradiofonicadominicana.com\/portal\/"},{"@type":"ListItem","position":2,"name":"Rubio defiende bloqueo naval contra Ir\u00e1n en medio de incertidumbre sobre negociaciones"}]},{"@type":"WebSite","@id":"https:\/\/potenciaradiofonicadominicana.com\/portal\/#website","url":"https:\/\/potenciaradiofonicadominicana.com\/portal\/","name":"PotenciaRadiofonicaDominicana.com","description":"Peri\u00f3dico Digital","publisher":{"@id":"https:\/\/potenciaradiofonicadominicana.com\/portal\/#organization"},"potentialAction":[{"@type":"SearchAction","target":{"@type":"EntryPoint","urlTemplate":"https:\/\/potenciaradiofonicadominicana.com\/portal\/?s={search_term_string}"},"query-input":{"@type":"PropertyValueSpecification","valueRequired":true,"valueName":"search_term_string"}}],"inLanguage":"es"},{"@type":"Organization","@id":"https:\/\/potenciaradiofonicadominicana.com\/portal\/#organization","name":"PotenciaRadiofonicaDominicana.com","url":"https:\/\/potenciaradiofonicadominicana.com\/portal\/","logo":{"@type":"ImageObject","inLanguage":"es","@id":"https:\/\/potenciaradiofonicadominicana.com\/portal\/#\/schema\/logo\/image\/","url":"https:\/\/potenciaradiofonicadominicana.com\/portal\/wp-content\/uploads\/2022\/01\/descarga.png","contentUrl":"https:\/\/potenciaradiofonicadominicana.com\/portal\/wp-content\/uploads\/2022\/01\/descarga.png","width":300,"height":100,"caption":"PotenciaRadiofonicaDominicana.com"},"image":{"@id":"https:\/\/potenciaradiofonicadominicana.com\/portal\/#\/schema\/logo\/image\/"},"sameAs":["https:\/\/web.facebook.com\/PotenciaRadiofonicaD"]},{"@type":"Person","@id":"https:\/\/potenciaradiofonicadominicana.com\/portal\/#\/schema\/person\/a5cf1fea13877803ee0573ac18b03490","name":"Potencia Radiof\u00f3nica Dominicana","image":{"@type":"ImageObject","inLanguage":"es","@id":"https:\/\/potenciaradiofonicadominicana.com\/portal\/#\/schema\/person\/image\/","url":"https:\/\/secure.gravatar.com\/avatar\/42a55ab9e8ccc656ba34cd791990602a?s=96&d=mm&r=g","contentUrl":"https:\/\/secure.gravatar.com\/avatar\/42a55ab9e8ccc656ba34cd791990602a?s=96&d=mm&r=g","caption":"Potencia Radiof\u00f3nica Dominicana"},"url":"https:\/\/potenciaradiofonicadominicana.com\/portal\/author\/johannyalmanzar\/"}]}},"_links":{"self":[{"href":"https:\/\/potenciaradiofonicadominicana.com\/portal\/wp-json\/wp\/v2\/posts\/216062","targetHints":{"allow":["GET"]}}],"collection":[{"href":"https:\/\/potenciaradiofonicadominicana.com\/portal\/wp-json\/wp\/v2\/posts"}],"about":[{"href":"https:\/\/potenciaradiofonicadominicana.com\/portal\/wp-json\/wp\/v2\/types\/post"}],"author":[{"embeddable":true,"href":"https:\/\/potenciaradiofonicadominicana.com\/portal\/wp-json\/wp\/v2\/users\/2"}],"replies":[{"embeddable":true,"href":"https:\/\/potenciaradiofonicadominicana.com\/portal\/wp-json\/wp\/v2\/comments?post=216062"}],"version-history":[{"count":1,"href":"https:\/\/potenciaradiofonicadominicana.com\/portal\/wp-json\/wp\/v2\/posts\/216062\/revisions"}],"predecessor-version":[{"id":216066,"href":"https:\/\/potenciaradiofonicadominicana.com\/portal\/wp-json\/wp\/v2\/posts\/216062\/revisions\/216066"}],"wp:featuredmedia":[{"embeddable":true,"href":"https:\/\/potenciaradiofonicadominicana.com\/portal\/wp-json\/wp\/v2\/media\/216064"}],"wp:attachment":[{"href":"https:\/\/potenciaradiofonicadominicana.com\/portal\/wp-json\/wp\/v2\/media?parent=216062"}],"wp:term":[{"taxonomy":"category","embeddable":true,"href":"https:\/\/potenciaradiofonicadominicana.com\/portal\/wp-json\/wp\/v2\/categories?post=216062"},{"taxonomy":"post_tag","embeddable":true,"href":"https:\/\/potenciaradiofonicadominicana.com\/portal\/wp-json\/wp\/v2\/tags?post=216062"}],"curies":[{"name":"wp","href":"https:\/\/api.w.org\/{rel}","templated":true}]}}