{"id":216054,"date":"2026-04-28T00:24:18","date_gmt":"2026-04-28T04:24:18","guid":{"rendered":"https:\/\/potenciaradiofonicadominicana.com\/portal\/?p=216054"},"modified":"2026-04-28T00:24:18","modified_gmt":"2026-04-28T04:24:18","slug":"oprah-winfrey-y-amazon-sellan-alianza-con-wondery-para-impulsar-the-oprah-podcast","status":"publish","type":"post","link":"https:\/\/potenciaradiofonicadominicana.com\/portal\/oprah-winfrey-y-amazon-sellan-alianza-con-wondery-para-impulsar-the-oprah-podcast\/","title":{"rendered":"Oprah Winfrey y Amazon sellan alianza con Wondery para impulsar \u00abThe Oprah Podcast\u00bb"},"content":{"rendered":"<p><a href=\"https:\/\/potenciaradiofonicadominicana.com\/portal\/wp-content\/uploads\/2026\/04\/64c6279e2315dbab184fe1a2d7357a951d21a79f7d87a401c365c688aa34f7ec._SX1080_FMjpg_.jpg\"><img loading=\"lazy\" decoding=\"async\" class=\"alignnone size-full wp-image-216056\" src=\"https:\/\/potenciaradiofonicadominicana.com\/portal\/wp-content\/uploads\/2026\/04\/64c6279e2315dbab184fe1a2d7357a951d21a79f7d87a401c365c688aa34f7ec._SX1080_FMjpg_.jpg\" alt=\"\" width=\"1080\" height=\"608\" srcset=\"https:\/\/potenciaradiofonicadominicana.com\/portal\/wp-content\/uploads\/2026\/04\/64c6279e2315dbab184fe1a2d7357a951d21a79f7d87a401c365c688aa34f7ec._SX1080_FMjpg_.jpg 1080w, https:\/\/potenciaradiofonicadominicana.com\/portal\/wp-content\/uploads\/2026\/04\/64c6279e2315dbab184fe1a2d7357a951d21a79f7d87a401c365c688aa34f7ec._SX1080_FMjpg_-300x169.jpg 300w, https:\/\/potenciaradiofonicadominicana.com\/portal\/wp-content\/uploads\/2026\/04\/64c6279e2315dbab184fe1a2d7357a951d21a79f7d87a401c365c688aa34f7ec._SX1080_FMjpg_-1024x576.jpg 1024w, https:\/\/potenciaradiofonicadominicana.com\/portal\/wp-content\/uploads\/2026\/04\/64c6279e2315dbab184fe1a2d7357a951d21a79f7d87a401c365c688aa34f7ec._SX1080_FMjpg_-768x432.jpg 768w\" sizes=\"auto, (max-width: 1080px) 100vw, 1080px\" \/><\/a><\/p>\n<p><strong>Amazon<\/strong>\u00a0y la productora\u00a0<strong>Harpo Entertainment<\/strong>, de\u00a0<strong>Oprah Winfrey<\/strong>, llegaron a un acuerdo para obtener los\u00a0<strong>derechos exclusivos<\/strong>\u00a0de distribuci\u00f3n y publicidad de &#8216;The Oprah\u00a0<strong>Podcast<\/strong>&#8216;, en formatos de audio y video.<\/p>\n<p>El gigante tecnol\u00f3gico\u00a0<strong>anunci\u00f3<\/strong>\u00a0este lunes que como parte del acuerdo, la producci\u00f3n se ampliar\u00e1 a\u00a0<strong>dos episodios<\/strong>\u00a0semanales a partir de\u00a0<strong>este verano<\/strong>.<\/p>\n<p>\u00abPresentar este\u00a0<strong>podcast<\/strong>\u00a0me permite continuar con la labor que siento que debo hacer: abrir la puerta a\u00a0<strong>conversaciones importantes<\/strong>\u00ab, dijo\u00a0<strong>Winfrey<\/strong>\u00a0en el\u00a0<strong>comunicado<\/strong>.<\/p>\n<p>El convenio incluye adem\u00e1s los\u00a0<strong>derechos<\/strong>\u00a0del cat\u00e1logo de &#8216;The\u00a0<strong>Oprah Winfrey<\/strong>\u00a0Show&#8217;, as\u00ed como de las\u00a0<strong>franquicias emblem\u00e1ticas<\/strong>\u00a0de\u00a0<strong>Winfrey<\/strong>, &#8216;Oprah\u00b4s Book Club&#8217; y &#8216;Oprah\u00b4s Favorite Things&#8217;.<\/p>\n<p>A partir de julio,\u00a0<strong>Wondery<\/strong>, el estudio y red de\u00a0<strong>podcast<\/strong>\u00a0de\u00a0<strong>Amazon<\/strong>,\u00a0<strong>distribuir\u00e1<\/strong>\u00a0&#8216;The Oprah\u00a0<strong>Podcast<\/strong>&#8216; en los servicios de\u00a0<strong>Amazon<\/strong>, incluidos Prime Video,\u00a0<strong>Amazon<\/strong>\u00a0Music, Fire TV Channels y Audible y el programa seguir\u00e1 disponible tambi\u00e9n en YouTube y en otras plataformas.<\/p>\n<ul class=\"list-text\">\n<li>El espacio conducido por\u00a0<strong>Winfrey<\/strong>, presenta conversaciones con\u00a0<strong>l\u00edderes de opini\u00f3n<\/strong>, autores de bestsellers, figuras culturales y agentes de cambio, as\u00ed como di\u00e1logos con p\u00fablico en vivo.<\/li>\n<\/ul>\n<p>El\u00a0<strong>podcast<\/strong>\u00a0de Oprah se suma a una lista de programas liderados por creadores que incluye &#8216;New Heights&#8217;, de Jason y Travis Kelce; &#8216;Baby, This Is Keke Palmer&#8217;; &#8216;Mind the Game&#8217;; y &#8216;Armchair Expert&#8217;, de Dax Shepard, todos ellos dentro del ecosistema de\u00a0<strong>Wondery<\/strong>\u00a0y\u00a0<strong>Amazon<\/strong>.<\/p>\n<div id=\"detalle-parrafo\">\n<div class=\"mb-5 newsletter-article\">\n<div class=\"content pt-2 md:pl-1\"><\/div>\n<\/div>\n<\/div>\n","protected":false},"excerpt":{"rendered":"<p>Amazon\u00a0y la productora\u00a0Harpo Entertainment, de\u00a0Oprah Winfrey, llegaron a un acuerdo para obtener los\u00a0derechos exclusivos\u00a0de distribuci\u00f3n y publicidad de &#8216;The Oprah\u00a0Podcast&#8216;, &#8230;<\/p>\n","protected":false},"author":2,"featured_media":216056,"comment_status":"closed","ping_status":"closed","sticky":false,"template":"","format":"standard","meta":{"footnotes":""},"categories":[31],"tags":[],"class_list":["post-216054","post","type-post","status-publish","format-standard","has-post-thumbnail","hentry","category-arte-y-espectaculo"],"yoast_head":"<!-- This site is optimized with the Yoast SEO plugin v24.8.1 - https:\/\/yoast.com\/wordpress\/plugins\/seo\/ -->\n<title>Oprah Winfrey y Amazon sellan alianza con Wondery para impulsar &quot;The Oprah Podcast&quot; - PotenciaRadiofonicaDominicana.com<\/title>\n<meta name=\"robots\" content=\"index, follow, max-snippet:-1, max-image-preview:large, max-video-preview:-1\" \/>\n<link rel=\"canonical\" href=\"https:\/\/potenciaradiofonicadominicana.com\/portal\/oprah-winfrey-y-amazon-sellan-alianza-con-wondery-para-impulsar-the-oprah-podcast\/\" \/>\n<meta property=\"og:locale\" content=\"es_ES\" \/>\n<meta property=\"og:type\" content=\"article\" \/>\n<meta property=\"og:title\" content=\"Oprah Winfrey y Amazon sellan alianza con Wondery para impulsar &quot;The Oprah Podcast&quot; - PotenciaRadiofonicaDominicana.com\" \/>\n<meta property=\"og:description\" content=\"Amazon\u00a0y la productora\u00a0Harpo Entertainment, de\u00a0Oprah Winfrey, llegaron a un acuerdo para obtener los\u00a0derechos exclusivos\u00a0de distribuci\u00f3n y publicidad de &#8216;The Oprah\u00a0Podcast&#8216;, ...\" \/>\n<meta property=\"og:url\" content=\"https:\/\/potenciaradiofonicadominicana.com\/portal\/oprah-winfrey-y-amazon-sellan-alianza-con-wondery-para-impulsar-the-oprah-podcast\/\" \/>\n<meta property=\"og:site_name\" content=\"PotenciaRadiofonicaDominicana.com\" \/>\n<meta property=\"article:publisher\" content=\"https:\/\/web.facebook.com\/PotenciaRadiofonicaD\" \/>\n<meta property=\"article:published_time\" content=\"2026-04-28T04:24:18+00:00\" \/>\n<meta property=\"og:image\" content=\"https:\/\/potenciaradiofonicadominicana.com\/portal\/wp-content\/uploads\/2026\/04\/64c6279e2315dbab184fe1a2d7357a951d21a79f7d87a401c365c688aa34f7ec._SX1080_FMjpg_.jpg\" \/>\n\t<meta property=\"og:image:width\" content=\"1080\" \/>\n\t<meta property=\"og:image:height\" content=\"608\" \/>\n\t<meta property=\"og:image:type\" content=\"image\/jpeg\" \/>\n<meta name=\"author\" content=\"Potencia Radiof\u00f3nica Dominicana\" \/>\n<meta name=\"twitter:card\" content=\"summary_large_image\" \/>\n<meta name=\"twitter:label1\" content=\"Escrito por\" \/>\n\t<meta name=\"twitter:data1\" content=\"Potencia Radiof\u00f3nica Dominicana\" \/>\n\t<meta name=\"twitter:label2\" content=\"Tiempo de lectura\" \/>\n\t<meta name=\"twitter:data2\" content=\"2 minutos\" \/>\n<script type=\"application\/ld+json\" class=\"yoast-schema-graph\">{\"@context\":\"https:\/\/schema.org\",\"@graph\":[{\"@type\":\"Article\",\"@id\":\"https:\/\/potenciaradiofonicadominicana.com\/portal\/oprah-winfrey-y-amazon-sellan-alianza-con-wondery-para-impulsar-the-oprah-podcast\/#article\",\"isPartOf\":{\"@id\":\"https:\/\/potenciaradiofonicadominicana.com\/portal\/oprah-winfrey-y-amazon-sellan-alianza-con-wondery-para-impulsar-the-oprah-podcast\/\"},\"author\":{\"name\":\"Potencia Radiof\u00f3nica Dominicana\",\"@id\":\"https:\/\/potenciaradiofonicadominicana.com\/portal\/#\/schema\/person\/a5cf1fea13877803ee0573ac18b03490\"},\"headline\":\"Oprah Winfrey y Amazon sellan alianza con Wondery para impulsar \u00abThe Oprah Podcast\u00bb\",\"datePublished\":\"2026-04-28T04:24:18+00:00\",\"mainEntityOfPage\":{\"@id\":\"https:\/\/potenciaradiofonicadominicana.com\/portal\/oprah-winfrey-y-amazon-sellan-alianza-con-wondery-para-impulsar-the-oprah-podcast\/\"},\"wordCount\":252,\"publisher\":{\"@id\":\"https:\/\/potenciaradiofonicadominicana.com\/portal\/#organization\"},\"image\":{\"@id\":\"https:\/\/potenciaradiofonicadominicana.com\/portal\/oprah-winfrey-y-amazon-sellan-alianza-con-wondery-para-impulsar-the-oprah-podcast\/#primaryimage\"},\"thumbnailUrl\":\"https:\/\/potenciaradiofonicadominicana.com\/portal\/wp-content\/uploads\/2026\/04\/64c6279e2315dbab184fe1a2d7357a951d21a79f7d87a401c365c688aa34f7ec._SX1080_FMjpg_.jpg\",\"articleSection\":[\"Arte y Espectaculo\"],\"inLanguage\":\"es\"},{\"@type\":\"WebPage\",\"@id\":\"https:\/\/potenciaradiofonicadominicana.com\/portal\/oprah-winfrey-y-amazon-sellan-alianza-con-wondery-para-impulsar-the-oprah-podcast\/\",\"url\":\"https:\/\/potenciaradiofonicadominicana.com\/portal\/oprah-winfrey-y-amazon-sellan-alianza-con-wondery-para-impulsar-the-oprah-podcast\/\",\"name\":\"Oprah Winfrey y Amazon sellan alianza con Wondery para impulsar \\\"The Oprah Podcast\\\" - PotenciaRadiofonicaDominicana.com\",\"isPartOf\":{\"@id\":\"https:\/\/potenciaradiofonicadominicana.com\/portal\/#website\"},\"primaryImageOfPage\":{\"@id\":\"https:\/\/potenciaradiofonicadominicana.com\/portal\/oprah-winfrey-y-amazon-sellan-alianza-con-wondery-para-impulsar-the-oprah-podcast\/#primaryimage\"},\"image\":{\"@id\":\"https:\/\/potenciaradiofonicadominicana.com\/portal\/oprah-winfrey-y-amazon-sellan-alianza-con-wondery-para-impulsar-the-oprah-podcast\/#primaryimage\"},\"thumbnailUrl\":\"https:\/\/potenciaradiofonicadominicana.com\/portal\/wp-content\/uploads\/2026\/04\/64c6279e2315dbab184fe1a2d7357a951d21a79f7d87a401c365c688aa34f7ec._SX1080_FMjpg_.jpg\",\"datePublished\":\"2026-04-28T04:24:18+00:00\",\"breadcrumb\":{\"@id\":\"https:\/\/potenciaradiofonicadominicana.com\/portal\/oprah-winfrey-y-amazon-sellan-alianza-con-wondery-para-impulsar-the-oprah-podcast\/#breadcrumb\"},\"inLanguage\":\"es\",\"potentialAction\":[{\"@type\":\"ReadAction\",\"target\":[\"https:\/\/potenciaradiofonicadominicana.com\/portal\/oprah-winfrey-y-amazon-sellan-alianza-con-wondery-para-impulsar-the-oprah-podcast\/\"]}]},{\"@type\":\"ImageObject\",\"inLanguage\":\"es\",\"@id\":\"https:\/\/potenciaradiofonicadominicana.com\/portal\/oprah-winfrey-y-amazon-sellan-alianza-con-wondery-para-impulsar-the-oprah-podcast\/#primaryimage\",\"url\":\"https:\/\/potenciaradiofonicadominicana.com\/portal\/wp-content\/uploads\/2026\/04\/64c6279e2315dbab184fe1a2d7357a951d21a79f7d87a401c365c688aa34f7ec._SX1080_FMjpg_.jpg\",\"contentUrl\":\"https:\/\/potenciaradiofonicadominicana.com\/portal\/wp-content\/uploads\/2026\/04\/64c6279e2315dbab184fe1a2d7357a951d21a79f7d87a401c365c688aa34f7ec._SX1080_FMjpg_.jpg\",\"width\":1080,\"height\":608},{\"@type\":\"BreadcrumbList\",\"@id\":\"https:\/\/potenciaradiofonicadominicana.com\/portal\/oprah-winfrey-y-amazon-sellan-alianza-con-wondery-para-impulsar-the-oprah-podcast\/#breadcrumb\",\"itemListElement\":[{\"@type\":\"ListItem\",\"position\":1,\"name\":\"Portada\",\"item\":\"https:\/\/potenciaradiofonicadominicana.com\/portal\/\"},{\"@type\":\"ListItem\",\"position\":2,\"name\":\"Oprah Winfrey y Amazon sellan alianza con Wondery para impulsar \u00abThe Oprah Podcast\u00bb\"}]},{\"@type\":\"WebSite\",\"@id\":\"https:\/\/potenciaradiofonicadominicana.com\/portal\/#website\",\"url\":\"https:\/\/potenciaradiofonicadominicana.com\/portal\/\",\"name\":\"PotenciaRadiofonicaDominicana.com\",\"description\":\"Peri\u00f3dico Digital\",\"publisher\":{\"@id\":\"https:\/\/potenciaradiofonicadominicana.com\/portal\/#organization\"},\"potentialAction\":[{\"@type\":\"SearchAction\",\"target\":{\"@type\":\"EntryPoint\",\"urlTemplate\":\"https:\/\/potenciaradiofonicadominicana.com\/portal\/?s={search_term_string}\"},\"query-input\":{\"@type\":\"PropertyValueSpecification\",\"valueRequired\":true,\"valueName\":\"search_term_string\"}}],\"inLanguage\":\"es\"},{\"@type\":\"Organization\",\"@id\":\"https:\/\/potenciaradiofonicadominicana.com\/portal\/#organization\",\"name\":\"PotenciaRadiofonicaDominicana.com\",\"url\":\"https:\/\/potenciaradiofonicadominicana.com\/portal\/\",\"logo\":{\"@type\":\"ImageObject\",\"inLanguage\":\"es\",\"@id\":\"https:\/\/potenciaradiofonicadominicana.com\/portal\/#\/schema\/logo\/image\/\",\"url\":\"https:\/\/potenciaradiofonicadominicana.com\/portal\/wp-content\/uploads\/2022\/01\/descarga.png\",\"contentUrl\":\"https:\/\/potenciaradiofonicadominicana.com\/portal\/wp-content\/uploads\/2022\/01\/descarga.png\",\"width\":300,\"height\":100,\"caption\":\"PotenciaRadiofonicaDominicana.com\"},\"image\":{\"@id\":\"https:\/\/potenciaradiofonicadominicana.com\/portal\/#\/schema\/logo\/image\/\"},\"sameAs\":[\"https:\/\/web.facebook.com\/PotenciaRadiofonicaD\"]},{\"@type\":\"Person\",\"@id\":\"https:\/\/potenciaradiofonicadominicana.com\/portal\/#\/schema\/person\/a5cf1fea13877803ee0573ac18b03490\",\"name\":\"Potencia Radiof\u00f3nica Dominicana\",\"image\":{\"@type\":\"ImageObject\",\"inLanguage\":\"es\",\"@id\":\"https:\/\/potenciaradiofonicadominicana.com\/portal\/#\/schema\/person\/image\/\",\"url\":\"https:\/\/secure.gravatar.com\/avatar\/42a55ab9e8ccc656ba34cd791990602a?s=96&d=mm&r=g\",\"contentUrl\":\"https:\/\/secure.gravatar.com\/avatar\/42a55ab9e8ccc656ba34cd791990602a?s=96&d=mm&r=g\",\"caption\":\"Potencia Radiof\u00f3nica Dominicana\"},\"url\":\"https:\/\/potenciaradiofonicadominicana.com\/portal\/author\/johannyalmanzar\/\"}]}<\/script>\n<!-- \/ Yoast SEO plugin. -->","yoast_head_json":{"title":"Oprah Winfrey y Amazon sellan alianza con Wondery para impulsar \"The Oprah Podcast\" - PotenciaRadiofonicaDominicana.com","robots":{"index":"index","follow":"follow","max-snippet":"max-snippet:-1","max-image-preview":"max-image-preview:large","max-video-preview":"max-video-preview:-1"},"canonical":"https:\/\/potenciaradiofonicadominicana.com\/portal\/oprah-winfrey-y-amazon-sellan-alianza-con-wondery-para-impulsar-the-oprah-podcast\/","og_locale":"es_ES","og_type":"article","og_title":"Oprah Winfrey y Amazon sellan alianza con Wondery para impulsar \"The Oprah Podcast\" - PotenciaRadiofonicaDominicana.com","og_description":"Amazon\u00a0y la productora\u00a0Harpo Entertainment, de\u00a0Oprah Winfrey, llegaron a un acuerdo para obtener los\u00a0derechos exclusivos\u00a0de distribuci\u00f3n y publicidad de &#8216;The Oprah\u00a0Podcast&#8216;, ...","og_url":"https:\/\/potenciaradiofonicadominicana.com\/portal\/oprah-winfrey-y-amazon-sellan-alianza-con-wondery-para-impulsar-the-oprah-podcast\/","og_site_name":"PotenciaRadiofonicaDominicana.com","article_publisher":"https:\/\/web.facebook.com\/PotenciaRadiofonicaD","article_published_time":"2026-04-28T04:24:18+00:00","og_image":[{"width":1080,"height":608,"url":"https:\/\/potenciaradiofonicadominicana.com\/portal\/wp-content\/uploads\/2026\/04\/64c6279e2315dbab184fe1a2d7357a951d21a79f7d87a401c365c688aa34f7ec._SX1080_FMjpg_.jpg","type":"image\/jpeg"}],"author":"Potencia Radiof\u00f3nica Dominicana","twitter_card":"summary_large_image","twitter_misc":{"Escrito por":"Potencia Radiof\u00f3nica Dominicana","Tiempo de lectura":"2 minutos"},"schema":{"@context":"https:\/\/schema.org","@graph":[{"@type":"Article","@id":"https:\/\/potenciaradiofonicadominicana.com\/portal\/oprah-winfrey-y-amazon-sellan-alianza-con-wondery-para-impulsar-the-oprah-podcast\/#article","isPartOf":{"@id":"https:\/\/potenciaradiofonicadominicana.com\/portal\/oprah-winfrey-y-amazon-sellan-alianza-con-wondery-para-impulsar-the-oprah-podcast\/"},"author":{"name":"Potencia Radiof\u00f3nica Dominicana","@id":"https:\/\/potenciaradiofonicadominicana.com\/portal\/#\/schema\/person\/a5cf1fea13877803ee0573ac18b03490"},"headline":"Oprah Winfrey y Amazon sellan alianza con Wondery para impulsar \u00abThe Oprah Podcast\u00bb","datePublished":"2026-04-28T04:24:18+00:00","mainEntityOfPage":{"@id":"https:\/\/potenciaradiofonicadominicana.com\/portal\/oprah-winfrey-y-amazon-sellan-alianza-con-wondery-para-impulsar-the-oprah-podcast\/"},"wordCount":252,"publisher":{"@id":"https:\/\/potenciaradiofonicadominicana.com\/portal\/#organization"},"image":{"@id":"https:\/\/potenciaradiofonicadominicana.com\/portal\/oprah-winfrey-y-amazon-sellan-alianza-con-wondery-para-impulsar-the-oprah-podcast\/#primaryimage"},"thumbnailUrl":"https:\/\/potenciaradiofonicadominicana.com\/portal\/wp-content\/uploads\/2026\/04\/64c6279e2315dbab184fe1a2d7357a951d21a79f7d87a401c365c688aa34f7ec._SX1080_FMjpg_.jpg","articleSection":["Arte y Espectaculo"],"inLanguage":"es"},{"@type":"WebPage","@id":"https:\/\/potenciaradiofonicadominicana.com\/portal\/oprah-winfrey-y-amazon-sellan-alianza-con-wondery-para-impulsar-the-oprah-podcast\/","url":"https:\/\/potenciaradiofonicadominicana.com\/portal\/oprah-winfrey-y-amazon-sellan-alianza-con-wondery-para-impulsar-the-oprah-podcast\/","name":"Oprah Winfrey y Amazon sellan alianza con Wondery para impulsar \"The Oprah Podcast\" - PotenciaRadiofonicaDominicana.com","isPartOf":{"@id":"https:\/\/potenciaradiofonicadominicana.com\/portal\/#website"},"primaryImageOfPage":{"@id":"https:\/\/potenciaradiofonicadominicana.com\/portal\/oprah-winfrey-y-amazon-sellan-alianza-con-wondery-para-impulsar-the-oprah-podcast\/#primaryimage"},"image":{"@id":"https:\/\/potenciaradiofonicadominicana.com\/portal\/oprah-winfrey-y-amazon-sellan-alianza-con-wondery-para-impulsar-the-oprah-podcast\/#primaryimage"},"thumbnailUrl":"https:\/\/potenciaradiofonicadominicana.com\/portal\/wp-content\/uploads\/2026\/04\/64c6279e2315dbab184fe1a2d7357a951d21a79f7d87a401c365c688aa34f7ec._SX1080_FMjpg_.jpg","datePublished":"2026-04-28T04:24:18+00:00","breadcrumb":{"@id":"https:\/\/potenciaradiofonicadominicana.com\/portal\/oprah-winfrey-y-amazon-sellan-alianza-con-wondery-para-impulsar-the-oprah-podcast\/#breadcrumb"},"inLanguage":"es","potentialAction":[{"@type":"ReadAction","target":["https:\/\/potenciaradiofonicadominicana.com\/portal\/oprah-winfrey-y-amazon-sellan-alianza-con-wondery-para-impulsar-the-oprah-podcast\/"]}]},{"@type":"ImageObject","inLanguage":"es","@id":"https:\/\/potenciaradiofonicadominicana.com\/portal\/oprah-winfrey-y-amazon-sellan-alianza-con-wondery-para-impulsar-the-oprah-podcast\/#primaryimage","url":"https:\/\/potenciaradiofonicadominicana.com\/portal\/wp-content\/uploads\/2026\/04\/64c6279e2315dbab184fe1a2d7357a951d21a79f7d87a401c365c688aa34f7ec._SX1080_FMjpg_.jpg","contentUrl":"https:\/\/potenciaradiofonicadominicana.com\/portal\/wp-content\/uploads\/2026\/04\/64c6279e2315dbab184fe1a2d7357a951d21a79f7d87a401c365c688aa34f7ec._SX1080_FMjpg_.jpg","width":1080,"height":608},{"@type":"BreadcrumbList","@id":"https:\/\/potenciaradiofonicadominicana.com\/portal\/oprah-winfrey-y-amazon-sellan-alianza-con-wondery-para-impulsar-the-oprah-podcast\/#breadcrumb","itemListElement":[{"@type":"ListItem","position":1,"name":"Portada","item":"https:\/\/potenciaradiofonicadominicana.com\/portal\/"},{"@type":"ListItem","position":2,"name":"Oprah Winfrey y Amazon sellan alianza con Wondery para impulsar \u00abThe Oprah Podcast\u00bb"}]},{"@type":"WebSite","@id":"https:\/\/potenciaradiofonicadominicana.com\/portal\/#website","url":"https:\/\/potenciaradiofonicadominicana.com\/portal\/","name":"PotenciaRadiofonicaDominicana.com","description":"Peri\u00f3dico Digital","publisher":{"@id":"https:\/\/potenciaradiofonicadominicana.com\/portal\/#organization"},"potentialAction":[{"@type":"SearchAction","target":{"@type":"EntryPoint","urlTemplate":"https:\/\/potenciaradiofonicadominicana.com\/portal\/?s={search_term_string}"},"query-input":{"@type":"PropertyValueSpecification","valueRequired":true,"valueName":"search_term_string"}}],"inLanguage":"es"},{"@type":"Organization","@id":"https:\/\/potenciaradiofonicadominicana.com\/portal\/#organization","name":"PotenciaRadiofonicaDominicana.com","url":"https:\/\/potenciaradiofonicadominicana.com\/portal\/","logo":{"@type":"ImageObject","inLanguage":"es","@id":"https:\/\/potenciaradiofonicadominicana.com\/portal\/#\/schema\/logo\/image\/","url":"https:\/\/potenciaradiofonicadominicana.com\/portal\/wp-content\/uploads\/2022\/01\/descarga.png","contentUrl":"https:\/\/potenciaradiofonicadominicana.com\/portal\/wp-content\/uploads\/2022\/01\/descarga.png","width":300,"height":100,"caption":"PotenciaRadiofonicaDominicana.com"},"image":{"@id":"https:\/\/potenciaradiofonicadominicana.com\/portal\/#\/schema\/logo\/image\/"},"sameAs":["https:\/\/web.facebook.com\/PotenciaRadiofonicaD"]},{"@type":"Person","@id":"https:\/\/potenciaradiofonicadominicana.com\/portal\/#\/schema\/person\/a5cf1fea13877803ee0573ac18b03490","name":"Potencia Radiof\u00f3nica Dominicana","image":{"@type":"ImageObject","inLanguage":"es","@id":"https:\/\/potenciaradiofonicadominicana.com\/portal\/#\/schema\/person\/image\/","url":"https:\/\/secure.gravatar.com\/avatar\/42a55ab9e8ccc656ba34cd791990602a?s=96&d=mm&r=g","contentUrl":"https:\/\/secure.gravatar.com\/avatar\/42a55ab9e8ccc656ba34cd791990602a?s=96&d=mm&r=g","caption":"Potencia Radiof\u00f3nica Dominicana"},"url":"https:\/\/potenciaradiofonicadominicana.com\/portal\/author\/johannyalmanzar\/"}]}},"_links":{"self":[{"href":"https:\/\/potenciaradiofonicadominicana.com\/portal\/wp-json\/wp\/v2\/posts\/216054","targetHints":{"allow":["GET"]}}],"collection":[{"href":"https:\/\/potenciaradiofonicadominicana.com\/portal\/wp-json\/wp\/v2\/posts"}],"about":[{"href":"https:\/\/potenciaradiofonicadominicana.com\/portal\/wp-json\/wp\/v2\/types\/post"}],"author":[{"embeddable":true,"href":"https:\/\/potenciaradiofonicadominicana.com\/portal\/wp-json\/wp\/v2\/users\/2"}],"replies":[{"embeddable":true,"href":"https:\/\/potenciaradiofonicadominicana.com\/portal\/wp-json\/wp\/v2\/comments?post=216054"}],"version-history":[{"count":1,"href":"https:\/\/potenciaradiofonicadominicana.com\/portal\/wp-json\/wp\/v2\/posts\/216054\/revisions"}],"predecessor-version":[{"id":216059,"href":"https:\/\/potenciaradiofonicadominicana.com\/portal\/wp-json\/wp\/v2\/posts\/216054\/revisions\/216059"}],"wp:featuredmedia":[{"embeddable":true,"href":"https:\/\/potenciaradiofonicadominicana.com\/portal\/wp-json\/wp\/v2\/media\/216056"}],"wp:attachment":[{"href":"https:\/\/potenciaradiofonicadominicana.com\/portal\/wp-json\/wp\/v2\/media?parent=216054"}],"wp:term":[{"taxonomy":"category","embeddable":true,"href":"https:\/\/potenciaradiofonicadominicana.com\/portal\/wp-json\/wp\/v2\/categories?post=216054"},{"taxonomy":"post_tag","embeddable":true,"href":"https:\/\/potenciaradiofonicadominicana.com\/portal\/wp-json\/wp\/v2\/tags?post=216054"}],"curies":[{"name":"wp","href":"https:\/\/api.w.org\/{rel}","templated":true}]}}