{"id":216035,"date":"2026-04-28T00:18:45","date_gmt":"2026-04-28T04:18:45","guid":{"rendered":"https:\/\/potenciaradiofonicadominicana.com\/portal\/?p=216035"},"modified":"2026-04-28T00:18:45","modified_gmt":"2026-04-28T04:18:45","slug":"anthony-santos-asume-la-carrera-artistica-de-su-hijo-yordi-saints","status":"publish","type":"post","link":"https:\/\/potenciaradiofonicadominicana.com\/portal\/anthony-santos-asume-la-carrera-artistica-de-su-hijo-yordi-saints\/","title":{"rendered":"Anthony Santos asume la carrera art\u00edstica de su hijo Yordi Saints"},"content":{"rendered":"<p><a href=\"https:\/\/potenciaradiofonicadominicana.com\/portal\/wp-content\/uploads\/2026\/04\/no-llores-bajo-la-produccion-de-anthony-santos-impulsa-la-carrera-de-yordi-sa-20260427-160354-CJ1W-1200x675-1.jpg\"><img loading=\"lazy\" decoding=\"async\" class=\"alignnone size-full wp-image-216037\" src=\"https:\/\/potenciaradiofonicadominicana.com\/portal\/wp-content\/uploads\/2026\/04\/no-llores-bajo-la-produccion-de-anthony-santos-impulsa-la-carrera-de-yordi-sa-20260427-160354-CJ1W-1200x675-1.jpg\" alt=\"\" width=\"1200\" height=\"675\" srcset=\"https:\/\/potenciaradiofonicadominicana.com\/portal\/wp-content\/uploads\/2026\/04\/no-llores-bajo-la-produccion-de-anthony-santos-impulsa-la-carrera-de-yordi-sa-20260427-160354-CJ1W-1200x675-1.jpg 1200w, https:\/\/potenciaradiofonicadominicana.com\/portal\/wp-content\/uploads\/2026\/04\/no-llores-bajo-la-produccion-de-anthony-santos-impulsa-la-carrera-de-yordi-sa-20260427-160354-CJ1W-1200x675-1-300x169.jpg 300w, https:\/\/potenciaradiofonicadominicana.com\/portal\/wp-content\/uploads\/2026\/04\/no-llores-bajo-la-produccion-de-anthony-santos-impulsa-la-carrera-de-yordi-sa-20260427-160354-CJ1W-1200x675-1-1024x576.jpg 1024w, https:\/\/potenciaradiofonicadominicana.com\/portal\/wp-content\/uploads\/2026\/04\/no-llores-bajo-la-produccion-de-anthony-santos-impulsa-la-carrera-de-yordi-sa-20260427-160354-CJ1W-1200x675-1-768x432.jpg 768w\" sizes=\"auto, (max-width: 1200px) 100vw, 1200px\" \/><\/a><\/p>\n<p>El artista Anthony Santos ha decidido asumir la carrera art\u00edstica de su hijo Yordy Saints, quien en este momento promociona a ritmo de bachata la canci\u00f3n \u00abNo Llores\u201d, disponible en todas las plataformas digitales.<\/p>\n<p>Con una trayectoria que ha marcado generaciones y transformado el sonido de la bachata, Anthony Santos imprime en \u201cNo llores\u201d una direcci\u00f3n clara desde la producci\u00f3n, aportando criterio, estructura y una visi\u00f3n que conecta la esencia del g\u00e9nero con su proyecci\u00f3n actual.<\/p>\n<p>Seg\u00fan el joven artista, esta colaboraci\u00f3n no solo responde a un v\u00ednculo familiar, sino a una construcci\u00f3n art\u00edstica guiada por la experiencia de uno de los nombres m\u00e1s s\u00f3lidos del g\u00e9nero, como lo es su padre.<\/p>\n<p>Adem\u00e1s, expres\u00f3 que en esta etapa, la participaci\u00f3n de Anthony Santos en la producci\u00f3n, aporta una magia especial al proyecto, uniendo experiencia, legado y una nueva voz dentro de la bachata, el cual llega acompa\u00f1ado de su propuesta audiovisual, alineada con el lanzamiento y pensada para su circulaci\u00f3n en plataformas digitales.<\/p>\n<p>Yordi Saints presenta este lanzamiento en una etapa clave en la que contin\u00faa definiendo su propuesta musical, esta vez de la mano directa de su padre en el estudio.<\/p>\n<p>Adem\u00e1s, Yordi Saints ha venido trabajando su carrera con constancia, logrando una muy buena aceptaci\u00f3n del p\u00fablico y present\u00e1ndose en diversas actividades en la regi\u00f3n norte del pa\u00eds. Su crecimiento art\u00edstico ha ido consolidando una conexi\u00f3n directa con la audiencia, dando pasos firmes dentro del g\u00e9nero.<\/p>\n<p>Disponible en Spotify, Apple Music, YouTube, Amazon Music, Deezer y Tidal, \u201cNo Llores\u201d se presenta como una colaboraci\u00f3n que pone en di\u00e1logo directo la experiencia de Anthony Santos con la nueva voz dentro de la bachata, Yordi Saints.<\/p>\n<p>Este lanzamiento no solo introduce una nueva entrega musical de Yordi Saints, sino que tambi\u00e9n evidencia el rol activo de Anthony Santos como productor, extendiendo su influencia dentro del g\u00e9nero a trav\u00e9s de una nueva generaci\u00f3n.<\/p>\n","protected":false},"excerpt":{"rendered":"<p>El artista Anthony Santos ha decidido asumir la carrera art\u00edstica de su hijo Yordy Saints, quien en este momento promociona &#8230;<\/p>\n","protected":false},"author":2,"featured_media":216037,"comment_status":"closed","ping_status":"closed","sticky":false,"template":"","format":"standard","meta":{"footnotes":""},"categories":[31],"tags":[],"class_list":["post-216035","post","type-post","status-publish","format-standard","has-post-thumbnail","hentry","category-arte-y-espectaculo"],"yoast_head":"<!-- This site is optimized with the Yoast SEO plugin v24.8.1 - https:\/\/yoast.com\/wordpress\/plugins\/seo\/ -->\n<title>Anthony Santos asume la carrera art\u00edstica de su hijo Yordi Saints - PotenciaRadiofonicaDominicana.com<\/title>\n<meta name=\"robots\" content=\"index, follow, max-snippet:-1, max-image-preview:large, max-video-preview:-1\" \/>\n<link rel=\"canonical\" href=\"https:\/\/potenciaradiofonicadominicana.com\/portal\/anthony-santos-asume-la-carrera-artistica-de-su-hijo-yordi-saints\/\" \/>\n<meta property=\"og:locale\" content=\"es_ES\" \/>\n<meta property=\"og:type\" content=\"article\" \/>\n<meta property=\"og:title\" content=\"Anthony Santos asume la carrera art\u00edstica de su hijo Yordi Saints - PotenciaRadiofonicaDominicana.com\" \/>\n<meta property=\"og:description\" content=\"El artista Anthony Santos ha decidido asumir la carrera art\u00edstica de su hijo Yordy Saints, quien en este momento promociona ...\" \/>\n<meta property=\"og:url\" content=\"https:\/\/potenciaradiofonicadominicana.com\/portal\/anthony-santos-asume-la-carrera-artistica-de-su-hijo-yordi-saints\/\" \/>\n<meta property=\"og:site_name\" content=\"PotenciaRadiofonicaDominicana.com\" \/>\n<meta property=\"article:publisher\" content=\"https:\/\/web.facebook.com\/PotenciaRadiofonicaD\" \/>\n<meta property=\"article:published_time\" content=\"2026-04-28T04:18:45+00:00\" \/>\n<meta property=\"og:image\" content=\"https:\/\/potenciaradiofonicadominicana.com\/portal\/wp-content\/uploads\/2026\/04\/no-llores-bajo-la-produccion-de-anthony-santos-impulsa-la-carrera-de-yordi-sa-20260427-160354-CJ1W-1200x675-1.jpg\" \/>\n\t<meta property=\"og:image:width\" content=\"1200\" \/>\n\t<meta property=\"og:image:height\" content=\"675\" \/>\n\t<meta property=\"og:image:type\" content=\"image\/jpeg\" \/>\n<meta name=\"author\" content=\"Potencia Radiof\u00f3nica Dominicana\" \/>\n<meta name=\"twitter:card\" content=\"summary_large_image\" \/>\n<meta name=\"twitter:label1\" content=\"Escrito por\" \/>\n\t<meta name=\"twitter:data1\" content=\"Potencia Radiof\u00f3nica Dominicana\" \/>\n\t<meta name=\"twitter:label2\" content=\"Tiempo de lectura\" \/>\n\t<meta name=\"twitter:data2\" content=\"2 minutos\" \/>\n<script type=\"application\/ld+json\" class=\"yoast-schema-graph\">{\"@context\":\"https:\/\/schema.org\",\"@graph\":[{\"@type\":\"Article\",\"@id\":\"https:\/\/potenciaradiofonicadominicana.com\/portal\/anthony-santos-asume-la-carrera-artistica-de-su-hijo-yordi-saints\/#article\",\"isPartOf\":{\"@id\":\"https:\/\/potenciaradiofonicadominicana.com\/portal\/anthony-santos-asume-la-carrera-artistica-de-su-hijo-yordi-saints\/\"},\"author\":{\"name\":\"Potencia Radiof\u00f3nica Dominicana\",\"@id\":\"https:\/\/potenciaradiofonicadominicana.com\/portal\/#\/schema\/person\/a5cf1fea13877803ee0573ac18b03490\"},\"headline\":\"Anthony Santos asume la carrera art\u00edstica de su hijo Yordi Saints\",\"datePublished\":\"2026-04-28T04:18:45+00:00\",\"mainEntityOfPage\":{\"@id\":\"https:\/\/potenciaradiofonicadominicana.com\/portal\/anthony-santos-asume-la-carrera-artistica-de-su-hijo-yordi-saints\/\"},\"wordCount\":360,\"publisher\":{\"@id\":\"https:\/\/potenciaradiofonicadominicana.com\/portal\/#organization\"},\"image\":{\"@id\":\"https:\/\/potenciaradiofonicadominicana.com\/portal\/anthony-santos-asume-la-carrera-artistica-de-su-hijo-yordi-saints\/#primaryimage\"},\"thumbnailUrl\":\"https:\/\/potenciaradiofonicadominicana.com\/portal\/wp-content\/uploads\/2026\/04\/no-llores-bajo-la-produccion-de-anthony-santos-impulsa-la-carrera-de-yordi-sa-20260427-160354-CJ1W-1200x675-1.jpg\",\"articleSection\":[\"Arte y Espectaculo\"],\"inLanguage\":\"es\"},{\"@type\":\"WebPage\",\"@id\":\"https:\/\/potenciaradiofonicadominicana.com\/portal\/anthony-santos-asume-la-carrera-artistica-de-su-hijo-yordi-saints\/\",\"url\":\"https:\/\/potenciaradiofonicadominicana.com\/portal\/anthony-santos-asume-la-carrera-artistica-de-su-hijo-yordi-saints\/\",\"name\":\"Anthony Santos asume la carrera art\u00edstica de su hijo Yordi Saints - PotenciaRadiofonicaDominicana.com\",\"isPartOf\":{\"@id\":\"https:\/\/potenciaradiofonicadominicana.com\/portal\/#website\"},\"primaryImageOfPage\":{\"@id\":\"https:\/\/potenciaradiofonicadominicana.com\/portal\/anthony-santos-asume-la-carrera-artistica-de-su-hijo-yordi-saints\/#primaryimage\"},\"image\":{\"@id\":\"https:\/\/potenciaradiofonicadominicana.com\/portal\/anthony-santos-asume-la-carrera-artistica-de-su-hijo-yordi-saints\/#primaryimage\"},\"thumbnailUrl\":\"https:\/\/potenciaradiofonicadominicana.com\/portal\/wp-content\/uploads\/2026\/04\/no-llores-bajo-la-produccion-de-anthony-santos-impulsa-la-carrera-de-yordi-sa-20260427-160354-CJ1W-1200x675-1.jpg\",\"datePublished\":\"2026-04-28T04:18:45+00:00\",\"breadcrumb\":{\"@id\":\"https:\/\/potenciaradiofonicadominicana.com\/portal\/anthony-santos-asume-la-carrera-artistica-de-su-hijo-yordi-saints\/#breadcrumb\"},\"inLanguage\":\"es\",\"potentialAction\":[{\"@type\":\"ReadAction\",\"target\":[\"https:\/\/potenciaradiofonicadominicana.com\/portal\/anthony-santos-asume-la-carrera-artistica-de-su-hijo-yordi-saints\/\"]}]},{\"@type\":\"ImageObject\",\"inLanguage\":\"es\",\"@id\":\"https:\/\/potenciaradiofonicadominicana.com\/portal\/anthony-santos-asume-la-carrera-artistica-de-su-hijo-yordi-saints\/#primaryimage\",\"url\":\"https:\/\/potenciaradiofonicadominicana.com\/portal\/wp-content\/uploads\/2026\/04\/no-llores-bajo-la-produccion-de-anthony-santos-impulsa-la-carrera-de-yordi-sa-20260427-160354-CJ1W-1200x675-1.jpg\",\"contentUrl\":\"https:\/\/potenciaradiofonicadominicana.com\/portal\/wp-content\/uploads\/2026\/04\/no-llores-bajo-la-produccion-de-anthony-santos-impulsa-la-carrera-de-yordi-sa-20260427-160354-CJ1W-1200x675-1.jpg\",\"width\":1200,\"height\":675},{\"@type\":\"BreadcrumbList\",\"@id\":\"https:\/\/potenciaradiofonicadominicana.com\/portal\/anthony-santos-asume-la-carrera-artistica-de-su-hijo-yordi-saints\/#breadcrumb\",\"itemListElement\":[{\"@type\":\"ListItem\",\"position\":1,\"name\":\"Portada\",\"item\":\"https:\/\/potenciaradiofonicadominicana.com\/portal\/\"},{\"@type\":\"ListItem\",\"position\":2,\"name\":\"Anthony Santos asume la carrera art\u00edstica de su hijo Yordi Saints\"}]},{\"@type\":\"WebSite\",\"@id\":\"https:\/\/potenciaradiofonicadominicana.com\/portal\/#website\",\"url\":\"https:\/\/potenciaradiofonicadominicana.com\/portal\/\",\"name\":\"PotenciaRadiofonicaDominicana.com\",\"description\":\"Peri\u00f3dico Digital\",\"publisher\":{\"@id\":\"https:\/\/potenciaradiofonicadominicana.com\/portal\/#organization\"},\"potentialAction\":[{\"@type\":\"SearchAction\",\"target\":{\"@type\":\"EntryPoint\",\"urlTemplate\":\"https:\/\/potenciaradiofonicadominicana.com\/portal\/?s={search_term_string}\"},\"query-input\":{\"@type\":\"PropertyValueSpecification\",\"valueRequired\":true,\"valueName\":\"search_term_string\"}}],\"inLanguage\":\"es\"},{\"@type\":\"Organization\",\"@id\":\"https:\/\/potenciaradiofonicadominicana.com\/portal\/#organization\",\"name\":\"PotenciaRadiofonicaDominicana.com\",\"url\":\"https:\/\/potenciaradiofonicadominicana.com\/portal\/\",\"logo\":{\"@type\":\"ImageObject\",\"inLanguage\":\"es\",\"@id\":\"https:\/\/potenciaradiofonicadominicana.com\/portal\/#\/schema\/logo\/image\/\",\"url\":\"https:\/\/potenciaradiofonicadominicana.com\/portal\/wp-content\/uploads\/2022\/01\/descarga.png\",\"contentUrl\":\"https:\/\/potenciaradiofonicadominicana.com\/portal\/wp-content\/uploads\/2022\/01\/descarga.png\",\"width\":300,\"height\":100,\"caption\":\"PotenciaRadiofonicaDominicana.com\"},\"image\":{\"@id\":\"https:\/\/potenciaradiofonicadominicana.com\/portal\/#\/schema\/logo\/image\/\"},\"sameAs\":[\"https:\/\/web.facebook.com\/PotenciaRadiofonicaD\"]},{\"@type\":\"Person\",\"@id\":\"https:\/\/potenciaradiofonicadominicana.com\/portal\/#\/schema\/person\/a5cf1fea13877803ee0573ac18b03490\",\"name\":\"Potencia Radiof\u00f3nica Dominicana\",\"image\":{\"@type\":\"ImageObject\",\"inLanguage\":\"es\",\"@id\":\"https:\/\/potenciaradiofonicadominicana.com\/portal\/#\/schema\/person\/image\/\",\"url\":\"https:\/\/secure.gravatar.com\/avatar\/42a55ab9e8ccc656ba34cd791990602a?s=96&d=mm&r=g\",\"contentUrl\":\"https:\/\/secure.gravatar.com\/avatar\/42a55ab9e8ccc656ba34cd791990602a?s=96&d=mm&r=g\",\"caption\":\"Potencia Radiof\u00f3nica Dominicana\"},\"url\":\"https:\/\/potenciaradiofonicadominicana.com\/portal\/author\/johannyalmanzar\/\"}]}<\/script>\n<!-- \/ Yoast SEO plugin. -->","yoast_head_json":{"title":"Anthony Santos asume la carrera art\u00edstica de su hijo Yordi Saints - PotenciaRadiofonicaDominicana.com","robots":{"index":"index","follow":"follow","max-snippet":"max-snippet:-1","max-image-preview":"max-image-preview:large","max-video-preview":"max-video-preview:-1"},"canonical":"https:\/\/potenciaradiofonicadominicana.com\/portal\/anthony-santos-asume-la-carrera-artistica-de-su-hijo-yordi-saints\/","og_locale":"es_ES","og_type":"article","og_title":"Anthony Santos asume la carrera art\u00edstica de su hijo Yordi Saints - PotenciaRadiofonicaDominicana.com","og_description":"El artista Anthony Santos ha decidido asumir la carrera art\u00edstica de su hijo Yordy Saints, quien en este momento promociona ...","og_url":"https:\/\/potenciaradiofonicadominicana.com\/portal\/anthony-santos-asume-la-carrera-artistica-de-su-hijo-yordi-saints\/","og_site_name":"PotenciaRadiofonicaDominicana.com","article_publisher":"https:\/\/web.facebook.com\/PotenciaRadiofonicaD","article_published_time":"2026-04-28T04:18:45+00:00","og_image":[{"width":1200,"height":675,"url":"https:\/\/potenciaradiofonicadominicana.com\/portal\/wp-content\/uploads\/2026\/04\/no-llores-bajo-la-produccion-de-anthony-santos-impulsa-la-carrera-de-yordi-sa-20260427-160354-CJ1W-1200x675-1.jpg","type":"image\/jpeg"}],"author":"Potencia Radiof\u00f3nica Dominicana","twitter_card":"summary_large_image","twitter_misc":{"Escrito por":"Potencia Radiof\u00f3nica Dominicana","Tiempo de lectura":"2 minutos"},"schema":{"@context":"https:\/\/schema.org","@graph":[{"@type":"Article","@id":"https:\/\/potenciaradiofonicadominicana.com\/portal\/anthony-santos-asume-la-carrera-artistica-de-su-hijo-yordi-saints\/#article","isPartOf":{"@id":"https:\/\/potenciaradiofonicadominicana.com\/portal\/anthony-santos-asume-la-carrera-artistica-de-su-hijo-yordi-saints\/"},"author":{"name":"Potencia Radiof\u00f3nica Dominicana","@id":"https:\/\/potenciaradiofonicadominicana.com\/portal\/#\/schema\/person\/a5cf1fea13877803ee0573ac18b03490"},"headline":"Anthony Santos asume la carrera art\u00edstica de su hijo Yordi Saints","datePublished":"2026-04-28T04:18:45+00:00","mainEntityOfPage":{"@id":"https:\/\/potenciaradiofonicadominicana.com\/portal\/anthony-santos-asume-la-carrera-artistica-de-su-hijo-yordi-saints\/"},"wordCount":360,"publisher":{"@id":"https:\/\/potenciaradiofonicadominicana.com\/portal\/#organization"},"image":{"@id":"https:\/\/potenciaradiofonicadominicana.com\/portal\/anthony-santos-asume-la-carrera-artistica-de-su-hijo-yordi-saints\/#primaryimage"},"thumbnailUrl":"https:\/\/potenciaradiofonicadominicana.com\/portal\/wp-content\/uploads\/2026\/04\/no-llores-bajo-la-produccion-de-anthony-santos-impulsa-la-carrera-de-yordi-sa-20260427-160354-CJ1W-1200x675-1.jpg","articleSection":["Arte y Espectaculo"],"inLanguage":"es"},{"@type":"WebPage","@id":"https:\/\/potenciaradiofonicadominicana.com\/portal\/anthony-santos-asume-la-carrera-artistica-de-su-hijo-yordi-saints\/","url":"https:\/\/potenciaradiofonicadominicana.com\/portal\/anthony-santos-asume-la-carrera-artistica-de-su-hijo-yordi-saints\/","name":"Anthony Santos asume la carrera art\u00edstica de su hijo Yordi Saints - PotenciaRadiofonicaDominicana.com","isPartOf":{"@id":"https:\/\/potenciaradiofonicadominicana.com\/portal\/#website"},"primaryImageOfPage":{"@id":"https:\/\/potenciaradiofonicadominicana.com\/portal\/anthony-santos-asume-la-carrera-artistica-de-su-hijo-yordi-saints\/#primaryimage"},"image":{"@id":"https:\/\/potenciaradiofonicadominicana.com\/portal\/anthony-santos-asume-la-carrera-artistica-de-su-hijo-yordi-saints\/#primaryimage"},"thumbnailUrl":"https:\/\/potenciaradiofonicadominicana.com\/portal\/wp-content\/uploads\/2026\/04\/no-llores-bajo-la-produccion-de-anthony-santos-impulsa-la-carrera-de-yordi-sa-20260427-160354-CJ1W-1200x675-1.jpg","datePublished":"2026-04-28T04:18:45+00:00","breadcrumb":{"@id":"https:\/\/potenciaradiofonicadominicana.com\/portal\/anthony-santos-asume-la-carrera-artistica-de-su-hijo-yordi-saints\/#breadcrumb"},"inLanguage":"es","potentialAction":[{"@type":"ReadAction","target":["https:\/\/potenciaradiofonicadominicana.com\/portal\/anthony-santos-asume-la-carrera-artistica-de-su-hijo-yordi-saints\/"]}]},{"@type":"ImageObject","inLanguage":"es","@id":"https:\/\/potenciaradiofonicadominicana.com\/portal\/anthony-santos-asume-la-carrera-artistica-de-su-hijo-yordi-saints\/#primaryimage","url":"https:\/\/potenciaradiofonicadominicana.com\/portal\/wp-content\/uploads\/2026\/04\/no-llores-bajo-la-produccion-de-anthony-santos-impulsa-la-carrera-de-yordi-sa-20260427-160354-CJ1W-1200x675-1.jpg","contentUrl":"https:\/\/potenciaradiofonicadominicana.com\/portal\/wp-content\/uploads\/2026\/04\/no-llores-bajo-la-produccion-de-anthony-santos-impulsa-la-carrera-de-yordi-sa-20260427-160354-CJ1W-1200x675-1.jpg","width":1200,"height":675},{"@type":"BreadcrumbList","@id":"https:\/\/potenciaradiofonicadominicana.com\/portal\/anthony-santos-asume-la-carrera-artistica-de-su-hijo-yordi-saints\/#breadcrumb","itemListElement":[{"@type":"ListItem","position":1,"name":"Portada","item":"https:\/\/potenciaradiofonicadominicana.com\/portal\/"},{"@type":"ListItem","position":2,"name":"Anthony Santos asume la carrera art\u00edstica de su hijo Yordi Saints"}]},{"@type":"WebSite","@id":"https:\/\/potenciaradiofonicadominicana.com\/portal\/#website","url":"https:\/\/potenciaradiofonicadominicana.com\/portal\/","name":"PotenciaRadiofonicaDominicana.com","description":"Peri\u00f3dico Digital","publisher":{"@id":"https:\/\/potenciaradiofonicadominicana.com\/portal\/#organization"},"potentialAction":[{"@type":"SearchAction","target":{"@type":"EntryPoint","urlTemplate":"https:\/\/potenciaradiofonicadominicana.com\/portal\/?s={search_term_string}"},"query-input":{"@type":"PropertyValueSpecification","valueRequired":true,"valueName":"search_term_string"}}],"inLanguage":"es"},{"@type":"Organization","@id":"https:\/\/potenciaradiofonicadominicana.com\/portal\/#organization","name":"PotenciaRadiofonicaDominicana.com","url":"https:\/\/potenciaradiofonicadominicana.com\/portal\/","logo":{"@type":"ImageObject","inLanguage":"es","@id":"https:\/\/potenciaradiofonicadominicana.com\/portal\/#\/schema\/logo\/image\/","url":"https:\/\/potenciaradiofonicadominicana.com\/portal\/wp-content\/uploads\/2022\/01\/descarga.png","contentUrl":"https:\/\/potenciaradiofonicadominicana.com\/portal\/wp-content\/uploads\/2022\/01\/descarga.png","width":300,"height":100,"caption":"PotenciaRadiofonicaDominicana.com"},"image":{"@id":"https:\/\/potenciaradiofonicadominicana.com\/portal\/#\/schema\/logo\/image\/"},"sameAs":["https:\/\/web.facebook.com\/PotenciaRadiofonicaD"]},{"@type":"Person","@id":"https:\/\/potenciaradiofonicadominicana.com\/portal\/#\/schema\/person\/a5cf1fea13877803ee0573ac18b03490","name":"Potencia Radiof\u00f3nica Dominicana","image":{"@type":"ImageObject","inLanguage":"es","@id":"https:\/\/potenciaradiofonicadominicana.com\/portal\/#\/schema\/person\/image\/","url":"https:\/\/secure.gravatar.com\/avatar\/42a55ab9e8ccc656ba34cd791990602a?s=96&d=mm&r=g","contentUrl":"https:\/\/secure.gravatar.com\/avatar\/42a55ab9e8ccc656ba34cd791990602a?s=96&d=mm&r=g","caption":"Potencia Radiof\u00f3nica Dominicana"},"url":"https:\/\/potenciaradiofonicadominicana.com\/portal\/author\/johannyalmanzar\/"}]}},"_links":{"self":[{"href":"https:\/\/potenciaradiofonicadominicana.com\/portal\/wp-json\/wp\/v2\/posts\/216035","targetHints":{"allow":["GET"]}}],"collection":[{"href":"https:\/\/potenciaradiofonicadominicana.com\/portal\/wp-json\/wp\/v2\/posts"}],"about":[{"href":"https:\/\/potenciaradiofonicadominicana.com\/portal\/wp-json\/wp\/v2\/types\/post"}],"author":[{"embeddable":true,"href":"https:\/\/potenciaradiofonicadominicana.com\/portal\/wp-json\/wp\/v2\/users\/2"}],"replies":[{"embeddable":true,"href":"https:\/\/potenciaradiofonicadominicana.com\/portal\/wp-json\/wp\/v2\/comments?post=216035"}],"version-history":[{"count":1,"href":"https:\/\/potenciaradiofonicadominicana.com\/portal\/wp-json\/wp\/v2\/posts\/216035\/revisions"}],"predecessor-version":[{"id":216039,"href":"https:\/\/potenciaradiofonicadominicana.com\/portal\/wp-json\/wp\/v2\/posts\/216035\/revisions\/216039"}],"wp:featuredmedia":[{"embeddable":true,"href":"https:\/\/potenciaradiofonicadominicana.com\/portal\/wp-json\/wp\/v2\/media\/216037"}],"wp:attachment":[{"href":"https:\/\/potenciaradiofonicadominicana.com\/portal\/wp-json\/wp\/v2\/media?parent=216035"}],"wp:term":[{"taxonomy":"category","embeddable":true,"href":"https:\/\/potenciaradiofonicadominicana.com\/portal\/wp-json\/wp\/v2\/categories?post=216035"},{"taxonomy":"post_tag","embeddable":true,"href":"https:\/\/potenciaradiofonicadominicana.com\/portal\/wp-json\/wp\/v2\/tags?post=216035"}],"curies":[{"name":"wp","href":"https:\/\/api.w.org\/{rel}","templated":true}]}}