{"id":216030,"date":"2026-04-28T00:17:51","date_gmt":"2026-04-28T04:17:51","guid":{"rendered":"https:\/\/potenciaradiofonicadominicana.com\/portal\/?p=216030"},"modified":"2026-04-28T00:17:51","modified_gmt":"2026-04-28T04:17:51","slug":"draco-rosa-este-disco-es-un-reflejo-de-un-viaje-y-de-una-vida","status":"publish","type":"post","link":"https:\/\/potenciaradiofonicadominicana.com\/portal\/draco-rosa-este-disco-es-un-reflejo-de-un-viaje-y-de-una-vida\/","title":{"rendered":"Draco Rosa: \u00abEste disco es un reflejo de un viaje y de una vida\u00bb"},"content":{"rendered":"<p><a href=\"https:\/\/potenciaradiofonicadominicana.com\/portal\/wp-content\/uploads\/2026\/04\/draco-rosa-lanza-nuevo-disco-e5a3ad1d-focus-0.03-0.49-1200-675.png\"><img loading=\"lazy\" decoding=\"async\" class=\"alignnone size-full wp-image-216032\" src=\"https:\/\/potenciaradiofonicadominicana.com\/portal\/wp-content\/uploads\/2026\/04\/draco-rosa-lanza-nuevo-disco-e5a3ad1d-focus-0.03-0.49-1200-675.png\" alt=\"\" width=\"1199\" height=\"675\" srcset=\"https:\/\/potenciaradiofonicadominicana.com\/portal\/wp-content\/uploads\/2026\/04\/draco-rosa-lanza-nuevo-disco-e5a3ad1d-focus-0.03-0.49-1200-675.png 1199w, https:\/\/potenciaradiofonicadominicana.com\/portal\/wp-content\/uploads\/2026\/04\/draco-rosa-lanza-nuevo-disco-e5a3ad1d-focus-0.03-0.49-1200-675-300x169.png 300w, https:\/\/potenciaradiofonicadominicana.com\/portal\/wp-content\/uploads\/2026\/04\/draco-rosa-lanza-nuevo-disco-e5a3ad1d-focus-0.03-0.49-1200-675-1024x576.png 1024w, https:\/\/potenciaradiofonicadominicana.com\/portal\/wp-content\/uploads\/2026\/04\/draco-rosa-lanza-nuevo-disco-e5a3ad1d-focus-0.03-0.49-1200-675-768x432.png 768w\" sizes=\"auto, (max-width: 1199px) 100vw, 1199px\" \/><\/a><\/p>\n<p>El ic\u00f3nico artista\u00a0<strong>Draco Rosa<\/strong>\u00a0<strong>estrena<\/strong>\u00a0este viernes \u00ab<strong>Olas de luz<\/strong>\u00ab, su nuevo \u00e1lbum de estudio que emerge desde lo m\u00e1s crudo del pulso humano para convertirse en refugio, en fuego, en susurro.<\/p>\n<p>El\u00a0<strong>cantautor puertorrique\u00f1o<\/strong>, uno de los arquitectos del\u00a0<strong>pop latino moderno<\/strong>, comparti\u00f3 los detalles de esta nueva\u00a0<strong>producci\u00f3n<\/strong>\u00a0discogr\u00e1fica en una entrevista concedida a\u00a0<em>Diario Libre<\/em>\u00a0desde\u00a0<strong>Puerto Rico<\/strong>.<\/p>\n<p>El mismo\u00a0<strong>Draco<\/strong>\u00a0que a finales de los ochenta irrumpi\u00f3 como Ricky Martin en Menudo, que luego se reinvent\u00f3 en solitario con discos como\u00a0<em>Vagabundo<\/em>,\u00a0<em>Extra\u00f1o<\/em>\u00a0y\u00a0<em><strong>Amor<\/strong>\u00a0secreto<\/em>, que gan\u00f3\u00a0<strong>Grammys<\/strong>\u00a0y Latin\u00a0<strong>Grammys<\/strong>, que batall\u00f3 contra el linfoma y lo venci\u00f3 con la misma terquedad con que defiende su\u00a0<strong>m\u00fasica<\/strong>, este viernes llega\u00a0<strong>12 canciones<\/strong> que no siguen rutas, las rompen.<\/p>\n<p>De la mano de este lanzamiento,\u00a0<strong>Draco<\/strong>\u00a0tambi\u00e9n\u00a0<strong>estrena<\/strong>\u00a0el\u00a0<strong>video<\/strong>\u00a0de su sencillo\u00a0<em><strong>Carro de heno<\/strong><\/em>, dirigido por Redamo Rosa y filmado en el\u00a0<strong>Viejo San Juan<\/strong>\u00a0de\u00a0<strong>Puerto Rico<\/strong>\u00a0y las Dunas Imperiales de California.<\/p>\n<h2>Una traves\u00eda musical<\/h2>\n<p>\u00ab<strong>Olas de luz<\/strong>\u00bb es una traves\u00eda donde el\u00a0<strong>amor desaf\u00eda<\/strong>\u00a0el tiempo y el espacio, donde los recuerdos respiran y las conexiones se vuelven destino. Vi\u00f1edos antiguos, cielos en llamas al atardecer, sombras que seducen como eternas historias nocturnas. Todo vive dentro de este\u00a0<strong>paisaje sonoro<\/strong> profundamente cinematogr\u00e1fico.<\/p>\n<h2>\u00bfC\u00f3mo define esta\u00a0<strong>producci\u00f3n<\/strong>\u00a0con la que nos sorprende?<\/h2>\n<p>Ya hemos lanzado dos\u00a0<strong>canciones<\/strong>\u00a0y el\u00a0<strong>24 de abril<\/strong>\u00a0sale el proyecto completo. Es una pieza que nace con el tiempo, porque para m\u00ed la\u00a0<strong>m\u00fasica<\/strong>\u00a0no es tanto para entenderla, sino para sentirla.<\/p>\n<p>Mi\u00a0<strong>camino personal<\/strong>\u00a0ha estado marcado por experiencias que luego intento traducir en\u00a0<strong>canciones<\/strong>, y en este caso me llev\u00f3 a crear\u00a0<em data-start=\"369\" data-end=\"382\"><strong>Olas de luz<\/strong><\/em>.<\/p>\n<p>Todo\u00a0<strong>comenz\u00f3<\/strong>\u00a0en\u00a0<strong>Rep\u00fablica Dominicana<\/strong>. Viaj\u00e9 con mi compa\u00f1era y empezamos en la\u00a0<strong>Zona Colonial<\/strong>, donde vivimos momentos muy especiales.<\/p>\n<p>Fue un viaje inolvidable, que luego continu\u00f3 hacia la\u00a0<strong>Costa Brava<\/strong>, en\u00a0<strong>Espa\u00f1a<\/strong>, llegando casi hasta Girona, cerca de Francia. Desde all\u00ed fuimos recorriendo distintos lugares, haciendo varias paradas, qued\u00e1ndonos incluso en un\u00a0<strong>antiguo vi\u00f1edo<\/strong>, en espacios que parec\u00edan de otra \u00e9poca.<\/p>\n<p>Fue una experiencia profundamente rom\u00e1ntica, rodeada de\u00a0<strong>naturaleza<\/strong>, con caminatas largas y\u00a0<strong>paisajes espectaculares<\/strong>. Hicimos muchas actividades al aire libre: montamos a caballo, anduvimos en bicicleta, jugamos, exploramos.<\/p>\n<p>Tambi\u00e9n visitamos\u00a0<strong>Montserrat<\/strong>, su\u00a0<strong>monasterio<\/strong>, y desde all\u00ed continuamos el recorrido hasta regresar y finalmente bajar hacia\u00a0<strong>Madrid<\/strong>. F\u00edjate, yo estuve en el Prado much\u00edsimas veces en mi juventud, incluso en noches de vino y largas conversaciones, con amigos o solo.<\/p>\n<p>Pero este viaje fue distinto: fui con ese cuaderno en mano, tomando apuntes, evocando viajes pasados y, al mismo tiempo, comparti\u00e9ndole a ella todo lo que\u00a0<strong>ese lugar significaba para m\u00ed.<\/strong>\u00a0Todo ese trayecto, cargado de vivencias y emociones, es lo que le da forma a este proyecto.<\/p>\n<h2>Significa que fue un\u00a0<strong>proceso creativo<\/strong>\u00a0bastante extenso el que tuvo para hacer este nuevo \u00e1lbum, \u00bfverdad?<\/h2>\n<p>S\u00ed. He estado muchas veces en esos lugares, pero lo que cambi\u00f3 ahora fue mi momento de vida, mi\u00a0<strong>edad<\/strong>\u00a0y todo lo que he\u00a0<strong>vivido<\/strong>.<\/p>\n<p>En este viaje hubo algo distinto: mi pareja me regal\u00f3 un\u00a0<strong>cuaderno especial<\/strong>\u00a0antes de salir. Era una libreta gruesa, blanca, que terminamos\u00a0<strong>pintando de negro<\/strong>, y se convirti\u00f3 en el\u00a0<strong>punto de partida<\/strong>\u00a0de\u00a0<em data-start=\"446\" data-end=\"459\"><strong>Olas de luz<\/strong><\/em>.<\/p>\n<p>Durante el viaje la llev\u00e9, por ejemplo, al\u00a0<strong>Museo del Prado<\/strong>, a ver algunas de mis obras favoritas: las\u00a0<strong>pinturas negras<\/strong>\u00a0de Goya, piezas de\u00a0<strong>El Bosco<\/strong>&#8230; Fue muy diferente a otras veces, cuando iba m\u00e1s joven, incluso a beber vino con\u00a0<strong>amigos<\/strong>.<\/p>\n<p>Esta vez fui con el\u00a0<strong>cuaderno en mano<\/strong>,\u00a0<strong>anotando<\/strong>\u00a0todo, recordando mis viajes y tambi\u00e9n comparti\u00e9ndolos con ella.<\/p>\n<p>Escrib\u00ed tanto que, al regresar a\u00a0<strong>Puerto Rico<\/strong>, entr\u00e9 en un\u00a0<strong>proceso creativo<\/strong>\u00a0muy intenso, trabajando varias semanas de\u00a0<strong>madrugada<\/strong>, y de ah\u00ed\u00a0<strong>comenz\u00f3<\/strong>\u00a0a tomar forma el \u00e1lbum.<\/p>\n<p><strong>Canciones<\/strong>\u00a0como\u00a0<em data-start=\"997\" data-end=\"1011\"><strong>Llama eterna<\/strong><\/em>, que siento casi como una\u00a0<strong>oraci\u00f3n<\/strong>, o\u00a0<em data-start=\"1049\" data-end=\"1067\"><strong>Colores del ayer<\/strong><\/em>, que nace de ese romance que vivimos -aunque nos hospedamos en Salamanca, pas\u00e1bamos mucho tiempo en Chueca-, reflejan directamente esas experiencias.<\/p>\n<div class=\"social-embed mb-4\"><iframe id=\"instagram-embed-0\" class=\"instagram-media instagram-media-rendered\" src=\"https:\/\/www.instagram.com\/reel\/DWWK5GqiFo7\/embed\/captioned\/?cr=1&amp;v=14&amp;wp=540&amp;rd=https%3A%2F%2Fwww.diariolibre.com&amp;rp=%2Frevista%2Fmusica%2F2026%2F04%2F28%2Fdraco-rosa-lanza-nuevo-disco-olas-de-luz%2F3512178#%7B%22ci%22%3A0%2C%22os%22%3A24544%2C%22ls%22%3A24346.900000095367%2C%22le%22%3A24538%7D\" height=\"1113\" frameborder=\"0\" scrolling=\"no\" allowfullscreen=\"allowfullscreen\" data-instgrm-payload-id=\"instagram-media-payload-0\" data-mce-fragment=\"1\"><\/iframe><\/p>\n<div class=\" lazyloaded\" data-script=\"https:\/\/www.instagram.com\/embed.js\"><\/div>\n<\/div>\n<p>Tambi\u00e9n hubo momentos muy humanos que marcaron el\u00a0<strong>disco<\/strong>. En las afueras de Barcelona conocimos a\u00a0<strong>do\u00f1a Marta<\/strong>, y compartimos una historia muy emotiva que me toc\u00f3 profundamente; yo estaba en el jard\u00edn, otra vez,\u00a0<strong>escribiendo<\/strong>.<\/p>\n<p>De ah\u00ed surge\u00a0<em data-start=\"1456\" data-end=\"1480\"><strong>Gracias por un d\u00eda m\u00e1s<\/strong><\/em>. Luego, ya en\u00a0<strong>Puerto Rico<\/strong>, me reencontr\u00e9 con\u00a0<strong>amigos<\/strong>\u00a0que atravesaban situaciones similares, y todo eso me llev\u00f3 a seguir\u00a0<strong>escribiendo<\/strong>.<\/p>\n<p><em data-start=\"1617\" data-end=\"1630\"><strong>Costa Brava<\/strong><\/em>\u00a0habla mucho de la\u00a0<strong>familia<\/strong>, un\u00a0<strong>valor<\/strong>\u00a0en el que creo profundamente y que siento que se ha ido perdiendo. Yo quer\u00eda celebrarlo.<\/p>\n<p>En definitiva, es un\u00a0<strong>disco<\/strong>\u00a0de\u00a0<strong>amor<\/strong>, de espiritualidad y de\u00a0<strong>familia<\/strong>, pero tambi\u00e9n con cierta\u00a0<strong>melancol\u00eda<\/strong>, con esas \u00abteclas negras del piano\u00bb que le dan profundidad.<\/p>\n<h2>Maestro, \u00bfeste \u00e1lbum est\u00e1 disponible tambi\u00e9n en\u00a0<strong>vinilo<\/strong>?<\/h2>\n<p>S\u00ed, est\u00e1 disponible en todas las\u00a0<strong>plataformas digitales<\/strong>, creo que inclusive en\u00a0<strong>CD<\/strong>\u00a0y en\u00a0<strong>vinilo<\/strong>. Quer\u00eda hacer cassette, pero me dijeron que no se puede ahora. La vieja guardia.<\/p>\n<h2>En estas\u00a0<strong>12 canciones<\/strong>\u00a0que conforman la\u00a0<strong>producci\u00f3n<\/strong>, \u00bfc\u00f3mo se proyecta en los pr\u00f3ximos meses en t\u00e9rminos de posicionamiento y promoci\u00f3n? \u00bfExiste la posibilidad de verlo en\u00a0<strong>Rep\u00fablica Dominicana<\/strong>\u00a0en alg\u00fan show?<\/h2>\n<p>En lo\u00a0<strong>personal<\/strong>, voy a estar en\u00a0<strong>Rep\u00fablica Dominicana<\/strong>\u00a0en\u00a0<strong>mayo<\/strong>, del 17 al 25, principalmente para compartir con la\u00a0<strong>familia<\/strong>. En cuanto a presentaciones, ojal\u00e1 podamos concretar algo m\u00e1s adelante, posiblemente ya para el 2027.<\/p>\n<h2>Con el adelanto que ha compartido de esta\u00a0<strong>producci\u00f3n<\/strong>, \u00bfc\u00f3mo ha recibido la\u00a0<strong>retroalimentaci\u00f3n<\/strong>\u00a0del\u00a0<strong>p\u00fablico<\/strong>?<\/h2>\n<p>La siento positiva, aunque realmente lo sabremos mejor cuando salga completo el d\u00eda 24. Para m\u00ed, la\u00a0<strong>m\u00fasica<\/strong>\u00a0est\u00e1 hecha para\u00a0<strong>sentirse<\/strong>\u00a0y\u00a0<strong>disfrutarse<\/strong>: si te gusta, la escuchas; si no, sigues adelante.<\/p>\n<p>Yo creo en hacer\u00a0<strong>m\u00fasica<\/strong>\u00a0para quienes realmente la aman, m\u00e1s all\u00e1 del\u00a0<strong>ruido<\/strong>\u00a0o del \u00abcirco\u00bb que a veces rodea la\u00a0<strong>industria<\/strong>. Invito a escuchar con los ojos cerrados y, si hay conexi\u00f3n, entonces todo cobra sentido.<\/p>\n<p>En lo\u00a0<strong>personal<\/strong>, estoy fascinado con el\u00a0<strong>resultado<\/strong>: con los\u00a0<strong>m\u00fasicos<\/strong>, las\u00a0<strong>canciones<\/strong>\u00a0y el\u00a0<strong>mensaje<\/strong>, que siento que es bello y aporta algo positivo.<\/p>\n<p>Este\u00a0<strong>disco<\/strong>, a diferencia de trabajos anteriores, nace de una experiencia profundamente vivida -un recorrido que\u00a0<strong>comenz\u00f3<\/strong>\u00a0en\u00a0<strong>Rep\u00fablica Dominicana<\/strong>, pas\u00f3 por\u00a0<strong>Espa\u00f1a<\/strong>\u00a0y regres\u00f3 a\u00a0<strong>Puerto Rico<\/strong>-, por lo que es mucho m\u00e1s \u00edntimo y aut\u00e9ntico.\u00a0Es un reflejo de ese momento y de una vida.<\/p>\n<p>Al final, el\u00a0<strong>p\u00fablico<\/strong>\u00a0es quien\u00a0<strong>decide<\/strong>. Siempre hago\u00a0<strong>m\u00fasica<\/strong>\u00a0desde un lugar muy\u00a0<strong>personal<\/strong>, porque primero tengo que conectar yo con lo que creo.<\/p>\n<p>Pero la mayor\u00a0<strong>aspiraci\u00f3n<\/strong>\u00a0es que esas\u00a0<strong>canciones<\/strong>\u00a0dejen de ser m\u00edas y pasen a ser de todos. Para m\u00ed, este trabajo es una\u00a0<strong>joya<\/strong>; ahora queda en manos de quienes lo escuchen.<\/p>\n","protected":false},"excerpt":{"rendered":"<p>El ic\u00f3nico artista\u00a0Draco Rosa\u00a0estrena\u00a0este viernes \u00abOlas de luz\u00ab, su nuevo \u00e1lbum de estudio que emerge desde lo m\u00e1s crudo del &#8230;<\/p>\n","protected":false},"author":2,"featured_media":216032,"comment_status":"closed","ping_status":"closed","sticky":false,"template":"","format":"standard","meta":{"footnotes":""},"categories":[31],"tags":[],"class_list":["post-216030","post","type-post","status-publish","format-standard","has-post-thumbnail","hentry","category-arte-y-espectaculo"],"yoast_head":"<!-- This site is optimized with the Yoast SEO plugin v24.8.1 - https:\/\/yoast.com\/wordpress\/plugins\/seo\/ -->\n<title>Draco Rosa: &quot;Este disco es un reflejo de un viaje y de una vida&quot; - PotenciaRadiofonicaDominicana.com<\/title>\n<meta name=\"robots\" content=\"index, follow, max-snippet:-1, max-image-preview:large, max-video-preview:-1\" \/>\n<link rel=\"canonical\" href=\"https:\/\/potenciaradiofonicadominicana.com\/portal\/draco-rosa-este-disco-es-un-reflejo-de-un-viaje-y-de-una-vida\/\" \/>\n<meta property=\"og:locale\" content=\"es_ES\" \/>\n<meta property=\"og:type\" content=\"article\" \/>\n<meta property=\"og:title\" content=\"Draco Rosa: &quot;Este disco es un reflejo de un viaje y de una vida&quot; - PotenciaRadiofonicaDominicana.com\" \/>\n<meta property=\"og:description\" content=\"El ic\u00f3nico artista\u00a0Draco Rosa\u00a0estrena\u00a0este viernes \u00abOlas de luz\u00ab, su nuevo \u00e1lbum de estudio que emerge desde lo m\u00e1s crudo del ...\" \/>\n<meta property=\"og:url\" content=\"https:\/\/potenciaradiofonicadominicana.com\/portal\/draco-rosa-este-disco-es-un-reflejo-de-un-viaje-y-de-una-vida\/\" \/>\n<meta property=\"og:site_name\" content=\"PotenciaRadiofonicaDominicana.com\" \/>\n<meta property=\"article:publisher\" content=\"https:\/\/web.facebook.com\/PotenciaRadiofonicaD\" \/>\n<meta property=\"article:published_time\" content=\"2026-04-28T04:17:51+00:00\" \/>\n<meta property=\"og:image\" content=\"https:\/\/potenciaradiofonicadominicana.com\/portal\/wp-content\/uploads\/2026\/04\/draco-rosa-lanza-nuevo-disco-e5a3ad1d-focus-0.03-0.49-1200-675.png\" \/>\n\t<meta property=\"og:image:width\" content=\"1199\" \/>\n\t<meta property=\"og:image:height\" content=\"675\" \/>\n\t<meta property=\"og:image:type\" content=\"image\/png\" \/>\n<meta name=\"author\" content=\"Potencia Radiof\u00f3nica Dominicana\" \/>\n<meta name=\"twitter:card\" content=\"summary_large_image\" \/>\n<meta name=\"twitter:label1\" content=\"Escrito por\" \/>\n\t<meta name=\"twitter:data1\" content=\"Potencia Radiof\u00f3nica Dominicana\" \/>\n\t<meta name=\"twitter:label2\" content=\"Tiempo de lectura\" \/>\n\t<meta name=\"twitter:data2\" content=\"6 minutos\" \/>\n<script type=\"application\/ld+json\" class=\"yoast-schema-graph\">{\"@context\":\"https:\/\/schema.org\",\"@graph\":[{\"@type\":\"Article\",\"@id\":\"https:\/\/potenciaradiofonicadominicana.com\/portal\/draco-rosa-este-disco-es-un-reflejo-de-un-viaje-y-de-una-vida\/#article\",\"isPartOf\":{\"@id\":\"https:\/\/potenciaradiofonicadominicana.com\/portal\/draco-rosa-este-disco-es-un-reflejo-de-un-viaje-y-de-una-vida\/\"},\"author\":{\"name\":\"Potencia Radiof\u00f3nica Dominicana\",\"@id\":\"https:\/\/potenciaradiofonicadominicana.com\/portal\/#\/schema\/person\/a5cf1fea13877803ee0573ac18b03490\"},\"headline\":\"Draco Rosa: \u00abEste disco es un reflejo de un viaje y de una vida\u00bb\",\"datePublished\":\"2026-04-28T04:17:51+00:00\",\"mainEntityOfPage\":{\"@id\":\"https:\/\/potenciaradiofonicadominicana.com\/portal\/draco-rosa-este-disco-es-un-reflejo-de-un-viaje-y-de-una-vida\/\"},\"wordCount\":1183,\"publisher\":{\"@id\":\"https:\/\/potenciaradiofonicadominicana.com\/portal\/#organization\"},\"image\":{\"@id\":\"https:\/\/potenciaradiofonicadominicana.com\/portal\/draco-rosa-este-disco-es-un-reflejo-de-un-viaje-y-de-una-vida\/#primaryimage\"},\"thumbnailUrl\":\"https:\/\/potenciaradiofonicadominicana.com\/portal\/wp-content\/uploads\/2026\/04\/draco-rosa-lanza-nuevo-disco-e5a3ad1d-focus-0.03-0.49-1200-675.png\",\"articleSection\":[\"Arte y Espectaculo\"],\"inLanguage\":\"es\"},{\"@type\":\"WebPage\",\"@id\":\"https:\/\/potenciaradiofonicadominicana.com\/portal\/draco-rosa-este-disco-es-un-reflejo-de-un-viaje-y-de-una-vida\/\",\"url\":\"https:\/\/potenciaradiofonicadominicana.com\/portal\/draco-rosa-este-disco-es-un-reflejo-de-un-viaje-y-de-una-vida\/\",\"name\":\"Draco Rosa: \\\"Este disco es un reflejo de un viaje y de una vida\\\" - PotenciaRadiofonicaDominicana.com\",\"isPartOf\":{\"@id\":\"https:\/\/potenciaradiofonicadominicana.com\/portal\/#website\"},\"primaryImageOfPage\":{\"@id\":\"https:\/\/potenciaradiofonicadominicana.com\/portal\/draco-rosa-este-disco-es-un-reflejo-de-un-viaje-y-de-una-vida\/#primaryimage\"},\"image\":{\"@id\":\"https:\/\/potenciaradiofonicadominicana.com\/portal\/draco-rosa-este-disco-es-un-reflejo-de-un-viaje-y-de-una-vida\/#primaryimage\"},\"thumbnailUrl\":\"https:\/\/potenciaradiofonicadominicana.com\/portal\/wp-content\/uploads\/2026\/04\/draco-rosa-lanza-nuevo-disco-e5a3ad1d-focus-0.03-0.49-1200-675.png\",\"datePublished\":\"2026-04-28T04:17:51+00:00\",\"breadcrumb\":{\"@id\":\"https:\/\/potenciaradiofonicadominicana.com\/portal\/draco-rosa-este-disco-es-un-reflejo-de-un-viaje-y-de-una-vida\/#breadcrumb\"},\"inLanguage\":\"es\",\"potentialAction\":[{\"@type\":\"ReadAction\",\"target\":[\"https:\/\/potenciaradiofonicadominicana.com\/portal\/draco-rosa-este-disco-es-un-reflejo-de-un-viaje-y-de-una-vida\/\"]}]},{\"@type\":\"ImageObject\",\"inLanguage\":\"es\",\"@id\":\"https:\/\/potenciaradiofonicadominicana.com\/portal\/draco-rosa-este-disco-es-un-reflejo-de-un-viaje-y-de-una-vida\/#primaryimage\",\"url\":\"https:\/\/potenciaradiofonicadominicana.com\/portal\/wp-content\/uploads\/2026\/04\/draco-rosa-lanza-nuevo-disco-e5a3ad1d-focus-0.03-0.49-1200-675.png\",\"contentUrl\":\"https:\/\/potenciaradiofonicadominicana.com\/portal\/wp-content\/uploads\/2026\/04\/draco-rosa-lanza-nuevo-disco-e5a3ad1d-focus-0.03-0.49-1200-675.png\",\"width\":1199,\"height\":675},{\"@type\":\"BreadcrumbList\",\"@id\":\"https:\/\/potenciaradiofonicadominicana.com\/portal\/draco-rosa-este-disco-es-un-reflejo-de-un-viaje-y-de-una-vida\/#breadcrumb\",\"itemListElement\":[{\"@type\":\"ListItem\",\"position\":1,\"name\":\"Portada\",\"item\":\"https:\/\/potenciaradiofonicadominicana.com\/portal\/\"},{\"@type\":\"ListItem\",\"position\":2,\"name\":\"Draco Rosa: \u00abEste disco es un reflejo de un viaje y de una vida\u00bb\"}]},{\"@type\":\"WebSite\",\"@id\":\"https:\/\/potenciaradiofonicadominicana.com\/portal\/#website\",\"url\":\"https:\/\/potenciaradiofonicadominicana.com\/portal\/\",\"name\":\"PotenciaRadiofonicaDominicana.com\",\"description\":\"Peri\u00f3dico Digital\",\"publisher\":{\"@id\":\"https:\/\/potenciaradiofonicadominicana.com\/portal\/#organization\"},\"potentialAction\":[{\"@type\":\"SearchAction\",\"target\":{\"@type\":\"EntryPoint\",\"urlTemplate\":\"https:\/\/potenciaradiofonicadominicana.com\/portal\/?s={search_term_string}\"},\"query-input\":{\"@type\":\"PropertyValueSpecification\",\"valueRequired\":true,\"valueName\":\"search_term_string\"}}],\"inLanguage\":\"es\"},{\"@type\":\"Organization\",\"@id\":\"https:\/\/potenciaradiofonicadominicana.com\/portal\/#organization\",\"name\":\"PotenciaRadiofonicaDominicana.com\",\"url\":\"https:\/\/potenciaradiofonicadominicana.com\/portal\/\",\"logo\":{\"@type\":\"ImageObject\",\"inLanguage\":\"es\",\"@id\":\"https:\/\/potenciaradiofonicadominicana.com\/portal\/#\/schema\/logo\/image\/\",\"url\":\"https:\/\/potenciaradiofonicadominicana.com\/portal\/wp-content\/uploads\/2022\/01\/descarga.png\",\"contentUrl\":\"https:\/\/potenciaradiofonicadominicana.com\/portal\/wp-content\/uploads\/2022\/01\/descarga.png\",\"width\":300,\"height\":100,\"caption\":\"PotenciaRadiofonicaDominicana.com\"},\"image\":{\"@id\":\"https:\/\/potenciaradiofonicadominicana.com\/portal\/#\/schema\/logo\/image\/\"},\"sameAs\":[\"https:\/\/web.facebook.com\/PotenciaRadiofonicaD\"]},{\"@type\":\"Person\",\"@id\":\"https:\/\/potenciaradiofonicadominicana.com\/portal\/#\/schema\/person\/a5cf1fea13877803ee0573ac18b03490\",\"name\":\"Potencia Radiof\u00f3nica Dominicana\",\"image\":{\"@type\":\"ImageObject\",\"inLanguage\":\"es\",\"@id\":\"https:\/\/potenciaradiofonicadominicana.com\/portal\/#\/schema\/person\/image\/\",\"url\":\"https:\/\/secure.gravatar.com\/avatar\/42a55ab9e8ccc656ba34cd791990602a?s=96&d=mm&r=g\",\"contentUrl\":\"https:\/\/secure.gravatar.com\/avatar\/42a55ab9e8ccc656ba34cd791990602a?s=96&d=mm&r=g\",\"caption\":\"Potencia Radiof\u00f3nica Dominicana\"},\"url\":\"https:\/\/potenciaradiofonicadominicana.com\/portal\/author\/johannyalmanzar\/\"}]}<\/script>\n<!-- \/ Yoast SEO plugin. -->","yoast_head_json":{"title":"Draco Rosa: \"Este disco es un reflejo de un viaje y de una vida\" - PotenciaRadiofonicaDominicana.com","robots":{"index":"index","follow":"follow","max-snippet":"max-snippet:-1","max-image-preview":"max-image-preview:large","max-video-preview":"max-video-preview:-1"},"canonical":"https:\/\/potenciaradiofonicadominicana.com\/portal\/draco-rosa-este-disco-es-un-reflejo-de-un-viaje-y-de-una-vida\/","og_locale":"es_ES","og_type":"article","og_title":"Draco Rosa: \"Este disco es un reflejo de un viaje y de una vida\" - PotenciaRadiofonicaDominicana.com","og_description":"El ic\u00f3nico artista\u00a0Draco Rosa\u00a0estrena\u00a0este viernes \u00abOlas de luz\u00ab, su nuevo \u00e1lbum de estudio que emerge desde lo m\u00e1s crudo del ...","og_url":"https:\/\/potenciaradiofonicadominicana.com\/portal\/draco-rosa-este-disco-es-un-reflejo-de-un-viaje-y-de-una-vida\/","og_site_name":"PotenciaRadiofonicaDominicana.com","article_publisher":"https:\/\/web.facebook.com\/PotenciaRadiofonicaD","article_published_time":"2026-04-28T04:17:51+00:00","og_image":[{"width":1199,"height":675,"url":"https:\/\/potenciaradiofonicadominicana.com\/portal\/wp-content\/uploads\/2026\/04\/draco-rosa-lanza-nuevo-disco-e5a3ad1d-focus-0.03-0.49-1200-675.png","type":"image\/png"}],"author":"Potencia Radiof\u00f3nica Dominicana","twitter_card":"summary_large_image","twitter_misc":{"Escrito por":"Potencia Radiof\u00f3nica Dominicana","Tiempo de lectura":"6 minutos"},"schema":{"@context":"https:\/\/schema.org","@graph":[{"@type":"Article","@id":"https:\/\/potenciaradiofonicadominicana.com\/portal\/draco-rosa-este-disco-es-un-reflejo-de-un-viaje-y-de-una-vida\/#article","isPartOf":{"@id":"https:\/\/potenciaradiofonicadominicana.com\/portal\/draco-rosa-este-disco-es-un-reflejo-de-un-viaje-y-de-una-vida\/"},"author":{"name":"Potencia Radiof\u00f3nica Dominicana","@id":"https:\/\/potenciaradiofonicadominicana.com\/portal\/#\/schema\/person\/a5cf1fea13877803ee0573ac18b03490"},"headline":"Draco Rosa: \u00abEste disco es un reflejo de un viaje y de una vida\u00bb","datePublished":"2026-04-28T04:17:51+00:00","mainEntityOfPage":{"@id":"https:\/\/potenciaradiofonicadominicana.com\/portal\/draco-rosa-este-disco-es-un-reflejo-de-un-viaje-y-de-una-vida\/"},"wordCount":1183,"publisher":{"@id":"https:\/\/potenciaradiofonicadominicana.com\/portal\/#organization"},"image":{"@id":"https:\/\/potenciaradiofonicadominicana.com\/portal\/draco-rosa-este-disco-es-un-reflejo-de-un-viaje-y-de-una-vida\/#primaryimage"},"thumbnailUrl":"https:\/\/potenciaradiofonicadominicana.com\/portal\/wp-content\/uploads\/2026\/04\/draco-rosa-lanza-nuevo-disco-e5a3ad1d-focus-0.03-0.49-1200-675.png","articleSection":["Arte y Espectaculo"],"inLanguage":"es"},{"@type":"WebPage","@id":"https:\/\/potenciaradiofonicadominicana.com\/portal\/draco-rosa-este-disco-es-un-reflejo-de-un-viaje-y-de-una-vida\/","url":"https:\/\/potenciaradiofonicadominicana.com\/portal\/draco-rosa-este-disco-es-un-reflejo-de-un-viaje-y-de-una-vida\/","name":"Draco Rosa: \"Este disco es un reflejo de un viaje y de una vida\" - PotenciaRadiofonicaDominicana.com","isPartOf":{"@id":"https:\/\/potenciaradiofonicadominicana.com\/portal\/#website"},"primaryImageOfPage":{"@id":"https:\/\/potenciaradiofonicadominicana.com\/portal\/draco-rosa-este-disco-es-un-reflejo-de-un-viaje-y-de-una-vida\/#primaryimage"},"image":{"@id":"https:\/\/potenciaradiofonicadominicana.com\/portal\/draco-rosa-este-disco-es-un-reflejo-de-un-viaje-y-de-una-vida\/#primaryimage"},"thumbnailUrl":"https:\/\/potenciaradiofonicadominicana.com\/portal\/wp-content\/uploads\/2026\/04\/draco-rosa-lanza-nuevo-disco-e5a3ad1d-focus-0.03-0.49-1200-675.png","datePublished":"2026-04-28T04:17:51+00:00","breadcrumb":{"@id":"https:\/\/potenciaradiofonicadominicana.com\/portal\/draco-rosa-este-disco-es-un-reflejo-de-un-viaje-y-de-una-vida\/#breadcrumb"},"inLanguage":"es","potentialAction":[{"@type":"ReadAction","target":["https:\/\/potenciaradiofonicadominicana.com\/portal\/draco-rosa-este-disco-es-un-reflejo-de-un-viaje-y-de-una-vida\/"]}]},{"@type":"ImageObject","inLanguage":"es","@id":"https:\/\/potenciaradiofonicadominicana.com\/portal\/draco-rosa-este-disco-es-un-reflejo-de-un-viaje-y-de-una-vida\/#primaryimage","url":"https:\/\/potenciaradiofonicadominicana.com\/portal\/wp-content\/uploads\/2026\/04\/draco-rosa-lanza-nuevo-disco-e5a3ad1d-focus-0.03-0.49-1200-675.png","contentUrl":"https:\/\/potenciaradiofonicadominicana.com\/portal\/wp-content\/uploads\/2026\/04\/draco-rosa-lanza-nuevo-disco-e5a3ad1d-focus-0.03-0.49-1200-675.png","width":1199,"height":675},{"@type":"BreadcrumbList","@id":"https:\/\/potenciaradiofonicadominicana.com\/portal\/draco-rosa-este-disco-es-un-reflejo-de-un-viaje-y-de-una-vida\/#breadcrumb","itemListElement":[{"@type":"ListItem","position":1,"name":"Portada","item":"https:\/\/potenciaradiofonicadominicana.com\/portal\/"},{"@type":"ListItem","position":2,"name":"Draco Rosa: \u00abEste disco es un reflejo de un viaje y de una vida\u00bb"}]},{"@type":"WebSite","@id":"https:\/\/potenciaradiofonicadominicana.com\/portal\/#website","url":"https:\/\/potenciaradiofonicadominicana.com\/portal\/","name":"PotenciaRadiofonicaDominicana.com","description":"Peri\u00f3dico Digital","publisher":{"@id":"https:\/\/potenciaradiofonicadominicana.com\/portal\/#organization"},"potentialAction":[{"@type":"SearchAction","target":{"@type":"EntryPoint","urlTemplate":"https:\/\/potenciaradiofonicadominicana.com\/portal\/?s={search_term_string}"},"query-input":{"@type":"PropertyValueSpecification","valueRequired":true,"valueName":"search_term_string"}}],"inLanguage":"es"},{"@type":"Organization","@id":"https:\/\/potenciaradiofonicadominicana.com\/portal\/#organization","name":"PotenciaRadiofonicaDominicana.com","url":"https:\/\/potenciaradiofonicadominicana.com\/portal\/","logo":{"@type":"ImageObject","inLanguage":"es","@id":"https:\/\/potenciaradiofonicadominicana.com\/portal\/#\/schema\/logo\/image\/","url":"https:\/\/potenciaradiofonicadominicana.com\/portal\/wp-content\/uploads\/2022\/01\/descarga.png","contentUrl":"https:\/\/potenciaradiofonicadominicana.com\/portal\/wp-content\/uploads\/2022\/01\/descarga.png","width":300,"height":100,"caption":"PotenciaRadiofonicaDominicana.com"},"image":{"@id":"https:\/\/potenciaradiofonicadominicana.com\/portal\/#\/schema\/logo\/image\/"},"sameAs":["https:\/\/web.facebook.com\/PotenciaRadiofonicaD"]},{"@type":"Person","@id":"https:\/\/potenciaradiofonicadominicana.com\/portal\/#\/schema\/person\/a5cf1fea13877803ee0573ac18b03490","name":"Potencia Radiof\u00f3nica Dominicana","image":{"@type":"ImageObject","inLanguage":"es","@id":"https:\/\/potenciaradiofonicadominicana.com\/portal\/#\/schema\/person\/image\/","url":"https:\/\/secure.gravatar.com\/avatar\/42a55ab9e8ccc656ba34cd791990602a?s=96&d=mm&r=g","contentUrl":"https:\/\/secure.gravatar.com\/avatar\/42a55ab9e8ccc656ba34cd791990602a?s=96&d=mm&r=g","caption":"Potencia Radiof\u00f3nica Dominicana"},"url":"https:\/\/potenciaradiofonicadominicana.com\/portal\/author\/johannyalmanzar\/"}]}},"_links":{"self":[{"href":"https:\/\/potenciaradiofonicadominicana.com\/portal\/wp-json\/wp\/v2\/posts\/216030","targetHints":{"allow":["GET"]}}],"collection":[{"href":"https:\/\/potenciaradiofonicadominicana.com\/portal\/wp-json\/wp\/v2\/posts"}],"about":[{"href":"https:\/\/potenciaradiofonicadominicana.com\/portal\/wp-json\/wp\/v2\/types\/post"}],"author":[{"embeddable":true,"href":"https:\/\/potenciaradiofonicadominicana.com\/portal\/wp-json\/wp\/v2\/users\/2"}],"replies":[{"embeddable":true,"href":"https:\/\/potenciaradiofonicadominicana.com\/portal\/wp-json\/wp\/v2\/comments?post=216030"}],"version-history":[{"count":1,"href":"https:\/\/potenciaradiofonicadominicana.com\/portal\/wp-json\/wp\/v2\/posts\/216030\/revisions"}],"predecessor-version":[{"id":216033,"href":"https:\/\/potenciaradiofonicadominicana.com\/portal\/wp-json\/wp\/v2\/posts\/216030\/revisions\/216033"}],"wp:featuredmedia":[{"embeddable":true,"href":"https:\/\/potenciaradiofonicadominicana.com\/portal\/wp-json\/wp\/v2\/media\/216032"}],"wp:attachment":[{"href":"https:\/\/potenciaradiofonicadominicana.com\/portal\/wp-json\/wp\/v2\/media?parent=216030"}],"wp:term":[{"taxonomy":"category","embeddable":true,"href":"https:\/\/potenciaradiofonicadominicana.com\/portal\/wp-json\/wp\/v2\/categories?post=216030"},{"taxonomy":"post_tag","embeddable":true,"href":"https:\/\/potenciaradiofonicadominicana.com\/portal\/wp-json\/wp\/v2\/tags?post=216030"}],"curies":[{"name":"wp","href":"https:\/\/api.w.org\/{rel}","templated":true}]}}