{"id":216023,"date":"2026-04-28T00:15:19","date_gmt":"2026-04-28T04:15:19","guid":{"rendered":"https:\/\/potenciaradiofonicadominicana.com\/portal\/?p=216023"},"modified":"2026-04-28T00:16:17","modified_gmt":"2026-04-28T04:16:17","slug":"marranzini-explica-nuevo-concepto-en-la-factura-fue-por-sugerencia-de-organismos","status":"publish","type":"post","link":"https:\/\/potenciaradiofonicadominicana.com\/portal\/marranzini-explica-nuevo-concepto-en-la-factura-fue-por-sugerencia-de-organismos\/","title":{"rendered":"Marranzini explica nuevo concepto en la factura fue por sugerencia de organismos"},"content":{"rendered":"<p><a href=\"https:\/\/potenciaradiofonicadominicana.com\/portal\/wp-content\/uploads\/2026\/04\/celso-marranzini-el-sistema-electrico-esta-estable-en-un-99-25dfdddc-focus-0-0-896-504.jpg\"><img loading=\"lazy\" decoding=\"async\" class=\"alignnone size-full wp-image-216024\" src=\"https:\/\/potenciaradiofonicadominicana.com\/portal\/wp-content\/uploads\/2026\/04\/celso-marranzini-el-sistema-electrico-esta-estable-en-un-99-25dfdddc-focus-0-0-896-504.jpg\" alt=\"\" width=\"896\" height=\"504\" srcset=\"https:\/\/potenciaradiofonicadominicana.com\/portal\/wp-content\/uploads\/2026\/04\/celso-marranzini-el-sistema-electrico-esta-estable-en-un-99-25dfdddc-focus-0-0-896-504.jpg 896w, https:\/\/potenciaradiofonicadominicana.com\/portal\/wp-content\/uploads\/2026\/04\/celso-marranzini-el-sistema-electrico-esta-estable-en-un-99-25dfdddc-focus-0-0-896-504-300x169.jpg 300w, https:\/\/potenciaradiofonicadominicana.com\/portal\/wp-content\/uploads\/2026\/04\/celso-marranzini-el-sistema-electrico-esta-estable-en-un-99-25dfdddc-focus-0-0-896-504-768x432.jpg 768w\" sizes=\"auto, (max-width: 896px) 100vw, 896px\" \/><\/a><\/p>\n<p>El presidente del Consejo Unificado de las\u00a0<strong>Empresas Distribuidoras<\/strong>\u00a0(<strong>CUED<\/strong>),\u00a0<strong>Celso Marranzini<\/strong>, explic\u00f3 este lunes que el concepto de \u00ab<strong>importe sin subsidio<\/strong>\u00bb e \u00ab<strong>importe subsidiado<\/strong>\u00ab, que fue agregado a la\u00a0<strong>factura el\u00e9ctrica<\/strong>\u00a0de los clientes de las tres compa\u00f1\u00edas, fue por sugerencia de los\u00a0<strong>organismos multilaterales<\/strong>.<\/p>\n<div class=\"my-12 component web-insert-bullet relative border bg-component\">\n<p>&nbsp;<\/p>\n<ul class=\"list-text\">\n<li>Marranzini confirm\u00f3 que se trata de una medida de transparencia para que el cliente conozca el aporte que hace el Gobierno a su factura, asegurando que este concepto se utiliza \u00aben muchos pa\u00edses\u00bb.<\/li>\n<\/ul>\n<\/div>\n<p>A partir de\u00a0<strong>marzo<\/strong>,\u00a0las\u00a0<strong>tres empresas distribuidoras<\/strong>\u00a0de electricidad (EDE) incluyeron\u00a0en el documento de pago el citado concepto, en el cual se visualiza cu\u00e1nto pagar\u00eda el usuario sin el subsidio que aporta el Estado y el balance final que debe desembolsar por el servicio brindado.<\/p>\n<p>\u00abEs una\u00a0<strong>informaci\u00f3n al cliente<\/strong>. Simplemente hicimos lo que la\u00a0<strong>banca internacional<\/strong>\u00a0ped\u00eda y yo creo que es bueno tambi\u00e9n desde el punto de que se sepa, cuando se habla del\u00a0<strong>d\u00e9ficit<\/strong>\u00a0de las distribuidoras, que hay una parte muy significativa que es un\u00a0<strong>subsidio al consumidor<\/strong>\u00ab, declar\u00f3.<\/p>\n<p>Explicaci\u00f3n d\u00e9ficit<\/p>\n<p>El funcionario precis\u00f3 que cuando se menciona el\u00a0<strong>d\u00e9ficit<\/strong>\u00a0de las\u00a0<strong>empresas distribuidoras<\/strong>\u00a0de electricidad, que ronda entre los 1,500 y 1,600 millones de d\u00f3lares, hay que restar los recursos del\u00a0<strong>Fondo de Estabilizaci\u00f3n<\/strong>\u00a0de la Tarifa El\u00e9ctrica (FETE), que asciende alrededor de los 900 millones de d\u00f3lares.<\/p>\n<p>Entre enero y febrero de 2026 el Estado destin\u00f3\u00a0<strong>151.4 millones de d\u00f3lares<\/strong>\u00a0para el FETE, 16.8 millones de d\u00f3lares adicionales a los destinados para ese concepto en igual per\u00edodo del a\u00f1o pasado. Solo durante el 2025, ese fondo consumi\u00f3 827.5 millones de d\u00f3lares de los contribuyentes, de acuerdo con los reportes del\u00a0<strong>Ministerio de Energ\u00eda y Minas<\/strong>\u00a0(MEM).<\/p>\n","protected":false},"excerpt":{"rendered":"<p>El presidente del Consejo Unificado de las\u00a0Empresas Distribuidoras\u00a0(CUED),\u00a0Celso Marranzini, explic\u00f3 este lunes que el concepto de \u00abimporte sin subsidio\u00bb e &#8230;<\/p>\n","protected":false},"author":2,"featured_media":216024,"comment_status":"closed","ping_status":"closed","sticky":false,"template":"","format":"standard","meta":{"footnotes":""},"categories":[26],"tags":[],"class_list":["post-216023","post","type-post","status-publish","format-standard","has-post-thumbnail","hentry","category-economia"],"yoast_head":"<!-- This site is optimized with the Yoast SEO plugin v24.8.1 - https:\/\/yoast.com\/wordpress\/plugins\/seo\/ -->\n<title>Marranzini explica nuevo concepto en la factura fue por sugerencia de organismos - PotenciaRadiofonicaDominicana.com<\/title>\n<meta name=\"robots\" content=\"index, follow, max-snippet:-1, max-image-preview:large, max-video-preview:-1\" \/>\n<link rel=\"canonical\" href=\"https:\/\/potenciaradiofonicadominicana.com\/portal\/marranzini-explica-nuevo-concepto-en-la-factura-fue-por-sugerencia-de-organismos\/\" \/>\n<meta property=\"og:locale\" content=\"es_ES\" \/>\n<meta property=\"og:type\" content=\"article\" \/>\n<meta property=\"og:title\" content=\"Marranzini explica nuevo concepto en la factura fue por sugerencia de organismos - PotenciaRadiofonicaDominicana.com\" \/>\n<meta property=\"og:description\" content=\"El presidente del Consejo Unificado de las\u00a0Empresas Distribuidoras\u00a0(CUED),\u00a0Celso Marranzini, explic\u00f3 este lunes que el concepto de \u00abimporte sin subsidio\u00bb e ...\" \/>\n<meta property=\"og:url\" content=\"https:\/\/potenciaradiofonicadominicana.com\/portal\/marranzini-explica-nuevo-concepto-en-la-factura-fue-por-sugerencia-de-organismos\/\" \/>\n<meta property=\"og:site_name\" content=\"PotenciaRadiofonicaDominicana.com\" \/>\n<meta property=\"article:publisher\" content=\"https:\/\/web.facebook.com\/PotenciaRadiofonicaD\" \/>\n<meta property=\"article:published_time\" content=\"2026-04-28T04:15:19+00:00\" \/>\n<meta property=\"article:modified_time\" content=\"2026-04-28T04:16:17+00:00\" \/>\n<meta property=\"og:image\" content=\"https:\/\/potenciaradiofonicadominicana.com\/portal\/wp-content\/uploads\/2026\/04\/celso-marranzini-el-sistema-electrico-esta-estable-en-un-99-25dfdddc-focus-0-0-896-504.jpg\" \/>\n\t<meta property=\"og:image:width\" content=\"896\" \/>\n\t<meta property=\"og:image:height\" content=\"504\" \/>\n\t<meta property=\"og:image:type\" content=\"image\/jpeg\" \/>\n<meta name=\"author\" content=\"Potencia Radiof\u00f3nica Dominicana\" \/>\n<meta name=\"twitter:card\" content=\"summary_large_image\" \/>\n<meta name=\"twitter:label1\" content=\"Escrito por\" \/>\n\t<meta name=\"twitter:data1\" content=\"Potencia Radiof\u00f3nica Dominicana\" \/>\n\t<meta name=\"twitter:label2\" content=\"Tiempo de lectura\" \/>\n\t<meta name=\"twitter:data2\" content=\"2 minutos\" \/>\n<script type=\"application\/ld+json\" class=\"yoast-schema-graph\">{\"@context\":\"https:\/\/schema.org\",\"@graph\":[{\"@type\":\"Article\",\"@id\":\"https:\/\/potenciaradiofonicadominicana.com\/portal\/marranzini-explica-nuevo-concepto-en-la-factura-fue-por-sugerencia-de-organismos\/#article\",\"isPartOf\":{\"@id\":\"https:\/\/potenciaradiofonicadominicana.com\/portal\/marranzini-explica-nuevo-concepto-en-la-factura-fue-por-sugerencia-de-organismos\/\"},\"author\":{\"name\":\"Potencia Radiof\u00f3nica Dominicana\",\"@id\":\"https:\/\/potenciaradiofonicadominicana.com\/portal\/#\/schema\/person\/a5cf1fea13877803ee0573ac18b03490\"},\"headline\":\"Marranzini explica nuevo concepto en la factura fue por sugerencia de organismos\",\"datePublished\":\"2026-04-28T04:15:19+00:00\",\"dateModified\":\"2026-04-28T04:16:17+00:00\",\"mainEntityOfPage\":{\"@id\":\"https:\/\/potenciaradiofonicadominicana.com\/portal\/marranzini-explica-nuevo-concepto-en-la-factura-fue-por-sugerencia-de-organismos\/\"},\"wordCount\":310,\"publisher\":{\"@id\":\"https:\/\/potenciaradiofonicadominicana.com\/portal\/#organization\"},\"image\":{\"@id\":\"https:\/\/potenciaradiofonicadominicana.com\/portal\/marranzini-explica-nuevo-concepto-en-la-factura-fue-por-sugerencia-de-organismos\/#primaryimage\"},\"thumbnailUrl\":\"https:\/\/potenciaradiofonicadominicana.com\/portal\/wp-content\/uploads\/2026\/04\/celso-marranzini-el-sistema-electrico-esta-estable-en-un-99-25dfdddc-focus-0-0-896-504.jpg\",\"articleSection\":[\"Econom\u00eda\"],\"inLanguage\":\"es\"},{\"@type\":\"WebPage\",\"@id\":\"https:\/\/potenciaradiofonicadominicana.com\/portal\/marranzini-explica-nuevo-concepto-en-la-factura-fue-por-sugerencia-de-organismos\/\",\"url\":\"https:\/\/potenciaradiofonicadominicana.com\/portal\/marranzini-explica-nuevo-concepto-en-la-factura-fue-por-sugerencia-de-organismos\/\",\"name\":\"Marranzini explica nuevo concepto en la factura fue por sugerencia de organismos - PotenciaRadiofonicaDominicana.com\",\"isPartOf\":{\"@id\":\"https:\/\/potenciaradiofonicadominicana.com\/portal\/#website\"},\"primaryImageOfPage\":{\"@id\":\"https:\/\/potenciaradiofonicadominicana.com\/portal\/marranzini-explica-nuevo-concepto-en-la-factura-fue-por-sugerencia-de-organismos\/#primaryimage\"},\"image\":{\"@id\":\"https:\/\/potenciaradiofonicadominicana.com\/portal\/marranzini-explica-nuevo-concepto-en-la-factura-fue-por-sugerencia-de-organismos\/#primaryimage\"},\"thumbnailUrl\":\"https:\/\/potenciaradiofonicadominicana.com\/portal\/wp-content\/uploads\/2026\/04\/celso-marranzini-el-sistema-electrico-esta-estable-en-un-99-25dfdddc-focus-0-0-896-504.jpg\",\"datePublished\":\"2026-04-28T04:15:19+00:00\",\"dateModified\":\"2026-04-28T04:16:17+00:00\",\"breadcrumb\":{\"@id\":\"https:\/\/potenciaradiofonicadominicana.com\/portal\/marranzini-explica-nuevo-concepto-en-la-factura-fue-por-sugerencia-de-organismos\/#breadcrumb\"},\"inLanguage\":\"es\",\"potentialAction\":[{\"@type\":\"ReadAction\",\"target\":[\"https:\/\/potenciaradiofonicadominicana.com\/portal\/marranzini-explica-nuevo-concepto-en-la-factura-fue-por-sugerencia-de-organismos\/\"]}]},{\"@type\":\"ImageObject\",\"inLanguage\":\"es\",\"@id\":\"https:\/\/potenciaradiofonicadominicana.com\/portal\/marranzini-explica-nuevo-concepto-en-la-factura-fue-por-sugerencia-de-organismos\/#primaryimage\",\"url\":\"https:\/\/potenciaradiofonicadominicana.com\/portal\/wp-content\/uploads\/2026\/04\/celso-marranzini-el-sistema-electrico-esta-estable-en-un-99-25dfdddc-focus-0-0-896-504.jpg\",\"contentUrl\":\"https:\/\/potenciaradiofonicadominicana.com\/portal\/wp-content\/uploads\/2026\/04\/celso-marranzini-el-sistema-electrico-esta-estable-en-un-99-25dfdddc-focus-0-0-896-504.jpg\",\"width\":896,\"height\":504},{\"@type\":\"BreadcrumbList\",\"@id\":\"https:\/\/potenciaradiofonicadominicana.com\/portal\/marranzini-explica-nuevo-concepto-en-la-factura-fue-por-sugerencia-de-organismos\/#breadcrumb\",\"itemListElement\":[{\"@type\":\"ListItem\",\"position\":1,\"name\":\"Portada\",\"item\":\"https:\/\/potenciaradiofonicadominicana.com\/portal\/\"},{\"@type\":\"ListItem\",\"position\":2,\"name\":\"Marranzini explica nuevo concepto en la factura fue por sugerencia de organismos\"}]},{\"@type\":\"WebSite\",\"@id\":\"https:\/\/potenciaradiofonicadominicana.com\/portal\/#website\",\"url\":\"https:\/\/potenciaradiofonicadominicana.com\/portal\/\",\"name\":\"PotenciaRadiofonicaDominicana.com\",\"description\":\"Peri\u00f3dico Digital\",\"publisher\":{\"@id\":\"https:\/\/potenciaradiofonicadominicana.com\/portal\/#organization\"},\"potentialAction\":[{\"@type\":\"SearchAction\",\"target\":{\"@type\":\"EntryPoint\",\"urlTemplate\":\"https:\/\/potenciaradiofonicadominicana.com\/portal\/?s={search_term_string}\"},\"query-input\":{\"@type\":\"PropertyValueSpecification\",\"valueRequired\":true,\"valueName\":\"search_term_string\"}}],\"inLanguage\":\"es\"},{\"@type\":\"Organization\",\"@id\":\"https:\/\/potenciaradiofonicadominicana.com\/portal\/#organization\",\"name\":\"PotenciaRadiofonicaDominicana.com\",\"url\":\"https:\/\/potenciaradiofonicadominicana.com\/portal\/\",\"logo\":{\"@type\":\"ImageObject\",\"inLanguage\":\"es\",\"@id\":\"https:\/\/potenciaradiofonicadominicana.com\/portal\/#\/schema\/logo\/image\/\",\"url\":\"https:\/\/potenciaradiofonicadominicana.com\/portal\/wp-content\/uploads\/2022\/01\/descarga.png\",\"contentUrl\":\"https:\/\/potenciaradiofonicadominicana.com\/portal\/wp-content\/uploads\/2022\/01\/descarga.png\",\"width\":300,\"height\":100,\"caption\":\"PotenciaRadiofonicaDominicana.com\"},\"image\":{\"@id\":\"https:\/\/potenciaradiofonicadominicana.com\/portal\/#\/schema\/logo\/image\/\"},\"sameAs\":[\"https:\/\/web.facebook.com\/PotenciaRadiofonicaD\"]},{\"@type\":\"Person\",\"@id\":\"https:\/\/potenciaradiofonicadominicana.com\/portal\/#\/schema\/person\/a5cf1fea13877803ee0573ac18b03490\",\"name\":\"Potencia Radiof\u00f3nica Dominicana\",\"image\":{\"@type\":\"ImageObject\",\"inLanguage\":\"es\",\"@id\":\"https:\/\/potenciaradiofonicadominicana.com\/portal\/#\/schema\/person\/image\/\",\"url\":\"https:\/\/secure.gravatar.com\/avatar\/42a55ab9e8ccc656ba34cd791990602a?s=96&d=mm&r=g\",\"contentUrl\":\"https:\/\/secure.gravatar.com\/avatar\/42a55ab9e8ccc656ba34cd791990602a?s=96&d=mm&r=g\",\"caption\":\"Potencia Radiof\u00f3nica Dominicana\"},\"url\":\"https:\/\/potenciaradiofonicadominicana.com\/portal\/author\/johannyalmanzar\/\"}]}<\/script>\n<!-- \/ Yoast SEO plugin. -->","yoast_head_json":{"title":"Marranzini explica nuevo concepto en la factura fue por sugerencia de organismos - PotenciaRadiofonicaDominicana.com","robots":{"index":"index","follow":"follow","max-snippet":"max-snippet:-1","max-image-preview":"max-image-preview:large","max-video-preview":"max-video-preview:-1"},"canonical":"https:\/\/potenciaradiofonicadominicana.com\/portal\/marranzini-explica-nuevo-concepto-en-la-factura-fue-por-sugerencia-de-organismos\/","og_locale":"es_ES","og_type":"article","og_title":"Marranzini explica nuevo concepto en la factura fue por sugerencia de organismos - PotenciaRadiofonicaDominicana.com","og_description":"El presidente del Consejo Unificado de las\u00a0Empresas Distribuidoras\u00a0(CUED),\u00a0Celso Marranzini, explic\u00f3 este lunes que el concepto de \u00abimporte sin subsidio\u00bb e ...","og_url":"https:\/\/potenciaradiofonicadominicana.com\/portal\/marranzini-explica-nuevo-concepto-en-la-factura-fue-por-sugerencia-de-organismos\/","og_site_name":"PotenciaRadiofonicaDominicana.com","article_publisher":"https:\/\/web.facebook.com\/PotenciaRadiofonicaD","article_published_time":"2026-04-28T04:15:19+00:00","article_modified_time":"2026-04-28T04:16:17+00:00","og_image":[{"width":896,"height":504,"url":"https:\/\/potenciaradiofonicadominicana.com\/portal\/wp-content\/uploads\/2026\/04\/celso-marranzini-el-sistema-electrico-esta-estable-en-un-99-25dfdddc-focus-0-0-896-504.jpg","type":"image\/jpeg"}],"author":"Potencia Radiof\u00f3nica Dominicana","twitter_card":"summary_large_image","twitter_misc":{"Escrito por":"Potencia Radiof\u00f3nica Dominicana","Tiempo de lectura":"2 minutos"},"schema":{"@context":"https:\/\/schema.org","@graph":[{"@type":"Article","@id":"https:\/\/potenciaradiofonicadominicana.com\/portal\/marranzini-explica-nuevo-concepto-en-la-factura-fue-por-sugerencia-de-organismos\/#article","isPartOf":{"@id":"https:\/\/potenciaradiofonicadominicana.com\/portal\/marranzini-explica-nuevo-concepto-en-la-factura-fue-por-sugerencia-de-organismos\/"},"author":{"name":"Potencia Radiof\u00f3nica Dominicana","@id":"https:\/\/potenciaradiofonicadominicana.com\/portal\/#\/schema\/person\/a5cf1fea13877803ee0573ac18b03490"},"headline":"Marranzini explica nuevo concepto en la factura fue por sugerencia de organismos","datePublished":"2026-04-28T04:15:19+00:00","dateModified":"2026-04-28T04:16:17+00:00","mainEntityOfPage":{"@id":"https:\/\/potenciaradiofonicadominicana.com\/portal\/marranzini-explica-nuevo-concepto-en-la-factura-fue-por-sugerencia-de-organismos\/"},"wordCount":310,"publisher":{"@id":"https:\/\/potenciaradiofonicadominicana.com\/portal\/#organization"},"image":{"@id":"https:\/\/potenciaradiofonicadominicana.com\/portal\/marranzini-explica-nuevo-concepto-en-la-factura-fue-por-sugerencia-de-organismos\/#primaryimage"},"thumbnailUrl":"https:\/\/potenciaradiofonicadominicana.com\/portal\/wp-content\/uploads\/2026\/04\/celso-marranzini-el-sistema-electrico-esta-estable-en-un-99-25dfdddc-focus-0-0-896-504.jpg","articleSection":["Econom\u00eda"],"inLanguage":"es"},{"@type":"WebPage","@id":"https:\/\/potenciaradiofonicadominicana.com\/portal\/marranzini-explica-nuevo-concepto-en-la-factura-fue-por-sugerencia-de-organismos\/","url":"https:\/\/potenciaradiofonicadominicana.com\/portal\/marranzini-explica-nuevo-concepto-en-la-factura-fue-por-sugerencia-de-organismos\/","name":"Marranzini explica nuevo concepto en la factura fue por sugerencia de organismos - PotenciaRadiofonicaDominicana.com","isPartOf":{"@id":"https:\/\/potenciaradiofonicadominicana.com\/portal\/#website"},"primaryImageOfPage":{"@id":"https:\/\/potenciaradiofonicadominicana.com\/portal\/marranzini-explica-nuevo-concepto-en-la-factura-fue-por-sugerencia-de-organismos\/#primaryimage"},"image":{"@id":"https:\/\/potenciaradiofonicadominicana.com\/portal\/marranzini-explica-nuevo-concepto-en-la-factura-fue-por-sugerencia-de-organismos\/#primaryimage"},"thumbnailUrl":"https:\/\/potenciaradiofonicadominicana.com\/portal\/wp-content\/uploads\/2026\/04\/celso-marranzini-el-sistema-electrico-esta-estable-en-un-99-25dfdddc-focus-0-0-896-504.jpg","datePublished":"2026-04-28T04:15:19+00:00","dateModified":"2026-04-28T04:16:17+00:00","breadcrumb":{"@id":"https:\/\/potenciaradiofonicadominicana.com\/portal\/marranzini-explica-nuevo-concepto-en-la-factura-fue-por-sugerencia-de-organismos\/#breadcrumb"},"inLanguage":"es","potentialAction":[{"@type":"ReadAction","target":["https:\/\/potenciaradiofonicadominicana.com\/portal\/marranzini-explica-nuevo-concepto-en-la-factura-fue-por-sugerencia-de-organismos\/"]}]},{"@type":"ImageObject","inLanguage":"es","@id":"https:\/\/potenciaradiofonicadominicana.com\/portal\/marranzini-explica-nuevo-concepto-en-la-factura-fue-por-sugerencia-de-organismos\/#primaryimage","url":"https:\/\/potenciaradiofonicadominicana.com\/portal\/wp-content\/uploads\/2026\/04\/celso-marranzini-el-sistema-electrico-esta-estable-en-un-99-25dfdddc-focus-0-0-896-504.jpg","contentUrl":"https:\/\/potenciaradiofonicadominicana.com\/portal\/wp-content\/uploads\/2026\/04\/celso-marranzini-el-sistema-electrico-esta-estable-en-un-99-25dfdddc-focus-0-0-896-504.jpg","width":896,"height":504},{"@type":"BreadcrumbList","@id":"https:\/\/potenciaradiofonicadominicana.com\/portal\/marranzini-explica-nuevo-concepto-en-la-factura-fue-por-sugerencia-de-organismos\/#breadcrumb","itemListElement":[{"@type":"ListItem","position":1,"name":"Portada","item":"https:\/\/potenciaradiofonicadominicana.com\/portal\/"},{"@type":"ListItem","position":2,"name":"Marranzini explica nuevo concepto en la factura fue por sugerencia de organismos"}]},{"@type":"WebSite","@id":"https:\/\/potenciaradiofonicadominicana.com\/portal\/#website","url":"https:\/\/potenciaradiofonicadominicana.com\/portal\/","name":"PotenciaRadiofonicaDominicana.com","description":"Peri\u00f3dico Digital","publisher":{"@id":"https:\/\/potenciaradiofonicadominicana.com\/portal\/#organization"},"potentialAction":[{"@type":"SearchAction","target":{"@type":"EntryPoint","urlTemplate":"https:\/\/potenciaradiofonicadominicana.com\/portal\/?s={search_term_string}"},"query-input":{"@type":"PropertyValueSpecification","valueRequired":true,"valueName":"search_term_string"}}],"inLanguage":"es"},{"@type":"Organization","@id":"https:\/\/potenciaradiofonicadominicana.com\/portal\/#organization","name":"PotenciaRadiofonicaDominicana.com","url":"https:\/\/potenciaradiofonicadominicana.com\/portal\/","logo":{"@type":"ImageObject","inLanguage":"es","@id":"https:\/\/potenciaradiofonicadominicana.com\/portal\/#\/schema\/logo\/image\/","url":"https:\/\/potenciaradiofonicadominicana.com\/portal\/wp-content\/uploads\/2022\/01\/descarga.png","contentUrl":"https:\/\/potenciaradiofonicadominicana.com\/portal\/wp-content\/uploads\/2022\/01\/descarga.png","width":300,"height":100,"caption":"PotenciaRadiofonicaDominicana.com"},"image":{"@id":"https:\/\/potenciaradiofonicadominicana.com\/portal\/#\/schema\/logo\/image\/"},"sameAs":["https:\/\/web.facebook.com\/PotenciaRadiofonicaD"]},{"@type":"Person","@id":"https:\/\/potenciaradiofonicadominicana.com\/portal\/#\/schema\/person\/a5cf1fea13877803ee0573ac18b03490","name":"Potencia Radiof\u00f3nica Dominicana","image":{"@type":"ImageObject","inLanguage":"es","@id":"https:\/\/potenciaradiofonicadominicana.com\/portal\/#\/schema\/person\/image\/","url":"https:\/\/secure.gravatar.com\/avatar\/42a55ab9e8ccc656ba34cd791990602a?s=96&d=mm&r=g","contentUrl":"https:\/\/secure.gravatar.com\/avatar\/42a55ab9e8ccc656ba34cd791990602a?s=96&d=mm&r=g","caption":"Potencia Radiof\u00f3nica Dominicana"},"url":"https:\/\/potenciaradiofonicadominicana.com\/portal\/author\/johannyalmanzar\/"}]}},"_links":{"self":[{"href":"https:\/\/potenciaradiofonicadominicana.com\/portal\/wp-json\/wp\/v2\/posts\/216023","targetHints":{"allow":["GET"]}}],"collection":[{"href":"https:\/\/potenciaradiofonicadominicana.com\/portal\/wp-json\/wp\/v2\/posts"}],"about":[{"href":"https:\/\/potenciaradiofonicadominicana.com\/portal\/wp-json\/wp\/v2\/types\/post"}],"author":[{"embeddable":true,"href":"https:\/\/potenciaradiofonicadominicana.com\/portal\/wp-json\/wp\/v2\/users\/2"}],"replies":[{"embeddable":true,"href":"https:\/\/potenciaradiofonicadominicana.com\/portal\/wp-json\/wp\/v2\/comments?post=216023"}],"version-history":[{"count":2,"href":"https:\/\/potenciaradiofonicadominicana.com\/portal\/wp-json\/wp\/v2\/posts\/216023\/revisions"}],"predecessor-version":[{"id":216028,"href":"https:\/\/potenciaradiofonicadominicana.com\/portal\/wp-json\/wp\/v2\/posts\/216023\/revisions\/216028"}],"wp:featuredmedia":[{"embeddable":true,"href":"https:\/\/potenciaradiofonicadominicana.com\/portal\/wp-json\/wp\/v2\/media\/216024"}],"wp:attachment":[{"href":"https:\/\/potenciaradiofonicadominicana.com\/portal\/wp-json\/wp\/v2\/media?parent=216023"}],"wp:term":[{"taxonomy":"category","embeddable":true,"href":"https:\/\/potenciaradiofonicadominicana.com\/portal\/wp-json\/wp\/v2\/categories?post=216023"},{"taxonomy":"post_tag","embeddable":true,"href":"https:\/\/potenciaradiofonicadominicana.com\/portal\/wp-json\/wp\/v2\/tags?post=216023"}],"curies":[{"name":"wp","href":"https:\/\/api.w.org\/{rel}","templated":true}]}}