{"id":216021,"date":"2026-04-28T00:15:23","date_gmt":"2026-04-28T04:15:23","guid":{"rendered":"https:\/\/potenciaradiofonicadominicana.com\/portal\/?p=216021"},"modified":"2026-04-28T00:15:23","modified_gmt":"2026-04-28T04:15:23","slug":"anthony-santos-regresa-a-su-tierra-con-gran-concierto-en-la-linea-noroeste","status":"publish","type":"post","link":"https:\/\/potenciaradiofonicadominicana.com\/portal\/anthony-santos-regresa-a-su-tierra-con-gran-concierto-en-la-linea-noroeste\/","title":{"rendered":"Anthony Santos regresa a su tierra con gran concierto en la L\u00ednea Noroeste"},"content":{"rendered":"<p><a href=\"https:\/\/potenciaradiofonicadominicana.com\/portal\/wp-content\/uploads\/2026\/04\/2afc57fe3b369ea1b818b86a6119a0e0da409b4c.jpg\"><img loading=\"lazy\" decoding=\"async\" class=\"alignnone size-full wp-image-216025\" src=\"https:\/\/potenciaradiofonicadominicana.com\/portal\/wp-content\/uploads\/2026\/04\/2afc57fe3b369ea1b818b86a6119a0e0da409b4c.jpg\" alt=\"\" width=\"1000\" height=\"749\" srcset=\"https:\/\/potenciaradiofonicadominicana.com\/portal\/wp-content\/uploads\/2026\/04\/2afc57fe3b369ea1b818b86a6119a0e0da409b4c.jpg 1000w, https:\/\/potenciaradiofonicadominicana.com\/portal\/wp-content\/uploads\/2026\/04\/2afc57fe3b369ea1b818b86a6119a0e0da409b4c-300x225.jpg 300w, https:\/\/potenciaradiofonicadominicana.com\/portal\/wp-content\/uploads\/2026\/04\/2afc57fe3b369ea1b818b86a6119a0e0da409b4c-768x575.jpg 768w, https:\/\/potenciaradiofonicadominicana.com\/portal\/wp-content\/uploads\/2026\/04\/2afc57fe3b369ea1b818b86a6119a0e0da409b4c-600x448.jpg 600w\" sizes=\"auto, (max-width: 1000px) 100vw, 1000px\" \/><\/a><\/p>\n<p>El \u00edcono mundial de la bachata, Anthony Santos, se prepara para reencontrarse con su gente en lo que promete ser el evento art\u00edstico m\u00e1s importante del a\u00f1o en la L\u00ednea Noroeste.<\/p>\n<p>Bajo la producci\u00f3n de Randy Music Entertainment y la presentaci\u00f3n de Armin Cruz, \u201cEl Mayimbe de la Bachata\u201d subir\u00e1 al escenario de la Explanada Puntual Club el pr\u00f3ximo s\u00e1bado 2 de mayo, con el patrocinio de BanReservas.<\/p>\n<p>El concierto se enmarca dentro de las tradicionales Fiestas Patronales La Sant\u00edsima Cruz, de las Matas de Santa Cruz, en Montecristi, aprovechando el feriado del fin de semana largo para atraer a miles de seguidores de todo el pa\u00eds y del extranjero hacia la tierra natal del artista.<\/p>\n<p>\u201cPresentar a Anthony Santos en su casa siempre es una experiencia inolvidable. No es solo un concierto, es un sentimiento que une a todo un pueblo\u201d, expres\u00f3 la organizaci\u00f3n del evento.<\/p>\n<p>Anthony Santos ofrecer\u00e1 un recorrido por su extenso repertorio de \u00e9xitos, garantizando una noche cargada de amargue y alegr\u00eda. Debido a la alta demanda, los organizadores recomiendan al p\u00fablico asegurar sus reservaciones con antelaci\u00f3n.<\/p>\n","protected":false},"excerpt":{"rendered":"<p>El \u00edcono mundial de la bachata, Anthony Santos, se prepara para reencontrarse con su gente en lo que promete ser &#8230;<\/p>\n","protected":false},"author":2,"featured_media":216025,"comment_status":"closed","ping_status":"closed","sticky":false,"template":"","format":"standard","meta":{"footnotes":""},"categories":[31],"tags":[],"class_list":["post-216021","post","type-post","status-publish","format-standard","has-post-thumbnail","hentry","category-arte-y-espectaculo"],"yoast_head":"<!-- This site is optimized with the Yoast SEO plugin v24.8.1 - https:\/\/yoast.com\/wordpress\/plugins\/seo\/ -->\n<title>Anthony Santos regresa a su tierra con gran concierto en la L\u00ednea Noroeste - PotenciaRadiofonicaDominicana.com<\/title>\n<meta name=\"robots\" content=\"index, follow, max-snippet:-1, max-image-preview:large, max-video-preview:-1\" \/>\n<link rel=\"canonical\" href=\"https:\/\/potenciaradiofonicadominicana.com\/portal\/anthony-santos-regresa-a-su-tierra-con-gran-concierto-en-la-linea-noroeste\/\" \/>\n<meta property=\"og:locale\" content=\"es_ES\" \/>\n<meta property=\"og:type\" content=\"article\" \/>\n<meta property=\"og:title\" content=\"Anthony Santos regresa a su tierra con gran concierto en la L\u00ednea Noroeste - PotenciaRadiofonicaDominicana.com\" \/>\n<meta property=\"og:description\" content=\"El \u00edcono mundial de la bachata, Anthony Santos, se prepara para reencontrarse con su gente en lo que promete ser ...\" \/>\n<meta property=\"og:url\" content=\"https:\/\/potenciaradiofonicadominicana.com\/portal\/anthony-santos-regresa-a-su-tierra-con-gran-concierto-en-la-linea-noroeste\/\" \/>\n<meta property=\"og:site_name\" content=\"PotenciaRadiofonicaDominicana.com\" \/>\n<meta property=\"article:publisher\" content=\"https:\/\/web.facebook.com\/PotenciaRadiofonicaD\" \/>\n<meta property=\"article:published_time\" content=\"2026-04-28T04:15:23+00:00\" \/>\n<meta property=\"og:image\" content=\"https:\/\/potenciaradiofonicadominicana.com\/portal\/wp-content\/uploads\/2026\/04\/2afc57fe3b369ea1b818b86a6119a0e0da409b4c.jpg\" \/>\n\t<meta property=\"og:image:width\" content=\"1000\" \/>\n\t<meta property=\"og:image:height\" content=\"749\" \/>\n\t<meta property=\"og:image:type\" content=\"image\/jpeg\" \/>\n<meta name=\"author\" content=\"Potencia Radiof\u00f3nica Dominicana\" \/>\n<meta name=\"twitter:card\" content=\"summary_large_image\" \/>\n<meta name=\"twitter:label1\" content=\"Escrito por\" \/>\n\t<meta name=\"twitter:data1\" content=\"Potencia Radiof\u00f3nica Dominicana\" \/>\n\t<meta name=\"twitter:label2\" content=\"Tiempo de lectura\" \/>\n\t<meta name=\"twitter:data2\" content=\"2 minutos\" \/>\n<script type=\"application\/ld+json\" class=\"yoast-schema-graph\">{\"@context\":\"https:\/\/schema.org\",\"@graph\":[{\"@type\":\"Article\",\"@id\":\"https:\/\/potenciaradiofonicadominicana.com\/portal\/anthony-santos-regresa-a-su-tierra-con-gran-concierto-en-la-linea-noroeste\/#article\",\"isPartOf\":{\"@id\":\"https:\/\/potenciaradiofonicadominicana.com\/portal\/anthony-santos-regresa-a-su-tierra-con-gran-concierto-en-la-linea-noroeste\/\"},\"author\":{\"name\":\"Potencia Radiof\u00f3nica Dominicana\",\"@id\":\"https:\/\/potenciaradiofonicadominicana.com\/portal\/#\/schema\/person\/a5cf1fea13877803ee0573ac18b03490\"},\"headline\":\"Anthony Santos regresa a su tierra con gran concierto en la L\u00ednea Noroeste\",\"datePublished\":\"2026-04-28T04:15:23+00:00\",\"mainEntityOfPage\":{\"@id\":\"https:\/\/potenciaradiofonicadominicana.com\/portal\/anthony-santos-regresa-a-su-tierra-con-gran-concierto-en-la-linea-noroeste\/\"},\"wordCount\":208,\"publisher\":{\"@id\":\"https:\/\/potenciaradiofonicadominicana.com\/portal\/#organization\"},\"image\":{\"@id\":\"https:\/\/potenciaradiofonicadominicana.com\/portal\/anthony-santos-regresa-a-su-tierra-con-gran-concierto-en-la-linea-noroeste\/#primaryimage\"},\"thumbnailUrl\":\"https:\/\/potenciaradiofonicadominicana.com\/portal\/wp-content\/uploads\/2026\/04\/2afc57fe3b369ea1b818b86a6119a0e0da409b4c.jpg\",\"articleSection\":[\"Arte y Espectaculo\"],\"inLanguage\":\"es\"},{\"@type\":\"WebPage\",\"@id\":\"https:\/\/potenciaradiofonicadominicana.com\/portal\/anthony-santos-regresa-a-su-tierra-con-gran-concierto-en-la-linea-noroeste\/\",\"url\":\"https:\/\/potenciaradiofonicadominicana.com\/portal\/anthony-santos-regresa-a-su-tierra-con-gran-concierto-en-la-linea-noroeste\/\",\"name\":\"Anthony Santos regresa a su tierra con gran concierto en la L\u00ednea Noroeste - PotenciaRadiofonicaDominicana.com\",\"isPartOf\":{\"@id\":\"https:\/\/potenciaradiofonicadominicana.com\/portal\/#website\"},\"primaryImageOfPage\":{\"@id\":\"https:\/\/potenciaradiofonicadominicana.com\/portal\/anthony-santos-regresa-a-su-tierra-con-gran-concierto-en-la-linea-noroeste\/#primaryimage\"},\"image\":{\"@id\":\"https:\/\/potenciaradiofonicadominicana.com\/portal\/anthony-santos-regresa-a-su-tierra-con-gran-concierto-en-la-linea-noroeste\/#primaryimage\"},\"thumbnailUrl\":\"https:\/\/potenciaradiofonicadominicana.com\/portal\/wp-content\/uploads\/2026\/04\/2afc57fe3b369ea1b818b86a6119a0e0da409b4c.jpg\",\"datePublished\":\"2026-04-28T04:15:23+00:00\",\"breadcrumb\":{\"@id\":\"https:\/\/potenciaradiofonicadominicana.com\/portal\/anthony-santos-regresa-a-su-tierra-con-gran-concierto-en-la-linea-noroeste\/#breadcrumb\"},\"inLanguage\":\"es\",\"potentialAction\":[{\"@type\":\"ReadAction\",\"target\":[\"https:\/\/potenciaradiofonicadominicana.com\/portal\/anthony-santos-regresa-a-su-tierra-con-gran-concierto-en-la-linea-noroeste\/\"]}]},{\"@type\":\"ImageObject\",\"inLanguage\":\"es\",\"@id\":\"https:\/\/potenciaradiofonicadominicana.com\/portal\/anthony-santos-regresa-a-su-tierra-con-gran-concierto-en-la-linea-noroeste\/#primaryimage\",\"url\":\"https:\/\/potenciaradiofonicadominicana.com\/portal\/wp-content\/uploads\/2026\/04\/2afc57fe3b369ea1b818b86a6119a0e0da409b4c.jpg\",\"contentUrl\":\"https:\/\/potenciaradiofonicadominicana.com\/portal\/wp-content\/uploads\/2026\/04\/2afc57fe3b369ea1b818b86a6119a0e0da409b4c.jpg\",\"width\":1000,\"height\":749},{\"@type\":\"BreadcrumbList\",\"@id\":\"https:\/\/potenciaradiofonicadominicana.com\/portal\/anthony-santos-regresa-a-su-tierra-con-gran-concierto-en-la-linea-noroeste\/#breadcrumb\",\"itemListElement\":[{\"@type\":\"ListItem\",\"position\":1,\"name\":\"Portada\",\"item\":\"https:\/\/potenciaradiofonicadominicana.com\/portal\/\"},{\"@type\":\"ListItem\",\"position\":2,\"name\":\"Anthony Santos regresa a su tierra con gran concierto en la L\u00ednea Noroeste\"}]},{\"@type\":\"WebSite\",\"@id\":\"https:\/\/potenciaradiofonicadominicana.com\/portal\/#website\",\"url\":\"https:\/\/potenciaradiofonicadominicana.com\/portal\/\",\"name\":\"PotenciaRadiofonicaDominicana.com\",\"description\":\"Peri\u00f3dico Digital\",\"publisher\":{\"@id\":\"https:\/\/potenciaradiofonicadominicana.com\/portal\/#organization\"},\"potentialAction\":[{\"@type\":\"SearchAction\",\"target\":{\"@type\":\"EntryPoint\",\"urlTemplate\":\"https:\/\/potenciaradiofonicadominicana.com\/portal\/?s={search_term_string}\"},\"query-input\":{\"@type\":\"PropertyValueSpecification\",\"valueRequired\":true,\"valueName\":\"search_term_string\"}}],\"inLanguage\":\"es\"},{\"@type\":\"Organization\",\"@id\":\"https:\/\/potenciaradiofonicadominicana.com\/portal\/#organization\",\"name\":\"PotenciaRadiofonicaDominicana.com\",\"url\":\"https:\/\/potenciaradiofonicadominicana.com\/portal\/\",\"logo\":{\"@type\":\"ImageObject\",\"inLanguage\":\"es\",\"@id\":\"https:\/\/potenciaradiofonicadominicana.com\/portal\/#\/schema\/logo\/image\/\",\"url\":\"https:\/\/potenciaradiofonicadominicana.com\/portal\/wp-content\/uploads\/2022\/01\/descarga.png\",\"contentUrl\":\"https:\/\/potenciaradiofonicadominicana.com\/portal\/wp-content\/uploads\/2022\/01\/descarga.png\",\"width\":300,\"height\":100,\"caption\":\"PotenciaRadiofonicaDominicana.com\"},\"image\":{\"@id\":\"https:\/\/potenciaradiofonicadominicana.com\/portal\/#\/schema\/logo\/image\/\"},\"sameAs\":[\"https:\/\/web.facebook.com\/PotenciaRadiofonicaD\"]},{\"@type\":\"Person\",\"@id\":\"https:\/\/potenciaradiofonicadominicana.com\/portal\/#\/schema\/person\/a5cf1fea13877803ee0573ac18b03490\",\"name\":\"Potencia Radiof\u00f3nica Dominicana\",\"image\":{\"@type\":\"ImageObject\",\"inLanguage\":\"es\",\"@id\":\"https:\/\/potenciaradiofonicadominicana.com\/portal\/#\/schema\/person\/image\/\",\"url\":\"https:\/\/secure.gravatar.com\/avatar\/42a55ab9e8ccc656ba34cd791990602a?s=96&d=mm&r=g\",\"contentUrl\":\"https:\/\/secure.gravatar.com\/avatar\/42a55ab9e8ccc656ba34cd791990602a?s=96&d=mm&r=g\",\"caption\":\"Potencia Radiof\u00f3nica Dominicana\"},\"url\":\"https:\/\/potenciaradiofonicadominicana.com\/portal\/author\/johannyalmanzar\/\"}]}<\/script>\n<!-- \/ Yoast SEO plugin. -->","yoast_head_json":{"title":"Anthony Santos regresa a su tierra con gran concierto en la L\u00ednea Noroeste - PotenciaRadiofonicaDominicana.com","robots":{"index":"index","follow":"follow","max-snippet":"max-snippet:-1","max-image-preview":"max-image-preview:large","max-video-preview":"max-video-preview:-1"},"canonical":"https:\/\/potenciaradiofonicadominicana.com\/portal\/anthony-santos-regresa-a-su-tierra-con-gran-concierto-en-la-linea-noroeste\/","og_locale":"es_ES","og_type":"article","og_title":"Anthony Santos regresa a su tierra con gran concierto en la L\u00ednea Noroeste - PotenciaRadiofonicaDominicana.com","og_description":"El \u00edcono mundial de la bachata, Anthony Santos, se prepara para reencontrarse con su gente en lo que promete ser ...","og_url":"https:\/\/potenciaradiofonicadominicana.com\/portal\/anthony-santos-regresa-a-su-tierra-con-gran-concierto-en-la-linea-noroeste\/","og_site_name":"PotenciaRadiofonicaDominicana.com","article_publisher":"https:\/\/web.facebook.com\/PotenciaRadiofonicaD","article_published_time":"2026-04-28T04:15:23+00:00","og_image":[{"width":1000,"height":749,"url":"https:\/\/potenciaradiofonicadominicana.com\/portal\/wp-content\/uploads\/2026\/04\/2afc57fe3b369ea1b818b86a6119a0e0da409b4c.jpg","type":"image\/jpeg"}],"author":"Potencia Radiof\u00f3nica Dominicana","twitter_card":"summary_large_image","twitter_misc":{"Escrito por":"Potencia Radiof\u00f3nica Dominicana","Tiempo de lectura":"2 minutos"},"schema":{"@context":"https:\/\/schema.org","@graph":[{"@type":"Article","@id":"https:\/\/potenciaradiofonicadominicana.com\/portal\/anthony-santos-regresa-a-su-tierra-con-gran-concierto-en-la-linea-noroeste\/#article","isPartOf":{"@id":"https:\/\/potenciaradiofonicadominicana.com\/portal\/anthony-santos-regresa-a-su-tierra-con-gran-concierto-en-la-linea-noroeste\/"},"author":{"name":"Potencia Radiof\u00f3nica Dominicana","@id":"https:\/\/potenciaradiofonicadominicana.com\/portal\/#\/schema\/person\/a5cf1fea13877803ee0573ac18b03490"},"headline":"Anthony Santos regresa a su tierra con gran concierto en la L\u00ednea Noroeste","datePublished":"2026-04-28T04:15:23+00:00","mainEntityOfPage":{"@id":"https:\/\/potenciaradiofonicadominicana.com\/portal\/anthony-santos-regresa-a-su-tierra-con-gran-concierto-en-la-linea-noroeste\/"},"wordCount":208,"publisher":{"@id":"https:\/\/potenciaradiofonicadominicana.com\/portal\/#organization"},"image":{"@id":"https:\/\/potenciaradiofonicadominicana.com\/portal\/anthony-santos-regresa-a-su-tierra-con-gran-concierto-en-la-linea-noroeste\/#primaryimage"},"thumbnailUrl":"https:\/\/potenciaradiofonicadominicana.com\/portal\/wp-content\/uploads\/2026\/04\/2afc57fe3b369ea1b818b86a6119a0e0da409b4c.jpg","articleSection":["Arte y Espectaculo"],"inLanguage":"es"},{"@type":"WebPage","@id":"https:\/\/potenciaradiofonicadominicana.com\/portal\/anthony-santos-regresa-a-su-tierra-con-gran-concierto-en-la-linea-noroeste\/","url":"https:\/\/potenciaradiofonicadominicana.com\/portal\/anthony-santos-regresa-a-su-tierra-con-gran-concierto-en-la-linea-noroeste\/","name":"Anthony Santos regresa a su tierra con gran concierto en la L\u00ednea Noroeste - PotenciaRadiofonicaDominicana.com","isPartOf":{"@id":"https:\/\/potenciaradiofonicadominicana.com\/portal\/#website"},"primaryImageOfPage":{"@id":"https:\/\/potenciaradiofonicadominicana.com\/portal\/anthony-santos-regresa-a-su-tierra-con-gran-concierto-en-la-linea-noroeste\/#primaryimage"},"image":{"@id":"https:\/\/potenciaradiofonicadominicana.com\/portal\/anthony-santos-regresa-a-su-tierra-con-gran-concierto-en-la-linea-noroeste\/#primaryimage"},"thumbnailUrl":"https:\/\/potenciaradiofonicadominicana.com\/portal\/wp-content\/uploads\/2026\/04\/2afc57fe3b369ea1b818b86a6119a0e0da409b4c.jpg","datePublished":"2026-04-28T04:15:23+00:00","breadcrumb":{"@id":"https:\/\/potenciaradiofonicadominicana.com\/portal\/anthony-santos-regresa-a-su-tierra-con-gran-concierto-en-la-linea-noroeste\/#breadcrumb"},"inLanguage":"es","potentialAction":[{"@type":"ReadAction","target":["https:\/\/potenciaradiofonicadominicana.com\/portal\/anthony-santos-regresa-a-su-tierra-con-gran-concierto-en-la-linea-noroeste\/"]}]},{"@type":"ImageObject","inLanguage":"es","@id":"https:\/\/potenciaradiofonicadominicana.com\/portal\/anthony-santos-regresa-a-su-tierra-con-gran-concierto-en-la-linea-noroeste\/#primaryimage","url":"https:\/\/potenciaradiofonicadominicana.com\/portal\/wp-content\/uploads\/2026\/04\/2afc57fe3b369ea1b818b86a6119a0e0da409b4c.jpg","contentUrl":"https:\/\/potenciaradiofonicadominicana.com\/portal\/wp-content\/uploads\/2026\/04\/2afc57fe3b369ea1b818b86a6119a0e0da409b4c.jpg","width":1000,"height":749},{"@type":"BreadcrumbList","@id":"https:\/\/potenciaradiofonicadominicana.com\/portal\/anthony-santos-regresa-a-su-tierra-con-gran-concierto-en-la-linea-noroeste\/#breadcrumb","itemListElement":[{"@type":"ListItem","position":1,"name":"Portada","item":"https:\/\/potenciaradiofonicadominicana.com\/portal\/"},{"@type":"ListItem","position":2,"name":"Anthony Santos regresa a su tierra con gran concierto en la L\u00ednea Noroeste"}]},{"@type":"WebSite","@id":"https:\/\/potenciaradiofonicadominicana.com\/portal\/#website","url":"https:\/\/potenciaradiofonicadominicana.com\/portal\/","name":"PotenciaRadiofonicaDominicana.com","description":"Peri\u00f3dico Digital","publisher":{"@id":"https:\/\/potenciaradiofonicadominicana.com\/portal\/#organization"},"potentialAction":[{"@type":"SearchAction","target":{"@type":"EntryPoint","urlTemplate":"https:\/\/potenciaradiofonicadominicana.com\/portal\/?s={search_term_string}"},"query-input":{"@type":"PropertyValueSpecification","valueRequired":true,"valueName":"search_term_string"}}],"inLanguage":"es"},{"@type":"Organization","@id":"https:\/\/potenciaradiofonicadominicana.com\/portal\/#organization","name":"PotenciaRadiofonicaDominicana.com","url":"https:\/\/potenciaradiofonicadominicana.com\/portal\/","logo":{"@type":"ImageObject","inLanguage":"es","@id":"https:\/\/potenciaradiofonicadominicana.com\/portal\/#\/schema\/logo\/image\/","url":"https:\/\/potenciaradiofonicadominicana.com\/portal\/wp-content\/uploads\/2022\/01\/descarga.png","contentUrl":"https:\/\/potenciaradiofonicadominicana.com\/portal\/wp-content\/uploads\/2022\/01\/descarga.png","width":300,"height":100,"caption":"PotenciaRadiofonicaDominicana.com"},"image":{"@id":"https:\/\/potenciaradiofonicadominicana.com\/portal\/#\/schema\/logo\/image\/"},"sameAs":["https:\/\/web.facebook.com\/PotenciaRadiofonicaD"]},{"@type":"Person","@id":"https:\/\/potenciaradiofonicadominicana.com\/portal\/#\/schema\/person\/a5cf1fea13877803ee0573ac18b03490","name":"Potencia Radiof\u00f3nica Dominicana","image":{"@type":"ImageObject","inLanguage":"es","@id":"https:\/\/potenciaradiofonicadominicana.com\/portal\/#\/schema\/person\/image\/","url":"https:\/\/secure.gravatar.com\/avatar\/42a55ab9e8ccc656ba34cd791990602a?s=96&d=mm&r=g","contentUrl":"https:\/\/secure.gravatar.com\/avatar\/42a55ab9e8ccc656ba34cd791990602a?s=96&d=mm&r=g","caption":"Potencia Radiof\u00f3nica Dominicana"},"url":"https:\/\/potenciaradiofonicadominicana.com\/portal\/author\/johannyalmanzar\/"}]}},"_links":{"self":[{"href":"https:\/\/potenciaradiofonicadominicana.com\/portal\/wp-json\/wp\/v2\/posts\/216021","targetHints":{"allow":["GET"]}}],"collection":[{"href":"https:\/\/potenciaradiofonicadominicana.com\/portal\/wp-json\/wp\/v2\/posts"}],"about":[{"href":"https:\/\/potenciaradiofonicadominicana.com\/portal\/wp-json\/wp\/v2\/types\/post"}],"author":[{"embeddable":true,"href":"https:\/\/potenciaradiofonicadominicana.com\/portal\/wp-json\/wp\/v2\/users\/2"}],"replies":[{"embeddable":true,"href":"https:\/\/potenciaradiofonicadominicana.com\/portal\/wp-json\/wp\/v2\/comments?post=216021"}],"version-history":[{"count":1,"href":"https:\/\/potenciaradiofonicadominicana.com\/portal\/wp-json\/wp\/v2\/posts\/216021\/revisions"}],"predecessor-version":[{"id":216027,"href":"https:\/\/potenciaradiofonicadominicana.com\/portal\/wp-json\/wp\/v2\/posts\/216021\/revisions\/216027"}],"wp:featuredmedia":[{"embeddable":true,"href":"https:\/\/potenciaradiofonicadominicana.com\/portal\/wp-json\/wp\/v2\/media\/216025"}],"wp:attachment":[{"href":"https:\/\/potenciaradiofonicadominicana.com\/portal\/wp-json\/wp\/v2\/media?parent=216021"}],"wp:term":[{"taxonomy":"category","embeddable":true,"href":"https:\/\/potenciaradiofonicadominicana.com\/portal\/wp-json\/wp\/v2\/categories?post=216021"},{"taxonomy":"post_tag","embeddable":true,"href":"https:\/\/potenciaradiofonicadominicana.com\/portal\/wp-json\/wp\/v2\/tags?post=216021"}],"curies":[{"name":"wp","href":"https:\/\/api.w.org\/{rel}","templated":true}]}}