{"id":216018,"date":"2026-04-28T00:13:08","date_gmt":"2026-04-28T04:13:08","guid":{"rendered":"https:\/\/potenciaradiofonicadominicana.com\/portal\/?p=216018"},"modified":"2026-04-28T00:13:08","modified_gmt":"2026-04-28T04:13:08","slug":"la-empresa-united-airlines-confirma-que-propuso-fusion-a-su-rival-american-airlines","status":"publish","type":"post","link":"https:\/\/potenciaradiofonicadominicana.com\/portal\/la-empresa-united-airlines-confirma-que-propuso-fusion-a-su-rival-american-airlines\/","title":{"rendered":"La empresa United Airlines confirma que propuso fusi\u00f3n a su rival American Airlines"},"content":{"rendered":"<p><a href=\"https:\/\/potenciaradiofonicadominicana.com\/portal\/wp-content\/uploads\/2026\/04\/whatsapp-image-2025-05-03-at-45102-pm-d0496521-focus-min0.26-min0.28-896-504.jpg\"><img loading=\"lazy\" decoding=\"async\" class=\"alignnone size-full wp-image-216020\" src=\"https:\/\/potenciaradiofonicadominicana.com\/portal\/wp-content\/uploads\/2026\/04\/whatsapp-image-2025-05-03-at-45102-pm-d0496521-focus-min0.26-min0.28-896-504.jpg\" alt=\"\" width=\"895\" height=\"504\" srcset=\"https:\/\/potenciaradiofonicadominicana.com\/portal\/wp-content\/uploads\/2026\/04\/whatsapp-image-2025-05-03-at-45102-pm-d0496521-focus-min0.26-min0.28-896-504.jpg 895w, https:\/\/potenciaradiofonicadominicana.com\/portal\/wp-content\/uploads\/2026\/04\/whatsapp-image-2025-05-03-at-45102-pm-d0496521-focus-min0.26-min0.28-896-504-300x169.jpg 300w, https:\/\/potenciaradiofonicadominicana.com\/portal\/wp-content\/uploads\/2026\/04\/whatsapp-image-2025-05-03-at-45102-pm-d0496521-focus-min0.26-min0.28-896-504-768x432.jpg 768w\" sizes=\"auto, (max-width: 895px) 100vw, 895px\" \/><\/a><\/p>\n<p>El director ejecutivo de\u00a0<strong>United Airlines<\/strong>,\u00a0<strong>Scott Kirby<\/strong>, confirm\u00f3 este lunes que la empresa propuso a su rival\u00a0<strong>American Airlines<\/strong>\u00a0una\u00a0<strong>fusi\u00f3n<\/strong>\u00a0entre las dos compa\u00f1\u00edas, sin embargo, esta cerr\u00f3 \u00abla puerta\u00bb a dicha posibilidad.<\/p>\n<p>\u00abMe puse en\u00a0<strong>contacto con American<\/strong>\u00a0para estudiar una\u00a0<strong>posible fusi\u00f3n<\/strong>\u00a0porque pensaba que juntos podr\u00edamos hacer algo incre\u00edble por los clientes (&#8230;). Esperaba poder presentar esa propuesta a American, pero se negaron a participar y, en su lugar, respondieron cerrando p\u00fablicamente la puerta\u00bb, afirm\u00f3\u00a0<strong>Kirby<\/strong>\u00a0en un comunicado.<\/p>\n<p>\u00abSin un socio dispuesto, algo tan grande simplemente\u00a0<strong>no se puede<\/strong>\u00a0llevar a cabo\u00bb, agreg\u00f3.<\/p>\n<p>Tras d\u00edas de especulaciones,\u00a0<strong>American Airlines<\/strong>\u00a0neg\u00f3 hace dos semanas tener inter\u00e9s en una\u00a0<strong>fusi\u00f3n<\/strong> con su rival, y consider\u00f3 dicha operaci\u00f3n \u00abnegativa para la competencia y los consumidores\u00bb.<\/p>\n<p>La firma reconoci\u00f3 que el mercado de las\u00a0<strong>aerol\u00edneas<\/strong>\u00a0puede necesitar \u00abcambios\u00bb, pero a\u00f1adi\u00f3 que una\u00a0<strong>fusi\u00f3n<\/strong>\u00a0no encaja con su \u00abentendimiento de la\u00a0<strong>filosof\u00eda de la Administraci\u00f3n<\/strong>\u00a0(del presidente estadounidense, Donald\u00a0<strong>Trump<\/strong>) hacia la industria y los principios de la\u00a0<strong>ley antimonopolio<\/strong>\u00ab.<\/p>\n<p><strong>Enfoque centrado<\/strong>\u00a0en el\u00a0<strong>cliente<\/strong><\/p>\n<p>En contraposici\u00f3n,\u00a0<strong>Kirby<\/strong>\u00a0consider\u00f3 hoy que la uni\u00f3n de ambas empresas podr\u00eda ampliar un\u00a0<strong>enfoque centrado<\/strong>\u00a0en el\u00a0<strong>cliente<\/strong>, generar nuevas oportunidades para los empleados y las comunidades a las que sirven ambas empresas y crear una nueva aerol\u00ednea estadounidense capaz de competir y liderar a nivel mundial.<\/p>\n<p>Adem\u00e1s, subray\u00f3, una\u00a0<strong>fusi\u00f3n<\/strong>\u00a0entre United y American podr\u00eda \u00abimpulsar la econom\u00eda de EE.UU., crear\u00a0<strong>millones de puestos<\/strong>\u00a0de trabajo y fortalecer la\u00a0<strong>industria aeron\u00e1utica<\/strong>\u00a0estadounidense\u00bb.<\/p>\n<p>\u00abDesde el principio fui consciente de que una\u00a0<strong>fusi\u00f3n<\/strong>\u00a0de tal envergadura suscitar\u00eda mucho\u00a0<strong>escepticismo<\/strong>\u00a0en los\u00a0<strong>medios de comunicaci\u00f3n<\/strong>, incluso por parte de algunos\u00a0<strong>responsables gubernamentales<\/strong>\u00ab, reconoci\u00f3 el ejecutivo.<\/p>\n<p>No obstante, opin\u00f3 que los\u00a0<strong>reguladores<\/strong>\u00a0habr\u00edan aprobado dicho acuerdo \u00abporque habr\u00edan reconocido los beneficios para los clientes, nuestros\u00a0<strong>empleados comunes<\/strong>\u00a0y las comunidades de costa a costa y en todo el mundo\u00bb.<\/p>\n<p>Seg\u00fan\u00a0<strong>CNBC<\/strong>, que cita a personas familiarizadas con el asunto,\u00a0<strong>Kirby<\/strong>\u00a0le plante\u00f3 la idea de la\u00a0<strong>fusi\u00f3n<\/strong>\u00a0al\u00a0<strong>Gobierno de Trump<\/strong>\u00a0a principios de este a\u00f1o.<\/p>\n<p><strong>Trump<\/strong>, por su parte, manifest\u00f3 su\u00a0<strong>oposici\u00f3n<\/strong>\u00a0a esta posible uni\u00f3n en una entrevista con\u00a0<strong>CNBC<\/strong>\u00a0la semana pasada.<\/p>\n","protected":false},"excerpt":{"rendered":"<p>El director ejecutivo de\u00a0United Airlines,\u00a0Scott Kirby, confirm\u00f3 este lunes que la empresa propuso a su rival\u00a0American Airlines\u00a0una\u00a0fusi\u00f3n\u00a0entre las dos compa\u00f1\u00edas, &#8230;<\/p>\n","protected":false},"author":2,"featured_media":216020,"comment_status":"closed","ping_status":"closed","sticky":false,"template":"","format":"standard","meta":{"footnotes":""},"categories":[26],"tags":[],"class_list":["post-216018","post","type-post","status-publish","format-standard","has-post-thumbnail","hentry","category-economia"],"yoast_head":"<!-- This site is optimized with the Yoast SEO plugin v24.8.1 - https:\/\/yoast.com\/wordpress\/plugins\/seo\/ -->\n<title>La empresa United Airlines confirma que propuso fusi\u00f3n a su rival American Airlines - PotenciaRadiofonicaDominicana.com<\/title>\n<meta name=\"robots\" content=\"index, follow, max-snippet:-1, max-image-preview:large, max-video-preview:-1\" \/>\n<link rel=\"canonical\" href=\"https:\/\/potenciaradiofonicadominicana.com\/portal\/la-empresa-united-airlines-confirma-que-propuso-fusion-a-su-rival-american-airlines\/\" \/>\n<meta property=\"og:locale\" content=\"es_ES\" \/>\n<meta property=\"og:type\" content=\"article\" \/>\n<meta property=\"og:title\" content=\"La empresa United Airlines confirma que propuso fusi\u00f3n a su rival American Airlines - PotenciaRadiofonicaDominicana.com\" \/>\n<meta property=\"og:description\" content=\"El director ejecutivo de\u00a0United Airlines,\u00a0Scott Kirby, confirm\u00f3 este lunes que la empresa propuso a su rival\u00a0American Airlines\u00a0una\u00a0fusi\u00f3n\u00a0entre las dos compa\u00f1\u00edas, ...\" \/>\n<meta property=\"og:url\" content=\"https:\/\/potenciaradiofonicadominicana.com\/portal\/la-empresa-united-airlines-confirma-que-propuso-fusion-a-su-rival-american-airlines\/\" \/>\n<meta property=\"og:site_name\" content=\"PotenciaRadiofonicaDominicana.com\" \/>\n<meta property=\"article:publisher\" content=\"https:\/\/web.facebook.com\/PotenciaRadiofonicaD\" \/>\n<meta property=\"article:published_time\" content=\"2026-04-28T04:13:08+00:00\" \/>\n<meta property=\"og:image\" content=\"https:\/\/potenciaradiofonicadominicana.com\/portal\/wp-content\/uploads\/2026\/04\/whatsapp-image-2025-05-03-at-45102-pm-d0496521-focus-min0.26-min0.28-896-504.jpg\" \/>\n\t<meta property=\"og:image:width\" content=\"895\" \/>\n\t<meta property=\"og:image:height\" content=\"504\" \/>\n\t<meta property=\"og:image:type\" content=\"image\/jpeg\" \/>\n<meta name=\"author\" content=\"Potencia Radiof\u00f3nica Dominicana\" \/>\n<meta name=\"twitter:card\" content=\"summary_large_image\" \/>\n<meta name=\"twitter:label1\" content=\"Escrito por\" \/>\n\t<meta name=\"twitter:data1\" content=\"Potencia Radiof\u00f3nica Dominicana\" \/>\n\t<meta name=\"twitter:label2\" content=\"Tiempo de lectura\" \/>\n\t<meta name=\"twitter:data2\" content=\"3 minutos\" \/>\n<script type=\"application\/ld+json\" class=\"yoast-schema-graph\">{\"@context\":\"https:\/\/schema.org\",\"@graph\":[{\"@type\":\"Article\",\"@id\":\"https:\/\/potenciaradiofonicadominicana.com\/portal\/la-empresa-united-airlines-confirma-que-propuso-fusion-a-su-rival-american-airlines\/#article\",\"isPartOf\":{\"@id\":\"https:\/\/potenciaradiofonicadominicana.com\/portal\/la-empresa-united-airlines-confirma-que-propuso-fusion-a-su-rival-american-airlines\/\"},\"author\":{\"name\":\"Potencia Radiof\u00f3nica Dominicana\",\"@id\":\"https:\/\/potenciaradiofonicadominicana.com\/portal\/#\/schema\/person\/a5cf1fea13877803ee0573ac18b03490\"},\"headline\":\"La empresa United Airlines confirma que propuso fusi\u00f3n a su rival American Airlines\",\"datePublished\":\"2026-04-28T04:13:08+00:00\",\"mainEntityOfPage\":{\"@id\":\"https:\/\/potenciaradiofonicadominicana.com\/portal\/la-empresa-united-airlines-confirma-que-propuso-fusion-a-su-rival-american-airlines\/\"},\"wordCount\":407,\"publisher\":{\"@id\":\"https:\/\/potenciaradiofonicadominicana.com\/portal\/#organization\"},\"image\":{\"@id\":\"https:\/\/potenciaradiofonicadominicana.com\/portal\/la-empresa-united-airlines-confirma-que-propuso-fusion-a-su-rival-american-airlines\/#primaryimage\"},\"thumbnailUrl\":\"https:\/\/potenciaradiofonicadominicana.com\/portal\/wp-content\/uploads\/2026\/04\/whatsapp-image-2025-05-03-at-45102-pm-d0496521-focus-min0.26-min0.28-896-504.jpg\",\"articleSection\":[\"Econom\u00eda\"],\"inLanguage\":\"es\"},{\"@type\":\"WebPage\",\"@id\":\"https:\/\/potenciaradiofonicadominicana.com\/portal\/la-empresa-united-airlines-confirma-que-propuso-fusion-a-su-rival-american-airlines\/\",\"url\":\"https:\/\/potenciaradiofonicadominicana.com\/portal\/la-empresa-united-airlines-confirma-que-propuso-fusion-a-su-rival-american-airlines\/\",\"name\":\"La empresa United Airlines confirma que propuso fusi\u00f3n a su rival American Airlines - PotenciaRadiofonicaDominicana.com\",\"isPartOf\":{\"@id\":\"https:\/\/potenciaradiofonicadominicana.com\/portal\/#website\"},\"primaryImageOfPage\":{\"@id\":\"https:\/\/potenciaradiofonicadominicana.com\/portal\/la-empresa-united-airlines-confirma-que-propuso-fusion-a-su-rival-american-airlines\/#primaryimage\"},\"image\":{\"@id\":\"https:\/\/potenciaradiofonicadominicana.com\/portal\/la-empresa-united-airlines-confirma-que-propuso-fusion-a-su-rival-american-airlines\/#primaryimage\"},\"thumbnailUrl\":\"https:\/\/potenciaradiofonicadominicana.com\/portal\/wp-content\/uploads\/2026\/04\/whatsapp-image-2025-05-03-at-45102-pm-d0496521-focus-min0.26-min0.28-896-504.jpg\",\"datePublished\":\"2026-04-28T04:13:08+00:00\",\"breadcrumb\":{\"@id\":\"https:\/\/potenciaradiofonicadominicana.com\/portal\/la-empresa-united-airlines-confirma-que-propuso-fusion-a-su-rival-american-airlines\/#breadcrumb\"},\"inLanguage\":\"es\",\"potentialAction\":[{\"@type\":\"ReadAction\",\"target\":[\"https:\/\/potenciaradiofonicadominicana.com\/portal\/la-empresa-united-airlines-confirma-que-propuso-fusion-a-su-rival-american-airlines\/\"]}]},{\"@type\":\"ImageObject\",\"inLanguage\":\"es\",\"@id\":\"https:\/\/potenciaradiofonicadominicana.com\/portal\/la-empresa-united-airlines-confirma-que-propuso-fusion-a-su-rival-american-airlines\/#primaryimage\",\"url\":\"https:\/\/potenciaradiofonicadominicana.com\/portal\/wp-content\/uploads\/2026\/04\/whatsapp-image-2025-05-03-at-45102-pm-d0496521-focus-min0.26-min0.28-896-504.jpg\",\"contentUrl\":\"https:\/\/potenciaradiofonicadominicana.com\/portal\/wp-content\/uploads\/2026\/04\/whatsapp-image-2025-05-03-at-45102-pm-d0496521-focus-min0.26-min0.28-896-504.jpg\",\"width\":895,\"height\":504},{\"@type\":\"BreadcrumbList\",\"@id\":\"https:\/\/potenciaradiofonicadominicana.com\/portal\/la-empresa-united-airlines-confirma-que-propuso-fusion-a-su-rival-american-airlines\/#breadcrumb\",\"itemListElement\":[{\"@type\":\"ListItem\",\"position\":1,\"name\":\"Portada\",\"item\":\"https:\/\/potenciaradiofonicadominicana.com\/portal\/\"},{\"@type\":\"ListItem\",\"position\":2,\"name\":\"La empresa United Airlines confirma que propuso fusi\u00f3n a su rival American Airlines\"}]},{\"@type\":\"WebSite\",\"@id\":\"https:\/\/potenciaradiofonicadominicana.com\/portal\/#website\",\"url\":\"https:\/\/potenciaradiofonicadominicana.com\/portal\/\",\"name\":\"PotenciaRadiofonicaDominicana.com\",\"description\":\"Peri\u00f3dico Digital\",\"publisher\":{\"@id\":\"https:\/\/potenciaradiofonicadominicana.com\/portal\/#organization\"},\"potentialAction\":[{\"@type\":\"SearchAction\",\"target\":{\"@type\":\"EntryPoint\",\"urlTemplate\":\"https:\/\/potenciaradiofonicadominicana.com\/portal\/?s={search_term_string}\"},\"query-input\":{\"@type\":\"PropertyValueSpecification\",\"valueRequired\":true,\"valueName\":\"search_term_string\"}}],\"inLanguage\":\"es\"},{\"@type\":\"Organization\",\"@id\":\"https:\/\/potenciaradiofonicadominicana.com\/portal\/#organization\",\"name\":\"PotenciaRadiofonicaDominicana.com\",\"url\":\"https:\/\/potenciaradiofonicadominicana.com\/portal\/\",\"logo\":{\"@type\":\"ImageObject\",\"inLanguage\":\"es\",\"@id\":\"https:\/\/potenciaradiofonicadominicana.com\/portal\/#\/schema\/logo\/image\/\",\"url\":\"https:\/\/potenciaradiofonicadominicana.com\/portal\/wp-content\/uploads\/2022\/01\/descarga.png\",\"contentUrl\":\"https:\/\/potenciaradiofonicadominicana.com\/portal\/wp-content\/uploads\/2022\/01\/descarga.png\",\"width\":300,\"height\":100,\"caption\":\"PotenciaRadiofonicaDominicana.com\"},\"image\":{\"@id\":\"https:\/\/potenciaradiofonicadominicana.com\/portal\/#\/schema\/logo\/image\/\"},\"sameAs\":[\"https:\/\/web.facebook.com\/PotenciaRadiofonicaD\"]},{\"@type\":\"Person\",\"@id\":\"https:\/\/potenciaradiofonicadominicana.com\/portal\/#\/schema\/person\/a5cf1fea13877803ee0573ac18b03490\",\"name\":\"Potencia Radiof\u00f3nica Dominicana\",\"image\":{\"@type\":\"ImageObject\",\"inLanguage\":\"es\",\"@id\":\"https:\/\/potenciaradiofonicadominicana.com\/portal\/#\/schema\/person\/image\/\",\"url\":\"https:\/\/secure.gravatar.com\/avatar\/42a55ab9e8ccc656ba34cd791990602a?s=96&d=mm&r=g\",\"contentUrl\":\"https:\/\/secure.gravatar.com\/avatar\/42a55ab9e8ccc656ba34cd791990602a?s=96&d=mm&r=g\",\"caption\":\"Potencia Radiof\u00f3nica Dominicana\"},\"url\":\"https:\/\/potenciaradiofonicadominicana.com\/portal\/author\/johannyalmanzar\/\"}]}<\/script>\n<!-- \/ Yoast SEO plugin. -->","yoast_head_json":{"title":"La empresa United Airlines confirma que propuso fusi\u00f3n a su rival American Airlines - PotenciaRadiofonicaDominicana.com","robots":{"index":"index","follow":"follow","max-snippet":"max-snippet:-1","max-image-preview":"max-image-preview:large","max-video-preview":"max-video-preview:-1"},"canonical":"https:\/\/potenciaradiofonicadominicana.com\/portal\/la-empresa-united-airlines-confirma-que-propuso-fusion-a-su-rival-american-airlines\/","og_locale":"es_ES","og_type":"article","og_title":"La empresa United Airlines confirma que propuso fusi\u00f3n a su rival American Airlines - PotenciaRadiofonicaDominicana.com","og_description":"El director ejecutivo de\u00a0United Airlines,\u00a0Scott Kirby, confirm\u00f3 este lunes que la empresa propuso a su rival\u00a0American Airlines\u00a0una\u00a0fusi\u00f3n\u00a0entre las dos compa\u00f1\u00edas, ...","og_url":"https:\/\/potenciaradiofonicadominicana.com\/portal\/la-empresa-united-airlines-confirma-que-propuso-fusion-a-su-rival-american-airlines\/","og_site_name":"PotenciaRadiofonicaDominicana.com","article_publisher":"https:\/\/web.facebook.com\/PotenciaRadiofonicaD","article_published_time":"2026-04-28T04:13:08+00:00","og_image":[{"width":895,"height":504,"url":"https:\/\/potenciaradiofonicadominicana.com\/portal\/wp-content\/uploads\/2026\/04\/whatsapp-image-2025-05-03-at-45102-pm-d0496521-focus-min0.26-min0.28-896-504.jpg","type":"image\/jpeg"}],"author":"Potencia Radiof\u00f3nica Dominicana","twitter_card":"summary_large_image","twitter_misc":{"Escrito por":"Potencia Radiof\u00f3nica Dominicana","Tiempo de lectura":"3 minutos"},"schema":{"@context":"https:\/\/schema.org","@graph":[{"@type":"Article","@id":"https:\/\/potenciaradiofonicadominicana.com\/portal\/la-empresa-united-airlines-confirma-que-propuso-fusion-a-su-rival-american-airlines\/#article","isPartOf":{"@id":"https:\/\/potenciaradiofonicadominicana.com\/portal\/la-empresa-united-airlines-confirma-que-propuso-fusion-a-su-rival-american-airlines\/"},"author":{"name":"Potencia Radiof\u00f3nica Dominicana","@id":"https:\/\/potenciaradiofonicadominicana.com\/portal\/#\/schema\/person\/a5cf1fea13877803ee0573ac18b03490"},"headline":"La empresa United Airlines confirma que propuso fusi\u00f3n a su rival American Airlines","datePublished":"2026-04-28T04:13:08+00:00","mainEntityOfPage":{"@id":"https:\/\/potenciaradiofonicadominicana.com\/portal\/la-empresa-united-airlines-confirma-que-propuso-fusion-a-su-rival-american-airlines\/"},"wordCount":407,"publisher":{"@id":"https:\/\/potenciaradiofonicadominicana.com\/portal\/#organization"},"image":{"@id":"https:\/\/potenciaradiofonicadominicana.com\/portal\/la-empresa-united-airlines-confirma-que-propuso-fusion-a-su-rival-american-airlines\/#primaryimage"},"thumbnailUrl":"https:\/\/potenciaradiofonicadominicana.com\/portal\/wp-content\/uploads\/2026\/04\/whatsapp-image-2025-05-03-at-45102-pm-d0496521-focus-min0.26-min0.28-896-504.jpg","articleSection":["Econom\u00eda"],"inLanguage":"es"},{"@type":"WebPage","@id":"https:\/\/potenciaradiofonicadominicana.com\/portal\/la-empresa-united-airlines-confirma-que-propuso-fusion-a-su-rival-american-airlines\/","url":"https:\/\/potenciaradiofonicadominicana.com\/portal\/la-empresa-united-airlines-confirma-que-propuso-fusion-a-su-rival-american-airlines\/","name":"La empresa United Airlines confirma que propuso fusi\u00f3n a su rival American Airlines - PotenciaRadiofonicaDominicana.com","isPartOf":{"@id":"https:\/\/potenciaradiofonicadominicana.com\/portal\/#website"},"primaryImageOfPage":{"@id":"https:\/\/potenciaradiofonicadominicana.com\/portal\/la-empresa-united-airlines-confirma-que-propuso-fusion-a-su-rival-american-airlines\/#primaryimage"},"image":{"@id":"https:\/\/potenciaradiofonicadominicana.com\/portal\/la-empresa-united-airlines-confirma-que-propuso-fusion-a-su-rival-american-airlines\/#primaryimage"},"thumbnailUrl":"https:\/\/potenciaradiofonicadominicana.com\/portal\/wp-content\/uploads\/2026\/04\/whatsapp-image-2025-05-03-at-45102-pm-d0496521-focus-min0.26-min0.28-896-504.jpg","datePublished":"2026-04-28T04:13:08+00:00","breadcrumb":{"@id":"https:\/\/potenciaradiofonicadominicana.com\/portal\/la-empresa-united-airlines-confirma-que-propuso-fusion-a-su-rival-american-airlines\/#breadcrumb"},"inLanguage":"es","potentialAction":[{"@type":"ReadAction","target":["https:\/\/potenciaradiofonicadominicana.com\/portal\/la-empresa-united-airlines-confirma-que-propuso-fusion-a-su-rival-american-airlines\/"]}]},{"@type":"ImageObject","inLanguage":"es","@id":"https:\/\/potenciaradiofonicadominicana.com\/portal\/la-empresa-united-airlines-confirma-que-propuso-fusion-a-su-rival-american-airlines\/#primaryimage","url":"https:\/\/potenciaradiofonicadominicana.com\/portal\/wp-content\/uploads\/2026\/04\/whatsapp-image-2025-05-03-at-45102-pm-d0496521-focus-min0.26-min0.28-896-504.jpg","contentUrl":"https:\/\/potenciaradiofonicadominicana.com\/portal\/wp-content\/uploads\/2026\/04\/whatsapp-image-2025-05-03-at-45102-pm-d0496521-focus-min0.26-min0.28-896-504.jpg","width":895,"height":504},{"@type":"BreadcrumbList","@id":"https:\/\/potenciaradiofonicadominicana.com\/portal\/la-empresa-united-airlines-confirma-que-propuso-fusion-a-su-rival-american-airlines\/#breadcrumb","itemListElement":[{"@type":"ListItem","position":1,"name":"Portada","item":"https:\/\/potenciaradiofonicadominicana.com\/portal\/"},{"@type":"ListItem","position":2,"name":"La empresa United Airlines confirma que propuso fusi\u00f3n a su rival American Airlines"}]},{"@type":"WebSite","@id":"https:\/\/potenciaradiofonicadominicana.com\/portal\/#website","url":"https:\/\/potenciaradiofonicadominicana.com\/portal\/","name":"PotenciaRadiofonicaDominicana.com","description":"Peri\u00f3dico Digital","publisher":{"@id":"https:\/\/potenciaradiofonicadominicana.com\/portal\/#organization"},"potentialAction":[{"@type":"SearchAction","target":{"@type":"EntryPoint","urlTemplate":"https:\/\/potenciaradiofonicadominicana.com\/portal\/?s={search_term_string}"},"query-input":{"@type":"PropertyValueSpecification","valueRequired":true,"valueName":"search_term_string"}}],"inLanguage":"es"},{"@type":"Organization","@id":"https:\/\/potenciaradiofonicadominicana.com\/portal\/#organization","name":"PotenciaRadiofonicaDominicana.com","url":"https:\/\/potenciaradiofonicadominicana.com\/portal\/","logo":{"@type":"ImageObject","inLanguage":"es","@id":"https:\/\/potenciaradiofonicadominicana.com\/portal\/#\/schema\/logo\/image\/","url":"https:\/\/potenciaradiofonicadominicana.com\/portal\/wp-content\/uploads\/2022\/01\/descarga.png","contentUrl":"https:\/\/potenciaradiofonicadominicana.com\/portal\/wp-content\/uploads\/2022\/01\/descarga.png","width":300,"height":100,"caption":"PotenciaRadiofonicaDominicana.com"},"image":{"@id":"https:\/\/potenciaradiofonicadominicana.com\/portal\/#\/schema\/logo\/image\/"},"sameAs":["https:\/\/web.facebook.com\/PotenciaRadiofonicaD"]},{"@type":"Person","@id":"https:\/\/potenciaradiofonicadominicana.com\/portal\/#\/schema\/person\/a5cf1fea13877803ee0573ac18b03490","name":"Potencia Radiof\u00f3nica Dominicana","image":{"@type":"ImageObject","inLanguage":"es","@id":"https:\/\/potenciaradiofonicadominicana.com\/portal\/#\/schema\/person\/image\/","url":"https:\/\/secure.gravatar.com\/avatar\/42a55ab9e8ccc656ba34cd791990602a?s=96&d=mm&r=g","contentUrl":"https:\/\/secure.gravatar.com\/avatar\/42a55ab9e8ccc656ba34cd791990602a?s=96&d=mm&r=g","caption":"Potencia Radiof\u00f3nica Dominicana"},"url":"https:\/\/potenciaradiofonicadominicana.com\/portal\/author\/johannyalmanzar\/"}]}},"_links":{"self":[{"href":"https:\/\/potenciaradiofonicadominicana.com\/portal\/wp-json\/wp\/v2\/posts\/216018","targetHints":{"allow":["GET"]}}],"collection":[{"href":"https:\/\/potenciaradiofonicadominicana.com\/portal\/wp-json\/wp\/v2\/posts"}],"about":[{"href":"https:\/\/potenciaradiofonicadominicana.com\/portal\/wp-json\/wp\/v2\/types\/post"}],"author":[{"embeddable":true,"href":"https:\/\/potenciaradiofonicadominicana.com\/portal\/wp-json\/wp\/v2\/users\/2"}],"replies":[{"embeddable":true,"href":"https:\/\/potenciaradiofonicadominicana.com\/portal\/wp-json\/wp\/v2\/comments?post=216018"}],"version-history":[{"count":1,"href":"https:\/\/potenciaradiofonicadominicana.com\/portal\/wp-json\/wp\/v2\/posts\/216018\/revisions"}],"predecessor-version":[{"id":216022,"href":"https:\/\/potenciaradiofonicadominicana.com\/portal\/wp-json\/wp\/v2\/posts\/216018\/revisions\/216022"}],"wp:featuredmedia":[{"embeddable":true,"href":"https:\/\/potenciaradiofonicadominicana.com\/portal\/wp-json\/wp\/v2\/media\/216020"}],"wp:attachment":[{"href":"https:\/\/potenciaradiofonicadominicana.com\/portal\/wp-json\/wp\/v2\/media?parent=216018"}],"wp:term":[{"taxonomy":"category","embeddable":true,"href":"https:\/\/potenciaradiofonicadominicana.com\/portal\/wp-json\/wp\/v2\/categories?post=216018"},{"taxonomy":"post_tag","embeddable":true,"href":"https:\/\/potenciaradiofonicadominicana.com\/portal\/wp-json\/wp\/v2\/tags?post=216018"}],"curies":[{"name":"wp","href":"https:\/\/api.w.org\/{rel}","templated":true}]}}