{"id":216015,"date":"2026-04-28T00:12:20","date_gmt":"2026-04-28T04:12:20","guid":{"rendered":"https:\/\/potenciaradiofonicadominicana.com\/portal\/?p=216015"},"modified":"2026-04-28T00:12:20","modified_gmt":"2026-04-28T04:12:20","slug":"brenda-sanchez-y-carlos-alfredo-fatule-lideran-la-nueva-propueta-de-tv-el-domingo-es-mio","status":"publish","type":"post","link":"https:\/\/potenciaradiofonicadominicana.com\/portal\/brenda-sanchez-y-carlos-alfredo-fatule-lideran-la-nueva-propueta-de-tv-el-domingo-es-mio\/","title":{"rendered":"Brenda S\u00e1nchez y Carlos Alfredo Fatule lideran la nueva propueta de TV \u00abEl Domingo es M\u00edo\u00bb"},"content":{"rendered":"<p><a href=\"https:\/\/potenciaradiofonicadominicana.com\/portal\/wp-content\/uploads\/2026\/04\/1777338875.webp\"><img loading=\"lazy\" decoding=\"async\" class=\"alignnone size-full wp-image-216017\" src=\"https:\/\/potenciaradiofonicadominicana.com\/portal\/wp-content\/uploads\/2026\/04\/1777338875.webp\" alt=\"\" width=\"1280\" height=\"854\" srcset=\"https:\/\/potenciaradiofonicadominicana.com\/portal\/wp-content\/uploads\/2026\/04\/1777338875.webp 1280w, https:\/\/potenciaradiofonicadominicana.com\/portal\/wp-content\/uploads\/2026\/04\/1777338875-300x200.webp 300w, https:\/\/potenciaradiofonicadominicana.com\/portal\/wp-content\/uploads\/2026\/04\/1777338875-1024x683.webp 1024w, https:\/\/potenciaradiofonicadominicana.com\/portal\/wp-content\/uploads\/2026\/04\/1777338875-768x512.webp 768w\" sizes=\"auto, (max-width: 1280px) 100vw, 1280px\" \/><\/a><\/p>\n<p>La televisi\u00f3n dominicana se reinventa con el estreno de \u201cEl Domingo es M\u00edo\u201d, una propuesta din\u00e1mica y familiar que iniciar\u00e1 sus transmisiones el pr\u00f3ximo domingo 03 de mayo, en horario de 12:00 del mediod\u00eda a 2:00 de la tarde por Digital 15 y Telemicro Internacional, como un programa en vivo que conectar\u00e1 la isla con el mundo.<\/p>\n<p>Con un formato fresco y variado, el espacio reunir\u00e1 concursos, entretenimiento, deportes, temas migratorios, reportajes especiales, entrevistas y m\u00fasica en vivo, consolid\u00e1ndose como una revista televisiva integral que conectar\u00e1 con la audiencia a trav\u00e9s del entretenimiento y la informaci\u00f3n.<\/p>\n<p>Brenda S\u00e1nchez, reconocida por su trayectoria y dominio de la conducci\u00f3n en vivo, se posiciona como una de las figuras clave del espacio, aportando energ\u00eda y conexi\u00f3n directa con la audiencia. A su lado, Carlos Alfredo Fatule suma su versatilidad y amplia experiencia como actor, cantante y presentador, consolidando un liderazgo esc\u00e9nico que eleva la propuesta.<\/p>\n<p>El equipo se fortalece con la participaci\u00f3n de Jessica Campos y Luis Octavio Flores (El Chamo), quienes imprimen frescura y autenticidad al espacio, conectando de manera natural con la audiencia y aportando un estilo \u00e1gil, espont\u00e1neo y contempor\u00e1neo que dinamiza cada segmento del programa.<\/p>\n<figure class=\"wp-block-image size-large\"><img loading=\"lazy\" decoding=\"async\" class=\"wp-image-1295790\" src=\"https:\/\/panorama.com.do\/wp-content\/uploads\/2026\/04\/WhatsApp-Image-2026-04-27-at-8.29.21-PM-1-1024x683.jpeg\" sizes=\"auto, (max-width: 1024px) 100vw, 1024px\" srcset=\"https:\/\/panorama.com.do\/wp-content\/uploads\/2026\/04\/WhatsApp-Image-2026-04-27-at-8.29.21-PM-1-1024x683.jpeg 1024w, https:\/\/panorama.com.do\/wp-content\/uploads\/2026\/04\/WhatsApp-Image-2026-04-27-at-8.29.21-PM-1-300x200.jpeg 300w, https:\/\/panorama.com.do\/wp-content\/uploads\/2026\/04\/WhatsApp-Image-2026-04-27-at-8.29.21-PM-1-768x512.jpeg 768w, https:\/\/panorama.com.do\/wp-content\/uploads\/2026\/04\/WhatsApp-Image-2026-04-27-at-8.29.21-PM-1.jpeg 1280w\" alt=\"\" width=\"1024\" height=\"683\" \/><\/figure>\n<p>Se enriquece la propuesta con la experiencia del veterano periodista Jos\u00e9 Antonio Aybar, quien tendr\u00e1 a su cargo el contenido de entretenimiento; Johnny Trujillo, responsable de ofrecer an\u00e1lisis y cobertura deportiva; y Delisa Francisco, candidata por la provincia Mar\u00eda Trinidad S\u00e1nchez al Miss Rep\u00fablica Dominicana Universo 2025, quien llevar\u00e1 el pulso del programa a las calles con sus intervenciones en exteriores. A esto se suma la m\u00fasica en vivo, dirigida por Samuel Mej\u00eda, aportando una energ\u00eda esc\u00e9nica que realza cada entrega.<\/p>\n<p>\u201cEl Domingo es M\u00edo\u201d cuenta con la producci\u00f3n ejecutiva del empresario Alberto Cruz, con amplia experiencia en la producci\u00f3n de espect\u00e1culos de alto nivel, eventos multitudinarios y propuestas de entretenimiento de gran formato, aportando una visi\u00f3n estrat\u00e9gica y un respaldo organizativo que elevan el alcance y la proyecci\u00f3n del espacio.<\/p>\n<p>Mientras que, en la producci\u00f3n general estar\u00e1 a cargo de Nelson Mu\u00f1oz Jr, profesional con una s\u00f3lida trayectoria en la televisi\u00f3n dominicana, reconocido por su capacidad para desarrollar contenidos exitosos, liderar equipos de producci\u00f3n y mantener est\u00e1ndares de calidad consistentes en proyectos en vivo, lo que garantiza una ejecuci\u00f3n \u00e1gil y atractiva del programa.<\/p>\n<p>Desde su primera transmisi\u00f3n, el programa busca impactar positivamente a su audiencia con iniciativas como la rifa de un bono de RD$500,000 pesos como inicial para un apartamento dirigido a madres, as\u00ed como la rifa de un autom\u00f3vil pautada para el domingo 26 de julio, reafirmando su compromiso social.<\/p>\n<p>Este nuevo espacio llega con la misi\u00f3n de convertirse en el favorito de los hogares dominicanos, ofreciendo dos horas cargadas de emoci\u00f3n, entretenimiento y oportunidades. \u201cEl Domingo es M\u00edo\u201d \u2026 m\u00e1s que un programa, una experiencia para toda la familia.<\/p>\n","protected":false},"excerpt":{"rendered":"<p>La televisi\u00f3n dominicana se reinventa con el estreno de \u201cEl Domingo es M\u00edo\u201d, una propuesta din\u00e1mica y familiar que iniciar\u00e1 &#8230;<\/p>\n","protected":false},"author":2,"featured_media":216017,"comment_status":"closed","ping_status":"closed","sticky":false,"template":"","format":"standard","meta":{"footnotes":""},"categories":[31],"tags":[],"class_list":["post-216015","post","type-post","status-publish","format-standard","has-post-thumbnail","hentry","category-arte-y-espectaculo"],"yoast_head":"<!-- This site is optimized with the Yoast SEO plugin v24.8.1 - https:\/\/yoast.com\/wordpress\/plugins\/seo\/ -->\n<title>Brenda S\u00e1nchez y Carlos Alfredo Fatule lideran la nueva propueta de TV \u00abEl Domingo es M\u00edo\u00bb - PotenciaRadiofonicaDominicana.com<\/title>\n<meta name=\"robots\" content=\"index, follow, max-snippet:-1, max-image-preview:large, max-video-preview:-1\" \/>\n<link rel=\"canonical\" href=\"https:\/\/potenciaradiofonicadominicana.com\/portal\/brenda-sanchez-y-carlos-alfredo-fatule-lideran-la-nueva-propueta-de-tv-el-domingo-es-mio\/\" \/>\n<meta property=\"og:locale\" content=\"es_ES\" \/>\n<meta property=\"og:type\" content=\"article\" \/>\n<meta property=\"og:title\" content=\"Brenda S\u00e1nchez y Carlos Alfredo Fatule lideran la nueva propueta de TV \u00abEl Domingo es M\u00edo\u00bb - PotenciaRadiofonicaDominicana.com\" \/>\n<meta property=\"og:description\" content=\"La televisi\u00f3n dominicana se reinventa con el estreno de \u201cEl Domingo es M\u00edo\u201d, una propuesta din\u00e1mica y familiar que iniciar\u00e1 ...\" \/>\n<meta property=\"og:url\" content=\"https:\/\/potenciaradiofonicadominicana.com\/portal\/brenda-sanchez-y-carlos-alfredo-fatule-lideran-la-nueva-propueta-de-tv-el-domingo-es-mio\/\" \/>\n<meta property=\"og:site_name\" content=\"PotenciaRadiofonicaDominicana.com\" \/>\n<meta property=\"article:publisher\" content=\"https:\/\/web.facebook.com\/PotenciaRadiofonicaD\" \/>\n<meta property=\"article:published_time\" content=\"2026-04-28T04:12:20+00:00\" \/>\n<meta property=\"og:image\" content=\"https:\/\/potenciaradiofonicadominicana.com\/portal\/wp-content\/uploads\/2026\/04\/1777338875.webp\" \/>\n\t<meta property=\"og:image:width\" content=\"1280\" \/>\n\t<meta property=\"og:image:height\" content=\"854\" \/>\n\t<meta property=\"og:image:type\" content=\"image\/webp\" \/>\n<meta name=\"author\" content=\"Potencia Radiof\u00f3nica Dominicana\" \/>\n<meta name=\"twitter:card\" content=\"summary_large_image\" \/>\n<meta name=\"twitter:label1\" content=\"Escrito por\" \/>\n\t<meta name=\"twitter:data1\" content=\"Potencia Radiof\u00f3nica Dominicana\" \/>\n\t<meta name=\"twitter:label2\" content=\"Tiempo de lectura\" \/>\n\t<meta name=\"twitter:data2\" content=\"3 minutos\" \/>\n<script type=\"application\/ld+json\" class=\"yoast-schema-graph\">{\"@context\":\"https:\/\/schema.org\",\"@graph\":[{\"@type\":\"Article\",\"@id\":\"https:\/\/potenciaradiofonicadominicana.com\/portal\/brenda-sanchez-y-carlos-alfredo-fatule-lideran-la-nueva-propueta-de-tv-el-domingo-es-mio\/#article\",\"isPartOf\":{\"@id\":\"https:\/\/potenciaradiofonicadominicana.com\/portal\/brenda-sanchez-y-carlos-alfredo-fatule-lideran-la-nueva-propueta-de-tv-el-domingo-es-mio\/\"},\"author\":{\"name\":\"Potencia Radiof\u00f3nica Dominicana\",\"@id\":\"https:\/\/potenciaradiofonicadominicana.com\/portal\/#\/schema\/person\/a5cf1fea13877803ee0573ac18b03490\"},\"headline\":\"Brenda S\u00e1nchez y Carlos Alfredo Fatule lideran la nueva propueta de TV \u00abEl Domingo es M\u00edo\u00bb\",\"datePublished\":\"2026-04-28T04:12:20+00:00\",\"mainEntityOfPage\":{\"@id\":\"https:\/\/potenciaradiofonicadominicana.com\/portal\/brenda-sanchez-y-carlos-alfredo-fatule-lideran-la-nueva-propueta-de-tv-el-domingo-es-mio\/\"},\"wordCount\":526,\"publisher\":{\"@id\":\"https:\/\/potenciaradiofonicadominicana.com\/portal\/#organization\"},\"image\":{\"@id\":\"https:\/\/potenciaradiofonicadominicana.com\/portal\/brenda-sanchez-y-carlos-alfredo-fatule-lideran-la-nueva-propueta-de-tv-el-domingo-es-mio\/#primaryimage\"},\"thumbnailUrl\":\"https:\/\/potenciaradiofonicadominicana.com\/portal\/wp-content\/uploads\/2026\/04\/1777338875.webp\",\"articleSection\":[\"Arte y Espectaculo\"],\"inLanguage\":\"es\"},{\"@type\":\"WebPage\",\"@id\":\"https:\/\/potenciaradiofonicadominicana.com\/portal\/brenda-sanchez-y-carlos-alfredo-fatule-lideran-la-nueva-propueta-de-tv-el-domingo-es-mio\/\",\"url\":\"https:\/\/potenciaradiofonicadominicana.com\/portal\/brenda-sanchez-y-carlos-alfredo-fatule-lideran-la-nueva-propueta-de-tv-el-domingo-es-mio\/\",\"name\":\"Brenda S\u00e1nchez y Carlos Alfredo Fatule lideran la nueva propueta de TV \u00abEl Domingo es M\u00edo\u00bb - PotenciaRadiofonicaDominicana.com\",\"isPartOf\":{\"@id\":\"https:\/\/potenciaradiofonicadominicana.com\/portal\/#website\"},\"primaryImageOfPage\":{\"@id\":\"https:\/\/potenciaradiofonicadominicana.com\/portal\/brenda-sanchez-y-carlos-alfredo-fatule-lideran-la-nueva-propueta-de-tv-el-domingo-es-mio\/#primaryimage\"},\"image\":{\"@id\":\"https:\/\/potenciaradiofonicadominicana.com\/portal\/brenda-sanchez-y-carlos-alfredo-fatule-lideran-la-nueva-propueta-de-tv-el-domingo-es-mio\/#primaryimage\"},\"thumbnailUrl\":\"https:\/\/potenciaradiofonicadominicana.com\/portal\/wp-content\/uploads\/2026\/04\/1777338875.webp\",\"datePublished\":\"2026-04-28T04:12:20+00:00\",\"breadcrumb\":{\"@id\":\"https:\/\/potenciaradiofonicadominicana.com\/portal\/brenda-sanchez-y-carlos-alfredo-fatule-lideran-la-nueva-propueta-de-tv-el-domingo-es-mio\/#breadcrumb\"},\"inLanguage\":\"es\",\"potentialAction\":[{\"@type\":\"ReadAction\",\"target\":[\"https:\/\/potenciaradiofonicadominicana.com\/portal\/brenda-sanchez-y-carlos-alfredo-fatule-lideran-la-nueva-propueta-de-tv-el-domingo-es-mio\/\"]}]},{\"@type\":\"ImageObject\",\"inLanguage\":\"es\",\"@id\":\"https:\/\/potenciaradiofonicadominicana.com\/portal\/brenda-sanchez-y-carlos-alfredo-fatule-lideran-la-nueva-propueta-de-tv-el-domingo-es-mio\/#primaryimage\",\"url\":\"https:\/\/potenciaradiofonicadominicana.com\/portal\/wp-content\/uploads\/2026\/04\/1777338875.webp\",\"contentUrl\":\"https:\/\/potenciaradiofonicadominicana.com\/portal\/wp-content\/uploads\/2026\/04\/1777338875.webp\",\"width\":1280,\"height\":854},{\"@type\":\"BreadcrumbList\",\"@id\":\"https:\/\/potenciaradiofonicadominicana.com\/portal\/brenda-sanchez-y-carlos-alfredo-fatule-lideran-la-nueva-propueta-de-tv-el-domingo-es-mio\/#breadcrumb\",\"itemListElement\":[{\"@type\":\"ListItem\",\"position\":1,\"name\":\"Portada\",\"item\":\"https:\/\/potenciaradiofonicadominicana.com\/portal\/\"},{\"@type\":\"ListItem\",\"position\":2,\"name\":\"Brenda S\u00e1nchez y Carlos Alfredo Fatule lideran la nueva propueta de TV \u00abEl Domingo es M\u00edo\u00bb\"}]},{\"@type\":\"WebSite\",\"@id\":\"https:\/\/potenciaradiofonicadominicana.com\/portal\/#website\",\"url\":\"https:\/\/potenciaradiofonicadominicana.com\/portal\/\",\"name\":\"PotenciaRadiofonicaDominicana.com\",\"description\":\"Peri\u00f3dico Digital\",\"publisher\":{\"@id\":\"https:\/\/potenciaradiofonicadominicana.com\/portal\/#organization\"},\"potentialAction\":[{\"@type\":\"SearchAction\",\"target\":{\"@type\":\"EntryPoint\",\"urlTemplate\":\"https:\/\/potenciaradiofonicadominicana.com\/portal\/?s={search_term_string}\"},\"query-input\":{\"@type\":\"PropertyValueSpecification\",\"valueRequired\":true,\"valueName\":\"search_term_string\"}}],\"inLanguage\":\"es\"},{\"@type\":\"Organization\",\"@id\":\"https:\/\/potenciaradiofonicadominicana.com\/portal\/#organization\",\"name\":\"PotenciaRadiofonicaDominicana.com\",\"url\":\"https:\/\/potenciaradiofonicadominicana.com\/portal\/\",\"logo\":{\"@type\":\"ImageObject\",\"inLanguage\":\"es\",\"@id\":\"https:\/\/potenciaradiofonicadominicana.com\/portal\/#\/schema\/logo\/image\/\",\"url\":\"https:\/\/potenciaradiofonicadominicana.com\/portal\/wp-content\/uploads\/2022\/01\/descarga.png\",\"contentUrl\":\"https:\/\/potenciaradiofonicadominicana.com\/portal\/wp-content\/uploads\/2022\/01\/descarga.png\",\"width\":300,\"height\":100,\"caption\":\"PotenciaRadiofonicaDominicana.com\"},\"image\":{\"@id\":\"https:\/\/potenciaradiofonicadominicana.com\/portal\/#\/schema\/logo\/image\/\"},\"sameAs\":[\"https:\/\/web.facebook.com\/PotenciaRadiofonicaD\"]},{\"@type\":\"Person\",\"@id\":\"https:\/\/potenciaradiofonicadominicana.com\/portal\/#\/schema\/person\/a5cf1fea13877803ee0573ac18b03490\",\"name\":\"Potencia Radiof\u00f3nica Dominicana\",\"image\":{\"@type\":\"ImageObject\",\"inLanguage\":\"es\",\"@id\":\"https:\/\/potenciaradiofonicadominicana.com\/portal\/#\/schema\/person\/image\/\",\"url\":\"https:\/\/secure.gravatar.com\/avatar\/42a55ab9e8ccc656ba34cd791990602a?s=96&d=mm&r=g\",\"contentUrl\":\"https:\/\/secure.gravatar.com\/avatar\/42a55ab9e8ccc656ba34cd791990602a?s=96&d=mm&r=g\",\"caption\":\"Potencia Radiof\u00f3nica Dominicana\"},\"url\":\"https:\/\/potenciaradiofonicadominicana.com\/portal\/author\/johannyalmanzar\/\"}]}<\/script>\n<!-- \/ Yoast SEO plugin. -->","yoast_head_json":{"title":"Brenda S\u00e1nchez y Carlos Alfredo Fatule lideran la nueva propueta de TV \u00abEl Domingo es M\u00edo\u00bb - PotenciaRadiofonicaDominicana.com","robots":{"index":"index","follow":"follow","max-snippet":"max-snippet:-1","max-image-preview":"max-image-preview:large","max-video-preview":"max-video-preview:-1"},"canonical":"https:\/\/potenciaradiofonicadominicana.com\/portal\/brenda-sanchez-y-carlos-alfredo-fatule-lideran-la-nueva-propueta-de-tv-el-domingo-es-mio\/","og_locale":"es_ES","og_type":"article","og_title":"Brenda S\u00e1nchez y Carlos Alfredo Fatule lideran la nueva propueta de TV \u00abEl Domingo es M\u00edo\u00bb - PotenciaRadiofonicaDominicana.com","og_description":"La televisi\u00f3n dominicana se reinventa con el estreno de \u201cEl Domingo es M\u00edo\u201d, una propuesta din\u00e1mica y familiar que iniciar\u00e1 ...","og_url":"https:\/\/potenciaradiofonicadominicana.com\/portal\/brenda-sanchez-y-carlos-alfredo-fatule-lideran-la-nueva-propueta-de-tv-el-domingo-es-mio\/","og_site_name":"PotenciaRadiofonicaDominicana.com","article_publisher":"https:\/\/web.facebook.com\/PotenciaRadiofonicaD","article_published_time":"2026-04-28T04:12:20+00:00","og_image":[{"width":1280,"height":854,"url":"https:\/\/potenciaradiofonicadominicana.com\/portal\/wp-content\/uploads\/2026\/04\/1777338875.webp","type":"image\/webp"}],"author":"Potencia Radiof\u00f3nica Dominicana","twitter_card":"summary_large_image","twitter_misc":{"Escrito por":"Potencia Radiof\u00f3nica Dominicana","Tiempo de lectura":"3 minutos"},"schema":{"@context":"https:\/\/schema.org","@graph":[{"@type":"Article","@id":"https:\/\/potenciaradiofonicadominicana.com\/portal\/brenda-sanchez-y-carlos-alfredo-fatule-lideran-la-nueva-propueta-de-tv-el-domingo-es-mio\/#article","isPartOf":{"@id":"https:\/\/potenciaradiofonicadominicana.com\/portal\/brenda-sanchez-y-carlos-alfredo-fatule-lideran-la-nueva-propueta-de-tv-el-domingo-es-mio\/"},"author":{"name":"Potencia Radiof\u00f3nica Dominicana","@id":"https:\/\/potenciaradiofonicadominicana.com\/portal\/#\/schema\/person\/a5cf1fea13877803ee0573ac18b03490"},"headline":"Brenda S\u00e1nchez y Carlos Alfredo Fatule lideran la nueva propueta de TV \u00abEl Domingo es M\u00edo\u00bb","datePublished":"2026-04-28T04:12:20+00:00","mainEntityOfPage":{"@id":"https:\/\/potenciaradiofonicadominicana.com\/portal\/brenda-sanchez-y-carlos-alfredo-fatule-lideran-la-nueva-propueta-de-tv-el-domingo-es-mio\/"},"wordCount":526,"publisher":{"@id":"https:\/\/potenciaradiofonicadominicana.com\/portal\/#organization"},"image":{"@id":"https:\/\/potenciaradiofonicadominicana.com\/portal\/brenda-sanchez-y-carlos-alfredo-fatule-lideran-la-nueva-propueta-de-tv-el-domingo-es-mio\/#primaryimage"},"thumbnailUrl":"https:\/\/potenciaradiofonicadominicana.com\/portal\/wp-content\/uploads\/2026\/04\/1777338875.webp","articleSection":["Arte y Espectaculo"],"inLanguage":"es"},{"@type":"WebPage","@id":"https:\/\/potenciaradiofonicadominicana.com\/portal\/brenda-sanchez-y-carlos-alfredo-fatule-lideran-la-nueva-propueta-de-tv-el-domingo-es-mio\/","url":"https:\/\/potenciaradiofonicadominicana.com\/portal\/brenda-sanchez-y-carlos-alfredo-fatule-lideran-la-nueva-propueta-de-tv-el-domingo-es-mio\/","name":"Brenda S\u00e1nchez y Carlos Alfredo Fatule lideran la nueva propueta de TV \u00abEl Domingo es M\u00edo\u00bb - PotenciaRadiofonicaDominicana.com","isPartOf":{"@id":"https:\/\/potenciaradiofonicadominicana.com\/portal\/#website"},"primaryImageOfPage":{"@id":"https:\/\/potenciaradiofonicadominicana.com\/portal\/brenda-sanchez-y-carlos-alfredo-fatule-lideran-la-nueva-propueta-de-tv-el-domingo-es-mio\/#primaryimage"},"image":{"@id":"https:\/\/potenciaradiofonicadominicana.com\/portal\/brenda-sanchez-y-carlos-alfredo-fatule-lideran-la-nueva-propueta-de-tv-el-domingo-es-mio\/#primaryimage"},"thumbnailUrl":"https:\/\/potenciaradiofonicadominicana.com\/portal\/wp-content\/uploads\/2026\/04\/1777338875.webp","datePublished":"2026-04-28T04:12:20+00:00","breadcrumb":{"@id":"https:\/\/potenciaradiofonicadominicana.com\/portal\/brenda-sanchez-y-carlos-alfredo-fatule-lideran-la-nueva-propueta-de-tv-el-domingo-es-mio\/#breadcrumb"},"inLanguage":"es","potentialAction":[{"@type":"ReadAction","target":["https:\/\/potenciaradiofonicadominicana.com\/portal\/brenda-sanchez-y-carlos-alfredo-fatule-lideran-la-nueva-propueta-de-tv-el-domingo-es-mio\/"]}]},{"@type":"ImageObject","inLanguage":"es","@id":"https:\/\/potenciaradiofonicadominicana.com\/portal\/brenda-sanchez-y-carlos-alfredo-fatule-lideran-la-nueva-propueta-de-tv-el-domingo-es-mio\/#primaryimage","url":"https:\/\/potenciaradiofonicadominicana.com\/portal\/wp-content\/uploads\/2026\/04\/1777338875.webp","contentUrl":"https:\/\/potenciaradiofonicadominicana.com\/portal\/wp-content\/uploads\/2026\/04\/1777338875.webp","width":1280,"height":854},{"@type":"BreadcrumbList","@id":"https:\/\/potenciaradiofonicadominicana.com\/portal\/brenda-sanchez-y-carlos-alfredo-fatule-lideran-la-nueva-propueta-de-tv-el-domingo-es-mio\/#breadcrumb","itemListElement":[{"@type":"ListItem","position":1,"name":"Portada","item":"https:\/\/potenciaradiofonicadominicana.com\/portal\/"},{"@type":"ListItem","position":2,"name":"Brenda S\u00e1nchez y Carlos Alfredo Fatule lideran la nueva propueta de TV \u00abEl Domingo es M\u00edo\u00bb"}]},{"@type":"WebSite","@id":"https:\/\/potenciaradiofonicadominicana.com\/portal\/#website","url":"https:\/\/potenciaradiofonicadominicana.com\/portal\/","name":"PotenciaRadiofonicaDominicana.com","description":"Peri\u00f3dico Digital","publisher":{"@id":"https:\/\/potenciaradiofonicadominicana.com\/portal\/#organization"},"potentialAction":[{"@type":"SearchAction","target":{"@type":"EntryPoint","urlTemplate":"https:\/\/potenciaradiofonicadominicana.com\/portal\/?s={search_term_string}"},"query-input":{"@type":"PropertyValueSpecification","valueRequired":true,"valueName":"search_term_string"}}],"inLanguage":"es"},{"@type":"Organization","@id":"https:\/\/potenciaradiofonicadominicana.com\/portal\/#organization","name":"PotenciaRadiofonicaDominicana.com","url":"https:\/\/potenciaradiofonicadominicana.com\/portal\/","logo":{"@type":"ImageObject","inLanguage":"es","@id":"https:\/\/potenciaradiofonicadominicana.com\/portal\/#\/schema\/logo\/image\/","url":"https:\/\/potenciaradiofonicadominicana.com\/portal\/wp-content\/uploads\/2022\/01\/descarga.png","contentUrl":"https:\/\/potenciaradiofonicadominicana.com\/portal\/wp-content\/uploads\/2022\/01\/descarga.png","width":300,"height":100,"caption":"PotenciaRadiofonicaDominicana.com"},"image":{"@id":"https:\/\/potenciaradiofonicadominicana.com\/portal\/#\/schema\/logo\/image\/"},"sameAs":["https:\/\/web.facebook.com\/PotenciaRadiofonicaD"]},{"@type":"Person","@id":"https:\/\/potenciaradiofonicadominicana.com\/portal\/#\/schema\/person\/a5cf1fea13877803ee0573ac18b03490","name":"Potencia Radiof\u00f3nica Dominicana","image":{"@type":"ImageObject","inLanguage":"es","@id":"https:\/\/potenciaradiofonicadominicana.com\/portal\/#\/schema\/person\/image\/","url":"https:\/\/secure.gravatar.com\/avatar\/42a55ab9e8ccc656ba34cd791990602a?s=96&d=mm&r=g","contentUrl":"https:\/\/secure.gravatar.com\/avatar\/42a55ab9e8ccc656ba34cd791990602a?s=96&d=mm&r=g","caption":"Potencia Radiof\u00f3nica Dominicana"},"url":"https:\/\/potenciaradiofonicadominicana.com\/portal\/author\/johannyalmanzar\/"}]}},"_links":{"self":[{"href":"https:\/\/potenciaradiofonicadominicana.com\/portal\/wp-json\/wp\/v2\/posts\/216015","targetHints":{"allow":["GET"]}}],"collection":[{"href":"https:\/\/potenciaradiofonicadominicana.com\/portal\/wp-json\/wp\/v2\/posts"}],"about":[{"href":"https:\/\/potenciaradiofonicadominicana.com\/portal\/wp-json\/wp\/v2\/types\/post"}],"author":[{"embeddable":true,"href":"https:\/\/potenciaradiofonicadominicana.com\/portal\/wp-json\/wp\/v2\/users\/2"}],"replies":[{"embeddable":true,"href":"https:\/\/potenciaradiofonicadominicana.com\/portal\/wp-json\/wp\/v2\/comments?post=216015"}],"version-history":[{"count":1,"href":"https:\/\/potenciaradiofonicadominicana.com\/portal\/wp-json\/wp\/v2\/posts\/216015\/revisions"}],"predecessor-version":[{"id":216019,"href":"https:\/\/potenciaradiofonicadominicana.com\/portal\/wp-json\/wp\/v2\/posts\/216015\/revisions\/216019"}],"wp:featuredmedia":[{"embeddable":true,"href":"https:\/\/potenciaradiofonicadominicana.com\/portal\/wp-json\/wp\/v2\/media\/216017"}],"wp:attachment":[{"href":"https:\/\/potenciaradiofonicadominicana.com\/portal\/wp-json\/wp\/v2\/media?parent=216015"}],"wp:term":[{"taxonomy":"category","embeddable":true,"href":"https:\/\/potenciaradiofonicadominicana.com\/portal\/wp-json\/wp\/v2\/categories?post=216015"},{"taxonomy":"post_tag","embeddable":true,"href":"https:\/\/potenciaradiofonicadominicana.com\/portal\/wp-json\/wp\/v2\/tags?post=216015"}],"curies":[{"name":"wp","href":"https:\/\/api.w.org\/{rel}","templated":true}]}}