{"id":216011,"date":"2026-04-28T00:11:10","date_gmt":"2026-04-28T04:11:10","guid":{"rendered":"https:\/\/potenciaradiofonicadominicana.com\/portal\/?p=216011"},"modified":"2026-04-28T00:11:10","modified_gmt":"2026-04-28T04:11:10","slug":"laura-pausini-sufre-mal-de-altura-en-concierto-en-quito-y-usa-oxigeno-en-pleno-escenario","status":"publish","type":"post","link":"https:\/\/potenciaradiofonicadominicana.com\/portal\/laura-pausini-sufre-mal-de-altura-en-concierto-en-quito-y-usa-oxigeno-en-pleno-escenario\/","title":{"rendered":"Laura Pausini sufre mal de altura en concierto en Quito y usa ox\u00edgeno en pleno escenario"},"content":{"rendered":"<p><a href=\"https:\/\/potenciaradiofonicadominicana.com\/portal\/wp-content\/uploads\/2026\/04\/descarga.png\"><img loading=\"lazy\" decoding=\"async\" class=\"alignnone size-full wp-image-216013\" src=\"https:\/\/potenciaradiofonicadominicana.com\/portal\/wp-content\/uploads\/2026\/04\/descarga.png\" alt=\"\" width=\"1200\" height=\"675\" srcset=\"https:\/\/potenciaradiofonicadominicana.com\/portal\/wp-content\/uploads\/2026\/04\/descarga.png 1200w, https:\/\/potenciaradiofonicadominicana.com\/portal\/wp-content\/uploads\/2026\/04\/descarga-300x169.png 300w, https:\/\/potenciaradiofonicadominicana.com\/portal\/wp-content\/uploads\/2026\/04\/descarga-1024x576.png 1024w, https:\/\/potenciaradiofonicadominicana.com\/portal\/wp-content\/uploads\/2026\/04\/descarga-768x432.png 768w\" sizes=\"auto, (max-width: 1200px) 100vw, 1200px\" \/><\/a><\/p>\n<p><strong>\u00a0<\/strong>La cantante italiana Laura Pausini vivi\u00f3 un inesperado momento durante su reciente presentaci\u00f3n en Quito, Ecuador, al verse afectada por el mal de altura y tener que inhalar ox\u00edgeno en pleno escenario para recuperar el aliento.<\/p>\n<p>El incidente ocurri\u00f3 el pasado viernes mientras la int\u00e9rprete de \u201cLa soledad\u201d ofrec\u00eda un concierto en el Coliseo General Rumi\u00f1ahui como parte de su gira\u00a0<em>Io Canto World Tour<\/em>.<\/p>\n<p>Videos difundidos en redes sociales muestran a la artista visiblemente agitada mientras se dirig\u00eda tras bambalinas, donde recibi\u00f3 una mascarilla conectada a un cilindro de ox\u00edgeno. Minutos despu\u00e9s, uno de sus asistentes volvi\u00f3 a subir al escenario para facilitarle nuevamente el equipo.<\/p>\n<p>Lejos de alarmarse, Pausini manej\u00f3 la situaci\u00f3n con humor y cercan\u00eda con sus seguidores. \u201c\u00bfSe puede hablar mientras se hace o mejor que no?\u201d, pregunt\u00f3 al p\u00fablico, provocando risas entre los asistentes.<\/p>\n<p>Tras inhalar ox\u00edgeno por algunos segundos, la artista devolvi\u00f3 el aparato a su asistente y continu\u00f3 con normalidad el espect\u00e1culo.<\/p>\n<p>Quito est\u00e1 situada a unos 2,850 metros sobre el nivel del mar, una altitud que puede provocar malestar en algunas personas no adaptadas. Entre los s\u00edntomas m\u00e1s comunes del llamado mal de altura figuran mareos, fatiga, dolor de cabeza, n\u00e1useas y dificultad para respirar.<\/p>\n<p>No es la primera vez que la cantante enfrenta una situaci\u00f3n similar durante una presentaci\u00f3n. En 2024 tambi\u00e9n necesit\u00f3 ox\u00edgeno durante un concierto en la Arena Ciudad de M\u00e9xico, donde la altura y las altas temperaturas afectaron su rendimiento.<\/p>\n","protected":false},"excerpt":{"rendered":"<p>\u00a0La cantante italiana Laura Pausini vivi\u00f3 un inesperado momento durante su reciente presentaci\u00f3n en Quito, Ecuador, al verse afectada por &#8230;<\/p>\n","protected":false},"author":2,"featured_media":216013,"comment_status":"closed","ping_status":"closed","sticky":false,"template":"","format":"standard","meta":{"footnotes":""},"categories":[31],"tags":[],"class_list":["post-216011","post","type-post","status-publish","format-standard","has-post-thumbnail","hentry","category-arte-y-espectaculo"],"yoast_head":"<!-- This site is optimized with the Yoast SEO plugin v24.8.1 - https:\/\/yoast.com\/wordpress\/plugins\/seo\/ -->\n<title>Laura Pausini sufre mal de altura en concierto en Quito y usa ox\u00edgeno en pleno escenario - PotenciaRadiofonicaDominicana.com<\/title>\n<meta name=\"robots\" content=\"index, follow, max-snippet:-1, max-image-preview:large, max-video-preview:-1\" \/>\n<link rel=\"canonical\" href=\"https:\/\/potenciaradiofonicadominicana.com\/portal\/laura-pausini-sufre-mal-de-altura-en-concierto-en-quito-y-usa-oxigeno-en-pleno-escenario\/\" \/>\n<meta property=\"og:locale\" content=\"es_ES\" \/>\n<meta property=\"og:type\" content=\"article\" \/>\n<meta property=\"og:title\" content=\"Laura Pausini sufre mal de altura en concierto en Quito y usa ox\u00edgeno en pleno escenario - PotenciaRadiofonicaDominicana.com\" \/>\n<meta property=\"og:description\" content=\"\u00a0La cantante italiana Laura Pausini vivi\u00f3 un inesperado momento durante su reciente presentaci\u00f3n en Quito, Ecuador, al verse afectada por ...\" \/>\n<meta property=\"og:url\" content=\"https:\/\/potenciaradiofonicadominicana.com\/portal\/laura-pausini-sufre-mal-de-altura-en-concierto-en-quito-y-usa-oxigeno-en-pleno-escenario\/\" \/>\n<meta property=\"og:site_name\" content=\"PotenciaRadiofonicaDominicana.com\" \/>\n<meta property=\"article:publisher\" content=\"https:\/\/web.facebook.com\/PotenciaRadiofonicaD\" \/>\n<meta property=\"article:published_time\" content=\"2026-04-28T04:11:10+00:00\" \/>\n<meta property=\"og:image\" content=\"https:\/\/potenciaradiofonicadominicana.com\/portal\/wp-content\/uploads\/2026\/04\/descarga.png\" \/>\n\t<meta property=\"og:image:width\" content=\"1200\" \/>\n\t<meta property=\"og:image:height\" content=\"675\" \/>\n\t<meta property=\"og:image:type\" content=\"image\/png\" \/>\n<meta name=\"author\" content=\"Potencia Radiof\u00f3nica Dominicana\" \/>\n<meta name=\"twitter:card\" content=\"summary_large_image\" \/>\n<meta name=\"twitter:label1\" content=\"Escrito por\" \/>\n\t<meta name=\"twitter:data1\" content=\"Potencia Radiof\u00f3nica Dominicana\" \/>\n\t<meta name=\"twitter:label2\" content=\"Tiempo de lectura\" \/>\n\t<meta name=\"twitter:data2\" content=\"2 minutos\" \/>\n<script type=\"application\/ld+json\" class=\"yoast-schema-graph\">{\"@context\":\"https:\/\/schema.org\",\"@graph\":[{\"@type\":\"Article\",\"@id\":\"https:\/\/potenciaradiofonicadominicana.com\/portal\/laura-pausini-sufre-mal-de-altura-en-concierto-en-quito-y-usa-oxigeno-en-pleno-escenario\/#article\",\"isPartOf\":{\"@id\":\"https:\/\/potenciaradiofonicadominicana.com\/portal\/laura-pausini-sufre-mal-de-altura-en-concierto-en-quito-y-usa-oxigeno-en-pleno-escenario\/\"},\"author\":{\"name\":\"Potencia Radiof\u00f3nica Dominicana\",\"@id\":\"https:\/\/potenciaradiofonicadominicana.com\/portal\/#\/schema\/person\/a5cf1fea13877803ee0573ac18b03490\"},\"headline\":\"Laura Pausini sufre mal de altura en concierto en Quito y usa ox\u00edgeno en pleno escenario\",\"datePublished\":\"2026-04-28T04:11:10+00:00\",\"mainEntityOfPage\":{\"@id\":\"https:\/\/potenciaradiofonicadominicana.com\/portal\/laura-pausini-sufre-mal-de-altura-en-concierto-en-quito-y-usa-oxigeno-en-pleno-escenario\/\"},\"wordCount\":278,\"publisher\":{\"@id\":\"https:\/\/potenciaradiofonicadominicana.com\/portal\/#organization\"},\"image\":{\"@id\":\"https:\/\/potenciaradiofonicadominicana.com\/portal\/laura-pausini-sufre-mal-de-altura-en-concierto-en-quito-y-usa-oxigeno-en-pleno-escenario\/#primaryimage\"},\"thumbnailUrl\":\"https:\/\/potenciaradiofonicadominicana.com\/portal\/wp-content\/uploads\/2026\/04\/descarga.png\",\"articleSection\":[\"Arte y Espectaculo\"],\"inLanguage\":\"es\"},{\"@type\":\"WebPage\",\"@id\":\"https:\/\/potenciaradiofonicadominicana.com\/portal\/laura-pausini-sufre-mal-de-altura-en-concierto-en-quito-y-usa-oxigeno-en-pleno-escenario\/\",\"url\":\"https:\/\/potenciaradiofonicadominicana.com\/portal\/laura-pausini-sufre-mal-de-altura-en-concierto-en-quito-y-usa-oxigeno-en-pleno-escenario\/\",\"name\":\"Laura Pausini sufre mal de altura en concierto en Quito y usa ox\u00edgeno en pleno escenario - PotenciaRadiofonicaDominicana.com\",\"isPartOf\":{\"@id\":\"https:\/\/potenciaradiofonicadominicana.com\/portal\/#website\"},\"primaryImageOfPage\":{\"@id\":\"https:\/\/potenciaradiofonicadominicana.com\/portal\/laura-pausini-sufre-mal-de-altura-en-concierto-en-quito-y-usa-oxigeno-en-pleno-escenario\/#primaryimage\"},\"image\":{\"@id\":\"https:\/\/potenciaradiofonicadominicana.com\/portal\/laura-pausini-sufre-mal-de-altura-en-concierto-en-quito-y-usa-oxigeno-en-pleno-escenario\/#primaryimage\"},\"thumbnailUrl\":\"https:\/\/potenciaradiofonicadominicana.com\/portal\/wp-content\/uploads\/2026\/04\/descarga.png\",\"datePublished\":\"2026-04-28T04:11:10+00:00\",\"breadcrumb\":{\"@id\":\"https:\/\/potenciaradiofonicadominicana.com\/portal\/laura-pausini-sufre-mal-de-altura-en-concierto-en-quito-y-usa-oxigeno-en-pleno-escenario\/#breadcrumb\"},\"inLanguage\":\"es\",\"potentialAction\":[{\"@type\":\"ReadAction\",\"target\":[\"https:\/\/potenciaradiofonicadominicana.com\/portal\/laura-pausini-sufre-mal-de-altura-en-concierto-en-quito-y-usa-oxigeno-en-pleno-escenario\/\"]}]},{\"@type\":\"ImageObject\",\"inLanguage\":\"es\",\"@id\":\"https:\/\/potenciaradiofonicadominicana.com\/portal\/laura-pausini-sufre-mal-de-altura-en-concierto-en-quito-y-usa-oxigeno-en-pleno-escenario\/#primaryimage\",\"url\":\"https:\/\/potenciaradiofonicadominicana.com\/portal\/wp-content\/uploads\/2026\/04\/descarga.png\",\"contentUrl\":\"https:\/\/potenciaradiofonicadominicana.com\/portal\/wp-content\/uploads\/2026\/04\/descarga.png\",\"width\":1200,\"height\":675},{\"@type\":\"BreadcrumbList\",\"@id\":\"https:\/\/potenciaradiofonicadominicana.com\/portal\/laura-pausini-sufre-mal-de-altura-en-concierto-en-quito-y-usa-oxigeno-en-pleno-escenario\/#breadcrumb\",\"itemListElement\":[{\"@type\":\"ListItem\",\"position\":1,\"name\":\"Portada\",\"item\":\"https:\/\/potenciaradiofonicadominicana.com\/portal\/\"},{\"@type\":\"ListItem\",\"position\":2,\"name\":\"Laura Pausini sufre mal de altura en concierto en Quito y usa ox\u00edgeno en pleno escenario\"}]},{\"@type\":\"WebSite\",\"@id\":\"https:\/\/potenciaradiofonicadominicana.com\/portal\/#website\",\"url\":\"https:\/\/potenciaradiofonicadominicana.com\/portal\/\",\"name\":\"PotenciaRadiofonicaDominicana.com\",\"description\":\"Peri\u00f3dico Digital\",\"publisher\":{\"@id\":\"https:\/\/potenciaradiofonicadominicana.com\/portal\/#organization\"},\"potentialAction\":[{\"@type\":\"SearchAction\",\"target\":{\"@type\":\"EntryPoint\",\"urlTemplate\":\"https:\/\/potenciaradiofonicadominicana.com\/portal\/?s={search_term_string}\"},\"query-input\":{\"@type\":\"PropertyValueSpecification\",\"valueRequired\":true,\"valueName\":\"search_term_string\"}}],\"inLanguage\":\"es\"},{\"@type\":\"Organization\",\"@id\":\"https:\/\/potenciaradiofonicadominicana.com\/portal\/#organization\",\"name\":\"PotenciaRadiofonicaDominicana.com\",\"url\":\"https:\/\/potenciaradiofonicadominicana.com\/portal\/\",\"logo\":{\"@type\":\"ImageObject\",\"inLanguage\":\"es\",\"@id\":\"https:\/\/potenciaradiofonicadominicana.com\/portal\/#\/schema\/logo\/image\/\",\"url\":\"https:\/\/potenciaradiofonicadominicana.com\/portal\/wp-content\/uploads\/2022\/01\/descarga.png\",\"contentUrl\":\"https:\/\/potenciaradiofonicadominicana.com\/portal\/wp-content\/uploads\/2022\/01\/descarga.png\",\"width\":300,\"height\":100,\"caption\":\"PotenciaRadiofonicaDominicana.com\"},\"image\":{\"@id\":\"https:\/\/potenciaradiofonicadominicana.com\/portal\/#\/schema\/logo\/image\/\"},\"sameAs\":[\"https:\/\/web.facebook.com\/PotenciaRadiofonicaD\"]},{\"@type\":\"Person\",\"@id\":\"https:\/\/potenciaradiofonicadominicana.com\/portal\/#\/schema\/person\/a5cf1fea13877803ee0573ac18b03490\",\"name\":\"Potencia Radiof\u00f3nica Dominicana\",\"image\":{\"@type\":\"ImageObject\",\"inLanguage\":\"es\",\"@id\":\"https:\/\/potenciaradiofonicadominicana.com\/portal\/#\/schema\/person\/image\/\",\"url\":\"https:\/\/secure.gravatar.com\/avatar\/42a55ab9e8ccc656ba34cd791990602a?s=96&d=mm&r=g\",\"contentUrl\":\"https:\/\/secure.gravatar.com\/avatar\/42a55ab9e8ccc656ba34cd791990602a?s=96&d=mm&r=g\",\"caption\":\"Potencia Radiof\u00f3nica Dominicana\"},\"url\":\"https:\/\/potenciaradiofonicadominicana.com\/portal\/author\/johannyalmanzar\/\"}]}<\/script>\n<!-- \/ Yoast SEO plugin. -->","yoast_head_json":{"title":"Laura Pausini sufre mal de altura en concierto en Quito y usa ox\u00edgeno en pleno escenario - PotenciaRadiofonicaDominicana.com","robots":{"index":"index","follow":"follow","max-snippet":"max-snippet:-1","max-image-preview":"max-image-preview:large","max-video-preview":"max-video-preview:-1"},"canonical":"https:\/\/potenciaradiofonicadominicana.com\/portal\/laura-pausini-sufre-mal-de-altura-en-concierto-en-quito-y-usa-oxigeno-en-pleno-escenario\/","og_locale":"es_ES","og_type":"article","og_title":"Laura Pausini sufre mal de altura en concierto en Quito y usa ox\u00edgeno en pleno escenario - PotenciaRadiofonicaDominicana.com","og_description":"\u00a0La cantante italiana Laura Pausini vivi\u00f3 un inesperado momento durante su reciente presentaci\u00f3n en Quito, Ecuador, al verse afectada por ...","og_url":"https:\/\/potenciaradiofonicadominicana.com\/portal\/laura-pausini-sufre-mal-de-altura-en-concierto-en-quito-y-usa-oxigeno-en-pleno-escenario\/","og_site_name":"PotenciaRadiofonicaDominicana.com","article_publisher":"https:\/\/web.facebook.com\/PotenciaRadiofonicaD","article_published_time":"2026-04-28T04:11:10+00:00","og_image":[{"width":1200,"height":675,"url":"https:\/\/potenciaradiofonicadominicana.com\/portal\/wp-content\/uploads\/2026\/04\/descarga.png","type":"image\/png"}],"author":"Potencia Radiof\u00f3nica Dominicana","twitter_card":"summary_large_image","twitter_misc":{"Escrito por":"Potencia Radiof\u00f3nica Dominicana","Tiempo de lectura":"2 minutos"},"schema":{"@context":"https:\/\/schema.org","@graph":[{"@type":"Article","@id":"https:\/\/potenciaradiofonicadominicana.com\/portal\/laura-pausini-sufre-mal-de-altura-en-concierto-en-quito-y-usa-oxigeno-en-pleno-escenario\/#article","isPartOf":{"@id":"https:\/\/potenciaradiofonicadominicana.com\/portal\/laura-pausini-sufre-mal-de-altura-en-concierto-en-quito-y-usa-oxigeno-en-pleno-escenario\/"},"author":{"name":"Potencia Radiof\u00f3nica Dominicana","@id":"https:\/\/potenciaradiofonicadominicana.com\/portal\/#\/schema\/person\/a5cf1fea13877803ee0573ac18b03490"},"headline":"Laura Pausini sufre mal de altura en concierto en Quito y usa ox\u00edgeno en pleno escenario","datePublished":"2026-04-28T04:11:10+00:00","mainEntityOfPage":{"@id":"https:\/\/potenciaradiofonicadominicana.com\/portal\/laura-pausini-sufre-mal-de-altura-en-concierto-en-quito-y-usa-oxigeno-en-pleno-escenario\/"},"wordCount":278,"publisher":{"@id":"https:\/\/potenciaradiofonicadominicana.com\/portal\/#organization"},"image":{"@id":"https:\/\/potenciaradiofonicadominicana.com\/portal\/laura-pausini-sufre-mal-de-altura-en-concierto-en-quito-y-usa-oxigeno-en-pleno-escenario\/#primaryimage"},"thumbnailUrl":"https:\/\/potenciaradiofonicadominicana.com\/portal\/wp-content\/uploads\/2026\/04\/descarga.png","articleSection":["Arte y Espectaculo"],"inLanguage":"es"},{"@type":"WebPage","@id":"https:\/\/potenciaradiofonicadominicana.com\/portal\/laura-pausini-sufre-mal-de-altura-en-concierto-en-quito-y-usa-oxigeno-en-pleno-escenario\/","url":"https:\/\/potenciaradiofonicadominicana.com\/portal\/laura-pausini-sufre-mal-de-altura-en-concierto-en-quito-y-usa-oxigeno-en-pleno-escenario\/","name":"Laura Pausini sufre mal de altura en concierto en Quito y usa ox\u00edgeno en pleno escenario - PotenciaRadiofonicaDominicana.com","isPartOf":{"@id":"https:\/\/potenciaradiofonicadominicana.com\/portal\/#website"},"primaryImageOfPage":{"@id":"https:\/\/potenciaradiofonicadominicana.com\/portal\/laura-pausini-sufre-mal-de-altura-en-concierto-en-quito-y-usa-oxigeno-en-pleno-escenario\/#primaryimage"},"image":{"@id":"https:\/\/potenciaradiofonicadominicana.com\/portal\/laura-pausini-sufre-mal-de-altura-en-concierto-en-quito-y-usa-oxigeno-en-pleno-escenario\/#primaryimage"},"thumbnailUrl":"https:\/\/potenciaradiofonicadominicana.com\/portal\/wp-content\/uploads\/2026\/04\/descarga.png","datePublished":"2026-04-28T04:11:10+00:00","breadcrumb":{"@id":"https:\/\/potenciaradiofonicadominicana.com\/portal\/laura-pausini-sufre-mal-de-altura-en-concierto-en-quito-y-usa-oxigeno-en-pleno-escenario\/#breadcrumb"},"inLanguage":"es","potentialAction":[{"@type":"ReadAction","target":["https:\/\/potenciaradiofonicadominicana.com\/portal\/laura-pausini-sufre-mal-de-altura-en-concierto-en-quito-y-usa-oxigeno-en-pleno-escenario\/"]}]},{"@type":"ImageObject","inLanguage":"es","@id":"https:\/\/potenciaradiofonicadominicana.com\/portal\/laura-pausini-sufre-mal-de-altura-en-concierto-en-quito-y-usa-oxigeno-en-pleno-escenario\/#primaryimage","url":"https:\/\/potenciaradiofonicadominicana.com\/portal\/wp-content\/uploads\/2026\/04\/descarga.png","contentUrl":"https:\/\/potenciaradiofonicadominicana.com\/portal\/wp-content\/uploads\/2026\/04\/descarga.png","width":1200,"height":675},{"@type":"BreadcrumbList","@id":"https:\/\/potenciaradiofonicadominicana.com\/portal\/laura-pausini-sufre-mal-de-altura-en-concierto-en-quito-y-usa-oxigeno-en-pleno-escenario\/#breadcrumb","itemListElement":[{"@type":"ListItem","position":1,"name":"Portada","item":"https:\/\/potenciaradiofonicadominicana.com\/portal\/"},{"@type":"ListItem","position":2,"name":"Laura Pausini sufre mal de altura en concierto en Quito y usa ox\u00edgeno en pleno escenario"}]},{"@type":"WebSite","@id":"https:\/\/potenciaradiofonicadominicana.com\/portal\/#website","url":"https:\/\/potenciaradiofonicadominicana.com\/portal\/","name":"PotenciaRadiofonicaDominicana.com","description":"Peri\u00f3dico Digital","publisher":{"@id":"https:\/\/potenciaradiofonicadominicana.com\/portal\/#organization"},"potentialAction":[{"@type":"SearchAction","target":{"@type":"EntryPoint","urlTemplate":"https:\/\/potenciaradiofonicadominicana.com\/portal\/?s={search_term_string}"},"query-input":{"@type":"PropertyValueSpecification","valueRequired":true,"valueName":"search_term_string"}}],"inLanguage":"es"},{"@type":"Organization","@id":"https:\/\/potenciaradiofonicadominicana.com\/portal\/#organization","name":"PotenciaRadiofonicaDominicana.com","url":"https:\/\/potenciaradiofonicadominicana.com\/portal\/","logo":{"@type":"ImageObject","inLanguage":"es","@id":"https:\/\/potenciaradiofonicadominicana.com\/portal\/#\/schema\/logo\/image\/","url":"https:\/\/potenciaradiofonicadominicana.com\/portal\/wp-content\/uploads\/2022\/01\/descarga.png","contentUrl":"https:\/\/potenciaradiofonicadominicana.com\/portal\/wp-content\/uploads\/2022\/01\/descarga.png","width":300,"height":100,"caption":"PotenciaRadiofonicaDominicana.com"},"image":{"@id":"https:\/\/potenciaradiofonicadominicana.com\/portal\/#\/schema\/logo\/image\/"},"sameAs":["https:\/\/web.facebook.com\/PotenciaRadiofonicaD"]},{"@type":"Person","@id":"https:\/\/potenciaradiofonicadominicana.com\/portal\/#\/schema\/person\/a5cf1fea13877803ee0573ac18b03490","name":"Potencia Radiof\u00f3nica Dominicana","image":{"@type":"ImageObject","inLanguage":"es","@id":"https:\/\/potenciaradiofonicadominicana.com\/portal\/#\/schema\/person\/image\/","url":"https:\/\/secure.gravatar.com\/avatar\/42a55ab9e8ccc656ba34cd791990602a?s=96&d=mm&r=g","contentUrl":"https:\/\/secure.gravatar.com\/avatar\/42a55ab9e8ccc656ba34cd791990602a?s=96&d=mm&r=g","caption":"Potencia Radiof\u00f3nica Dominicana"},"url":"https:\/\/potenciaradiofonicadominicana.com\/portal\/author\/johannyalmanzar\/"}]}},"_links":{"self":[{"href":"https:\/\/potenciaradiofonicadominicana.com\/portal\/wp-json\/wp\/v2\/posts\/216011","targetHints":{"allow":["GET"]}}],"collection":[{"href":"https:\/\/potenciaradiofonicadominicana.com\/portal\/wp-json\/wp\/v2\/posts"}],"about":[{"href":"https:\/\/potenciaradiofonicadominicana.com\/portal\/wp-json\/wp\/v2\/types\/post"}],"author":[{"embeddable":true,"href":"https:\/\/potenciaradiofonicadominicana.com\/portal\/wp-json\/wp\/v2\/users\/2"}],"replies":[{"embeddable":true,"href":"https:\/\/potenciaradiofonicadominicana.com\/portal\/wp-json\/wp\/v2\/comments?post=216011"}],"version-history":[{"count":1,"href":"https:\/\/potenciaradiofonicadominicana.com\/portal\/wp-json\/wp\/v2\/posts\/216011\/revisions"}],"predecessor-version":[{"id":216014,"href":"https:\/\/potenciaradiofonicadominicana.com\/portal\/wp-json\/wp\/v2\/posts\/216011\/revisions\/216014"}],"wp:featuredmedia":[{"embeddable":true,"href":"https:\/\/potenciaradiofonicadominicana.com\/portal\/wp-json\/wp\/v2\/media\/216013"}],"wp:attachment":[{"href":"https:\/\/potenciaradiofonicadominicana.com\/portal\/wp-json\/wp\/v2\/media?parent=216011"}],"wp:term":[{"taxonomy":"category","embeddable":true,"href":"https:\/\/potenciaradiofonicadominicana.com\/portal\/wp-json\/wp\/v2\/categories?post=216011"},{"taxonomy":"post_tag","embeddable":true,"href":"https:\/\/potenciaradiofonicadominicana.com\/portal\/wp-json\/wp\/v2\/tags?post=216011"}],"curies":[{"name":"wp","href":"https:\/\/api.w.org\/{rel}","templated":true}]}}