{"id":216010,"date":"2026-04-28T00:11:39","date_gmt":"2026-04-28T04:11:39","guid":{"rendered":"https:\/\/potenciaradiofonicadominicana.com\/portal\/?p=216010"},"modified":"2026-04-28T00:11:39","modified_gmt":"2026-04-28T04:11:39","slug":"pro-competencia-asegura-rd-fortalece-clima-de-inversion-con-reglas-claras","status":"publish","type":"post","link":"https:\/\/potenciaradiofonicadominicana.com\/portal\/pro-competencia-asegura-rd-fortalece-clima-de-inversion-con-reglas-claras\/","title":{"rendered":"Pro-Competencia asegura RD fortalece clima de inversi\u00f3n con reglas claras"},"content":{"rendered":"<p><a href=\"https:\/\/potenciaradiofonicadominicana.com\/portal\/wp-content\/uploads\/2026\/04\/whatsapp-image-2026-04-27-at-20751-pm-eeaff297-focus-0-0-896-504.jpg\"><img loading=\"lazy\" decoding=\"async\" class=\"alignnone size-full wp-image-216012\" src=\"https:\/\/potenciaradiofonicadominicana.com\/portal\/wp-content\/uploads\/2026\/04\/whatsapp-image-2026-04-27-at-20751-pm-eeaff297-focus-0-0-896-504.jpg\" alt=\"\" width=\"896\" height=\"504\" srcset=\"https:\/\/potenciaradiofonicadominicana.com\/portal\/wp-content\/uploads\/2026\/04\/whatsapp-image-2026-04-27-at-20751-pm-eeaff297-focus-0-0-896-504.jpg 896w, https:\/\/potenciaradiofonicadominicana.com\/portal\/wp-content\/uploads\/2026\/04\/whatsapp-image-2026-04-27-at-20751-pm-eeaff297-focus-0-0-896-504-300x169.jpg 300w, https:\/\/potenciaradiofonicadominicana.com\/portal\/wp-content\/uploads\/2026\/04\/whatsapp-image-2026-04-27-at-20751-pm-eeaff297-focus-0-0-896-504-768x432.jpg 768w\" sizes=\"auto, (max-width: 896px) 100vw, 896px\" \/><\/a><\/p>\n<p>La presidenta de la Comisi\u00f3n Nacional de Defensa de la Competencia (Pro-competencia),\u00a0<strong>Mar\u00eda Elena V\u00e1squez Taveras<\/strong>, afirm\u00f3 que la\u00a0<strong>Rep\u00fablica Dominicana<\/strong>\u00a0fortalece su clima de\u00a0<strong>inversi\u00f3n<\/strong>\u00a0con garant\u00edas basadas en la\u00a0<strong>libre competencia<\/strong>, la\u00a0<strong>transparencia<\/strong>\u00a0y reglas claras del mercado.<\/p>\n<p>Durante su intervenci\u00f3n en la\u00a0<strong>conferencia<\/strong>: \u00ab<strong>Libre competencia<\/strong>,\u00a0<strong>inversi\u00f3n<\/strong>\u00a0y futuro: garant\u00edas para emprender y prosperar en RD\u00bb, organizada por el\u00a0<strong>Consulado General<\/strong>\u00a0dominicano en Nueva York y el\u00a0<strong>Frente de Educadores Dominicanos<\/strong>\u00a0en el Exterior, destac\u00f3 que la\u00a0<strong>libre competencia<\/strong>\u00a0no es un concepto reservado a economistas, sino una experiencia que todos hemos vivido.<\/p>\n<p>Acciones de Pro-Competencia para fortalecer la\u00a0<strong>inversi\u00f3n<\/strong><\/p>\n<p>Agreg\u00f3 que\u00a0<strong>ninguna empresa<\/strong>\u00a0puede dormirse en sus laureles y que su \u00fanico camino para\u00a0<strong>retener clientes<\/strong>\u00a0es\u00a0<strong>mejorar<\/strong>.<\/p>\n<p>La funcionaria destac\u00f3 el\u00a0<strong>crecimiento econ\u00f3mico<\/strong>\u00a0del pa\u00eds y el aumento de la\u00a0<strong>inversi\u00f3n extranjera<\/strong>\u00a0como factores que fortalecen el clima de negocios, adem\u00e1s indic\u00f3 que Pro-Competencia no es una opci\u00f3n del Estado dominicano; es una\u00a0<strong>obligaci\u00f3n constitucional<\/strong>.<\/p>\n<p>De su lado, el c\u00f3nsul general de Quisqueya en Nueva York,\u00a0<strong>Jes\u00fas V\u00e1squez Mart\u00ednez<\/strong>, al ofrecer las\u00a0<strong>palabras de bienvenida<\/strong>\u00a0dijo que este tipo de iniciativas responden a la necesidad de orientar a la\u00a0<strong>di\u00e1spora<\/strong>\u00a0y fortalecer su v\u00ednculo con el desarrollo econ\u00f3mico del pa\u00eds.<\/p>\n<p>Iniciativas del Consulado para vincular a la di\u00e1spora<\/p>\n<p>\u00abHoy nos convoca un\u00a0<strong>tema esencial<\/strong>: c\u00f3mo construir un entorno donde las ideas y los sue\u00f1os puedan transformarse en\u00a0<strong>oportunidades reales<\/strong>\u00a0de\u00a0<strong>crecimiento<\/strong>\u00ab, expres\u00f3.<\/p>\n<p>El c\u00f3nsul explic\u00f3 que la actividad forma parte de un proceso de\u00a0<strong>acercamiento continuo<\/strong>\u00a0con la\u00a0<strong>comunidad dominicana<\/strong>\u00a0en el exterior, impulsado a trav\u00e9s de\u00a0<strong>espacios de di\u00e1logo<\/strong>\u00a0directo.<\/p>\n<p>\u00abCada actividad que realizamos desde el Consulado tiene un prop\u00f3sito claro: crear\u00a0<strong>herramientas \u00fatiles<\/strong>\u00a0y fortalecer ese\u00a0<strong>puente vivo<\/strong>\u00a0entre la\u00a0<strong>Rep\u00fablica Dominicana<\/strong>\u00a0y los dominicanos en Nueva York\u00bb, afirm\u00f3.<\/p>\n<div id=\"dl_300x250_inread_3\" data-google-query-id=\"CKn7wbjWj5QDFQYBTwgdRgYtMg\"><\/div>\n","protected":false},"excerpt":{"rendered":"<p>La presidenta de la Comisi\u00f3n Nacional de Defensa de la Competencia (Pro-competencia),\u00a0Mar\u00eda Elena V\u00e1squez Taveras, afirm\u00f3 que la\u00a0Rep\u00fablica Dominicana\u00a0fortalece su &#8230;<\/p>\n","protected":false},"author":2,"featured_media":216012,"comment_status":"closed","ping_status":"closed","sticky":false,"template":"","format":"standard","meta":{"footnotes":""},"categories":[26],"tags":[],"class_list":["post-216010","post","type-post","status-publish","format-standard","has-post-thumbnail","hentry","category-economia"],"yoast_head":"<!-- This site is optimized with the Yoast SEO plugin v24.8.1 - https:\/\/yoast.com\/wordpress\/plugins\/seo\/ -->\n<title>Pro-Competencia asegura RD fortalece clima de inversi\u00f3n con reglas claras - PotenciaRadiofonicaDominicana.com<\/title>\n<meta name=\"robots\" content=\"index, follow, max-snippet:-1, max-image-preview:large, max-video-preview:-1\" \/>\n<link rel=\"canonical\" href=\"https:\/\/potenciaradiofonicadominicana.com\/portal\/pro-competencia-asegura-rd-fortalece-clima-de-inversion-con-reglas-claras\/\" \/>\n<meta property=\"og:locale\" content=\"es_ES\" \/>\n<meta property=\"og:type\" content=\"article\" \/>\n<meta property=\"og:title\" content=\"Pro-Competencia asegura RD fortalece clima de inversi\u00f3n con reglas claras - PotenciaRadiofonicaDominicana.com\" \/>\n<meta property=\"og:description\" content=\"La presidenta de la Comisi\u00f3n Nacional de Defensa de la Competencia (Pro-competencia),\u00a0Mar\u00eda Elena V\u00e1squez Taveras, afirm\u00f3 que la\u00a0Rep\u00fablica Dominicana\u00a0fortalece su ...\" \/>\n<meta property=\"og:url\" content=\"https:\/\/potenciaradiofonicadominicana.com\/portal\/pro-competencia-asegura-rd-fortalece-clima-de-inversion-con-reglas-claras\/\" \/>\n<meta property=\"og:site_name\" content=\"PotenciaRadiofonicaDominicana.com\" \/>\n<meta property=\"article:publisher\" content=\"https:\/\/web.facebook.com\/PotenciaRadiofonicaD\" \/>\n<meta property=\"article:published_time\" content=\"2026-04-28T04:11:39+00:00\" \/>\n<meta property=\"og:image\" content=\"https:\/\/potenciaradiofonicadominicana.com\/portal\/wp-content\/uploads\/2026\/04\/whatsapp-image-2026-04-27-at-20751-pm-eeaff297-focus-0-0-896-504.jpg\" \/>\n\t<meta property=\"og:image:width\" content=\"896\" \/>\n\t<meta property=\"og:image:height\" content=\"504\" \/>\n\t<meta property=\"og:image:type\" content=\"image\/jpeg\" \/>\n<meta name=\"author\" content=\"Potencia Radiof\u00f3nica Dominicana\" \/>\n<meta name=\"twitter:card\" content=\"summary_large_image\" \/>\n<meta name=\"twitter:label1\" content=\"Escrito por\" \/>\n\t<meta name=\"twitter:data1\" content=\"Potencia Radiof\u00f3nica Dominicana\" \/>\n\t<meta name=\"twitter:label2\" content=\"Tiempo de lectura\" \/>\n\t<meta name=\"twitter:data2\" content=\"2 minutos\" \/>\n<script type=\"application\/ld+json\" class=\"yoast-schema-graph\">{\"@context\":\"https:\/\/schema.org\",\"@graph\":[{\"@type\":\"Article\",\"@id\":\"https:\/\/potenciaradiofonicadominicana.com\/portal\/pro-competencia-asegura-rd-fortalece-clima-de-inversion-con-reglas-claras\/#article\",\"isPartOf\":{\"@id\":\"https:\/\/potenciaradiofonicadominicana.com\/portal\/pro-competencia-asegura-rd-fortalece-clima-de-inversion-con-reglas-claras\/\"},\"author\":{\"name\":\"Potencia Radiof\u00f3nica Dominicana\",\"@id\":\"https:\/\/potenciaradiofonicadominicana.com\/portal\/#\/schema\/person\/a5cf1fea13877803ee0573ac18b03490\"},\"headline\":\"Pro-Competencia asegura RD fortalece clima de inversi\u00f3n con reglas claras\",\"datePublished\":\"2026-04-28T04:11:39+00:00\",\"mainEntityOfPage\":{\"@id\":\"https:\/\/potenciaradiofonicadominicana.com\/portal\/pro-competencia-asegura-rd-fortalece-clima-de-inversion-con-reglas-claras\/\"},\"wordCount\":338,\"publisher\":{\"@id\":\"https:\/\/potenciaradiofonicadominicana.com\/portal\/#organization\"},\"image\":{\"@id\":\"https:\/\/potenciaradiofonicadominicana.com\/portal\/pro-competencia-asegura-rd-fortalece-clima-de-inversion-con-reglas-claras\/#primaryimage\"},\"thumbnailUrl\":\"https:\/\/potenciaradiofonicadominicana.com\/portal\/wp-content\/uploads\/2026\/04\/whatsapp-image-2026-04-27-at-20751-pm-eeaff297-focus-0-0-896-504.jpg\",\"articleSection\":[\"Econom\u00eda\"],\"inLanguage\":\"es\"},{\"@type\":\"WebPage\",\"@id\":\"https:\/\/potenciaradiofonicadominicana.com\/portal\/pro-competencia-asegura-rd-fortalece-clima-de-inversion-con-reglas-claras\/\",\"url\":\"https:\/\/potenciaradiofonicadominicana.com\/portal\/pro-competencia-asegura-rd-fortalece-clima-de-inversion-con-reglas-claras\/\",\"name\":\"Pro-Competencia asegura RD fortalece clima de inversi\u00f3n con reglas claras - PotenciaRadiofonicaDominicana.com\",\"isPartOf\":{\"@id\":\"https:\/\/potenciaradiofonicadominicana.com\/portal\/#website\"},\"primaryImageOfPage\":{\"@id\":\"https:\/\/potenciaradiofonicadominicana.com\/portal\/pro-competencia-asegura-rd-fortalece-clima-de-inversion-con-reglas-claras\/#primaryimage\"},\"image\":{\"@id\":\"https:\/\/potenciaradiofonicadominicana.com\/portal\/pro-competencia-asegura-rd-fortalece-clima-de-inversion-con-reglas-claras\/#primaryimage\"},\"thumbnailUrl\":\"https:\/\/potenciaradiofonicadominicana.com\/portal\/wp-content\/uploads\/2026\/04\/whatsapp-image-2026-04-27-at-20751-pm-eeaff297-focus-0-0-896-504.jpg\",\"datePublished\":\"2026-04-28T04:11:39+00:00\",\"breadcrumb\":{\"@id\":\"https:\/\/potenciaradiofonicadominicana.com\/portal\/pro-competencia-asegura-rd-fortalece-clima-de-inversion-con-reglas-claras\/#breadcrumb\"},\"inLanguage\":\"es\",\"potentialAction\":[{\"@type\":\"ReadAction\",\"target\":[\"https:\/\/potenciaradiofonicadominicana.com\/portal\/pro-competencia-asegura-rd-fortalece-clima-de-inversion-con-reglas-claras\/\"]}]},{\"@type\":\"ImageObject\",\"inLanguage\":\"es\",\"@id\":\"https:\/\/potenciaradiofonicadominicana.com\/portal\/pro-competencia-asegura-rd-fortalece-clima-de-inversion-con-reglas-claras\/#primaryimage\",\"url\":\"https:\/\/potenciaradiofonicadominicana.com\/portal\/wp-content\/uploads\/2026\/04\/whatsapp-image-2026-04-27-at-20751-pm-eeaff297-focus-0-0-896-504.jpg\",\"contentUrl\":\"https:\/\/potenciaradiofonicadominicana.com\/portal\/wp-content\/uploads\/2026\/04\/whatsapp-image-2026-04-27-at-20751-pm-eeaff297-focus-0-0-896-504.jpg\",\"width\":896,\"height\":504},{\"@type\":\"BreadcrumbList\",\"@id\":\"https:\/\/potenciaradiofonicadominicana.com\/portal\/pro-competencia-asegura-rd-fortalece-clima-de-inversion-con-reglas-claras\/#breadcrumb\",\"itemListElement\":[{\"@type\":\"ListItem\",\"position\":1,\"name\":\"Portada\",\"item\":\"https:\/\/potenciaradiofonicadominicana.com\/portal\/\"},{\"@type\":\"ListItem\",\"position\":2,\"name\":\"Pro-Competencia asegura RD fortalece clima de inversi\u00f3n con reglas claras\"}]},{\"@type\":\"WebSite\",\"@id\":\"https:\/\/potenciaradiofonicadominicana.com\/portal\/#website\",\"url\":\"https:\/\/potenciaradiofonicadominicana.com\/portal\/\",\"name\":\"PotenciaRadiofonicaDominicana.com\",\"description\":\"Peri\u00f3dico Digital\",\"publisher\":{\"@id\":\"https:\/\/potenciaradiofonicadominicana.com\/portal\/#organization\"},\"potentialAction\":[{\"@type\":\"SearchAction\",\"target\":{\"@type\":\"EntryPoint\",\"urlTemplate\":\"https:\/\/potenciaradiofonicadominicana.com\/portal\/?s={search_term_string}\"},\"query-input\":{\"@type\":\"PropertyValueSpecification\",\"valueRequired\":true,\"valueName\":\"search_term_string\"}}],\"inLanguage\":\"es\"},{\"@type\":\"Organization\",\"@id\":\"https:\/\/potenciaradiofonicadominicana.com\/portal\/#organization\",\"name\":\"PotenciaRadiofonicaDominicana.com\",\"url\":\"https:\/\/potenciaradiofonicadominicana.com\/portal\/\",\"logo\":{\"@type\":\"ImageObject\",\"inLanguage\":\"es\",\"@id\":\"https:\/\/potenciaradiofonicadominicana.com\/portal\/#\/schema\/logo\/image\/\",\"url\":\"https:\/\/potenciaradiofonicadominicana.com\/portal\/wp-content\/uploads\/2022\/01\/descarga.png\",\"contentUrl\":\"https:\/\/potenciaradiofonicadominicana.com\/portal\/wp-content\/uploads\/2022\/01\/descarga.png\",\"width\":300,\"height\":100,\"caption\":\"PotenciaRadiofonicaDominicana.com\"},\"image\":{\"@id\":\"https:\/\/potenciaradiofonicadominicana.com\/portal\/#\/schema\/logo\/image\/\"},\"sameAs\":[\"https:\/\/web.facebook.com\/PotenciaRadiofonicaD\"]},{\"@type\":\"Person\",\"@id\":\"https:\/\/potenciaradiofonicadominicana.com\/portal\/#\/schema\/person\/a5cf1fea13877803ee0573ac18b03490\",\"name\":\"Potencia Radiof\u00f3nica Dominicana\",\"image\":{\"@type\":\"ImageObject\",\"inLanguage\":\"es\",\"@id\":\"https:\/\/potenciaradiofonicadominicana.com\/portal\/#\/schema\/person\/image\/\",\"url\":\"https:\/\/secure.gravatar.com\/avatar\/42a55ab9e8ccc656ba34cd791990602a?s=96&d=mm&r=g\",\"contentUrl\":\"https:\/\/secure.gravatar.com\/avatar\/42a55ab9e8ccc656ba34cd791990602a?s=96&d=mm&r=g\",\"caption\":\"Potencia Radiof\u00f3nica Dominicana\"},\"url\":\"https:\/\/potenciaradiofonicadominicana.com\/portal\/author\/johannyalmanzar\/\"}]}<\/script>\n<!-- \/ Yoast SEO plugin. -->","yoast_head_json":{"title":"Pro-Competencia asegura RD fortalece clima de inversi\u00f3n con reglas claras - PotenciaRadiofonicaDominicana.com","robots":{"index":"index","follow":"follow","max-snippet":"max-snippet:-1","max-image-preview":"max-image-preview:large","max-video-preview":"max-video-preview:-1"},"canonical":"https:\/\/potenciaradiofonicadominicana.com\/portal\/pro-competencia-asegura-rd-fortalece-clima-de-inversion-con-reglas-claras\/","og_locale":"es_ES","og_type":"article","og_title":"Pro-Competencia asegura RD fortalece clima de inversi\u00f3n con reglas claras - PotenciaRadiofonicaDominicana.com","og_description":"La presidenta de la Comisi\u00f3n Nacional de Defensa de la Competencia (Pro-competencia),\u00a0Mar\u00eda Elena V\u00e1squez Taveras, afirm\u00f3 que la\u00a0Rep\u00fablica Dominicana\u00a0fortalece su ...","og_url":"https:\/\/potenciaradiofonicadominicana.com\/portal\/pro-competencia-asegura-rd-fortalece-clima-de-inversion-con-reglas-claras\/","og_site_name":"PotenciaRadiofonicaDominicana.com","article_publisher":"https:\/\/web.facebook.com\/PotenciaRadiofonicaD","article_published_time":"2026-04-28T04:11:39+00:00","og_image":[{"width":896,"height":504,"url":"https:\/\/potenciaradiofonicadominicana.com\/portal\/wp-content\/uploads\/2026\/04\/whatsapp-image-2026-04-27-at-20751-pm-eeaff297-focus-0-0-896-504.jpg","type":"image\/jpeg"}],"author":"Potencia Radiof\u00f3nica Dominicana","twitter_card":"summary_large_image","twitter_misc":{"Escrito por":"Potencia Radiof\u00f3nica Dominicana","Tiempo de lectura":"2 minutos"},"schema":{"@context":"https:\/\/schema.org","@graph":[{"@type":"Article","@id":"https:\/\/potenciaradiofonicadominicana.com\/portal\/pro-competencia-asegura-rd-fortalece-clima-de-inversion-con-reglas-claras\/#article","isPartOf":{"@id":"https:\/\/potenciaradiofonicadominicana.com\/portal\/pro-competencia-asegura-rd-fortalece-clima-de-inversion-con-reglas-claras\/"},"author":{"name":"Potencia Radiof\u00f3nica Dominicana","@id":"https:\/\/potenciaradiofonicadominicana.com\/portal\/#\/schema\/person\/a5cf1fea13877803ee0573ac18b03490"},"headline":"Pro-Competencia asegura RD fortalece clima de inversi\u00f3n con reglas claras","datePublished":"2026-04-28T04:11:39+00:00","mainEntityOfPage":{"@id":"https:\/\/potenciaradiofonicadominicana.com\/portal\/pro-competencia-asegura-rd-fortalece-clima-de-inversion-con-reglas-claras\/"},"wordCount":338,"publisher":{"@id":"https:\/\/potenciaradiofonicadominicana.com\/portal\/#organization"},"image":{"@id":"https:\/\/potenciaradiofonicadominicana.com\/portal\/pro-competencia-asegura-rd-fortalece-clima-de-inversion-con-reglas-claras\/#primaryimage"},"thumbnailUrl":"https:\/\/potenciaradiofonicadominicana.com\/portal\/wp-content\/uploads\/2026\/04\/whatsapp-image-2026-04-27-at-20751-pm-eeaff297-focus-0-0-896-504.jpg","articleSection":["Econom\u00eda"],"inLanguage":"es"},{"@type":"WebPage","@id":"https:\/\/potenciaradiofonicadominicana.com\/portal\/pro-competencia-asegura-rd-fortalece-clima-de-inversion-con-reglas-claras\/","url":"https:\/\/potenciaradiofonicadominicana.com\/portal\/pro-competencia-asegura-rd-fortalece-clima-de-inversion-con-reglas-claras\/","name":"Pro-Competencia asegura RD fortalece clima de inversi\u00f3n con reglas claras - PotenciaRadiofonicaDominicana.com","isPartOf":{"@id":"https:\/\/potenciaradiofonicadominicana.com\/portal\/#website"},"primaryImageOfPage":{"@id":"https:\/\/potenciaradiofonicadominicana.com\/portal\/pro-competencia-asegura-rd-fortalece-clima-de-inversion-con-reglas-claras\/#primaryimage"},"image":{"@id":"https:\/\/potenciaradiofonicadominicana.com\/portal\/pro-competencia-asegura-rd-fortalece-clima-de-inversion-con-reglas-claras\/#primaryimage"},"thumbnailUrl":"https:\/\/potenciaradiofonicadominicana.com\/portal\/wp-content\/uploads\/2026\/04\/whatsapp-image-2026-04-27-at-20751-pm-eeaff297-focus-0-0-896-504.jpg","datePublished":"2026-04-28T04:11:39+00:00","breadcrumb":{"@id":"https:\/\/potenciaradiofonicadominicana.com\/portal\/pro-competencia-asegura-rd-fortalece-clima-de-inversion-con-reglas-claras\/#breadcrumb"},"inLanguage":"es","potentialAction":[{"@type":"ReadAction","target":["https:\/\/potenciaradiofonicadominicana.com\/portal\/pro-competencia-asegura-rd-fortalece-clima-de-inversion-con-reglas-claras\/"]}]},{"@type":"ImageObject","inLanguage":"es","@id":"https:\/\/potenciaradiofonicadominicana.com\/portal\/pro-competencia-asegura-rd-fortalece-clima-de-inversion-con-reglas-claras\/#primaryimage","url":"https:\/\/potenciaradiofonicadominicana.com\/portal\/wp-content\/uploads\/2026\/04\/whatsapp-image-2026-04-27-at-20751-pm-eeaff297-focus-0-0-896-504.jpg","contentUrl":"https:\/\/potenciaradiofonicadominicana.com\/portal\/wp-content\/uploads\/2026\/04\/whatsapp-image-2026-04-27-at-20751-pm-eeaff297-focus-0-0-896-504.jpg","width":896,"height":504},{"@type":"BreadcrumbList","@id":"https:\/\/potenciaradiofonicadominicana.com\/portal\/pro-competencia-asegura-rd-fortalece-clima-de-inversion-con-reglas-claras\/#breadcrumb","itemListElement":[{"@type":"ListItem","position":1,"name":"Portada","item":"https:\/\/potenciaradiofonicadominicana.com\/portal\/"},{"@type":"ListItem","position":2,"name":"Pro-Competencia asegura RD fortalece clima de inversi\u00f3n con reglas claras"}]},{"@type":"WebSite","@id":"https:\/\/potenciaradiofonicadominicana.com\/portal\/#website","url":"https:\/\/potenciaradiofonicadominicana.com\/portal\/","name":"PotenciaRadiofonicaDominicana.com","description":"Peri\u00f3dico Digital","publisher":{"@id":"https:\/\/potenciaradiofonicadominicana.com\/portal\/#organization"},"potentialAction":[{"@type":"SearchAction","target":{"@type":"EntryPoint","urlTemplate":"https:\/\/potenciaradiofonicadominicana.com\/portal\/?s={search_term_string}"},"query-input":{"@type":"PropertyValueSpecification","valueRequired":true,"valueName":"search_term_string"}}],"inLanguage":"es"},{"@type":"Organization","@id":"https:\/\/potenciaradiofonicadominicana.com\/portal\/#organization","name":"PotenciaRadiofonicaDominicana.com","url":"https:\/\/potenciaradiofonicadominicana.com\/portal\/","logo":{"@type":"ImageObject","inLanguage":"es","@id":"https:\/\/potenciaradiofonicadominicana.com\/portal\/#\/schema\/logo\/image\/","url":"https:\/\/potenciaradiofonicadominicana.com\/portal\/wp-content\/uploads\/2022\/01\/descarga.png","contentUrl":"https:\/\/potenciaradiofonicadominicana.com\/portal\/wp-content\/uploads\/2022\/01\/descarga.png","width":300,"height":100,"caption":"PotenciaRadiofonicaDominicana.com"},"image":{"@id":"https:\/\/potenciaradiofonicadominicana.com\/portal\/#\/schema\/logo\/image\/"},"sameAs":["https:\/\/web.facebook.com\/PotenciaRadiofonicaD"]},{"@type":"Person","@id":"https:\/\/potenciaradiofonicadominicana.com\/portal\/#\/schema\/person\/a5cf1fea13877803ee0573ac18b03490","name":"Potencia Radiof\u00f3nica Dominicana","image":{"@type":"ImageObject","inLanguage":"es","@id":"https:\/\/potenciaradiofonicadominicana.com\/portal\/#\/schema\/person\/image\/","url":"https:\/\/secure.gravatar.com\/avatar\/42a55ab9e8ccc656ba34cd791990602a?s=96&d=mm&r=g","contentUrl":"https:\/\/secure.gravatar.com\/avatar\/42a55ab9e8ccc656ba34cd791990602a?s=96&d=mm&r=g","caption":"Potencia Radiof\u00f3nica Dominicana"},"url":"https:\/\/potenciaradiofonicadominicana.com\/portal\/author\/johannyalmanzar\/"}]}},"_links":{"self":[{"href":"https:\/\/potenciaradiofonicadominicana.com\/portal\/wp-json\/wp\/v2\/posts\/216010","targetHints":{"allow":["GET"]}}],"collection":[{"href":"https:\/\/potenciaradiofonicadominicana.com\/portal\/wp-json\/wp\/v2\/posts"}],"about":[{"href":"https:\/\/potenciaradiofonicadominicana.com\/portal\/wp-json\/wp\/v2\/types\/post"}],"author":[{"embeddable":true,"href":"https:\/\/potenciaradiofonicadominicana.com\/portal\/wp-json\/wp\/v2\/users\/2"}],"replies":[{"embeddable":true,"href":"https:\/\/potenciaradiofonicadominicana.com\/portal\/wp-json\/wp\/v2\/comments?post=216010"}],"version-history":[{"count":1,"href":"https:\/\/potenciaradiofonicadominicana.com\/portal\/wp-json\/wp\/v2\/posts\/216010\/revisions"}],"predecessor-version":[{"id":216016,"href":"https:\/\/potenciaradiofonicadominicana.com\/portal\/wp-json\/wp\/v2\/posts\/216010\/revisions\/216016"}],"wp:featuredmedia":[{"embeddable":true,"href":"https:\/\/potenciaradiofonicadominicana.com\/portal\/wp-json\/wp\/v2\/media\/216012"}],"wp:attachment":[{"href":"https:\/\/potenciaradiofonicadominicana.com\/portal\/wp-json\/wp\/v2\/media?parent=216010"}],"wp:term":[{"taxonomy":"category","embeddable":true,"href":"https:\/\/potenciaradiofonicadominicana.com\/portal\/wp-json\/wp\/v2\/categories?post=216010"},{"taxonomy":"post_tag","embeddable":true,"href":"https:\/\/potenciaradiofonicadominicana.com\/portal\/wp-json\/wp\/v2\/tags?post=216010"}],"curies":[{"name":"wp","href":"https:\/\/api.w.org\/{rel}","templated":true}]}}