{"id":216003,"date":"2026-04-28T00:09:10","date_gmt":"2026-04-28T04:09:10","guid":{"rendered":"https:\/\/potenciaradiofonicadominicana.com\/portal\/?p=216003"},"modified":"2026-04-28T00:09:10","modified_gmt":"2026-04-28T04:09:10","slug":"madonna-y-sabrina-carpenter-lanzan-bring-your-love-este-jueves","status":"publish","type":"post","link":"https:\/\/potenciaradiofonicadominicana.com\/portal\/madonna-y-sabrina-carpenter-lanzan-bring-your-love-este-jueves\/","title":{"rendered":"Madonna y Sabrina Carpenter lanzan \u00abBring Your Love\u00bb este jueves"},"content":{"rendered":"<p><a href=\"https:\/\/potenciaradiofonicadominicana.com\/portal\/wp-content\/uploads\/2026\/04\/69efc36d145ad.r_d.376-230-15625.jpeg\"><img loading=\"lazy\" decoding=\"async\" class=\"alignnone size-full wp-image-216005\" src=\"https:\/\/potenciaradiofonicadominicana.com\/portal\/wp-content\/uploads\/2026\/04\/69efc36d145ad.r_d.376-230-15625.jpeg\" alt=\"\" width=\"1200\" height=\"675\" srcset=\"https:\/\/potenciaradiofonicadominicana.com\/portal\/wp-content\/uploads\/2026\/04\/69efc36d145ad.r_d.376-230-15625.jpeg 1200w, https:\/\/potenciaradiofonicadominicana.com\/portal\/wp-content\/uploads\/2026\/04\/69efc36d145ad.r_d.376-230-15625-300x169.jpeg 300w, https:\/\/potenciaradiofonicadominicana.com\/portal\/wp-content\/uploads\/2026\/04\/69efc36d145ad.r_d.376-230-15625-1024x576.jpeg 1024w, https:\/\/potenciaradiofonicadominicana.com\/portal\/wp-content\/uploads\/2026\/04\/69efc36d145ad.r_d.376-230-15625-768x432.jpeg 768w\" sizes=\"auto, (max-width: 1200px) 100vw, 1200px\" \/><\/a><\/p>\n<p><strong>Nueva York.- (EFE).-<\/strong>\u00a0Madonna y Sabrina Carpenter lanzar\u00e1n este jueves &#8216;Bring Your Love&#8217;, la canci\u00f3n que han grabado juntas y que estrenaron el pasado 17 de abril en el Festival de Coachella.<\/p>\n<p>Las dos artistas publicaron este lunes en sus redes sociales un mensaje que dice: \u00abTenemos algo que decir sobre esto. &#8216;Bring Your Love&#8217;, 30 de abril. 3.00 pm PST\u00bb.<\/p>\n<p>A esa hora (Pacific Summer Time), que son las 22.00 GMT, se publicar\u00e1 el tema, que podr\u00eda formar parte del recientemente anunciado nuevo \u00e1lbum de Madonna, &#8216;Confessions on a Dance Floor. Part II&#8217;, que saldr\u00e1 el 3 de julio, aunque es un dato no confirmado oficialmente.<\/p>\n<p>Madonna apareci\u00f3 por sorpresa en el concierto de Carpenter en el segundo fin de semana de Coachella, donde interpretaron juntas &#8216;Vogue&#8217;, &#8216;Like A Prayer&#8217; y una canci\u00f3n nueva que posteriormente se supo que era &#8216;Bring Your Love&#8217;.<\/p>\n<p>Otra actuaci\u00f3n sorpresa de Madonna, en este caso el pasado s\u00e1bado en la famosa discoteca The Abbey en Los \u00c1ngeles, sirvi\u00f3 para presentar dos temas de &#8216;Confessions II&#8217;: &#8216;Love Sensation&#8217; y &#8216;Freedom&#8217;.<\/p>\n<p>La reina del pop apareci\u00f3 detr\u00e1s de la cabina del DJ durante una fiesta que se hab\u00eda denominado &#8216;Club Confessions&#8217;, lo que ya hab\u00eda dado una pista sobre el tema de la noche.<\/p>\n<p>Apareci\u00f3 vestida con un cors\u00e9 rosa muy parecido al que llev\u00f3 en Coachella y que fue robado, junto a otras piezas de vestuario, del camerino de la cantante, que ofreci\u00f3 una recompensa por su devoluci\u00f3n aunque sin cuantificar la cifra.<\/p>\n<p>Madonna, que tambi\u00e9n llevaba un velo hasta los pies y una falda corta con encaje con mitones a juego, estaba acompa\u00f1ada por Stuart Price, productor de su nuevo disco, y de Addison Rae, que la acompa\u00f1\u00f3 en algunas de las canciones.<\/p>\n<p>\u00ab\u00a1Dejad el m\u00f3vil\u00a1\u00bb, grit\u00f3 la cantante a los asistentes, que no paraban de corear su nombre, seg\u00fan se puede ver en los v\u00eddeos publicados en las redes sociales por los asistentes.<\/p>\n<p>Entre los invitados estaban su hija Lourdes Le\u00f3n, Cara Delevingne, Lily Allen, Kali Uchis o Lola Young.<\/p>\n<p>Estos dos nuevos temas pertenecen a su nuevo trabajo que es la continuaci\u00f3n de su disco &#8216;Confessions On a Dance Fllor&#8217;, de 2005 y que supone su regreso a Warner y a la m\u00fasica de \u00abpista de baile\u00bb.<\/p>\n<p>Un disco que ha grabado con Price, que que fue el director musical de su \u00faltima gira, el Celebration Tour de 2023-2024, y que produjo el primer &#8216;Confessions&#8217;. EFE<\/p>\n","protected":false},"excerpt":{"rendered":"<p>Nueva York.- (EFE).-\u00a0Madonna y Sabrina Carpenter lanzar\u00e1n este jueves &#8216;Bring Your Love&#8217;, la canci\u00f3n que han grabado juntas y que &#8230;<\/p>\n","protected":false},"author":2,"featured_media":216005,"comment_status":"closed","ping_status":"closed","sticky":false,"template":"","format":"standard","meta":{"footnotes":""},"categories":[31],"tags":[],"class_list":["post-216003","post","type-post","status-publish","format-standard","has-post-thumbnail","hentry","category-arte-y-espectaculo"],"yoast_head":"<!-- This site is optimized with the Yoast SEO plugin v24.8.1 - https:\/\/yoast.com\/wordpress\/plugins\/seo\/ -->\n<title>Madonna y Sabrina Carpenter lanzan &quot;Bring Your Love&quot; este jueves - PotenciaRadiofonicaDominicana.com<\/title>\n<meta name=\"robots\" content=\"index, follow, max-snippet:-1, max-image-preview:large, max-video-preview:-1\" \/>\n<link rel=\"canonical\" href=\"https:\/\/potenciaradiofonicadominicana.com\/portal\/madonna-y-sabrina-carpenter-lanzan-bring-your-love-este-jueves\/\" \/>\n<meta property=\"og:locale\" content=\"es_ES\" \/>\n<meta property=\"og:type\" content=\"article\" \/>\n<meta property=\"og:title\" content=\"Madonna y Sabrina Carpenter lanzan &quot;Bring Your Love&quot; este jueves - PotenciaRadiofonicaDominicana.com\" \/>\n<meta property=\"og:description\" content=\"Nueva York.- (EFE).-\u00a0Madonna y Sabrina Carpenter lanzar\u00e1n este jueves &#8216;Bring Your Love&#8217;, la canci\u00f3n que han grabado juntas y que ...\" \/>\n<meta property=\"og:url\" content=\"https:\/\/potenciaradiofonicadominicana.com\/portal\/madonna-y-sabrina-carpenter-lanzan-bring-your-love-este-jueves\/\" \/>\n<meta property=\"og:site_name\" content=\"PotenciaRadiofonicaDominicana.com\" \/>\n<meta property=\"article:publisher\" content=\"https:\/\/web.facebook.com\/PotenciaRadiofonicaD\" \/>\n<meta property=\"article:published_time\" content=\"2026-04-28T04:09:10+00:00\" \/>\n<meta property=\"og:image\" content=\"https:\/\/potenciaradiofonicadominicana.com\/portal\/wp-content\/uploads\/2026\/04\/69efc36d145ad.r_d.376-230-15625.jpeg\" \/>\n\t<meta property=\"og:image:width\" content=\"1200\" \/>\n\t<meta property=\"og:image:height\" content=\"675\" \/>\n\t<meta property=\"og:image:type\" content=\"image\/jpeg\" \/>\n<meta name=\"author\" content=\"Potencia Radiof\u00f3nica Dominicana\" \/>\n<meta name=\"twitter:card\" content=\"summary_large_image\" \/>\n<meta name=\"twitter:label1\" content=\"Escrito por\" \/>\n\t<meta name=\"twitter:data1\" content=\"Potencia Radiof\u00f3nica Dominicana\" \/>\n\t<meta name=\"twitter:label2\" content=\"Tiempo de lectura\" \/>\n\t<meta name=\"twitter:data2\" content=\"3 minutos\" \/>\n<script type=\"application\/ld+json\" class=\"yoast-schema-graph\">{\"@context\":\"https:\/\/schema.org\",\"@graph\":[{\"@type\":\"Article\",\"@id\":\"https:\/\/potenciaradiofonicadominicana.com\/portal\/madonna-y-sabrina-carpenter-lanzan-bring-your-love-este-jueves\/#article\",\"isPartOf\":{\"@id\":\"https:\/\/potenciaradiofonicadominicana.com\/portal\/madonna-y-sabrina-carpenter-lanzan-bring-your-love-este-jueves\/\"},\"author\":{\"name\":\"Potencia Radiof\u00f3nica Dominicana\",\"@id\":\"https:\/\/potenciaradiofonicadominicana.com\/portal\/#\/schema\/person\/a5cf1fea13877803ee0573ac18b03490\"},\"headline\":\"Madonna y Sabrina Carpenter lanzan \u00abBring Your Love\u00bb este jueves\",\"datePublished\":\"2026-04-28T04:09:10+00:00\",\"mainEntityOfPage\":{\"@id\":\"https:\/\/potenciaradiofonicadominicana.com\/portal\/madonna-y-sabrina-carpenter-lanzan-bring-your-love-este-jueves\/\"},\"wordCount\":429,\"publisher\":{\"@id\":\"https:\/\/potenciaradiofonicadominicana.com\/portal\/#organization\"},\"image\":{\"@id\":\"https:\/\/potenciaradiofonicadominicana.com\/portal\/madonna-y-sabrina-carpenter-lanzan-bring-your-love-este-jueves\/#primaryimage\"},\"thumbnailUrl\":\"https:\/\/potenciaradiofonicadominicana.com\/portal\/wp-content\/uploads\/2026\/04\/69efc36d145ad.r_d.376-230-15625.jpeg\",\"articleSection\":[\"Arte y Espectaculo\"],\"inLanguage\":\"es\"},{\"@type\":\"WebPage\",\"@id\":\"https:\/\/potenciaradiofonicadominicana.com\/portal\/madonna-y-sabrina-carpenter-lanzan-bring-your-love-este-jueves\/\",\"url\":\"https:\/\/potenciaradiofonicadominicana.com\/portal\/madonna-y-sabrina-carpenter-lanzan-bring-your-love-este-jueves\/\",\"name\":\"Madonna y Sabrina Carpenter lanzan \\\"Bring Your Love\\\" este jueves - PotenciaRadiofonicaDominicana.com\",\"isPartOf\":{\"@id\":\"https:\/\/potenciaradiofonicadominicana.com\/portal\/#website\"},\"primaryImageOfPage\":{\"@id\":\"https:\/\/potenciaradiofonicadominicana.com\/portal\/madonna-y-sabrina-carpenter-lanzan-bring-your-love-este-jueves\/#primaryimage\"},\"image\":{\"@id\":\"https:\/\/potenciaradiofonicadominicana.com\/portal\/madonna-y-sabrina-carpenter-lanzan-bring-your-love-este-jueves\/#primaryimage\"},\"thumbnailUrl\":\"https:\/\/potenciaradiofonicadominicana.com\/portal\/wp-content\/uploads\/2026\/04\/69efc36d145ad.r_d.376-230-15625.jpeg\",\"datePublished\":\"2026-04-28T04:09:10+00:00\",\"breadcrumb\":{\"@id\":\"https:\/\/potenciaradiofonicadominicana.com\/portal\/madonna-y-sabrina-carpenter-lanzan-bring-your-love-este-jueves\/#breadcrumb\"},\"inLanguage\":\"es\",\"potentialAction\":[{\"@type\":\"ReadAction\",\"target\":[\"https:\/\/potenciaradiofonicadominicana.com\/portal\/madonna-y-sabrina-carpenter-lanzan-bring-your-love-este-jueves\/\"]}]},{\"@type\":\"ImageObject\",\"inLanguage\":\"es\",\"@id\":\"https:\/\/potenciaradiofonicadominicana.com\/portal\/madonna-y-sabrina-carpenter-lanzan-bring-your-love-este-jueves\/#primaryimage\",\"url\":\"https:\/\/potenciaradiofonicadominicana.com\/portal\/wp-content\/uploads\/2026\/04\/69efc36d145ad.r_d.376-230-15625.jpeg\",\"contentUrl\":\"https:\/\/potenciaradiofonicadominicana.com\/portal\/wp-content\/uploads\/2026\/04\/69efc36d145ad.r_d.376-230-15625.jpeg\",\"width\":1200,\"height\":675},{\"@type\":\"BreadcrumbList\",\"@id\":\"https:\/\/potenciaradiofonicadominicana.com\/portal\/madonna-y-sabrina-carpenter-lanzan-bring-your-love-este-jueves\/#breadcrumb\",\"itemListElement\":[{\"@type\":\"ListItem\",\"position\":1,\"name\":\"Portada\",\"item\":\"https:\/\/potenciaradiofonicadominicana.com\/portal\/\"},{\"@type\":\"ListItem\",\"position\":2,\"name\":\"Madonna y Sabrina Carpenter lanzan \u00abBring Your Love\u00bb este jueves\"}]},{\"@type\":\"WebSite\",\"@id\":\"https:\/\/potenciaradiofonicadominicana.com\/portal\/#website\",\"url\":\"https:\/\/potenciaradiofonicadominicana.com\/portal\/\",\"name\":\"PotenciaRadiofonicaDominicana.com\",\"description\":\"Peri\u00f3dico Digital\",\"publisher\":{\"@id\":\"https:\/\/potenciaradiofonicadominicana.com\/portal\/#organization\"},\"potentialAction\":[{\"@type\":\"SearchAction\",\"target\":{\"@type\":\"EntryPoint\",\"urlTemplate\":\"https:\/\/potenciaradiofonicadominicana.com\/portal\/?s={search_term_string}\"},\"query-input\":{\"@type\":\"PropertyValueSpecification\",\"valueRequired\":true,\"valueName\":\"search_term_string\"}}],\"inLanguage\":\"es\"},{\"@type\":\"Organization\",\"@id\":\"https:\/\/potenciaradiofonicadominicana.com\/portal\/#organization\",\"name\":\"PotenciaRadiofonicaDominicana.com\",\"url\":\"https:\/\/potenciaradiofonicadominicana.com\/portal\/\",\"logo\":{\"@type\":\"ImageObject\",\"inLanguage\":\"es\",\"@id\":\"https:\/\/potenciaradiofonicadominicana.com\/portal\/#\/schema\/logo\/image\/\",\"url\":\"https:\/\/potenciaradiofonicadominicana.com\/portal\/wp-content\/uploads\/2022\/01\/descarga.png\",\"contentUrl\":\"https:\/\/potenciaradiofonicadominicana.com\/portal\/wp-content\/uploads\/2022\/01\/descarga.png\",\"width\":300,\"height\":100,\"caption\":\"PotenciaRadiofonicaDominicana.com\"},\"image\":{\"@id\":\"https:\/\/potenciaradiofonicadominicana.com\/portal\/#\/schema\/logo\/image\/\"},\"sameAs\":[\"https:\/\/web.facebook.com\/PotenciaRadiofonicaD\"]},{\"@type\":\"Person\",\"@id\":\"https:\/\/potenciaradiofonicadominicana.com\/portal\/#\/schema\/person\/a5cf1fea13877803ee0573ac18b03490\",\"name\":\"Potencia Radiof\u00f3nica Dominicana\",\"image\":{\"@type\":\"ImageObject\",\"inLanguage\":\"es\",\"@id\":\"https:\/\/potenciaradiofonicadominicana.com\/portal\/#\/schema\/person\/image\/\",\"url\":\"https:\/\/secure.gravatar.com\/avatar\/42a55ab9e8ccc656ba34cd791990602a?s=96&d=mm&r=g\",\"contentUrl\":\"https:\/\/secure.gravatar.com\/avatar\/42a55ab9e8ccc656ba34cd791990602a?s=96&d=mm&r=g\",\"caption\":\"Potencia Radiof\u00f3nica Dominicana\"},\"url\":\"https:\/\/potenciaradiofonicadominicana.com\/portal\/author\/johannyalmanzar\/\"}]}<\/script>\n<!-- \/ Yoast SEO plugin. -->","yoast_head_json":{"title":"Madonna y Sabrina Carpenter lanzan \"Bring Your Love\" este jueves - PotenciaRadiofonicaDominicana.com","robots":{"index":"index","follow":"follow","max-snippet":"max-snippet:-1","max-image-preview":"max-image-preview:large","max-video-preview":"max-video-preview:-1"},"canonical":"https:\/\/potenciaradiofonicadominicana.com\/portal\/madonna-y-sabrina-carpenter-lanzan-bring-your-love-este-jueves\/","og_locale":"es_ES","og_type":"article","og_title":"Madonna y Sabrina Carpenter lanzan \"Bring Your Love\" este jueves - PotenciaRadiofonicaDominicana.com","og_description":"Nueva York.- (EFE).-\u00a0Madonna y Sabrina Carpenter lanzar\u00e1n este jueves &#8216;Bring Your Love&#8217;, la canci\u00f3n que han grabado juntas y que ...","og_url":"https:\/\/potenciaradiofonicadominicana.com\/portal\/madonna-y-sabrina-carpenter-lanzan-bring-your-love-este-jueves\/","og_site_name":"PotenciaRadiofonicaDominicana.com","article_publisher":"https:\/\/web.facebook.com\/PotenciaRadiofonicaD","article_published_time":"2026-04-28T04:09:10+00:00","og_image":[{"width":1200,"height":675,"url":"https:\/\/potenciaradiofonicadominicana.com\/portal\/wp-content\/uploads\/2026\/04\/69efc36d145ad.r_d.376-230-15625.jpeg","type":"image\/jpeg"}],"author":"Potencia Radiof\u00f3nica Dominicana","twitter_card":"summary_large_image","twitter_misc":{"Escrito por":"Potencia Radiof\u00f3nica Dominicana","Tiempo de lectura":"3 minutos"},"schema":{"@context":"https:\/\/schema.org","@graph":[{"@type":"Article","@id":"https:\/\/potenciaradiofonicadominicana.com\/portal\/madonna-y-sabrina-carpenter-lanzan-bring-your-love-este-jueves\/#article","isPartOf":{"@id":"https:\/\/potenciaradiofonicadominicana.com\/portal\/madonna-y-sabrina-carpenter-lanzan-bring-your-love-este-jueves\/"},"author":{"name":"Potencia Radiof\u00f3nica Dominicana","@id":"https:\/\/potenciaradiofonicadominicana.com\/portal\/#\/schema\/person\/a5cf1fea13877803ee0573ac18b03490"},"headline":"Madonna y Sabrina Carpenter lanzan \u00abBring Your Love\u00bb este jueves","datePublished":"2026-04-28T04:09:10+00:00","mainEntityOfPage":{"@id":"https:\/\/potenciaradiofonicadominicana.com\/portal\/madonna-y-sabrina-carpenter-lanzan-bring-your-love-este-jueves\/"},"wordCount":429,"publisher":{"@id":"https:\/\/potenciaradiofonicadominicana.com\/portal\/#organization"},"image":{"@id":"https:\/\/potenciaradiofonicadominicana.com\/portal\/madonna-y-sabrina-carpenter-lanzan-bring-your-love-este-jueves\/#primaryimage"},"thumbnailUrl":"https:\/\/potenciaradiofonicadominicana.com\/portal\/wp-content\/uploads\/2026\/04\/69efc36d145ad.r_d.376-230-15625.jpeg","articleSection":["Arte y Espectaculo"],"inLanguage":"es"},{"@type":"WebPage","@id":"https:\/\/potenciaradiofonicadominicana.com\/portal\/madonna-y-sabrina-carpenter-lanzan-bring-your-love-este-jueves\/","url":"https:\/\/potenciaradiofonicadominicana.com\/portal\/madonna-y-sabrina-carpenter-lanzan-bring-your-love-este-jueves\/","name":"Madonna y Sabrina Carpenter lanzan \"Bring Your Love\" este jueves - PotenciaRadiofonicaDominicana.com","isPartOf":{"@id":"https:\/\/potenciaradiofonicadominicana.com\/portal\/#website"},"primaryImageOfPage":{"@id":"https:\/\/potenciaradiofonicadominicana.com\/portal\/madonna-y-sabrina-carpenter-lanzan-bring-your-love-este-jueves\/#primaryimage"},"image":{"@id":"https:\/\/potenciaradiofonicadominicana.com\/portal\/madonna-y-sabrina-carpenter-lanzan-bring-your-love-este-jueves\/#primaryimage"},"thumbnailUrl":"https:\/\/potenciaradiofonicadominicana.com\/portal\/wp-content\/uploads\/2026\/04\/69efc36d145ad.r_d.376-230-15625.jpeg","datePublished":"2026-04-28T04:09:10+00:00","breadcrumb":{"@id":"https:\/\/potenciaradiofonicadominicana.com\/portal\/madonna-y-sabrina-carpenter-lanzan-bring-your-love-este-jueves\/#breadcrumb"},"inLanguage":"es","potentialAction":[{"@type":"ReadAction","target":["https:\/\/potenciaradiofonicadominicana.com\/portal\/madonna-y-sabrina-carpenter-lanzan-bring-your-love-este-jueves\/"]}]},{"@type":"ImageObject","inLanguage":"es","@id":"https:\/\/potenciaradiofonicadominicana.com\/portal\/madonna-y-sabrina-carpenter-lanzan-bring-your-love-este-jueves\/#primaryimage","url":"https:\/\/potenciaradiofonicadominicana.com\/portal\/wp-content\/uploads\/2026\/04\/69efc36d145ad.r_d.376-230-15625.jpeg","contentUrl":"https:\/\/potenciaradiofonicadominicana.com\/portal\/wp-content\/uploads\/2026\/04\/69efc36d145ad.r_d.376-230-15625.jpeg","width":1200,"height":675},{"@type":"BreadcrumbList","@id":"https:\/\/potenciaradiofonicadominicana.com\/portal\/madonna-y-sabrina-carpenter-lanzan-bring-your-love-este-jueves\/#breadcrumb","itemListElement":[{"@type":"ListItem","position":1,"name":"Portada","item":"https:\/\/potenciaradiofonicadominicana.com\/portal\/"},{"@type":"ListItem","position":2,"name":"Madonna y Sabrina Carpenter lanzan \u00abBring Your Love\u00bb este jueves"}]},{"@type":"WebSite","@id":"https:\/\/potenciaradiofonicadominicana.com\/portal\/#website","url":"https:\/\/potenciaradiofonicadominicana.com\/portal\/","name":"PotenciaRadiofonicaDominicana.com","description":"Peri\u00f3dico Digital","publisher":{"@id":"https:\/\/potenciaradiofonicadominicana.com\/portal\/#organization"},"potentialAction":[{"@type":"SearchAction","target":{"@type":"EntryPoint","urlTemplate":"https:\/\/potenciaradiofonicadominicana.com\/portal\/?s={search_term_string}"},"query-input":{"@type":"PropertyValueSpecification","valueRequired":true,"valueName":"search_term_string"}}],"inLanguage":"es"},{"@type":"Organization","@id":"https:\/\/potenciaradiofonicadominicana.com\/portal\/#organization","name":"PotenciaRadiofonicaDominicana.com","url":"https:\/\/potenciaradiofonicadominicana.com\/portal\/","logo":{"@type":"ImageObject","inLanguage":"es","@id":"https:\/\/potenciaradiofonicadominicana.com\/portal\/#\/schema\/logo\/image\/","url":"https:\/\/potenciaradiofonicadominicana.com\/portal\/wp-content\/uploads\/2022\/01\/descarga.png","contentUrl":"https:\/\/potenciaradiofonicadominicana.com\/portal\/wp-content\/uploads\/2022\/01\/descarga.png","width":300,"height":100,"caption":"PotenciaRadiofonicaDominicana.com"},"image":{"@id":"https:\/\/potenciaradiofonicadominicana.com\/portal\/#\/schema\/logo\/image\/"},"sameAs":["https:\/\/web.facebook.com\/PotenciaRadiofonicaD"]},{"@type":"Person","@id":"https:\/\/potenciaradiofonicadominicana.com\/portal\/#\/schema\/person\/a5cf1fea13877803ee0573ac18b03490","name":"Potencia Radiof\u00f3nica Dominicana","image":{"@type":"ImageObject","inLanguage":"es","@id":"https:\/\/potenciaradiofonicadominicana.com\/portal\/#\/schema\/person\/image\/","url":"https:\/\/secure.gravatar.com\/avatar\/42a55ab9e8ccc656ba34cd791990602a?s=96&d=mm&r=g","contentUrl":"https:\/\/secure.gravatar.com\/avatar\/42a55ab9e8ccc656ba34cd791990602a?s=96&d=mm&r=g","caption":"Potencia Radiof\u00f3nica Dominicana"},"url":"https:\/\/potenciaradiofonicadominicana.com\/portal\/author\/johannyalmanzar\/"}]}},"_links":{"self":[{"href":"https:\/\/potenciaradiofonicadominicana.com\/portal\/wp-json\/wp\/v2\/posts\/216003","targetHints":{"allow":["GET"]}}],"collection":[{"href":"https:\/\/potenciaradiofonicadominicana.com\/portal\/wp-json\/wp\/v2\/posts"}],"about":[{"href":"https:\/\/potenciaradiofonicadominicana.com\/portal\/wp-json\/wp\/v2\/types\/post"}],"author":[{"embeddable":true,"href":"https:\/\/potenciaradiofonicadominicana.com\/portal\/wp-json\/wp\/v2\/users\/2"}],"replies":[{"embeddable":true,"href":"https:\/\/potenciaradiofonicadominicana.com\/portal\/wp-json\/wp\/v2\/comments?post=216003"}],"version-history":[{"count":1,"href":"https:\/\/potenciaradiofonicadominicana.com\/portal\/wp-json\/wp\/v2\/posts\/216003\/revisions"}],"predecessor-version":[{"id":216008,"href":"https:\/\/potenciaradiofonicadominicana.com\/portal\/wp-json\/wp\/v2\/posts\/216003\/revisions\/216008"}],"wp:featuredmedia":[{"embeddable":true,"href":"https:\/\/potenciaradiofonicadominicana.com\/portal\/wp-json\/wp\/v2\/media\/216005"}],"wp:attachment":[{"href":"https:\/\/potenciaradiofonicadominicana.com\/portal\/wp-json\/wp\/v2\/media?parent=216003"}],"wp:term":[{"taxonomy":"category","embeddable":true,"href":"https:\/\/potenciaradiofonicadominicana.com\/portal\/wp-json\/wp\/v2\/categories?post=216003"},{"taxonomy":"post_tag","embeddable":true,"href":"https:\/\/potenciaradiofonicadominicana.com\/portal\/wp-json\/wp\/v2\/tags?post=216003"}],"curies":[{"name":"wp","href":"https:\/\/api.w.org\/{rel}","templated":true}]}}