{"id":215999,"date":"2026-04-28T00:08:04","date_gmt":"2026-04-28T04:08:04","guid":{"rendered":"https:\/\/potenciaradiofonicadominicana.com\/portal\/?p=215999"},"modified":"2026-04-28T00:08:04","modified_gmt":"2026-04-28T04:08:04","slug":"alicia-villarreal-presenta-bendita-locura-su-gira-musical-mas-valiente","status":"publish","type":"post","link":"https:\/\/potenciaradiofonicadominicana.com\/portal\/alicia-villarreal-presenta-bendita-locura-su-gira-musical-mas-valiente\/","title":{"rendered":"Alicia Villarreal presenta \u2018Bendita locura\u2019, su gira musical m\u00e1s valiente"},"content":{"rendered":"<p><a href=\"https:\/\/potenciaradiofonicadominicana.com\/portal\/wp-content\/uploads\/2026\/04\/aliciavillarreal.jpg\"><img loading=\"lazy\" decoding=\"async\" class=\"alignnone size-full wp-image-216000\" src=\"https:\/\/potenciaradiofonicadominicana.com\/portal\/wp-content\/uploads\/2026\/04\/aliciavillarreal.jpg\" alt=\"\" width=\"992\" height=\"595\" srcset=\"https:\/\/potenciaradiofonicadominicana.com\/portal\/wp-content\/uploads\/2026\/04\/aliciavillarreal.jpg 992w, https:\/\/potenciaradiofonicadominicana.com\/portal\/wp-content\/uploads\/2026\/04\/aliciavillarreal-300x180.jpg 300w, https:\/\/potenciaradiofonicadominicana.com\/portal\/wp-content\/uploads\/2026\/04\/aliciavillarreal-768x461.jpg 768w, https:\/\/potenciaradiofonicadominicana.com\/portal\/wp-content\/uploads\/2026\/04\/aliciavillarreal-165x100.jpg 165w, https:\/\/potenciaradiofonicadominicana.com\/portal\/wp-content\/uploads\/2026\/04\/aliciavillarreal-400x240.jpg 400w\" sizes=\"auto, (max-width: 992px) 100vw, 992px\" \/><\/a><\/p>\n<p>Ciudad de M\u00e9xico, (EFE).- La cantante Alicia Villarreal, destacada figura del g\u00e9nero grupero y regional mexicano, present\u00f3 este lunes su pr\u00f3xima gira \u2018Bendita locura\u2019, un proyecto \u201cvaliente\u201d -que ella misma produce- para sorprender al p\u00fablico con nuevos invitados y canciones que recordar\u00e1n sus m\u00e1s de 30 a\u00f1os de carrera.<\/p>\n<p>\u201cSer\u00e1 una noche incre\u00edble en la que solo van a escuchar los \u00e9xitos que el p\u00fablico ha logrado conmigo\u201d, explic\u00f3 en conferencia a medios sobre su pr\u00f3ximo concierto el 14 de mayo en el Auditorio Nacional de la Ciudad de M\u00e9xico.<\/p>\n<p>Despu\u00e9s de meses de ensayos y una dura selecci\u00f3n de sus cl\u00e1sicos y la producci\u00f3n de nuevas versiones, Villarreal (1970, Nuevo Le\u00f3n) aterriza de nuevo en los escenarios de M\u00e9xico para demostrar que es capaz de impulsarse a s\u00ed misma frente a una industria compleja para las mujeres.<\/p>\n<p>\u201cLa industria, la verdad, ha sido una cosa dif\u00edcil para m\u00ed, una pelea, una guerra, -por ser mujer- en la que he tenido que soltar\u201d, lamenta la artista, quien empez\u00f3 a cantar profesionalmente a los 17 a\u00f1os y que ahora es un s\u00edmbolo de cl\u00e1sicos del regional mexicano con temas como \u2018Vete\u2019 (1995).<\/p>\n<p>Adem\u00e1s de producir \u2018Bendita locura\u2019, la compositora cont\u00f3 que este a\u00f1o va a lanzar dos \u00e1lbumes con diferentes versiones de sus canciones, ya que el g\u00e9nero que representa ahora se escucha \u201chasta en Europa\u201d.<\/p>\n<p>\u201cMe da mucho gusto que podamos darnos cuenta de que el regional mexicano ha trascendido en los \u00faltimos tiempos, que lo cantan artistas en Europa y hasta en otros idiomas\u201d, reconoci\u00f3 la conocida por el p\u00fablico como \u2018La Jefa\u2019.<\/p>\n<h2 class=\"wp-block-heading\"><strong>Denuncia por violencia<\/strong><\/h2>\n<p>Villarreal estuvo en el foco de la atenci\u00f3n p\u00fablica el a\u00f1o pasado, cuando en un concierto en el estado de Michoac\u00e1n (oeste de M\u00e9xico) hizo el gesto reconocido internacionalmente como se\u00f1al de auxilio en casos de violencia de g\u00e9nero, con el que denunci\u00f3 las agresiones de su entonces esposo y l\u00edder de la banda Kumbia Kings, Cruz Mart\u00ednez.<\/p>\n<p>En cuanto al proceso legal que est\u00e1 llevando a cabo en contra de Mart\u00ednez, dijo que espera justicia para ella y el resto de mujeres que sufren de violencia en M\u00e9xico, un pa\u00eds donde un promedio de diez mujeres son asesinadas al d\u00eda.<\/p>\n<p>\u201cRealmente creo en las leyes, est\u00e1n claras, solo las personas no las ejecutan como deben de ser y es muy desesperante, no solo para m\u00ed, sino tambi\u00e9n como mujer, porque he tenido muchos casos que se han acercado conmigo y no s\u00e9 c\u00f3mo ayudarles porque no s\u00e9 c\u00f3mo ayudarme yo\u201d, ahond\u00f3.<\/p>\n<p>\u201cHa pasado m\u00e1s de un a\u00f1o y sigo ah\u00ed\u201d, sentenci\u00f3 sobre esta denuncia que Villarreal present\u00f3 el 16 de febrero de 2025.<\/p>\n<p>Antes de lanzarse como solista en 2001, la ganadora dos veces del Grammy Latino era parte de Grupo L\u00edmite al que acompa\u00f1\u00f3 en los escenarios durante seis a\u00f1os y en el que destac\u00f3 como su cantante. EFE<\/p>\n","protected":false},"excerpt":{"rendered":"<p>Ciudad de M\u00e9xico, (EFE).- La cantante Alicia Villarreal, destacada figura del g\u00e9nero grupero y regional mexicano, present\u00f3 este lunes su &#8230;<\/p>\n","protected":false},"author":2,"featured_media":216000,"comment_status":"closed","ping_status":"closed","sticky":false,"template":"","format":"standard","meta":{"footnotes":""},"categories":[31],"tags":[],"class_list":["post-215999","post","type-post","status-publish","format-standard","has-post-thumbnail","hentry","category-arte-y-espectaculo"],"yoast_head":"<!-- This site is optimized with the Yoast SEO plugin v24.8.1 - https:\/\/yoast.com\/wordpress\/plugins\/seo\/ -->\n<title>Alicia Villarreal presenta \u2018Bendita locura\u2019, su gira musical m\u00e1s valiente - PotenciaRadiofonicaDominicana.com<\/title>\n<meta name=\"robots\" content=\"index, follow, max-snippet:-1, max-image-preview:large, max-video-preview:-1\" \/>\n<link rel=\"canonical\" href=\"https:\/\/potenciaradiofonicadominicana.com\/portal\/alicia-villarreal-presenta-bendita-locura-su-gira-musical-mas-valiente\/\" \/>\n<meta property=\"og:locale\" content=\"es_ES\" \/>\n<meta property=\"og:type\" content=\"article\" \/>\n<meta property=\"og:title\" content=\"Alicia Villarreal presenta \u2018Bendita locura\u2019, su gira musical m\u00e1s valiente - PotenciaRadiofonicaDominicana.com\" \/>\n<meta property=\"og:description\" content=\"Ciudad de M\u00e9xico, (EFE).- La cantante Alicia Villarreal, destacada figura del g\u00e9nero grupero y regional mexicano, present\u00f3 este lunes su ...\" \/>\n<meta property=\"og:url\" content=\"https:\/\/potenciaradiofonicadominicana.com\/portal\/alicia-villarreal-presenta-bendita-locura-su-gira-musical-mas-valiente\/\" \/>\n<meta property=\"og:site_name\" content=\"PotenciaRadiofonicaDominicana.com\" \/>\n<meta property=\"article:publisher\" content=\"https:\/\/web.facebook.com\/PotenciaRadiofonicaD\" \/>\n<meta property=\"article:published_time\" content=\"2026-04-28T04:08:04+00:00\" \/>\n<meta property=\"og:image\" content=\"https:\/\/potenciaradiofonicadominicana.com\/portal\/wp-content\/uploads\/2026\/04\/aliciavillarreal.jpg\" \/>\n\t<meta property=\"og:image:width\" content=\"992\" \/>\n\t<meta property=\"og:image:height\" content=\"595\" \/>\n\t<meta property=\"og:image:type\" content=\"image\/jpeg\" \/>\n<meta name=\"author\" content=\"Potencia Radiof\u00f3nica Dominicana\" \/>\n<meta name=\"twitter:card\" content=\"summary_large_image\" \/>\n<meta name=\"twitter:label1\" content=\"Escrito por\" \/>\n\t<meta name=\"twitter:data1\" content=\"Potencia Radiof\u00f3nica Dominicana\" \/>\n\t<meta name=\"twitter:label2\" content=\"Tiempo de lectura\" \/>\n\t<meta name=\"twitter:data2\" content=\"3 minutos\" \/>\n<script type=\"application\/ld+json\" class=\"yoast-schema-graph\">{\"@context\":\"https:\/\/schema.org\",\"@graph\":[{\"@type\":\"Article\",\"@id\":\"https:\/\/potenciaradiofonicadominicana.com\/portal\/alicia-villarreal-presenta-bendita-locura-su-gira-musical-mas-valiente\/#article\",\"isPartOf\":{\"@id\":\"https:\/\/potenciaradiofonicadominicana.com\/portal\/alicia-villarreal-presenta-bendita-locura-su-gira-musical-mas-valiente\/\"},\"author\":{\"name\":\"Potencia Radiof\u00f3nica Dominicana\",\"@id\":\"https:\/\/potenciaradiofonicadominicana.com\/portal\/#\/schema\/person\/a5cf1fea13877803ee0573ac18b03490\"},\"headline\":\"Alicia Villarreal presenta \u2018Bendita locura\u2019, su gira musical m\u00e1s valiente\",\"datePublished\":\"2026-04-28T04:08:04+00:00\",\"mainEntityOfPage\":{\"@id\":\"https:\/\/potenciaradiofonicadominicana.com\/portal\/alicia-villarreal-presenta-bendita-locura-su-gira-musical-mas-valiente\/\"},\"wordCount\":528,\"publisher\":{\"@id\":\"https:\/\/potenciaradiofonicadominicana.com\/portal\/#organization\"},\"image\":{\"@id\":\"https:\/\/potenciaradiofonicadominicana.com\/portal\/alicia-villarreal-presenta-bendita-locura-su-gira-musical-mas-valiente\/#primaryimage\"},\"thumbnailUrl\":\"https:\/\/potenciaradiofonicadominicana.com\/portal\/wp-content\/uploads\/2026\/04\/aliciavillarreal.jpg\",\"articleSection\":[\"Arte y Espectaculo\"],\"inLanguage\":\"es\"},{\"@type\":\"WebPage\",\"@id\":\"https:\/\/potenciaradiofonicadominicana.com\/portal\/alicia-villarreal-presenta-bendita-locura-su-gira-musical-mas-valiente\/\",\"url\":\"https:\/\/potenciaradiofonicadominicana.com\/portal\/alicia-villarreal-presenta-bendita-locura-su-gira-musical-mas-valiente\/\",\"name\":\"Alicia Villarreal presenta \u2018Bendita locura\u2019, su gira musical m\u00e1s valiente - PotenciaRadiofonicaDominicana.com\",\"isPartOf\":{\"@id\":\"https:\/\/potenciaradiofonicadominicana.com\/portal\/#website\"},\"primaryImageOfPage\":{\"@id\":\"https:\/\/potenciaradiofonicadominicana.com\/portal\/alicia-villarreal-presenta-bendita-locura-su-gira-musical-mas-valiente\/#primaryimage\"},\"image\":{\"@id\":\"https:\/\/potenciaradiofonicadominicana.com\/portal\/alicia-villarreal-presenta-bendita-locura-su-gira-musical-mas-valiente\/#primaryimage\"},\"thumbnailUrl\":\"https:\/\/potenciaradiofonicadominicana.com\/portal\/wp-content\/uploads\/2026\/04\/aliciavillarreal.jpg\",\"datePublished\":\"2026-04-28T04:08:04+00:00\",\"breadcrumb\":{\"@id\":\"https:\/\/potenciaradiofonicadominicana.com\/portal\/alicia-villarreal-presenta-bendita-locura-su-gira-musical-mas-valiente\/#breadcrumb\"},\"inLanguage\":\"es\",\"potentialAction\":[{\"@type\":\"ReadAction\",\"target\":[\"https:\/\/potenciaradiofonicadominicana.com\/portal\/alicia-villarreal-presenta-bendita-locura-su-gira-musical-mas-valiente\/\"]}]},{\"@type\":\"ImageObject\",\"inLanguage\":\"es\",\"@id\":\"https:\/\/potenciaradiofonicadominicana.com\/portal\/alicia-villarreal-presenta-bendita-locura-su-gira-musical-mas-valiente\/#primaryimage\",\"url\":\"https:\/\/potenciaradiofonicadominicana.com\/portal\/wp-content\/uploads\/2026\/04\/aliciavillarreal.jpg\",\"contentUrl\":\"https:\/\/potenciaradiofonicadominicana.com\/portal\/wp-content\/uploads\/2026\/04\/aliciavillarreal.jpg\",\"width\":992,\"height\":595},{\"@type\":\"BreadcrumbList\",\"@id\":\"https:\/\/potenciaradiofonicadominicana.com\/portal\/alicia-villarreal-presenta-bendita-locura-su-gira-musical-mas-valiente\/#breadcrumb\",\"itemListElement\":[{\"@type\":\"ListItem\",\"position\":1,\"name\":\"Portada\",\"item\":\"https:\/\/potenciaradiofonicadominicana.com\/portal\/\"},{\"@type\":\"ListItem\",\"position\":2,\"name\":\"Alicia Villarreal presenta \u2018Bendita locura\u2019, su gira musical m\u00e1s valiente\"}]},{\"@type\":\"WebSite\",\"@id\":\"https:\/\/potenciaradiofonicadominicana.com\/portal\/#website\",\"url\":\"https:\/\/potenciaradiofonicadominicana.com\/portal\/\",\"name\":\"PotenciaRadiofonicaDominicana.com\",\"description\":\"Peri\u00f3dico Digital\",\"publisher\":{\"@id\":\"https:\/\/potenciaradiofonicadominicana.com\/portal\/#organization\"},\"potentialAction\":[{\"@type\":\"SearchAction\",\"target\":{\"@type\":\"EntryPoint\",\"urlTemplate\":\"https:\/\/potenciaradiofonicadominicana.com\/portal\/?s={search_term_string}\"},\"query-input\":{\"@type\":\"PropertyValueSpecification\",\"valueRequired\":true,\"valueName\":\"search_term_string\"}}],\"inLanguage\":\"es\"},{\"@type\":\"Organization\",\"@id\":\"https:\/\/potenciaradiofonicadominicana.com\/portal\/#organization\",\"name\":\"PotenciaRadiofonicaDominicana.com\",\"url\":\"https:\/\/potenciaradiofonicadominicana.com\/portal\/\",\"logo\":{\"@type\":\"ImageObject\",\"inLanguage\":\"es\",\"@id\":\"https:\/\/potenciaradiofonicadominicana.com\/portal\/#\/schema\/logo\/image\/\",\"url\":\"https:\/\/potenciaradiofonicadominicana.com\/portal\/wp-content\/uploads\/2022\/01\/descarga.png\",\"contentUrl\":\"https:\/\/potenciaradiofonicadominicana.com\/portal\/wp-content\/uploads\/2022\/01\/descarga.png\",\"width\":300,\"height\":100,\"caption\":\"PotenciaRadiofonicaDominicana.com\"},\"image\":{\"@id\":\"https:\/\/potenciaradiofonicadominicana.com\/portal\/#\/schema\/logo\/image\/\"},\"sameAs\":[\"https:\/\/web.facebook.com\/PotenciaRadiofonicaD\"]},{\"@type\":\"Person\",\"@id\":\"https:\/\/potenciaradiofonicadominicana.com\/portal\/#\/schema\/person\/a5cf1fea13877803ee0573ac18b03490\",\"name\":\"Potencia Radiof\u00f3nica Dominicana\",\"image\":{\"@type\":\"ImageObject\",\"inLanguage\":\"es\",\"@id\":\"https:\/\/potenciaradiofonicadominicana.com\/portal\/#\/schema\/person\/image\/\",\"url\":\"https:\/\/secure.gravatar.com\/avatar\/42a55ab9e8ccc656ba34cd791990602a?s=96&d=mm&r=g\",\"contentUrl\":\"https:\/\/secure.gravatar.com\/avatar\/42a55ab9e8ccc656ba34cd791990602a?s=96&d=mm&r=g\",\"caption\":\"Potencia Radiof\u00f3nica Dominicana\"},\"url\":\"https:\/\/potenciaradiofonicadominicana.com\/portal\/author\/johannyalmanzar\/\"}]}<\/script>\n<!-- \/ Yoast SEO plugin. -->","yoast_head_json":{"title":"Alicia Villarreal presenta \u2018Bendita locura\u2019, su gira musical m\u00e1s valiente - PotenciaRadiofonicaDominicana.com","robots":{"index":"index","follow":"follow","max-snippet":"max-snippet:-1","max-image-preview":"max-image-preview:large","max-video-preview":"max-video-preview:-1"},"canonical":"https:\/\/potenciaradiofonicadominicana.com\/portal\/alicia-villarreal-presenta-bendita-locura-su-gira-musical-mas-valiente\/","og_locale":"es_ES","og_type":"article","og_title":"Alicia Villarreal presenta \u2018Bendita locura\u2019, su gira musical m\u00e1s valiente - PotenciaRadiofonicaDominicana.com","og_description":"Ciudad de M\u00e9xico, (EFE).- La cantante Alicia Villarreal, destacada figura del g\u00e9nero grupero y regional mexicano, present\u00f3 este lunes su ...","og_url":"https:\/\/potenciaradiofonicadominicana.com\/portal\/alicia-villarreal-presenta-bendita-locura-su-gira-musical-mas-valiente\/","og_site_name":"PotenciaRadiofonicaDominicana.com","article_publisher":"https:\/\/web.facebook.com\/PotenciaRadiofonicaD","article_published_time":"2026-04-28T04:08:04+00:00","og_image":[{"width":992,"height":595,"url":"https:\/\/potenciaradiofonicadominicana.com\/portal\/wp-content\/uploads\/2026\/04\/aliciavillarreal.jpg","type":"image\/jpeg"}],"author":"Potencia Radiof\u00f3nica Dominicana","twitter_card":"summary_large_image","twitter_misc":{"Escrito por":"Potencia Radiof\u00f3nica Dominicana","Tiempo de lectura":"3 minutos"},"schema":{"@context":"https:\/\/schema.org","@graph":[{"@type":"Article","@id":"https:\/\/potenciaradiofonicadominicana.com\/portal\/alicia-villarreal-presenta-bendita-locura-su-gira-musical-mas-valiente\/#article","isPartOf":{"@id":"https:\/\/potenciaradiofonicadominicana.com\/portal\/alicia-villarreal-presenta-bendita-locura-su-gira-musical-mas-valiente\/"},"author":{"name":"Potencia Radiof\u00f3nica Dominicana","@id":"https:\/\/potenciaradiofonicadominicana.com\/portal\/#\/schema\/person\/a5cf1fea13877803ee0573ac18b03490"},"headline":"Alicia Villarreal presenta \u2018Bendita locura\u2019, su gira musical m\u00e1s valiente","datePublished":"2026-04-28T04:08:04+00:00","mainEntityOfPage":{"@id":"https:\/\/potenciaradiofonicadominicana.com\/portal\/alicia-villarreal-presenta-bendita-locura-su-gira-musical-mas-valiente\/"},"wordCount":528,"publisher":{"@id":"https:\/\/potenciaradiofonicadominicana.com\/portal\/#organization"},"image":{"@id":"https:\/\/potenciaradiofonicadominicana.com\/portal\/alicia-villarreal-presenta-bendita-locura-su-gira-musical-mas-valiente\/#primaryimage"},"thumbnailUrl":"https:\/\/potenciaradiofonicadominicana.com\/portal\/wp-content\/uploads\/2026\/04\/aliciavillarreal.jpg","articleSection":["Arte y Espectaculo"],"inLanguage":"es"},{"@type":"WebPage","@id":"https:\/\/potenciaradiofonicadominicana.com\/portal\/alicia-villarreal-presenta-bendita-locura-su-gira-musical-mas-valiente\/","url":"https:\/\/potenciaradiofonicadominicana.com\/portal\/alicia-villarreal-presenta-bendita-locura-su-gira-musical-mas-valiente\/","name":"Alicia Villarreal presenta \u2018Bendita locura\u2019, su gira musical m\u00e1s valiente - PotenciaRadiofonicaDominicana.com","isPartOf":{"@id":"https:\/\/potenciaradiofonicadominicana.com\/portal\/#website"},"primaryImageOfPage":{"@id":"https:\/\/potenciaradiofonicadominicana.com\/portal\/alicia-villarreal-presenta-bendita-locura-su-gira-musical-mas-valiente\/#primaryimage"},"image":{"@id":"https:\/\/potenciaradiofonicadominicana.com\/portal\/alicia-villarreal-presenta-bendita-locura-su-gira-musical-mas-valiente\/#primaryimage"},"thumbnailUrl":"https:\/\/potenciaradiofonicadominicana.com\/portal\/wp-content\/uploads\/2026\/04\/aliciavillarreal.jpg","datePublished":"2026-04-28T04:08:04+00:00","breadcrumb":{"@id":"https:\/\/potenciaradiofonicadominicana.com\/portal\/alicia-villarreal-presenta-bendita-locura-su-gira-musical-mas-valiente\/#breadcrumb"},"inLanguage":"es","potentialAction":[{"@type":"ReadAction","target":["https:\/\/potenciaradiofonicadominicana.com\/portal\/alicia-villarreal-presenta-bendita-locura-su-gira-musical-mas-valiente\/"]}]},{"@type":"ImageObject","inLanguage":"es","@id":"https:\/\/potenciaradiofonicadominicana.com\/portal\/alicia-villarreal-presenta-bendita-locura-su-gira-musical-mas-valiente\/#primaryimage","url":"https:\/\/potenciaradiofonicadominicana.com\/portal\/wp-content\/uploads\/2026\/04\/aliciavillarreal.jpg","contentUrl":"https:\/\/potenciaradiofonicadominicana.com\/portal\/wp-content\/uploads\/2026\/04\/aliciavillarreal.jpg","width":992,"height":595},{"@type":"BreadcrumbList","@id":"https:\/\/potenciaradiofonicadominicana.com\/portal\/alicia-villarreal-presenta-bendita-locura-su-gira-musical-mas-valiente\/#breadcrumb","itemListElement":[{"@type":"ListItem","position":1,"name":"Portada","item":"https:\/\/potenciaradiofonicadominicana.com\/portal\/"},{"@type":"ListItem","position":2,"name":"Alicia Villarreal presenta \u2018Bendita locura\u2019, su gira musical m\u00e1s valiente"}]},{"@type":"WebSite","@id":"https:\/\/potenciaradiofonicadominicana.com\/portal\/#website","url":"https:\/\/potenciaradiofonicadominicana.com\/portal\/","name":"PotenciaRadiofonicaDominicana.com","description":"Peri\u00f3dico Digital","publisher":{"@id":"https:\/\/potenciaradiofonicadominicana.com\/portal\/#organization"},"potentialAction":[{"@type":"SearchAction","target":{"@type":"EntryPoint","urlTemplate":"https:\/\/potenciaradiofonicadominicana.com\/portal\/?s={search_term_string}"},"query-input":{"@type":"PropertyValueSpecification","valueRequired":true,"valueName":"search_term_string"}}],"inLanguage":"es"},{"@type":"Organization","@id":"https:\/\/potenciaradiofonicadominicana.com\/portal\/#organization","name":"PotenciaRadiofonicaDominicana.com","url":"https:\/\/potenciaradiofonicadominicana.com\/portal\/","logo":{"@type":"ImageObject","inLanguage":"es","@id":"https:\/\/potenciaradiofonicadominicana.com\/portal\/#\/schema\/logo\/image\/","url":"https:\/\/potenciaradiofonicadominicana.com\/portal\/wp-content\/uploads\/2022\/01\/descarga.png","contentUrl":"https:\/\/potenciaradiofonicadominicana.com\/portal\/wp-content\/uploads\/2022\/01\/descarga.png","width":300,"height":100,"caption":"PotenciaRadiofonicaDominicana.com"},"image":{"@id":"https:\/\/potenciaradiofonicadominicana.com\/portal\/#\/schema\/logo\/image\/"},"sameAs":["https:\/\/web.facebook.com\/PotenciaRadiofonicaD"]},{"@type":"Person","@id":"https:\/\/potenciaradiofonicadominicana.com\/portal\/#\/schema\/person\/a5cf1fea13877803ee0573ac18b03490","name":"Potencia Radiof\u00f3nica Dominicana","image":{"@type":"ImageObject","inLanguage":"es","@id":"https:\/\/potenciaradiofonicadominicana.com\/portal\/#\/schema\/person\/image\/","url":"https:\/\/secure.gravatar.com\/avatar\/42a55ab9e8ccc656ba34cd791990602a?s=96&d=mm&r=g","contentUrl":"https:\/\/secure.gravatar.com\/avatar\/42a55ab9e8ccc656ba34cd791990602a?s=96&d=mm&r=g","caption":"Potencia Radiof\u00f3nica Dominicana"},"url":"https:\/\/potenciaradiofonicadominicana.com\/portal\/author\/johannyalmanzar\/"}]}},"_links":{"self":[{"href":"https:\/\/potenciaradiofonicadominicana.com\/portal\/wp-json\/wp\/v2\/posts\/215999","targetHints":{"allow":["GET"]}}],"collection":[{"href":"https:\/\/potenciaradiofonicadominicana.com\/portal\/wp-json\/wp\/v2\/posts"}],"about":[{"href":"https:\/\/potenciaradiofonicadominicana.com\/portal\/wp-json\/wp\/v2\/types\/post"}],"author":[{"embeddable":true,"href":"https:\/\/potenciaradiofonicadominicana.com\/portal\/wp-json\/wp\/v2\/users\/2"}],"replies":[{"embeddable":true,"href":"https:\/\/potenciaradiofonicadominicana.com\/portal\/wp-json\/wp\/v2\/comments?post=215999"}],"version-history":[{"count":1,"href":"https:\/\/potenciaradiofonicadominicana.com\/portal\/wp-json\/wp\/v2\/posts\/215999\/revisions"}],"predecessor-version":[{"id":216002,"href":"https:\/\/potenciaradiofonicadominicana.com\/portal\/wp-json\/wp\/v2\/posts\/215999\/revisions\/216002"}],"wp:featuredmedia":[{"embeddable":true,"href":"https:\/\/potenciaradiofonicadominicana.com\/portal\/wp-json\/wp\/v2\/media\/216000"}],"wp:attachment":[{"href":"https:\/\/potenciaradiofonicadominicana.com\/portal\/wp-json\/wp\/v2\/media?parent=215999"}],"wp:term":[{"taxonomy":"category","embeddable":true,"href":"https:\/\/potenciaradiofonicadominicana.com\/portal\/wp-json\/wp\/v2\/categories?post=215999"},{"taxonomy":"post_tag","embeddable":true,"href":"https:\/\/potenciaradiofonicadominicana.com\/portal\/wp-json\/wp\/v2\/tags?post=215999"}],"curies":[{"name":"wp","href":"https:\/\/api.w.org\/{rel}","templated":true}]}}