{"id":215993,"date":"2026-04-28T00:07:01","date_gmt":"2026-04-28T04:07:01","guid":{"rendered":"https:\/\/potenciaradiofonicadominicana.com\/portal\/?p=215993"},"modified":"2026-04-28T00:07:01","modified_gmt":"2026-04-28T04:07:01","slug":"las-navieras-enfrentan-un-aumento-de-hasta-85-en-los-combustibles-a-dos-meses-de-la-guerra","status":"publish","type":"post","link":"https:\/\/potenciaradiofonicadominicana.com\/portal\/las-navieras-enfrentan-un-aumento-de-hasta-85-en-los-combustibles-a-dos-meses-de-la-guerra\/","title":{"rendered":"Las navieras enfrentan un aumento de hasta 85 % en los combustibles a dos meses de la guerra"},"content":{"rendered":"<p><a href=\"https:\/\/potenciaradiofonicadominicana.com\/portal\/wp-content\/uploads\/2026\/04\/esperan-conocer-plan-para-mitigar-efectos-guerra-medio-oriente-en-rd-7d2a1b38-focus-0-0-896-504.jpg\"><img loading=\"lazy\" decoding=\"async\" class=\"alignnone size-full wp-image-215995\" src=\"https:\/\/potenciaradiofonicadominicana.com\/portal\/wp-content\/uploads\/2026\/04\/esperan-conocer-plan-para-mitigar-efectos-guerra-medio-oriente-en-rd-7d2a1b38-focus-0-0-896-504.jpg\" alt=\"\" width=\"895\" height=\"504\" srcset=\"https:\/\/potenciaradiofonicadominicana.com\/portal\/wp-content\/uploads\/2026\/04\/esperan-conocer-plan-para-mitigar-efectos-guerra-medio-oriente-en-rd-7d2a1b38-focus-0-0-896-504.jpg 895w, https:\/\/potenciaradiofonicadominicana.com\/portal\/wp-content\/uploads\/2026\/04\/esperan-conocer-plan-para-mitigar-efectos-guerra-medio-oriente-en-rd-7d2a1b38-focus-0-0-896-504-300x169.jpg 300w, https:\/\/potenciaradiofonicadominicana.com\/portal\/wp-content\/uploads\/2026\/04\/esperan-conocer-plan-para-mitigar-efectos-guerra-medio-oriente-en-rd-7d2a1b38-focus-0-0-896-504-768x432.jpg 768w\" sizes=\"auto, (max-width: 895px) 100vw, 895px\" \/><\/a><\/p>\n<p>Aunque las\u00a0<strong>l\u00edneas navieras<\/strong>\u00a0que se movilizan desde y hacia la\u00a0<strong>Rep\u00fablica Dominicana<\/strong>\u00a0lo han podido hacer sin mayores disrupciones en la cadena de suministros a casi dos meses de la\u00a0<strong>guerra del Golfo<\/strong>\u00a0P\u00e9rsico, el transporte mar\u00edtimo internacional enfrenta mayores\u00a0<strong>costos log\u00edsticos<\/strong>\u00a0en dos componentes: el combustible y los recargos adicionales por riesgo de guerra.<\/p>\n<p>De acuerdo a la\u00a0<strong>Asociaci\u00f3n de Navieros<\/strong>\u00a0de la\u00a0<strong>Rep\u00fablica Dominicana<\/strong>\u00a0(ANRD), el\u00a0<strong>combustible mar\u00edtimo<\/strong>\u00a0(b\u00fanker, espec\u00edficamente el VLSFO, un fuel\u00f3leo de bajo contenido de azufre) pas\u00f3 de 575 d\u00f3lares a 1,064 d\u00f3lares por tonelada, para un aumento absoluto de 489 d\u00f3lares, lo que representa un alza de un 85 %.<\/p>\n<p>Esto sin contar que ya los\u00a0<strong>fletes<\/strong>\u00a0han presentado aumentos de hasta un 18 %, pasando de 1,899 a 2,246 d\u00f3lares por cada contenedor de 40 pies, seg\u00fan lo se\u00f1ala el\u00a0<strong>\u00cdndice Global de Contenedores<\/strong> de Drewry.<\/p>\n<p>Estos aumentos est\u00e1n directamente vinculados al encarecimiento del petr\u00f3leo debido a su\u00a0<strong>alta demanda<\/strong>. Aunque el petr\u00f3leo intermedio de Texas (WTI, por sus siglas en ingl\u00e9s) se situ\u00f3 en 94.4 d\u00f3lares el barril tras un ligero descenso de 1.51 %, acumula un incremento de un 10 % la semana pasada.<\/p>\n<p>\u00abNo existe una crisis log\u00edstica derivada de la guerra del Medio Oriente; lo que s\u00ed tenemos por m\u00e1s de siete semanas ya es un\u00a0<strong>riesgo potencial<\/strong>\u00a0sobre el abastecimiento del petr\u00f3leo y el gas natural, especialmente por el tr\u00e1nsito a trav\u00e9s del\u00a0<strong>estrecho de Ormuz<\/strong>, por donde pasa aproximadamente el 20 % del consumo global\u00bb, asegur\u00f3 el gremio al ser consultado.<\/p>\n<p>Indic\u00f3 que, si se compara los\u00a0<strong>precios promedio<\/strong>\u00a0previo al inicio de la guerra de Estados Unidos e Israel contra Ir\u00e1n con la media actual, el petr\u00f3leo ha aumentado un 40 %, pasando de 70 d\u00f3lares a 108 d\u00f3lares por barril.<\/p>\n<p>La ANRD se\u00f1al\u00f3 que el mayor incremento de los\u00a0<strong>fletes<\/strong>\u00a0se ha observado en<strong>\u00a0aquellas mercanc\u00edas provenientes o con destino a Europa<\/strong>, debido a que las distancias son m\u00e1s largas que otros destinos como Estados Unidos.<\/p>\n","protected":false},"excerpt":{"rendered":"<p>Aunque las\u00a0l\u00edneas navieras\u00a0que se movilizan desde y hacia la\u00a0Rep\u00fablica Dominicana\u00a0lo han podido hacer sin mayores disrupciones en la cadena de &#8230;<\/p>\n","protected":false},"author":2,"featured_media":215995,"comment_status":"closed","ping_status":"closed","sticky":false,"template":"","format":"standard","meta":{"footnotes":""},"categories":[26],"tags":[],"class_list":["post-215993","post","type-post","status-publish","format-standard","has-post-thumbnail","hentry","category-economia"],"yoast_head":"<!-- This site is optimized with the Yoast SEO plugin v24.8.1 - https:\/\/yoast.com\/wordpress\/plugins\/seo\/ -->\n<title>Las navieras enfrentan un aumento de hasta 85 % en los combustibles a dos meses de la guerra - PotenciaRadiofonicaDominicana.com<\/title>\n<meta name=\"robots\" content=\"index, follow, max-snippet:-1, max-image-preview:large, max-video-preview:-1\" \/>\n<link rel=\"canonical\" href=\"https:\/\/potenciaradiofonicadominicana.com\/portal\/las-navieras-enfrentan-un-aumento-de-hasta-85-en-los-combustibles-a-dos-meses-de-la-guerra\/\" \/>\n<meta property=\"og:locale\" content=\"es_ES\" \/>\n<meta property=\"og:type\" content=\"article\" \/>\n<meta property=\"og:title\" content=\"Las navieras enfrentan un aumento de hasta 85 % en los combustibles a dos meses de la guerra - PotenciaRadiofonicaDominicana.com\" \/>\n<meta property=\"og:description\" content=\"Aunque las\u00a0l\u00edneas navieras\u00a0que se movilizan desde y hacia la\u00a0Rep\u00fablica Dominicana\u00a0lo han podido hacer sin mayores disrupciones en la cadena de ...\" \/>\n<meta property=\"og:url\" content=\"https:\/\/potenciaradiofonicadominicana.com\/portal\/las-navieras-enfrentan-un-aumento-de-hasta-85-en-los-combustibles-a-dos-meses-de-la-guerra\/\" \/>\n<meta property=\"og:site_name\" content=\"PotenciaRadiofonicaDominicana.com\" \/>\n<meta property=\"article:publisher\" content=\"https:\/\/web.facebook.com\/PotenciaRadiofonicaD\" \/>\n<meta property=\"article:published_time\" content=\"2026-04-28T04:07:01+00:00\" \/>\n<meta property=\"og:image\" content=\"https:\/\/potenciaradiofonicadominicana.com\/portal\/wp-content\/uploads\/2026\/04\/esperan-conocer-plan-para-mitigar-efectos-guerra-medio-oriente-en-rd-7d2a1b38-focus-0-0-896-504.jpg\" \/>\n\t<meta property=\"og:image:width\" content=\"895\" \/>\n\t<meta property=\"og:image:height\" content=\"504\" \/>\n\t<meta property=\"og:image:type\" content=\"image\/jpeg\" \/>\n<meta name=\"author\" content=\"Potencia Radiof\u00f3nica Dominicana\" \/>\n<meta name=\"twitter:card\" content=\"summary_large_image\" \/>\n<meta name=\"twitter:label1\" content=\"Escrito por\" \/>\n\t<meta name=\"twitter:data1\" content=\"Potencia Radiof\u00f3nica Dominicana\" \/>\n\t<meta name=\"twitter:label2\" content=\"Tiempo de lectura\" \/>\n\t<meta name=\"twitter:data2\" content=\"2 minutos\" \/>\n<script type=\"application\/ld+json\" class=\"yoast-schema-graph\">{\"@context\":\"https:\/\/schema.org\",\"@graph\":[{\"@type\":\"Article\",\"@id\":\"https:\/\/potenciaradiofonicadominicana.com\/portal\/las-navieras-enfrentan-un-aumento-de-hasta-85-en-los-combustibles-a-dos-meses-de-la-guerra\/#article\",\"isPartOf\":{\"@id\":\"https:\/\/potenciaradiofonicadominicana.com\/portal\/las-navieras-enfrentan-un-aumento-de-hasta-85-en-los-combustibles-a-dos-meses-de-la-guerra\/\"},\"author\":{\"name\":\"Potencia Radiof\u00f3nica Dominicana\",\"@id\":\"https:\/\/potenciaradiofonicadominicana.com\/portal\/#\/schema\/person\/a5cf1fea13877803ee0573ac18b03490\"},\"headline\":\"Las navieras enfrentan un aumento de hasta 85 % en los combustibles a dos meses de la guerra\",\"datePublished\":\"2026-04-28T04:07:01+00:00\",\"mainEntityOfPage\":{\"@id\":\"https:\/\/potenciaradiofonicadominicana.com\/portal\/las-navieras-enfrentan-un-aumento-de-hasta-85-en-los-combustibles-a-dos-meses-de-la-guerra\/\"},\"wordCount\":361,\"publisher\":{\"@id\":\"https:\/\/potenciaradiofonicadominicana.com\/portal\/#organization\"},\"image\":{\"@id\":\"https:\/\/potenciaradiofonicadominicana.com\/portal\/las-navieras-enfrentan-un-aumento-de-hasta-85-en-los-combustibles-a-dos-meses-de-la-guerra\/#primaryimage\"},\"thumbnailUrl\":\"https:\/\/potenciaradiofonicadominicana.com\/portal\/wp-content\/uploads\/2026\/04\/esperan-conocer-plan-para-mitigar-efectos-guerra-medio-oriente-en-rd-7d2a1b38-focus-0-0-896-504.jpg\",\"articleSection\":[\"Econom\u00eda\"],\"inLanguage\":\"es\"},{\"@type\":\"WebPage\",\"@id\":\"https:\/\/potenciaradiofonicadominicana.com\/portal\/las-navieras-enfrentan-un-aumento-de-hasta-85-en-los-combustibles-a-dos-meses-de-la-guerra\/\",\"url\":\"https:\/\/potenciaradiofonicadominicana.com\/portal\/las-navieras-enfrentan-un-aumento-de-hasta-85-en-los-combustibles-a-dos-meses-de-la-guerra\/\",\"name\":\"Las navieras enfrentan un aumento de hasta 85 % en los combustibles a dos meses de la guerra - PotenciaRadiofonicaDominicana.com\",\"isPartOf\":{\"@id\":\"https:\/\/potenciaradiofonicadominicana.com\/portal\/#website\"},\"primaryImageOfPage\":{\"@id\":\"https:\/\/potenciaradiofonicadominicana.com\/portal\/las-navieras-enfrentan-un-aumento-de-hasta-85-en-los-combustibles-a-dos-meses-de-la-guerra\/#primaryimage\"},\"image\":{\"@id\":\"https:\/\/potenciaradiofonicadominicana.com\/portal\/las-navieras-enfrentan-un-aumento-de-hasta-85-en-los-combustibles-a-dos-meses-de-la-guerra\/#primaryimage\"},\"thumbnailUrl\":\"https:\/\/potenciaradiofonicadominicana.com\/portal\/wp-content\/uploads\/2026\/04\/esperan-conocer-plan-para-mitigar-efectos-guerra-medio-oriente-en-rd-7d2a1b38-focus-0-0-896-504.jpg\",\"datePublished\":\"2026-04-28T04:07:01+00:00\",\"breadcrumb\":{\"@id\":\"https:\/\/potenciaradiofonicadominicana.com\/portal\/las-navieras-enfrentan-un-aumento-de-hasta-85-en-los-combustibles-a-dos-meses-de-la-guerra\/#breadcrumb\"},\"inLanguage\":\"es\",\"potentialAction\":[{\"@type\":\"ReadAction\",\"target\":[\"https:\/\/potenciaradiofonicadominicana.com\/portal\/las-navieras-enfrentan-un-aumento-de-hasta-85-en-los-combustibles-a-dos-meses-de-la-guerra\/\"]}]},{\"@type\":\"ImageObject\",\"inLanguage\":\"es\",\"@id\":\"https:\/\/potenciaradiofonicadominicana.com\/portal\/las-navieras-enfrentan-un-aumento-de-hasta-85-en-los-combustibles-a-dos-meses-de-la-guerra\/#primaryimage\",\"url\":\"https:\/\/potenciaradiofonicadominicana.com\/portal\/wp-content\/uploads\/2026\/04\/esperan-conocer-plan-para-mitigar-efectos-guerra-medio-oriente-en-rd-7d2a1b38-focus-0-0-896-504.jpg\",\"contentUrl\":\"https:\/\/potenciaradiofonicadominicana.com\/portal\/wp-content\/uploads\/2026\/04\/esperan-conocer-plan-para-mitigar-efectos-guerra-medio-oriente-en-rd-7d2a1b38-focus-0-0-896-504.jpg\",\"width\":895,\"height\":504},{\"@type\":\"BreadcrumbList\",\"@id\":\"https:\/\/potenciaradiofonicadominicana.com\/portal\/las-navieras-enfrentan-un-aumento-de-hasta-85-en-los-combustibles-a-dos-meses-de-la-guerra\/#breadcrumb\",\"itemListElement\":[{\"@type\":\"ListItem\",\"position\":1,\"name\":\"Portada\",\"item\":\"https:\/\/potenciaradiofonicadominicana.com\/portal\/\"},{\"@type\":\"ListItem\",\"position\":2,\"name\":\"Las navieras enfrentan un aumento de hasta 85 % en los combustibles a dos meses de la guerra\"}]},{\"@type\":\"WebSite\",\"@id\":\"https:\/\/potenciaradiofonicadominicana.com\/portal\/#website\",\"url\":\"https:\/\/potenciaradiofonicadominicana.com\/portal\/\",\"name\":\"PotenciaRadiofonicaDominicana.com\",\"description\":\"Peri\u00f3dico Digital\",\"publisher\":{\"@id\":\"https:\/\/potenciaradiofonicadominicana.com\/portal\/#organization\"},\"potentialAction\":[{\"@type\":\"SearchAction\",\"target\":{\"@type\":\"EntryPoint\",\"urlTemplate\":\"https:\/\/potenciaradiofonicadominicana.com\/portal\/?s={search_term_string}\"},\"query-input\":{\"@type\":\"PropertyValueSpecification\",\"valueRequired\":true,\"valueName\":\"search_term_string\"}}],\"inLanguage\":\"es\"},{\"@type\":\"Organization\",\"@id\":\"https:\/\/potenciaradiofonicadominicana.com\/portal\/#organization\",\"name\":\"PotenciaRadiofonicaDominicana.com\",\"url\":\"https:\/\/potenciaradiofonicadominicana.com\/portal\/\",\"logo\":{\"@type\":\"ImageObject\",\"inLanguage\":\"es\",\"@id\":\"https:\/\/potenciaradiofonicadominicana.com\/portal\/#\/schema\/logo\/image\/\",\"url\":\"https:\/\/potenciaradiofonicadominicana.com\/portal\/wp-content\/uploads\/2022\/01\/descarga.png\",\"contentUrl\":\"https:\/\/potenciaradiofonicadominicana.com\/portal\/wp-content\/uploads\/2022\/01\/descarga.png\",\"width\":300,\"height\":100,\"caption\":\"PotenciaRadiofonicaDominicana.com\"},\"image\":{\"@id\":\"https:\/\/potenciaradiofonicadominicana.com\/portal\/#\/schema\/logo\/image\/\"},\"sameAs\":[\"https:\/\/web.facebook.com\/PotenciaRadiofonicaD\"]},{\"@type\":\"Person\",\"@id\":\"https:\/\/potenciaradiofonicadominicana.com\/portal\/#\/schema\/person\/a5cf1fea13877803ee0573ac18b03490\",\"name\":\"Potencia Radiof\u00f3nica Dominicana\",\"image\":{\"@type\":\"ImageObject\",\"inLanguage\":\"es\",\"@id\":\"https:\/\/potenciaradiofonicadominicana.com\/portal\/#\/schema\/person\/image\/\",\"url\":\"https:\/\/secure.gravatar.com\/avatar\/42a55ab9e8ccc656ba34cd791990602a?s=96&d=mm&r=g\",\"contentUrl\":\"https:\/\/secure.gravatar.com\/avatar\/42a55ab9e8ccc656ba34cd791990602a?s=96&d=mm&r=g\",\"caption\":\"Potencia Radiof\u00f3nica Dominicana\"},\"url\":\"https:\/\/potenciaradiofonicadominicana.com\/portal\/author\/johannyalmanzar\/\"}]}<\/script>\n<!-- \/ Yoast SEO plugin. -->","yoast_head_json":{"title":"Las navieras enfrentan un aumento de hasta 85 % en los combustibles a dos meses de la guerra - PotenciaRadiofonicaDominicana.com","robots":{"index":"index","follow":"follow","max-snippet":"max-snippet:-1","max-image-preview":"max-image-preview:large","max-video-preview":"max-video-preview:-1"},"canonical":"https:\/\/potenciaradiofonicadominicana.com\/portal\/las-navieras-enfrentan-un-aumento-de-hasta-85-en-los-combustibles-a-dos-meses-de-la-guerra\/","og_locale":"es_ES","og_type":"article","og_title":"Las navieras enfrentan un aumento de hasta 85 % en los combustibles a dos meses de la guerra - PotenciaRadiofonicaDominicana.com","og_description":"Aunque las\u00a0l\u00edneas navieras\u00a0que se movilizan desde y hacia la\u00a0Rep\u00fablica Dominicana\u00a0lo han podido hacer sin mayores disrupciones en la cadena de ...","og_url":"https:\/\/potenciaradiofonicadominicana.com\/portal\/las-navieras-enfrentan-un-aumento-de-hasta-85-en-los-combustibles-a-dos-meses-de-la-guerra\/","og_site_name":"PotenciaRadiofonicaDominicana.com","article_publisher":"https:\/\/web.facebook.com\/PotenciaRadiofonicaD","article_published_time":"2026-04-28T04:07:01+00:00","og_image":[{"width":895,"height":504,"url":"https:\/\/potenciaradiofonicadominicana.com\/portal\/wp-content\/uploads\/2026\/04\/esperan-conocer-plan-para-mitigar-efectos-guerra-medio-oriente-en-rd-7d2a1b38-focus-0-0-896-504.jpg","type":"image\/jpeg"}],"author":"Potencia Radiof\u00f3nica Dominicana","twitter_card":"summary_large_image","twitter_misc":{"Escrito por":"Potencia Radiof\u00f3nica Dominicana","Tiempo de lectura":"2 minutos"},"schema":{"@context":"https:\/\/schema.org","@graph":[{"@type":"Article","@id":"https:\/\/potenciaradiofonicadominicana.com\/portal\/las-navieras-enfrentan-un-aumento-de-hasta-85-en-los-combustibles-a-dos-meses-de-la-guerra\/#article","isPartOf":{"@id":"https:\/\/potenciaradiofonicadominicana.com\/portal\/las-navieras-enfrentan-un-aumento-de-hasta-85-en-los-combustibles-a-dos-meses-de-la-guerra\/"},"author":{"name":"Potencia Radiof\u00f3nica Dominicana","@id":"https:\/\/potenciaradiofonicadominicana.com\/portal\/#\/schema\/person\/a5cf1fea13877803ee0573ac18b03490"},"headline":"Las navieras enfrentan un aumento de hasta 85 % en los combustibles a dos meses de la guerra","datePublished":"2026-04-28T04:07:01+00:00","mainEntityOfPage":{"@id":"https:\/\/potenciaradiofonicadominicana.com\/portal\/las-navieras-enfrentan-un-aumento-de-hasta-85-en-los-combustibles-a-dos-meses-de-la-guerra\/"},"wordCount":361,"publisher":{"@id":"https:\/\/potenciaradiofonicadominicana.com\/portal\/#organization"},"image":{"@id":"https:\/\/potenciaradiofonicadominicana.com\/portal\/las-navieras-enfrentan-un-aumento-de-hasta-85-en-los-combustibles-a-dos-meses-de-la-guerra\/#primaryimage"},"thumbnailUrl":"https:\/\/potenciaradiofonicadominicana.com\/portal\/wp-content\/uploads\/2026\/04\/esperan-conocer-plan-para-mitigar-efectos-guerra-medio-oriente-en-rd-7d2a1b38-focus-0-0-896-504.jpg","articleSection":["Econom\u00eda"],"inLanguage":"es"},{"@type":"WebPage","@id":"https:\/\/potenciaradiofonicadominicana.com\/portal\/las-navieras-enfrentan-un-aumento-de-hasta-85-en-los-combustibles-a-dos-meses-de-la-guerra\/","url":"https:\/\/potenciaradiofonicadominicana.com\/portal\/las-navieras-enfrentan-un-aumento-de-hasta-85-en-los-combustibles-a-dos-meses-de-la-guerra\/","name":"Las navieras enfrentan un aumento de hasta 85 % en los combustibles a dos meses de la guerra - PotenciaRadiofonicaDominicana.com","isPartOf":{"@id":"https:\/\/potenciaradiofonicadominicana.com\/portal\/#website"},"primaryImageOfPage":{"@id":"https:\/\/potenciaradiofonicadominicana.com\/portal\/las-navieras-enfrentan-un-aumento-de-hasta-85-en-los-combustibles-a-dos-meses-de-la-guerra\/#primaryimage"},"image":{"@id":"https:\/\/potenciaradiofonicadominicana.com\/portal\/las-navieras-enfrentan-un-aumento-de-hasta-85-en-los-combustibles-a-dos-meses-de-la-guerra\/#primaryimage"},"thumbnailUrl":"https:\/\/potenciaradiofonicadominicana.com\/portal\/wp-content\/uploads\/2026\/04\/esperan-conocer-plan-para-mitigar-efectos-guerra-medio-oriente-en-rd-7d2a1b38-focus-0-0-896-504.jpg","datePublished":"2026-04-28T04:07:01+00:00","breadcrumb":{"@id":"https:\/\/potenciaradiofonicadominicana.com\/portal\/las-navieras-enfrentan-un-aumento-de-hasta-85-en-los-combustibles-a-dos-meses-de-la-guerra\/#breadcrumb"},"inLanguage":"es","potentialAction":[{"@type":"ReadAction","target":["https:\/\/potenciaradiofonicadominicana.com\/portal\/las-navieras-enfrentan-un-aumento-de-hasta-85-en-los-combustibles-a-dos-meses-de-la-guerra\/"]}]},{"@type":"ImageObject","inLanguage":"es","@id":"https:\/\/potenciaradiofonicadominicana.com\/portal\/las-navieras-enfrentan-un-aumento-de-hasta-85-en-los-combustibles-a-dos-meses-de-la-guerra\/#primaryimage","url":"https:\/\/potenciaradiofonicadominicana.com\/portal\/wp-content\/uploads\/2026\/04\/esperan-conocer-plan-para-mitigar-efectos-guerra-medio-oriente-en-rd-7d2a1b38-focus-0-0-896-504.jpg","contentUrl":"https:\/\/potenciaradiofonicadominicana.com\/portal\/wp-content\/uploads\/2026\/04\/esperan-conocer-plan-para-mitigar-efectos-guerra-medio-oriente-en-rd-7d2a1b38-focus-0-0-896-504.jpg","width":895,"height":504},{"@type":"BreadcrumbList","@id":"https:\/\/potenciaradiofonicadominicana.com\/portal\/las-navieras-enfrentan-un-aumento-de-hasta-85-en-los-combustibles-a-dos-meses-de-la-guerra\/#breadcrumb","itemListElement":[{"@type":"ListItem","position":1,"name":"Portada","item":"https:\/\/potenciaradiofonicadominicana.com\/portal\/"},{"@type":"ListItem","position":2,"name":"Las navieras enfrentan un aumento de hasta 85 % en los combustibles a dos meses de la guerra"}]},{"@type":"WebSite","@id":"https:\/\/potenciaradiofonicadominicana.com\/portal\/#website","url":"https:\/\/potenciaradiofonicadominicana.com\/portal\/","name":"PotenciaRadiofonicaDominicana.com","description":"Peri\u00f3dico Digital","publisher":{"@id":"https:\/\/potenciaradiofonicadominicana.com\/portal\/#organization"},"potentialAction":[{"@type":"SearchAction","target":{"@type":"EntryPoint","urlTemplate":"https:\/\/potenciaradiofonicadominicana.com\/portal\/?s={search_term_string}"},"query-input":{"@type":"PropertyValueSpecification","valueRequired":true,"valueName":"search_term_string"}}],"inLanguage":"es"},{"@type":"Organization","@id":"https:\/\/potenciaradiofonicadominicana.com\/portal\/#organization","name":"PotenciaRadiofonicaDominicana.com","url":"https:\/\/potenciaradiofonicadominicana.com\/portal\/","logo":{"@type":"ImageObject","inLanguage":"es","@id":"https:\/\/potenciaradiofonicadominicana.com\/portal\/#\/schema\/logo\/image\/","url":"https:\/\/potenciaradiofonicadominicana.com\/portal\/wp-content\/uploads\/2022\/01\/descarga.png","contentUrl":"https:\/\/potenciaradiofonicadominicana.com\/portal\/wp-content\/uploads\/2022\/01\/descarga.png","width":300,"height":100,"caption":"PotenciaRadiofonicaDominicana.com"},"image":{"@id":"https:\/\/potenciaradiofonicadominicana.com\/portal\/#\/schema\/logo\/image\/"},"sameAs":["https:\/\/web.facebook.com\/PotenciaRadiofonicaD"]},{"@type":"Person","@id":"https:\/\/potenciaradiofonicadominicana.com\/portal\/#\/schema\/person\/a5cf1fea13877803ee0573ac18b03490","name":"Potencia Radiof\u00f3nica Dominicana","image":{"@type":"ImageObject","inLanguage":"es","@id":"https:\/\/potenciaradiofonicadominicana.com\/portal\/#\/schema\/person\/image\/","url":"https:\/\/secure.gravatar.com\/avatar\/42a55ab9e8ccc656ba34cd791990602a?s=96&d=mm&r=g","contentUrl":"https:\/\/secure.gravatar.com\/avatar\/42a55ab9e8ccc656ba34cd791990602a?s=96&d=mm&r=g","caption":"Potencia Radiof\u00f3nica Dominicana"},"url":"https:\/\/potenciaradiofonicadominicana.com\/portal\/author\/johannyalmanzar\/"}]}},"_links":{"self":[{"href":"https:\/\/potenciaradiofonicadominicana.com\/portal\/wp-json\/wp\/v2\/posts\/215993","targetHints":{"allow":["GET"]}}],"collection":[{"href":"https:\/\/potenciaradiofonicadominicana.com\/portal\/wp-json\/wp\/v2\/posts"}],"about":[{"href":"https:\/\/potenciaradiofonicadominicana.com\/portal\/wp-json\/wp\/v2\/types\/post"}],"author":[{"embeddable":true,"href":"https:\/\/potenciaradiofonicadominicana.com\/portal\/wp-json\/wp\/v2\/users\/2"}],"replies":[{"embeddable":true,"href":"https:\/\/potenciaradiofonicadominicana.com\/portal\/wp-json\/wp\/v2\/comments?post=215993"}],"version-history":[{"count":1,"href":"https:\/\/potenciaradiofonicadominicana.com\/portal\/wp-json\/wp\/v2\/posts\/215993\/revisions"}],"predecessor-version":[{"id":215997,"href":"https:\/\/potenciaradiofonicadominicana.com\/portal\/wp-json\/wp\/v2\/posts\/215993\/revisions\/215997"}],"wp:featuredmedia":[{"embeddable":true,"href":"https:\/\/potenciaradiofonicadominicana.com\/portal\/wp-json\/wp\/v2\/media\/215995"}],"wp:attachment":[{"href":"https:\/\/potenciaradiofonicadominicana.com\/portal\/wp-json\/wp\/v2\/media?parent=215993"}],"wp:term":[{"taxonomy":"category","embeddable":true,"href":"https:\/\/potenciaradiofonicadominicana.com\/portal\/wp-json\/wp\/v2\/categories?post=215993"},{"taxonomy":"post_tag","embeddable":true,"href":"https:\/\/potenciaradiofonicadominicana.com\/portal\/wp-json\/wp\/v2\/tags?post=215993"}],"curies":[{"name":"wp","href":"https:\/\/api.w.org\/{rel}","templated":true}]}}