{"id":215992,"date":"2026-04-28T00:06:47","date_gmt":"2026-04-28T04:06:47","guid":{"rendered":"https:\/\/potenciaradiofonicadominicana.com\/portal\/?p=215992"},"modified":"2026-04-28T00:06:47","modified_gmt":"2026-04-28T04:06:47","slug":"anthony-edwards-no-tiene-danos-en-la-rodilla","status":"publish","type":"post","link":"https:\/\/potenciaradiofonicadominicana.com\/portal\/anthony-edwards-no-tiene-danos-en-la-rodilla\/","title":{"rendered":"Anthony Edwards no tiene da\u00f1os en la rodilla"},"content":{"rendered":"<p><a href=\"https:\/\/potenciaradiofonicadominicana.com\/portal\/wp-content\/uploads\/2026\/04\/GettyImages-2273153502_7dee06.webp\"><img loading=\"lazy\" decoding=\"async\" class=\"alignnone size-full wp-image-215994\" src=\"https:\/\/potenciaradiofonicadominicana.com\/portal\/wp-content\/uploads\/2026\/04\/GettyImages-2273153502_7dee06.webp\" alt=\"\" width=\"780\" height=\"520\" srcset=\"https:\/\/potenciaradiofonicadominicana.com\/portal\/wp-content\/uploads\/2026\/04\/GettyImages-2273153502_7dee06.webp 780w, https:\/\/potenciaradiofonicadominicana.com\/portal\/wp-content\/uploads\/2026\/04\/GettyImages-2273153502_7dee06-300x200.webp 300w, https:\/\/potenciaradiofonicadominicana.com\/portal\/wp-content\/uploads\/2026\/04\/GettyImages-2273153502_7dee06-768x512.webp 768w\" sizes=\"auto, (max-width: 780px) 100vw, 780px\" \/><\/a><\/p>\n<p><strong>Denver.-<\/strong>El All-Star de Minnesota, Anthony Edwards, estar\u00e1 fuera al menos una semana por una hiperextensi\u00f3n y un hematoma \u00f3seo en la rodilla izquierda, un diagn\u00f3stico que los Timberwolves anunciaron formalmente el lunes antes del quinto partido de su serie de playoffs de primera ronda de la NBA en Denver.<\/p>\n<div id=\"standard_2\" class=\"st-placement standard_2 inArticle\"><\/div>\n<p>Edwards se someti\u00f3 a una resonancia magn\u00e9tica que confirm\u00f3 la ausencia de da\u00f1os estructurales, un alivio para los Timberwolves tras la lesi\u00f3n de Edwards en el segundo cuarto de su victoria en el cuarto partido contra los Nuggets. Aun as\u00ed, su disponibilidad para la segunda ronda si avanzan estar\u00e1 en duda.<\/p>\n<p>El equipo le llam\u00f3 semana a semana, as\u00ed que Edwards probablemente se perder\u00eda al menos el inicio de la siguiente serie antes de que le den el alta para regresar. \u00abCon las dos lesiones que tuvimos en un partido, fue tan positivo como se puede ser\u00bb, dijo el base Mike Conley a los periodistas tras el torneo previo al partido en Denver. \u00abObviamente queremos que se recupere.<\/p>\n<div id=\"div-gpt-ad-1519409790919-2\" class=\"gpt-ad-slot d-flex align-items-center justify-content-center my-2\" aria-label=\"div-gpt-ad-1519409790919-2\" data-google-query-id=\"CJLyuMLVj5QDFZ49igMdwjUzAA\">\n<div id=\"google_ads_iframe_\/1018679\/ElDia_Articulo\/ElDia_Articulo_300x250_3_0__container__\"><\/div>\n<\/div>\n<p>Queremos que se recupere lo antes posible, pero su salud es la n\u00famero uno. Conoce su cuerpo.<\/p>\n<p>Cuando su cuerpo est\u00e9 listo, luchar\u00e1 contra ello. Sabemos que si podemos salir de la serie, lo recuperaremos.\u00bb Minnesota, que lleg\u00f3 al quinto partido con una ventaja de 3-1 sobre Denver en la serie, perdi\u00f3 a su otro titular, Donte DiVincenzo, para el resto de la postemporada.<\/p>\n<p>Edwards promedi\u00f3 28,8 puntos en la temporada regular, el tercer mejor de la NBA por detr\u00e1s de Luka Doncic de Los Angeles Lakers y el MVP vigente Shai Gilgeous-Alexander de Oklahoma City Thunder. Se perdi\u00f3 21partidos.<\/p>\n","protected":false},"excerpt":{"rendered":"<p>Denver.-El All-Star de Minnesota, Anthony Edwards, estar\u00e1 fuera al menos una semana por una hiperextensi\u00f3n y un hematoma \u00f3seo en &#8230;<\/p>\n","protected":false},"author":2,"featured_media":215994,"comment_status":"closed","ping_status":"closed","sticky":false,"template":"","format":"standard","meta":{"footnotes":""},"categories":[28],"tags":[],"class_list":["post-215992","post","type-post","status-publish","format-standard","has-post-thumbnail","hentry","category-deportes"],"yoast_head":"<!-- This site is optimized with the Yoast SEO plugin v24.8.1 - https:\/\/yoast.com\/wordpress\/plugins\/seo\/ -->\n<title>Anthony Edwards no tiene da\u00f1os en la rodilla - PotenciaRadiofonicaDominicana.com<\/title>\n<meta name=\"robots\" content=\"index, follow, max-snippet:-1, max-image-preview:large, max-video-preview:-1\" \/>\n<link rel=\"canonical\" href=\"https:\/\/potenciaradiofonicadominicana.com\/portal\/anthony-edwards-no-tiene-danos-en-la-rodilla\/\" \/>\n<meta property=\"og:locale\" content=\"es_ES\" \/>\n<meta property=\"og:type\" content=\"article\" \/>\n<meta property=\"og:title\" content=\"Anthony Edwards no tiene da\u00f1os en la rodilla - PotenciaRadiofonicaDominicana.com\" \/>\n<meta property=\"og:description\" content=\"Denver.-El All-Star de Minnesota, Anthony Edwards, estar\u00e1 fuera al menos una semana por una hiperextensi\u00f3n y un hematoma \u00f3seo en ...\" \/>\n<meta property=\"og:url\" content=\"https:\/\/potenciaradiofonicadominicana.com\/portal\/anthony-edwards-no-tiene-danos-en-la-rodilla\/\" \/>\n<meta property=\"og:site_name\" content=\"PotenciaRadiofonicaDominicana.com\" \/>\n<meta property=\"article:publisher\" content=\"https:\/\/web.facebook.com\/PotenciaRadiofonicaD\" \/>\n<meta property=\"article:published_time\" content=\"2026-04-28T04:06:47+00:00\" \/>\n<meta property=\"og:image\" content=\"https:\/\/potenciaradiofonicadominicana.com\/portal\/wp-content\/uploads\/2026\/04\/GettyImages-2273153502_7dee06.webp\" \/>\n\t<meta property=\"og:image:width\" content=\"780\" \/>\n\t<meta property=\"og:image:height\" content=\"520\" \/>\n\t<meta property=\"og:image:type\" content=\"image\/webp\" \/>\n<meta name=\"author\" content=\"Potencia Radiof\u00f3nica Dominicana\" \/>\n<meta name=\"twitter:card\" content=\"summary_large_image\" \/>\n<meta name=\"twitter:label1\" content=\"Escrito por\" \/>\n\t<meta name=\"twitter:data1\" content=\"Potencia Radiof\u00f3nica Dominicana\" \/>\n\t<meta name=\"twitter:label2\" content=\"Tiempo de lectura\" \/>\n\t<meta name=\"twitter:data2\" content=\"2 minutos\" \/>\n<script type=\"application\/ld+json\" class=\"yoast-schema-graph\">{\"@context\":\"https:\/\/schema.org\",\"@graph\":[{\"@type\":\"Article\",\"@id\":\"https:\/\/potenciaradiofonicadominicana.com\/portal\/anthony-edwards-no-tiene-danos-en-la-rodilla\/#article\",\"isPartOf\":{\"@id\":\"https:\/\/potenciaradiofonicadominicana.com\/portal\/anthony-edwards-no-tiene-danos-en-la-rodilla\/\"},\"author\":{\"name\":\"Potencia Radiof\u00f3nica Dominicana\",\"@id\":\"https:\/\/potenciaradiofonicadominicana.com\/portal\/#\/schema\/person\/a5cf1fea13877803ee0573ac18b03490\"},\"headline\":\"Anthony Edwards no tiene da\u00f1os en la rodilla\",\"datePublished\":\"2026-04-28T04:06:47+00:00\",\"mainEntityOfPage\":{\"@id\":\"https:\/\/potenciaradiofonicadominicana.com\/portal\/anthony-edwards-no-tiene-danos-en-la-rodilla\/\"},\"wordCount\":284,\"publisher\":{\"@id\":\"https:\/\/potenciaradiofonicadominicana.com\/portal\/#organization\"},\"image\":{\"@id\":\"https:\/\/potenciaradiofonicadominicana.com\/portal\/anthony-edwards-no-tiene-danos-en-la-rodilla\/#primaryimage\"},\"thumbnailUrl\":\"https:\/\/potenciaradiofonicadominicana.com\/portal\/wp-content\/uploads\/2026\/04\/GettyImages-2273153502_7dee06.webp\",\"articleSection\":[\"Deportes\"],\"inLanguage\":\"es\"},{\"@type\":\"WebPage\",\"@id\":\"https:\/\/potenciaradiofonicadominicana.com\/portal\/anthony-edwards-no-tiene-danos-en-la-rodilla\/\",\"url\":\"https:\/\/potenciaradiofonicadominicana.com\/portal\/anthony-edwards-no-tiene-danos-en-la-rodilla\/\",\"name\":\"Anthony Edwards no tiene da\u00f1os en la rodilla - PotenciaRadiofonicaDominicana.com\",\"isPartOf\":{\"@id\":\"https:\/\/potenciaradiofonicadominicana.com\/portal\/#website\"},\"primaryImageOfPage\":{\"@id\":\"https:\/\/potenciaradiofonicadominicana.com\/portal\/anthony-edwards-no-tiene-danos-en-la-rodilla\/#primaryimage\"},\"image\":{\"@id\":\"https:\/\/potenciaradiofonicadominicana.com\/portal\/anthony-edwards-no-tiene-danos-en-la-rodilla\/#primaryimage\"},\"thumbnailUrl\":\"https:\/\/potenciaradiofonicadominicana.com\/portal\/wp-content\/uploads\/2026\/04\/GettyImages-2273153502_7dee06.webp\",\"datePublished\":\"2026-04-28T04:06:47+00:00\",\"breadcrumb\":{\"@id\":\"https:\/\/potenciaradiofonicadominicana.com\/portal\/anthony-edwards-no-tiene-danos-en-la-rodilla\/#breadcrumb\"},\"inLanguage\":\"es\",\"potentialAction\":[{\"@type\":\"ReadAction\",\"target\":[\"https:\/\/potenciaradiofonicadominicana.com\/portal\/anthony-edwards-no-tiene-danos-en-la-rodilla\/\"]}]},{\"@type\":\"ImageObject\",\"inLanguage\":\"es\",\"@id\":\"https:\/\/potenciaradiofonicadominicana.com\/portal\/anthony-edwards-no-tiene-danos-en-la-rodilla\/#primaryimage\",\"url\":\"https:\/\/potenciaradiofonicadominicana.com\/portal\/wp-content\/uploads\/2026\/04\/GettyImages-2273153502_7dee06.webp\",\"contentUrl\":\"https:\/\/potenciaradiofonicadominicana.com\/portal\/wp-content\/uploads\/2026\/04\/GettyImages-2273153502_7dee06.webp\",\"width\":780,\"height\":520},{\"@type\":\"BreadcrumbList\",\"@id\":\"https:\/\/potenciaradiofonicadominicana.com\/portal\/anthony-edwards-no-tiene-danos-en-la-rodilla\/#breadcrumb\",\"itemListElement\":[{\"@type\":\"ListItem\",\"position\":1,\"name\":\"Portada\",\"item\":\"https:\/\/potenciaradiofonicadominicana.com\/portal\/\"},{\"@type\":\"ListItem\",\"position\":2,\"name\":\"Anthony Edwards no tiene da\u00f1os en la rodilla\"}]},{\"@type\":\"WebSite\",\"@id\":\"https:\/\/potenciaradiofonicadominicana.com\/portal\/#website\",\"url\":\"https:\/\/potenciaradiofonicadominicana.com\/portal\/\",\"name\":\"PotenciaRadiofonicaDominicana.com\",\"description\":\"Peri\u00f3dico Digital\",\"publisher\":{\"@id\":\"https:\/\/potenciaradiofonicadominicana.com\/portal\/#organization\"},\"potentialAction\":[{\"@type\":\"SearchAction\",\"target\":{\"@type\":\"EntryPoint\",\"urlTemplate\":\"https:\/\/potenciaradiofonicadominicana.com\/portal\/?s={search_term_string}\"},\"query-input\":{\"@type\":\"PropertyValueSpecification\",\"valueRequired\":true,\"valueName\":\"search_term_string\"}}],\"inLanguage\":\"es\"},{\"@type\":\"Organization\",\"@id\":\"https:\/\/potenciaradiofonicadominicana.com\/portal\/#organization\",\"name\":\"PotenciaRadiofonicaDominicana.com\",\"url\":\"https:\/\/potenciaradiofonicadominicana.com\/portal\/\",\"logo\":{\"@type\":\"ImageObject\",\"inLanguage\":\"es\",\"@id\":\"https:\/\/potenciaradiofonicadominicana.com\/portal\/#\/schema\/logo\/image\/\",\"url\":\"https:\/\/potenciaradiofonicadominicana.com\/portal\/wp-content\/uploads\/2022\/01\/descarga.png\",\"contentUrl\":\"https:\/\/potenciaradiofonicadominicana.com\/portal\/wp-content\/uploads\/2022\/01\/descarga.png\",\"width\":300,\"height\":100,\"caption\":\"PotenciaRadiofonicaDominicana.com\"},\"image\":{\"@id\":\"https:\/\/potenciaradiofonicadominicana.com\/portal\/#\/schema\/logo\/image\/\"},\"sameAs\":[\"https:\/\/web.facebook.com\/PotenciaRadiofonicaD\"]},{\"@type\":\"Person\",\"@id\":\"https:\/\/potenciaradiofonicadominicana.com\/portal\/#\/schema\/person\/a5cf1fea13877803ee0573ac18b03490\",\"name\":\"Potencia Radiof\u00f3nica Dominicana\",\"image\":{\"@type\":\"ImageObject\",\"inLanguage\":\"es\",\"@id\":\"https:\/\/potenciaradiofonicadominicana.com\/portal\/#\/schema\/person\/image\/\",\"url\":\"https:\/\/secure.gravatar.com\/avatar\/42a55ab9e8ccc656ba34cd791990602a?s=96&d=mm&r=g\",\"contentUrl\":\"https:\/\/secure.gravatar.com\/avatar\/42a55ab9e8ccc656ba34cd791990602a?s=96&d=mm&r=g\",\"caption\":\"Potencia Radiof\u00f3nica Dominicana\"},\"url\":\"https:\/\/potenciaradiofonicadominicana.com\/portal\/author\/johannyalmanzar\/\"}]}<\/script>\n<!-- \/ Yoast SEO plugin. -->","yoast_head_json":{"title":"Anthony Edwards no tiene da\u00f1os en la rodilla - PotenciaRadiofonicaDominicana.com","robots":{"index":"index","follow":"follow","max-snippet":"max-snippet:-1","max-image-preview":"max-image-preview:large","max-video-preview":"max-video-preview:-1"},"canonical":"https:\/\/potenciaradiofonicadominicana.com\/portal\/anthony-edwards-no-tiene-danos-en-la-rodilla\/","og_locale":"es_ES","og_type":"article","og_title":"Anthony Edwards no tiene da\u00f1os en la rodilla - PotenciaRadiofonicaDominicana.com","og_description":"Denver.-El All-Star de Minnesota, Anthony Edwards, estar\u00e1 fuera al menos una semana por una hiperextensi\u00f3n y un hematoma \u00f3seo en ...","og_url":"https:\/\/potenciaradiofonicadominicana.com\/portal\/anthony-edwards-no-tiene-danos-en-la-rodilla\/","og_site_name":"PotenciaRadiofonicaDominicana.com","article_publisher":"https:\/\/web.facebook.com\/PotenciaRadiofonicaD","article_published_time":"2026-04-28T04:06:47+00:00","og_image":[{"width":780,"height":520,"url":"https:\/\/potenciaradiofonicadominicana.com\/portal\/wp-content\/uploads\/2026\/04\/GettyImages-2273153502_7dee06.webp","type":"image\/webp"}],"author":"Potencia Radiof\u00f3nica Dominicana","twitter_card":"summary_large_image","twitter_misc":{"Escrito por":"Potencia Radiof\u00f3nica Dominicana","Tiempo de lectura":"2 minutos"},"schema":{"@context":"https:\/\/schema.org","@graph":[{"@type":"Article","@id":"https:\/\/potenciaradiofonicadominicana.com\/portal\/anthony-edwards-no-tiene-danos-en-la-rodilla\/#article","isPartOf":{"@id":"https:\/\/potenciaradiofonicadominicana.com\/portal\/anthony-edwards-no-tiene-danos-en-la-rodilla\/"},"author":{"name":"Potencia Radiof\u00f3nica Dominicana","@id":"https:\/\/potenciaradiofonicadominicana.com\/portal\/#\/schema\/person\/a5cf1fea13877803ee0573ac18b03490"},"headline":"Anthony Edwards no tiene da\u00f1os en la rodilla","datePublished":"2026-04-28T04:06:47+00:00","mainEntityOfPage":{"@id":"https:\/\/potenciaradiofonicadominicana.com\/portal\/anthony-edwards-no-tiene-danos-en-la-rodilla\/"},"wordCount":284,"publisher":{"@id":"https:\/\/potenciaradiofonicadominicana.com\/portal\/#organization"},"image":{"@id":"https:\/\/potenciaradiofonicadominicana.com\/portal\/anthony-edwards-no-tiene-danos-en-la-rodilla\/#primaryimage"},"thumbnailUrl":"https:\/\/potenciaradiofonicadominicana.com\/portal\/wp-content\/uploads\/2026\/04\/GettyImages-2273153502_7dee06.webp","articleSection":["Deportes"],"inLanguage":"es"},{"@type":"WebPage","@id":"https:\/\/potenciaradiofonicadominicana.com\/portal\/anthony-edwards-no-tiene-danos-en-la-rodilla\/","url":"https:\/\/potenciaradiofonicadominicana.com\/portal\/anthony-edwards-no-tiene-danos-en-la-rodilla\/","name":"Anthony Edwards no tiene da\u00f1os en la rodilla - PotenciaRadiofonicaDominicana.com","isPartOf":{"@id":"https:\/\/potenciaradiofonicadominicana.com\/portal\/#website"},"primaryImageOfPage":{"@id":"https:\/\/potenciaradiofonicadominicana.com\/portal\/anthony-edwards-no-tiene-danos-en-la-rodilla\/#primaryimage"},"image":{"@id":"https:\/\/potenciaradiofonicadominicana.com\/portal\/anthony-edwards-no-tiene-danos-en-la-rodilla\/#primaryimage"},"thumbnailUrl":"https:\/\/potenciaradiofonicadominicana.com\/portal\/wp-content\/uploads\/2026\/04\/GettyImages-2273153502_7dee06.webp","datePublished":"2026-04-28T04:06:47+00:00","breadcrumb":{"@id":"https:\/\/potenciaradiofonicadominicana.com\/portal\/anthony-edwards-no-tiene-danos-en-la-rodilla\/#breadcrumb"},"inLanguage":"es","potentialAction":[{"@type":"ReadAction","target":["https:\/\/potenciaradiofonicadominicana.com\/portal\/anthony-edwards-no-tiene-danos-en-la-rodilla\/"]}]},{"@type":"ImageObject","inLanguage":"es","@id":"https:\/\/potenciaradiofonicadominicana.com\/portal\/anthony-edwards-no-tiene-danos-en-la-rodilla\/#primaryimage","url":"https:\/\/potenciaradiofonicadominicana.com\/portal\/wp-content\/uploads\/2026\/04\/GettyImages-2273153502_7dee06.webp","contentUrl":"https:\/\/potenciaradiofonicadominicana.com\/portal\/wp-content\/uploads\/2026\/04\/GettyImages-2273153502_7dee06.webp","width":780,"height":520},{"@type":"BreadcrumbList","@id":"https:\/\/potenciaradiofonicadominicana.com\/portal\/anthony-edwards-no-tiene-danos-en-la-rodilla\/#breadcrumb","itemListElement":[{"@type":"ListItem","position":1,"name":"Portada","item":"https:\/\/potenciaradiofonicadominicana.com\/portal\/"},{"@type":"ListItem","position":2,"name":"Anthony Edwards no tiene da\u00f1os en la rodilla"}]},{"@type":"WebSite","@id":"https:\/\/potenciaradiofonicadominicana.com\/portal\/#website","url":"https:\/\/potenciaradiofonicadominicana.com\/portal\/","name":"PotenciaRadiofonicaDominicana.com","description":"Peri\u00f3dico Digital","publisher":{"@id":"https:\/\/potenciaradiofonicadominicana.com\/portal\/#organization"},"potentialAction":[{"@type":"SearchAction","target":{"@type":"EntryPoint","urlTemplate":"https:\/\/potenciaradiofonicadominicana.com\/portal\/?s={search_term_string}"},"query-input":{"@type":"PropertyValueSpecification","valueRequired":true,"valueName":"search_term_string"}}],"inLanguage":"es"},{"@type":"Organization","@id":"https:\/\/potenciaradiofonicadominicana.com\/portal\/#organization","name":"PotenciaRadiofonicaDominicana.com","url":"https:\/\/potenciaradiofonicadominicana.com\/portal\/","logo":{"@type":"ImageObject","inLanguage":"es","@id":"https:\/\/potenciaradiofonicadominicana.com\/portal\/#\/schema\/logo\/image\/","url":"https:\/\/potenciaradiofonicadominicana.com\/portal\/wp-content\/uploads\/2022\/01\/descarga.png","contentUrl":"https:\/\/potenciaradiofonicadominicana.com\/portal\/wp-content\/uploads\/2022\/01\/descarga.png","width":300,"height":100,"caption":"PotenciaRadiofonicaDominicana.com"},"image":{"@id":"https:\/\/potenciaradiofonicadominicana.com\/portal\/#\/schema\/logo\/image\/"},"sameAs":["https:\/\/web.facebook.com\/PotenciaRadiofonicaD"]},{"@type":"Person","@id":"https:\/\/potenciaradiofonicadominicana.com\/portal\/#\/schema\/person\/a5cf1fea13877803ee0573ac18b03490","name":"Potencia Radiof\u00f3nica Dominicana","image":{"@type":"ImageObject","inLanguage":"es","@id":"https:\/\/potenciaradiofonicadominicana.com\/portal\/#\/schema\/person\/image\/","url":"https:\/\/secure.gravatar.com\/avatar\/42a55ab9e8ccc656ba34cd791990602a?s=96&d=mm&r=g","contentUrl":"https:\/\/secure.gravatar.com\/avatar\/42a55ab9e8ccc656ba34cd791990602a?s=96&d=mm&r=g","caption":"Potencia Radiof\u00f3nica Dominicana"},"url":"https:\/\/potenciaradiofonicadominicana.com\/portal\/author\/johannyalmanzar\/"}]}},"_links":{"self":[{"href":"https:\/\/potenciaradiofonicadominicana.com\/portal\/wp-json\/wp\/v2\/posts\/215992","targetHints":{"allow":["GET"]}}],"collection":[{"href":"https:\/\/potenciaradiofonicadominicana.com\/portal\/wp-json\/wp\/v2\/posts"}],"about":[{"href":"https:\/\/potenciaradiofonicadominicana.com\/portal\/wp-json\/wp\/v2\/types\/post"}],"author":[{"embeddable":true,"href":"https:\/\/potenciaradiofonicadominicana.com\/portal\/wp-json\/wp\/v2\/users\/2"}],"replies":[{"embeddable":true,"href":"https:\/\/potenciaradiofonicadominicana.com\/portal\/wp-json\/wp\/v2\/comments?post=215992"}],"version-history":[{"count":1,"href":"https:\/\/potenciaradiofonicadominicana.com\/portal\/wp-json\/wp\/v2\/posts\/215992\/revisions"}],"predecessor-version":[{"id":215996,"href":"https:\/\/potenciaradiofonicadominicana.com\/portal\/wp-json\/wp\/v2\/posts\/215992\/revisions\/215996"}],"wp:featuredmedia":[{"embeddable":true,"href":"https:\/\/potenciaradiofonicadominicana.com\/portal\/wp-json\/wp\/v2\/media\/215994"}],"wp:attachment":[{"href":"https:\/\/potenciaradiofonicadominicana.com\/portal\/wp-json\/wp\/v2\/media?parent=215992"}],"wp:term":[{"taxonomy":"category","embeddable":true,"href":"https:\/\/potenciaradiofonicadominicana.com\/portal\/wp-json\/wp\/v2\/categories?post=215992"},{"taxonomy":"post_tag","embeddable":true,"href":"https:\/\/potenciaradiofonicadominicana.com\/portal\/wp-json\/wp\/v2\/tags?post=215992"}],"curies":[{"name":"wp","href":"https:\/\/api.w.org\/{rel}","templated":true}]}}