{"id":215987,"date":"2026-04-28T00:05:46","date_gmt":"2026-04-28T04:05:46","guid":{"rendered":"https:\/\/potenciaradiofonicadominicana.com\/portal\/?p=215987"},"modified":"2026-04-28T00:05:46","modified_gmt":"2026-04-28T04:05:46","slug":"los-pagos-en-intereses-de-la-deuda-publica-superan-los-de-educacion","status":"publish","type":"post","link":"https:\/\/potenciaradiofonicadominicana.com\/portal\/los-pagos-en-intereses-de-la-deuda-publica-superan-los-de-educacion\/","title":{"rendered":"Los pagos en intereses de la deuda p\u00fablica superan los de Educaci\u00f3n"},"content":{"rendered":"<p><a href=\"https:\/\/potenciaradiofonicadominicana.com\/portal\/wp-content\/uploads\/2026\/04\/pago-de-intereses-de-la-deuda-superan-los-desembolsos-de-educacion-5fb5430b-focus-0-0-896-504.jpg\"><img loading=\"lazy\" decoding=\"async\" class=\"alignnone size-full wp-image-215989\" src=\"https:\/\/potenciaradiofonicadominicana.com\/portal\/wp-content\/uploads\/2026\/04\/pago-de-intereses-de-la-deuda-superan-los-desembolsos-de-educacion-5fb5430b-focus-0-0-896-504.jpg\" alt=\"\" width=\"896\" height=\"504\" srcset=\"https:\/\/potenciaradiofonicadominicana.com\/portal\/wp-content\/uploads\/2026\/04\/pago-de-intereses-de-la-deuda-superan-los-desembolsos-de-educacion-5fb5430b-focus-0-0-896-504.jpg 896w, https:\/\/potenciaradiofonicadominicana.com\/portal\/wp-content\/uploads\/2026\/04\/pago-de-intereses-de-la-deuda-superan-los-desembolsos-de-educacion-5fb5430b-focus-0-0-896-504-300x169.jpg 300w, https:\/\/potenciaradiofonicadominicana.com\/portal\/wp-content\/uploads\/2026\/04\/pago-de-intereses-de-la-deuda-superan-los-desembolsos-de-educacion-5fb5430b-focus-0-0-896-504-768x432.jpg 768w\" sizes=\"auto, (max-width: 896px) 100vw, 896px\" \/><\/a><\/p>\n<p>El\u00a0<strong>Ministerio de Educaci\u00f3n<\/strong>\u00a0de la Rep\u00fablica Dominicana (Minerd) tiene asignado el\u00a0<strong>mayor monto presupuestario<\/strong>\u00a0entre las instituciones del Estado, con una partida inicial que este a\u00f1o asciende a\u00a0<strong>332,030.6 millones<\/strong>\u00a0de pesos. En su \u00faltimo discurso de rendici\u00f3n de cuentas, el presidente de la Rep\u00fablica, Luis Abinader, defini\u00f3 la ense\u00f1anza como \u00abel pilar fundamental para el desarrollo sostenible\u00bb del pa\u00eds.<\/p>\n<p>Pero, a pesar de la relevancia de la\u00a0<strong>educaci\u00f3n<\/strong>\u00a0dentro del\u00a0<strong>Presupuesto<\/strong>\u00a0General del Estado y de las palabras del mandatario, el pago de los intereses de la deuda fue la partida con\u00a0<strong>mayor monto pagado<\/strong>\u00a0entre enero y marzo de 2026, superando en m\u00e1s de 17,800 millones de pesos lo desembolsado por el Minerd.<\/p>\n<div class=\"my-12 component web-insert-bullet relative border bg-component\">\n<p>&nbsp;<\/p>\n<ul class=\"list-text\">\n<li>Durante el primer trimestre de este a\u00f1o el pago en intereses de la deuda p\u00fablica totaliz\u00f3 85,419.6 millones de pesos. Sin embargo, durante ese mismo lapso, los recursos desembolsados en Educaci\u00f3n sumaron 67,531.1 millones de pesos, de acuerdo con los diferentes informes mensuales de ejecuci\u00f3n presupuestaria que elabora la Direcci\u00f3n General de Presupuesto (Digepres).<\/li>\n<\/ul>\n<\/div>\n<p>Las cifras reflejan que los\u00a0<strong>compromisos honrados<\/strong>\u00a0en intereses entre enero y marzo de 2026 fueron superiores en 17,888.5 millones de pesos a lo gastado por el\u00a0<strong>Gobierno<\/strong>\u00a0en\u00a0<strong>educaci\u00f3n<\/strong> en ese mismo per\u00edodo.<\/p>\n<p>Si al gasto educativo se suma el realizado por las autoridades del\u00a0<strong>Ministerio de Salud P\u00fablica<\/strong>\u00a0y Asistencia Social, que ascendi\u00f3 a 37,029.2 millones de pesos en el primer trimestre, lo pagado por concepto de deuda represent\u00f3 el\u00a0<strong>81.7 %<\/strong>\u00a0de lo destinado a sanidad y\u00a0<strong>educaci\u00f3n<\/strong>.<\/p>\n<p>Para este a\u00f1o las autoridades fiscales presupuestaron pagos en intereses por 324,257.1 millones de pesos, mientras que\u00a0<strong>Educaci\u00f3n<\/strong>\u00a0tiene un monto asignado de\u00a0<strong>332,030.6 millones<\/strong>. En 2025, en la primera partida, se gastaron 275,589.9 millones de pesos y en la segunda 304,724.7 millones.<\/p>\n<p>A febrero, la\u00a0<strong>deuda del sector p\u00fablico no financiero<\/strong>\u00a0ascendi\u00f3 a 64,828.9 millones de d\u00f3lares, monto que representaba el 49 % del producto interno bruto (<strong>PIB<\/strong>), seg\u00fan cifras de la Direcci\u00f3n General de Cr\u00e9dito P\u00fablico.<\/p>\n<h2>Intereses se duplican<\/h2>\n<p>El pago de los intereses por los compromisos financieros asumidos por el\u00a0<strong>Estado dominicano<\/strong>\u00a0 se\u00a0<strong>duplic\u00f3 desde 2021<\/strong>.<\/p>\n<p>Los registros de\u00a0<strong>Presupuesto\u00a0<\/strong>indican que, en\u00a0<strong>2021<\/strong>, el primer a\u00f1o completo de las dos gestiones de Abinader, el pa\u00eds desembols\u00f3 156,205.8 millones de pesos en pago de intereses de la deuda, lo que implica que en los \u00faltimos cinco a\u00f1os esa partida sufri\u00f3 un incremento de un 76.4 %.<\/p>\n<div class=\"social-embed mb-4\">\n<div class=\"placeholderYoutube\"><\/div>\n<\/div>\n","protected":false},"excerpt":{"rendered":"<p>El\u00a0Ministerio de Educaci\u00f3n\u00a0de la Rep\u00fablica Dominicana (Minerd) tiene asignado el\u00a0mayor monto presupuestario\u00a0entre las instituciones del Estado, con una partida inicial &#8230;<\/p>\n","protected":false},"author":2,"featured_media":215989,"comment_status":"closed","ping_status":"closed","sticky":false,"template":"","format":"standard","meta":{"footnotes":""},"categories":[26],"tags":[],"class_list":["post-215987","post","type-post","status-publish","format-standard","has-post-thumbnail","hentry","category-economia"],"yoast_head":"<!-- This site is optimized with the Yoast SEO plugin v24.8.1 - https:\/\/yoast.com\/wordpress\/plugins\/seo\/ -->\n<title>Los pagos en intereses de la deuda p\u00fablica superan los de Educaci\u00f3n - PotenciaRadiofonicaDominicana.com<\/title>\n<meta name=\"robots\" content=\"index, follow, max-snippet:-1, max-image-preview:large, max-video-preview:-1\" \/>\n<link rel=\"canonical\" href=\"https:\/\/potenciaradiofonicadominicana.com\/portal\/los-pagos-en-intereses-de-la-deuda-publica-superan-los-de-educacion\/\" \/>\n<meta property=\"og:locale\" content=\"es_ES\" \/>\n<meta property=\"og:type\" content=\"article\" \/>\n<meta property=\"og:title\" content=\"Los pagos en intereses de la deuda p\u00fablica superan los de Educaci\u00f3n - PotenciaRadiofonicaDominicana.com\" \/>\n<meta property=\"og:description\" content=\"El\u00a0Ministerio de Educaci\u00f3n\u00a0de la Rep\u00fablica Dominicana (Minerd) tiene asignado el\u00a0mayor monto presupuestario\u00a0entre las instituciones del Estado, con una partida inicial ...\" \/>\n<meta property=\"og:url\" content=\"https:\/\/potenciaradiofonicadominicana.com\/portal\/los-pagos-en-intereses-de-la-deuda-publica-superan-los-de-educacion\/\" \/>\n<meta property=\"og:site_name\" content=\"PotenciaRadiofonicaDominicana.com\" \/>\n<meta property=\"article:publisher\" content=\"https:\/\/web.facebook.com\/PotenciaRadiofonicaD\" \/>\n<meta property=\"article:published_time\" content=\"2026-04-28T04:05:46+00:00\" \/>\n<meta property=\"og:image\" content=\"https:\/\/potenciaradiofonicadominicana.com\/portal\/wp-content\/uploads\/2026\/04\/pago-de-intereses-de-la-deuda-superan-los-desembolsos-de-educacion-5fb5430b-focus-0-0-896-504.jpg\" \/>\n\t<meta property=\"og:image:width\" content=\"896\" \/>\n\t<meta property=\"og:image:height\" content=\"504\" \/>\n\t<meta property=\"og:image:type\" content=\"image\/jpeg\" \/>\n<meta name=\"author\" content=\"Potencia Radiof\u00f3nica Dominicana\" \/>\n<meta name=\"twitter:card\" content=\"summary_large_image\" \/>\n<meta name=\"twitter:label1\" content=\"Escrito por\" \/>\n\t<meta name=\"twitter:data1\" content=\"Potencia Radiof\u00f3nica Dominicana\" \/>\n\t<meta name=\"twitter:label2\" content=\"Tiempo de lectura\" \/>\n\t<meta name=\"twitter:data2\" content=\"3 minutos\" \/>\n<script type=\"application\/ld+json\" class=\"yoast-schema-graph\">{\"@context\":\"https:\/\/schema.org\",\"@graph\":[{\"@type\":\"Article\",\"@id\":\"https:\/\/potenciaradiofonicadominicana.com\/portal\/los-pagos-en-intereses-de-la-deuda-publica-superan-los-de-educacion\/#article\",\"isPartOf\":{\"@id\":\"https:\/\/potenciaradiofonicadominicana.com\/portal\/los-pagos-en-intereses-de-la-deuda-publica-superan-los-de-educacion\/\"},\"author\":{\"name\":\"Potencia Radiof\u00f3nica Dominicana\",\"@id\":\"https:\/\/potenciaradiofonicadominicana.com\/portal\/#\/schema\/person\/a5cf1fea13877803ee0573ac18b03490\"},\"headline\":\"Los pagos en intereses de la deuda p\u00fablica superan los de Educaci\u00f3n\",\"datePublished\":\"2026-04-28T04:05:46+00:00\",\"mainEntityOfPage\":{\"@id\":\"https:\/\/potenciaradiofonicadominicana.com\/portal\/los-pagos-en-intereses-de-la-deuda-publica-superan-los-de-educacion\/\"},\"wordCount\":421,\"publisher\":{\"@id\":\"https:\/\/potenciaradiofonicadominicana.com\/portal\/#organization\"},\"image\":{\"@id\":\"https:\/\/potenciaradiofonicadominicana.com\/portal\/los-pagos-en-intereses-de-la-deuda-publica-superan-los-de-educacion\/#primaryimage\"},\"thumbnailUrl\":\"https:\/\/potenciaradiofonicadominicana.com\/portal\/wp-content\/uploads\/2026\/04\/pago-de-intereses-de-la-deuda-superan-los-desembolsos-de-educacion-5fb5430b-focus-0-0-896-504.jpg\",\"articleSection\":[\"Econom\u00eda\"],\"inLanguage\":\"es\"},{\"@type\":\"WebPage\",\"@id\":\"https:\/\/potenciaradiofonicadominicana.com\/portal\/los-pagos-en-intereses-de-la-deuda-publica-superan-los-de-educacion\/\",\"url\":\"https:\/\/potenciaradiofonicadominicana.com\/portal\/los-pagos-en-intereses-de-la-deuda-publica-superan-los-de-educacion\/\",\"name\":\"Los pagos en intereses de la deuda p\u00fablica superan los de Educaci\u00f3n - PotenciaRadiofonicaDominicana.com\",\"isPartOf\":{\"@id\":\"https:\/\/potenciaradiofonicadominicana.com\/portal\/#website\"},\"primaryImageOfPage\":{\"@id\":\"https:\/\/potenciaradiofonicadominicana.com\/portal\/los-pagos-en-intereses-de-la-deuda-publica-superan-los-de-educacion\/#primaryimage\"},\"image\":{\"@id\":\"https:\/\/potenciaradiofonicadominicana.com\/portal\/los-pagos-en-intereses-de-la-deuda-publica-superan-los-de-educacion\/#primaryimage\"},\"thumbnailUrl\":\"https:\/\/potenciaradiofonicadominicana.com\/portal\/wp-content\/uploads\/2026\/04\/pago-de-intereses-de-la-deuda-superan-los-desembolsos-de-educacion-5fb5430b-focus-0-0-896-504.jpg\",\"datePublished\":\"2026-04-28T04:05:46+00:00\",\"breadcrumb\":{\"@id\":\"https:\/\/potenciaradiofonicadominicana.com\/portal\/los-pagos-en-intereses-de-la-deuda-publica-superan-los-de-educacion\/#breadcrumb\"},\"inLanguage\":\"es\",\"potentialAction\":[{\"@type\":\"ReadAction\",\"target\":[\"https:\/\/potenciaradiofonicadominicana.com\/portal\/los-pagos-en-intereses-de-la-deuda-publica-superan-los-de-educacion\/\"]}]},{\"@type\":\"ImageObject\",\"inLanguage\":\"es\",\"@id\":\"https:\/\/potenciaradiofonicadominicana.com\/portal\/los-pagos-en-intereses-de-la-deuda-publica-superan-los-de-educacion\/#primaryimage\",\"url\":\"https:\/\/potenciaradiofonicadominicana.com\/portal\/wp-content\/uploads\/2026\/04\/pago-de-intereses-de-la-deuda-superan-los-desembolsos-de-educacion-5fb5430b-focus-0-0-896-504.jpg\",\"contentUrl\":\"https:\/\/potenciaradiofonicadominicana.com\/portal\/wp-content\/uploads\/2026\/04\/pago-de-intereses-de-la-deuda-superan-los-desembolsos-de-educacion-5fb5430b-focus-0-0-896-504.jpg\",\"width\":896,\"height\":504},{\"@type\":\"BreadcrumbList\",\"@id\":\"https:\/\/potenciaradiofonicadominicana.com\/portal\/los-pagos-en-intereses-de-la-deuda-publica-superan-los-de-educacion\/#breadcrumb\",\"itemListElement\":[{\"@type\":\"ListItem\",\"position\":1,\"name\":\"Portada\",\"item\":\"https:\/\/potenciaradiofonicadominicana.com\/portal\/\"},{\"@type\":\"ListItem\",\"position\":2,\"name\":\"Los pagos en intereses de la deuda p\u00fablica superan los de Educaci\u00f3n\"}]},{\"@type\":\"WebSite\",\"@id\":\"https:\/\/potenciaradiofonicadominicana.com\/portal\/#website\",\"url\":\"https:\/\/potenciaradiofonicadominicana.com\/portal\/\",\"name\":\"PotenciaRadiofonicaDominicana.com\",\"description\":\"Peri\u00f3dico Digital\",\"publisher\":{\"@id\":\"https:\/\/potenciaradiofonicadominicana.com\/portal\/#organization\"},\"potentialAction\":[{\"@type\":\"SearchAction\",\"target\":{\"@type\":\"EntryPoint\",\"urlTemplate\":\"https:\/\/potenciaradiofonicadominicana.com\/portal\/?s={search_term_string}\"},\"query-input\":{\"@type\":\"PropertyValueSpecification\",\"valueRequired\":true,\"valueName\":\"search_term_string\"}}],\"inLanguage\":\"es\"},{\"@type\":\"Organization\",\"@id\":\"https:\/\/potenciaradiofonicadominicana.com\/portal\/#organization\",\"name\":\"PotenciaRadiofonicaDominicana.com\",\"url\":\"https:\/\/potenciaradiofonicadominicana.com\/portal\/\",\"logo\":{\"@type\":\"ImageObject\",\"inLanguage\":\"es\",\"@id\":\"https:\/\/potenciaradiofonicadominicana.com\/portal\/#\/schema\/logo\/image\/\",\"url\":\"https:\/\/potenciaradiofonicadominicana.com\/portal\/wp-content\/uploads\/2022\/01\/descarga.png\",\"contentUrl\":\"https:\/\/potenciaradiofonicadominicana.com\/portal\/wp-content\/uploads\/2022\/01\/descarga.png\",\"width\":300,\"height\":100,\"caption\":\"PotenciaRadiofonicaDominicana.com\"},\"image\":{\"@id\":\"https:\/\/potenciaradiofonicadominicana.com\/portal\/#\/schema\/logo\/image\/\"},\"sameAs\":[\"https:\/\/web.facebook.com\/PotenciaRadiofonicaD\"]},{\"@type\":\"Person\",\"@id\":\"https:\/\/potenciaradiofonicadominicana.com\/portal\/#\/schema\/person\/a5cf1fea13877803ee0573ac18b03490\",\"name\":\"Potencia Radiof\u00f3nica Dominicana\",\"image\":{\"@type\":\"ImageObject\",\"inLanguage\":\"es\",\"@id\":\"https:\/\/potenciaradiofonicadominicana.com\/portal\/#\/schema\/person\/image\/\",\"url\":\"https:\/\/secure.gravatar.com\/avatar\/42a55ab9e8ccc656ba34cd791990602a?s=96&d=mm&r=g\",\"contentUrl\":\"https:\/\/secure.gravatar.com\/avatar\/42a55ab9e8ccc656ba34cd791990602a?s=96&d=mm&r=g\",\"caption\":\"Potencia Radiof\u00f3nica Dominicana\"},\"url\":\"https:\/\/potenciaradiofonicadominicana.com\/portal\/author\/johannyalmanzar\/\"}]}<\/script>\n<!-- \/ Yoast SEO plugin. -->","yoast_head_json":{"title":"Los pagos en intereses de la deuda p\u00fablica superan los de Educaci\u00f3n - PotenciaRadiofonicaDominicana.com","robots":{"index":"index","follow":"follow","max-snippet":"max-snippet:-1","max-image-preview":"max-image-preview:large","max-video-preview":"max-video-preview:-1"},"canonical":"https:\/\/potenciaradiofonicadominicana.com\/portal\/los-pagos-en-intereses-de-la-deuda-publica-superan-los-de-educacion\/","og_locale":"es_ES","og_type":"article","og_title":"Los pagos en intereses de la deuda p\u00fablica superan los de Educaci\u00f3n - PotenciaRadiofonicaDominicana.com","og_description":"El\u00a0Ministerio de Educaci\u00f3n\u00a0de la Rep\u00fablica Dominicana (Minerd) tiene asignado el\u00a0mayor monto presupuestario\u00a0entre las instituciones del Estado, con una partida inicial ...","og_url":"https:\/\/potenciaradiofonicadominicana.com\/portal\/los-pagos-en-intereses-de-la-deuda-publica-superan-los-de-educacion\/","og_site_name":"PotenciaRadiofonicaDominicana.com","article_publisher":"https:\/\/web.facebook.com\/PotenciaRadiofonicaD","article_published_time":"2026-04-28T04:05:46+00:00","og_image":[{"width":896,"height":504,"url":"https:\/\/potenciaradiofonicadominicana.com\/portal\/wp-content\/uploads\/2026\/04\/pago-de-intereses-de-la-deuda-superan-los-desembolsos-de-educacion-5fb5430b-focus-0-0-896-504.jpg","type":"image\/jpeg"}],"author":"Potencia Radiof\u00f3nica Dominicana","twitter_card":"summary_large_image","twitter_misc":{"Escrito por":"Potencia Radiof\u00f3nica Dominicana","Tiempo de lectura":"3 minutos"},"schema":{"@context":"https:\/\/schema.org","@graph":[{"@type":"Article","@id":"https:\/\/potenciaradiofonicadominicana.com\/portal\/los-pagos-en-intereses-de-la-deuda-publica-superan-los-de-educacion\/#article","isPartOf":{"@id":"https:\/\/potenciaradiofonicadominicana.com\/portal\/los-pagos-en-intereses-de-la-deuda-publica-superan-los-de-educacion\/"},"author":{"name":"Potencia Radiof\u00f3nica Dominicana","@id":"https:\/\/potenciaradiofonicadominicana.com\/portal\/#\/schema\/person\/a5cf1fea13877803ee0573ac18b03490"},"headline":"Los pagos en intereses de la deuda p\u00fablica superan los de Educaci\u00f3n","datePublished":"2026-04-28T04:05:46+00:00","mainEntityOfPage":{"@id":"https:\/\/potenciaradiofonicadominicana.com\/portal\/los-pagos-en-intereses-de-la-deuda-publica-superan-los-de-educacion\/"},"wordCount":421,"publisher":{"@id":"https:\/\/potenciaradiofonicadominicana.com\/portal\/#organization"},"image":{"@id":"https:\/\/potenciaradiofonicadominicana.com\/portal\/los-pagos-en-intereses-de-la-deuda-publica-superan-los-de-educacion\/#primaryimage"},"thumbnailUrl":"https:\/\/potenciaradiofonicadominicana.com\/portal\/wp-content\/uploads\/2026\/04\/pago-de-intereses-de-la-deuda-superan-los-desembolsos-de-educacion-5fb5430b-focus-0-0-896-504.jpg","articleSection":["Econom\u00eda"],"inLanguage":"es"},{"@type":"WebPage","@id":"https:\/\/potenciaradiofonicadominicana.com\/portal\/los-pagos-en-intereses-de-la-deuda-publica-superan-los-de-educacion\/","url":"https:\/\/potenciaradiofonicadominicana.com\/portal\/los-pagos-en-intereses-de-la-deuda-publica-superan-los-de-educacion\/","name":"Los pagos en intereses de la deuda p\u00fablica superan los de Educaci\u00f3n - PotenciaRadiofonicaDominicana.com","isPartOf":{"@id":"https:\/\/potenciaradiofonicadominicana.com\/portal\/#website"},"primaryImageOfPage":{"@id":"https:\/\/potenciaradiofonicadominicana.com\/portal\/los-pagos-en-intereses-de-la-deuda-publica-superan-los-de-educacion\/#primaryimage"},"image":{"@id":"https:\/\/potenciaradiofonicadominicana.com\/portal\/los-pagos-en-intereses-de-la-deuda-publica-superan-los-de-educacion\/#primaryimage"},"thumbnailUrl":"https:\/\/potenciaradiofonicadominicana.com\/portal\/wp-content\/uploads\/2026\/04\/pago-de-intereses-de-la-deuda-superan-los-desembolsos-de-educacion-5fb5430b-focus-0-0-896-504.jpg","datePublished":"2026-04-28T04:05:46+00:00","breadcrumb":{"@id":"https:\/\/potenciaradiofonicadominicana.com\/portal\/los-pagos-en-intereses-de-la-deuda-publica-superan-los-de-educacion\/#breadcrumb"},"inLanguage":"es","potentialAction":[{"@type":"ReadAction","target":["https:\/\/potenciaradiofonicadominicana.com\/portal\/los-pagos-en-intereses-de-la-deuda-publica-superan-los-de-educacion\/"]}]},{"@type":"ImageObject","inLanguage":"es","@id":"https:\/\/potenciaradiofonicadominicana.com\/portal\/los-pagos-en-intereses-de-la-deuda-publica-superan-los-de-educacion\/#primaryimage","url":"https:\/\/potenciaradiofonicadominicana.com\/portal\/wp-content\/uploads\/2026\/04\/pago-de-intereses-de-la-deuda-superan-los-desembolsos-de-educacion-5fb5430b-focus-0-0-896-504.jpg","contentUrl":"https:\/\/potenciaradiofonicadominicana.com\/portal\/wp-content\/uploads\/2026\/04\/pago-de-intereses-de-la-deuda-superan-los-desembolsos-de-educacion-5fb5430b-focus-0-0-896-504.jpg","width":896,"height":504},{"@type":"BreadcrumbList","@id":"https:\/\/potenciaradiofonicadominicana.com\/portal\/los-pagos-en-intereses-de-la-deuda-publica-superan-los-de-educacion\/#breadcrumb","itemListElement":[{"@type":"ListItem","position":1,"name":"Portada","item":"https:\/\/potenciaradiofonicadominicana.com\/portal\/"},{"@type":"ListItem","position":2,"name":"Los pagos en intereses de la deuda p\u00fablica superan los de Educaci\u00f3n"}]},{"@type":"WebSite","@id":"https:\/\/potenciaradiofonicadominicana.com\/portal\/#website","url":"https:\/\/potenciaradiofonicadominicana.com\/portal\/","name":"PotenciaRadiofonicaDominicana.com","description":"Peri\u00f3dico Digital","publisher":{"@id":"https:\/\/potenciaradiofonicadominicana.com\/portal\/#organization"},"potentialAction":[{"@type":"SearchAction","target":{"@type":"EntryPoint","urlTemplate":"https:\/\/potenciaradiofonicadominicana.com\/portal\/?s={search_term_string}"},"query-input":{"@type":"PropertyValueSpecification","valueRequired":true,"valueName":"search_term_string"}}],"inLanguage":"es"},{"@type":"Organization","@id":"https:\/\/potenciaradiofonicadominicana.com\/portal\/#organization","name":"PotenciaRadiofonicaDominicana.com","url":"https:\/\/potenciaradiofonicadominicana.com\/portal\/","logo":{"@type":"ImageObject","inLanguage":"es","@id":"https:\/\/potenciaradiofonicadominicana.com\/portal\/#\/schema\/logo\/image\/","url":"https:\/\/potenciaradiofonicadominicana.com\/portal\/wp-content\/uploads\/2022\/01\/descarga.png","contentUrl":"https:\/\/potenciaradiofonicadominicana.com\/portal\/wp-content\/uploads\/2022\/01\/descarga.png","width":300,"height":100,"caption":"PotenciaRadiofonicaDominicana.com"},"image":{"@id":"https:\/\/potenciaradiofonicadominicana.com\/portal\/#\/schema\/logo\/image\/"},"sameAs":["https:\/\/web.facebook.com\/PotenciaRadiofonicaD"]},{"@type":"Person","@id":"https:\/\/potenciaradiofonicadominicana.com\/portal\/#\/schema\/person\/a5cf1fea13877803ee0573ac18b03490","name":"Potencia Radiof\u00f3nica Dominicana","image":{"@type":"ImageObject","inLanguage":"es","@id":"https:\/\/potenciaradiofonicadominicana.com\/portal\/#\/schema\/person\/image\/","url":"https:\/\/secure.gravatar.com\/avatar\/42a55ab9e8ccc656ba34cd791990602a?s=96&d=mm&r=g","contentUrl":"https:\/\/secure.gravatar.com\/avatar\/42a55ab9e8ccc656ba34cd791990602a?s=96&d=mm&r=g","caption":"Potencia Radiof\u00f3nica Dominicana"},"url":"https:\/\/potenciaradiofonicadominicana.com\/portal\/author\/johannyalmanzar\/"}]}},"_links":{"self":[{"href":"https:\/\/potenciaradiofonicadominicana.com\/portal\/wp-json\/wp\/v2\/posts\/215987","targetHints":{"allow":["GET"]}}],"collection":[{"href":"https:\/\/potenciaradiofonicadominicana.com\/portal\/wp-json\/wp\/v2\/posts"}],"about":[{"href":"https:\/\/potenciaradiofonicadominicana.com\/portal\/wp-json\/wp\/v2\/types\/post"}],"author":[{"embeddable":true,"href":"https:\/\/potenciaradiofonicadominicana.com\/portal\/wp-json\/wp\/v2\/users\/2"}],"replies":[{"embeddable":true,"href":"https:\/\/potenciaradiofonicadominicana.com\/portal\/wp-json\/wp\/v2\/comments?post=215987"}],"version-history":[{"count":1,"href":"https:\/\/potenciaradiofonicadominicana.com\/portal\/wp-json\/wp\/v2\/posts\/215987\/revisions"}],"predecessor-version":[{"id":215991,"href":"https:\/\/potenciaradiofonicadominicana.com\/portal\/wp-json\/wp\/v2\/posts\/215987\/revisions\/215991"}],"wp:featuredmedia":[{"embeddable":true,"href":"https:\/\/potenciaradiofonicadominicana.com\/portal\/wp-json\/wp\/v2\/media\/215989"}],"wp:attachment":[{"href":"https:\/\/potenciaradiofonicadominicana.com\/portal\/wp-json\/wp\/v2\/media?parent=215987"}],"wp:term":[{"taxonomy":"category","embeddable":true,"href":"https:\/\/potenciaradiofonicadominicana.com\/portal\/wp-json\/wp\/v2\/categories?post=215987"},{"taxonomy":"post_tag","embeddable":true,"href":"https:\/\/potenciaradiofonicadominicana.com\/portal\/wp-json\/wp\/v2\/tags?post=215987"}],"curies":[{"name":"wp","href":"https:\/\/api.w.org\/{rel}","templated":true}]}}