{"id":215979,"date":"2026-04-28T00:03:23","date_gmt":"2026-04-28T04:03:23","guid":{"rendered":"https:\/\/potenciaradiofonicadominicana.com\/portal\/?p=215979"},"modified":"2026-04-28T00:03:23","modified_gmt":"2026-04-28T04:03:23","slug":"allyson-felix-la-atleta-olimpica-mas-laureada-planea-regresar-en-los-angeles-2028","status":"publish","type":"post","link":"https:\/\/potenciaradiofonicadominicana.com\/portal\/allyson-felix-la-atleta-olimpica-mas-laureada-planea-regresar-en-los-angeles-2028\/","title":{"rendered":"Allyson Felix, la atleta ol\u00edmpica m\u00e1s laureada, planea regresar en Los \u00c1ngeles 2028"},"content":{"rendered":"<p><a href=\"https:\/\/potenciaradiofonicadominicana.com\/portal\/wp-content\/uploads\/2026\/04\/eup_20220413_222829665.jpg\"><img loading=\"lazy\" decoding=\"async\" class=\"alignnone size-full wp-image-215981\" src=\"https:\/\/potenciaradiofonicadominicana.com\/portal\/wp-content\/uploads\/2026\/04\/eup_20220413_222829665.jpg\" alt=\"\" width=\"1280\" height=\"719\" srcset=\"https:\/\/potenciaradiofonicadominicana.com\/portal\/wp-content\/uploads\/2026\/04\/eup_20220413_222829665.jpg 1280w, https:\/\/potenciaradiofonicadominicana.com\/portal\/wp-content\/uploads\/2026\/04\/eup_20220413_222829665-300x169.jpg 300w, https:\/\/potenciaradiofonicadominicana.com\/portal\/wp-content\/uploads\/2026\/04\/eup_20220413_222829665-1024x575.jpg 1024w, https:\/\/potenciaradiofonicadominicana.com\/portal\/wp-content\/uploads\/2026\/04\/eup_20220413_222829665-768x431.jpg 768w\" sizes=\"auto, (max-width: 1280px) 100vw, 1280px\" \/><\/a><\/p>\n<p>La estadounidense\u00a0<strong>Allyson Felix<\/strong>, la mujer m\u00e1s laureada en la historia del\u00a0<strong>atletismo<\/strong>\u00a0ol\u00edmpico con once medallas, dijo en una entrevista publicada este lunes que planea competir en los Juegos de Los \u00c1ngeles 2028, tras ausentarse en Par\u00eds 2024.<\/p>\n<p>En un art\u00edculo de la\u00a0<strong>revista Time<\/strong>, Felix asegur\u00f3 que se est\u00e1 preparando para la que espera sea su\u00a0<strong>sexta participaci\u00f3n ol\u00edmpica<\/strong>, que se dar\u00eda en su ciudad natal y cuando ella tenga 42 a\u00f1os.<\/p>\n<p>\u00abEste es un\u00a0<strong>regreso a casa<\/strong>\u00a0\u00fanico en la vida\u00bb, coment\u00f3 Felix, de\u00a0<strong>40 a\u00f1os<\/strong>. \u00abEs lo \u00fanico con la fuerza suficiente para hacerme volver\u00bb.<\/p>\n<h2>Trayectoria y logros ol\u00edmpicos de\u00a0<strong>Allyson Felix<\/strong><\/h2>\n<p>La estadounidense es la\u00a0<strong>atleta ol\u00edmpica<\/strong>\u00a0<strong>m\u00e1s condecorada<\/strong>\u00a0en la disciplina de\u00a0<strong>atletismo<\/strong>.<\/p>\n<p>Conquist\u00f3 su \u00fanica\u00a0<strong>medalla de oro<\/strong>\u00a0individual en la prueba de los\u00a0<strong>200 metros<\/strong>\u00a0en Londres 2012, pero sum\u00f3 oros colectivos en el\u00a0<strong>relevo 4&#215;400<\/strong> en Pek\u00edn 2008, Londres 2012, Rio de Janeiro 2016 y Tokio 2021; y obtuvo t\u00edtulos en el relevo 4&#215;100 en 2012 y 2016.<\/p>\n<p>Asimismo, se colg\u00f3 la plata en los\u00a0<strong>200 metros<\/strong>\u00a0en 2004 y 2008, y la misma presea en los\u00a0<strong>400 metros<\/strong>\u00a0en 2016. En Tokio obtuvo el bronce en los\u00a0<strong>400 metros<\/strong>.<\/p>\n<p>Asisti\u00f3 a los Juegos Ol\u00edmpicos de Par\u00eds 2024 en calidad de\u00a0<strong>espectadora<\/strong>\u00a0y descubri\u00f3 que a\u00f1oraba sus d\u00edas de competici\u00f3n.<\/p>\n<p>\u00abSin duda, fueron\u00a0<strong>emociones encontradas<\/strong>\u00ab, confes\u00f3 Felix a Time. \u00abHubo\u00a0<strong>momentos<\/strong>\u00a0en los que pens\u00e9: &#8216;Oh, esto es fant\u00e1stico. Es tan emocionante estar en las gradas y vivirlo desde el otro lado'\u00bb.<\/p>\n<p>\u00abY luego hubo\u00a0<strong>momentos<\/strong>\u00a0en los que pens\u00e9: &#8216;\u00bfSabes? Extra\u00f1o esta sensaci\u00f3n'\u00bb.<\/p>\n<p>Felix tambi\u00e9n gan\u00f3 la cifra r\u00e9cord de\u00a0<strong>20 medallas<\/strong>\u00a0en los\u00a0<strong>Campeonatos Mundiales<\/strong>\u00a0\u2014la mayor cantidad obtenida por cualquier atleta, hombre o mujer\u2014, incluyendo\u00a0<strong>14 t\u00edtulos<\/strong>.<\/p>\n<p>La deportista, que tambi\u00e9n es miembro de la\u00a0<strong>Comisi\u00f3n de Atletas<\/strong>\u00a0del\u00a0<strong>Comit\u00e9 Organizador<\/strong>\u00a0de los Juegos Ol\u00edmpicos de Los \u00c1ngeles 2028, afirm\u00f3 ser\u00a0<strong>realista<\/strong>\u00a0respecto a su\u00a0<strong>objetivo<\/strong>.<\/p>\n<p>\u00abS\u00e9 que a los\u00a0<strong>40 a\u00f1os<\/strong>\u00a0ya no me encuentro en mi plenitud deportiva. No me hago ilusiones al respecto\u00bb, reconoci\u00f3.<\/p>\n<p>\u00abProbablemente me reprochar\u00eda a m\u00ed misma no haberlo intentado\u00bb, agreg\u00f3. \u00abIndependientemente del\u00a0<strong>resultado<\/strong>, estar\u00e9 all\u00ed con mis\u00a0<strong>hijos<\/strong>, disfrutando del ambiente y animando a todos los competidores\u00bb.<\/p>\n","protected":false},"excerpt":{"rendered":"<p>La estadounidense\u00a0Allyson Felix, la mujer m\u00e1s laureada en la historia del\u00a0atletismo\u00a0ol\u00edmpico con once medallas, dijo en una entrevista publicada este &#8230;<\/p>\n","protected":false},"author":2,"featured_media":215981,"comment_status":"closed","ping_status":"closed","sticky":false,"template":"","format":"standard","meta":{"footnotes":""},"categories":[28],"tags":[],"class_list":["post-215979","post","type-post","status-publish","format-standard","has-post-thumbnail","hentry","category-deportes"],"yoast_head":"<!-- This site is optimized with the Yoast SEO plugin v24.8.1 - https:\/\/yoast.com\/wordpress\/plugins\/seo\/ -->\n<title>Allyson Felix, la atleta ol\u00edmpica m\u00e1s laureada, planea regresar en Los \u00c1ngeles 2028 - PotenciaRadiofonicaDominicana.com<\/title>\n<meta name=\"robots\" content=\"index, follow, max-snippet:-1, max-image-preview:large, max-video-preview:-1\" \/>\n<link rel=\"canonical\" href=\"https:\/\/potenciaradiofonicadominicana.com\/portal\/allyson-felix-la-atleta-olimpica-mas-laureada-planea-regresar-en-los-angeles-2028\/\" \/>\n<meta property=\"og:locale\" content=\"es_ES\" \/>\n<meta property=\"og:type\" content=\"article\" \/>\n<meta property=\"og:title\" content=\"Allyson Felix, la atleta ol\u00edmpica m\u00e1s laureada, planea regresar en Los \u00c1ngeles 2028 - PotenciaRadiofonicaDominicana.com\" \/>\n<meta property=\"og:description\" content=\"La estadounidense\u00a0Allyson Felix, la mujer m\u00e1s laureada en la historia del\u00a0atletismo\u00a0ol\u00edmpico con once medallas, dijo en una entrevista publicada este ...\" \/>\n<meta property=\"og:url\" content=\"https:\/\/potenciaradiofonicadominicana.com\/portal\/allyson-felix-la-atleta-olimpica-mas-laureada-planea-regresar-en-los-angeles-2028\/\" \/>\n<meta property=\"og:site_name\" content=\"PotenciaRadiofonicaDominicana.com\" \/>\n<meta property=\"article:publisher\" content=\"https:\/\/web.facebook.com\/PotenciaRadiofonicaD\" \/>\n<meta property=\"article:published_time\" content=\"2026-04-28T04:03:23+00:00\" \/>\n<meta property=\"og:image\" content=\"https:\/\/potenciaradiofonicadominicana.com\/portal\/wp-content\/uploads\/2026\/04\/eup_20220413_222829665.jpg\" \/>\n\t<meta property=\"og:image:width\" content=\"1280\" \/>\n\t<meta property=\"og:image:height\" content=\"719\" \/>\n\t<meta property=\"og:image:type\" content=\"image\/jpeg\" \/>\n<meta name=\"author\" content=\"Potencia Radiof\u00f3nica Dominicana\" \/>\n<meta name=\"twitter:card\" content=\"summary_large_image\" \/>\n<meta name=\"twitter:label1\" content=\"Escrito por\" \/>\n\t<meta name=\"twitter:data1\" content=\"Potencia Radiof\u00f3nica Dominicana\" \/>\n\t<meta name=\"twitter:label2\" content=\"Tiempo de lectura\" \/>\n\t<meta name=\"twitter:data2\" content=\"3 minutos\" \/>\n<script type=\"application\/ld+json\" class=\"yoast-schema-graph\">{\"@context\":\"https:\/\/schema.org\",\"@graph\":[{\"@type\":\"Article\",\"@id\":\"https:\/\/potenciaradiofonicadominicana.com\/portal\/allyson-felix-la-atleta-olimpica-mas-laureada-planea-regresar-en-los-angeles-2028\/#article\",\"isPartOf\":{\"@id\":\"https:\/\/potenciaradiofonicadominicana.com\/portal\/allyson-felix-la-atleta-olimpica-mas-laureada-planea-regresar-en-los-angeles-2028\/\"},\"author\":{\"name\":\"Potencia Radiof\u00f3nica Dominicana\",\"@id\":\"https:\/\/potenciaradiofonicadominicana.com\/portal\/#\/schema\/person\/a5cf1fea13877803ee0573ac18b03490\"},\"headline\":\"Allyson Felix, la atleta ol\u00edmpica m\u00e1s laureada, planea regresar en Los \u00c1ngeles 2028\",\"datePublished\":\"2026-04-28T04:03:23+00:00\",\"mainEntityOfPage\":{\"@id\":\"https:\/\/potenciaradiofonicadominicana.com\/portal\/allyson-felix-la-atleta-olimpica-mas-laureada-planea-regresar-en-los-angeles-2028\/\"},\"wordCount\":388,\"publisher\":{\"@id\":\"https:\/\/potenciaradiofonicadominicana.com\/portal\/#organization\"},\"image\":{\"@id\":\"https:\/\/potenciaradiofonicadominicana.com\/portal\/allyson-felix-la-atleta-olimpica-mas-laureada-planea-regresar-en-los-angeles-2028\/#primaryimage\"},\"thumbnailUrl\":\"https:\/\/potenciaradiofonicadominicana.com\/portal\/wp-content\/uploads\/2026\/04\/eup_20220413_222829665.jpg\",\"articleSection\":[\"Deportes\"],\"inLanguage\":\"es\"},{\"@type\":\"WebPage\",\"@id\":\"https:\/\/potenciaradiofonicadominicana.com\/portal\/allyson-felix-la-atleta-olimpica-mas-laureada-planea-regresar-en-los-angeles-2028\/\",\"url\":\"https:\/\/potenciaradiofonicadominicana.com\/portal\/allyson-felix-la-atleta-olimpica-mas-laureada-planea-regresar-en-los-angeles-2028\/\",\"name\":\"Allyson Felix, la atleta ol\u00edmpica m\u00e1s laureada, planea regresar en Los \u00c1ngeles 2028 - PotenciaRadiofonicaDominicana.com\",\"isPartOf\":{\"@id\":\"https:\/\/potenciaradiofonicadominicana.com\/portal\/#website\"},\"primaryImageOfPage\":{\"@id\":\"https:\/\/potenciaradiofonicadominicana.com\/portal\/allyson-felix-la-atleta-olimpica-mas-laureada-planea-regresar-en-los-angeles-2028\/#primaryimage\"},\"image\":{\"@id\":\"https:\/\/potenciaradiofonicadominicana.com\/portal\/allyson-felix-la-atleta-olimpica-mas-laureada-planea-regresar-en-los-angeles-2028\/#primaryimage\"},\"thumbnailUrl\":\"https:\/\/potenciaradiofonicadominicana.com\/portal\/wp-content\/uploads\/2026\/04\/eup_20220413_222829665.jpg\",\"datePublished\":\"2026-04-28T04:03:23+00:00\",\"breadcrumb\":{\"@id\":\"https:\/\/potenciaradiofonicadominicana.com\/portal\/allyson-felix-la-atleta-olimpica-mas-laureada-planea-regresar-en-los-angeles-2028\/#breadcrumb\"},\"inLanguage\":\"es\",\"potentialAction\":[{\"@type\":\"ReadAction\",\"target\":[\"https:\/\/potenciaradiofonicadominicana.com\/portal\/allyson-felix-la-atleta-olimpica-mas-laureada-planea-regresar-en-los-angeles-2028\/\"]}]},{\"@type\":\"ImageObject\",\"inLanguage\":\"es\",\"@id\":\"https:\/\/potenciaradiofonicadominicana.com\/portal\/allyson-felix-la-atleta-olimpica-mas-laureada-planea-regresar-en-los-angeles-2028\/#primaryimage\",\"url\":\"https:\/\/potenciaradiofonicadominicana.com\/portal\/wp-content\/uploads\/2026\/04\/eup_20220413_222829665.jpg\",\"contentUrl\":\"https:\/\/potenciaradiofonicadominicana.com\/portal\/wp-content\/uploads\/2026\/04\/eup_20220413_222829665.jpg\",\"width\":1280,\"height\":719},{\"@type\":\"BreadcrumbList\",\"@id\":\"https:\/\/potenciaradiofonicadominicana.com\/portal\/allyson-felix-la-atleta-olimpica-mas-laureada-planea-regresar-en-los-angeles-2028\/#breadcrumb\",\"itemListElement\":[{\"@type\":\"ListItem\",\"position\":1,\"name\":\"Portada\",\"item\":\"https:\/\/potenciaradiofonicadominicana.com\/portal\/\"},{\"@type\":\"ListItem\",\"position\":2,\"name\":\"Allyson Felix, la atleta ol\u00edmpica m\u00e1s laureada, planea regresar en Los \u00c1ngeles 2028\"}]},{\"@type\":\"WebSite\",\"@id\":\"https:\/\/potenciaradiofonicadominicana.com\/portal\/#website\",\"url\":\"https:\/\/potenciaradiofonicadominicana.com\/portal\/\",\"name\":\"PotenciaRadiofonicaDominicana.com\",\"description\":\"Peri\u00f3dico Digital\",\"publisher\":{\"@id\":\"https:\/\/potenciaradiofonicadominicana.com\/portal\/#organization\"},\"potentialAction\":[{\"@type\":\"SearchAction\",\"target\":{\"@type\":\"EntryPoint\",\"urlTemplate\":\"https:\/\/potenciaradiofonicadominicana.com\/portal\/?s={search_term_string}\"},\"query-input\":{\"@type\":\"PropertyValueSpecification\",\"valueRequired\":true,\"valueName\":\"search_term_string\"}}],\"inLanguage\":\"es\"},{\"@type\":\"Organization\",\"@id\":\"https:\/\/potenciaradiofonicadominicana.com\/portal\/#organization\",\"name\":\"PotenciaRadiofonicaDominicana.com\",\"url\":\"https:\/\/potenciaradiofonicadominicana.com\/portal\/\",\"logo\":{\"@type\":\"ImageObject\",\"inLanguage\":\"es\",\"@id\":\"https:\/\/potenciaradiofonicadominicana.com\/portal\/#\/schema\/logo\/image\/\",\"url\":\"https:\/\/potenciaradiofonicadominicana.com\/portal\/wp-content\/uploads\/2022\/01\/descarga.png\",\"contentUrl\":\"https:\/\/potenciaradiofonicadominicana.com\/portal\/wp-content\/uploads\/2022\/01\/descarga.png\",\"width\":300,\"height\":100,\"caption\":\"PotenciaRadiofonicaDominicana.com\"},\"image\":{\"@id\":\"https:\/\/potenciaradiofonicadominicana.com\/portal\/#\/schema\/logo\/image\/\"},\"sameAs\":[\"https:\/\/web.facebook.com\/PotenciaRadiofonicaD\"]},{\"@type\":\"Person\",\"@id\":\"https:\/\/potenciaradiofonicadominicana.com\/portal\/#\/schema\/person\/a5cf1fea13877803ee0573ac18b03490\",\"name\":\"Potencia Radiof\u00f3nica Dominicana\",\"image\":{\"@type\":\"ImageObject\",\"inLanguage\":\"es\",\"@id\":\"https:\/\/potenciaradiofonicadominicana.com\/portal\/#\/schema\/person\/image\/\",\"url\":\"https:\/\/secure.gravatar.com\/avatar\/42a55ab9e8ccc656ba34cd791990602a?s=96&d=mm&r=g\",\"contentUrl\":\"https:\/\/secure.gravatar.com\/avatar\/42a55ab9e8ccc656ba34cd791990602a?s=96&d=mm&r=g\",\"caption\":\"Potencia Radiof\u00f3nica Dominicana\"},\"url\":\"https:\/\/potenciaradiofonicadominicana.com\/portal\/author\/johannyalmanzar\/\"}]}<\/script>\n<!-- \/ Yoast SEO plugin. -->","yoast_head_json":{"title":"Allyson Felix, la atleta ol\u00edmpica m\u00e1s laureada, planea regresar en Los \u00c1ngeles 2028 - PotenciaRadiofonicaDominicana.com","robots":{"index":"index","follow":"follow","max-snippet":"max-snippet:-1","max-image-preview":"max-image-preview:large","max-video-preview":"max-video-preview:-1"},"canonical":"https:\/\/potenciaradiofonicadominicana.com\/portal\/allyson-felix-la-atleta-olimpica-mas-laureada-planea-regresar-en-los-angeles-2028\/","og_locale":"es_ES","og_type":"article","og_title":"Allyson Felix, la atleta ol\u00edmpica m\u00e1s laureada, planea regresar en Los \u00c1ngeles 2028 - PotenciaRadiofonicaDominicana.com","og_description":"La estadounidense\u00a0Allyson Felix, la mujer m\u00e1s laureada en la historia del\u00a0atletismo\u00a0ol\u00edmpico con once medallas, dijo en una entrevista publicada este ...","og_url":"https:\/\/potenciaradiofonicadominicana.com\/portal\/allyson-felix-la-atleta-olimpica-mas-laureada-planea-regresar-en-los-angeles-2028\/","og_site_name":"PotenciaRadiofonicaDominicana.com","article_publisher":"https:\/\/web.facebook.com\/PotenciaRadiofonicaD","article_published_time":"2026-04-28T04:03:23+00:00","og_image":[{"width":1280,"height":719,"url":"https:\/\/potenciaradiofonicadominicana.com\/portal\/wp-content\/uploads\/2026\/04\/eup_20220413_222829665.jpg","type":"image\/jpeg"}],"author":"Potencia Radiof\u00f3nica Dominicana","twitter_card":"summary_large_image","twitter_misc":{"Escrito por":"Potencia Radiof\u00f3nica Dominicana","Tiempo de lectura":"3 minutos"},"schema":{"@context":"https:\/\/schema.org","@graph":[{"@type":"Article","@id":"https:\/\/potenciaradiofonicadominicana.com\/portal\/allyson-felix-la-atleta-olimpica-mas-laureada-planea-regresar-en-los-angeles-2028\/#article","isPartOf":{"@id":"https:\/\/potenciaradiofonicadominicana.com\/portal\/allyson-felix-la-atleta-olimpica-mas-laureada-planea-regresar-en-los-angeles-2028\/"},"author":{"name":"Potencia Radiof\u00f3nica Dominicana","@id":"https:\/\/potenciaradiofonicadominicana.com\/portal\/#\/schema\/person\/a5cf1fea13877803ee0573ac18b03490"},"headline":"Allyson Felix, la atleta ol\u00edmpica m\u00e1s laureada, planea regresar en Los \u00c1ngeles 2028","datePublished":"2026-04-28T04:03:23+00:00","mainEntityOfPage":{"@id":"https:\/\/potenciaradiofonicadominicana.com\/portal\/allyson-felix-la-atleta-olimpica-mas-laureada-planea-regresar-en-los-angeles-2028\/"},"wordCount":388,"publisher":{"@id":"https:\/\/potenciaradiofonicadominicana.com\/portal\/#organization"},"image":{"@id":"https:\/\/potenciaradiofonicadominicana.com\/portal\/allyson-felix-la-atleta-olimpica-mas-laureada-planea-regresar-en-los-angeles-2028\/#primaryimage"},"thumbnailUrl":"https:\/\/potenciaradiofonicadominicana.com\/portal\/wp-content\/uploads\/2026\/04\/eup_20220413_222829665.jpg","articleSection":["Deportes"],"inLanguage":"es"},{"@type":"WebPage","@id":"https:\/\/potenciaradiofonicadominicana.com\/portal\/allyson-felix-la-atleta-olimpica-mas-laureada-planea-regresar-en-los-angeles-2028\/","url":"https:\/\/potenciaradiofonicadominicana.com\/portal\/allyson-felix-la-atleta-olimpica-mas-laureada-planea-regresar-en-los-angeles-2028\/","name":"Allyson Felix, la atleta ol\u00edmpica m\u00e1s laureada, planea regresar en Los \u00c1ngeles 2028 - PotenciaRadiofonicaDominicana.com","isPartOf":{"@id":"https:\/\/potenciaradiofonicadominicana.com\/portal\/#website"},"primaryImageOfPage":{"@id":"https:\/\/potenciaradiofonicadominicana.com\/portal\/allyson-felix-la-atleta-olimpica-mas-laureada-planea-regresar-en-los-angeles-2028\/#primaryimage"},"image":{"@id":"https:\/\/potenciaradiofonicadominicana.com\/portal\/allyson-felix-la-atleta-olimpica-mas-laureada-planea-regresar-en-los-angeles-2028\/#primaryimage"},"thumbnailUrl":"https:\/\/potenciaradiofonicadominicana.com\/portal\/wp-content\/uploads\/2026\/04\/eup_20220413_222829665.jpg","datePublished":"2026-04-28T04:03:23+00:00","breadcrumb":{"@id":"https:\/\/potenciaradiofonicadominicana.com\/portal\/allyson-felix-la-atleta-olimpica-mas-laureada-planea-regresar-en-los-angeles-2028\/#breadcrumb"},"inLanguage":"es","potentialAction":[{"@type":"ReadAction","target":["https:\/\/potenciaradiofonicadominicana.com\/portal\/allyson-felix-la-atleta-olimpica-mas-laureada-planea-regresar-en-los-angeles-2028\/"]}]},{"@type":"ImageObject","inLanguage":"es","@id":"https:\/\/potenciaradiofonicadominicana.com\/portal\/allyson-felix-la-atleta-olimpica-mas-laureada-planea-regresar-en-los-angeles-2028\/#primaryimage","url":"https:\/\/potenciaradiofonicadominicana.com\/portal\/wp-content\/uploads\/2026\/04\/eup_20220413_222829665.jpg","contentUrl":"https:\/\/potenciaradiofonicadominicana.com\/portal\/wp-content\/uploads\/2026\/04\/eup_20220413_222829665.jpg","width":1280,"height":719},{"@type":"BreadcrumbList","@id":"https:\/\/potenciaradiofonicadominicana.com\/portal\/allyson-felix-la-atleta-olimpica-mas-laureada-planea-regresar-en-los-angeles-2028\/#breadcrumb","itemListElement":[{"@type":"ListItem","position":1,"name":"Portada","item":"https:\/\/potenciaradiofonicadominicana.com\/portal\/"},{"@type":"ListItem","position":2,"name":"Allyson Felix, la atleta ol\u00edmpica m\u00e1s laureada, planea regresar en Los \u00c1ngeles 2028"}]},{"@type":"WebSite","@id":"https:\/\/potenciaradiofonicadominicana.com\/portal\/#website","url":"https:\/\/potenciaradiofonicadominicana.com\/portal\/","name":"PotenciaRadiofonicaDominicana.com","description":"Peri\u00f3dico Digital","publisher":{"@id":"https:\/\/potenciaradiofonicadominicana.com\/portal\/#organization"},"potentialAction":[{"@type":"SearchAction","target":{"@type":"EntryPoint","urlTemplate":"https:\/\/potenciaradiofonicadominicana.com\/portal\/?s={search_term_string}"},"query-input":{"@type":"PropertyValueSpecification","valueRequired":true,"valueName":"search_term_string"}}],"inLanguage":"es"},{"@type":"Organization","@id":"https:\/\/potenciaradiofonicadominicana.com\/portal\/#organization","name":"PotenciaRadiofonicaDominicana.com","url":"https:\/\/potenciaradiofonicadominicana.com\/portal\/","logo":{"@type":"ImageObject","inLanguage":"es","@id":"https:\/\/potenciaradiofonicadominicana.com\/portal\/#\/schema\/logo\/image\/","url":"https:\/\/potenciaradiofonicadominicana.com\/portal\/wp-content\/uploads\/2022\/01\/descarga.png","contentUrl":"https:\/\/potenciaradiofonicadominicana.com\/portal\/wp-content\/uploads\/2022\/01\/descarga.png","width":300,"height":100,"caption":"PotenciaRadiofonicaDominicana.com"},"image":{"@id":"https:\/\/potenciaradiofonicadominicana.com\/portal\/#\/schema\/logo\/image\/"},"sameAs":["https:\/\/web.facebook.com\/PotenciaRadiofonicaD"]},{"@type":"Person","@id":"https:\/\/potenciaradiofonicadominicana.com\/portal\/#\/schema\/person\/a5cf1fea13877803ee0573ac18b03490","name":"Potencia Radiof\u00f3nica Dominicana","image":{"@type":"ImageObject","inLanguage":"es","@id":"https:\/\/potenciaradiofonicadominicana.com\/portal\/#\/schema\/person\/image\/","url":"https:\/\/secure.gravatar.com\/avatar\/42a55ab9e8ccc656ba34cd791990602a?s=96&d=mm&r=g","contentUrl":"https:\/\/secure.gravatar.com\/avatar\/42a55ab9e8ccc656ba34cd791990602a?s=96&d=mm&r=g","caption":"Potencia Radiof\u00f3nica Dominicana"},"url":"https:\/\/potenciaradiofonicadominicana.com\/portal\/author\/johannyalmanzar\/"}]}},"_links":{"self":[{"href":"https:\/\/potenciaradiofonicadominicana.com\/portal\/wp-json\/wp\/v2\/posts\/215979","targetHints":{"allow":["GET"]}}],"collection":[{"href":"https:\/\/potenciaradiofonicadominicana.com\/portal\/wp-json\/wp\/v2\/posts"}],"about":[{"href":"https:\/\/potenciaradiofonicadominicana.com\/portal\/wp-json\/wp\/v2\/types\/post"}],"author":[{"embeddable":true,"href":"https:\/\/potenciaradiofonicadominicana.com\/portal\/wp-json\/wp\/v2\/users\/2"}],"replies":[{"embeddable":true,"href":"https:\/\/potenciaradiofonicadominicana.com\/portal\/wp-json\/wp\/v2\/comments?post=215979"}],"version-history":[{"count":1,"href":"https:\/\/potenciaradiofonicadominicana.com\/portal\/wp-json\/wp\/v2\/posts\/215979\/revisions"}],"predecessor-version":[{"id":215983,"href":"https:\/\/potenciaradiofonicadominicana.com\/portal\/wp-json\/wp\/v2\/posts\/215979\/revisions\/215983"}],"wp:featuredmedia":[{"embeddable":true,"href":"https:\/\/potenciaradiofonicadominicana.com\/portal\/wp-json\/wp\/v2\/media\/215981"}],"wp:attachment":[{"href":"https:\/\/potenciaradiofonicadominicana.com\/portal\/wp-json\/wp\/v2\/media?parent=215979"}],"wp:term":[{"taxonomy":"category","embeddable":true,"href":"https:\/\/potenciaradiofonicadominicana.com\/portal\/wp-json\/wp\/v2\/categories?post=215979"},{"taxonomy":"post_tag","embeddable":true,"href":"https:\/\/potenciaradiofonicadominicana.com\/portal\/wp-json\/wp\/v2\/tags?post=215979"}],"curies":[{"name":"wp","href":"https:\/\/api.w.org\/{rel}","templated":true}]}}