{"id":215969,"date":"2026-04-28T00:01:04","date_gmt":"2026-04-28T04:01:04","guid":{"rendered":"https:\/\/potenciaradiofonicadominicana.com\/portal\/?p=215969"},"modified":"2026-04-28T00:01:04","modified_gmt":"2026-04-28T04:01:04","slug":"goldquest-respalda-evaluacion-ambiental-estrategica-en-proyecto-romero","status":"publish","type":"post","link":"https:\/\/potenciaradiofonicadominicana.com\/portal\/goldquest-respalda-evaluacion-ambiental-estrategica-en-proyecto-romero\/","title":{"rendered":"GoldQuest respalda evaluaci\u00f3n ambiental estrat\u00e9gica en proyecto Romero"},"content":{"rendered":"<p><a href=\"https:\/\/potenciaradiofonicadominicana.com\/portal\/wp-content\/uploads\/2026\/04\/goldquest-respalda-evaluacion-ambiental-para-el-suroeste-aab0ae9b-focus-0-0-896-504.jpg\"><img loading=\"lazy\" decoding=\"async\" class=\"alignnone size-full wp-image-215972\" src=\"https:\/\/potenciaradiofonicadominicana.com\/portal\/wp-content\/uploads\/2026\/04\/goldquest-respalda-evaluacion-ambiental-para-el-suroeste-aab0ae9b-focus-0-0-896-504.jpg\" alt=\"\" width=\"895\" height=\"504\" srcset=\"https:\/\/potenciaradiofonicadominicana.com\/portal\/wp-content\/uploads\/2026\/04\/goldquest-respalda-evaluacion-ambiental-para-el-suroeste-aab0ae9b-focus-0-0-896-504.jpg 895w, https:\/\/potenciaradiofonicadominicana.com\/portal\/wp-content\/uploads\/2026\/04\/goldquest-respalda-evaluacion-ambiental-para-el-suroeste-aab0ae9b-focus-0-0-896-504-300x169.jpg 300w, https:\/\/potenciaradiofonicadominicana.com\/portal\/wp-content\/uploads\/2026\/04\/goldquest-respalda-evaluacion-ambiental-para-el-suroeste-aab0ae9b-focus-0-0-896-504-768x432.jpg 768w\" sizes=\"auto, (max-width: 895px) 100vw, 895px\" \/><\/a><\/p>\n<p>La empresa\u00a0GoldQuest, que promueve el proyecto minero Romero en San Juan,\u00a0reiter\u00f3 su\u00a0compromiso\u00a0con la\u00a0protecci\u00f3n del agua, la\u00a0transparencia\u00a0y la\u00a0participaci\u00f3n social, al expresar su disposici\u00f3n a respaldar la realizaci\u00f3n de una\u00a0Evaluaci\u00f3n Ambiental\u00a0Estrat\u00e9gica (EAE) en la regi\u00f3n suroeste, con el acompa\u00f1amiento de sectores acad\u00e9micos, ambientales y sociales.<\/p>\n<p>Aunque dijo que este tipo de evaluaci\u00f3n no constituye un requisito legal, la compa\u00f1\u00eda considera que su implementaci\u00f3n podr\u00eda \u00abfortalecer la\u00a0transparencia\u00a0del proyecto y contribuir a que las decisiones se adopten sobre la base de evidencia cient\u00edfica,\u00a0rigor t\u00e9cnico\u00a0y consenso social\u00bb.<\/p>\n<p>En una rueda de prensa hoy, el CEO de la empresa,\u00a0Luis Santana, se\u00f1al\u00f3 que este tipo de iniciativas permitir\u00edan elevar el debate p\u00fablico hacia un terreno m\u00e1s t\u00e9cnico y fundamentado en datos, reforzando as\u00ed la confianza en torno al\u00a0Proyecto Romero.<\/p>\n<p>\u00abEl\u00a0Proyecto Romero\u00a0apuesta por una miner\u00eda moderna, responsable y de bajo impacto. Entendemos que existan preocupaciones en torno a temas sensibles como el\u00a0agua y el medio ambiente; son leg\u00edtimas. Por eso mantenemos una actitud de\u00a0di\u00e1logo abierto, ofreciendo informaci\u00f3n sustentada en evidencia y valorando propuestas como la\u00a0Evaluaci\u00f3n Ambiental\u00a0Estrat\u00e9gica, que pueden aportar una visi\u00f3n integral del territorio\u00bb, afirm\u00f3.<\/p>\n<p>Santana precis\u00f3 que, de realizarse, esta evaluaci\u00f3n tendr\u00eda un car\u00e1cter complementario y no sustituir\u00eda el proceso formal del\u00a0Estudio de Impacto Ambiental, que se desarrolla conforme a la\u00a0Ley 64-00\u00a0y bajo\u00a0est\u00e1ndares internacionales.<\/p>\n<p>Record\u00f3 que la empresa ha promovido la participaci\u00f3n de distintos actores en el proceso. En julio de 2025 solicit\u00f3 la incorporaci\u00f3n de la\u00a0Academia de Ciencias\u00a0de la Rep\u00fablica Dominicana como observadora t\u00e9cnica, lo que deriv\u00f3 en la creaci\u00f3n de una\u00a0comisi\u00f3n especializada\u00a0encargada de dar seguimiento a los estudios ambientales.<\/p>\n<p>Tambi\u00e9n se ha invitado a universidades, organizaciones ambientales, l\u00edderes comunitarios y religiosos a integrarse al proceso. La empresa garantiz\u00f3 que estos estudios se desarrollan conforme a\u00a0est\u00e1ndares internacionales\u00a0como los de la\u00a0International Finance Corporation\u00a0(IFC), referencia global en gesti\u00f3n ambiental, social y protecci\u00f3n de\u00a0recursos h\u00eddricos.<\/p>\n","protected":false},"excerpt":{"rendered":"<p>La empresa\u00a0GoldQuest, que promueve el proyecto minero Romero en San Juan,\u00a0reiter\u00f3 su\u00a0compromiso\u00a0con la\u00a0protecci\u00f3n del agua, la\u00a0transparencia\u00a0y la\u00a0participaci\u00f3n social, al expresar &#8230;<\/p>\n","protected":false},"author":2,"featured_media":215972,"comment_status":"closed","ping_status":"closed","sticky":false,"template":"","format":"standard","meta":{"footnotes":""},"categories":[26],"tags":[],"class_list":["post-215969","post","type-post","status-publish","format-standard","has-post-thumbnail","hentry","category-economia"],"yoast_head":"<!-- This site is optimized with the Yoast SEO plugin v24.8.1 - https:\/\/yoast.com\/wordpress\/plugins\/seo\/ -->\n<title>GoldQuest respalda evaluaci\u00f3n ambiental estrat\u00e9gica en proyecto Romero - PotenciaRadiofonicaDominicana.com<\/title>\n<meta name=\"robots\" content=\"index, follow, max-snippet:-1, max-image-preview:large, max-video-preview:-1\" \/>\n<link rel=\"canonical\" href=\"https:\/\/potenciaradiofonicadominicana.com\/portal\/goldquest-respalda-evaluacion-ambiental-estrategica-en-proyecto-romero\/\" \/>\n<meta property=\"og:locale\" content=\"es_ES\" \/>\n<meta property=\"og:type\" content=\"article\" \/>\n<meta property=\"og:title\" content=\"GoldQuest respalda evaluaci\u00f3n ambiental estrat\u00e9gica en proyecto Romero - PotenciaRadiofonicaDominicana.com\" \/>\n<meta property=\"og:description\" content=\"La empresa\u00a0GoldQuest, que promueve el proyecto minero Romero en San Juan,\u00a0reiter\u00f3 su\u00a0compromiso\u00a0con la\u00a0protecci\u00f3n del agua, la\u00a0transparencia\u00a0y la\u00a0participaci\u00f3n social, al expresar ...\" \/>\n<meta property=\"og:url\" content=\"https:\/\/potenciaradiofonicadominicana.com\/portal\/goldquest-respalda-evaluacion-ambiental-estrategica-en-proyecto-romero\/\" \/>\n<meta property=\"og:site_name\" content=\"PotenciaRadiofonicaDominicana.com\" \/>\n<meta property=\"article:publisher\" content=\"https:\/\/web.facebook.com\/PotenciaRadiofonicaD\" \/>\n<meta property=\"article:published_time\" content=\"2026-04-28T04:01:04+00:00\" \/>\n<meta property=\"og:image\" content=\"https:\/\/potenciaradiofonicadominicana.com\/portal\/wp-content\/uploads\/2026\/04\/goldquest-respalda-evaluacion-ambiental-para-el-suroeste-aab0ae9b-focus-0-0-896-504.jpg\" \/>\n\t<meta property=\"og:image:width\" content=\"895\" \/>\n\t<meta property=\"og:image:height\" content=\"504\" \/>\n\t<meta property=\"og:image:type\" content=\"image\/jpeg\" \/>\n<meta name=\"author\" content=\"Potencia Radiof\u00f3nica Dominicana\" \/>\n<meta name=\"twitter:card\" content=\"summary_large_image\" \/>\n<meta name=\"twitter:label1\" content=\"Escrito por\" \/>\n\t<meta name=\"twitter:data1\" content=\"Potencia Radiof\u00f3nica Dominicana\" \/>\n\t<meta name=\"twitter:label2\" content=\"Tiempo de lectura\" \/>\n\t<meta name=\"twitter:data2\" content=\"2 minutos\" \/>\n<script type=\"application\/ld+json\" class=\"yoast-schema-graph\">{\"@context\":\"https:\/\/schema.org\",\"@graph\":[{\"@type\":\"Article\",\"@id\":\"https:\/\/potenciaradiofonicadominicana.com\/portal\/goldquest-respalda-evaluacion-ambiental-estrategica-en-proyecto-romero\/#article\",\"isPartOf\":{\"@id\":\"https:\/\/potenciaradiofonicadominicana.com\/portal\/goldquest-respalda-evaluacion-ambiental-estrategica-en-proyecto-romero\/\"},\"author\":{\"name\":\"Potencia Radiof\u00f3nica Dominicana\",\"@id\":\"https:\/\/potenciaradiofonicadominicana.com\/portal\/#\/schema\/person\/a5cf1fea13877803ee0573ac18b03490\"},\"headline\":\"GoldQuest respalda evaluaci\u00f3n ambiental estrat\u00e9gica en proyecto Romero\",\"datePublished\":\"2026-04-28T04:01:04+00:00\",\"mainEntityOfPage\":{\"@id\":\"https:\/\/potenciaradiofonicadominicana.com\/portal\/goldquest-respalda-evaluacion-ambiental-estrategica-en-proyecto-romero\/\"},\"wordCount\":384,\"publisher\":{\"@id\":\"https:\/\/potenciaradiofonicadominicana.com\/portal\/#organization\"},\"image\":{\"@id\":\"https:\/\/potenciaradiofonicadominicana.com\/portal\/goldquest-respalda-evaluacion-ambiental-estrategica-en-proyecto-romero\/#primaryimage\"},\"thumbnailUrl\":\"https:\/\/potenciaradiofonicadominicana.com\/portal\/wp-content\/uploads\/2026\/04\/goldquest-respalda-evaluacion-ambiental-para-el-suroeste-aab0ae9b-focus-0-0-896-504.jpg\",\"articleSection\":[\"Econom\u00eda\"],\"inLanguage\":\"es\"},{\"@type\":\"WebPage\",\"@id\":\"https:\/\/potenciaradiofonicadominicana.com\/portal\/goldquest-respalda-evaluacion-ambiental-estrategica-en-proyecto-romero\/\",\"url\":\"https:\/\/potenciaradiofonicadominicana.com\/portal\/goldquest-respalda-evaluacion-ambiental-estrategica-en-proyecto-romero\/\",\"name\":\"GoldQuest respalda evaluaci\u00f3n ambiental estrat\u00e9gica en proyecto Romero - PotenciaRadiofonicaDominicana.com\",\"isPartOf\":{\"@id\":\"https:\/\/potenciaradiofonicadominicana.com\/portal\/#website\"},\"primaryImageOfPage\":{\"@id\":\"https:\/\/potenciaradiofonicadominicana.com\/portal\/goldquest-respalda-evaluacion-ambiental-estrategica-en-proyecto-romero\/#primaryimage\"},\"image\":{\"@id\":\"https:\/\/potenciaradiofonicadominicana.com\/portal\/goldquest-respalda-evaluacion-ambiental-estrategica-en-proyecto-romero\/#primaryimage\"},\"thumbnailUrl\":\"https:\/\/potenciaradiofonicadominicana.com\/portal\/wp-content\/uploads\/2026\/04\/goldquest-respalda-evaluacion-ambiental-para-el-suroeste-aab0ae9b-focus-0-0-896-504.jpg\",\"datePublished\":\"2026-04-28T04:01:04+00:00\",\"breadcrumb\":{\"@id\":\"https:\/\/potenciaradiofonicadominicana.com\/portal\/goldquest-respalda-evaluacion-ambiental-estrategica-en-proyecto-romero\/#breadcrumb\"},\"inLanguage\":\"es\",\"potentialAction\":[{\"@type\":\"ReadAction\",\"target\":[\"https:\/\/potenciaradiofonicadominicana.com\/portal\/goldquest-respalda-evaluacion-ambiental-estrategica-en-proyecto-romero\/\"]}]},{\"@type\":\"ImageObject\",\"inLanguage\":\"es\",\"@id\":\"https:\/\/potenciaradiofonicadominicana.com\/portal\/goldquest-respalda-evaluacion-ambiental-estrategica-en-proyecto-romero\/#primaryimage\",\"url\":\"https:\/\/potenciaradiofonicadominicana.com\/portal\/wp-content\/uploads\/2026\/04\/goldquest-respalda-evaluacion-ambiental-para-el-suroeste-aab0ae9b-focus-0-0-896-504.jpg\",\"contentUrl\":\"https:\/\/potenciaradiofonicadominicana.com\/portal\/wp-content\/uploads\/2026\/04\/goldquest-respalda-evaluacion-ambiental-para-el-suroeste-aab0ae9b-focus-0-0-896-504.jpg\",\"width\":895,\"height\":504},{\"@type\":\"BreadcrumbList\",\"@id\":\"https:\/\/potenciaradiofonicadominicana.com\/portal\/goldquest-respalda-evaluacion-ambiental-estrategica-en-proyecto-romero\/#breadcrumb\",\"itemListElement\":[{\"@type\":\"ListItem\",\"position\":1,\"name\":\"Portada\",\"item\":\"https:\/\/potenciaradiofonicadominicana.com\/portal\/\"},{\"@type\":\"ListItem\",\"position\":2,\"name\":\"GoldQuest respalda evaluaci\u00f3n ambiental estrat\u00e9gica en proyecto Romero\"}]},{\"@type\":\"WebSite\",\"@id\":\"https:\/\/potenciaradiofonicadominicana.com\/portal\/#website\",\"url\":\"https:\/\/potenciaradiofonicadominicana.com\/portal\/\",\"name\":\"PotenciaRadiofonicaDominicana.com\",\"description\":\"Peri\u00f3dico Digital\",\"publisher\":{\"@id\":\"https:\/\/potenciaradiofonicadominicana.com\/portal\/#organization\"},\"potentialAction\":[{\"@type\":\"SearchAction\",\"target\":{\"@type\":\"EntryPoint\",\"urlTemplate\":\"https:\/\/potenciaradiofonicadominicana.com\/portal\/?s={search_term_string}\"},\"query-input\":{\"@type\":\"PropertyValueSpecification\",\"valueRequired\":true,\"valueName\":\"search_term_string\"}}],\"inLanguage\":\"es\"},{\"@type\":\"Organization\",\"@id\":\"https:\/\/potenciaradiofonicadominicana.com\/portal\/#organization\",\"name\":\"PotenciaRadiofonicaDominicana.com\",\"url\":\"https:\/\/potenciaradiofonicadominicana.com\/portal\/\",\"logo\":{\"@type\":\"ImageObject\",\"inLanguage\":\"es\",\"@id\":\"https:\/\/potenciaradiofonicadominicana.com\/portal\/#\/schema\/logo\/image\/\",\"url\":\"https:\/\/potenciaradiofonicadominicana.com\/portal\/wp-content\/uploads\/2022\/01\/descarga.png\",\"contentUrl\":\"https:\/\/potenciaradiofonicadominicana.com\/portal\/wp-content\/uploads\/2022\/01\/descarga.png\",\"width\":300,\"height\":100,\"caption\":\"PotenciaRadiofonicaDominicana.com\"},\"image\":{\"@id\":\"https:\/\/potenciaradiofonicadominicana.com\/portal\/#\/schema\/logo\/image\/\"},\"sameAs\":[\"https:\/\/web.facebook.com\/PotenciaRadiofonicaD\"]},{\"@type\":\"Person\",\"@id\":\"https:\/\/potenciaradiofonicadominicana.com\/portal\/#\/schema\/person\/a5cf1fea13877803ee0573ac18b03490\",\"name\":\"Potencia Radiof\u00f3nica Dominicana\",\"image\":{\"@type\":\"ImageObject\",\"inLanguage\":\"es\",\"@id\":\"https:\/\/potenciaradiofonicadominicana.com\/portal\/#\/schema\/person\/image\/\",\"url\":\"https:\/\/secure.gravatar.com\/avatar\/42a55ab9e8ccc656ba34cd791990602a?s=96&d=mm&r=g\",\"contentUrl\":\"https:\/\/secure.gravatar.com\/avatar\/42a55ab9e8ccc656ba34cd791990602a?s=96&d=mm&r=g\",\"caption\":\"Potencia Radiof\u00f3nica Dominicana\"},\"url\":\"https:\/\/potenciaradiofonicadominicana.com\/portal\/author\/johannyalmanzar\/\"}]}<\/script>\n<!-- \/ Yoast SEO plugin. -->","yoast_head_json":{"title":"GoldQuest respalda evaluaci\u00f3n ambiental estrat\u00e9gica en proyecto Romero - PotenciaRadiofonicaDominicana.com","robots":{"index":"index","follow":"follow","max-snippet":"max-snippet:-1","max-image-preview":"max-image-preview:large","max-video-preview":"max-video-preview:-1"},"canonical":"https:\/\/potenciaradiofonicadominicana.com\/portal\/goldquest-respalda-evaluacion-ambiental-estrategica-en-proyecto-romero\/","og_locale":"es_ES","og_type":"article","og_title":"GoldQuest respalda evaluaci\u00f3n ambiental estrat\u00e9gica en proyecto Romero - PotenciaRadiofonicaDominicana.com","og_description":"La empresa\u00a0GoldQuest, que promueve el proyecto minero Romero en San Juan,\u00a0reiter\u00f3 su\u00a0compromiso\u00a0con la\u00a0protecci\u00f3n del agua, la\u00a0transparencia\u00a0y la\u00a0participaci\u00f3n social, al expresar ...","og_url":"https:\/\/potenciaradiofonicadominicana.com\/portal\/goldquest-respalda-evaluacion-ambiental-estrategica-en-proyecto-romero\/","og_site_name":"PotenciaRadiofonicaDominicana.com","article_publisher":"https:\/\/web.facebook.com\/PotenciaRadiofonicaD","article_published_time":"2026-04-28T04:01:04+00:00","og_image":[{"width":895,"height":504,"url":"https:\/\/potenciaradiofonicadominicana.com\/portal\/wp-content\/uploads\/2026\/04\/goldquest-respalda-evaluacion-ambiental-para-el-suroeste-aab0ae9b-focus-0-0-896-504.jpg","type":"image\/jpeg"}],"author":"Potencia Radiof\u00f3nica Dominicana","twitter_card":"summary_large_image","twitter_misc":{"Escrito por":"Potencia Radiof\u00f3nica Dominicana","Tiempo de lectura":"2 minutos"},"schema":{"@context":"https:\/\/schema.org","@graph":[{"@type":"Article","@id":"https:\/\/potenciaradiofonicadominicana.com\/portal\/goldquest-respalda-evaluacion-ambiental-estrategica-en-proyecto-romero\/#article","isPartOf":{"@id":"https:\/\/potenciaradiofonicadominicana.com\/portal\/goldquest-respalda-evaluacion-ambiental-estrategica-en-proyecto-romero\/"},"author":{"name":"Potencia Radiof\u00f3nica Dominicana","@id":"https:\/\/potenciaradiofonicadominicana.com\/portal\/#\/schema\/person\/a5cf1fea13877803ee0573ac18b03490"},"headline":"GoldQuest respalda evaluaci\u00f3n ambiental estrat\u00e9gica en proyecto Romero","datePublished":"2026-04-28T04:01:04+00:00","mainEntityOfPage":{"@id":"https:\/\/potenciaradiofonicadominicana.com\/portal\/goldquest-respalda-evaluacion-ambiental-estrategica-en-proyecto-romero\/"},"wordCount":384,"publisher":{"@id":"https:\/\/potenciaradiofonicadominicana.com\/portal\/#organization"},"image":{"@id":"https:\/\/potenciaradiofonicadominicana.com\/portal\/goldquest-respalda-evaluacion-ambiental-estrategica-en-proyecto-romero\/#primaryimage"},"thumbnailUrl":"https:\/\/potenciaradiofonicadominicana.com\/portal\/wp-content\/uploads\/2026\/04\/goldquest-respalda-evaluacion-ambiental-para-el-suroeste-aab0ae9b-focus-0-0-896-504.jpg","articleSection":["Econom\u00eda"],"inLanguage":"es"},{"@type":"WebPage","@id":"https:\/\/potenciaradiofonicadominicana.com\/portal\/goldquest-respalda-evaluacion-ambiental-estrategica-en-proyecto-romero\/","url":"https:\/\/potenciaradiofonicadominicana.com\/portal\/goldquest-respalda-evaluacion-ambiental-estrategica-en-proyecto-romero\/","name":"GoldQuest respalda evaluaci\u00f3n ambiental estrat\u00e9gica en proyecto Romero - PotenciaRadiofonicaDominicana.com","isPartOf":{"@id":"https:\/\/potenciaradiofonicadominicana.com\/portal\/#website"},"primaryImageOfPage":{"@id":"https:\/\/potenciaradiofonicadominicana.com\/portal\/goldquest-respalda-evaluacion-ambiental-estrategica-en-proyecto-romero\/#primaryimage"},"image":{"@id":"https:\/\/potenciaradiofonicadominicana.com\/portal\/goldquest-respalda-evaluacion-ambiental-estrategica-en-proyecto-romero\/#primaryimage"},"thumbnailUrl":"https:\/\/potenciaradiofonicadominicana.com\/portal\/wp-content\/uploads\/2026\/04\/goldquest-respalda-evaluacion-ambiental-para-el-suroeste-aab0ae9b-focus-0-0-896-504.jpg","datePublished":"2026-04-28T04:01:04+00:00","breadcrumb":{"@id":"https:\/\/potenciaradiofonicadominicana.com\/portal\/goldquest-respalda-evaluacion-ambiental-estrategica-en-proyecto-romero\/#breadcrumb"},"inLanguage":"es","potentialAction":[{"@type":"ReadAction","target":["https:\/\/potenciaradiofonicadominicana.com\/portal\/goldquest-respalda-evaluacion-ambiental-estrategica-en-proyecto-romero\/"]}]},{"@type":"ImageObject","inLanguage":"es","@id":"https:\/\/potenciaradiofonicadominicana.com\/portal\/goldquest-respalda-evaluacion-ambiental-estrategica-en-proyecto-romero\/#primaryimage","url":"https:\/\/potenciaradiofonicadominicana.com\/portal\/wp-content\/uploads\/2026\/04\/goldquest-respalda-evaluacion-ambiental-para-el-suroeste-aab0ae9b-focus-0-0-896-504.jpg","contentUrl":"https:\/\/potenciaradiofonicadominicana.com\/portal\/wp-content\/uploads\/2026\/04\/goldquest-respalda-evaluacion-ambiental-para-el-suroeste-aab0ae9b-focus-0-0-896-504.jpg","width":895,"height":504},{"@type":"BreadcrumbList","@id":"https:\/\/potenciaradiofonicadominicana.com\/portal\/goldquest-respalda-evaluacion-ambiental-estrategica-en-proyecto-romero\/#breadcrumb","itemListElement":[{"@type":"ListItem","position":1,"name":"Portada","item":"https:\/\/potenciaradiofonicadominicana.com\/portal\/"},{"@type":"ListItem","position":2,"name":"GoldQuest respalda evaluaci\u00f3n ambiental estrat\u00e9gica en proyecto Romero"}]},{"@type":"WebSite","@id":"https:\/\/potenciaradiofonicadominicana.com\/portal\/#website","url":"https:\/\/potenciaradiofonicadominicana.com\/portal\/","name":"PotenciaRadiofonicaDominicana.com","description":"Peri\u00f3dico Digital","publisher":{"@id":"https:\/\/potenciaradiofonicadominicana.com\/portal\/#organization"},"potentialAction":[{"@type":"SearchAction","target":{"@type":"EntryPoint","urlTemplate":"https:\/\/potenciaradiofonicadominicana.com\/portal\/?s={search_term_string}"},"query-input":{"@type":"PropertyValueSpecification","valueRequired":true,"valueName":"search_term_string"}}],"inLanguage":"es"},{"@type":"Organization","@id":"https:\/\/potenciaradiofonicadominicana.com\/portal\/#organization","name":"PotenciaRadiofonicaDominicana.com","url":"https:\/\/potenciaradiofonicadominicana.com\/portal\/","logo":{"@type":"ImageObject","inLanguage":"es","@id":"https:\/\/potenciaradiofonicadominicana.com\/portal\/#\/schema\/logo\/image\/","url":"https:\/\/potenciaradiofonicadominicana.com\/portal\/wp-content\/uploads\/2022\/01\/descarga.png","contentUrl":"https:\/\/potenciaradiofonicadominicana.com\/portal\/wp-content\/uploads\/2022\/01\/descarga.png","width":300,"height":100,"caption":"PotenciaRadiofonicaDominicana.com"},"image":{"@id":"https:\/\/potenciaradiofonicadominicana.com\/portal\/#\/schema\/logo\/image\/"},"sameAs":["https:\/\/web.facebook.com\/PotenciaRadiofonicaD"]},{"@type":"Person","@id":"https:\/\/potenciaradiofonicadominicana.com\/portal\/#\/schema\/person\/a5cf1fea13877803ee0573ac18b03490","name":"Potencia Radiof\u00f3nica Dominicana","image":{"@type":"ImageObject","inLanguage":"es","@id":"https:\/\/potenciaradiofonicadominicana.com\/portal\/#\/schema\/person\/image\/","url":"https:\/\/secure.gravatar.com\/avatar\/42a55ab9e8ccc656ba34cd791990602a?s=96&d=mm&r=g","contentUrl":"https:\/\/secure.gravatar.com\/avatar\/42a55ab9e8ccc656ba34cd791990602a?s=96&d=mm&r=g","caption":"Potencia Radiof\u00f3nica Dominicana"},"url":"https:\/\/potenciaradiofonicadominicana.com\/portal\/author\/johannyalmanzar\/"}]}},"_links":{"self":[{"href":"https:\/\/potenciaradiofonicadominicana.com\/portal\/wp-json\/wp\/v2\/posts\/215969","targetHints":{"allow":["GET"]}}],"collection":[{"href":"https:\/\/potenciaradiofonicadominicana.com\/portal\/wp-json\/wp\/v2\/posts"}],"about":[{"href":"https:\/\/potenciaradiofonicadominicana.com\/portal\/wp-json\/wp\/v2\/types\/post"}],"author":[{"embeddable":true,"href":"https:\/\/potenciaradiofonicadominicana.com\/portal\/wp-json\/wp\/v2\/users\/2"}],"replies":[{"embeddable":true,"href":"https:\/\/potenciaradiofonicadominicana.com\/portal\/wp-json\/wp\/v2\/comments?post=215969"}],"version-history":[{"count":1,"href":"https:\/\/potenciaradiofonicadominicana.com\/portal\/wp-json\/wp\/v2\/posts\/215969\/revisions"}],"predecessor-version":[{"id":215975,"href":"https:\/\/potenciaradiofonicadominicana.com\/portal\/wp-json\/wp\/v2\/posts\/215969\/revisions\/215975"}],"wp:featuredmedia":[{"embeddable":true,"href":"https:\/\/potenciaradiofonicadominicana.com\/portal\/wp-json\/wp\/v2\/media\/215972"}],"wp:attachment":[{"href":"https:\/\/potenciaradiofonicadominicana.com\/portal\/wp-json\/wp\/v2\/media?parent=215969"}],"wp:term":[{"taxonomy":"category","embeddable":true,"href":"https:\/\/potenciaradiofonicadominicana.com\/portal\/wp-json\/wp\/v2\/categories?post=215969"},{"taxonomy":"post_tag","embeddable":true,"href":"https:\/\/potenciaradiofonicadominicana.com\/portal\/wp-json\/wp\/v2\/tags?post=215969"}],"curies":[{"name":"wp","href":"https:\/\/api.w.org\/{rel}","templated":true}]}}