{"id":215950,"date":"2026-04-27T23:45:50","date_gmt":"2026-04-28T03:45:50","guid":{"rendered":"https:\/\/potenciaradiofonicadominicana.com\/portal\/?p=215950"},"modified":"2026-04-27T23:45:50","modified_gmt":"2026-04-28T03:45:50","slug":"se-cerrara-alguna-vez-el-agujero-de-la-capa-de-ozono","status":"publish","type":"post","link":"https:\/\/potenciaradiofonicadominicana.com\/portal\/se-cerrara-alguna-vez-el-agujero-de-la-capa-de-ozono\/","title":{"rendered":"\u00bfSe cerrar\u00e1 alguna vez el agujero de la capa de ozono?"},"content":{"rendered":"<p><a href=\"https:\/\/potenciaradiofonicadominicana.com\/portal\/wp-content\/uploads\/2026\/04\/3093_960px-largest_ever_ozone_hole_sept2000_with_scale-1.jpg\"><img loading=\"lazy\" decoding=\"async\" class=\"alignnone size-full wp-image-215951\" src=\"https:\/\/potenciaradiofonicadominicana.com\/portal\/wp-content\/uploads\/2026\/04\/3093_960px-largest_ever_ozone_hole_sept2000_with_scale-1.jpg\" alt=\"\" width=\"670\" height=\"569\" srcset=\"https:\/\/potenciaradiofonicadominicana.com\/portal\/wp-content\/uploads\/2026\/04\/3093_960px-largest_ever_ozone_hole_sept2000_with_scale-1.jpg 670w, https:\/\/potenciaradiofonicadominicana.com\/portal\/wp-content\/uploads\/2026\/04\/3093_960px-largest_ever_ozone_hole_sept2000_with_scale-1-300x255.jpg 300w\" sizes=\"auto, (max-width: 670px) 100vw, 670px\" \/><\/a><\/p>\n<p>(Foto: NASA)<\/p>\n<p>&nbsp;<\/p>\n<p>&nbsp;<\/p>\n<p>Durante la d\u00e9cada de los 80, la humanidad se enfrent\u00f3 a una noticia aterradora: est\u00e1bamos destruyendo el escudo invisible que protege la vida en la Tierra. Un \u00abagujero\u00bb masivo en la capa de ozono, detectado sobre la Ant\u00e1rtida, se convirti\u00f3 en el s\u00edmbolo de la degradaci\u00f3n ambiental. Sin embargo, d\u00e9cadas despu\u00e9s, la narrativa ha cambiado.\u00a0<b>\u00bfEstamos realmente cerca de ver este agujero cerrado para siempre?<\/b><\/p>\n<p>&nbsp;<\/p>\n<h2>El \u00e9xito del Protocolo de Montreal: Un punto de inflexi\u00f3n<\/h2>\n<p>&nbsp;<\/p>\n<p>La respuesta corta es\u00a0<b>s\u00ed<\/b>, pero con matices temporales importantes. La recuperaci\u00f3n que observamos hoy no es fruto del azar, sino del \u00e9xito diplom\u00e1tico y cient\u00edfico del\u00a0<b>Protocolo de Montreal (1987)<\/b>.<\/p>\n<p>&nbsp;<\/p>\n<p>Este tratado internacional prohibi\u00f3 la producci\u00f3n de sustancias agotadoras de la capa de ozono (SAO), principalmente los\u00a0<b>clorofluorocarbonos (CFC)<\/b>, presentes en aerosoles y sistemas de refrigeraci\u00f3n.<\/p>\n<p>&nbsp;<\/p>\n<h3>\u00bfC\u00f3mo funciona la destrucci\u00f3n del ozono?<\/h3>\n<p>&nbsp;<\/p>\n<p>El proceso qu\u00edmico es una reacci\u00f3n en cadena. Cuando los CFC alcanzan la estratosfera, la radiaci\u00f3n ultravioleta los descompone, liberando \u00e1tomos de cloro. Un solo \u00e1tomo de cloro puede destruir m\u00e1s de 100,000 mol\u00e9culas de ozono (<span class=\"math-inline\">O3<\/span>) antes de ser eliminado de la atm\u00f3sfera.<\/p>\n<p>&nbsp;<\/p>\n<h2>El estado actual: \u00bfCu\u00e1ndo se cerrar\u00e1 por completo?<\/h2>\n<p>&nbsp;<\/p>\n<p>Seg\u00fan el \u00faltimo informe de evaluaci\u00f3n del Panel de Evaluaci\u00f3n Cient\u00edfica del Protocolo de Montreal, respaldado por las Naciones Unidas, la recuperaci\u00f3n es una realidad constante. Las proyecciones actuales sugieren los siguientes hitos:<\/p>\n<p>&nbsp;<\/p>\n<p><b>2040:<\/b>\u00a0La mayor parte de la capa de ozono a nivel mundial habr\u00e1 recuperado los niveles de 1980 (antes de la aparici\u00f3n del agujero).<\/p>\n<div class=\"google-auto-placed ap_container\"><ins class=\"adsbygoogle adsbygoogle-noablate\" data-ad-format=\"auto\" data-ad-client=\"ca-pub-5663005764905852\" data-adsbygoogle-status=\"done\" data-ad-status=\"unfilled\"><\/p>\n<div id=\"aswift_2_host\"><iframe loading=\"lazy\" id=\"aswift_2\" tabindex=\"0\" title=\"Advertisement\" src=\"https:\/\/googleads.g.doubleclick.net\/pagead\/ads?gdpr=0&amp;us_privacy=1---&amp;gpp_sid=-1&amp;client=ca-pub-5663005764905852&amp;output=html&amp;h=280&amp;num_ads=1&amp;adk=2562913539&amp;adf=4099835732&amp;pi=t.aa~a.2707343558~i.40~rp.4&amp;w=670&amp;fwrn=4&amp;fwrnh=100&amp;lmt=1777347773&amp;rafmt=1&amp;armr=3&amp;sem=mc&amp;pwprc=8510815932&amp;ad_type=text_image&amp;format=670x280&amp;url=https%3A%2F%2Fnoticiasdelaciencia.com%2Fart%2F56690%2Fse-cerrara-alguna-vez-el-agujero-de-la-capa-de-ozono&amp;fwr=0&amp;pra=3&amp;rh=168&amp;rw=670&amp;rpe=1&amp;resp_fmts=3&amp;fa=27&amp;uach=WyJXaW5kb3dzIiwiMTAuMC4wIiwieDg2IiwiIiwiMTQ3LjAuNzcyNy4xMDIiLG51bGwsMCxudWxsLCI2NCIsW1siR29vZ2xlIENocm9tZSIsIjE0Ny4wLjc3MjcuMTAyIl0sWyJOb3QuQS9CcmFuZCIsIjguMC4wLjAiXSxbIkNocm9taXVtIiwiMTQ3LjAuNzcyNy4xMDIiXV0sMF0.&amp;abgtt=9&amp;dt=1777347773562&amp;bpp=1&amp;bdt=1149&amp;idt=-M&amp;shv=r20260424&amp;mjsv=m202604210101&amp;ptt=9&amp;saldr=aa&amp;abxe=1&amp;cookie=ID%3D1369ec1753920ed8%3AT%3D1757289327%3ART%3D1777347547%3AS%3DALNI_MZW6G59QQLVBos4kc7I7QPsDzVElw&amp;gpic=UID%3D000012823be29c69%3AT%3D1757289327%3ART%3D1777347547%3AS%3DALNI_MaHQ_Bfx4qudKs-eV9T0d0lK_YoHw&amp;eo_id_str=ID%3De1c442b852c8beb9%3AT%3D1769483343%3ART%3D1777347547%3AS%3DAA-AfjaUwun04pSHe7gepQN_ghxC&amp;prev_fmts=0x0&amp;nras=2&amp;correlator=8134006607063&amp;frm=20&amp;pv=1&amp;u_tz=-240&amp;u_his=7&amp;u_h=1080&amp;u_w=1920&amp;u_ah=1040&amp;u_aw=1920&amp;u_cd=32&amp;u_sd=1&amp;dmc=16&amp;adx=463&amp;ady=2408&amp;biw=1905&amp;bih=953&amp;scr_x=0&amp;scr_y=0&amp;eid=31098107%2C95382263%2C95386814%2C95389146%2C95372615%2C95388297%2C95386194%2C95373849%2C95387777&amp;oid=2&amp;pvsid=738849325510319&amp;tmod=1165482787&amp;uas=1&amp;nvt=1&amp;ref=https%3A%2F%2Fnoticiasdelaciencia.com%2Fsec%2Fmedio-ambiente&amp;fc=1408&amp;brdim=0%2C0%2C0%2C0%2C1920%2C0%2C1920%2C1040%2C1920%2C953&amp;vis=1&amp;rsz=%7C%7Cs%7C&amp;abl=NS&amp;fu=128&amp;bc=31&amp;bz=1&amp;pgls=CAA.&amp;ifi=3&amp;uci=a!3&amp;btvi=1&amp;fsb=1&amp;dtd=7\" name=\"aswift_2\" width=\"670\" height=\"0\" frameborder=\"0\" marginwidth=\"0\" marginheight=\"0\" scrolling=\"no\" sandbox=\"allow-forms allow-popups allow-popups-to-escape-sandbox allow-same-origin allow-scripts allow-top-navigation-by-user-activation\" data-google-container-id=\"a!3\" aria-label=\"Advertisement\" data-load-complete=\"true\" data-google-query-id=\"COuQy7PQj5QDFZ3llAkd7OM2kA\" data-mce-fragment=\"1\"><\/iframe><\/div>\n<p><\/ins><\/div>\n<p>&nbsp;<\/p>\n<p><b>2045:<\/b>\u00a0El \u00c1rtico deber\u00eda mostrar una recuperaci\u00f3n total.<\/p>\n<p>&nbsp;<\/p>\n<p><b>2066:<\/b>\u00a0La Ant\u00e1rtida, la zona m\u00e1s afectada debido a las condiciones meteorol\u00f3gicas extremas y el fr\u00edo intenso que favorece las reacciones qu\u00edmicas destructoras, alcanzar\u00e1 su restauraci\u00f3n completa.<\/p>\n<p>&nbsp;<\/p>\n<h2>Los obst\u00e1culos en el camino<\/h2>\n<p>&nbsp;<\/p>\n<p>A pesar del optimismo, el proceso no es una l\u00ednea recta. Existen factores que pueden retrasar esta \u00abcuraci\u00f3n\u00bb planetaria:<\/p>\n<p>&nbsp;<\/p>\n<p><b>-Emisiones ilegales:<\/b>\u00a0En a\u00f1os recientes, se detectaron picos inesperados de CFC-11 procedentes de f\u00e1bricas en Asia oriental, lo que oblig\u00f3 a una vigilancia internacional m\u00e1s estricta.<\/p>\n<p>&nbsp;<\/p>\n<p><b>-Cambio clim\u00e1tico:<\/b>\u00a0Existe una relaci\u00f3n compleja entre el calentamiento global y el ozono. Mientras la superficie se calienta, la estratosfera se enfr\u00eda, lo que puede acelerar la p\u00e9rdida de ozono en los polos.<\/p>\n<div class=\"google-auto-placed ap_container\"><ins class=\"adsbygoogle adsbygoogle-noablate\" data-ad-format=\"auto\" data-ad-client=\"ca-pub-5663005764905852\" data-adsbygoogle-status=\"done\" data-ad-status=\"unfilled\"><\/p>\n<div id=\"aswift_3_host\"><iframe loading=\"lazy\" id=\"aswift_3\" tabindex=\"0\" title=\"Advertisement\" src=\"https:\/\/googleads.g.doubleclick.net\/pagead\/ads?gdpr=0&amp;us_privacy=1---&amp;gpp_sid=-1&amp;client=ca-pub-5663005764905852&amp;output=html&amp;h=280&amp;num_ads=1&amp;adk=2562913539&amp;adf=3693040572&amp;pi=t.aa~a.2707343558~i.64~rp.4&amp;w=670&amp;fwrn=4&amp;fwrnh=100&amp;lmt=1777347773&amp;rafmt=1&amp;armr=3&amp;sem=mc&amp;pwprc=8510815932&amp;ad_type=text_image&amp;format=670x280&amp;url=https%3A%2F%2Fnoticiasdelaciencia.com%2Fart%2F56690%2Fse-cerrara-alguna-vez-el-agujero-de-la-capa-de-ozono&amp;fwr=0&amp;pra=3&amp;rh=168&amp;rw=670&amp;rpe=1&amp;resp_fmts=3&amp;fa=27&amp;uach=WyJXaW5kb3dzIiwiMTAuMC4wIiwieDg2IiwiIiwiMTQ3LjAuNzcyNy4xMDIiLG51bGwsMCxudWxsLCI2NCIsW1siR29vZ2xlIENocm9tZSIsIjE0Ny4wLjc3MjcuMTAyIl0sWyJOb3QuQS9CcmFuZCIsIjguMC4wLjAiXSxbIkNocm9taXVtIiwiMTQ3LjAuNzcyNy4xMDIiXV0sMF0.&amp;abgtt=9&amp;dt=1777347773562&amp;bpp=1&amp;bdt=1149&amp;idt=1&amp;shv=r20260424&amp;mjsv=m202604210101&amp;ptt=9&amp;saldr=aa&amp;abxe=1&amp;cookie=ID%3D1369ec1753920ed8%3AT%3D1757289327%3ART%3D1777347547%3AS%3DALNI_MZW6G59QQLVBos4kc7I7QPsDzVElw&amp;gpic=UID%3D000012823be29c69%3AT%3D1757289327%3ART%3D1777347547%3AS%3DALNI_MaHQ_Bfx4qudKs-eV9T0d0lK_YoHw&amp;eo_id_str=ID%3De1c442b852c8beb9%3AT%3D1769483343%3ART%3D1777347547%3AS%3DAA-AfjaUwun04pSHe7gepQN_ghxC&amp;prev_fmts=0x0%2C670x280&amp;nras=3&amp;correlator=8134006607063&amp;frm=20&amp;pv=1&amp;u_tz=-240&amp;u_his=7&amp;u_h=1080&amp;u_w=1920&amp;u_ah=1040&amp;u_aw=1920&amp;u_cd=32&amp;u_sd=1&amp;dmc=16&amp;adx=463&amp;ady=3253&amp;biw=1905&amp;bih=953&amp;scr_x=0&amp;scr_y=0&amp;eid=31098107%2C95382263%2C95386814%2C95389146%2C95372615%2C95388297%2C95386194%2C95373849%2C95387777&amp;oid=2&amp;pvsid=738849325510319&amp;tmod=1165482787&amp;uas=1&amp;nvt=1&amp;ref=https%3A%2F%2Fnoticiasdelaciencia.com%2Fsec%2Fmedio-ambiente&amp;fc=1408&amp;brdim=0%2C0%2C0%2C0%2C1920%2C0%2C1920%2C1040%2C1920%2C953&amp;vis=1&amp;rsz=%7C%7Cs%7C&amp;abl=NS&amp;fu=128&amp;bc=31&amp;bz=1&amp;pgls=CAA.&amp;ifi=4&amp;uci=a!4&amp;btvi=2&amp;fsb=1&amp;dtd=8\" name=\"aswift_3\" width=\"670\" height=\"0\" frameborder=\"0\" marginwidth=\"0\" marginheight=\"0\" scrolling=\"no\" sandbox=\"allow-forms allow-popups allow-popups-to-escape-sandbox allow-same-origin allow-scripts allow-top-navigation-by-user-activation\" data-google-container-id=\"a!4\" aria-label=\"Advertisement\" data-load-complete=\"true\" data-google-query-id=\"CMz8y7PQj5QDFW-9rgUdJf8c6w\" data-mce-fragment=\"1\"><\/iframe><\/div>\n<p><\/ins><\/div>\n<p>&nbsp;<\/p>\n<p><b>-Actividad volc\u00e1nica:<\/b>\u00a0Erupciones masivas, como la del volc\u00e1n\u00a0<b>Hunga Tonga-Hunga Ha&#8217;apai<\/b>\u00a0en 2022, inyectan vapor de agua y aerosoles en la estratosfera que pueden ensanchar temporalmente el agujero.<\/p>\n<p>&nbsp;<\/p>\n<h2>Una lecci\u00f3n para la crisis clim\u00e1tica<\/h2>\n<p>&nbsp;<\/p>\n<p>La recuperaci\u00f3n de la capa de ozono es la prueba viviente de que\u00a0<b>la acci\u00f3n multilateral funciona<\/b>. Es el mejor ejemplo de que, cuando la ciencia dicta la pol\u00edtica y la industria se adapta, es posible revertir da\u00f1os ambientales que parec\u00edan catastr\u00f3ficos.<\/p>\n<p>&nbsp;<\/p>\n<p>Aunque todav\u00eda debemos esperar unas d\u00e9cadas para declarar el \u00abcaso cerrado\u00bb, el agujero de la capa de ozono ya no es la sentencia de muerte que tem\u00edamos, sino un recordatorio de nuestra capacidad de reparaci\u00f3n.<\/p>\n<p>&nbsp;<\/p>\n<p><b>Mientras, recordemos<\/b>\u00a0que gracias al Protocolo de Montreal, se estima que se han evitado millones de casos de c\u00e1ncer de piel y cataratas en todo el mundo, adem\u00e1s de proteger ecosistemas agr\u00edcolas vitales.<\/p>\n","protected":false},"excerpt":{"rendered":"<p>(Foto: NASA) &nbsp; &nbsp; Durante la d\u00e9cada de los 80, la humanidad se enfrent\u00f3 a una noticia aterradora: est\u00e1bamos destruyendo &#8230;<\/p>\n","protected":false},"author":2,"featured_media":215951,"comment_status":"closed","ping_status":"closed","sticky":false,"template":"","format":"standard","meta":{"footnotes":""},"categories":[14],"tags":[],"class_list":["post-215950","post","type-post","status-publish","format-standard","has-post-thumbnail","hentry","category-ciencia-y-tecnologia"],"yoast_head":"<!-- This site is optimized with the Yoast SEO plugin v24.8.1 - https:\/\/yoast.com\/wordpress\/plugins\/seo\/ -->\n<title>\u00bfSe cerrar\u00e1 alguna vez el agujero de la capa de ozono? - PotenciaRadiofonicaDominicana.com<\/title>\n<meta name=\"robots\" content=\"index, follow, max-snippet:-1, max-image-preview:large, max-video-preview:-1\" \/>\n<link rel=\"canonical\" href=\"https:\/\/potenciaradiofonicadominicana.com\/portal\/se-cerrara-alguna-vez-el-agujero-de-la-capa-de-ozono\/\" \/>\n<meta property=\"og:locale\" content=\"es_ES\" \/>\n<meta property=\"og:type\" content=\"article\" \/>\n<meta property=\"og:title\" content=\"\u00bfSe cerrar\u00e1 alguna vez el agujero de la capa de ozono? - PotenciaRadiofonicaDominicana.com\" \/>\n<meta property=\"og:description\" content=\"(Foto: NASA) &nbsp; &nbsp; Durante la d\u00e9cada de los 80, la humanidad se enfrent\u00f3 a una noticia aterradora: est\u00e1bamos destruyendo ...\" \/>\n<meta property=\"og:url\" content=\"https:\/\/potenciaradiofonicadominicana.com\/portal\/se-cerrara-alguna-vez-el-agujero-de-la-capa-de-ozono\/\" \/>\n<meta property=\"og:site_name\" content=\"PotenciaRadiofonicaDominicana.com\" \/>\n<meta property=\"article:publisher\" content=\"https:\/\/web.facebook.com\/PotenciaRadiofonicaD\" \/>\n<meta property=\"article:published_time\" content=\"2026-04-28T03:45:50+00:00\" \/>\n<meta property=\"og:image\" content=\"https:\/\/potenciaradiofonicadominicana.com\/portal\/wp-content\/uploads\/2026\/04\/3093_960px-largest_ever_ozone_hole_sept2000_with_scale-1.jpg\" \/>\n\t<meta property=\"og:image:width\" content=\"670\" \/>\n\t<meta property=\"og:image:height\" content=\"569\" \/>\n\t<meta property=\"og:image:type\" content=\"image\/jpeg\" \/>\n<meta name=\"author\" content=\"Potencia Radiof\u00f3nica Dominicana\" \/>\n<meta name=\"twitter:card\" content=\"summary_large_image\" \/>\n<meta name=\"twitter:label1\" content=\"Escrito por\" \/>\n\t<meta name=\"twitter:data1\" content=\"Potencia Radiof\u00f3nica Dominicana\" \/>\n\t<meta name=\"twitter:label2\" content=\"Tiempo de lectura\" \/>\n\t<meta name=\"twitter:data2\" content=\"3 minutos\" \/>\n<script type=\"application\/ld+json\" class=\"yoast-schema-graph\">{\"@context\":\"https:\/\/schema.org\",\"@graph\":[{\"@type\":\"Article\",\"@id\":\"https:\/\/potenciaradiofonicadominicana.com\/portal\/se-cerrara-alguna-vez-el-agujero-de-la-capa-de-ozono\/#article\",\"isPartOf\":{\"@id\":\"https:\/\/potenciaradiofonicadominicana.com\/portal\/se-cerrara-alguna-vez-el-agujero-de-la-capa-de-ozono\/\"},\"author\":{\"name\":\"Potencia Radiof\u00f3nica Dominicana\",\"@id\":\"https:\/\/potenciaradiofonicadominicana.com\/portal\/#\/schema\/person\/a5cf1fea13877803ee0573ac18b03490\"},\"headline\":\"\u00bfSe cerrar\u00e1 alguna vez el agujero de la capa de ozono?\",\"datePublished\":\"2026-04-28T03:45:50+00:00\",\"mainEntityOfPage\":{\"@id\":\"https:\/\/potenciaradiofonicadominicana.com\/portal\/se-cerrara-alguna-vez-el-agujero-de-la-capa-de-ozono\/\"},\"wordCount\":598,\"publisher\":{\"@id\":\"https:\/\/potenciaradiofonicadominicana.com\/portal\/#organization\"},\"image\":{\"@id\":\"https:\/\/potenciaradiofonicadominicana.com\/portal\/se-cerrara-alguna-vez-el-agujero-de-la-capa-de-ozono\/#primaryimage\"},\"thumbnailUrl\":\"https:\/\/potenciaradiofonicadominicana.com\/portal\/wp-content\/uploads\/2026\/04\/3093_960px-largest_ever_ozone_hole_sept2000_with_scale-1.jpg\",\"articleSection\":[\"Ciencia y Tecnolog\u00eda\"],\"inLanguage\":\"es\"},{\"@type\":\"WebPage\",\"@id\":\"https:\/\/potenciaradiofonicadominicana.com\/portal\/se-cerrara-alguna-vez-el-agujero-de-la-capa-de-ozono\/\",\"url\":\"https:\/\/potenciaradiofonicadominicana.com\/portal\/se-cerrara-alguna-vez-el-agujero-de-la-capa-de-ozono\/\",\"name\":\"\u00bfSe cerrar\u00e1 alguna vez el agujero de la capa de ozono? - PotenciaRadiofonicaDominicana.com\",\"isPartOf\":{\"@id\":\"https:\/\/potenciaradiofonicadominicana.com\/portal\/#website\"},\"primaryImageOfPage\":{\"@id\":\"https:\/\/potenciaradiofonicadominicana.com\/portal\/se-cerrara-alguna-vez-el-agujero-de-la-capa-de-ozono\/#primaryimage\"},\"image\":{\"@id\":\"https:\/\/potenciaradiofonicadominicana.com\/portal\/se-cerrara-alguna-vez-el-agujero-de-la-capa-de-ozono\/#primaryimage\"},\"thumbnailUrl\":\"https:\/\/potenciaradiofonicadominicana.com\/portal\/wp-content\/uploads\/2026\/04\/3093_960px-largest_ever_ozone_hole_sept2000_with_scale-1.jpg\",\"datePublished\":\"2026-04-28T03:45:50+00:00\",\"breadcrumb\":{\"@id\":\"https:\/\/potenciaradiofonicadominicana.com\/portal\/se-cerrara-alguna-vez-el-agujero-de-la-capa-de-ozono\/#breadcrumb\"},\"inLanguage\":\"es\",\"potentialAction\":[{\"@type\":\"ReadAction\",\"target\":[\"https:\/\/potenciaradiofonicadominicana.com\/portal\/se-cerrara-alguna-vez-el-agujero-de-la-capa-de-ozono\/\"]}]},{\"@type\":\"ImageObject\",\"inLanguage\":\"es\",\"@id\":\"https:\/\/potenciaradiofonicadominicana.com\/portal\/se-cerrara-alguna-vez-el-agujero-de-la-capa-de-ozono\/#primaryimage\",\"url\":\"https:\/\/potenciaradiofonicadominicana.com\/portal\/wp-content\/uploads\/2026\/04\/3093_960px-largest_ever_ozone_hole_sept2000_with_scale-1.jpg\",\"contentUrl\":\"https:\/\/potenciaradiofonicadominicana.com\/portal\/wp-content\/uploads\/2026\/04\/3093_960px-largest_ever_ozone_hole_sept2000_with_scale-1.jpg\",\"width\":670,\"height\":569},{\"@type\":\"BreadcrumbList\",\"@id\":\"https:\/\/potenciaradiofonicadominicana.com\/portal\/se-cerrara-alguna-vez-el-agujero-de-la-capa-de-ozono\/#breadcrumb\",\"itemListElement\":[{\"@type\":\"ListItem\",\"position\":1,\"name\":\"Portada\",\"item\":\"https:\/\/potenciaradiofonicadominicana.com\/portal\/\"},{\"@type\":\"ListItem\",\"position\":2,\"name\":\"\u00bfSe cerrar\u00e1 alguna vez el agujero de la capa de ozono?\"}]},{\"@type\":\"WebSite\",\"@id\":\"https:\/\/potenciaradiofonicadominicana.com\/portal\/#website\",\"url\":\"https:\/\/potenciaradiofonicadominicana.com\/portal\/\",\"name\":\"PotenciaRadiofonicaDominicana.com\",\"description\":\"Peri\u00f3dico Digital\",\"publisher\":{\"@id\":\"https:\/\/potenciaradiofonicadominicana.com\/portal\/#organization\"},\"potentialAction\":[{\"@type\":\"SearchAction\",\"target\":{\"@type\":\"EntryPoint\",\"urlTemplate\":\"https:\/\/potenciaradiofonicadominicana.com\/portal\/?s={search_term_string}\"},\"query-input\":{\"@type\":\"PropertyValueSpecification\",\"valueRequired\":true,\"valueName\":\"search_term_string\"}}],\"inLanguage\":\"es\"},{\"@type\":\"Organization\",\"@id\":\"https:\/\/potenciaradiofonicadominicana.com\/portal\/#organization\",\"name\":\"PotenciaRadiofonicaDominicana.com\",\"url\":\"https:\/\/potenciaradiofonicadominicana.com\/portal\/\",\"logo\":{\"@type\":\"ImageObject\",\"inLanguage\":\"es\",\"@id\":\"https:\/\/potenciaradiofonicadominicana.com\/portal\/#\/schema\/logo\/image\/\",\"url\":\"https:\/\/potenciaradiofonicadominicana.com\/portal\/wp-content\/uploads\/2022\/01\/descarga.png\",\"contentUrl\":\"https:\/\/potenciaradiofonicadominicana.com\/portal\/wp-content\/uploads\/2022\/01\/descarga.png\",\"width\":300,\"height\":100,\"caption\":\"PotenciaRadiofonicaDominicana.com\"},\"image\":{\"@id\":\"https:\/\/potenciaradiofonicadominicana.com\/portal\/#\/schema\/logo\/image\/\"},\"sameAs\":[\"https:\/\/web.facebook.com\/PotenciaRadiofonicaD\"]},{\"@type\":\"Person\",\"@id\":\"https:\/\/potenciaradiofonicadominicana.com\/portal\/#\/schema\/person\/a5cf1fea13877803ee0573ac18b03490\",\"name\":\"Potencia Radiof\u00f3nica Dominicana\",\"image\":{\"@type\":\"ImageObject\",\"inLanguage\":\"es\",\"@id\":\"https:\/\/potenciaradiofonicadominicana.com\/portal\/#\/schema\/person\/image\/\",\"url\":\"https:\/\/secure.gravatar.com\/avatar\/42a55ab9e8ccc656ba34cd791990602a?s=96&d=mm&r=g\",\"contentUrl\":\"https:\/\/secure.gravatar.com\/avatar\/42a55ab9e8ccc656ba34cd791990602a?s=96&d=mm&r=g\",\"caption\":\"Potencia Radiof\u00f3nica Dominicana\"},\"url\":\"https:\/\/potenciaradiofonicadominicana.com\/portal\/author\/johannyalmanzar\/\"}]}<\/script>\n<!-- \/ Yoast SEO plugin. -->","yoast_head_json":{"title":"\u00bfSe cerrar\u00e1 alguna vez el agujero de la capa de ozono? - PotenciaRadiofonicaDominicana.com","robots":{"index":"index","follow":"follow","max-snippet":"max-snippet:-1","max-image-preview":"max-image-preview:large","max-video-preview":"max-video-preview:-1"},"canonical":"https:\/\/potenciaradiofonicadominicana.com\/portal\/se-cerrara-alguna-vez-el-agujero-de-la-capa-de-ozono\/","og_locale":"es_ES","og_type":"article","og_title":"\u00bfSe cerrar\u00e1 alguna vez el agujero de la capa de ozono? - PotenciaRadiofonicaDominicana.com","og_description":"(Foto: NASA) &nbsp; &nbsp; Durante la d\u00e9cada de los 80, la humanidad se enfrent\u00f3 a una noticia aterradora: est\u00e1bamos destruyendo ...","og_url":"https:\/\/potenciaradiofonicadominicana.com\/portal\/se-cerrara-alguna-vez-el-agujero-de-la-capa-de-ozono\/","og_site_name":"PotenciaRadiofonicaDominicana.com","article_publisher":"https:\/\/web.facebook.com\/PotenciaRadiofonicaD","article_published_time":"2026-04-28T03:45:50+00:00","og_image":[{"width":670,"height":569,"url":"https:\/\/potenciaradiofonicadominicana.com\/portal\/wp-content\/uploads\/2026\/04\/3093_960px-largest_ever_ozone_hole_sept2000_with_scale-1.jpg","type":"image\/jpeg"}],"author":"Potencia Radiof\u00f3nica Dominicana","twitter_card":"summary_large_image","twitter_misc":{"Escrito por":"Potencia Radiof\u00f3nica Dominicana","Tiempo de lectura":"3 minutos"},"schema":{"@context":"https:\/\/schema.org","@graph":[{"@type":"Article","@id":"https:\/\/potenciaradiofonicadominicana.com\/portal\/se-cerrara-alguna-vez-el-agujero-de-la-capa-de-ozono\/#article","isPartOf":{"@id":"https:\/\/potenciaradiofonicadominicana.com\/portal\/se-cerrara-alguna-vez-el-agujero-de-la-capa-de-ozono\/"},"author":{"name":"Potencia Radiof\u00f3nica Dominicana","@id":"https:\/\/potenciaradiofonicadominicana.com\/portal\/#\/schema\/person\/a5cf1fea13877803ee0573ac18b03490"},"headline":"\u00bfSe cerrar\u00e1 alguna vez el agujero de la capa de ozono?","datePublished":"2026-04-28T03:45:50+00:00","mainEntityOfPage":{"@id":"https:\/\/potenciaradiofonicadominicana.com\/portal\/se-cerrara-alguna-vez-el-agujero-de-la-capa-de-ozono\/"},"wordCount":598,"publisher":{"@id":"https:\/\/potenciaradiofonicadominicana.com\/portal\/#organization"},"image":{"@id":"https:\/\/potenciaradiofonicadominicana.com\/portal\/se-cerrara-alguna-vez-el-agujero-de-la-capa-de-ozono\/#primaryimage"},"thumbnailUrl":"https:\/\/potenciaradiofonicadominicana.com\/portal\/wp-content\/uploads\/2026\/04\/3093_960px-largest_ever_ozone_hole_sept2000_with_scale-1.jpg","articleSection":["Ciencia y Tecnolog\u00eda"],"inLanguage":"es"},{"@type":"WebPage","@id":"https:\/\/potenciaradiofonicadominicana.com\/portal\/se-cerrara-alguna-vez-el-agujero-de-la-capa-de-ozono\/","url":"https:\/\/potenciaradiofonicadominicana.com\/portal\/se-cerrara-alguna-vez-el-agujero-de-la-capa-de-ozono\/","name":"\u00bfSe cerrar\u00e1 alguna vez el agujero de la capa de ozono? - PotenciaRadiofonicaDominicana.com","isPartOf":{"@id":"https:\/\/potenciaradiofonicadominicana.com\/portal\/#website"},"primaryImageOfPage":{"@id":"https:\/\/potenciaradiofonicadominicana.com\/portal\/se-cerrara-alguna-vez-el-agujero-de-la-capa-de-ozono\/#primaryimage"},"image":{"@id":"https:\/\/potenciaradiofonicadominicana.com\/portal\/se-cerrara-alguna-vez-el-agujero-de-la-capa-de-ozono\/#primaryimage"},"thumbnailUrl":"https:\/\/potenciaradiofonicadominicana.com\/portal\/wp-content\/uploads\/2026\/04\/3093_960px-largest_ever_ozone_hole_sept2000_with_scale-1.jpg","datePublished":"2026-04-28T03:45:50+00:00","breadcrumb":{"@id":"https:\/\/potenciaradiofonicadominicana.com\/portal\/se-cerrara-alguna-vez-el-agujero-de-la-capa-de-ozono\/#breadcrumb"},"inLanguage":"es","potentialAction":[{"@type":"ReadAction","target":["https:\/\/potenciaradiofonicadominicana.com\/portal\/se-cerrara-alguna-vez-el-agujero-de-la-capa-de-ozono\/"]}]},{"@type":"ImageObject","inLanguage":"es","@id":"https:\/\/potenciaradiofonicadominicana.com\/portal\/se-cerrara-alguna-vez-el-agujero-de-la-capa-de-ozono\/#primaryimage","url":"https:\/\/potenciaradiofonicadominicana.com\/portal\/wp-content\/uploads\/2026\/04\/3093_960px-largest_ever_ozone_hole_sept2000_with_scale-1.jpg","contentUrl":"https:\/\/potenciaradiofonicadominicana.com\/portal\/wp-content\/uploads\/2026\/04\/3093_960px-largest_ever_ozone_hole_sept2000_with_scale-1.jpg","width":670,"height":569},{"@type":"BreadcrumbList","@id":"https:\/\/potenciaradiofonicadominicana.com\/portal\/se-cerrara-alguna-vez-el-agujero-de-la-capa-de-ozono\/#breadcrumb","itemListElement":[{"@type":"ListItem","position":1,"name":"Portada","item":"https:\/\/potenciaradiofonicadominicana.com\/portal\/"},{"@type":"ListItem","position":2,"name":"\u00bfSe cerrar\u00e1 alguna vez el agujero de la capa de ozono?"}]},{"@type":"WebSite","@id":"https:\/\/potenciaradiofonicadominicana.com\/portal\/#website","url":"https:\/\/potenciaradiofonicadominicana.com\/portal\/","name":"PotenciaRadiofonicaDominicana.com","description":"Peri\u00f3dico Digital","publisher":{"@id":"https:\/\/potenciaradiofonicadominicana.com\/portal\/#organization"},"potentialAction":[{"@type":"SearchAction","target":{"@type":"EntryPoint","urlTemplate":"https:\/\/potenciaradiofonicadominicana.com\/portal\/?s={search_term_string}"},"query-input":{"@type":"PropertyValueSpecification","valueRequired":true,"valueName":"search_term_string"}}],"inLanguage":"es"},{"@type":"Organization","@id":"https:\/\/potenciaradiofonicadominicana.com\/portal\/#organization","name":"PotenciaRadiofonicaDominicana.com","url":"https:\/\/potenciaradiofonicadominicana.com\/portal\/","logo":{"@type":"ImageObject","inLanguage":"es","@id":"https:\/\/potenciaradiofonicadominicana.com\/portal\/#\/schema\/logo\/image\/","url":"https:\/\/potenciaradiofonicadominicana.com\/portal\/wp-content\/uploads\/2022\/01\/descarga.png","contentUrl":"https:\/\/potenciaradiofonicadominicana.com\/portal\/wp-content\/uploads\/2022\/01\/descarga.png","width":300,"height":100,"caption":"PotenciaRadiofonicaDominicana.com"},"image":{"@id":"https:\/\/potenciaradiofonicadominicana.com\/portal\/#\/schema\/logo\/image\/"},"sameAs":["https:\/\/web.facebook.com\/PotenciaRadiofonicaD"]},{"@type":"Person","@id":"https:\/\/potenciaradiofonicadominicana.com\/portal\/#\/schema\/person\/a5cf1fea13877803ee0573ac18b03490","name":"Potencia Radiof\u00f3nica Dominicana","image":{"@type":"ImageObject","inLanguage":"es","@id":"https:\/\/potenciaradiofonicadominicana.com\/portal\/#\/schema\/person\/image\/","url":"https:\/\/secure.gravatar.com\/avatar\/42a55ab9e8ccc656ba34cd791990602a?s=96&d=mm&r=g","contentUrl":"https:\/\/secure.gravatar.com\/avatar\/42a55ab9e8ccc656ba34cd791990602a?s=96&d=mm&r=g","caption":"Potencia Radiof\u00f3nica Dominicana"},"url":"https:\/\/potenciaradiofonicadominicana.com\/portal\/author\/johannyalmanzar\/"}]}},"_links":{"self":[{"href":"https:\/\/potenciaradiofonicadominicana.com\/portal\/wp-json\/wp\/v2\/posts\/215950","targetHints":{"allow":["GET"]}}],"collection":[{"href":"https:\/\/potenciaradiofonicadominicana.com\/portal\/wp-json\/wp\/v2\/posts"}],"about":[{"href":"https:\/\/potenciaradiofonicadominicana.com\/portal\/wp-json\/wp\/v2\/types\/post"}],"author":[{"embeddable":true,"href":"https:\/\/potenciaradiofonicadominicana.com\/portal\/wp-json\/wp\/v2\/users\/2"}],"replies":[{"embeddable":true,"href":"https:\/\/potenciaradiofonicadominicana.com\/portal\/wp-json\/wp\/v2\/comments?post=215950"}],"version-history":[{"count":1,"href":"https:\/\/potenciaradiofonicadominicana.com\/portal\/wp-json\/wp\/v2\/posts\/215950\/revisions"}],"predecessor-version":[{"id":215952,"href":"https:\/\/potenciaradiofonicadominicana.com\/portal\/wp-json\/wp\/v2\/posts\/215950\/revisions\/215952"}],"wp:featuredmedia":[{"embeddable":true,"href":"https:\/\/potenciaradiofonicadominicana.com\/portal\/wp-json\/wp\/v2\/media\/215951"}],"wp:attachment":[{"href":"https:\/\/potenciaradiofonicadominicana.com\/portal\/wp-json\/wp\/v2\/media?parent=215950"}],"wp:term":[{"taxonomy":"category","embeddable":true,"href":"https:\/\/potenciaradiofonicadominicana.com\/portal\/wp-json\/wp\/v2\/categories?post=215950"},{"taxonomy":"post_tag","embeddable":true,"href":"https:\/\/potenciaradiofonicadominicana.com\/portal\/wp-json\/wp\/v2\/tags?post=215950"}],"curies":[{"name":"wp","href":"https:\/\/api.w.org\/{rel}","templated":true}]}}