{"id":215944,"date":"2026-04-27T23:40:37","date_gmt":"2026-04-28T03:40:37","guid":{"rendered":"https:\/\/potenciaradiofonicadominicana.com\/portal\/?p=215944"},"modified":"2026-04-27T23:40:37","modified_gmt":"2026-04-28T03:40:37","slug":"retirar-microplasticos-del-agua-mediante-arboles","status":"publish","type":"post","link":"https:\/\/potenciaradiofonicadominicana.com\/portal\/retirar-microplasticos-del-agua-mediante-arboles\/","title":{"rendered":"Retirar micropl\u00e1sticos del agua mediante \u00e1rboles"},"content":{"rendered":"<p><a href=\"https:\/\/potenciaradiofonicadominicana.com\/portal\/wp-content\/uploads\/2026\/04\/7475_retirar-microplasticos-del-agua-mediante-arboles.jpg\"><img loading=\"lazy\" decoding=\"async\" class=\"alignnone size-full wp-image-215945\" src=\"https:\/\/potenciaradiofonicadominicana.com\/portal\/wp-content\/uploads\/2026\/04\/7475_retirar-microplasticos-del-agua-mediante-arboles.jpg\" alt=\"\" width=\"670\" height=\"437\" srcset=\"https:\/\/potenciaradiofonicadominicana.com\/portal\/wp-content\/uploads\/2026\/04\/7475_retirar-microplasticos-del-agua-mediante-arboles.jpg 670w, https:\/\/potenciaradiofonicadominicana.com\/portal\/wp-content\/uploads\/2026\/04\/7475_retirar-microplasticos-del-agua-mediante-arboles-300x196.jpg 300w\" sizes=\"auto, (max-width: 670px) 100vw, 670px\" \/><\/a><\/p>\n<p>Los desechos de pl\u00e1stico se han convertido en un problema global. La producci\u00f3n y el uso de m\u00e1s de 400 millones de toneladas de pl\u00e1stico por a\u00f1o han contaminado playas, r\u00edos e incluso los puntos m\u00e1s profundos de los oc\u00e9anos, a once mil metros de profundidad. M\u00e1s all\u00e1 de los impactos ambientales visibles, el pl\u00e1stico tambi\u00e9n influye en el cambio clim\u00e1tico global: se estima que su producci\u00f3n es responsable de generar 1800 millones de toneladas de gases de efecto invernadero cada a\u00f1o. Evidencias cient\u00edficas sugieren, adem\u00e1s, que el uso cotidiano de materiales pl\u00e1sticos tambi\u00e9n resulta peligroso para la salud humana.<\/p>\n<p>&nbsp;<\/p>\n<p>M\u00e1s problem\u00e1ticos aun resultan los micropl\u00e1sticos, fragmentos min\u00fasculos de objetos de pl\u00e1stico, ya que por su diminuto tama\u00f1o son m\u00e1s dif\u00edciles de retirar del medioambiente que los trozos grandes y es m\u00e1s f\u00e1cil tragarlos y que penetren en tejidos biol\u00f3gicos en general.<\/p>\n<p>&nbsp;<\/p>\n<p>Unos cient\u00edficos han comprobado que un extracto del \u00e1rbol Moringa oleifera, tambi\u00e9n conocido como acacia blanca, posee propiedades similares al sulfato de aluminio en el proceso de coagulaci\u00f3n previo a la filtraci\u00f3n del agua destinada al consumo humano, es decir, que es capaz de eliminar los micropl\u00e1sticos del agua.<\/p>\n<div class=\"google-auto-placed ap_container\"><ins class=\"adsbygoogle adsbygoogle-noablate\" data-ad-format=\"auto\" data-ad-client=\"ca-pub-5663005764905852\" data-adsbygoogle-status=\"done\" data-ad-status=\"unfilled\"><\/p>\n<div id=\"aswift_1_host\"><\/div>\n<p><\/ins><\/div>\n<p>El estudio lo ha realizado un equipo encabezado por Gabrielle Batista, de la Universidad Estatal de Sao Paulo (UNESP), y ha contado con el respaldo de la Fundaci\u00f3n de Apoyo a la Investigaci\u00f3n Cient\u00edfica del Estado de Sao Paulo (FAPESP), en Brasil ambas instituciones.<\/p>\n<p>&nbsp;<\/p>\n<p>El Moringa oleifera es originario de la India y se adapta bien a diversos pa\u00edses tropicales. Se utiliza para variados fines, incluyendo como alimento, concretamente sus hojas y semillas, que son nutritivas. Desde hace varios a\u00f1os, los autores del nuevo estudio vienen investigando el potencial de las semillas en el tratamiento del agua.<\/p>\n<p>&nbsp;<\/p>\n<p>Para comprobar la eficacia de dichas semillas en la extracci\u00f3n de micropl\u00e1sticos del agua, los investigadores utilizaron agua del grifo que contaminaron con cloruro de polivinilo (PVC).<\/p>\n<p>&nbsp;<\/p>\n<p>Los investigadores envejecieron artificialmente el PVC mediante radiaci\u00f3n ultravioleta para imitar los procesos naturales y reproducir las propiedades de los micropl\u00e1sticos envejecidos de forma natural.<\/p>\n<div class=\"google-auto-placed ap_container\"><ins class=\"adsbygoogle adsbygoogle-noablate\" data-ad-format=\"auto\" data-ad-client=\"ca-pub-5663005764905852\" data-adsbygoogle-status=\"done\" data-ad-status=\"unfill-optimized\"><\/p>\n<div id=\"aswift_2_host\">\n<div class=\"google-aiuf\" data-google-ad-efd=\"true\">\n<div class=\"goog-rentries\">\n<div class=\"google-anno-skip goog-rentry\" tabindex=\"0\" role=\"link\" aria-label=\"\u00e1rboles\" data-google-vignette=\"false\" data-google-interstitial=\"false\"><\/div>\n<div><\/div>\n<\/div>\n<\/div>\n<\/div>\n<p><\/ins><\/div>\n<p>El agua contaminada con micropl\u00e1sticos se someti\u00f3 a coagulaci\u00f3n y filtraci\u00f3n en un recipiente especial que reprodujo los procesos de tratamiento del agua a peque\u00f1a escala. A continuaci\u00f3n, se compararon los resultados con los de las mismas pruebas realizadas con agua tratada con sulfato de aluminio, un compuesto utilizado en los tratamientos tradicionales.<\/p>\n<p>&nbsp;<\/p>\n<p>Se utiliz\u00f3 un microscopio electr\u00f3nico de barrido (SEM) para contar las part\u00edculas de micropl\u00e1stico antes y despu\u00e9s del tratamiento. El tama\u00f1o de los fl\u00f3culos formados por los diferentes tratamientos se midi\u00f3 mediante una c\u00e1mara de alta velocidad y un rayo l\u00e1ser.<\/p>\n<p>&nbsp;<\/p>\n<p>\u201cDemostramos que el extracto de las semillas tiene un rendimiento similar al del sulfato de aluminio, que se utiliza en las plantas de tratamiento para coagular el agua que contiene micropl\u00e1sticos. En aguas m\u00e1s alcalinas, su rendimiento fue incluso mejor que el del producto qu\u00edmico\u201d, destaca Gabrielle Batista.<\/p>\n<p>&nbsp;<\/p>\n<p><span class=\"RichTextAlignCenter citewrapper\"><img decoding=\"async\" class=\"RichTextAlignCenter\" src=\"https:\/\/noticiasdelaciencia.com\/upload\/images\/04_2026\/7475_retirar-microplasticos-del-agua-mediante-arboles.jpg\" alt=\"[Img #78522]\" \/><\/span><\/p>\n<div class=\"imagefooterprint\"><\/div>\n<p>Un extracto a base de semillas del \u00e1rbol Moringa oleifera posee propiedades similares a las del sulfato de aluminio al usarlo para retirar micropl\u00e1sticos del agua. (Foto: Adriano Reis \/ ICT \/ UNESP)<\/p>\n<p>&nbsp;<\/p>\n<p>El estudio se titula \u201cRemoval of Microplastics from Drinking Water by Moringa oleifera Seed: Comparative Performance with Alum in Direct and in-Line Filtration Systems\u201d. Y se ha publicado en la revista acad\u00e9mica ACS Omega. (Fuente:\u00a0<a href=\"https:\/\/noticiasdelaciencia.com\/\">NCYT de Amazings<\/a>)<\/p>\n","protected":false},"excerpt":{"rendered":"<p>Los desechos de pl\u00e1stico se han convertido en un problema global. La producci\u00f3n y el uso de m\u00e1s de 400 &#8230;<\/p>\n","protected":false},"author":2,"featured_media":215945,"comment_status":"closed","ping_status":"closed","sticky":false,"template":"","format":"standard","meta":{"footnotes":""},"categories":[14],"tags":[],"class_list":["post-215944","post","type-post","status-publish","format-standard","has-post-thumbnail","hentry","category-ciencia-y-tecnologia"],"yoast_head":"<!-- This site is optimized with the Yoast SEO plugin v24.8.1 - https:\/\/yoast.com\/wordpress\/plugins\/seo\/ -->\n<title>Retirar micropl\u00e1sticos del agua mediante \u00e1rboles - PotenciaRadiofonicaDominicana.com<\/title>\n<meta name=\"robots\" content=\"index, follow, max-snippet:-1, max-image-preview:large, max-video-preview:-1\" \/>\n<link rel=\"canonical\" href=\"https:\/\/potenciaradiofonicadominicana.com\/portal\/retirar-microplasticos-del-agua-mediante-arboles\/\" \/>\n<meta property=\"og:locale\" content=\"es_ES\" \/>\n<meta property=\"og:type\" content=\"article\" \/>\n<meta property=\"og:title\" content=\"Retirar micropl\u00e1sticos del agua mediante \u00e1rboles - PotenciaRadiofonicaDominicana.com\" \/>\n<meta property=\"og:description\" content=\"Los desechos de pl\u00e1stico se han convertido en un problema global. La producci\u00f3n y el uso de m\u00e1s de 400 ...\" \/>\n<meta property=\"og:url\" content=\"https:\/\/potenciaradiofonicadominicana.com\/portal\/retirar-microplasticos-del-agua-mediante-arboles\/\" \/>\n<meta property=\"og:site_name\" content=\"PotenciaRadiofonicaDominicana.com\" \/>\n<meta property=\"article:publisher\" content=\"https:\/\/web.facebook.com\/PotenciaRadiofonicaD\" \/>\n<meta property=\"article:published_time\" content=\"2026-04-28T03:40:37+00:00\" \/>\n<meta property=\"og:image\" content=\"https:\/\/potenciaradiofonicadominicana.com\/portal\/wp-content\/uploads\/2026\/04\/7475_retirar-microplasticos-del-agua-mediante-arboles.jpg\" \/>\n\t<meta property=\"og:image:width\" content=\"670\" \/>\n\t<meta property=\"og:image:height\" content=\"437\" \/>\n\t<meta property=\"og:image:type\" content=\"image\/jpeg\" \/>\n<meta name=\"author\" content=\"Potencia Radiof\u00f3nica Dominicana\" \/>\n<meta name=\"twitter:card\" content=\"summary_large_image\" \/>\n<meta name=\"twitter:label1\" content=\"Escrito por\" \/>\n\t<meta name=\"twitter:data1\" content=\"Potencia Radiof\u00f3nica Dominicana\" \/>\n\t<meta name=\"twitter:label2\" content=\"Tiempo de lectura\" \/>\n\t<meta name=\"twitter:data2\" content=\"4 minutos\" \/>\n<script type=\"application\/ld+json\" class=\"yoast-schema-graph\">{\"@context\":\"https:\/\/schema.org\",\"@graph\":[{\"@type\":\"Article\",\"@id\":\"https:\/\/potenciaradiofonicadominicana.com\/portal\/retirar-microplasticos-del-agua-mediante-arboles\/#article\",\"isPartOf\":{\"@id\":\"https:\/\/potenciaradiofonicadominicana.com\/portal\/retirar-microplasticos-del-agua-mediante-arboles\/\"},\"author\":{\"name\":\"Potencia Radiof\u00f3nica Dominicana\",\"@id\":\"https:\/\/potenciaradiofonicadominicana.com\/portal\/#\/schema\/person\/a5cf1fea13877803ee0573ac18b03490\"},\"headline\":\"Retirar micropl\u00e1sticos del agua mediante \u00e1rboles\",\"datePublished\":\"2026-04-28T03:40:37+00:00\",\"mainEntityOfPage\":{\"@id\":\"https:\/\/potenciaradiofonicadominicana.com\/portal\/retirar-microplasticos-del-agua-mediante-arboles\/\"},\"wordCount\":626,\"publisher\":{\"@id\":\"https:\/\/potenciaradiofonicadominicana.com\/portal\/#organization\"},\"image\":{\"@id\":\"https:\/\/potenciaradiofonicadominicana.com\/portal\/retirar-microplasticos-del-agua-mediante-arboles\/#primaryimage\"},\"thumbnailUrl\":\"https:\/\/potenciaradiofonicadominicana.com\/portal\/wp-content\/uploads\/2026\/04\/7475_retirar-microplasticos-del-agua-mediante-arboles.jpg\",\"articleSection\":[\"Ciencia y Tecnolog\u00eda\"],\"inLanguage\":\"es\"},{\"@type\":\"WebPage\",\"@id\":\"https:\/\/potenciaradiofonicadominicana.com\/portal\/retirar-microplasticos-del-agua-mediante-arboles\/\",\"url\":\"https:\/\/potenciaradiofonicadominicana.com\/portal\/retirar-microplasticos-del-agua-mediante-arboles\/\",\"name\":\"Retirar micropl\u00e1sticos del agua mediante \u00e1rboles - PotenciaRadiofonicaDominicana.com\",\"isPartOf\":{\"@id\":\"https:\/\/potenciaradiofonicadominicana.com\/portal\/#website\"},\"primaryImageOfPage\":{\"@id\":\"https:\/\/potenciaradiofonicadominicana.com\/portal\/retirar-microplasticos-del-agua-mediante-arboles\/#primaryimage\"},\"image\":{\"@id\":\"https:\/\/potenciaradiofonicadominicana.com\/portal\/retirar-microplasticos-del-agua-mediante-arboles\/#primaryimage\"},\"thumbnailUrl\":\"https:\/\/potenciaradiofonicadominicana.com\/portal\/wp-content\/uploads\/2026\/04\/7475_retirar-microplasticos-del-agua-mediante-arboles.jpg\",\"datePublished\":\"2026-04-28T03:40:37+00:00\",\"breadcrumb\":{\"@id\":\"https:\/\/potenciaradiofonicadominicana.com\/portal\/retirar-microplasticos-del-agua-mediante-arboles\/#breadcrumb\"},\"inLanguage\":\"es\",\"potentialAction\":[{\"@type\":\"ReadAction\",\"target\":[\"https:\/\/potenciaradiofonicadominicana.com\/portal\/retirar-microplasticos-del-agua-mediante-arboles\/\"]}]},{\"@type\":\"ImageObject\",\"inLanguage\":\"es\",\"@id\":\"https:\/\/potenciaradiofonicadominicana.com\/portal\/retirar-microplasticos-del-agua-mediante-arboles\/#primaryimage\",\"url\":\"https:\/\/potenciaradiofonicadominicana.com\/portal\/wp-content\/uploads\/2026\/04\/7475_retirar-microplasticos-del-agua-mediante-arboles.jpg\",\"contentUrl\":\"https:\/\/potenciaradiofonicadominicana.com\/portal\/wp-content\/uploads\/2026\/04\/7475_retirar-microplasticos-del-agua-mediante-arboles.jpg\",\"width\":670,\"height\":437},{\"@type\":\"BreadcrumbList\",\"@id\":\"https:\/\/potenciaradiofonicadominicana.com\/portal\/retirar-microplasticos-del-agua-mediante-arboles\/#breadcrumb\",\"itemListElement\":[{\"@type\":\"ListItem\",\"position\":1,\"name\":\"Portada\",\"item\":\"https:\/\/potenciaradiofonicadominicana.com\/portal\/\"},{\"@type\":\"ListItem\",\"position\":2,\"name\":\"Retirar micropl\u00e1sticos del agua mediante \u00e1rboles\"}]},{\"@type\":\"WebSite\",\"@id\":\"https:\/\/potenciaradiofonicadominicana.com\/portal\/#website\",\"url\":\"https:\/\/potenciaradiofonicadominicana.com\/portal\/\",\"name\":\"PotenciaRadiofonicaDominicana.com\",\"description\":\"Peri\u00f3dico Digital\",\"publisher\":{\"@id\":\"https:\/\/potenciaradiofonicadominicana.com\/portal\/#organization\"},\"potentialAction\":[{\"@type\":\"SearchAction\",\"target\":{\"@type\":\"EntryPoint\",\"urlTemplate\":\"https:\/\/potenciaradiofonicadominicana.com\/portal\/?s={search_term_string}\"},\"query-input\":{\"@type\":\"PropertyValueSpecification\",\"valueRequired\":true,\"valueName\":\"search_term_string\"}}],\"inLanguage\":\"es\"},{\"@type\":\"Organization\",\"@id\":\"https:\/\/potenciaradiofonicadominicana.com\/portal\/#organization\",\"name\":\"PotenciaRadiofonicaDominicana.com\",\"url\":\"https:\/\/potenciaradiofonicadominicana.com\/portal\/\",\"logo\":{\"@type\":\"ImageObject\",\"inLanguage\":\"es\",\"@id\":\"https:\/\/potenciaradiofonicadominicana.com\/portal\/#\/schema\/logo\/image\/\",\"url\":\"https:\/\/potenciaradiofonicadominicana.com\/portal\/wp-content\/uploads\/2022\/01\/descarga.png\",\"contentUrl\":\"https:\/\/potenciaradiofonicadominicana.com\/portal\/wp-content\/uploads\/2022\/01\/descarga.png\",\"width\":300,\"height\":100,\"caption\":\"PotenciaRadiofonicaDominicana.com\"},\"image\":{\"@id\":\"https:\/\/potenciaradiofonicadominicana.com\/portal\/#\/schema\/logo\/image\/\"},\"sameAs\":[\"https:\/\/web.facebook.com\/PotenciaRadiofonicaD\"]},{\"@type\":\"Person\",\"@id\":\"https:\/\/potenciaradiofonicadominicana.com\/portal\/#\/schema\/person\/a5cf1fea13877803ee0573ac18b03490\",\"name\":\"Potencia Radiof\u00f3nica Dominicana\",\"image\":{\"@type\":\"ImageObject\",\"inLanguage\":\"es\",\"@id\":\"https:\/\/potenciaradiofonicadominicana.com\/portal\/#\/schema\/person\/image\/\",\"url\":\"https:\/\/secure.gravatar.com\/avatar\/42a55ab9e8ccc656ba34cd791990602a?s=96&d=mm&r=g\",\"contentUrl\":\"https:\/\/secure.gravatar.com\/avatar\/42a55ab9e8ccc656ba34cd791990602a?s=96&d=mm&r=g\",\"caption\":\"Potencia Radiof\u00f3nica Dominicana\"},\"url\":\"https:\/\/potenciaradiofonicadominicana.com\/portal\/author\/johannyalmanzar\/\"}]}<\/script>\n<!-- \/ Yoast SEO plugin. -->","yoast_head_json":{"title":"Retirar micropl\u00e1sticos del agua mediante \u00e1rboles - PotenciaRadiofonicaDominicana.com","robots":{"index":"index","follow":"follow","max-snippet":"max-snippet:-1","max-image-preview":"max-image-preview:large","max-video-preview":"max-video-preview:-1"},"canonical":"https:\/\/potenciaradiofonicadominicana.com\/portal\/retirar-microplasticos-del-agua-mediante-arboles\/","og_locale":"es_ES","og_type":"article","og_title":"Retirar micropl\u00e1sticos del agua mediante \u00e1rboles - PotenciaRadiofonicaDominicana.com","og_description":"Los desechos de pl\u00e1stico se han convertido en un problema global. La producci\u00f3n y el uso de m\u00e1s de 400 ...","og_url":"https:\/\/potenciaradiofonicadominicana.com\/portal\/retirar-microplasticos-del-agua-mediante-arboles\/","og_site_name":"PotenciaRadiofonicaDominicana.com","article_publisher":"https:\/\/web.facebook.com\/PotenciaRadiofonicaD","article_published_time":"2026-04-28T03:40:37+00:00","og_image":[{"width":670,"height":437,"url":"https:\/\/potenciaradiofonicadominicana.com\/portal\/wp-content\/uploads\/2026\/04\/7475_retirar-microplasticos-del-agua-mediante-arboles.jpg","type":"image\/jpeg"}],"author":"Potencia Radiof\u00f3nica Dominicana","twitter_card":"summary_large_image","twitter_misc":{"Escrito por":"Potencia Radiof\u00f3nica Dominicana","Tiempo de lectura":"4 minutos"},"schema":{"@context":"https:\/\/schema.org","@graph":[{"@type":"Article","@id":"https:\/\/potenciaradiofonicadominicana.com\/portal\/retirar-microplasticos-del-agua-mediante-arboles\/#article","isPartOf":{"@id":"https:\/\/potenciaradiofonicadominicana.com\/portal\/retirar-microplasticos-del-agua-mediante-arboles\/"},"author":{"name":"Potencia Radiof\u00f3nica Dominicana","@id":"https:\/\/potenciaradiofonicadominicana.com\/portal\/#\/schema\/person\/a5cf1fea13877803ee0573ac18b03490"},"headline":"Retirar micropl\u00e1sticos del agua mediante \u00e1rboles","datePublished":"2026-04-28T03:40:37+00:00","mainEntityOfPage":{"@id":"https:\/\/potenciaradiofonicadominicana.com\/portal\/retirar-microplasticos-del-agua-mediante-arboles\/"},"wordCount":626,"publisher":{"@id":"https:\/\/potenciaradiofonicadominicana.com\/portal\/#organization"},"image":{"@id":"https:\/\/potenciaradiofonicadominicana.com\/portal\/retirar-microplasticos-del-agua-mediante-arboles\/#primaryimage"},"thumbnailUrl":"https:\/\/potenciaradiofonicadominicana.com\/portal\/wp-content\/uploads\/2026\/04\/7475_retirar-microplasticos-del-agua-mediante-arboles.jpg","articleSection":["Ciencia y Tecnolog\u00eda"],"inLanguage":"es"},{"@type":"WebPage","@id":"https:\/\/potenciaradiofonicadominicana.com\/portal\/retirar-microplasticos-del-agua-mediante-arboles\/","url":"https:\/\/potenciaradiofonicadominicana.com\/portal\/retirar-microplasticos-del-agua-mediante-arboles\/","name":"Retirar micropl\u00e1sticos del agua mediante \u00e1rboles - PotenciaRadiofonicaDominicana.com","isPartOf":{"@id":"https:\/\/potenciaradiofonicadominicana.com\/portal\/#website"},"primaryImageOfPage":{"@id":"https:\/\/potenciaradiofonicadominicana.com\/portal\/retirar-microplasticos-del-agua-mediante-arboles\/#primaryimage"},"image":{"@id":"https:\/\/potenciaradiofonicadominicana.com\/portal\/retirar-microplasticos-del-agua-mediante-arboles\/#primaryimage"},"thumbnailUrl":"https:\/\/potenciaradiofonicadominicana.com\/portal\/wp-content\/uploads\/2026\/04\/7475_retirar-microplasticos-del-agua-mediante-arboles.jpg","datePublished":"2026-04-28T03:40:37+00:00","breadcrumb":{"@id":"https:\/\/potenciaradiofonicadominicana.com\/portal\/retirar-microplasticos-del-agua-mediante-arboles\/#breadcrumb"},"inLanguage":"es","potentialAction":[{"@type":"ReadAction","target":["https:\/\/potenciaradiofonicadominicana.com\/portal\/retirar-microplasticos-del-agua-mediante-arboles\/"]}]},{"@type":"ImageObject","inLanguage":"es","@id":"https:\/\/potenciaradiofonicadominicana.com\/portal\/retirar-microplasticos-del-agua-mediante-arboles\/#primaryimage","url":"https:\/\/potenciaradiofonicadominicana.com\/portal\/wp-content\/uploads\/2026\/04\/7475_retirar-microplasticos-del-agua-mediante-arboles.jpg","contentUrl":"https:\/\/potenciaradiofonicadominicana.com\/portal\/wp-content\/uploads\/2026\/04\/7475_retirar-microplasticos-del-agua-mediante-arboles.jpg","width":670,"height":437},{"@type":"BreadcrumbList","@id":"https:\/\/potenciaradiofonicadominicana.com\/portal\/retirar-microplasticos-del-agua-mediante-arboles\/#breadcrumb","itemListElement":[{"@type":"ListItem","position":1,"name":"Portada","item":"https:\/\/potenciaradiofonicadominicana.com\/portal\/"},{"@type":"ListItem","position":2,"name":"Retirar micropl\u00e1sticos del agua mediante \u00e1rboles"}]},{"@type":"WebSite","@id":"https:\/\/potenciaradiofonicadominicana.com\/portal\/#website","url":"https:\/\/potenciaradiofonicadominicana.com\/portal\/","name":"PotenciaRadiofonicaDominicana.com","description":"Peri\u00f3dico Digital","publisher":{"@id":"https:\/\/potenciaradiofonicadominicana.com\/portal\/#organization"},"potentialAction":[{"@type":"SearchAction","target":{"@type":"EntryPoint","urlTemplate":"https:\/\/potenciaradiofonicadominicana.com\/portal\/?s={search_term_string}"},"query-input":{"@type":"PropertyValueSpecification","valueRequired":true,"valueName":"search_term_string"}}],"inLanguage":"es"},{"@type":"Organization","@id":"https:\/\/potenciaradiofonicadominicana.com\/portal\/#organization","name":"PotenciaRadiofonicaDominicana.com","url":"https:\/\/potenciaradiofonicadominicana.com\/portal\/","logo":{"@type":"ImageObject","inLanguage":"es","@id":"https:\/\/potenciaradiofonicadominicana.com\/portal\/#\/schema\/logo\/image\/","url":"https:\/\/potenciaradiofonicadominicana.com\/portal\/wp-content\/uploads\/2022\/01\/descarga.png","contentUrl":"https:\/\/potenciaradiofonicadominicana.com\/portal\/wp-content\/uploads\/2022\/01\/descarga.png","width":300,"height":100,"caption":"PotenciaRadiofonicaDominicana.com"},"image":{"@id":"https:\/\/potenciaradiofonicadominicana.com\/portal\/#\/schema\/logo\/image\/"},"sameAs":["https:\/\/web.facebook.com\/PotenciaRadiofonicaD"]},{"@type":"Person","@id":"https:\/\/potenciaradiofonicadominicana.com\/portal\/#\/schema\/person\/a5cf1fea13877803ee0573ac18b03490","name":"Potencia Radiof\u00f3nica Dominicana","image":{"@type":"ImageObject","inLanguage":"es","@id":"https:\/\/potenciaradiofonicadominicana.com\/portal\/#\/schema\/person\/image\/","url":"https:\/\/secure.gravatar.com\/avatar\/42a55ab9e8ccc656ba34cd791990602a?s=96&d=mm&r=g","contentUrl":"https:\/\/secure.gravatar.com\/avatar\/42a55ab9e8ccc656ba34cd791990602a?s=96&d=mm&r=g","caption":"Potencia Radiof\u00f3nica Dominicana"},"url":"https:\/\/potenciaradiofonicadominicana.com\/portal\/author\/johannyalmanzar\/"}]}},"_links":{"self":[{"href":"https:\/\/potenciaradiofonicadominicana.com\/portal\/wp-json\/wp\/v2\/posts\/215944","targetHints":{"allow":["GET"]}}],"collection":[{"href":"https:\/\/potenciaradiofonicadominicana.com\/portal\/wp-json\/wp\/v2\/posts"}],"about":[{"href":"https:\/\/potenciaradiofonicadominicana.com\/portal\/wp-json\/wp\/v2\/types\/post"}],"author":[{"embeddable":true,"href":"https:\/\/potenciaradiofonicadominicana.com\/portal\/wp-json\/wp\/v2\/users\/2"}],"replies":[{"embeddable":true,"href":"https:\/\/potenciaradiofonicadominicana.com\/portal\/wp-json\/wp\/v2\/comments?post=215944"}],"version-history":[{"count":1,"href":"https:\/\/potenciaradiofonicadominicana.com\/portal\/wp-json\/wp\/v2\/posts\/215944\/revisions"}],"predecessor-version":[{"id":215946,"href":"https:\/\/potenciaradiofonicadominicana.com\/portal\/wp-json\/wp\/v2\/posts\/215944\/revisions\/215946"}],"wp:featuredmedia":[{"embeddable":true,"href":"https:\/\/potenciaradiofonicadominicana.com\/portal\/wp-json\/wp\/v2\/media\/215945"}],"wp:attachment":[{"href":"https:\/\/potenciaradiofonicadominicana.com\/portal\/wp-json\/wp\/v2\/media?parent=215944"}],"wp:term":[{"taxonomy":"category","embeddable":true,"href":"https:\/\/potenciaradiofonicadominicana.com\/portal\/wp-json\/wp\/v2\/categories?post=215944"},{"taxonomy":"post_tag","embeddable":true,"href":"https:\/\/potenciaradiofonicadominicana.com\/portal\/wp-json\/wp\/v2\/tags?post=215944"}],"curies":[{"name":"wp","href":"https:\/\/api.w.org\/{rel}","templated":true}]}}