{"id":215938,"date":"2026-04-27T23:36:29","date_gmt":"2026-04-28T03:36:29","guid":{"rendered":"https:\/\/potenciaradiofonicadominicana.com\/portal\/?p=215938"},"modified":"2026-04-27T23:36:29","modified_gmt":"2026-04-28T03:36:29","slug":"paneles-solares-aerotermia-cargadores-de-coche-comunidades-energeticas","status":"publish","type":"post","link":"https:\/\/potenciaradiofonicadominicana.com\/portal\/paneles-solares-aerotermia-cargadores-de-coche-comunidades-energeticas\/","title":{"rendered":"Paneles solares, aerotermia, cargadores de coche, comunidades energ\u00e9ticas"},"content":{"rendered":"<p><a href=\"https:\/\/potenciaradiofonicadominicana.com\/portal\/wp-content\/uploads\/2026\/04\/8879_chvibhmzndixodvvcmrlcmltz3nlbgzzzxj2awnlmg.jpg\"><img loading=\"lazy\" decoding=\"async\" class=\"alignnone size-full wp-image-215939\" src=\"https:\/\/potenciaradiofonicadominicana.com\/portal\/wp-content\/uploads\/2026\/04\/8879_chvibhmzndixodvvcmrlcmltz3nlbgzzzxj2awnlmg.jpg\" alt=\"\" width=\"450\" height=\"600\" srcset=\"https:\/\/potenciaradiofonicadominicana.com\/portal\/wp-content\/uploads\/2026\/04\/8879_chvibhmzndixodvvcmrlcmltz3nlbgzzzxj2awnlmg.jpg 450w, https:\/\/potenciaradiofonicadominicana.com\/portal\/wp-content\/uploads\/2026\/04\/8879_chvibhmzndixodvvcmrlcmltz3nlbgzzzxj2awnlmg-225x300.jpg 225w\" sizes=\"auto, (max-width: 450px) 100vw, 450px\" \/><\/a><\/p>\n<p>La forma en la que consumimos energ\u00eda est\u00e1 cambiando. La subida de costes, la necesidad de reducir emisiones y el avance tecnol\u00f3gico han impulsado nuevas soluciones que permiten a particulares y empresas tener un mayor control sobre su consumo. En este escenario, compa\u00f1\u00edas especializadas han adquirido un papel relevante al facilitar el acceso a tecnolog\u00edas m\u00e1s eficientes y sostenibles.<\/p>\n<p>&nbsp;<\/p>\n<p>Instalaciones Porcuna se ha posicionado en este contexto como un actor consolidado, centrado en integrar distintas soluciones energ\u00e9ticas dentro de un mismo enfoque.<\/p>\n<p>&nbsp;<\/p>\n<h2>Energ\u00eda solar como base del autoconsumo<\/h2>\n<p>&nbsp;<\/p>\n<p>La instalaci\u00f3n de paneles solares se ha convertido en una de las opciones m\u00e1s extendidas para reducir la dependencia de la red el\u00e9ctrica. Este sistema permite generar energ\u00eda limpia directamente en el punto de consumo, lo que se traduce en un ahorro econ\u00f3mico y una menor huella ambiental.<\/p>\n<p>&nbsp;<\/p>\n<p><strong>El autoconsumo energ\u00e9tico ofrece estabilidad frente a la volatilidad de los precios<\/strong>, algo especialmente valorado en entornos empresariales y residenciales.<\/p>\n<div class=\"google-auto-placed ap_container\"><ins class=\"adsbygoogle adsbygoogle-noablate\" data-ad-format=\"auto\" data-ad-client=\"ca-pub-5663005764905852\" data-adsbygoogle-status=\"done\" data-ad-status=\"unfill-optimized\"><\/p>\n<div id=\"aswift_1_host\">\n<div class=\"google-aiuf\" data-google-ad-efd=\"true\">\n<div class=\"goog-rentries\">\n<div><\/div>\n<\/div>\n<\/div>\n<\/div>\n<p><\/ins><\/div>\n<p>Adem\u00e1s, los avances en almacenamiento y monitorizaci\u00f3n han mejorado la eficiencia de estas instalaciones, permitiendo aprovechar mejor la energ\u00eda generada durante todo el d\u00eda.<\/p>\n<p>&nbsp;<\/p>\n<p><span class=\"RichTextAlignCenter citewrapper\"><img decoding=\"async\" class=\"RichTextAlignCenter\" src=\"https:\/\/noticiasdelaciencia.com\/upload\/images\/04_2026\/4106_chvibhmzndixodvvcmrlcmltz3nlbgzzzxj2awnlmq.jpg\" alt=\"[Img #78584]\" \/><\/span><\/p>\n<div class=\"imagefooterprint\"><\/div>\n<p>&nbsp;<\/p>\n<h2>Aerotermia eficiencia energ\u00e9tica en climatizaci\u00f3n<\/h2>\n<p>&nbsp;<\/p>\n<p>La climatizaci\u00f3n es uno de los principales focos de consumo energ\u00e9tico. En este \u00e1mbito, la\u00a0<a class=\"decorated-link nullref\" href=\"https:\/\/instalacionesporcuna.es\/instalacion-aerotermia\/\">AEROTERMIA<\/a>\u00a0se presenta como una alternativa eficiente frente a sistemas tradicionales.<\/p>\n<p>&nbsp;<\/p>\n<p>Este sistema aprovecha la energ\u00eda del aire exterior para generar calefacci\u00f3n, refrigeraci\u00f3n y agua caliente sanitaria. Su funcionamiento permite reducir significativamente el consumo energ\u00e9tico sin renunciar al confort.<\/p>\n<div class=\"google-auto-placed ap_container\"><ins class=\"adsbygoogle adsbygoogle-noablate\" data-ad-format=\"auto\" data-ad-client=\"ca-pub-5663005764905852\" data-adsbygoogle-status=\"done\" data-ad-status=\"unfill-optimized\"><\/p>\n<div id=\"aswift_2_host\">\n<div class=\"google-aiuf\" data-google-ad-efd=\"true\">\n<div class=\"goog-rentries\">\n<div><\/div>\n<\/div>\n<\/div>\n<\/div>\n<p><\/ins><\/div>\n<p><strong>La aerotermia destaca por su capacidad de ofrecer un rendimiento elevado con un impacto ambiental reducido<\/strong>, lo que la convierte en una opci\u00f3n cada vez m\u00e1s presente en nuevas instalaciones y rehabilitaciones. Adem\u00e1s, su integraci\u00f3n con sistemas de energ\u00eda solar permite optimizar a\u00fan m\u00e1s el rendimiento global de la vivienda o negocio.<\/p>\n<p>&nbsp;<\/p>\n<h2>Infraestructura para movilidad el\u00e9ctrica<\/h2>\n<p>&nbsp;<\/p>\n<p>La transici\u00f3n hacia veh\u00edculos el\u00e9ctricos ha generado una nueva necesidad: disponer de puntos de recarga accesibles y eficientes. En este contexto, la instalaci\u00f3n de\u00a0<a class=\"decorated-link nullref\" href=\"https:\/\/instalacionesporcuna.es\/cargadores-para-vehiculos-electricos\/\">CARGADORES DE COCHE<\/a>\u00a0se ha convertido en un elemento clave.<\/p>\n<p>&nbsp;<\/p>\n<p>Estos sistemas permiten cargar el veh\u00edculo de forma segura tanto en entornos dom\u00e9sticos como en instalaciones empresariales. Su implantaci\u00f3n facilita el uso diario del veh\u00edculo el\u00e9ctrico, eliminando barreras operativas.<\/p>\n<p>&nbsp;<\/p>\n<p><strong>La infraestructura de recarga es esencial para consolidar un modelo de movilidad m\u00e1s sostenible<\/strong>, adaptado a las necesidades actuales. Adem\u00e1s, la combinaci\u00f3n con energ\u00eda renovable permite reducir a\u00fan m\u00e1s el impacto ambiental del transporte.<\/p>\n<p>&nbsp;<\/p>\n<p><span class=\"RichTextAlignCenter citewrapper\"><img decoding=\"async\" class=\"RichTextAlignCenter\" src=\"https:\/\/noticiasdelaciencia.com\/upload\/images\/04_2026\/1991_chvibhmzndixodvvcmrlcmltz3nlbgzzzxj2awnl.jpg\" alt=\"[Img #78583]\" \/><\/span><\/p>\n<div class=\"imagefooterprint\"><\/div>\n<p>&nbsp;<\/p>\n<h2>Comunidades energ\u00e9ticas un modelo colaborativo<\/h2>\n<p>&nbsp;<\/p>\n<p>Uno de los desarrollos m\u00e1s relevantes en el \u00e1mbito energ\u00e9tico es el impulso de las\u00a0<a class=\"decorated-link nullref\" href=\"https:\/\/instalacionesporcuna.es\/comunidades-energeticas-locales\/\">COMUNIDADES ENERG\u00c9TICAS<\/a>. Este modelo permite a vecinos, empresas o entidades compartir la energ\u00eda generada de forma colectiva.<\/p>\n<p>&nbsp;<\/p>\n<p><strong>La gesti\u00f3n compartida de la energ\u00eda fomenta la autosuficiencia y reduce la dependencia de grandes operadores<\/strong>, generando beneficios tanto econ\u00f3micos como sociales.<\/p>\n<div class=\"google-auto-placed ap_container\"><ins class=\"adsbygoogle adsbygoogle-noablate\" data-ad-format=\"auto\" data-ad-client=\"ca-pub-5663005764905852\" data-adsbygoogle-status=\"done\" data-ad-status=\"unfill-optimized\"><\/p>\n<div id=\"aswift_3_host\">\n<div class=\"google-aiuf\" data-google-ad-efd=\"true\">\n<div class=\"goog-rentries\">\n<div><\/div>\n<\/div>\n<\/div>\n<\/div>\n<p><\/ins><\/div>\n<p>Este enfoque facilita el acceso a la energ\u00eda renovable a usuarios que, de forma individual, tendr\u00edan m\u00e1s dificultades para implementarla. Adem\u00e1s, promueve una mayor concienciaci\u00f3n sobre el consumo energ\u00e9tico. Las comunidades energ\u00e9ticas tambi\u00e9n contribuyen al desarrollo local, al impulsar proyectos sostenibles en entornos pr\u00f3ximos.<\/p>\n<p>&nbsp;<\/p>\n<h2>Integraci\u00f3n de soluciones para un modelo m\u00e1s eficiente<\/h2>\n<p>&nbsp;<\/p>\n<p>El valor diferencial de este tipo de propuestas reside en la integraci\u00f3n de distintas tecnolog\u00edas dentro de un mismo sistema. Paneles solares, aerotermia, puntos de recarga y gesti\u00f3n compartida no funcionan de forma aislada, sino como parte de un modelo energ\u00e9tico m\u00e1s amplio.<\/p>\n<p>&nbsp;<\/p>\n<p><strong>La combinaci\u00f3n de estas soluciones permite optimizar el consumo, reducir costes y avanzar hacia un modelo m\u00e1s sostenible<\/strong>, tanto en viviendas como en empresas.<\/p>\n<p>Este enfoque integral responde a una demanda creciente: contar con sistemas que no solo reduzcan el gasto energ\u00e9tico, sino que tambi\u00e9n aporten autonom\u00eda y estabilidad a largo plazo.<\/p>\n","protected":false},"excerpt":{"rendered":"<p>La forma en la que consumimos energ\u00eda est\u00e1 cambiando. La subida de costes, la necesidad de reducir emisiones y el &#8230;<\/p>\n","protected":false},"author":2,"featured_media":215939,"comment_status":"closed","ping_status":"closed","sticky":false,"template":"","format":"standard","meta":{"footnotes":""},"categories":[14],"tags":[],"class_list":["post-215938","post","type-post","status-publish","format-standard","has-post-thumbnail","hentry","category-ciencia-y-tecnologia"],"yoast_head":"<!-- This site is optimized with the Yoast SEO plugin v24.8.1 - https:\/\/yoast.com\/wordpress\/plugins\/seo\/ -->\n<title>Paneles solares, aerotermia, cargadores de coche, comunidades energ\u00e9ticas - PotenciaRadiofonicaDominicana.com<\/title>\n<meta name=\"robots\" content=\"index, follow, max-snippet:-1, max-image-preview:large, max-video-preview:-1\" \/>\n<link rel=\"canonical\" href=\"https:\/\/potenciaradiofonicadominicana.com\/portal\/paneles-solares-aerotermia-cargadores-de-coche-comunidades-energeticas\/\" \/>\n<meta property=\"og:locale\" content=\"es_ES\" \/>\n<meta property=\"og:type\" content=\"article\" \/>\n<meta property=\"og:title\" content=\"Paneles solares, aerotermia, cargadores de coche, comunidades energ\u00e9ticas - PotenciaRadiofonicaDominicana.com\" \/>\n<meta property=\"og:description\" content=\"La forma en la que consumimos energ\u00eda est\u00e1 cambiando. La subida de costes, la necesidad de reducir emisiones y el ...\" \/>\n<meta property=\"og:url\" content=\"https:\/\/potenciaradiofonicadominicana.com\/portal\/paneles-solares-aerotermia-cargadores-de-coche-comunidades-energeticas\/\" \/>\n<meta property=\"og:site_name\" content=\"PotenciaRadiofonicaDominicana.com\" \/>\n<meta property=\"article:publisher\" content=\"https:\/\/web.facebook.com\/PotenciaRadiofonicaD\" \/>\n<meta property=\"article:published_time\" content=\"2026-04-28T03:36:29+00:00\" \/>\n<meta property=\"og:image\" content=\"https:\/\/potenciaradiofonicadominicana.com\/portal\/wp-content\/uploads\/2026\/04\/8879_chvibhmzndixodvvcmrlcmltz3nlbgzzzxj2awnlmg.jpg\" \/>\n\t<meta property=\"og:image:width\" content=\"450\" \/>\n\t<meta property=\"og:image:height\" content=\"600\" \/>\n\t<meta property=\"og:image:type\" content=\"image\/jpeg\" \/>\n<meta name=\"author\" content=\"Potencia Radiof\u00f3nica Dominicana\" \/>\n<meta name=\"twitter:card\" content=\"summary_large_image\" \/>\n<meta name=\"twitter:label1\" content=\"Escrito por\" \/>\n\t<meta name=\"twitter:data1\" content=\"Potencia Radiof\u00f3nica Dominicana\" \/>\n\t<meta name=\"twitter:label2\" content=\"Tiempo de lectura\" \/>\n\t<meta name=\"twitter:data2\" content=\"4 minutos\" \/>\n<script type=\"application\/ld+json\" class=\"yoast-schema-graph\">{\"@context\":\"https:\/\/schema.org\",\"@graph\":[{\"@type\":\"Article\",\"@id\":\"https:\/\/potenciaradiofonicadominicana.com\/portal\/paneles-solares-aerotermia-cargadores-de-coche-comunidades-energeticas\/#article\",\"isPartOf\":{\"@id\":\"https:\/\/potenciaradiofonicadominicana.com\/portal\/paneles-solares-aerotermia-cargadores-de-coche-comunidades-energeticas\/\"},\"author\":{\"name\":\"Potencia Radiof\u00f3nica Dominicana\",\"@id\":\"https:\/\/potenciaradiofonicadominicana.com\/portal\/#\/schema\/person\/a5cf1fea13877803ee0573ac18b03490\"},\"headline\":\"Paneles solares, aerotermia, cargadores de coche, comunidades energ\u00e9ticas\",\"datePublished\":\"2026-04-28T03:36:29+00:00\",\"mainEntityOfPage\":{\"@id\":\"https:\/\/potenciaradiofonicadominicana.com\/portal\/paneles-solares-aerotermia-cargadores-de-coche-comunidades-energeticas\/\"},\"wordCount\":703,\"publisher\":{\"@id\":\"https:\/\/potenciaradiofonicadominicana.com\/portal\/#organization\"},\"image\":{\"@id\":\"https:\/\/potenciaradiofonicadominicana.com\/portal\/paneles-solares-aerotermia-cargadores-de-coche-comunidades-energeticas\/#primaryimage\"},\"thumbnailUrl\":\"https:\/\/potenciaradiofonicadominicana.com\/portal\/wp-content\/uploads\/2026\/04\/8879_chvibhmzndixodvvcmrlcmltz3nlbgzzzxj2awnlmg.jpg\",\"articleSection\":[\"Ciencia y Tecnolog\u00eda\"],\"inLanguage\":\"es\"},{\"@type\":\"WebPage\",\"@id\":\"https:\/\/potenciaradiofonicadominicana.com\/portal\/paneles-solares-aerotermia-cargadores-de-coche-comunidades-energeticas\/\",\"url\":\"https:\/\/potenciaradiofonicadominicana.com\/portal\/paneles-solares-aerotermia-cargadores-de-coche-comunidades-energeticas\/\",\"name\":\"Paneles solares, aerotermia, cargadores de coche, comunidades energ\u00e9ticas - PotenciaRadiofonicaDominicana.com\",\"isPartOf\":{\"@id\":\"https:\/\/potenciaradiofonicadominicana.com\/portal\/#website\"},\"primaryImageOfPage\":{\"@id\":\"https:\/\/potenciaradiofonicadominicana.com\/portal\/paneles-solares-aerotermia-cargadores-de-coche-comunidades-energeticas\/#primaryimage\"},\"image\":{\"@id\":\"https:\/\/potenciaradiofonicadominicana.com\/portal\/paneles-solares-aerotermia-cargadores-de-coche-comunidades-energeticas\/#primaryimage\"},\"thumbnailUrl\":\"https:\/\/potenciaradiofonicadominicana.com\/portal\/wp-content\/uploads\/2026\/04\/8879_chvibhmzndixodvvcmrlcmltz3nlbgzzzxj2awnlmg.jpg\",\"datePublished\":\"2026-04-28T03:36:29+00:00\",\"breadcrumb\":{\"@id\":\"https:\/\/potenciaradiofonicadominicana.com\/portal\/paneles-solares-aerotermia-cargadores-de-coche-comunidades-energeticas\/#breadcrumb\"},\"inLanguage\":\"es\",\"potentialAction\":[{\"@type\":\"ReadAction\",\"target\":[\"https:\/\/potenciaradiofonicadominicana.com\/portal\/paneles-solares-aerotermia-cargadores-de-coche-comunidades-energeticas\/\"]}]},{\"@type\":\"ImageObject\",\"inLanguage\":\"es\",\"@id\":\"https:\/\/potenciaradiofonicadominicana.com\/portal\/paneles-solares-aerotermia-cargadores-de-coche-comunidades-energeticas\/#primaryimage\",\"url\":\"https:\/\/potenciaradiofonicadominicana.com\/portal\/wp-content\/uploads\/2026\/04\/8879_chvibhmzndixodvvcmrlcmltz3nlbgzzzxj2awnlmg.jpg\",\"contentUrl\":\"https:\/\/potenciaradiofonicadominicana.com\/portal\/wp-content\/uploads\/2026\/04\/8879_chvibhmzndixodvvcmrlcmltz3nlbgzzzxj2awnlmg.jpg\",\"width\":450,\"height\":600},{\"@type\":\"BreadcrumbList\",\"@id\":\"https:\/\/potenciaradiofonicadominicana.com\/portal\/paneles-solares-aerotermia-cargadores-de-coche-comunidades-energeticas\/#breadcrumb\",\"itemListElement\":[{\"@type\":\"ListItem\",\"position\":1,\"name\":\"Portada\",\"item\":\"https:\/\/potenciaradiofonicadominicana.com\/portal\/\"},{\"@type\":\"ListItem\",\"position\":2,\"name\":\"Paneles solares, aerotermia, cargadores de coche, comunidades energ\u00e9ticas\"}]},{\"@type\":\"WebSite\",\"@id\":\"https:\/\/potenciaradiofonicadominicana.com\/portal\/#website\",\"url\":\"https:\/\/potenciaradiofonicadominicana.com\/portal\/\",\"name\":\"PotenciaRadiofonicaDominicana.com\",\"description\":\"Peri\u00f3dico Digital\",\"publisher\":{\"@id\":\"https:\/\/potenciaradiofonicadominicana.com\/portal\/#organization\"},\"potentialAction\":[{\"@type\":\"SearchAction\",\"target\":{\"@type\":\"EntryPoint\",\"urlTemplate\":\"https:\/\/potenciaradiofonicadominicana.com\/portal\/?s={search_term_string}\"},\"query-input\":{\"@type\":\"PropertyValueSpecification\",\"valueRequired\":true,\"valueName\":\"search_term_string\"}}],\"inLanguage\":\"es\"},{\"@type\":\"Organization\",\"@id\":\"https:\/\/potenciaradiofonicadominicana.com\/portal\/#organization\",\"name\":\"PotenciaRadiofonicaDominicana.com\",\"url\":\"https:\/\/potenciaradiofonicadominicana.com\/portal\/\",\"logo\":{\"@type\":\"ImageObject\",\"inLanguage\":\"es\",\"@id\":\"https:\/\/potenciaradiofonicadominicana.com\/portal\/#\/schema\/logo\/image\/\",\"url\":\"https:\/\/potenciaradiofonicadominicana.com\/portal\/wp-content\/uploads\/2022\/01\/descarga.png\",\"contentUrl\":\"https:\/\/potenciaradiofonicadominicana.com\/portal\/wp-content\/uploads\/2022\/01\/descarga.png\",\"width\":300,\"height\":100,\"caption\":\"PotenciaRadiofonicaDominicana.com\"},\"image\":{\"@id\":\"https:\/\/potenciaradiofonicadominicana.com\/portal\/#\/schema\/logo\/image\/\"},\"sameAs\":[\"https:\/\/web.facebook.com\/PotenciaRadiofonicaD\"]},{\"@type\":\"Person\",\"@id\":\"https:\/\/potenciaradiofonicadominicana.com\/portal\/#\/schema\/person\/a5cf1fea13877803ee0573ac18b03490\",\"name\":\"Potencia Radiof\u00f3nica Dominicana\",\"image\":{\"@type\":\"ImageObject\",\"inLanguage\":\"es\",\"@id\":\"https:\/\/potenciaradiofonicadominicana.com\/portal\/#\/schema\/person\/image\/\",\"url\":\"https:\/\/secure.gravatar.com\/avatar\/42a55ab9e8ccc656ba34cd791990602a?s=96&d=mm&r=g\",\"contentUrl\":\"https:\/\/secure.gravatar.com\/avatar\/42a55ab9e8ccc656ba34cd791990602a?s=96&d=mm&r=g\",\"caption\":\"Potencia Radiof\u00f3nica Dominicana\"},\"url\":\"https:\/\/potenciaradiofonicadominicana.com\/portal\/author\/johannyalmanzar\/\"}]}<\/script>\n<!-- \/ Yoast SEO plugin. -->","yoast_head_json":{"title":"Paneles solares, aerotermia, cargadores de coche, comunidades energ\u00e9ticas - PotenciaRadiofonicaDominicana.com","robots":{"index":"index","follow":"follow","max-snippet":"max-snippet:-1","max-image-preview":"max-image-preview:large","max-video-preview":"max-video-preview:-1"},"canonical":"https:\/\/potenciaradiofonicadominicana.com\/portal\/paneles-solares-aerotermia-cargadores-de-coche-comunidades-energeticas\/","og_locale":"es_ES","og_type":"article","og_title":"Paneles solares, aerotermia, cargadores de coche, comunidades energ\u00e9ticas - PotenciaRadiofonicaDominicana.com","og_description":"La forma en la que consumimos energ\u00eda est\u00e1 cambiando. La subida de costes, la necesidad de reducir emisiones y el ...","og_url":"https:\/\/potenciaradiofonicadominicana.com\/portal\/paneles-solares-aerotermia-cargadores-de-coche-comunidades-energeticas\/","og_site_name":"PotenciaRadiofonicaDominicana.com","article_publisher":"https:\/\/web.facebook.com\/PotenciaRadiofonicaD","article_published_time":"2026-04-28T03:36:29+00:00","og_image":[{"width":450,"height":600,"url":"https:\/\/potenciaradiofonicadominicana.com\/portal\/wp-content\/uploads\/2026\/04\/8879_chvibhmzndixodvvcmrlcmltz3nlbgzzzxj2awnlmg.jpg","type":"image\/jpeg"}],"author":"Potencia Radiof\u00f3nica Dominicana","twitter_card":"summary_large_image","twitter_misc":{"Escrito por":"Potencia Radiof\u00f3nica Dominicana","Tiempo de lectura":"4 minutos"},"schema":{"@context":"https:\/\/schema.org","@graph":[{"@type":"Article","@id":"https:\/\/potenciaradiofonicadominicana.com\/portal\/paneles-solares-aerotermia-cargadores-de-coche-comunidades-energeticas\/#article","isPartOf":{"@id":"https:\/\/potenciaradiofonicadominicana.com\/portal\/paneles-solares-aerotermia-cargadores-de-coche-comunidades-energeticas\/"},"author":{"name":"Potencia Radiof\u00f3nica Dominicana","@id":"https:\/\/potenciaradiofonicadominicana.com\/portal\/#\/schema\/person\/a5cf1fea13877803ee0573ac18b03490"},"headline":"Paneles solares, aerotermia, cargadores de coche, comunidades energ\u00e9ticas","datePublished":"2026-04-28T03:36:29+00:00","mainEntityOfPage":{"@id":"https:\/\/potenciaradiofonicadominicana.com\/portal\/paneles-solares-aerotermia-cargadores-de-coche-comunidades-energeticas\/"},"wordCount":703,"publisher":{"@id":"https:\/\/potenciaradiofonicadominicana.com\/portal\/#organization"},"image":{"@id":"https:\/\/potenciaradiofonicadominicana.com\/portal\/paneles-solares-aerotermia-cargadores-de-coche-comunidades-energeticas\/#primaryimage"},"thumbnailUrl":"https:\/\/potenciaradiofonicadominicana.com\/portal\/wp-content\/uploads\/2026\/04\/8879_chvibhmzndixodvvcmrlcmltz3nlbgzzzxj2awnlmg.jpg","articleSection":["Ciencia y Tecnolog\u00eda"],"inLanguage":"es"},{"@type":"WebPage","@id":"https:\/\/potenciaradiofonicadominicana.com\/portal\/paneles-solares-aerotermia-cargadores-de-coche-comunidades-energeticas\/","url":"https:\/\/potenciaradiofonicadominicana.com\/portal\/paneles-solares-aerotermia-cargadores-de-coche-comunidades-energeticas\/","name":"Paneles solares, aerotermia, cargadores de coche, comunidades energ\u00e9ticas - PotenciaRadiofonicaDominicana.com","isPartOf":{"@id":"https:\/\/potenciaradiofonicadominicana.com\/portal\/#website"},"primaryImageOfPage":{"@id":"https:\/\/potenciaradiofonicadominicana.com\/portal\/paneles-solares-aerotermia-cargadores-de-coche-comunidades-energeticas\/#primaryimage"},"image":{"@id":"https:\/\/potenciaradiofonicadominicana.com\/portal\/paneles-solares-aerotermia-cargadores-de-coche-comunidades-energeticas\/#primaryimage"},"thumbnailUrl":"https:\/\/potenciaradiofonicadominicana.com\/portal\/wp-content\/uploads\/2026\/04\/8879_chvibhmzndixodvvcmrlcmltz3nlbgzzzxj2awnlmg.jpg","datePublished":"2026-04-28T03:36:29+00:00","breadcrumb":{"@id":"https:\/\/potenciaradiofonicadominicana.com\/portal\/paneles-solares-aerotermia-cargadores-de-coche-comunidades-energeticas\/#breadcrumb"},"inLanguage":"es","potentialAction":[{"@type":"ReadAction","target":["https:\/\/potenciaradiofonicadominicana.com\/portal\/paneles-solares-aerotermia-cargadores-de-coche-comunidades-energeticas\/"]}]},{"@type":"ImageObject","inLanguage":"es","@id":"https:\/\/potenciaradiofonicadominicana.com\/portal\/paneles-solares-aerotermia-cargadores-de-coche-comunidades-energeticas\/#primaryimage","url":"https:\/\/potenciaradiofonicadominicana.com\/portal\/wp-content\/uploads\/2026\/04\/8879_chvibhmzndixodvvcmrlcmltz3nlbgzzzxj2awnlmg.jpg","contentUrl":"https:\/\/potenciaradiofonicadominicana.com\/portal\/wp-content\/uploads\/2026\/04\/8879_chvibhmzndixodvvcmrlcmltz3nlbgzzzxj2awnlmg.jpg","width":450,"height":600},{"@type":"BreadcrumbList","@id":"https:\/\/potenciaradiofonicadominicana.com\/portal\/paneles-solares-aerotermia-cargadores-de-coche-comunidades-energeticas\/#breadcrumb","itemListElement":[{"@type":"ListItem","position":1,"name":"Portada","item":"https:\/\/potenciaradiofonicadominicana.com\/portal\/"},{"@type":"ListItem","position":2,"name":"Paneles solares, aerotermia, cargadores de coche, comunidades energ\u00e9ticas"}]},{"@type":"WebSite","@id":"https:\/\/potenciaradiofonicadominicana.com\/portal\/#website","url":"https:\/\/potenciaradiofonicadominicana.com\/portal\/","name":"PotenciaRadiofonicaDominicana.com","description":"Peri\u00f3dico Digital","publisher":{"@id":"https:\/\/potenciaradiofonicadominicana.com\/portal\/#organization"},"potentialAction":[{"@type":"SearchAction","target":{"@type":"EntryPoint","urlTemplate":"https:\/\/potenciaradiofonicadominicana.com\/portal\/?s={search_term_string}"},"query-input":{"@type":"PropertyValueSpecification","valueRequired":true,"valueName":"search_term_string"}}],"inLanguage":"es"},{"@type":"Organization","@id":"https:\/\/potenciaradiofonicadominicana.com\/portal\/#organization","name":"PotenciaRadiofonicaDominicana.com","url":"https:\/\/potenciaradiofonicadominicana.com\/portal\/","logo":{"@type":"ImageObject","inLanguage":"es","@id":"https:\/\/potenciaradiofonicadominicana.com\/portal\/#\/schema\/logo\/image\/","url":"https:\/\/potenciaradiofonicadominicana.com\/portal\/wp-content\/uploads\/2022\/01\/descarga.png","contentUrl":"https:\/\/potenciaradiofonicadominicana.com\/portal\/wp-content\/uploads\/2022\/01\/descarga.png","width":300,"height":100,"caption":"PotenciaRadiofonicaDominicana.com"},"image":{"@id":"https:\/\/potenciaradiofonicadominicana.com\/portal\/#\/schema\/logo\/image\/"},"sameAs":["https:\/\/web.facebook.com\/PotenciaRadiofonicaD"]},{"@type":"Person","@id":"https:\/\/potenciaradiofonicadominicana.com\/portal\/#\/schema\/person\/a5cf1fea13877803ee0573ac18b03490","name":"Potencia Radiof\u00f3nica Dominicana","image":{"@type":"ImageObject","inLanguage":"es","@id":"https:\/\/potenciaradiofonicadominicana.com\/portal\/#\/schema\/person\/image\/","url":"https:\/\/secure.gravatar.com\/avatar\/42a55ab9e8ccc656ba34cd791990602a?s=96&d=mm&r=g","contentUrl":"https:\/\/secure.gravatar.com\/avatar\/42a55ab9e8ccc656ba34cd791990602a?s=96&d=mm&r=g","caption":"Potencia Radiof\u00f3nica Dominicana"},"url":"https:\/\/potenciaradiofonicadominicana.com\/portal\/author\/johannyalmanzar\/"}]}},"_links":{"self":[{"href":"https:\/\/potenciaradiofonicadominicana.com\/portal\/wp-json\/wp\/v2\/posts\/215938","targetHints":{"allow":["GET"]}}],"collection":[{"href":"https:\/\/potenciaradiofonicadominicana.com\/portal\/wp-json\/wp\/v2\/posts"}],"about":[{"href":"https:\/\/potenciaradiofonicadominicana.com\/portal\/wp-json\/wp\/v2\/types\/post"}],"author":[{"embeddable":true,"href":"https:\/\/potenciaradiofonicadominicana.com\/portal\/wp-json\/wp\/v2\/users\/2"}],"replies":[{"embeddable":true,"href":"https:\/\/potenciaradiofonicadominicana.com\/portal\/wp-json\/wp\/v2\/comments?post=215938"}],"version-history":[{"count":1,"href":"https:\/\/potenciaradiofonicadominicana.com\/portal\/wp-json\/wp\/v2\/posts\/215938\/revisions"}],"predecessor-version":[{"id":215940,"href":"https:\/\/potenciaradiofonicadominicana.com\/portal\/wp-json\/wp\/v2\/posts\/215938\/revisions\/215940"}],"wp:featuredmedia":[{"embeddable":true,"href":"https:\/\/potenciaradiofonicadominicana.com\/portal\/wp-json\/wp\/v2\/media\/215939"}],"wp:attachment":[{"href":"https:\/\/potenciaradiofonicadominicana.com\/portal\/wp-json\/wp\/v2\/media?parent=215938"}],"wp:term":[{"taxonomy":"category","embeddable":true,"href":"https:\/\/potenciaradiofonicadominicana.com\/portal\/wp-json\/wp\/v2\/categories?post=215938"},{"taxonomy":"post_tag","embeddable":true,"href":"https:\/\/potenciaradiofonicadominicana.com\/portal\/wp-json\/wp\/v2\/tags?post=215938"}],"curies":[{"name":"wp","href":"https:\/\/api.w.org\/{rel}","templated":true}]}}