{"id":215916,"date":"2026-04-26T21:13:20","date_gmt":"2026-04-27T01:13:20","guid":{"rendered":"https:\/\/potenciaradiofonicadominicana.com\/portal\/?p=215916"},"modified":"2026-04-26T21:13:20","modified_gmt":"2026-04-27T01:13:20","slug":"adulta-mayor-resulta-herida-tras-ataque-con-piedra-en-puente-de-la-avenida-25-de-febrero","status":"publish","type":"post","link":"https:\/\/potenciaradiofonicadominicana.com\/portal\/adulta-mayor-resulta-herida-tras-ataque-con-piedra-en-puente-de-la-avenida-25-de-febrero\/","title":{"rendered":"Adulta mayor resulta herida tras ataque con piedra en puente de la avenida 25 de Febrero"},"content":{"rendered":"<p><a href=\"https:\/\/potenciaradiofonicadominicana.com\/portal\/wp-content\/uploads\/2026\/04\/adulta-mayor-resulta-herida-tras-ataque-a-vehiculo-con-piedra-8bcf30d6-focus-min0.48-0.42-896-504.jpg\"><img loading=\"lazy\" decoding=\"async\" class=\"alignnone size-full wp-image-215918\" src=\"https:\/\/potenciaradiofonicadominicana.com\/portal\/wp-content\/uploads\/2026\/04\/adulta-mayor-resulta-herida-tras-ataque-a-vehiculo-con-piedra-8bcf30d6-focus-min0.48-0.42-896-504.jpg\" alt=\"\" width=\"896\" height=\"504\" srcset=\"https:\/\/potenciaradiofonicadominicana.com\/portal\/wp-content\/uploads\/2026\/04\/adulta-mayor-resulta-herida-tras-ataque-a-vehiculo-con-piedra-8bcf30d6-focus-min0.48-0.42-896-504.jpg 896w, https:\/\/potenciaradiofonicadominicana.com\/portal\/wp-content\/uploads\/2026\/04\/adulta-mayor-resulta-herida-tras-ataque-a-vehiculo-con-piedra-8bcf30d6-focus-min0.48-0.42-896-504-300x169.jpg 300w, https:\/\/potenciaradiofonicadominicana.com\/portal\/wp-content\/uploads\/2026\/04\/adulta-mayor-resulta-herida-tras-ataque-a-vehiculo-con-piedra-8bcf30d6-focus-min0.48-0.42-896-504-768x432.jpg 768w\" sizes=\"auto, (max-width: 896px) 100vw, 896px\" \/><\/a><\/p>\n<p>Una\u00a0<strong>adulta mayor<\/strong>\u00a0<strong>result\u00f3 herida<\/strong>\u00a0este domingo tras un violento incidente registrado en las inmediaciones del\u00a0<strong>puente seco<\/strong>\u00a0que conecta la avenida 25 de Febrero con San Isidro, en Santo Domingo Este.<\/p>\n<p>Seg\u00fan una\u00a0<strong>denuncia<\/strong>\u00a0hecha a trav\u00e9s de la p\u00e1gina\u00a0<strong>AccidentesRD<\/strong>, la afectada se desplazaba en un veh\u00edculo junto a su familiar luego de ser recogida en el aeropuerto, cuando una persona lanz\u00f3 un pe\u00f1\u00f3n que impact\u00f3 el autom\u00f3vil, rompiendo el cristal e hiri\u00e9ndola de gravedad.<\/p>\n<p>Como consecuencia del ataque, la se\u00f1ora\u00a0<strong>M. G.<\/strong>, de\u00a0<strong>79 a\u00f1os<\/strong>, sufri\u00f3 heridas severas en el rostro que requirieron aproximadamente\u00a0<strong>30 puntos<\/strong> de sutura. En tanto, el conductor result\u00f3 con golpes en el hombro derecho, la pierna derecha y parte del torso.<\/p>\n<p>Seg\u00fan informaciones obtenidas en la zona, el presunto agresor ser\u00eda un\u00a0<strong>hombre<\/strong>\u00a0de tez morena, baja estatura, que vest\u00eda un\u00a0<strong>polocher rojo<\/strong>, y a quien residentes identifican como una persona con aparentes\u00a0<strong>trastornos mentales<\/strong>.<\/p>\n<figure class=\"inline-block\">\n<div class=\"expand-img-placeholder\"><img loading=\"lazy\" decoding=\"async\" src=\"https:\/\/resources.diariolibre.com\/images\/expand.svg\" alt=\"Expandir imagen\" width=\"20\" height=\"20\" \/><\/div>\n<picture><img decoding=\"async\" class=\"mx-auto\" src=\"https:\/\/resources.diariolibre.com\/images\/2026\/04\/26\/79030c55-9de6-4b98-a437-43579ded713a-b9d4ce82.jpg\" alt=\"Infograf\u00eda\" width=\"auto\" height=\"350\" \/><\/picture><figcaption><\/figcaption><\/figure>\n<p>Los afectados advirtieron que el hecho pudo haber tenido\u00a0<strong>consecuencias fatales<\/strong>, por lo que hicieron un\u00a0<strong>llamado urgente<\/strong>\u00a0a las\u00a0<strong>autoridades competentes<\/strong>\u00a0para intervenir en la situaci\u00f3n y prevenir que actos como este contin\u00faen poniendo en riesgo la vida de ciudadanos inocentes.<\/p>\n","protected":false},"excerpt":{"rendered":"<p>Una\u00a0adulta mayor\u00a0result\u00f3 herida\u00a0este domingo tras un violento incidente registrado en las inmediaciones del\u00a0puente seco\u00a0que conecta la avenida 25 de Febrero &#8230;<\/p>\n","protected":false},"author":2,"featured_media":215918,"comment_status":"closed","ping_status":"closed","sticky":false,"template":"","format":"standard","meta":{"footnotes":""},"categories":[25],"tags":[],"class_list":["post-215916","post","type-post","status-publish","format-standard","has-post-thumbnail","hentry","category-noticias"],"yoast_head":"<!-- This site is optimized with the Yoast SEO plugin v24.8.1 - https:\/\/yoast.com\/wordpress\/plugins\/seo\/ -->\n<title>Adulta mayor resulta herida tras ataque con piedra en puente de la avenida 25 de Febrero - PotenciaRadiofonicaDominicana.com<\/title>\n<meta name=\"robots\" content=\"index, follow, max-snippet:-1, max-image-preview:large, max-video-preview:-1\" \/>\n<link rel=\"canonical\" href=\"https:\/\/potenciaradiofonicadominicana.com\/portal\/adulta-mayor-resulta-herida-tras-ataque-con-piedra-en-puente-de-la-avenida-25-de-febrero\/\" \/>\n<meta property=\"og:locale\" content=\"es_ES\" \/>\n<meta property=\"og:type\" content=\"article\" \/>\n<meta property=\"og:title\" content=\"Adulta mayor resulta herida tras ataque con piedra en puente de la avenida 25 de Febrero - PotenciaRadiofonicaDominicana.com\" \/>\n<meta property=\"og:description\" content=\"Una\u00a0adulta mayor\u00a0result\u00f3 herida\u00a0este domingo tras un violento incidente registrado en las inmediaciones del\u00a0puente seco\u00a0que conecta la avenida 25 de Febrero ...\" \/>\n<meta property=\"og:url\" content=\"https:\/\/potenciaradiofonicadominicana.com\/portal\/adulta-mayor-resulta-herida-tras-ataque-con-piedra-en-puente-de-la-avenida-25-de-febrero\/\" \/>\n<meta property=\"og:site_name\" content=\"PotenciaRadiofonicaDominicana.com\" \/>\n<meta property=\"article:publisher\" content=\"https:\/\/web.facebook.com\/PotenciaRadiofonicaD\" \/>\n<meta property=\"article:published_time\" content=\"2026-04-27T01:13:20+00:00\" \/>\n<meta property=\"og:image\" content=\"https:\/\/potenciaradiofonicadominicana.com\/portal\/wp-content\/uploads\/2026\/04\/adulta-mayor-resulta-herida-tras-ataque-a-vehiculo-con-piedra-8bcf30d6-focus-min0.48-0.42-896-504.jpg\" \/>\n\t<meta property=\"og:image:width\" content=\"896\" \/>\n\t<meta property=\"og:image:height\" content=\"504\" \/>\n\t<meta property=\"og:image:type\" content=\"image\/jpeg\" \/>\n<meta name=\"author\" content=\"Potencia Radiof\u00f3nica Dominicana\" \/>\n<meta name=\"twitter:card\" content=\"summary_large_image\" \/>\n<meta name=\"twitter:label1\" content=\"Escrito por\" \/>\n\t<meta name=\"twitter:data1\" content=\"Potencia Radiof\u00f3nica Dominicana\" \/>\n\t<meta name=\"twitter:label2\" content=\"Tiempo de lectura\" \/>\n\t<meta name=\"twitter:data2\" content=\"2 minutos\" \/>\n<script type=\"application\/ld+json\" class=\"yoast-schema-graph\">{\"@context\":\"https:\/\/schema.org\",\"@graph\":[{\"@type\":\"Article\",\"@id\":\"https:\/\/potenciaradiofonicadominicana.com\/portal\/adulta-mayor-resulta-herida-tras-ataque-con-piedra-en-puente-de-la-avenida-25-de-febrero\/#article\",\"isPartOf\":{\"@id\":\"https:\/\/potenciaradiofonicadominicana.com\/portal\/adulta-mayor-resulta-herida-tras-ataque-con-piedra-en-puente-de-la-avenida-25-de-febrero\/\"},\"author\":{\"name\":\"Potencia Radiof\u00f3nica Dominicana\",\"@id\":\"https:\/\/potenciaradiofonicadominicana.com\/portal\/#\/schema\/person\/a5cf1fea13877803ee0573ac18b03490\"},\"headline\":\"Adulta mayor resulta herida tras ataque con piedra en puente de la avenida 25 de Febrero\",\"datePublished\":\"2026-04-27T01:13:20+00:00\",\"mainEntityOfPage\":{\"@id\":\"https:\/\/potenciaradiofonicadominicana.com\/portal\/adulta-mayor-resulta-herida-tras-ataque-con-piedra-en-puente-de-la-avenida-25-de-febrero\/\"},\"wordCount\":221,\"publisher\":{\"@id\":\"https:\/\/potenciaradiofonicadominicana.com\/portal\/#organization\"},\"image\":{\"@id\":\"https:\/\/potenciaradiofonicadominicana.com\/portal\/adulta-mayor-resulta-herida-tras-ataque-con-piedra-en-puente-de-la-avenida-25-de-febrero\/#primaryimage\"},\"thumbnailUrl\":\"https:\/\/potenciaradiofonicadominicana.com\/portal\/wp-content\/uploads\/2026\/04\/adulta-mayor-resulta-herida-tras-ataque-a-vehiculo-con-piedra-8bcf30d6-focus-min0.48-0.42-896-504.jpg\",\"articleSection\":[\"Noticias\"],\"inLanguage\":\"es\"},{\"@type\":\"WebPage\",\"@id\":\"https:\/\/potenciaradiofonicadominicana.com\/portal\/adulta-mayor-resulta-herida-tras-ataque-con-piedra-en-puente-de-la-avenida-25-de-febrero\/\",\"url\":\"https:\/\/potenciaradiofonicadominicana.com\/portal\/adulta-mayor-resulta-herida-tras-ataque-con-piedra-en-puente-de-la-avenida-25-de-febrero\/\",\"name\":\"Adulta mayor resulta herida tras ataque con piedra en puente de la avenida 25 de Febrero - PotenciaRadiofonicaDominicana.com\",\"isPartOf\":{\"@id\":\"https:\/\/potenciaradiofonicadominicana.com\/portal\/#website\"},\"primaryImageOfPage\":{\"@id\":\"https:\/\/potenciaradiofonicadominicana.com\/portal\/adulta-mayor-resulta-herida-tras-ataque-con-piedra-en-puente-de-la-avenida-25-de-febrero\/#primaryimage\"},\"image\":{\"@id\":\"https:\/\/potenciaradiofonicadominicana.com\/portal\/adulta-mayor-resulta-herida-tras-ataque-con-piedra-en-puente-de-la-avenida-25-de-febrero\/#primaryimage\"},\"thumbnailUrl\":\"https:\/\/potenciaradiofonicadominicana.com\/portal\/wp-content\/uploads\/2026\/04\/adulta-mayor-resulta-herida-tras-ataque-a-vehiculo-con-piedra-8bcf30d6-focus-min0.48-0.42-896-504.jpg\",\"datePublished\":\"2026-04-27T01:13:20+00:00\",\"breadcrumb\":{\"@id\":\"https:\/\/potenciaradiofonicadominicana.com\/portal\/adulta-mayor-resulta-herida-tras-ataque-con-piedra-en-puente-de-la-avenida-25-de-febrero\/#breadcrumb\"},\"inLanguage\":\"es\",\"potentialAction\":[{\"@type\":\"ReadAction\",\"target\":[\"https:\/\/potenciaradiofonicadominicana.com\/portal\/adulta-mayor-resulta-herida-tras-ataque-con-piedra-en-puente-de-la-avenida-25-de-febrero\/\"]}]},{\"@type\":\"ImageObject\",\"inLanguage\":\"es\",\"@id\":\"https:\/\/potenciaradiofonicadominicana.com\/portal\/adulta-mayor-resulta-herida-tras-ataque-con-piedra-en-puente-de-la-avenida-25-de-febrero\/#primaryimage\",\"url\":\"https:\/\/potenciaradiofonicadominicana.com\/portal\/wp-content\/uploads\/2026\/04\/adulta-mayor-resulta-herida-tras-ataque-a-vehiculo-con-piedra-8bcf30d6-focus-min0.48-0.42-896-504.jpg\",\"contentUrl\":\"https:\/\/potenciaradiofonicadominicana.com\/portal\/wp-content\/uploads\/2026\/04\/adulta-mayor-resulta-herida-tras-ataque-a-vehiculo-con-piedra-8bcf30d6-focus-min0.48-0.42-896-504.jpg\",\"width\":896,\"height\":504},{\"@type\":\"BreadcrumbList\",\"@id\":\"https:\/\/potenciaradiofonicadominicana.com\/portal\/adulta-mayor-resulta-herida-tras-ataque-con-piedra-en-puente-de-la-avenida-25-de-febrero\/#breadcrumb\",\"itemListElement\":[{\"@type\":\"ListItem\",\"position\":1,\"name\":\"Portada\",\"item\":\"https:\/\/potenciaradiofonicadominicana.com\/portal\/\"},{\"@type\":\"ListItem\",\"position\":2,\"name\":\"Adulta mayor resulta herida tras ataque con piedra en puente de la avenida 25 de Febrero\"}]},{\"@type\":\"WebSite\",\"@id\":\"https:\/\/potenciaradiofonicadominicana.com\/portal\/#website\",\"url\":\"https:\/\/potenciaradiofonicadominicana.com\/portal\/\",\"name\":\"PotenciaRadiofonicaDominicana.com\",\"description\":\"Peri\u00f3dico Digital\",\"publisher\":{\"@id\":\"https:\/\/potenciaradiofonicadominicana.com\/portal\/#organization\"},\"potentialAction\":[{\"@type\":\"SearchAction\",\"target\":{\"@type\":\"EntryPoint\",\"urlTemplate\":\"https:\/\/potenciaradiofonicadominicana.com\/portal\/?s={search_term_string}\"},\"query-input\":{\"@type\":\"PropertyValueSpecification\",\"valueRequired\":true,\"valueName\":\"search_term_string\"}}],\"inLanguage\":\"es\"},{\"@type\":\"Organization\",\"@id\":\"https:\/\/potenciaradiofonicadominicana.com\/portal\/#organization\",\"name\":\"PotenciaRadiofonicaDominicana.com\",\"url\":\"https:\/\/potenciaradiofonicadominicana.com\/portal\/\",\"logo\":{\"@type\":\"ImageObject\",\"inLanguage\":\"es\",\"@id\":\"https:\/\/potenciaradiofonicadominicana.com\/portal\/#\/schema\/logo\/image\/\",\"url\":\"https:\/\/potenciaradiofonicadominicana.com\/portal\/wp-content\/uploads\/2022\/01\/descarga.png\",\"contentUrl\":\"https:\/\/potenciaradiofonicadominicana.com\/portal\/wp-content\/uploads\/2022\/01\/descarga.png\",\"width\":300,\"height\":100,\"caption\":\"PotenciaRadiofonicaDominicana.com\"},\"image\":{\"@id\":\"https:\/\/potenciaradiofonicadominicana.com\/portal\/#\/schema\/logo\/image\/\"},\"sameAs\":[\"https:\/\/web.facebook.com\/PotenciaRadiofonicaD\"]},{\"@type\":\"Person\",\"@id\":\"https:\/\/potenciaradiofonicadominicana.com\/portal\/#\/schema\/person\/a5cf1fea13877803ee0573ac18b03490\",\"name\":\"Potencia Radiof\u00f3nica Dominicana\",\"image\":{\"@type\":\"ImageObject\",\"inLanguage\":\"es\",\"@id\":\"https:\/\/potenciaradiofonicadominicana.com\/portal\/#\/schema\/person\/image\/\",\"url\":\"https:\/\/secure.gravatar.com\/avatar\/42a55ab9e8ccc656ba34cd791990602a?s=96&d=mm&r=g\",\"contentUrl\":\"https:\/\/secure.gravatar.com\/avatar\/42a55ab9e8ccc656ba34cd791990602a?s=96&d=mm&r=g\",\"caption\":\"Potencia Radiof\u00f3nica Dominicana\"},\"url\":\"https:\/\/potenciaradiofonicadominicana.com\/portal\/author\/johannyalmanzar\/\"}]}<\/script>\n<!-- \/ Yoast SEO plugin. -->","yoast_head_json":{"title":"Adulta mayor resulta herida tras ataque con piedra en puente de la avenida 25 de Febrero - PotenciaRadiofonicaDominicana.com","robots":{"index":"index","follow":"follow","max-snippet":"max-snippet:-1","max-image-preview":"max-image-preview:large","max-video-preview":"max-video-preview:-1"},"canonical":"https:\/\/potenciaradiofonicadominicana.com\/portal\/adulta-mayor-resulta-herida-tras-ataque-con-piedra-en-puente-de-la-avenida-25-de-febrero\/","og_locale":"es_ES","og_type":"article","og_title":"Adulta mayor resulta herida tras ataque con piedra en puente de la avenida 25 de Febrero - PotenciaRadiofonicaDominicana.com","og_description":"Una\u00a0adulta mayor\u00a0result\u00f3 herida\u00a0este domingo tras un violento incidente registrado en las inmediaciones del\u00a0puente seco\u00a0que conecta la avenida 25 de Febrero ...","og_url":"https:\/\/potenciaradiofonicadominicana.com\/portal\/adulta-mayor-resulta-herida-tras-ataque-con-piedra-en-puente-de-la-avenida-25-de-febrero\/","og_site_name":"PotenciaRadiofonicaDominicana.com","article_publisher":"https:\/\/web.facebook.com\/PotenciaRadiofonicaD","article_published_time":"2026-04-27T01:13:20+00:00","og_image":[{"width":896,"height":504,"url":"https:\/\/potenciaradiofonicadominicana.com\/portal\/wp-content\/uploads\/2026\/04\/adulta-mayor-resulta-herida-tras-ataque-a-vehiculo-con-piedra-8bcf30d6-focus-min0.48-0.42-896-504.jpg","type":"image\/jpeg"}],"author":"Potencia Radiof\u00f3nica Dominicana","twitter_card":"summary_large_image","twitter_misc":{"Escrito por":"Potencia Radiof\u00f3nica Dominicana","Tiempo de lectura":"2 minutos"},"schema":{"@context":"https:\/\/schema.org","@graph":[{"@type":"Article","@id":"https:\/\/potenciaradiofonicadominicana.com\/portal\/adulta-mayor-resulta-herida-tras-ataque-con-piedra-en-puente-de-la-avenida-25-de-febrero\/#article","isPartOf":{"@id":"https:\/\/potenciaradiofonicadominicana.com\/portal\/adulta-mayor-resulta-herida-tras-ataque-con-piedra-en-puente-de-la-avenida-25-de-febrero\/"},"author":{"name":"Potencia Radiof\u00f3nica Dominicana","@id":"https:\/\/potenciaradiofonicadominicana.com\/portal\/#\/schema\/person\/a5cf1fea13877803ee0573ac18b03490"},"headline":"Adulta mayor resulta herida tras ataque con piedra en puente de la avenida 25 de Febrero","datePublished":"2026-04-27T01:13:20+00:00","mainEntityOfPage":{"@id":"https:\/\/potenciaradiofonicadominicana.com\/portal\/adulta-mayor-resulta-herida-tras-ataque-con-piedra-en-puente-de-la-avenida-25-de-febrero\/"},"wordCount":221,"publisher":{"@id":"https:\/\/potenciaradiofonicadominicana.com\/portal\/#organization"},"image":{"@id":"https:\/\/potenciaradiofonicadominicana.com\/portal\/adulta-mayor-resulta-herida-tras-ataque-con-piedra-en-puente-de-la-avenida-25-de-febrero\/#primaryimage"},"thumbnailUrl":"https:\/\/potenciaradiofonicadominicana.com\/portal\/wp-content\/uploads\/2026\/04\/adulta-mayor-resulta-herida-tras-ataque-a-vehiculo-con-piedra-8bcf30d6-focus-min0.48-0.42-896-504.jpg","articleSection":["Noticias"],"inLanguage":"es"},{"@type":"WebPage","@id":"https:\/\/potenciaradiofonicadominicana.com\/portal\/adulta-mayor-resulta-herida-tras-ataque-con-piedra-en-puente-de-la-avenida-25-de-febrero\/","url":"https:\/\/potenciaradiofonicadominicana.com\/portal\/adulta-mayor-resulta-herida-tras-ataque-con-piedra-en-puente-de-la-avenida-25-de-febrero\/","name":"Adulta mayor resulta herida tras ataque con piedra en puente de la avenida 25 de Febrero - PotenciaRadiofonicaDominicana.com","isPartOf":{"@id":"https:\/\/potenciaradiofonicadominicana.com\/portal\/#website"},"primaryImageOfPage":{"@id":"https:\/\/potenciaradiofonicadominicana.com\/portal\/adulta-mayor-resulta-herida-tras-ataque-con-piedra-en-puente-de-la-avenida-25-de-febrero\/#primaryimage"},"image":{"@id":"https:\/\/potenciaradiofonicadominicana.com\/portal\/adulta-mayor-resulta-herida-tras-ataque-con-piedra-en-puente-de-la-avenida-25-de-febrero\/#primaryimage"},"thumbnailUrl":"https:\/\/potenciaradiofonicadominicana.com\/portal\/wp-content\/uploads\/2026\/04\/adulta-mayor-resulta-herida-tras-ataque-a-vehiculo-con-piedra-8bcf30d6-focus-min0.48-0.42-896-504.jpg","datePublished":"2026-04-27T01:13:20+00:00","breadcrumb":{"@id":"https:\/\/potenciaradiofonicadominicana.com\/portal\/adulta-mayor-resulta-herida-tras-ataque-con-piedra-en-puente-de-la-avenida-25-de-febrero\/#breadcrumb"},"inLanguage":"es","potentialAction":[{"@type":"ReadAction","target":["https:\/\/potenciaradiofonicadominicana.com\/portal\/adulta-mayor-resulta-herida-tras-ataque-con-piedra-en-puente-de-la-avenida-25-de-febrero\/"]}]},{"@type":"ImageObject","inLanguage":"es","@id":"https:\/\/potenciaradiofonicadominicana.com\/portal\/adulta-mayor-resulta-herida-tras-ataque-con-piedra-en-puente-de-la-avenida-25-de-febrero\/#primaryimage","url":"https:\/\/potenciaradiofonicadominicana.com\/portal\/wp-content\/uploads\/2026\/04\/adulta-mayor-resulta-herida-tras-ataque-a-vehiculo-con-piedra-8bcf30d6-focus-min0.48-0.42-896-504.jpg","contentUrl":"https:\/\/potenciaradiofonicadominicana.com\/portal\/wp-content\/uploads\/2026\/04\/adulta-mayor-resulta-herida-tras-ataque-a-vehiculo-con-piedra-8bcf30d6-focus-min0.48-0.42-896-504.jpg","width":896,"height":504},{"@type":"BreadcrumbList","@id":"https:\/\/potenciaradiofonicadominicana.com\/portal\/adulta-mayor-resulta-herida-tras-ataque-con-piedra-en-puente-de-la-avenida-25-de-febrero\/#breadcrumb","itemListElement":[{"@type":"ListItem","position":1,"name":"Portada","item":"https:\/\/potenciaradiofonicadominicana.com\/portal\/"},{"@type":"ListItem","position":2,"name":"Adulta mayor resulta herida tras ataque con piedra en puente de la avenida 25 de Febrero"}]},{"@type":"WebSite","@id":"https:\/\/potenciaradiofonicadominicana.com\/portal\/#website","url":"https:\/\/potenciaradiofonicadominicana.com\/portal\/","name":"PotenciaRadiofonicaDominicana.com","description":"Peri\u00f3dico Digital","publisher":{"@id":"https:\/\/potenciaradiofonicadominicana.com\/portal\/#organization"},"potentialAction":[{"@type":"SearchAction","target":{"@type":"EntryPoint","urlTemplate":"https:\/\/potenciaradiofonicadominicana.com\/portal\/?s={search_term_string}"},"query-input":{"@type":"PropertyValueSpecification","valueRequired":true,"valueName":"search_term_string"}}],"inLanguage":"es"},{"@type":"Organization","@id":"https:\/\/potenciaradiofonicadominicana.com\/portal\/#organization","name":"PotenciaRadiofonicaDominicana.com","url":"https:\/\/potenciaradiofonicadominicana.com\/portal\/","logo":{"@type":"ImageObject","inLanguage":"es","@id":"https:\/\/potenciaradiofonicadominicana.com\/portal\/#\/schema\/logo\/image\/","url":"https:\/\/potenciaradiofonicadominicana.com\/portal\/wp-content\/uploads\/2022\/01\/descarga.png","contentUrl":"https:\/\/potenciaradiofonicadominicana.com\/portal\/wp-content\/uploads\/2022\/01\/descarga.png","width":300,"height":100,"caption":"PotenciaRadiofonicaDominicana.com"},"image":{"@id":"https:\/\/potenciaradiofonicadominicana.com\/portal\/#\/schema\/logo\/image\/"},"sameAs":["https:\/\/web.facebook.com\/PotenciaRadiofonicaD"]},{"@type":"Person","@id":"https:\/\/potenciaradiofonicadominicana.com\/portal\/#\/schema\/person\/a5cf1fea13877803ee0573ac18b03490","name":"Potencia Radiof\u00f3nica Dominicana","image":{"@type":"ImageObject","inLanguage":"es","@id":"https:\/\/potenciaradiofonicadominicana.com\/portal\/#\/schema\/person\/image\/","url":"https:\/\/secure.gravatar.com\/avatar\/42a55ab9e8ccc656ba34cd791990602a?s=96&d=mm&r=g","contentUrl":"https:\/\/secure.gravatar.com\/avatar\/42a55ab9e8ccc656ba34cd791990602a?s=96&d=mm&r=g","caption":"Potencia Radiof\u00f3nica Dominicana"},"url":"https:\/\/potenciaradiofonicadominicana.com\/portal\/author\/johannyalmanzar\/"}]}},"_links":{"self":[{"href":"https:\/\/potenciaradiofonicadominicana.com\/portal\/wp-json\/wp\/v2\/posts\/215916","targetHints":{"allow":["GET"]}}],"collection":[{"href":"https:\/\/potenciaradiofonicadominicana.com\/portal\/wp-json\/wp\/v2\/posts"}],"about":[{"href":"https:\/\/potenciaradiofonicadominicana.com\/portal\/wp-json\/wp\/v2\/types\/post"}],"author":[{"embeddable":true,"href":"https:\/\/potenciaradiofonicadominicana.com\/portal\/wp-json\/wp\/v2\/users\/2"}],"replies":[{"embeddable":true,"href":"https:\/\/potenciaradiofonicadominicana.com\/portal\/wp-json\/wp\/v2\/comments?post=215916"}],"version-history":[{"count":1,"href":"https:\/\/potenciaradiofonicadominicana.com\/portal\/wp-json\/wp\/v2\/posts\/215916\/revisions"}],"predecessor-version":[{"id":215919,"href":"https:\/\/potenciaradiofonicadominicana.com\/portal\/wp-json\/wp\/v2\/posts\/215916\/revisions\/215919"}],"wp:featuredmedia":[{"embeddable":true,"href":"https:\/\/potenciaradiofonicadominicana.com\/portal\/wp-json\/wp\/v2\/media\/215918"}],"wp:attachment":[{"href":"https:\/\/potenciaradiofonicadominicana.com\/portal\/wp-json\/wp\/v2\/media?parent=215916"}],"wp:term":[{"taxonomy":"category","embeddable":true,"href":"https:\/\/potenciaradiofonicadominicana.com\/portal\/wp-json\/wp\/v2\/categories?post=215916"},{"taxonomy":"post_tag","embeddable":true,"href":"https:\/\/potenciaradiofonicadominicana.com\/portal\/wp-json\/wp\/v2\/tags?post=215916"}],"curies":[{"name":"wp","href":"https:\/\/api.w.org\/{rel}","templated":true}]}}