{"id":215909,"date":"2026-04-26T21:08:23","date_gmt":"2026-04-27T01:08:23","guid":{"rendered":"https:\/\/potenciaradiofonicadominicana.com\/portal\/?p=215909"},"modified":"2026-04-26T21:08:23","modified_gmt":"2026-04-27T01:08:23","slug":"politicas-publicas-fortalecen-el-desarrollo-del-deporte-la-cohesion-social-y-la-presencia-internacional-en-el-pais","status":"publish","type":"post","link":"https:\/\/potenciaradiofonicadominicana.com\/portal\/politicas-publicas-fortalecen-el-desarrollo-del-deporte-la-cohesion-social-y-la-presencia-internacional-en-el-pais\/","title":{"rendered":"Pol\u00edticas p\u00fablicas fortalecen el desarrollo del deporte, la cohesi\u00f3n social y la presencia internacional en el pa\u00eds"},"content":{"rendered":"<p><a href=\"https:\/\/potenciaradiofonicadominicana.com\/portal\/wp-content\/uploads\/2026\/04\/1001570478.jpg\"><img loading=\"lazy\" decoding=\"async\" class=\"alignnone size-full wp-image-215910\" src=\"https:\/\/potenciaradiofonicadominicana.com\/portal\/wp-content\/uploads\/2026\/04\/1001570478.jpg\" alt=\"\" width=\"1300\" height=\"731\" srcset=\"https:\/\/potenciaradiofonicadominicana.com\/portal\/wp-content\/uploads\/2026\/04\/1001570478.jpg 1300w, https:\/\/potenciaradiofonicadominicana.com\/portal\/wp-content\/uploads\/2026\/04\/1001570478-300x169.jpg 300w, https:\/\/potenciaradiofonicadominicana.com\/portal\/wp-content\/uploads\/2026\/04\/1001570478-1024x576.jpg 1024w, https:\/\/potenciaradiofonicadominicana.com\/portal\/wp-content\/uploads\/2026\/04\/1001570478-768x432.jpg 768w\" sizes=\"auto, (max-width: 1300px) 100vw, 1300px\" \/><\/a><\/p>\n<p class=\"text-align-justify\">El director de la Direcci\u00f3n de Estrategia y Comunicaci\u00f3n Gubernamental\u00a0<strong>(Diecom), F\u00e9lix Reyna<\/strong>, destac\u00f3 que la\u00a0<strong>agenda de la semana<\/strong>\u00a0estuvo enfocada en la inauguraci\u00f3n de\u00a0<strong>nuevas obras<\/strong>\u00a0para la gente, el impulso al\u00a0<strong>deporte<\/strong>\u00a0<strong>nacional<\/strong>, el fortalecimiento de los\u00a0<strong>programas sociales<\/strong>\u00a0y de las\u00a0<strong>relaciones diplom\u00e1ticas<\/strong>\u00a0con pa\u00edses aliados.<\/p>\n<p class=\"text-align-justify\"><strong>Distrito Nacional estrena nuevo Malec\u00f3n Deportivo<\/strong><\/p>\n<p class=\"text-align-justify\">Con el objetivo de transformar\u00a0<strong>una zona hist\u00f3ricamente olvidada\u00a0<\/strong>en un moderno espacio para el deporte, la recreaci\u00f3n y la convivencia familiar,<strong>\u00a0el presidente Luis Abinader<\/strong>\u00a0y la alcaldesa del Distrito Nacional,\u00a0<strong>Carolina Mej\u00eda<\/strong>, encabezaron la inauguraci\u00f3n del\u00a0<strong>Malec\u00f3n Deportivo<\/strong>, una intervenci\u00f3n de\u00a0<strong>casi dos kil\u00f3metros en el litoral sur<\/strong>\u00a0de Santo Domingo.<\/p>\n<p class=\"text-align-justify\">El proyecto convierte el frente mar\u00edtimo en un\u00a0<strong>nuevo punto de encuentro<\/strong>\u00a0para los ciudadanos y en una\u00a0<strong>referencia urbana<\/strong>\u00a0para la regi\u00f3n del Caribe.<\/p>\n<p class=\"text-align-justify\">El mandatario resalt\u00f3 que la\u00a0<strong>recuperaci\u00f3n<\/strong>\u00a0de estos espacios mejora la calidad de vida de las familias, al poner a disposici\u00f3n\u00a0<strong>\u00e1reas seguras y adecuadas para el disfrute colectivo.<\/strong><\/p>\n<p class=\"text-align-justify\">La obra, que abarca 90,000 metros cuadrados, cont\u00f3 con una inversi\u00f3n de\u00a0<strong>RD 333 millones<\/strong>\u00a0y est\u00e1 distribuida en\u00a0<strong>cuatro zonas<\/strong>\u00a0con est\u00e1ndares internacionales para la pr\u00e1ctica de\u00a0<strong>f\u00fatbol, voleibol de playa, baloncesto 3&#215;3, p\u00e1del y skate.<\/strong><\/p>\n<p class=\"text-align-justify\"><strong>Instalaciones para Juegos Centroamericanos alcanzan 90 %<\/strong><\/p>\n<p class=\"text-align-justify\">El presidente Abinader tambi\u00e9n supervis\u00f3 los trabajos de\u00a0<strong>remozamiento en el Centro Ol\u00edmpico Juan Pablo Duarte<\/strong>, escenario principal de los\u00a0<strong>XXV Juegos Centroamericanos y del Caribe Santo Domingo 2026.<\/strong><\/p>\n<p class=\"text-align-justify\">Durante el recorrido inform\u00f3 que, junto a las obras ejecutadas en el Parque del Este, las instalaciones presentan un<strong>\u00a090 % de avance general.<\/strong><\/p>\n<p class=\"text-align-justify\">Destac\u00f3 que las remodelaciones se desarrollan con\u00a0<strong>criterios internacionales<\/strong>, lo que permitir\u00e1 albergar no solo los juegos regionales, sino\u00a0<strong>futuras competencias de alto nivel.<\/strong><\/p>\n<p class=\"text-align-justify\">El jefe de Estado expres\u00f3 satisfacci\u00f3n con el ritmo de ejecuci\u00f3n de las obras deportivas, donde pronto, \u00a0<strong>del 24 de julio al 8 de agosto,<\/strong>\u00a0participar\u00e1n unos\u00a0<strong>6,200 atletas<\/strong>\u00a0y se disputar\u00e1\u00a0<strong>la mayor cantidad de medallas en la historia deportiva nacional.<\/strong><\/p>\n<p class=\"text-align-justify\"><strong>Estados Unidos, principal aliado de la Rep\u00fablica Dominican<\/strong><\/p>\n<p class=\"text-align-justify\">El ministro Jos\u00e9\u00a0<strong>Ignacio Paliza<\/strong>\u00a0afirm\u00f3 durante una\u00a0<strong>conferencia en Georgetown University\u00a0<\/strong>que Estados Unidos representa\u00a0<strong>el principal aliado y el pa\u00eds amigo m\u00e1s importante<\/strong>\u00a0para la Rep\u00fablica Dominicana.<\/p>\n<p class=\"text-align-justify\">El funcionario explic\u00f3 que la\u00a0<strong>relaci\u00f3n bilateral<\/strong>\u00a0se sostiene en\u00a0<strong>lazos hist\u00f3ricos, valores democr\u00e1ticos compartidos y una profunda conexi\u00f3n humana<\/strong>\u00a0entre ambas naciones.<\/p>\n<p class=\"text-align-justify\">Tambi\u00e9n resalt\u00f3 el\u00a0<strong>aporte de la di\u00e1spora dominicana en territorio estadounidense<\/strong>, integrada por\u00a0<strong>m\u00e1s de 1.6 millones de dominicanos<\/strong>, como puente permanente de intercambio econ\u00f3mico, cultural y social.<\/p>\n<p class=\"text-align-justify\">Paliza sostuvo que ambos pa\u00edses deben continuar fortaleciendo una\u00a0<strong>agenda com\u00fan de cooperaci\u00f3n y entendimiento.<\/strong><\/p>\n<p class=\"text-align-justify\"><strong>Nuevos embajadores presentan cartas credenciales<\/strong><\/p>\n<p class=\"text-align-justify\">En el Palacio Nacional, el presidente Luis Abinader recibi\u00f3 las cartas credenciales de\u00a0<strong>seis nuevos embajadores<\/strong>\u00a0acreditados en la Rep\u00fablica Dominicana.<\/p>\n<p class=\"text-align-justify\">Los diplom\u00e1ticos corresponden a\u00a0<strong>Italia, Suiza, Nueva Zelanda, San Marino, Finlandia y Suecia<\/strong>, naciones con las que el pa\u00eds mantiene v\u00ednculos de cooperaci\u00f3n, comercio e intercambio institucional.<\/p>\n<p class=\"text-align-justify\">La ceremonia reafirm\u00f3 el compromiso de la Rep\u00fablica Dominicana con una\u00a0<strong>pol\u00edtica exterior\u00a0<\/strong>abierta al<strong>\u00a0di\u00e1logo, la colaboraci\u00f3n y el fortalecimiento\u00a0<\/strong>de las relaciones internacionales.<\/p>\n<p class=\"text-align-justify\"><strong>Cercan\u00eda con familias beneficiarias de Sup\u00e9rate<\/strong><\/p>\n<p class=\"text-align-justify\">Como parte de la\u00a0<strong>agenda social<\/strong>, el presidente Abinader sostuvo un\u00a0<strong>encuentro con 6,000 familias beneficiarias de Sup\u00e9rate<\/strong>, donde escuch\u00f3\u00a0<strong>testimonios, necesidades y propuestas<\/strong>\u00a0para seguir fortaleciendo la protecci\u00f3n social.<\/p>\n<p class=\"text-align-justify\">El programa impacta a\u00a0<strong>m\u00e1s de 1.4 millones de hogares\u00a0<\/strong>en todo el pa\u00eds mediante iniciativas como\u00a0<strong>Alim\u00e9ntate, Bono Gas, Bono Luz, Aprende, Avanza, Sup\u00e9rate Mujer y el Fondo de Discapacidad.<\/strong><\/p>\n<p class=\"text-align-justify\">Durante la jornada, el mandatario reiter\u00f3 que las ayudas sociales est\u00e1n dirigidas a quienes m\u00e1s lo necesitan y\u00a0<strong>llam\u00f3 a identificar nuevas familias en condici\u00f3n de vulnerabilidad<\/strong>\u00a0para ampliar el alcance de las respuestas p\u00fablicas.<\/p>\n<p class=\"text-align-justify\">Adem\u00e1s, exhort\u00f3 a\u00a0<strong>denunciar la violencia intrafamiliar\u00a0<\/strong>y asegur\u00f3 que el Gobierno continuar\u00e1 ampliando los\u00a0<strong>mecanismos de apoyo y acompa\u00f1amiento a las v\u00edctimas.<\/strong><\/p>\n<p class=\"text-align-justify\"><strong>Resultados con impacto directo<\/strong><\/p>\n<p class=\"text-align-justify\">Estas acciones reflejan una gesti\u00f3n enfocada en\u00a0<strong>obras de impacto, respaldo social, promoci\u00f3n del deporte y relaciones internacionales s\u00f3lidas<\/strong>, con decisiones orientadas a mejorar la vida de la gente y consolidar el desarrollo nacional.<\/p>\n","protected":false},"excerpt":{"rendered":"<p>El director de la Direcci\u00f3n de Estrategia y Comunicaci\u00f3n Gubernamental\u00a0(Diecom), F\u00e9lix Reyna, destac\u00f3 que la\u00a0agenda de la semana\u00a0estuvo enfocada en &#8230;<\/p>\n","protected":false},"author":2,"featured_media":215910,"comment_status":"closed","ping_status":"closed","sticky":false,"template":"","format":"standard","meta":{"footnotes":""},"categories":[25],"tags":[],"class_list":["post-215909","post","type-post","status-publish","format-standard","has-post-thumbnail","hentry","category-noticias"],"yoast_head":"<!-- This site is optimized with the Yoast SEO plugin v24.8.1 - https:\/\/yoast.com\/wordpress\/plugins\/seo\/ -->\n<title>Pol\u00edticas p\u00fablicas fortalecen el desarrollo del deporte, la cohesi\u00f3n social y la presencia internacional en el pa\u00eds - PotenciaRadiofonicaDominicana.com<\/title>\n<meta name=\"robots\" content=\"index, follow, max-snippet:-1, max-image-preview:large, max-video-preview:-1\" \/>\n<link rel=\"canonical\" href=\"https:\/\/potenciaradiofonicadominicana.com\/portal\/politicas-publicas-fortalecen-el-desarrollo-del-deporte-la-cohesion-social-y-la-presencia-internacional-en-el-pais\/\" \/>\n<meta property=\"og:locale\" content=\"es_ES\" \/>\n<meta property=\"og:type\" content=\"article\" \/>\n<meta property=\"og:title\" content=\"Pol\u00edticas p\u00fablicas fortalecen el desarrollo del deporte, la cohesi\u00f3n social y la presencia internacional en el pa\u00eds - PotenciaRadiofonicaDominicana.com\" \/>\n<meta property=\"og:description\" content=\"El director de la Direcci\u00f3n de Estrategia y Comunicaci\u00f3n Gubernamental\u00a0(Diecom), F\u00e9lix Reyna, destac\u00f3 que la\u00a0agenda de la semana\u00a0estuvo enfocada en ...\" \/>\n<meta property=\"og:url\" content=\"https:\/\/potenciaradiofonicadominicana.com\/portal\/politicas-publicas-fortalecen-el-desarrollo-del-deporte-la-cohesion-social-y-la-presencia-internacional-en-el-pais\/\" \/>\n<meta property=\"og:site_name\" content=\"PotenciaRadiofonicaDominicana.com\" \/>\n<meta property=\"article:publisher\" content=\"https:\/\/web.facebook.com\/PotenciaRadiofonicaD\" \/>\n<meta property=\"article:published_time\" content=\"2026-04-27T01:08:23+00:00\" \/>\n<meta property=\"og:image\" content=\"https:\/\/potenciaradiofonicadominicana.com\/portal\/wp-content\/uploads\/2026\/04\/1001570478.jpg\" \/>\n\t<meta property=\"og:image:width\" content=\"1300\" \/>\n\t<meta property=\"og:image:height\" content=\"731\" \/>\n\t<meta property=\"og:image:type\" content=\"image\/jpeg\" \/>\n<meta name=\"author\" content=\"Potencia Radiof\u00f3nica Dominicana\" \/>\n<meta name=\"twitter:card\" content=\"summary_large_image\" \/>\n<meta name=\"twitter:label1\" content=\"Escrito por\" \/>\n\t<meta name=\"twitter:data1\" content=\"Potencia Radiof\u00f3nica Dominicana\" \/>\n\t<meta name=\"twitter:label2\" content=\"Tiempo de lectura\" \/>\n\t<meta name=\"twitter:data2\" content=\"4 minutos\" \/>\n<script type=\"application\/ld+json\" class=\"yoast-schema-graph\">{\"@context\":\"https:\/\/schema.org\",\"@graph\":[{\"@type\":\"Article\",\"@id\":\"https:\/\/potenciaradiofonicadominicana.com\/portal\/politicas-publicas-fortalecen-el-desarrollo-del-deporte-la-cohesion-social-y-la-presencia-internacional-en-el-pais\/#article\",\"isPartOf\":{\"@id\":\"https:\/\/potenciaradiofonicadominicana.com\/portal\/politicas-publicas-fortalecen-el-desarrollo-del-deporte-la-cohesion-social-y-la-presencia-internacional-en-el-pais\/\"},\"author\":{\"name\":\"Potencia Radiof\u00f3nica Dominicana\",\"@id\":\"https:\/\/potenciaradiofonicadominicana.com\/portal\/#\/schema\/person\/a5cf1fea13877803ee0573ac18b03490\"},\"headline\":\"Pol\u00edticas p\u00fablicas fortalecen el desarrollo del deporte, la cohesi\u00f3n social y la presencia internacional en el pa\u00eds\",\"datePublished\":\"2026-04-27T01:08:23+00:00\",\"mainEntityOfPage\":{\"@id\":\"https:\/\/potenciaradiofonicadominicana.com\/portal\/politicas-publicas-fortalecen-el-desarrollo-del-deporte-la-cohesion-social-y-la-presencia-internacional-en-el-pais\/\"},\"wordCount\":748,\"publisher\":{\"@id\":\"https:\/\/potenciaradiofonicadominicana.com\/portal\/#organization\"},\"image\":{\"@id\":\"https:\/\/potenciaradiofonicadominicana.com\/portal\/politicas-publicas-fortalecen-el-desarrollo-del-deporte-la-cohesion-social-y-la-presencia-internacional-en-el-pais\/#primaryimage\"},\"thumbnailUrl\":\"https:\/\/potenciaradiofonicadominicana.com\/portal\/wp-content\/uploads\/2026\/04\/1001570478.jpg\",\"articleSection\":[\"Noticias\"],\"inLanguage\":\"es\"},{\"@type\":\"WebPage\",\"@id\":\"https:\/\/potenciaradiofonicadominicana.com\/portal\/politicas-publicas-fortalecen-el-desarrollo-del-deporte-la-cohesion-social-y-la-presencia-internacional-en-el-pais\/\",\"url\":\"https:\/\/potenciaradiofonicadominicana.com\/portal\/politicas-publicas-fortalecen-el-desarrollo-del-deporte-la-cohesion-social-y-la-presencia-internacional-en-el-pais\/\",\"name\":\"Pol\u00edticas p\u00fablicas fortalecen el desarrollo del deporte, la cohesi\u00f3n social y la presencia internacional en el pa\u00eds - PotenciaRadiofonicaDominicana.com\",\"isPartOf\":{\"@id\":\"https:\/\/potenciaradiofonicadominicana.com\/portal\/#website\"},\"primaryImageOfPage\":{\"@id\":\"https:\/\/potenciaradiofonicadominicana.com\/portal\/politicas-publicas-fortalecen-el-desarrollo-del-deporte-la-cohesion-social-y-la-presencia-internacional-en-el-pais\/#primaryimage\"},\"image\":{\"@id\":\"https:\/\/potenciaradiofonicadominicana.com\/portal\/politicas-publicas-fortalecen-el-desarrollo-del-deporte-la-cohesion-social-y-la-presencia-internacional-en-el-pais\/#primaryimage\"},\"thumbnailUrl\":\"https:\/\/potenciaradiofonicadominicana.com\/portal\/wp-content\/uploads\/2026\/04\/1001570478.jpg\",\"datePublished\":\"2026-04-27T01:08:23+00:00\",\"breadcrumb\":{\"@id\":\"https:\/\/potenciaradiofonicadominicana.com\/portal\/politicas-publicas-fortalecen-el-desarrollo-del-deporte-la-cohesion-social-y-la-presencia-internacional-en-el-pais\/#breadcrumb\"},\"inLanguage\":\"es\",\"potentialAction\":[{\"@type\":\"ReadAction\",\"target\":[\"https:\/\/potenciaradiofonicadominicana.com\/portal\/politicas-publicas-fortalecen-el-desarrollo-del-deporte-la-cohesion-social-y-la-presencia-internacional-en-el-pais\/\"]}]},{\"@type\":\"ImageObject\",\"inLanguage\":\"es\",\"@id\":\"https:\/\/potenciaradiofonicadominicana.com\/portal\/politicas-publicas-fortalecen-el-desarrollo-del-deporte-la-cohesion-social-y-la-presencia-internacional-en-el-pais\/#primaryimage\",\"url\":\"https:\/\/potenciaradiofonicadominicana.com\/portal\/wp-content\/uploads\/2026\/04\/1001570478.jpg\",\"contentUrl\":\"https:\/\/potenciaradiofonicadominicana.com\/portal\/wp-content\/uploads\/2026\/04\/1001570478.jpg\",\"width\":1300,\"height\":731},{\"@type\":\"BreadcrumbList\",\"@id\":\"https:\/\/potenciaradiofonicadominicana.com\/portal\/politicas-publicas-fortalecen-el-desarrollo-del-deporte-la-cohesion-social-y-la-presencia-internacional-en-el-pais\/#breadcrumb\",\"itemListElement\":[{\"@type\":\"ListItem\",\"position\":1,\"name\":\"Portada\",\"item\":\"https:\/\/potenciaradiofonicadominicana.com\/portal\/\"},{\"@type\":\"ListItem\",\"position\":2,\"name\":\"Pol\u00edticas p\u00fablicas fortalecen el desarrollo del deporte, la cohesi\u00f3n social y la presencia internacional en el pa\u00eds\"}]},{\"@type\":\"WebSite\",\"@id\":\"https:\/\/potenciaradiofonicadominicana.com\/portal\/#website\",\"url\":\"https:\/\/potenciaradiofonicadominicana.com\/portal\/\",\"name\":\"PotenciaRadiofonicaDominicana.com\",\"description\":\"Peri\u00f3dico Digital\",\"publisher\":{\"@id\":\"https:\/\/potenciaradiofonicadominicana.com\/portal\/#organization\"},\"potentialAction\":[{\"@type\":\"SearchAction\",\"target\":{\"@type\":\"EntryPoint\",\"urlTemplate\":\"https:\/\/potenciaradiofonicadominicana.com\/portal\/?s={search_term_string}\"},\"query-input\":{\"@type\":\"PropertyValueSpecification\",\"valueRequired\":true,\"valueName\":\"search_term_string\"}}],\"inLanguage\":\"es\"},{\"@type\":\"Organization\",\"@id\":\"https:\/\/potenciaradiofonicadominicana.com\/portal\/#organization\",\"name\":\"PotenciaRadiofonicaDominicana.com\",\"url\":\"https:\/\/potenciaradiofonicadominicana.com\/portal\/\",\"logo\":{\"@type\":\"ImageObject\",\"inLanguage\":\"es\",\"@id\":\"https:\/\/potenciaradiofonicadominicana.com\/portal\/#\/schema\/logo\/image\/\",\"url\":\"https:\/\/potenciaradiofonicadominicana.com\/portal\/wp-content\/uploads\/2022\/01\/descarga.png\",\"contentUrl\":\"https:\/\/potenciaradiofonicadominicana.com\/portal\/wp-content\/uploads\/2022\/01\/descarga.png\",\"width\":300,\"height\":100,\"caption\":\"PotenciaRadiofonicaDominicana.com\"},\"image\":{\"@id\":\"https:\/\/potenciaradiofonicadominicana.com\/portal\/#\/schema\/logo\/image\/\"},\"sameAs\":[\"https:\/\/web.facebook.com\/PotenciaRadiofonicaD\"]},{\"@type\":\"Person\",\"@id\":\"https:\/\/potenciaradiofonicadominicana.com\/portal\/#\/schema\/person\/a5cf1fea13877803ee0573ac18b03490\",\"name\":\"Potencia Radiof\u00f3nica Dominicana\",\"image\":{\"@type\":\"ImageObject\",\"inLanguage\":\"es\",\"@id\":\"https:\/\/potenciaradiofonicadominicana.com\/portal\/#\/schema\/person\/image\/\",\"url\":\"https:\/\/secure.gravatar.com\/avatar\/42a55ab9e8ccc656ba34cd791990602a?s=96&d=mm&r=g\",\"contentUrl\":\"https:\/\/secure.gravatar.com\/avatar\/42a55ab9e8ccc656ba34cd791990602a?s=96&d=mm&r=g\",\"caption\":\"Potencia Radiof\u00f3nica Dominicana\"},\"url\":\"https:\/\/potenciaradiofonicadominicana.com\/portal\/author\/johannyalmanzar\/\"}]}<\/script>\n<!-- \/ Yoast SEO plugin. -->","yoast_head_json":{"title":"Pol\u00edticas p\u00fablicas fortalecen el desarrollo del deporte, la cohesi\u00f3n social y la presencia internacional en el pa\u00eds - PotenciaRadiofonicaDominicana.com","robots":{"index":"index","follow":"follow","max-snippet":"max-snippet:-1","max-image-preview":"max-image-preview:large","max-video-preview":"max-video-preview:-1"},"canonical":"https:\/\/potenciaradiofonicadominicana.com\/portal\/politicas-publicas-fortalecen-el-desarrollo-del-deporte-la-cohesion-social-y-la-presencia-internacional-en-el-pais\/","og_locale":"es_ES","og_type":"article","og_title":"Pol\u00edticas p\u00fablicas fortalecen el desarrollo del deporte, la cohesi\u00f3n social y la presencia internacional en el pa\u00eds - PotenciaRadiofonicaDominicana.com","og_description":"El director de la Direcci\u00f3n de Estrategia y Comunicaci\u00f3n Gubernamental\u00a0(Diecom), F\u00e9lix Reyna, destac\u00f3 que la\u00a0agenda de la semana\u00a0estuvo enfocada en ...","og_url":"https:\/\/potenciaradiofonicadominicana.com\/portal\/politicas-publicas-fortalecen-el-desarrollo-del-deporte-la-cohesion-social-y-la-presencia-internacional-en-el-pais\/","og_site_name":"PotenciaRadiofonicaDominicana.com","article_publisher":"https:\/\/web.facebook.com\/PotenciaRadiofonicaD","article_published_time":"2026-04-27T01:08:23+00:00","og_image":[{"width":1300,"height":731,"url":"https:\/\/potenciaradiofonicadominicana.com\/portal\/wp-content\/uploads\/2026\/04\/1001570478.jpg","type":"image\/jpeg"}],"author":"Potencia Radiof\u00f3nica Dominicana","twitter_card":"summary_large_image","twitter_misc":{"Escrito por":"Potencia Radiof\u00f3nica Dominicana","Tiempo de lectura":"4 minutos"},"schema":{"@context":"https:\/\/schema.org","@graph":[{"@type":"Article","@id":"https:\/\/potenciaradiofonicadominicana.com\/portal\/politicas-publicas-fortalecen-el-desarrollo-del-deporte-la-cohesion-social-y-la-presencia-internacional-en-el-pais\/#article","isPartOf":{"@id":"https:\/\/potenciaradiofonicadominicana.com\/portal\/politicas-publicas-fortalecen-el-desarrollo-del-deporte-la-cohesion-social-y-la-presencia-internacional-en-el-pais\/"},"author":{"name":"Potencia Radiof\u00f3nica Dominicana","@id":"https:\/\/potenciaradiofonicadominicana.com\/portal\/#\/schema\/person\/a5cf1fea13877803ee0573ac18b03490"},"headline":"Pol\u00edticas p\u00fablicas fortalecen el desarrollo del deporte, la cohesi\u00f3n social y la presencia internacional en el pa\u00eds","datePublished":"2026-04-27T01:08:23+00:00","mainEntityOfPage":{"@id":"https:\/\/potenciaradiofonicadominicana.com\/portal\/politicas-publicas-fortalecen-el-desarrollo-del-deporte-la-cohesion-social-y-la-presencia-internacional-en-el-pais\/"},"wordCount":748,"publisher":{"@id":"https:\/\/potenciaradiofonicadominicana.com\/portal\/#organization"},"image":{"@id":"https:\/\/potenciaradiofonicadominicana.com\/portal\/politicas-publicas-fortalecen-el-desarrollo-del-deporte-la-cohesion-social-y-la-presencia-internacional-en-el-pais\/#primaryimage"},"thumbnailUrl":"https:\/\/potenciaradiofonicadominicana.com\/portal\/wp-content\/uploads\/2026\/04\/1001570478.jpg","articleSection":["Noticias"],"inLanguage":"es"},{"@type":"WebPage","@id":"https:\/\/potenciaradiofonicadominicana.com\/portal\/politicas-publicas-fortalecen-el-desarrollo-del-deporte-la-cohesion-social-y-la-presencia-internacional-en-el-pais\/","url":"https:\/\/potenciaradiofonicadominicana.com\/portal\/politicas-publicas-fortalecen-el-desarrollo-del-deporte-la-cohesion-social-y-la-presencia-internacional-en-el-pais\/","name":"Pol\u00edticas p\u00fablicas fortalecen el desarrollo del deporte, la cohesi\u00f3n social y la presencia internacional en el pa\u00eds - PotenciaRadiofonicaDominicana.com","isPartOf":{"@id":"https:\/\/potenciaradiofonicadominicana.com\/portal\/#website"},"primaryImageOfPage":{"@id":"https:\/\/potenciaradiofonicadominicana.com\/portal\/politicas-publicas-fortalecen-el-desarrollo-del-deporte-la-cohesion-social-y-la-presencia-internacional-en-el-pais\/#primaryimage"},"image":{"@id":"https:\/\/potenciaradiofonicadominicana.com\/portal\/politicas-publicas-fortalecen-el-desarrollo-del-deporte-la-cohesion-social-y-la-presencia-internacional-en-el-pais\/#primaryimage"},"thumbnailUrl":"https:\/\/potenciaradiofonicadominicana.com\/portal\/wp-content\/uploads\/2026\/04\/1001570478.jpg","datePublished":"2026-04-27T01:08:23+00:00","breadcrumb":{"@id":"https:\/\/potenciaradiofonicadominicana.com\/portal\/politicas-publicas-fortalecen-el-desarrollo-del-deporte-la-cohesion-social-y-la-presencia-internacional-en-el-pais\/#breadcrumb"},"inLanguage":"es","potentialAction":[{"@type":"ReadAction","target":["https:\/\/potenciaradiofonicadominicana.com\/portal\/politicas-publicas-fortalecen-el-desarrollo-del-deporte-la-cohesion-social-y-la-presencia-internacional-en-el-pais\/"]}]},{"@type":"ImageObject","inLanguage":"es","@id":"https:\/\/potenciaradiofonicadominicana.com\/portal\/politicas-publicas-fortalecen-el-desarrollo-del-deporte-la-cohesion-social-y-la-presencia-internacional-en-el-pais\/#primaryimage","url":"https:\/\/potenciaradiofonicadominicana.com\/portal\/wp-content\/uploads\/2026\/04\/1001570478.jpg","contentUrl":"https:\/\/potenciaradiofonicadominicana.com\/portal\/wp-content\/uploads\/2026\/04\/1001570478.jpg","width":1300,"height":731},{"@type":"BreadcrumbList","@id":"https:\/\/potenciaradiofonicadominicana.com\/portal\/politicas-publicas-fortalecen-el-desarrollo-del-deporte-la-cohesion-social-y-la-presencia-internacional-en-el-pais\/#breadcrumb","itemListElement":[{"@type":"ListItem","position":1,"name":"Portada","item":"https:\/\/potenciaradiofonicadominicana.com\/portal\/"},{"@type":"ListItem","position":2,"name":"Pol\u00edticas p\u00fablicas fortalecen el desarrollo del deporte, la cohesi\u00f3n social y la presencia internacional en el pa\u00eds"}]},{"@type":"WebSite","@id":"https:\/\/potenciaradiofonicadominicana.com\/portal\/#website","url":"https:\/\/potenciaradiofonicadominicana.com\/portal\/","name":"PotenciaRadiofonicaDominicana.com","description":"Peri\u00f3dico Digital","publisher":{"@id":"https:\/\/potenciaradiofonicadominicana.com\/portal\/#organization"},"potentialAction":[{"@type":"SearchAction","target":{"@type":"EntryPoint","urlTemplate":"https:\/\/potenciaradiofonicadominicana.com\/portal\/?s={search_term_string}"},"query-input":{"@type":"PropertyValueSpecification","valueRequired":true,"valueName":"search_term_string"}}],"inLanguage":"es"},{"@type":"Organization","@id":"https:\/\/potenciaradiofonicadominicana.com\/portal\/#organization","name":"PotenciaRadiofonicaDominicana.com","url":"https:\/\/potenciaradiofonicadominicana.com\/portal\/","logo":{"@type":"ImageObject","inLanguage":"es","@id":"https:\/\/potenciaradiofonicadominicana.com\/portal\/#\/schema\/logo\/image\/","url":"https:\/\/potenciaradiofonicadominicana.com\/portal\/wp-content\/uploads\/2022\/01\/descarga.png","contentUrl":"https:\/\/potenciaradiofonicadominicana.com\/portal\/wp-content\/uploads\/2022\/01\/descarga.png","width":300,"height":100,"caption":"PotenciaRadiofonicaDominicana.com"},"image":{"@id":"https:\/\/potenciaradiofonicadominicana.com\/portal\/#\/schema\/logo\/image\/"},"sameAs":["https:\/\/web.facebook.com\/PotenciaRadiofonicaD"]},{"@type":"Person","@id":"https:\/\/potenciaradiofonicadominicana.com\/portal\/#\/schema\/person\/a5cf1fea13877803ee0573ac18b03490","name":"Potencia Radiof\u00f3nica Dominicana","image":{"@type":"ImageObject","inLanguage":"es","@id":"https:\/\/potenciaradiofonicadominicana.com\/portal\/#\/schema\/person\/image\/","url":"https:\/\/secure.gravatar.com\/avatar\/42a55ab9e8ccc656ba34cd791990602a?s=96&d=mm&r=g","contentUrl":"https:\/\/secure.gravatar.com\/avatar\/42a55ab9e8ccc656ba34cd791990602a?s=96&d=mm&r=g","caption":"Potencia Radiof\u00f3nica Dominicana"},"url":"https:\/\/potenciaradiofonicadominicana.com\/portal\/author\/johannyalmanzar\/"}]}},"_links":{"self":[{"href":"https:\/\/potenciaradiofonicadominicana.com\/portal\/wp-json\/wp\/v2\/posts\/215909","targetHints":{"allow":["GET"]}}],"collection":[{"href":"https:\/\/potenciaradiofonicadominicana.com\/portal\/wp-json\/wp\/v2\/posts"}],"about":[{"href":"https:\/\/potenciaradiofonicadominicana.com\/portal\/wp-json\/wp\/v2\/types\/post"}],"author":[{"embeddable":true,"href":"https:\/\/potenciaradiofonicadominicana.com\/portal\/wp-json\/wp\/v2\/users\/2"}],"replies":[{"embeddable":true,"href":"https:\/\/potenciaradiofonicadominicana.com\/portal\/wp-json\/wp\/v2\/comments?post=215909"}],"version-history":[{"count":1,"href":"https:\/\/potenciaradiofonicadominicana.com\/portal\/wp-json\/wp\/v2\/posts\/215909\/revisions"}],"predecessor-version":[{"id":215911,"href":"https:\/\/potenciaradiofonicadominicana.com\/portal\/wp-json\/wp\/v2\/posts\/215909\/revisions\/215911"}],"wp:featuredmedia":[{"embeddable":true,"href":"https:\/\/potenciaradiofonicadominicana.com\/portal\/wp-json\/wp\/v2\/media\/215910"}],"wp:attachment":[{"href":"https:\/\/potenciaradiofonicadominicana.com\/portal\/wp-json\/wp\/v2\/media?parent=215909"}],"wp:term":[{"taxonomy":"category","embeddable":true,"href":"https:\/\/potenciaradiofonicadominicana.com\/portal\/wp-json\/wp\/v2\/categories?post=215909"},{"taxonomy":"post_tag","embeddable":true,"href":"https:\/\/potenciaradiofonicadominicana.com\/portal\/wp-json\/wp\/v2\/tags?post=215909"}],"curies":[{"name":"wp","href":"https:\/\/api.w.org\/{rel}","templated":true}]}}