{"id":215899,"date":"2026-04-26T21:03:57","date_gmt":"2026-04-27T01:03:57","guid":{"rendered":"https:\/\/potenciaradiofonicadominicana.com\/portal\/?p=215899"},"modified":"2026-04-26T21:03:57","modified_gmt":"2026-04-27T01:03:57","slug":"nuevo-liceo-en-copeyito-rio-san-juan-es-inaugurado-por-el-presidente-luis-abinader-tras-14-anos-de-espera","status":"publish","type":"post","link":"https:\/\/potenciaradiofonicadominicana.com\/portal\/nuevo-liceo-en-copeyito-rio-san-juan-es-inaugurado-por-el-presidente-luis-abinader-tras-14-anos-de-espera\/","title":{"rendered":"Nuevo liceo en Copeyito, R\u00edo San Juan, es inaugurado por el presidente Luis Abinader tras 14 a\u00f1os de espera"},"content":{"rendered":"<p><a href=\"https:\/\/potenciaradiofonicadominicana.com\/portal\/wp-content\/uploads\/2026\/04\/1001570321.jpg\"><img loading=\"lazy\" decoding=\"async\" class=\"alignnone size-full wp-image-215900\" src=\"https:\/\/potenciaradiofonicadominicana.com\/portal\/wp-content\/uploads\/2026\/04\/1001570321.jpg\" alt=\"\" width=\"1300\" height=\"731\" srcset=\"https:\/\/potenciaradiofonicadominicana.com\/portal\/wp-content\/uploads\/2026\/04\/1001570321.jpg 1300w, https:\/\/potenciaradiofonicadominicana.com\/portal\/wp-content\/uploads\/2026\/04\/1001570321-300x169.jpg 300w, https:\/\/potenciaradiofonicadominicana.com\/portal\/wp-content\/uploads\/2026\/04\/1001570321-1024x576.jpg 1024w, https:\/\/potenciaradiofonicadominicana.com\/portal\/wp-content\/uploads\/2026\/04\/1001570321-768x432.jpg 768w\" sizes=\"auto, (max-width: 1300px) 100vw, 1300px\" \/><\/a><\/p>\n<p class=\"text-align-justify\">R\u00edo San Juan.- En beneficio de\u00a0<strong>m\u00e1s de 280 estudiantes de Copeyito<\/strong>, el presidente Luis Abinader\u00a0<strong>inaugur\u00f3 el liceo<\/strong>\u00a0que lleva el mismo nombre y que hab\u00eda sido deseado con ansias por esta comunidad durante\u00a0<strong>m\u00e1s de una d\u00e9cada.<\/strong><\/p>\n<p class=\"text-align-justify\">A partir de ahora, estudiantes, maestros y personal administrativo podr\u00e1n desempe\u00f1ar sus responsabilidades diarias en\u00a0<strong>espacios f\u00edsicos adecuados<\/strong>\u00a0para el aprendizaje y la ense\u00f1anza, el crecimiento y un futuro promisorio.<\/p>\n<p class=\"text-align-justify\">Ubicado en R\u00edo San Juan, provincia Mar\u00eda Trinidad S\u00e1nchez, el Liceo Copeyito refuerza el sistema educativo p\u00fablico nacional con seis aulas, laboratorio de inform\u00e1tica, laboratorio de ciencias, sala de enfermer\u00eda, sal\u00f3n de profesores, cancha mixta, entre otros.<\/p>\n<p class=\"text-align-justify\"><strong>Roberto Herrera<\/strong>, director de Infraestructura Escolar, destac\u00f3 que este centro educativo de nivel medio fue concluido a trav\u00e9s del\u00a0<strong>Plan \u201cAulas 24\/7-365\u201d<\/strong>, puesto en marcha por el Ministerio de Educaci\u00f3n para retomar\u00a0<strong>obras abandonadas<\/strong>, as\u00ed como ampliar y fortalecer la infraestructura escolar, con especial atenci\u00f3n en\u00a0<strong>comunidades<\/strong>\u00a0que requieren respuestas concretas.<\/p>\n<p class=\"text-align-justify\">Previo a estas palabras, el<strong>\u00a0p\u00e1rroco Ram\u00f3n Andr\u00e9s Hern\u00e1ndez<\/strong>, valor\u00f3 como positiva la gesti\u00f3n de Gobierno del presidente Abinader, destacando que se ha trabajado\u00a0<strong>en favor del bien com\u00fan y el desarrollo del pa\u00eds.<\/strong><\/p>\n<p class=\"text-align-justify\"><strong>Inaugura escuela en R\u00edo San Juan<\/strong><\/p>\n<p class=\"text-align-justify\">De manera simult\u00e1nea, en representaci\u00f3n del presidente Luis Abinader, el ministro de Educaci\u00f3n,\u00a0<strong>Luis Miguel De Camps<\/strong>, realiz\u00f3 la inauguraci\u00f3n de la\u00a0<strong>Escuela Primaria Raquel de la Rosa Fa\u00f1a<\/strong>, en la comunidad\u00a0<strong>El Ed\u00e9n<\/strong>, R\u00edo San Juan,\u00a0<strong>tambi\u00e9n esperada por los lugare\u00f1os durante 14 a\u00f1os.<\/strong><\/p>\n<p class=\"text-align-justify\">Al igual que el Liceo Copeyito, la terminaci\u00f3n del plantel educativo, iniciado en 2012,<strong>\u00a0se realiz\u00f3 a trav\u00e9s del Plan \u201cAulas 24\/7-365\u201d,<\/strong>\u00a0que instituy\u00f3 el mandatario.<\/p>\n<p class=\"text-align-justify\">En la escuela, que impactar\u00e1 a\u00a0<strong>m\u00e1s de 400 alumnos<\/strong>, se hizo una inversi\u00f3n de\u00a0<strong>RD 96,349,342<\/strong>\u00a0en sus 17 aulas, biblioteca, cancha deportiva, plaza c\u00edvica y sal\u00f3n multiusos.<\/p>\n<p class=\"text-align-justify\">En las palabras centrales, De Camps dijo que la entrega del plantel escolar responde a la necesidad de acompa\u00f1ar a los estudiantes en\u00a0<strong>un espacio en el cual se construyen las bases para el futuro<\/strong>, donde\u00a0<em>\u00abse despertar\u00e1n vocaciones, se comenzar\u00e1n a construir los proyectos de vida de cientos y cientos de ni\u00f1as y de ni\u00f1os de esta comunidad\u00bb.<\/em><\/p>\n<p><img loading=\"lazy\" decoding=\"async\" src=\"https:\/\/www.presidencia.gob.do\/sites\/default\/files\/inline-images\/1001570158.jpg\" width=\"4160\" height=\"2773\" data-entity-uuid=\"325bbdaa-6c5a-4c33-a4b4-346f2efd5086\" data-entity-type=\"file\" \/><\/p>\n<p class=\"text-align-justify\">Llam\u00f3 a las familias de R\u00edo San Juan a hacerse parte de la vida de la escuela acompa\u00f1ando el proceso educativo y a los estudiantes para\u00a0<strong>llenar las aulas con sus sue\u00f1os, con disciplina y compromiso.<\/strong><\/p>\n<p class=\"text-align-justify\">En nombre de los estudiantes,\u00a0<strong>Lismary Mart\u00ednez Caraballo<\/strong>, de cuarto grado, agradeci\u00f3 por la obra y la apuesta del presidente Luis Abinader por ellos, al garantizarle el\u00a0<strong>derecho a la educaci\u00f3n,\u00a0<\/strong>lo que los llevar\u00e1 a alcanzar la meta de ser profesionales para\u00a0<strong>su progreso y el servicio el pa\u00eds.<\/strong><\/p>\n<p><img loading=\"lazy\" decoding=\"async\" src=\"https:\/\/www.presidencia.gob.do\/sites\/default\/files\/inline-images\/1001570149_1.jpg\" width=\"4160\" height=\"2773\" data-entity-uuid=\"6164b88b-3d40-405c-a22f-390a0db4a9a7\" data-entity-type=\"file\" \/><\/p>\n<p class=\"text-align-justify\">En el acto participaron la gobernadora\u00a0<strong>Mar\u00eda L\u00f3pez<\/strong>; el senador\u00a0<strong>Alexis Victoria Yeb<\/strong>; el director de Instituto Nacional de Bienestar Estudiantil\u00a0<strong>(Inabie)<\/strong>, \u00a0del Sistema Nacional de Transporte Estudiantil\u00a0<strong>(Trae),<\/strong>\u00a0<strong>Luis Felipe Cartagena,<\/strong>\u00a0y de Desarrollo de la Comunidad,\u00a0<strong>Modesto Guzm\u00e1n<\/strong>; tambi\u00e9n el director general del Bandex,\u00a0<strong>Catalino Correa.<\/strong><\/p>\n","protected":false},"excerpt":{"rendered":"<p>R\u00edo San Juan.- En beneficio de\u00a0m\u00e1s de 280 estudiantes de Copeyito, el presidente Luis Abinader\u00a0inaugur\u00f3 el liceo\u00a0que lleva el mismo &#8230;<\/p>\n","protected":false},"author":2,"featured_media":215900,"comment_status":"closed","ping_status":"closed","sticky":false,"template":"","format":"standard","meta":{"footnotes":""},"categories":[25],"tags":[],"class_list":["post-215899","post","type-post","status-publish","format-standard","has-post-thumbnail","hentry","category-noticias"],"yoast_head":"<!-- This site is optimized with the Yoast SEO plugin v24.8.1 - https:\/\/yoast.com\/wordpress\/plugins\/seo\/ -->\n<title>Nuevo liceo en Copeyito, R\u00edo San Juan, es inaugurado por el presidente Luis Abinader tras 14 a\u00f1os de espera - PotenciaRadiofonicaDominicana.com<\/title>\n<meta name=\"robots\" content=\"index, follow, max-snippet:-1, max-image-preview:large, max-video-preview:-1\" \/>\n<link rel=\"canonical\" href=\"https:\/\/potenciaradiofonicadominicana.com\/portal\/nuevo-liceo-en-copeyito-rio-san-juan-es-inaugurado-por-el-presidente-luis-abinader-tras-14-anos-de-espera\/\" \/>\n<meta property=\"og:locale\" content=\"es_ES\" \/>\n<meta property=\"og:type\" content=\"article\" \/>\n<meta property=\"og:title\" content=\"Nuevo liceo en Copeyito, R\u00edo San Juan, es inaugurado por el presidente Luis Abinader tras 14 a\u00f1os de espera - PotenciaRadiofonicaDominicana.com\" \/>\n<meta property=\"og:description\" content=\"R\u00edo San Juan.- En beneficio de\u00a0m\u00e1s de 280 estudiantes de Copeyito, el presidente Luis Abinader\u00a0inaugur\u00f3 el liceo\u00a0que lleva el mismo ...\" \/>\n<meta property=\"og:url\" content=\"https:\/\/potenciaradiofonicadominicana.com\/portal\/nuevo-liceo-en-copeyito-rio-san-juan-es-inaugurado-por-el-presidente-luis-abinader-tras-14-anos-de-espera\/\" \/>\n<meta property=\"og:site_name\" content=\"PotenciaRadiofonicaDominicana.com\" \/>\n<meta property=\"article:publisher\" content=\"https:\/\/web.facebook.com\/PotenciaRadiofonicaD\" \/>\n<meta property=\"article:published_time\" content=\"2026-04-27T01:03:57+00:00\" \/>\n<meta property=\"og:image\" content=\"https:\/\/potenciaradiofonicadominicana.com\/portal\/wp-content\/uploads\/2026\/04\/1001570321.jpg\" \/>\n\t<meta property=\"og:image:width\" content=\"1300\" \/>\n\t<meta property=\"og:image:height\" content=\"731\" \/>\n\t<meta property=\"og:image:type\" content=\"image\/jpeg\" \/>\n<meta name=\"author\" content=\"Potencia Radiof\u00f3nica Dominicana\" \/>\n<meta name=\"twitter:card\" content=\"summary_large_image\" \/>\n<meta name=\"twitter:label1\" content=\"Escrito por\" \/>\n\t<meta name=\"twitter:data1\" content=\"Potencia Radiof\u00f3nica Dominicana\" \/>\n\t<meta name=\"twitter:label2\" content=\"Tiempo de lectura\" \/>\n\t<meta name=\"twitter:data2\" content=\"4 minutos\" \/>\n<script type=\"application\/ld+json\" class=\"yoast-schema-graph\">{\"@context\":\"https:\/\/schema.org\",\"@graph\":[{\"@type\":\"Article\",\"@id\":\"https:\/\/potenciaradiofonicadominicana.com\/portal\/nuevo-liceo-en-copeyito-rio-san-juan-es-inaugurado-por-el-presidente-luis-abinader-tras-14-anos-de-espera\/#article\",\"isPartOf\":{\"@id\":\"https:\/\/potenciaradiofonicadominicana.com\/portal\/nuevo-liceo-en-copeyito-rio-san-juan-es-inaugurado-por-el-presidente-luis-abinader-tras-14-anos-de-espera\/\"},\"author\":{\"name\":\"Potencia Radiof\u00f3nica Dominicana\",\"@id\":\"https:\/\/potenciaradiofonicadominicana.com\/portal\/#\/schema\/person\/a5cf1fea13877803ee0573ac18b03490\"},\"headline\":\"Nuevo liceo en Copeyito, R\u00edo San Juan, es inaugurado por el presidente Luis Abinader tras 14 a\u00f1os de espera\",\"datePublished\":\"2026-04-27T01:03:57+00:00\",\"mainEntityOfPage\":{\"@id\":\"https:\/\/potenciaradiofonicadominicana.com\/portal\/nuevo-liceo-en-copeyito-rio-san-juan-es-inaugurado-por-el-presidente-luis-abinader-tras-14-anos-de-espera\/\"},\"wordCount\":563,\"publisher\":{\"@id\":\"https:\/\/potenciaradiofonicadominicana.com\/portal\/#organization\"},\"image\":{\"@id\":\"https:\/\/potenciaradiofonicadominicana.com\/portal\/nuevo-liceo-en-copeyito-rio-san-juan-es-inaugurado-por-el-presidente-luis-abinader-tras-14-anos-de-espera\/#primaryimage\"},\"thumbnailUrl\":\"https:\/\/potenciaradiofonicadominicana.com\/portal\/wp-content\/uploads\/2026\/04\/1001570321.jpg\",\"articleSection\":[\"Noticias\"],\"inLanguage\":\"es\"},{\"@type\":\"WebPage\",\"@id\":\"https:\/\/potenciaradiofonicadominicana.com\/portal\/nuevo-liceo-en-copeyito-rio-san-juan-es-inaugurado-por-el-presidente-luis-abinader-tras-14-anos-de-espera\/\",\"url\":\"https:\/\/potenciaradiofonicadominicana.com\/portal\/nuevo-liceo-en-copeyito-rio-san-juan-es-inaugurado-por-el-presidente-luis-abinader-tras-14-anos-de-espera\/\",\"name\":\"Nuevo liceo en Copeyito, R\u00edo San Juan, es inaugurado por el presidente Luis Abinader tras 14 a\u00f1os de espera - PotenciaRadiofonicaDominicana.com\",\"isPartOf\":{\"@id\":\"https:\/\/potenciaradiofonicadominicana.com\/portal\/#website\"},\"primaryImageOfPage\":{\"@id\":\"https:\/\/potenciaradiofonicadominicana.com\/portal\/nuevo-liceo-en-copeyito-rio-san-juan-es-inaugurado-por-el-presidente-luis-abinader-tras-14-anos-de-espera\/#primaryimage\"},\"image\":{\"@id\":\"https:\/\/potenciaradiofonicadominicana.com\/portal\/nuevo-liceo-en-copeyito-rio-san-juan-es-inaugurado-por-el-presidente-luis-abinader-tras-14-anos-de-espera\/#primaryimage\"},\"thumbnailUrl\":\"https:\/\/potenciaradiofonicadominicana.com\/portal\/wp-content\/uploads\/2026\/04\/1001570321.jpg\",\"datePublished\":\"2026-04-27T01:03:57+00:00\",\"breadcrumb\":{\"@id\":\"https:\/\/potenciaradiofonicadominicana.com\/portal\/nuevo-liceo-en-copeyito-rio-san-juan-es-inaugurado-por-el-presidente-luis-abinader-tras-14-anos-de-espera\/#breadcrumb\"},\"inLanguage\":\"es\",\"potentialAction\":[{\"@type\":\"ReadAction\",\"target\":[\"https:\/\/potenciaradiofonicadominicana.com\/portal\/nuevo-liceo-en-copeyito-rio-san-juan-es-inaugurado-por-el-presidente-luis-abinader-tras-14-anos-de-espera\/\"]}]},{\"@type\":\"ImageObject\",\"inLanguage\":\"es\",\"@id\":\"https:\/\/potenciaradiofonicadominicana.com\/portal\/nuevo-liceo-en-copeyito-rio-san-juan-es-inaugurado-por-el-presidente-luis-abinader-tras-14-anos-de-espera\/#primaryimage\",\"url\":\"https:\/\/potenciaradiofonicadominicana.com\/portal\/wp-content\/uploads\/2026\/04\/1001570321.jpg\",\"contentUrl\":\"https:\/\/potenciaradiofonicadominicana.com\/portal\/wp-content\/uploads\/2026\/04\/1001570321.jpg\",\"width\":1300,\"height\":731},{\"@type\":\"BreadcrumbList\",\"@id\":\"https:\/\/potenciaradiofonicadominicana.com\/portal\/nuevo-liceo-en-copeyito-rio-san-juan-es-inaugurado-por-el-presidente-luis-abinader-tras-14-anos-de-espera\/#breadcrumb\",\"itemListElement\":[{\"@type\":\"ListItem\",\"position\":1,\"name\":\"Portada\",\"item\":\"https:\/\/potenciaradiofonicadominicana.com\/portal\/\"},{\"@type\":\"ListItem\",\"position\":2,\"name\":\"Nuevo liceo en Copeyito, R\u00edo San Juan, es inaugurado por el presidente Luis Abinader tras 14 a\u00f1os de espera\"}]},{\"@type\":\"WebSite\",\"@id\":\"https:\/\/potenciaradiofonicadominicana.com\/portal\/#website\",\"url\":\"https:\/\/potenciaradiofonicadominicana.com\/portal\/\",\"name\":\"PotenciaRadiofonicaDominicana.com\",\"description\":\"Peri\u00f3dico Digital\",\"publisher\":{\"@id\":\"https:\/\/potenciaradiofonicadominicana.com\/portal\/#organization\"},\"potentialAction\":[{\"@type\":\"SearchAction\",\"target\":{\"@type\":\"EntryPoint\",\"urlTemplate\":\"https:\/\/potenciaradiofonicadominicana.com\/portal\/?s={search_term_string}\"},\"query-input\":{\"@type\":\"PropertyValueSpecification\",\"valueRequired\":true,\"valueName\":\"search_term_string\"}}],\"inLanguage\":\"es\"},{\"@type\":\"Organization\",\"@id\":\"https:\/\/potenciaradiofonicadominicana.com\/portal\/#organization\",\"name\":\"PotenciaRadiofonicaDominicana.com\",\"url\":\"https:\/\/potenciaradiofonicadominicana.com\/portal\/\",\"logo\":{\"@type\":\"ImageObject\",\"inLanguage\":\"es\",\"@id\":\"https:\/\/potenciaradiofonicadominicana.com\/portal\/#\/schema\/logo\/image\/\",\"url\":\"https:\/\/potenciaradiofonicadominicana.com\/portal\/wp-content\/uploads\/2022\/01\/descarga.png\",\"contentUrl\":\"https:\/\/potenciaradiofonicadominicana.com\/portal\/wp-content\/uploads\/2022\/01\/descarga.png\",\"width\":300,\"height\":100,\"caption\":\"PotenciaRadiofonicaDominicana.com\"},\"image\":{\"@id\":\"https:\/\/potenciaradiofonicadominicana.com\/portal\/#\/schema\/logo\/image\/\"},\"sameAs\":[\"https:\/\/web.facebook.com\/PotenciaRadiofonicaD\"]},{\"@type\":\"Person\",\"@id\":\"https:\/\/potenciaradiofonicadominicana.com\/portal\/#\/schema\/person\/a5cf1fea13877803ee0573ac18b03490\",\"name\":\"Potencia Radiof\u00f3nica Dominicana\",\"image\":{\"@type\":\"ImageObject\",\"inLanguage\":\"es\",\"@id\":\"https:\/\/potenciaradiofonicadominicana.com\/portal\/#\/schema\/person\/image\/\",\"url\":\"https:\/\/secure.gravatar.com\/avatar\/42a55ab9e8ccc656ba34cd791990602a?s=96&d=mm&r=g\",\"contentUrl\":\"https:\/\/secure.gravatar.com\/avatar\/42a55ab9e8ccc656ba34cd791990602a?s=96&d=mm&r=g\",\"caption\":\"Potencia Radiof\u00f3nica Dominicana\"},\"url\":\"https:\/\/potenciaradiofonicadominicana.com\/portal\/author\/johannyalmanzar\/\"}]}<\/script>\n<!-- \/ Yoast SEO plugin. -->","yoast_head_json":{"title":"Nuevo liceo en Copeyito, R\u00edo San Juan, es inaugurado por el presidente Luis Abinader tras 14 a\u00f1os de espera - PotenciaRadiofonicaDominicana.com","robots":{"index":"index","follow":"follow","max-snippet":"max-snippet:-1","max-image-preview":"max-image-preview:large","max-video-preview":"max-video-preview:-1"},"canonical":"https:\/\/potenciaradiofonicadominicana.com\/portal\/nuevo-liceo-en-copeyito-rio-san-juan-es-inaugurado-por-el-presidente-luis-abinader-tras-14-anos-de-espera\/","og_locale":"es_ES","og_type":"article","og_title":"Nuevo liceo en Copeyito, R\u00edo San Juan, es inaugurado por el presidente Luis Abinader tras 14 a\u00f1os de espera - PotenciaRadiofonicaDominicana.com","og_description":"R\u00edo San Juan.- En beneficio de\u00a0m\u00e1s de 280 estudiantes de Copeyito, el presidente Luis Abinader\u00a0inaugur\u00f3 el liceo\u00a0que lleva el mismo ...","og_url":"https:\/\/potenciaradiofonicadominicana.com\/portal\/nuevo-liceo-en-copeyito-rio-san-juan-es-inaugurado-por-el-presidente-luis-abinader-tras-14-anos-de-espera\/","og_site_name":"PotenciaRadiofonicaDominicana.com","article_publisher":"https:\/\/web.facebook.com\/PotenciaRadiofonicaD","article_published_time":"2026-04-27T01:03:57+00:00","og_image":[{"width":1300,"height":731,"url":"https:\/\/potenciaradiofonicadominicana.com\/portal\/wp-content\/uploads\/2026\/04\/1001570321.jpg","type":"image\/jpeg"}],"author":"Potencia Radiof\u00f3nica Dominicana","twitter_card":"summary_large_image","twitter_misc":{"Escrito por":"Potencia Radiof\u00f3nica Dominicana","Tiempo de lectura":"4 minutos"},"schema":{"@context":"https:\/\/schema.org","@graph":[{"@type":"Article","@id":"https:\/\/potenciaradiofonicadominicana.com\/portal\/nuevo-liceo-en-copeyito-rio-san-juan-es-inaugurado-por-el-presidente-luis-abinader-tras-14-anos-de-espera\/#article","isPartOf":{"@id":"https:\/\/potenciaradiofonicadominicana.com\/portal\/nuevo-liceo-en-copeyito-rio-san-juan-es-inaugurado-por-el-presidente-luis-abinader-tras-14-anos-de-espera\/"},"author":{"name":"Potencia Radiof\u00f3nica Dominicana","@id":"https:\/\/potenciaradiofonicadominicana.com\/portal\/#\/schema\/person\/a5cf1fea13877803ee0573ac18b03490"},"headline":"Nuevo liceo en Copeyito, R\u00edo San Juan, es inaugurado por el presidente Luis Abinader tras 14 a\u00f1os de espera","datePublished":"2026-04-27T01:03:57+00:00","mainEntityOfPage":{"@id":"https:\/\/potenciaradiofonicadominicana.com\/portal\/nuevo-liceo-en-copeyito-rio-san-juan-es-inaugurado-por-el-presidente-luis-abinader-tras-14-anos-de-espera\/"},"wordCount":563,"publisher":{"@id":"https:\/\/potenciaradiofonicadominicana.com\/portal\/#organization"},"image":{"@id":"https:\/\/potenciaradiofonicadominicana.com\/portal\/nuevo-liceo-en-copeyito-rio-san-juan-es-inaugurado-por-el-presidente-luis-abinader-tras-14-anos-de-espera\/#primaryimage"},"thumbnailUrl":"https:\/\/potenciaradiofonicadominicana.com\/portal\/wp-content\/uploads\/2026\/04\/1001570321.jpg","articleSection":["Noticias"],"inLanguage":"es"},{"@type":"WebPage","@id":"https:\/\/potenciaradiofonicadominicana.com\/portal\/nuevo-liceo-en-copeyito-rio-san-juan-es-inaugurado-por-el-presidente-luis-abinader-tras-14-anos-de-espera\/","url":"https:\/\/potenciaradiofonicadominicana.com\/portal\/nuevo-liceo-en-copeyito-rio-san-juan-es-inaugurado-por-el-presidente-luis-abinader-tras-14-anos-de-espera\/","name":"Nuevo liceo en Copeyito, R\u00edo San Juan, es inaugurado por el presidente Luis Abinader tras 14 a\u00f1os de espera - PotenciaRadiofonicaDominicana.com","isPartOf":{"@id":"https:\/\/potenciaradiofonicadominicana.com\/portal\/#website"},"primaryImageOfPage":{"@id":"https:\/\/potenciaradiofonicadominicana.com\/portal\/nuevo-liceo-en-copeyito-rio-san-juan-es-inaugurado-por-el-presidente-luis-abinader-tras-14-anos-de-espera\/#primaryimage"},"image":{"@id":"https:\/\/potenciaradiofonicadominicana.com\/portal\/nuevo-liceo-en-copeyito-rio-san-juan-es-inaugurado-por-el-presidente-luis-abinader-tras-14-anos-de-espera\/#primaryimage"},"thumbnailUrl":"https:\/\/potenciaradiofonicadominicana.com\/portal\/wp-content\/uploads\/2026\/04\/1001570321.jpg","datePublished":"2026-04-27T01:03:57+00:00","breadcrumb":{"@id":"https:\/\/potenciaradiofonicadominicana.com\/portal\/nuevo-liceo-en-copeyito-rio-san-juan-es-inaugurado-por-el-presidente-luis-abinader-tras-14-anos-de-espera\/#breadcrumb"},"inLanguage":"es","potentialAction":[{"@type":"ReadAction","target":["https:\/\/potenciaradiofonicadominicana.com\/portal\/nuevo-liceo-en-copeyito-rio-san-juan-es-inaugurado-por-el-presidente-luis-abinader-tras-14-anos-de-espera\/"]}]},{"@type":"ImageObject","inLanguage":"es","@id":"https:\/\/potenciaradiofonicadominicana.com\/portal\/nuevo-liceo-en-copeyito-rio-san-juan-es-inaugurado-por-el-presidente-luis-abinader-tras-14-anos-de-espera\/#primaryimage","url":"https:\/\/potenciaradiofonicadominicana.com\/portal\/wp-content\/uploads\/2026\/04\/1001570321.jpg","contentUrl":"https:\/\/potenciaradiofonicadominicana.com\/portal\/wp-content\/uploads\/2026\/04\/1001570321.jpg","width":1300,"height":731},{"@type":"BreadcrumbList","@id":"https:\/\/potenciaradiofonicadominicana.com\/portal\/nuevo-liceo-en-copeyito-rio-san-juan-es-inaugurado-por-el-presidente-luis-abinader-tras-14-anos-de-espera\/#breadcrumb","itemListElement":[{"@type":"ListItem","position":1,"name":"Portada","item":"https:\/\/potenciaradiofonicadominicana.com\/portal\/"},{"@type":"ListItem","position":2,"name":"Nuevo liceo en Copeyito, R\u00edo San Juan, es inaugurado por el presidente Luis Abinader tras 14 a\u00f1os de espera"}]},{"@type":"WebSite","@id":"https:\/\/potenciaradiofonicadominicana.com\/portal\/#website","url":"https:\/\/potenciaradiofonicadominicana.com\/portal\/","name":"PotenciaRadiofonicaDominicana.com","description":"Peri\u00f3dico Digital","publisher":{"@id":"https:\/\/potenciaradiofonicadominicana.com\/portal\/#organization"},"potentialAction":[{"@type":"SearchAction","target":{"@type":"EntryPoint","urlTemplate":"https:\/\/potenciaradiofonicadominicana.com\/portal\/?s={search_term_string}"},"query-input":{"@type":"PropertyValueSpecification","valueRequired":true,"valueName":"search_term_string"}}],"inLanguage":"es"},{"@type":"Organization","@id":"https:\/\/potenciaradiofonicadominicana.com\/portal\/#organization","name":"PotenciaRadiofonicaDominicana.com","url":"https:\/\/potenciaradiofonicadominicana.com\/portal\/","logo":{"@type":"ImageObject","inLanguage":"es","@id":"https:\/\/potenciaradiofonicadominicana.com\/portal\/#\/schema\/logo\/image\/","url":"https:\/\/potenciaradiofonicadominicana.com\/portal\/wp-content\/uploads\/2022\/01\/descarga.png","contentUrl":"https:\/\/potenciaradiofonicadominicana.com\/portal\/wp-content\/uploads\/2022\/01\/descarga.png","width":300,"height":100,"caption":"PotenciaRadiofonicaDominicana.com"},"image":{"@id":"https:\/\/potenciaradiofonicadominicana.com\/portal\/#\/schema\/logo\/image\/"},"sameAs":["https:\/\/web.facebook.com\/PotenciaRadiofonicaD"]},{"@type":"Person","@id":"https:\/\/potenciaradiofonicadominicana.com\/portal\/#\/schema\/person\/a5cf1fea13877803ee0573ac18b03490","name":"Potencia Radiof\u00f3nica Dominicana","image":{"@type":"ImageObject","inLanguage":"es","@id":"https:\/\/potenciaradiofonicadominicana.com\/portal\/#\/schema\/person\/image\/","url":"https:\/\/secure.gravatar.com\/avatar\/42a55ab9e8ccc656ba34cd791990602a?s=96&d=mm&r=g","contentUrl":"https:\/\/secure.gravatar.com\/avatar\/42a55ab9e8ccc656ba34cd791990602a?s=96&d=mm&r=g","caption":"Potencia Radiof\u00f3nica Dominicana"},"url":"https:\/\/potenciaradiofonicadominicana.com\/portal\/author\/johannyalmanzar\/"}]}},"_links":{"self":[{"href":"https:\/\/potenciaradiofonicadominicana.com\/portal\/wp-json\/wp\/v2\/posts\/215899","targetHints":{"allow":["GET"]}}],"collection":[{"href":"https:\/\/potenciaradiofonicadominicana.com\/portal\/wp-json\/wp\/v2\/posts"}],"about":[{"href":"https:\/\/potenciaradiofonicadominicana.com\/portal\/wp-json\/wp\/v2\/types\/post"}],"author":[{"embeddable":true,"href":"https:\/\/potenciaradiofonicadominicana.com\/portal\/wp-json\/wp\/v2\/users\/2"}],"replies":[{"embeddable":true,"href":"https:\/\/potenciaradiofonicadominicana.com\/portal\/wp-json\/wp\/v2\/comments?post=215899"}],"version-history":[{"count":1,"href":"https:\/\/potenciaradiofonicadominicana.com\/portal\/wp-json\/wp\/v2\/posts\/215899\/revisions"}],"predecessor-version":[{"id":215901,"href":"https:\/\/potenciaradiofonicadominicana.com\/portal\/wp-json\/wp\/v2\/posts\/215899\/revisions\/215901"}],"wp:featuredmedia":[{"embeddable":true,"href":"https:\/\/potenciaradiofonicadominicana.com\/portal\/wp-json\/wp\/v2\/media\/215900"}],"wp:attachment":[{"href":"https:\/\/potenciaradiofonicadominicana.com\/portal\/wp-json\/wp\/v2\/media?parent=215899"}],"wp:term":[{"taxonomy":"category","embeddable":true,"href":"https:\/\/potenciaradiofonicadominicana.com\/portal\/wp-json\/wp\/v2\/categories?post=215899"},{"taxonomy":"post_tag","embeddable":true,"href":"https:\/\/potenciaradiofonicadominicana.com\/portal\/wp-json\/wp\/v2\/tags?post=215899"}],"curies":[{"name":"wp","href":"https:\/\/api.w.org\/{rel}","templated":true}]}}