{"id":215886,"date":"2026-04-26T20:56:12","date_gmt":"2026-04-27T00:56:12","guid":{"rendered":"https:\/\/potenciaradiofonicadominicana.com\/portal\/?p=215886"},"modified":"2026-04-26T20:56:12","modified_gmt":"2026-04-27T00:56:12","slug":"el-presidente-israeli-pospone-el-indulto-a-netanyahu-y-pide-negociar-con-la-fiscalia","status":"publish","type":"post","link":"https:\/\/potenciaradiofonicadominicana.com\/portal\/el-presidente-israeli-pospone-el-indulto-a-netanyahu-y-pide-negociar-con-la-fiscalia\/","title":{"rendered":"El presidente israel\u00ed pospone el indulto a Netanyahu y pide negociar con la Fiscal\u00eda"},"content":{"rendered":"<p><a href=\"https:\/\/potenciaradiofonicadominicana.com\/portal\/wp-content\/uploads\/2026\/04\/2024-12-09t184106z-1349156614-rc2ulbauotvd-rtrmadp-3-israel-netanyahu.jpg\"><img loading=\"lazy\" decoding=\"async\" class=\"alignnone size-full wp-image-215887\" src=\"https:\/\/potenciaradiofonicadominicana.com\/portal\/wp-content\/uploads\/2026\/04\/2024-12-09t184106z-1349156614-rc2ulbauotvd-rtrmadp-3-israel-netanyahu.jpg\" alt=\"\" width=\"2000\" height=\"1333\" srcset=\"https:\/\/potenciaradiofonicadominicana.com\/portal\/wp-content\/uploads\/2026\/04\/2024-12-09t184106z-1349156614-rc2ulbauotvd-rtrmadp-3-israel-netanyahu.jpg 2000w, https:\/\/potenciaradiofonicadominicana.com\/portal\/wp-content\/uploads\/2026\/04\/2024-12-09t184106z-1349156614-rc2ulbauotvd-rtrmadp-3-israel-netanyahu-300x200.jpg 300w, https:\/\/potenciaradiofonicadominicana.com\/portal\/wp-content\/uploads\/2026\/04\/2024-12-09t184106z-1349156614-rc2ulbauotvd-rtrmadp-3-israel-netanyahu-1024x682.jpg 1024w, https:\/\/potenciaradiofonicadominicana.com\/portal\/wp-content\/uploads\/2026\/04\/2024-12-09t184106z-1349156614-rc2ulbauotvd-rtrmadp-3-israel-netanyahu-768x512.jpg 768w, https:\/\/potenciaradiofonicadominicana.com\/portal\/wp-content\/uploads\/2026\/04\/2024-12-09t184106z-1349156614-rc2ulbauotvd-rtrmadp-3-israel-netanyahu-1536x1024.jpg 1536w\" sizes=\"auto, (max-width: 2000px) 100vw, 2000px\" \/><\/a><\/p>\n<p>JERUSAL\u00c9N.- El presidente israel\u00ed, Isaac Herzog, anunci\u00f3 este domingo que no abordar\u00e1 la petici\u00f3n de indulto por el juicio de corrupci\u00f3n que enfrenta el primer ministro, Benjam\u00edn Netanyahu, hasta que no se agoten los esfuerzos con la Fiscal\u00eda \u00abpara alcanzar un acuerdo\u00bb fuera de los tribunales.<\/p>\n<p>De acuerdo a un comunicado de su oficina, el mandatario considera \u00abnecesario\u00bb intentar primero una negociaci\u00f3n extrajudicial en los casos abiertos contra Netanyahu como paso previo a examinar formalmente la solicitud de indulto, con el objetivo de explorar un posible acuerdo entre las partes.<\/p>\n<p>Un acuerdo con la Fiscal\u00eda ser\u00eda, seg\u00fan esta nota, la soluci\u00f3n que Herzog considerar\u00eda como la m\u00e1s \u00abadecuada y apropiada\u00bb.<\/p>\n<p>En este contexto, el medio israel\u00ed Ynet inform\u00f3 de que el presidente israel\u00ed tiene previsto contactar en los pr\u00f3ximos d\u00edas a los abogados de Netanyahu y a la fiscal general, Gali Baharav-Miara, para impulsar un proceso intensivo de mediaci\u00f3n penal.<\/p>\n<p>Las mismas fuentes sostienen que, en esta fase, se espera que Baharav-Miara se vea obligada a responder a la iniciativa presidencial y a aceptar participar en una mediaci\u00f3n, incluso si no la considera adecuada.<\/p>\n<p>En noviembre de 2025, Netanyahu remiti\u00f3 al presidente Herzog, a trav\u00e9s de su abogado, una petici\u00f3n de indulto en el juicio en el que afronta tres causas por corrupci\u00f3n, fraude, abuso de confianza y soborno.<\/p>\n<p>Ese mismo mes, el presidente estadounidense, Donald Trump, envi\u00f3 una carta en la que instaba a su hom\u00f3logo israel\u00ed a concederle el indulto.<\/p>\n<p>La presidencia israel\u00ed calific\u00f3 entonces la solicitud de \u00abextraordinaria\u00bb y con \u00abimportantes implicaciones\u00bb, y reiter\u00f3 que ser\u00e1 evaluada tras recabar las opiniones de las autoridades competentes y del asesor legal del presidente.<\/p>\n<p>El caso ha generado una fuerte polarizaci\u00f3n pol\u00edtica en Israel, con cr\u00edticas de la oposici\u00f3n, que rechaza un eventual indulto sin admisi\u00f3n de culpabilidad, mientras miembros del Gobierno han cerrado filas en torno al primer ministro y apoyan la necesidad de poner fin al proceso alegando motivos de estabilidad institucional.<\/p>\n<p>Netanyahu est\u00e1 siendo juzgado por el conocido como caso 1,000, acusado de haber recibido regalos por parte del magnate de Hollywood Arnon Milchan a cambio de favores pol\u00edticos; y por el caso 2,000, en el que supuestamente benefici\u00f3 al editor jefe del medio \u2018Yedioth Ahronoth\u2019, Arnon Mozes, en un esc\u00e1ndalo de fraude y abuso de confianza para perjudicar al peri\u00f3dico de la competencia \u2018Israel Hayom\u2019.<\/p>\n<p>Adem\u00e1s, se le juzga por haber incurrido, en su segunda etapa como ministro de Comunicaci\u00f3n (2015-2017), en un delito de soborno al empresario Shaul Elovich, quien controlaba la empresa de telecomunicaciones Bezeq y el sitio web Walla News, para granjearse una cobertura medi\u00e1tica favorable.<\/p>\n","protected":false},"excerpt":{"rendered":"<p>JERUSAL\u00c9N.- El presidente israel\u00ed, Isaac Herzog, anunci\u00f3 este domingo que no abordar\u00e1 la petici\u00f3n de indulto por el juicio de &#8230;<\/p>\n","protected":false},"author":2,"featured_media":215887,"comment_status":"closed","ping_status":"closed","sticky":false,"template":"","format":"standard","meta":{"footnotes":""},"categories":[30],"tags":[],"class_list":["post-215886","post","type-post","status-publish","format-standard","has-post-thumbnail","hentry","category-internacional"],"yoast_head":"<!-- This site is optimized with the Yoast SEO plugin v24.8.1 - https:\/\/yoast.com\/wordpress\/plugins\/seo\/ -->\n<title>El presidente israel\u00ed pospone el indulto a Netanyahu y pide negociar con la Fiscal\u00eda - PotenciaRadiofonicaDominicana.com<\/title>\n<meta name=\"robots\" content=\"index, follow, max-snippet:-1, max-image-preview:large, max-video-preview:-1\" \/>\n<link rel=\"canonical\" href=\"https:\/\/potenciaradiofonicadominicana.com\/portal\/el-presidente-israeli-pospone-el-indulto-a-netanyahu-y-pide-negociar-con-la-fiscalia\/\" \/>\n<meta property=\"og:locale\" content=\"es_ES\" \/>\n<meta property=\"og:type\" content=\"article\" \/>\n<meta property=\"og:title\" content=\"El presidente israel\u00ed pospone el indulto a Netanyahu y pide negociar con la Fiscal\u00eda - PotenciaRadiofonicaDominicana.com\" \/>\n<meta property=\"og:description\" content=\"JERUSAL\u00c9N.- El presidente israel\u00ed, Isaac Herzog, anunci\u00f3 este domingo que no abordar\u00e1 la petici\u00f3n de indulto por el juicio de ...\" \/>\n<meta property=\"og:url\" content=\"https:\/\/potenciaradiofonicadominicana.com\/portal\/el-presidente-israeli-pospone-el-indulto-a-netanyahu-y-pide-negociar-con-la-fiscalia\/\" \/>\n<meta property=\"og:site_name\" content=\"PotenciaRadiofonicaDominicana.com\" \/>\n<meta property=\"article:publisher\" content=\"https:\/\/web.facebook.com\/PotenciaRadiofonicaD\" \/>\n<meta property=\"article:published_time\" content=\"2026-04-27T00:56:12+00:00\" \/>\n<meta property=\"og:image\" content=\"https:\/\/potenciaradiofonicadominicana.com\/portal\/wp-content\/uploads\/2026\/04\/2024-12-09t184106z-1349156614-rc2ulbauotvd-rtrmadp-3-israel-netanyahu.jpg\" \/>\n\t<meta property=\"og:image:width\" content=\"2000\" \/>\n\t<meta property=\"og:image:height\" content=\"1333\" \/>\n\t<meta property=\"og:image:type\" content=\"image\/jpeg\" \/>\n<meta name=\"author\" content=\"Potencia Radiof\u00f3nica Dominicana\" \/>\n<meta name=\"twitter:card\" content=\"summary_large_image\" \/>\n<meta name=\"twitter:label1\" content=\"Escrito por\" \/>\n\t<meta name=\"twitter:data1\" content=\"Potencia Radiof\u00f3nica Dominicana\" \/>\n\t<meta name=\"twitter:label2\" content=\"Tiempo de lectura\" \/>\n\t<meta name=\"twitter:data2\" content=\"3 minutos\" \/>\n<script type=\"application\/ld+json\" class=\"yoast-schema-graph\">{\"@context\":\"https:\/\/schema.org\",\"@graph\":[{\"@type\":\"Article\",\"@id\":\"https:\/\/potenciaradiofonicadominicana.com\/portal\/el-presidente-israeli-pospone-el-indulto-a-netanyahu-y-pide-negociar-con-la-fiscalia\/#article\",\"isPartOf\":{\"@id\":\"https:\/\/potenciaradiofonicadominicana.com\/portal\/el-presidente-israeli-pospone-el-indulto-a-netanyahu-y-pide-negociar-con-la-fiscalia\/\"},\"author\":{\"name\":\"Potencia Radiof\u00f3nica Dominicana\",\"@id\":\"https:\/\/potenciaradiofonicadominicana.com\/portal\/#\/schema\/person\/a5cf1fea13877803ee0573ac18b03490\"},\"headline\":\"El presidente israel\u00ed pospone el indulto a Netanyahu y pide negociar con la Fiscal\u00eda\",\"datePublished\":\"2026-04-27T00:56:12+00:00\",\"mainEntityOfPage\":{\"@id\":\"https:\/\/potenciaradiofonicadominicana.com\/portal\/el-presidente-israeli-pospone-el-indulto-a-netanyahu-y-pide-negociar-con-la-fiscalia\/\"},\"wordCount\":477,\"publisher\":{\"@id\":\"https:\/\/potenciaradiofonicadominicana.com\/portal\/#organization\"},\"image\":{\"@id\":\"https:\/\/potenciaradiofonicadominicana.com\/portal\/el-presidente-israeli-pospone-el-indulto-a-netanyahu-y-pide-negociar-con-la-fiscalia\/#primaryimage\"},\"thumbnailUrl\":\"https:\/\/potenciaradiofonicadominicana.com\/portal\/wp-content\/uploads\/2026\/04\/2024-12-09t184106z-1349156614-rc2ulbauotvd-rtrmadp-3-israel-netanyahu.jpg\",\"articleSection\":[\"Internacional\"],\"inLanguage\":\"es\"},{\"@type\":\"WebPage\",\"@id\":\"https:\/\/potenciaradiofonicadominicana.com\/portal\/el-presidente-israeli-pospone-el-indulto-a-netanyahu-y-pide-negociar-con-la-fiscalia\/\",\"url\":\"https:\/\/potenciaradiofonicadominicana.com\/portal\/el-presidente-israeli-pospone-el-indulto-a-netanyahu-y-pide-negociar-con-la-fiscalia\/\",\"name\":\"El presidente israel\u00ed pospone el indulto a Netanyahu y pide negociar con la Fiscal\u00eda - PotenciaRadiofonicaDominicana.com\",\"isPartOf\":{\"@id\":\"https:\/\/potenciaradiofonicadominicana.com\/portal\/#website\"},\"primaryImageOfPage\":{\"@id\":\"https:\/\/potenciaradiofonicadominicana.com\/portal\/el-presidente-israeli-pospone-el-indulto-a-netanyahu-y-pide-negociar-con-la-fiscalia\/#primaryimage\"},\"image\":{\"@id\":\"https:\/\/potenciaradiofonicadominicana.com\/portal\/el-presidente-israeli-pospone-el-indulto-a-netanyahu-y-pide-negociar-con-la-fiscalia\/#primaryimage\"},\"thumbnailUrl\":\"https:\/\/potenciaradiofonicadominicana.com\/portal\/wp-content\/uploads\/2026\/04\/2024-12-09t184106z-1349156614-rc2ulbauotvd-rtrmadp-3-israel-netanyahu.jpg\",\"datePublished\":\"2026-04-27T00:56:12+00:00\",\"breadcrumb\":{\"@id\":\"https:\/\/potenciaradiofonicadominicana.com\/portal\/el-presidente-israeli-pospone-el-indulto-a-netanyahu-y-pide-negociar-con-la-fiscalia\/#breadcrumb\"},\"inLanguage\":\"es\",\"potentialAction\":[{\"@type\":\"ReadAction\",\"target\":[\"https:\/\/potenciaradiofonicadominicana.com\/portal\/el-presidente-israeli-pospone-el-indulto-a-netanyahu-y-pide-negociar-con-la-fiscalia\/\"]}]},{\"@type\":\"ImageObject\",\"inLanguage\":\"es\",\"@id\":\"https:\/\/potenciaradiofonicadominicana.com\/portal\/el-presidente-israeli-pospone-el-indulto-a-netanyahu-y-pide-negociar-con-la-fiscalia\/#primaryimage\",\"url\":\"https:\/\/potenciaradiofonicadominicana.com\/portal\/wp-content\/uploads\/2026\/04\/2024-12-09t184106z-1349156614-rc2ulbauotvd-rtrmadp-3-israel-netanyahu.jpg\",\"contentUrl\":\"https:\/\/potenciaradiofonicadominicana.com\/portal\/wp-content\/uploads\/2026\/04\/2024-12-09t184106z-1349156614-rc2ulbauotvd-rtrmadp-3-israel-netanyahu.jpg\",\"width\":2000,\"height\":1333},{\"@type\":\"BreadcrumbList\",\"@id\":\"https:\/\/potenciaradiofonicadominicana.com\/portal\/el-presidente-israeli-pospone-el-indulto-a-netanyahu-y-pide-negociar-con-la-fiscalia\/#breadcrumb\",\"itemListElement\":[{\"@type\":\"ListItem\",\"position\":1,\"name\":\"Portada\",\"item\":\"https:\/\/potenciaradiofonicadominicana.com\/portal\/\"},{\"@type\":\"ListItem\",\"position\":2,\"name\":\"El presidente israel\u00ed pospone el indulto a Netanyahu y pide negociar con la Fiscal\u00eda\"}]},{\"@type\":\"WebSite\",\"@id\":\"https:\/\/potenciaradiofonicadominicana.com\/portal\/#website\",\"url\":\"https:\/\/potenciaradiofonicadominicana.com\/portal\/\",\"name\":\"PotenciaRadiofonicaDominicana.com\",\"description\":\"Peri\u00f3dico Digital\",\"publisher\":{\"@id\":\"https:\/\/potenciaradiofonicadominicana.com\/portal\/#organization\"},\"potentialAction\":[{\"@type\":\"SearchAction\",\"target\":{\"@type\":\"EntryPoint\",\"urlTemplate\":\"https:\/\/potenciaradiofonicadominicana.com\/portal\/?s={search_term_string}\"},\"query-input\":{\"@type\":\"PropertyValueSpecification\",\"valueRequired\":true,\"valueName\":\"search_term_string\"}}],\"inLanguage\":\"es\"},{\"@type\":\"Organization\",\"@id\":\"https:\/\/potenciaradiofonicadominicana.com\/portal\/#organization\",\"name\":\"PotenciaRadiofonicaDominicana.com\",\"url\":\"https:\/\/potenciaradiofonicadominicana.com\/portal\/\",\"logo\":{\"@type\":\"ImageObject\",\"inLanguage\":\"es\",\"@id\":\"https:\/\/potenciaradiofonicadominicana.com\/portal\/#\/schema\/logo\/image\/\",\"url\":\"https:\/\/potenciaradiofonicadominicana.com\/portal\/wp-content\/uploads\/2022\/01\/descarga.png\",\"contentUrl\":\"https:\/\/potenciaradiofonicadominicana.com\/portal\/wp-content\/uploads\/2022\/01\/descarga.png\",\"width\":300,\"height\":100,\"caption\":\"PotenciaRadiofonicaDominicana.com\"},\"image\":{\"@id\":\"https:\/\/potenciaradiofonicadominicana.com\/portal\/#\/schema\/logo\/image\/\"},\"sameAs\":[\"https:\/\/web.facebook.com\/PotenciaRadiofonicaD\"]},{\"@type\":\"Person\",\"@id\":\"https:\/\/potenciaradiofonicadominicana.com\/portal\/#\/schema\/person\/a5cf1fea13877803ee0573ac18b03490\",\"name\":\"Potencia Radiof\u00f3nica Dominicana\",\"image\":{\"@type\":\"ImageObject\",\"inLanguage\":\"es\",\"@id\":\"https:\/\/potenciaradiofonicadominicana.com\/portal\/#\/schema\/person\/image\/\",\"url\":\"https:\/\/secure.gravatar.com\/avatar\/42a55ab9e8ccc656ba34cd791990602a?s=96&d=mm&r=g\",\"contentUrl\":\"https:\/\/secure.gravatar.com\/avatar\/42a55ab9e8ccc656ba34cd791990602a?s=96&d=mm&r=g\",\"caption\":\"Potencia Radiof\u00f3nica Dominicana\"},\"url\":\"https:\/\/potenciaradiofonicadominicana.com\/portal\/author\/johannyalmanzar\/\"}]}<\/script>\n<!-- \/ Yoast SEO plugin. -->","yoast_head_json":{"title":"El presidente israel\u00ed pospone el indulto a Netanyahu y pide negociar con la Fiscal\u00eda - PotenciaRadiofonicaDominicana.com","robots":{"index":"index","follow":"follow","max-snippet":"max-snippet:-1","max-image-preview":"max-image-preview:large","max-video-preview":"max-video-preview:-1"},"canonical":"https:\/\/potenciaradiofonicadominicana.com\/portal\/el-presidente-israeli-pospone-el-indulto-a-netanyahu-y-pide-negociar-con-la-fiscalia\/","og_locale":"es_ES","og_type":"article","og_title":"El presidente israel\u00ed pospone el indulto a Netanyahu y pide negociar con la Fiscal\u00eda - PotenciaRadiofonicaDominicana.com","og_description":"JERUSAL\u00c9N.- El presidente israel\u00ed, Isaac Herzog, anunci\u00f3 este domingo que no abordar\u00e1 la petici\u00f3n de indulto por el juicio de ...","og_url":"https:\/\/potenciaradiofonicadominicana.com\/portal\/el-presidente-israeli-pospone-el-indulto-a-netanyahu-y-pide-negociar-con-la-fiscalia\/","og_site_name":"PotenciaRadiofonicaDominicana.com","article_publisher":"https:\/\/web.facebook.com\/PotenciaRadiofonicaD","article_published_time":"2026-04-27T00:56:12+00:00","og_image":[{"width":2000,"height":1333,"url":"https:\/\/potenciaradiofonicadominicana.com\/portal\/wp-content\/uploads\/2026\/04\/2024-12-09t184106z-1349156614-rc2ulbauotvd-rtrmadp-3-israel-netanyahu.jpg","type":"image\/jpeg"}],"author":"Potencia Radiof\u00f3nica Dominicana","twitter_card":"summary_large_image","twitter_misc":{"Escrito por":"Potencia Radiof\u00f3nica Dominicana","Tiempo de lectura":"3 minutos"},"schema":{"@context":"https:\/\/schema.org","@graph":[{"@type":"Article","@id":"https:\/\/potenciaradiofonicadominicana.com\/portal\/el-presidente-israeli-pospone-el-indulto-a-netanyahu-y-pide-negociar-con-la-fiscalia\/#article","isPartOf":{"@id":"https:\/\/potenciaradiofonicadominicana.com\/portal\/el-presidente-israeli-pospone-el-indulto-a-netanyahu-y-pide-negociar-con-la-fiscalia\/"},"author":{"name":"Potencia Radiof\u00f3nica Dominicana","@id":"https:\/\/potenciaradiofonicadominicana.com\/portal\/#\/schema\/person\/a5cf1fea13877803ee0573ac18b03490"},"headline":"El presidente israel\u00ed pospone el indulto a Netanyahu y pide negociar con la Fiscal\u00eda","datePublished":"2026-04-27T00:56:12+00:00","mainEntityOfPage":{"@id":"https:\/\/potenciaradiofonicadominicana.com\/portal\/el-presidente-israeli-pospone-el-indulto-a-netanyahu-y-pide-negociar-con-la-fiscalia\/"},"wordCount":477,"publisher":{"@id":"https:\/\/potenciaradiofonicadominicana.com\/portal\/#organization"},"image":{"@id":"https:\/\/potenciaradiofonicadominicana.com\/portal\/el-presidente-israeli-pospone-el-indulto-a-netanyahu-y-pide-negociar-con-la-fiscalia\/#primaryimage"},"thumbnailUrl":"https:\/\/potenciaradiofonicadominicana.com\/portal\/wp-content\/uploads\/2026\/04\/2024-12-09t184106z-1349156614-rc2ulbauotvd-rtrmadp-3-israel-netanyahu.jpg","articleSection":["Internacional"],"inLanguage":"es"},{"@type":"WebPage","@id":"https:\/\/potenciaradiofonicadominicana.com\/portal\/el-presidente-israeli-pospone-el-indulto-a-netanyahu-y-pide-negociar-con-la-fiscalia\/","url":"https:\/\/potenciaradiofonicadominicana.com\/portal\/el-presidente-israeli-pospone-el-indulto-a-netanyahu-y-pide-negociar-con-la-fiscalia\/","name":"El presidente israel\u00ed pospone el indulto a Netanyahu y pide negociar con la Fiscal\u00eda - PotenciaRadiofonicaDominicana.com","isPartOf":{"@id":"https:\/\/potenciaradiofonicadominicana.com\/portal\/#website"},"primaryImageOfPage":{"@id":"https:\/\/potenciaradiofonicadominicana.com\/portal\/el-presidente-israeli-pospone-el-indulto-a-netanyahu-y-pide-negociar-con-la-fiscalia\/#primaryimage"},"image":{"@id":"https:\/\/potenciaradiofonicadominicana.com\/portal\/el-presidente-israeli-pospone-el-indulto-a-netanyahu-y-pide-negociar-con-la-fiscalia\/#primaryimage"},"thumbnailUrl":"https:\/\/potenciaradiofonicadominicana.com\/portal\/wp-content\/uploads\/2026\/04\/2024-12-09t184106z-1349156614-rc2ulbauotvd-rtrmadp-3-israel-netanyahu.jpg","datePublished":"2026-04-27T00:56:12+00:00","breadcrumb":{"@id":"https:\/\/potenciaradiofonicadominicana.com\/portal\/el-presidente-israeli-pospone-el-indulto-a-netanyahu-y-pide-negociar-con-la-fiscalia\/#breadcrumb"},"inLanguage":"es","potentialAction":[{"@type":"ReadAction","target":["https:\/\/potenciaradiofonicadominicana.com\/portal\/el-presidente-israeli-pospone-el-indulto-a-netanyahu-y-pide-negociar-con-la-fiscalia\/"]}]},{"@type":"ImageObject","inLanguage":"es","@id":"https:\/\/potenciaradiofonicadominicana.com\/portal\/el-presidente-israeli-pospone-el-indulto-a-netanyahu-y-pide-negociar-con-la-fiscalia\/#primaryimage","url":"https:\/\/potenciaradiofonicadominicana.com\/portal\/wp-content\/uploads\/2026\/04\/2024-12-09t184106z-1349156614-rc2ulbauotvd-rtrmadp-3-israel-netanyahu.jpg","contentUrl":"https:\/\/potenciaradiofonicadominicana.com\/portal\/wp-content\/uploads\/2026\/04\/2024-12-09t184106z-1349156614-rc2ulbauotvd-rtrmadp-3-israel-netanyahu.jpg","width":2000,"height":1333},{"@type":"BreadcrumbList","@id":"https:\/\/potenciaradiofonicadominicana.com\/portal\/el-presidente-israeli-pospone-el-indulto-a-netanyahu-y-pide-negociar-con-la-fiscalia\/#breadcrumb","itemListElement":[{"@type":"ListItem","position":1,"name":"Portada","item":"https:\/\/potenciaradiofonicadominicana.com\/portal\/"},{"@type":"ListItem","position":2,"name":"El presidente israel\u00ed pospone el indulto a Netanyahu y pide negociar con la Fiscal\u00eda"}]},{"@type":"WebSite","@id":"https:\/\/potenciaradiofonicadominicana.com\/portal\/#website","url":"https:\/\/potenciaradiofonicadominicana.com\/portal\/","name":"PotenciaRadiofonicaDominicana.com","description":"Peri\u00f3dico Digital","publisher":{"@id":"https:\/\/potenciaradiofonicadominicana.com\/portal\/#organization"},"potentialAction":[{"@type":"SearchAction","target":{"@type":"EntryPoint","urlTemplate":"https:\/\/potenciaradiofonicadominicana.com\/portal\/?s={search_term_string}"},"query-input":{"@type":"PropertyValueSpecification","valueRequired":true,"valueName":"search_term_string"}}],"inLanguage":"es"},{"@type":"Organization","@id":"https:\/\/potenciaradiofonicadominicana.com\/portal\/#organization","name":"PotenciaRadiofonicaDominicana.com","url":"https:\/\/potenciaradiofonicadominicana.com\/portal\/","logo":{"@type":"ImageObject","inLanguage":"es","@id":"https:\/\/potenciaradiofonicadominicana.com\/portal\/#\/schema\/logo\/image\/","url":"https:\/\/potenciaradiofonicadominicana.com\/portal\/wp-content\/uploads\/2022\/01\/descarga.png","contentUrl":"https:\/\/potenciaradiofonicadominicana.com\/portal\/wp-content\/uploads\/2022\/01\/descarga.png","width":300,"height":100,"caption":"PotenciaRadiofonicaDominicana.com"},"image":{"@id":"https:\/\/potenciaradiofonicadominicana.com\/portal\/#\/schema\/logo\/image\/"},"sameAs":["https:\/\/web.facebook.com\/PotenciaRadiofonicaD"]},{"@type":"Person","@id":"https:\/\/potenciaradiofonicadominicana.com\/portal\/#\/schema\/person\/a5cf1fea13877803ee0573ac18b03490","name":"Potencia Radiof\u00f3nica Dominicana","image":{"@type":"ImageObject","inLanguage":"es","@id":"https:\/\/potenciaradiofonicadominicana.com\/portal\/#\/schema\/person\/image\/","url":"https:\/\/secure.gravatar.com\/avatar\/42a55ab9e8ccc656ba34cd791990602a?s=96&d=mm&r=g","contentUrl":"https:\/\/secure.gravatar.com\/avatar\/42a55ab9e8ccc656ba34cd791990602a?s=96&d=mm&r=g","caption":"Potencia Radiof\u00f3nica Dominicana"},"url":"https:\/\/potenciaradiofonicadominicana.com\/portal\/author\/johannyalmanzar\/"}]}},"_links":{"self":[{"href":"https:\/\/potenciaradiofonicadominicana.com\/portal\/wp-json\/wp\/v2\/posts\/215886","targetHints":{"allow":["GET"]}}],"collection":[{"href":"https:\/\/potenciaradiofonicadominicana.com\/portal\/wp-json\/wp\/v2\/posts"}],"about":[{"href":"https:\/\/potenciaradiofonicadominicana.com\/portal\/wp-json\/wp\/v2\/types\/post"}],"author":[{"embeddable":true,"href":"https:\/\/potenciaradiofonicadominicana.com\/portal\/wp-json\/wp\/v2\/users\/2"}],"replies":[{"embeddable":true,"href":"https:\/\/potenciaradiofonicadominicana.com\/portal\/wp-json\/wp\/v2\/comments?post=215886"}],"version-history":[{"count":1,"href":"https:\/\/potenciaradiofonicadominicana.com\/portal\/wp-json\/wp\/v2\/posts\/215886\/revisions"}],"predecessor-version":[{"id":215888,"href":"https:\/\/potenciaradiofonicadominicana.com\/portal\/wp-json\/wp\/v2\/posts\/215886\/revisions\/215888"}],"wp:featuredmedia":[{"embeddable":true,"href":"https:\/\/potenciaradiofonicadominicana.com\/portal\/wp-json\/wp\/v2\/media\/215887"}],"wp:attachment":[{"href":"https:\/\/potenciaradiofonicadominicana.com\/portal\/wp-json\/wp\/v2\/media?parent=215886"}],"wp:term":[{"taxonomy":"category","embeddable":true,"href":"https:\/\/potenciaradiofonicadominicana.com\/portal\/wp-json\/wp\/v2\/categories?post=215886"},{"taxonomy":"post_tag","embeddable":true,"href":"https:\/\/potenciaradiofonicadominicana.com\/portal\/wp-json\/wp\/v2\/tags?post=215886"}],"curies":[{"name":"wp","href":"https:\/\/api.w.org\/{rel}","templated":true}]}}