{"id":215883,"date":"2026-04-26T20:52:04","date_gmt":"2026-04-27T00:52:04","guid":{"rendered":"https:\/\/potenciaradiofonicadominicana.com\/portal\/?p=215883"},"modified":"2026-04-26T20:52:04","modified_gmt":"2026-04-27T00:52:04","slug":"un-primer-sondeo-de-opinion-anuncia-una-competencia-cerrada-por-la-presidencia-de-peru","status":"publish","type":"post","link":"https:\/\/potenciaradiofonicadominicana.com\/portal\/un-primer-sondeo-de-opinion-anuncia-una-competencia-cerrada-por-la-presidencia-de-peru\/","title":{"rendered":"Un primer sondeo de opini\u00f3n anuncia una competencia cerrada por la Presidencia de Per\u00fa"},"content":{"rendered":"<p><a href=\"https:\/\/potenciaradiofonicadominicana.com\/portal\/wp-content\/uploads\/2026\/04\/KeikoySanchezReu-jpg-1-1300x732-1.webp\"><img loading=\"lazy\" decoding=\"async\" class=\"alignnone size-full wp-image-215884\" src=\"https:\/\/potenciaradiofonicadominicana.com\/portal\/wp-content\/uploads\/2026\/04\/KeikoySanchezReu-jpg-1-1300x732-1.webp\" alt=\"\" width=\"1300\" height=\"732\" srcset=\"https:\/\/potenciaradiofonicadominicana.com\/portal\/wp-content\/uploads\/2026\/04\/KeikoySanchezReu-jpg-1-1300x732-1.webp 1300w, https:\/\/potenciaradiofonicadominicana.com\/portal\/wp-content\/uploads\/2026\/04\/KeikoySanchezReu-jpg-1-1300x732-1-300x169.webp 300w, https:\/\/potenciaradiofonicadominicana.com\/portal\/wp-content\/uploads\/2026\/04\/KeikoySanchezReu-jpg-1-1300x732-1-1024x577.webp 1024w, https:\/\/potenciaradiofonicadominicana.com\/portal\/wp-content\/uploads\/2026\/04\/KeikoySanchezReu-jpg-1-1300x732-1-768x432.webp 768w\" sizes=\"auto, (max-width: 1300px) 100vw, 1300px\" \/><\/a><\/p>\n<p>LIMA. \u2013 Un primer sondeo de opini\u00f3n sobre las preferencias de cara a la segunda vuelta presidencial que se celebrar\u00e1 el pr\u00f3ximo 7 de abril en Per\u00fa indic\u00f3 este domingo que la derechista Keiko Fujimori mantiene un empate t\u00e9cnico con el izquierdista Roberto S\u00e1nchez y es superada ligeramente por el ultraderechista Rafael L\u00f3pez Aliaga.<\/p>\n<p>La encuesta, elaborada por la empresa privada Ipsos, se\u00f1al\u00f3 que el liderato que obtuvo Fujimori en los comicios generales del pasado 12 de abril decae al momento de enfrentarse con los otros dos candidatos que tienen opciones a disputar con ella la jefatura de Estado peruana para el per\u00edodo 2026-2031.<\/p>\n<p>Cuando se ha contado el 95,88 % de los votos de las elecciones generales, Fujimori (Fuerza Popular) recibe el 17,06 %; seguida por S\u00e1nchez (Juntos por el Per\u00fa), con el 12,04 %; y L\u00f3pez Aliaga (Renovaci\u00f3n Popular), con el 11,89 %.<\/p>\n<p>El conteo oficial deber\u00e1 acabar en los pr\u00f3ximos d\u00edas, cuando se resuelvan unas 3.800 actas de votaci\u00f3n a\u00fan pendientes de revisi\u00f3n por el jurado electoral.<\/p>\n<p>La encuesta de Ipsos se\u00f1al\u00f3 que Fujimori y S\u00e1nchez aparecen empatados hacia una eventual segunda vuelta, con un 38 % de las preferencias actuales, mientras que un 17 % indica que piensa votar en blanco o anular su voto, y un 7 % no precisa su preferencia.<\/p>\n<p>En el caso de un enfrentamiento con L\u00f3pez Aliaga, un 34 % de los votantes se\u00f1ala que apoyar\u00eda al l\u00edder ultraderechista, y un 31 % a Fujimori, mientras que un 27 % se\u00f1ala que no votar\u00eda o anular\u00eda su voto, y un 8 % no precisa su elecci\u00f3n.<\/p>\n<p>\u00abLas fechas son muy importantes. El electorado va tomando posici\u00f3n, lo hemos visto durante toda la primera vuelta. En este caso, se ve una divisi\u00f3n clar\u00edsima y una polarizaci\u00f3n entre Fujimori y S\u00e1nchez\u00bb, coment\u00f3 al respecto, el director de Estudios de Opini\u00f3n de Ipsos, Guillermo Loli.<\/p>\n<p>El experto a\u00f1adi\u00f3 que, en el caso de L\u00f3pez Aliaga, al parecer ha logrado disminuir el rechazo hacia su candidatura en un sector de la poblaci\u00f3n, pero remarc\u00f3 que \u00abva a ser interesante ver el accionar de cada uno de los candidatos para conquistar a la gran mayor\u00eda de ciudadanos que no han votado por ellos\u00bb.<\/p>\n<p>Seg\u00fan su ficha t\u00e9cnica, Ipsos realiz\u00f3 la encuesta a 1.208 personas el 23 y 24 de abril \u00faltimos en los 24 departamentos de pa\u00eds y el trabajo t\u00e9cnico tiene un margen de error de 2,8 % y un nivel de confianza de 95 %.<\/p>\n","protected":false},"excerpt":{"rendered":"<p>LIMA. \u2013 Un primer sondeo de opini\u00f3n sobre las preferencias de cara a la segunda vuelta presidencial que se celebrar\u00e1 &#8230;<\/p>\n","protected":false},"author":2,"featured_media":215884,"comment_status":"closed","ping_status":"closed","sticky":false,"template":"","format":"standard","meta":{"footnotes":""},"categories":[30],"tags":[],"class_list":["post-215883","post","type-post","status-publish","format-standard","has-post-thumbnail","hentry","category-internacional"],"yoast_head":"<!-- This site is optimized with the Yoast SEO plugin v24.8.1 - https:\/\/yoast.com\/wordpress\/plugins\/seo\/ -->\n<title>Un primer sondeo de opini\u00f3n anuncia una competencia cerrada por la Presidencia de Per\u00fa - PotenciaRadiofonicaDominicana.com<\/title>\n<meta name=\"robots\" content=\"index, follow, max-snippet:-1, max-image-preview:large, max-video-preview:-1\" \/>\n<link rel=\"canonical\" href=\"https:\/\/potenciaradiofonicadominicana.com\/portal\/un-primer-sondeo-de-opinion-anuncia-una-competencia-cerrada-por-la-presidencia-de-peru\/\" \/>\n<meta property=\"og:locale\" content=\"es_ES\" \/>\n<meta property=\"og:type\" content=\"article\" \/>\n<meta property=\"og:title\" content=\"Un primer sondeo de opini\u00f3n anuncia una competencia cerrada por la Presidencia de Per\u00fa - PotenciaRadiofonicaDominicana.com\" \/>\n<meta property=\"og:description\" content=\"LIMA. \u2013 Un primer sondeo de opini\u00f3n sobre las preferencias de cara a la segunda vuelta presidencial que se celebrar\u00e1 ...\" \/>\n<meta property=\"og:url\" content=\"https:\/\/potenciaradiofonicadominicana.com\/portal\/un-primer-sondeo-de-opinion-anuncia-una-competencia-cerrada-por-la-presidencia-de-peru\/\" \/>\n<meta property=\"og:site_name\" content=\"PotenciaRadiofonicaDominicana.com\" \/>\n<meta property=\"article:publisher\" content=\"https:\/\/web.facebook.com\/PotenciaRadiofonicaD\" \/>\n<meta property=\"article:published_time\" content=\"2026-04-27T00:52:04+00:00\" \/>\n<meta property=\"og:image\" content=\"https:\/\/potenciaradiofonicadominicana.com\/portal\/wp-content\/uploads\/2026\/04\/KeikoySanchezReu-jpg-1-1300x732-1.webp\" \/>\n\t<meta property=\"og:image:width\" content=\"1300\" \/>\n\t<meta property=\"og:image:height\" content=\"732\" \/>\n\t<meta property=\"og:image:type\" content=\"image\/webp\" \/>\n<meta name=\"author\" content=\"Potencia Radiof\u00f3nica Dominicana\" \/>\n<meta name=\"twitter:card\" content=\"summary_large_image\" \/>\n<meta name=\"twitter:label1\" content=\"Escrito por\" \/>\n\t<meta name=\"twitter:data1\" content=\"Potencia Radiof\u00f3nica Dominicana\" \/>\n\t<meta name=\"twitter:label2\" content=\"Tiempo de lectura\" \/>\n\t<meta name=\"twitter:data2\" content=\"3 minutos\" \/>\n<script type=\"application\/ld+json\" class=\"yoast-schema-graph\">{\"@context\":\"https:\/\/schema.org\",\"@graph\":[{\"@type\":\"Article\",\"@id\":\"https:\/\/potenciaradiofonicadominicana.com\/portal\/un-primer-sondeo-de-opinion-anuncia-una-competencia-cerrada-por-la-presidencia-de-peru\/#article\",\"isPartOf\":{\"@id\":\"https:\/\/potenciaradiofonicadominicana.com\/portal\/un-primer-sondeo-de-opinion-anuncia-una-competencia-cerrada-por-la-presidencia-de-peru\/\"},\"author\":{\"name\":\"Potencia Radiof\u00f3nica Dominicana\",\"@id\":\"https:\/\/potenciaradiofonicadominicana.com\/portal\/#\/schema\/person\/a5cf1fea13877803ee0573ac18b03490\"},\"headline\":\"Un primer sondeo de opini\u00f3n anuncia una competencia cerrada por la Presidencia de Per\u00fa\",\"datePublished\":\"2026-04-27T00:52:04+00:00\",\"mainEntityOfPage\":{\"@id\":\"https:\/\/potenciaradiofonicadominicana.com\/portal\/un-primer-sondeo-de-opinion-anuncia-una-competencia-cerrada-por-la-presidencia-de-peru\/\"},\"wordCount\":431,\"publisher\":{\"@id\":\"https:\/\/potenciaradiofonicadominicana.com\/portal\/#organization\"},\"image\":{\"@id\":\"https:\/\/potenciaradiofonicadominicana.com\/portal\/un-primer-sondeo-de-opinion-anuncia-una-competencia-cerrada-por-la-presidencia-de-peru\/#primaryimage\"},\"thumbnailUrl\":\"https:\/\/potenciaradiofonicadominicana.com\/portal\/wp-content\/uploads\/2026\/04\/KeikoySanchezReu-jpg-1-1300x732-1.webp\",\"articleSection\":[\"Internacional\"],\"inLanguage\":\"es\"},{\"@type\":\"WebPage\",\"@id\":\"https:\/\/potenciaradiofonicadominicana.com\/portal\/un-primer-sondeo-de-opinion-anuncia-una-competencia-cerrada-por-la-presidencia-de-peru\/\",\"url\":\"https:\/\/potenciaradiofonicadominicana.com\/portal\/un-primer-sondeo-de-opinion-anuncia-una-competencia-cerrada-por-la-presidencia-de-peru\/\",\"name\":\"Un primer sondeo de opini\u00f3n anuncia una competencia cerrada por la Presidencia de Per\u00fa - PotenciaRadiofonicaDominicana.com\",\"isPartOf\":{\"@id\":\"https:\/\/potenciaradiofonicadominicana.com\/portal\/#website\"},\"primaryImageOfPage\":{\"@id\":\"https:\/\/potenciaradiofonicadominicana.com\/portal\/un-primer-sondeo-de-opinion-anuncia-una-competencia-cerrada-por-la-presidencia-de-peru\/#primaryimage\"},\"image\":{\"@id\":\"https:\/\/potenciaradiofonicadominicana.com\/portal\/un-primer-sondeo-de-opinion-anuncia-una-competencia-cerrada-por-la-presidencia-de-peru\/#primaryimage\"},\"thumbnailUrl\":\"https:\/\/potenciaradiofonicadominicana.com\/portal\/wp-content\/uploads\/2026\/04\/KeikoySanchezReu-jpg-1-1300x732-1.webp\",\"datePublished\":\"2026-04-27T00:52:04+00:00\",\"breadcrumb\":{\"@id\":\"https:\/\/potenciaradiofonicadominicana.com\/portal\/un-primer-sondeo-de-opinion-anuncia-una-competencia-cerrada-por-la-presidencia-de-peru\/#breadcrumb\"},\"inLanguage\":\"es\",\"potentialAction\":[{\"@type\":\"ReadAction\",\"target\":[\"https:\/\/potenciaradiofonicadominicana.com\/portal\/un-primer-sondeo-de-opinion-anuncia-una-competencia-cerrada-por-la-presidencia-de-peru\/\"]}]},{\"@type\":\"ImageObject\",\"inLanguage\":\"es\",\"@id\":\"https:\/\/potenciaradiofonicadominicana.com\/portal\/un-primer-sondeo-de-opinion-anuncia-una-competencia-cerrada-por-la-presidencia-de-peru\/#primaryimage\",\"url\":\"https:\/\/potenciaradiofonicadominicana.com\/portal\/wp-content\/uploads\/2026\/04\/KeikoySanchezReu-jpg-1-1300x732-1.webp\",\"contentUrl\":\"https:\/\/potenciaradiofonicadominicana.com\/portal\/wp-content\/uploads\/2026\/04\/KeikoySanchezReu-jpg-1-1300x732-1.webp\",\"width\":1300,\"height\":732},{\"@type\":\"BreadcrumbList\",\"@id\":\"https:\/\/potenciaradiofonicadominicana.com\/portal\/un-primer-sondeo-de-opinion-anuncia-una-competencia-cerrada-por-la-presidencia-de-peru\/#breadcrumb\",\"itemListElement\":[{\"@type\":\"ListItem\",\"position\":1,\"name\":\"Portada\",\"item\":\"https:\/\/potenciaradiofonicadominicana.com\/portal\/\"},{\"@type\":\"ListItem\",\"position\":2,\"name\":\"Un primer sondeo de opini\u00f3n anuncia una competencia cerrada por la Presidencia de Per\u00fa\"}]},{\"@type\":\"WebSite\",\"@id\":\"https:\/\/potenciaradiofonicadominicana.com\/portal\/#website\",\"url\":\"https:\/\/potenciaradiofonicadominicana.com\/portal\/\",\"name\":\"PotenciaRadiofonicaDominicana.com\",\"description\":\"Peri\u00f3dico Digital\",\"publisher\":{\"@id\":\"https:\/\/potenciaradiofonicadominicana.com\/portal\/#organization\"},\"potentialAction\":[{\"@type\":\"SearchAction\",\"target\":{\"@type\":\"EntryPoint\",\"urlTemplate\":\"https:\/\/potenciaradiofonicadominicana.com\/portal\/?s={search_term_string}\"},\"query-input\":{\"@type\":\"PropertyValueSpecification\",\"valueRequired\":true,\"valueName\":\"search_term_string\"}}],\"inLanguage\":\"es\"},{\"@type\":\"Organization\",\"@id\":\"https:\/\/potenciaradiofonicadominicana.com\/portal\/#organization\",\"name\":\"PotenciaRadiofonicaDominicana.com\",\"url\":\"https:\/\/potenciaradiofonicadominicana.com\/portal\/\",\"logo\":{\"@type\":\"ImageObject\",\"inLanguage\":\"es\",\"@id\":\"https:\/\/potenciaradiofonicadominicana.com\/portal\/#\/schema\/logo\/image\/\",\"url\":\"https:\/\/potenciaradiofonicadominicana.com\/portal\/wp-content\/uploads\/2022\/01\/descarga.png\",\"contentUrl\":\"https:\/\/potenciaradiofonicadominicana.com\/portal\/wp-content\/uploads\/2022\/01\/descarga.png\",\"width\":300,\"height\":100,\"caption\":\"PotenciaRadiofonicaDominicana.com\"},\"image\":{\"@id\":\"https:\/\/potenciaradiofonicadominicana.com\/portal\/#\/schema\/logo\/image\/\"},\"sameAs\":[\"https:\/\/web.facebook.com\/PotenciaRadiofonicaD\"]},{\"@type\":\"Person\",\"@id\":\"https:\/\/potenciaradiofonicadominicana.com\/portal\/#\/schema\/person\/a5cf1fea13877803ee0573ac18b03490\",\"name\":\"Potencia Radiof\u00f3nica Dominicana\",\"image\":{\"@type\":\"ImageObject\",\"inLanguage\":\"es\",\"@id\":\"https:\/\/potenciaradiofonicadominicana.com\/portal\/#\/schema\/person\/image\/\",\"url\":\"https:\/\/secure.gravatar.com\/avatar\/42a55ab9e8ccc656ba34cd791990602a?s=96&d=mm&r=g\",\"contentUrl\":\"https:\/\/secure.gravatar.com\/avatar\/42a55ab9e8ccc656ba34cd791990602a?s=96&d=mm&r=g\",\"caption\":\"Potencia Radiof\u00f3nica Dominicana\"},\"url\":\"https:\/\/potenciaradiofonicadominicana.com\/portal\/author\/johannyalmanzar\/\"}]}<\/script>\n<!-- \/ Yoast SEO plugin. -->","yoast_head_json":{"title":"Un primer sondeo de opini\u00f3n anuncia una competencia cerrada por la Presidencia de Per\u00fa - PotenciaRadiofonicaDominicana.com","robots":{"index":"index","follow":"follow","max-snippet":"max-snippet:-1","max-image-preview":"max-image-preview:large","max-video-preview":"max-video-preview:-1"},"canonical":"https:\/\/potenciaradiofonicadominicana.com\/portal\/un-primer-sondeo-de-opinion-anuncia-una-competencia-cerrada-por-la-presidencia-de-peru\/","og_locale":"es_ES","og_type":"article","og_title":"Un primer sondeo de opini\u00f3n anuncia una competencia cerrada por la Presidencia de Per\u00fa - PotenciaRadiofonicaDominicana.com","og_description":"LIMA. \u2013 Un primer sondeo de opini\u00f3n sobre las preferencias de cara a la segunda vuelta presidencial que se celebrar\u00e1 ...","og_url":"https:\/\/potenciaradiofonicadominicana.com\/portal\/un-primer-sondeo-de-opinion-anuncia-una-competencia-cerrada-por-la-presidencia-de-peru\/","og_site_name":"PotenciaRadiofonicaDominicana.com","article_publisher":"https:\/\/web.facebook.com\/PotenciaRadiofonicaD","article_published_time":"2026-04-27T00:52:04+00:00","og_image":[{"width":1300,"height":732,"url":"https:\/\/potenciaradiofonicadominicana.com\/portal\/wp-content\/uploads\/2026\/04\/KeikoySanchezReu-jpg-1-1300x732-1.webp","type":"image\/webp"}],"author":"Potencia Radiof\u00f3nica Dominicana","twitter_card":"summary_large_image","twitter_misc":{"Escrito por":"Potencia Radiof\u00f3nica Dominicana","Tiempo de lectura":"3 minutos"},"schema":{"@context":"https:\/\/schema.org","@graph":[{"@type":"Article","@id":"https:\/\/potenciaradiofonicadominicana.com\/portal\/un-primer-sondeo-de-opinion-anuncia-una-competencia-cerrada-por-la-presidencia-de-peru\/#article","isPartOf":{"@id":"https:\/\/potenciaradiofonicadominicana.com\/portal\/un-primer-sondeo-de-opinion-anuncia-una-competencia-cerrada-por-la-presidencia-de-peru\/"},"author":{"name":"Potencia Radiof\u00f3nica Dominicana","@id":"https:\/\/potenciaradiofonicadominicana.com\/portal\/#\/schema\/person\/a5cf1fea13877803ee0573ac18b03490"},"headline":"Un primer sondeo de opini\u00f3n anuncia una competencia cerrada por la Presidencia de Per\u00fa","datePublished":"2026-04-27T00:52:04+00:00","mainEntityOfPage":{"@id":"https:\/\/potenciaradiofonicadominicana.com\/portal\/un-primer-sondeo-de-opinion-anuncia-una-competencia-cerrada-por-la-presidencia-de-peru\/"},"wordCount":431,"publisher":{"@id":"https:\/\/potenciaradiofonicadominicana.com\/portal\/#organization"},"image":{"@id":"https:\/\/potenciaradiofonicadominicana.com\/portal\/un-primer-sondeo-de-opinion-anuncia-una-competencia-cerrada-por-la-presidencia-de-peru\/#primaryimage"},"thumbnailUrl":"https:\/\/potenciaradiofonicadominicana.com\/portal\/wp-content\/uploads\/2026\/04\/KeikoySanchezReu-jpg-1-1300x732-1.webp","articleSection":["Internacional"],"inLanguage":"es"},{"@type":"WebPage","@id":"https:\/\/potenciaradiofonicadominicana.com\/portal\/un-primer-sondeo-de-opinion-anuncia-una-competencia-cerrada-por-la-presidencia-de-peru\/","url":"https:\/\/potenciaradiofonicadominicana.com\/portal\/un-primer-sondeo-de-opinion-anuncia-una-competencia-cerrada-por-la-presidencia-de-peru\/","name":"Un primer sondeo de opini\u00f3n anuncia una competencia cerrada por la Presidencia de Per\u00fa - PotenciaRadiofonicaDominicana.com","isPartOf":{"@id":"https:\/\/potenciaradiofonicadominicana.com\/portal\/#website"},"primaryImageOfPage":{"@id":"https:\/\/potenciaradiofonicadominicana.com\/portal\/un-primer-sondeo-de-opinion-anuncia-una-competencia-cerrada-por-la-presidencia-de-peru\/#primaryimage"},"image":{"@id":"https:\/\/potenciaradiofonicadominicana.com\/portal\/un-primer-sondeo-de-opinion-anuncia-una-competencia-cerrada-por-la-presidencia-de-peru\/#primaryimage"},"thumbnailUrl":"https:\/\/potenciaradiofonicadominicana.com\/portal\/wp-content\/uploads\/2026\/04\/KeikoySanchezReu-jpg-1-1300x732-1.webp","datePublished":"2026-04-27T00:52:04+00:00","breadcrumb":{"@id":"https:\/\/potenciaradiofonicadominicana.com\/portal\/un-primer-sondeo-de-opinion-anuncia-una-competencia-cerrada-por-la-presidencia-de-peru\/#breadcrumb"},"inLanguage":"es","potentialAction":[{"@type":"ReadAction","target":["https:\/\/potenciaradiofonicadominicana.com\/portal\/un-primer-sondeo-de-opinion-anuncia-una-competencia-cerrada-por-la-presidencia-de-peru\/"]}]},{"@type":"ImageObject","inLanguage":"es","@id":"https:\/\/potenciaradiofonicadominicana.com\/portal\/un-primer-sondeo-de-opinion-anuncia-una-competencia-cerrada-por-la-presidencia-de-peru\/#primaryimage","url":"https:\/\/potenciaradiofonicadominicana.com\/portal\/wp-content\/uploads\/2026\/04\/KeikoySanchezReu-jpg-1-1300x732-1.webp","contentUrl":"https:\/\/potenciaradiofonicadominicana.com\/portal\/wp-content\/uploads\/2026\/04\/KeikoySanchezReu-jpg-1-1300x732-1.webp","width":1300,"height":732},{"@type":"BreadcrumbList","@id":"https:\/\/potenciaradiofonicadominicana.com\/portal\/un-primer-sondeo-de-opinion-anuncia-una-competencia-cerrada-por-la-presidencia-de-peru\/#breadcrumb","itemListElement":[{"@type":"ListItem","position":1,"name":"Portada","item":"https:\/\/potenciaradiofonicadominicana.com\/portal\/"},{"@type":"ListItem","position":2,"name":"Un primer sondeo de opini\u00f3n anuncia una competencia cerrada por la Presidencia de Per\u00fa"}]},{"@type":"WebSite","@id":"https:\/\/potenciaradiofonicadominicana.com\/portal\/#website","url":"https:\/\/potenciaradiofonicadominicana.com\/portal\/","name":"PotenciaRadiofonicaDominicana.com","description":"Peri\u00f3dico Digital","publisher":{"@id":"https:\/\/potenciaradiofonicadominicana.com\/portal\/#organization"},"potentialAction":[{"@type":"SearchAction","target":{"@type":"EntryPoint","urlTemplate":"https:\/\/potenciaradiofonicadominicana.com\/portal\/?s={search_term_string}"},"query-input":{"@type":"PropertyValueSpecification","valueRequired":true,"valueName":"search_term_string"}}],"inLanguage":"es"},{"@type":"Organization","@id":"https:\/\/potenciaradiofonicadominicana.com\/portal\/#organization","name":"PotenciaRadiofonicaDominicana.com","url":"https:\/\/potenciaradiofonicadominicana.com\/portal\/","logo":{"@type":"ImageObject","inLanguage":"es","@id":"https:\/\/potenciaradiofonicadominicana.com\/portal\/#\/schema\/logo\/image\/","url":"https:\/\/potenciaradiofonicadominicana.com\/portal\/wp-content\/uploads\/2022\/01\/descarga.png","contentUrl":"https:\/\/potenciaradiofonicadominicana.com\/portal\/wp-content\/uploads\/2022\/01\/descarga.png","width":300,"height":100,"caption":"PotenciaRadiofonicaDominicana.com"},"image":{"@id":"https:\/\/potenciaradiofonicadominicana.com\/portal\/#\/schema\/logo\/image\/"},"sameAs":["https:\/\/web.facebook.com\/PotenciaRadiofonicaD"]},{"@type":"Person","@id":"https:\/\/potenciaradiofonicadominicana.com\/portal\/#\/schema\/person\/a5cf1fea13877803ee0573ac18b03490","name":"Potencia Radiof\u00f3nica Dominicana","image":{"@type":"ImageObject","inLanguage":"es","@id":"https:\/\/potenciaradiofonicadominicana.com\/portal\/#\/schema\/person\/image\/","url":"https:\/\/secure.gravatar.com\/avatar\/42a55ab9e8ccc656ba34cd791990602a?s=96&d=mm&r=g","contentUrl":"https:\/\/secure.gravatar.com\/avatar\/42a55ab9e8ccc656ba34cd791990602a?s=96&d=mm&r=g","caption":"Potencia Radiof\u00f3nica Dominicana"},"url":"https:\/\/potenciaradiofonicadominicana.com\/portal\/author\/johannyalmanzar\/"}]}},"_links":{"self":[{"href":"https:\/\/potenciaradiofonicadominicana.com\/portal\/wp-json\/wp\/v2\/posts\/215883","targetHints":{"allow":["GET"]}}],"collection":[{"href":"https:\/\/potenciaradiofonicadominicana.com\/portal\/wp-json\/wp\/v2\/posts"}],"about":[{"href":"https:\/\/potenciaradiofonicadominicana.com\/portal\/wp-json\/wp\/v2\/types\/post"}],"author":[{"embeddable":true,"href":"https:\/\/potenciaradiofonicadominicana.com\/portal\/wp-json\/wp\/v2\/users\/2"}],"replies":[{"embeddable":true,"href":"https:\/\/potenciaradiofonicadominicana.com\/portal\/wp-json\/wp\/v2\/comments?post=215883"}],"version-history":[{"count":1,"href":"https:\/\/potenciaradiofonicadominicana.com\/portal\/wp-json\/wp\/v2\/posts\/215883\/revisions"}],"predecessor-version":[{"id":215885,"href":"https:\/\/potenciaradiofonicadominicana.com\/portal\/wp-json\/wp\/v2\/posts\/215883\/revisions\/215885"}],"wp:featuredmedia":[{"embeddable":true,"href":"https:\/\/potenciaradiofonicadominicana.com\/portal\/wp-json\/wp\/v2\/media\/215884"}],"wp:attachment":[{"href":"https:\/\/potenciaradiofonicadominicana.com\/portal\/wp-json\/wp\/v2\/media?parent=215883"}],"wp:term":[{"taxonomy":"category","embeddable":true,"href":"https:\/\/potenciaradiofonicadominicana.com\/portal\/wp-json\/wp\/v2\/categories?post=215883"},{"taxonomy":"post_tag","embeddable":true,"href":"https:\/\/potenciaradiofonicadominicana.com\/portal\/wp-json\/wp\/v2\/tags?post=215883"}],"curies":[{"name":"wp","href":"https:\/\/api.w.org\/{rel}","templated":true}]}}