{"id":215880,"date":"2026-04-26T20:49:50","date_gmt":"2026-04-27T00:49:50","guid":{"rendered":"https:\/\/potenciaradiofonicadominicana.com\/portal\/?p=215880"},"modified":"2026-04-26T20:49:50","modified_gmt":"2026-04-27T00:49:50","slug":"condena-global-tras-tiroteo-en-cena-de-trump-lideres-llaman-a-rechazar-la-violencia-politica","status":"publish","type":"post","link":"https:\/\/potenciaradiofonicadominicana.com\/portal\/condena-global-tras-tiroteo-en-cena-de-trump-lideres-llaman-a-rechazar-la-violencia-politica\/","title":{"rendered":"Condena global tras tiroteo en cena de Trump: l\u00edderes llaman a rechazar la violencia pol\u00edtica"},"content":{"rendered":"<p><a href=\"https:\/\/potenciaradiofonicadominicana.com\/portal\/wp-content\/uploads\/2026\/04\/69ee050e7eb7d.jpeg\"><img loading=\"lazy\" decoding=\"async\" class=\"alignnone size-full wp-image-215881\" src=\"https:\/\/potenciaradiofonicadominicana.com\/portal\/wp-content\/uploads\/2026\/04\/69ee050e7eb7d.jpeg\" alt=\"\" width=\"1200\" height=\"675\" srcset=\"https:\/\/potenciaradiofonicadominicana.com\/portal\/wp-content\/uploads\/2026\/04\/69ee050e7eb7d.jpeg 1200w, https:\/\/potenciaradiofonicadominicana.com\/portal\/wp-content\/uploads\/2026\/04\/69ee050e7eb7d-300x169.jpeg 300w, https:\/\/potenciaradiofonicadominicana.com\/portal\/wp-content\/uploads\/2026\/04\/69ee050e7eb7d-1024x576.jpeg 1024w, https:\/\/potenciaradiofonicadominicana.com\/portal\/wp-content\/uploads\/2026\/04\/69ee050e7eb7d-768x432.jpeg 768w\" sizes=\"auto, (max-width: 1200px) 100vw, 1200px\" \/><\/a><\/p>\n<p class=\"paragraph\">\u00a0Pa\u00edses de todo el mundo condenaron de manera un\u00e1nime, en mensajes de conmoci\u00f3n y alivio, el incidente ocurrido anoche durante la cena anual de la\u00a0<b>Asociaci\u00f3n de Corresponsales de la Casa Blanca, a la que asist\u00edan el presidente estadounidense, Donald Trump, y altos miembros del gobierno.<\/b><\/p>\n<p class=\"paragraph\">Incluso desde la oposici\u00f3n estadounidense, voces como la de la exl\u00edder dem\u00f3crata estadounidense Nancy Pelosi condenaron \u00abel aterrador acto de violencia\u00bb, mostrando \u00abun gran alivio\u00bb porque \u00abel presidente, la primera dama y todas las personas presentes en la Cena de los Corresponsales de la Casa Blanca est\u00e9n a salvo\u00bb.<\/p>\n<p class=\"paragraph\">Tambi\u00e9n el alcalde de Nueva York, el dem\u00f3crata Zohran Mamdani, rechaz\u00f3 la \u00abviolencia pol\u00edtica\u00bb.<\/p>\n<p class=\"paragraph\">Estas son algunas de las reacciones de los gobiernos de todo el mundo:<\/p>\n<p class=\"paragraph\">&#8211; UE: La alta representante de Exteriores de la UE, Kaja Kallas, celebr\u00f3 que Trump estuviera a salvo y conden\u00f3 lo sucedido: \u00abla violencia pol\u00edtica no tiene cabida en una democracia\u00bb. La presidenta de la Comisi\u00f3n Europea, Ursula von der Leyen, agradeci\u00f3 adem\u00e1s \u00abla r\u00e1pida intervenci\u00f3n de la polic\u00eda y los servicios de emergencia por garantizar la seguridad de los hu\u00e9spedes\u00bb, y el presidente del Consejo Europeo, Ant\u00f3nio Costa, calific\u00f3 el incidente de \u00abprofundamente preocupante\u00bb.<\/p>\n<p class=\"paragraph\">&#8211; Espa\u00f1a: El presidente del Gobierno Pedro S\u00e1nchez, conden\u00f3 y se\u00f1al\u00f3 en X que \u00abla violencia nunca es el camino\u00bb: \u00abLa humanidad solo avanzar\u00e1 a trav\u00e9s de la democracia, la convivencia y la paz\u00bb.<\/p>\n<p class=\"paragraph\">&#8211; Francia: El presidente Emmanuel Macron se\u00f1al\u00f3 que \u00abel ataque armado de anoche contra el presidente de los Estados Unidos es inaceptable. La violencia no tiene nunca cabida en democracia\u00bb.<\/p>\n<p class=\"paragraph\">&#8211; Reino Unido: El primer ministro Keir Starmer se mostr\u00f3 conmocionado y aliviado: \u00abCualquier ataque contra las instituciones democr\u00e1ticas o contra la libertad de prensa debe ser condenado en los t\u00e9rminos m\u00e1s en\u00e9rgicos posibles\u00bb.<\/p>\n<p class=\"paragraph\">&#8211; Italia: La primera ministra Giorgia Meloni advirti\u00f3: \u00abNing\u00fan odio pol\u00edtico puede encontrar espacio en nuestras democracias. No permitiremos al fanatismo envenenar los lugares del libre debate y de la informaci\u00f3n\u00bb.<\/p>\n<p class=\"paragraph\">&#8211; Alemania: El canciller alem\u00e1n, Friedrich Merz, asegur\u00f3 que \u00abla violencia no tiene lugar en una democracia. Decidimos por mayor\u00eda, no por armas\u00bb.<\/p>\n<p class=\"paragraph\">&#8211; Portugal: El primer ministro Lu\u00eds Montenegro conden\u00f3 \u00aben\u00e9rgicamente\u00bb el tiroteo y agreg\u00f3: \u00abla democracia y quienes la defienden no pueden tolerar ni transigir con la violencia pol\u00edtica\u00bb.<\/p>\n<p class=\"paragraph\">&#8211; Hungr\u00eda: El primer ministro saliente Viktor Orban, clam\u00f3: \u00ab\u00a1No hay lugar para la violencia en la pol\u00edtica!\u00bb.<\/p>\n<p class=\"paragraph\">&#8211; Canad\u00e1: El primer ministro Mark Carney se mostr\u00f3 \u00abaliviado\u00bb y declar\u00f3: La violencia pol\u00edtica no tiene lugar en ninguna democracia y mis pensamientos est\u00e1n con aquellos que han sido afectados por este preocupante incidente\u00bb.<\/p>\n<p class=\"paragraph\">&#8211; Argentina: El presidente Javier Milei calific\u00f3 el incidente de un \u00abnuevo intento de asesinato\u00bb contra Trump y conden\u00f3 \u00abcon vehemencia la ret\u00f3rica violenta de la izquierda en todas partes del mundo que promueven este tipo de ataques\u00bb.<\/p>\n<p class=\"paragraph\">&#8211; Venezuela: La presidenta encargada, Delcy Rodr\u00edguez, conden\u00f3 el \u00abintento de agresi\u00f3n\u00bb contra Trump y su esposa y a\u00f1adi\u00f3 que la violencia \u00abnunca ser\u00e1 una opci\u00f3n\u00bb para aquellos que defienden \u00ablas banderas de la paz\u00bb.<\/p>\n<p class=\"paragraph\">&#8211; M\u00e9xico: La presidenta, Claudia Sheinbaum, expres\u00f3 su respeto a Trump y Melania, y afirm\u00f3 que \u00abla violencia no debe ser nunca el camino\u00bb.<\/p>\n<p class=\"paragraph\">&#8211;<b>\u00a0Rep\u00fablica Dominicana:<\/b>\u00a0El presidente, Luis Abinader, manifest\u00f3 en X: \u00abNos sentimos tan aliviados de que el presidente Trump, la primera dama y todos los dem\u00e1s invitados est\u00e9n a salvo despu\u00e9s de un cobarde ataque esta noche en Washington\u00bb.<\/p>\n<p class=\"paragraph\">&#8211; Bolivia: El presidente, Rodrigo Paz, rechaz\u00f3 \u00abcateg\u00f3ricamente todo acto de violencia, especialmente aquellos que atentan contra la integridad y la vida humana, venga de donde venga. Ninguna forma de violencia institucional o individual puede tener cabida en una sociedad democr\u00e1tica\u00bb.<\/p>\n<p class=\"paragraph\">&#8211; Per\u00fa: \u00abEl Gobierno del Per\u00fa expresa su m\u00e1s en\u00e9rgica condena ante el deplorable acto de violencia registrado esta noche en la ciudad de Washington\u00bb, se\u00f1al\u00f3 el Ministerio de Relaciones Exteriores.<\/p>\n<p class=\"paragraph\">&#8211; Israel: El primer ministro, Benjam\u00edn Netanyahu, dijo estar \u00abimpactado\u00bb por los hechos: \u00abSara y yo quedamos impactados por el intento de asesinato contra el presidente Donald Trump anoche en Washington D.C. Nos alivia saber que el presidente y la primera dama se encuentran bien y a salvo\u00bb.<\/p>\n<p class=\"paragraph\">&#8211; Emiratos \u00c1rabes Unidos: El ministerio de Exteriores calific\u00f3 de \u00abcrimen atroz\u00bb el tiroteo y conden\u00f3 todo acto de \u00abextremismo y terrorismo\u00bb.<\/p>\n<p class=\"paragraph\">&#8211; Jap\u00f3n: La primera ministra, Sanae Takaichi, dijo que la violencia \u00abno puede ser tolerada en ning\u00fan lugar del mundo\u00bb y se mostr\u00f3 aliviada.<\/p>\n<p class=\"paragraph\">&#8211; Pakist\u00e1n: El primer ministro, Shehbaz Sharif, dijo estar \u00abprofundamente conmocionado\u00bb y \u00abaliviado de saber que el presidente Trump, la primera dama y otros asistentes est\u00e1n a salvo. Mis pensamientos y oraciones est\u00e1n con \u00e9l, y le deseo continua seguridad y bienestar\u00bb.<\/p>\n","protected":false},"excerpt":{"rendered":"<p>\u00a0Pa\u00edses de todo el mundo condenaron de manera un\u00e1nime, en mensajes de conmoci\u00f3n y alivio, el incidente ocurrido anoche durante &#8230;<\/p>\n","protected":false},"author":2,"featured_media":215881,"comment_status":"closed","ping_status":"closed","sticky":false,"template":"","format":"standard","meta":{"footnotes":""},"categories":[30],"tags":[],"class_list":["post-215880","post","type-post","status-publish","format-standard","has-post-thumbnail","hentry","category-internacional"],"yoast_head":"<!-- This site is optimized with the Yoast SEO plugin v24.8.1 - https:\/\/yoast.com\/wordpress\/plugins\/seo\/ -->\n<title>Condena global tras tiroteo en cena de Trump: l\u00edderes llaman a rechazar la violencia pol\u00edtica - PotenciaRadiofonicaDominicana.com<\/title>\n<meta name=\"robots\" content=\"index, follow, max-snippet:-1, max-image-preview:large, max-video-preview:-1\" \/>\n<link rel=\"canonical\" href=\"https:\/\/potenciaradiofonicadominicana.com\/portal\/condena-global-tras-tiroteo-en-cena-de-trump-lideres-llaman-a-rechazar-la-violencia-politica\/\" \/>\n<meta property=\"og:locale\" content=\"es_ES\" \/>\n<meta property=\"og:type\" content=\"article\" \/>\n<meta property=\"og:title\" content=\"Condena global tras tiroteo en cena de Trump: l\u00edderes llaman a rechazar la violencia pol\u00edtica - PotenciaRadiofonicaDominicana.com\" \/>\n<meta property=\"og:description\" content=\"\u00a0Pa\u00edses de todo el mundo condenaron de manera un\u00e1nime, en mensajes de conmoci\u00f3n y alivio, el incidente ocurrido anoche durante ...\" \/>\n<meta property=\"og:url\" content=\"https:\/\/potenciaradiofonicadominicana.com\/portal\/condena-global-tras-tiroteo-en-cena-de-trump-lideres-llaman-a-rechazar-la-violencia-politica\/\" \/>\n<meta property=\"og:site_name\" content=\"PotenciaRadiofonicaDominicana.com\" \/>\n<meta property=\"article:publisher\" content=\"https:\/\/web.facebook.com\/PotenciaRadiofonicaD\" \/>\n<meta property=\"article:published_time\" content=\"2026-04-27T00:49:50+00:00\" \/>\n<meta property=\"og:image\" content=\"https:\/\/potenciaradiofonicadominicana.com\/portal\/wp-content\/uploads\/2026\/04\/69ee050e7eb7d.jpeg\" \/>\n\t<meta property=\"og:image:width\" content=\"1200\" \/>\n\t<meta property=\"og:image:height\" content=\"675\" \/>\n\t<meta property=\"og:image:type\" content=\"image\/jpeg\" \/>\n<meta name=\"author\" content=\"Potencia Radiof\u00f3nica Dominicana\" \/>\n<meta name=\"twitter:card\" content=\"summary_large_image\" \/>\n<meta name=\"twitter:label1\" content=\"Escrito por\" \/>\n\t<meta name=\"twitter:data1\" content=\"Potencia Radiof\u00f3nica Dominicana\" \/>\n\t<meta name=\"twitter:label2\" content=\"Tiempo de lectura\" \/>\n\t<meta name=\"twitter:data2\" content=\"4 minutos\" \/>\n<script type=\"application\/ld+json\" class=\"yoast-schema-graph\">{\"@context\":\"https:\/\/schema.org\",\"@graph\":[{\"@type\":\"Article\",\"@id\":\"https:\/\/potenciaradiofonicadominicana.com\/portal\/condena-global-tras-tiroteo-en-cena-de-trump-lideres-llaman-a-rechazar-la-violencia-politica\/#article\",\"isPartOf\":{\"@id\":\"https:\/\/potenciaradiofonicadominicana.com\/portal\/condena-global-tras-tiroteo-en-cena-de-trump-lideres-llaman-a-rechazar-la-violencia-politica\/\"},\"author\":{\"name\":\"Potencia Radiof\u00f3nica Dominicana\",\"@id\":\"https:\/\/potenciaradiofonicadominicana.com\/portal\/#\/schema\/person\/a5cf1fea13877803ee0573ac18b03490\"},\"headline\":\"Condena global tras tiroteo en cena de Trump: l\u00edderes llaman a rechazar la violencia pol\u00edtica\",\"datePublished\":\"2026-04-27T00:49:50+00:00\",\"mainEntityOfPage\":{\"@id\":\"https:\/\/potenciaradiofonicadominicana.com\/portal\/condena-global-tras-tiroteo-en-cena-de-trump-lideres-llaman-a-rechazar-la-violencia-politica\/\"},\"wordCount\":854,\"publisher\":{\"@id\":\"https:\/\/potenciaradiofonicadominicana.com\/portal\/#organization\"},\"image\":{\"@id\":\"https:\/\/potenciaradiofonicadominicana.com\/portal\/condena-global-tras-tiroteo-en-cena-de-trump-lideres-llaman-a-rechazar-la-violencia-politica\/#primaryimage\"},\"thumbnailUrl\":\"https:\/\/potenciaradiofonicadominicana.com\/portal\/wp-content\/uploads\/2026\/04\/69ee050e7eb7d.jpeg\",\"articleSection\":[\"Internacional\"],\"inLanguage\":\"es\"},{\"@type\":\"WebPage\",\"@id\":\"https:\/\/potenciaradiofonicadominicana.com\/portal\/condena-global-tras-tiroteo-en-cena-de-trump-lideres-llaman-a-rechazar-la-violencia-politica\/\",\"url\":\"https:\/\/potenciaradiofonicadominicana.com\/portal\/condena-global-tras-tiroteo-en-cena-de-trump-lideres-llaman-a-rechazar-la-violencia-politica\/\",\"name\":\"Condena global tras tiroteo en cena de Trump: l\u00edderes llaman a rechazar la violencia pol\u00edtica - PotenciaRadiofonicaDominicana.com\",\"isPartOf\":{\"@id\":\"https:\/\/potenciaradiofonicadominicana.com\/portal\/#website\"},\"primaryImageOfPage\":{\"@id\":\"https:\/\/potenciaradiofonicadominicana.com\/portal\/condena-global-tras-tiroteo-en-cena-de-trump-lideres-llaman-a-rechazar-la-violencia-politica\/#primaryimage\"},\"image\":{\"@id\":\"https:\/\/potenciaradiofonicadominicana.com\/portal\/condena-global-tras-tiroteo-en-cena-de-trump-lideres-llaman-a-rechazar-la-violencia-politica\/#primaryimage\"},\"thumbnailUrl\":\"https:\/\/potenciaradiofonicadominicana.com\/portal\/wp-content\/uploads\/2026\/04\/69ee050e7eb7d.jpeg\",\"datePublished\":\"2026-04-27T00:49:50+00:00\",\"breadcrumb\":{\"@id\":\"https:\/\/potenciaradiofonicadominicana.com\/portal\/condena-global-tras-tiroteo-en-cena-de-trump-lideres-llaman-a-rechazar-la-violencia-politica\/#breadcrumb\"},\"inLanguage\":\"es\",\"potentialAction\":[{\"@type\":\"ReadAction\",\"target\":[\"https:\/\/potenciaradiofonicadominicana.com\/portal\/condena-global-tras-tiroteo-en-cena-de-trump-lideres-llaman-a-rechazar-la-violencia-politica\/\"]}]},{\"@type\":\"ImageObject\",\"inLanguage\":\"es\",\"@id\":\"https:\/\/potenciaradiofonicadominicana.com\/portal\/condena-global-tras-tiroteo-en-cena-de-trump-lideres-llaman-a-rechazar-la-violencia-politica\/#primaryimage\",\"url\":\"https:\/\/potenciaradiofonicadominicana.com\/portal\/wp-content\/uploads\/2026\/04\/69ee050e7eb7d.jpeg\",\"contentUrl\":\"https:\/\/potenciaradiofonicadominicana.com\/portal\/wp-content\/uploads\/2026\/04\/69ee050e7eb7d.jpeg\",\"width\":1200,\"height\":675},{\"@type\":\"BreadcrumbList\",\"@id\":\"https:\/\/potenciaradiofonicadominicana.com\/portal\/condena-global-tras-tiroteo-en-cena-de-trump-lideres-llaman-a-rechazar-la-violencia-politica\/#breadcrumb\",\"itemListElement\":[{\"@type\":\"ListItem\",\"position\":1,\"name\":\"Portada\",\"item\":\"https:\/\/potenciaradiofonicadominicana.com\/portal\/\"},{\"@type\":\"ListItem\",\"position\":2,\"name\":\"Condena global tras tiroteo en cena de Trump: l\u00edderes llaman a rechazar la violencia pol\u00edtica\"}]},{\"@type\":\"WebSite\",\"@id\":\"https:\/\/potenciaradiofonicadominicana.com\/portal\/#website\",\"url\":\"https:\/\/potenciaradiofonicadominicana.com\/portal\/\",\"name\":\"PotenciaRadiofonicaDominicana.com\",\"description\":\"Peri\u00f3dico Digital\",\"publisher\":{\"@id\":\"https:\/\/potenciaradiofonicadominicana.com\/portal\/#organization\"},\"potentialAction\":[{\"@type\":\"SearchAction\",\"target\":{\"@type\":\"EntryPoint\",\"urlTemplate\":\"https:\/\/potenciaradiofonicadominicana.com\/portal\/?s={search_term_string}\"},\"query-input\":{\"@type\":\"PropertyValueSpecification\",\"valueRequired\":true,\"valueName\":\"search_term_string\"}}],\"inLanguage\":\"es\"},{\"@type\":\"Organization\",\"@id\":\"https:\/\/potenciaradiofonicadominicana.com\/portal\/#organization\",\"name\":\"PotenciaRadiofonicaDominicana.com\",\"url\":\"https:\/\/potenciaradiofonicadominicana.com\/portal\/\",\"logo\":{\"@type\":\"ImageObject\",\"inLanguage\":\"es\",\"@id\":\"https:\/\/potenciaradiofonicadominicana.com\/portal\/#\/schema\/logo\/image\/\",\"url\":\"https:\/\/potenciaradiofonicadominicana.com\/portal\/wp-content\/uploads\/2022\/01\/descarga.png\",\"contentUrl\":\"https:\/\/potenciaradiofonicadominicana.com\/portal\/wp-content\/uploads\/2022\/01\/descarga.png\",\"width\":300,\"height\":100,\"caption\":\"PotenciaRadiofonicaDominicana.com\"},\"image\":{\"@id\":\"https:\/\/potenciaradiofonicadominicana.com\/portal\/#\/schema\/logo\/image\/\"},\"sameAs\":[\"https:\/\/web.facebook.com\/PotenciaRadiofonicaD\"]},{\"@type\":\"Person\",\"@id\":\"https:\/\/potenciaradiofonicadominicana.com\/portal\/#\/schema\/person\/a5cf1fea13877803ee0573ac18b03490\",\"name\":\"Potencia Radiof\u00f3nica Dominicana\",\"image\":{\"@type\":\"ImageObject\",\"inLanguage\":\"es\",\"@id\":\"https:\/\/potenciaradiofonicadominicana.com\/portal\/#\/schema\/person\/image\/\",\"url\":\"https:\/\/secure.gravatar.com\/avatar\/42a55ab9e8ccc656ba34cd791990602a?s=96&d=mm&r=g\",\"contentUrl\":\"https:\/\/secure.gravatar.com\/avatar\/42a55ab9e8ccc656ba34cd791990602a?s=96&d=mm&r=g\",\"caption\":\"Potencia Radiof\u00f3nica Dominicana\"},\"url\":\"https:\/\/potenciaradiofonicadominicana.com\/portal\/author\/johannyalmanzar\/\"}]}<\/script>\n<!-- \/ Yoast SEO plugin. -->","yoast_head_json":{"title":"Condena global tras tiroteo en cena de Trump: l\u00edderes llaman a rechazar la violencia pol\u00edtica - PotenciaRadiofonicaDominicana.com","robots":{"index":"index","follow":"follow","max-snippet":"max-snippet:-1","max-image-preview":"max-image-preview:large","max-video-preview":"max-video-preview:-1"},"canonical":"https:\/\/potenciaradiofonicadominicana.com\/portal\/condena-global-tras-tiroteo-en-cena-de-trump-lideres-llaman-a-rechazar-la-violencia-politica\/","og_locale":"es_ES","og_type":"article","og_title":"Condena global tras tiroteo en cena de Trump: l\u00edderes llaman a rechazar la violencia pol\u00edtica - PotenciaRadiofonicaDominicana.com","og_description":"\u00a0Pa\u00edses de todo el mundo condenaron de manera un\u00e1nime, en mensajes de conmoci\u00f3n y alivio, el incidente ocurrido anoche durante ...","og_url":"https:\/\/potenciaradiofonicadominicana.com\/portal\/condena-global-tras-tiroteo-en-cena-de-trump-lideres-llaman-a-rechazar-la-violencia-politica\/","og_site_name":"PotenciaRadiofonicaDominicana.com","article_publisher":"https:\/\/web.facebook.com\/PotenciaRadiofonicaD","article_published_time":"2026-04-27T00:49:50+00:00","og_image":[{"width":1200,"height":675,"url":"https:\/\/potenciaradiofonicadominicana.com\/portal\/wp-content\/uploads\/2026\/04\/69ee050e7eb7d.jpeg","type":"image\/jpeg"}],"author":"Potencia Radiof\u00f3nica Dominicana","twitter_card":"summary_large_image","twitter_misc":{"Escrito por":"Potencia Radiof\u00f3nica Dominicana","Tiempo de lectura":"4 minutos"},"schema":{"@context":"https:\/\/schema.org","@graph":[{"@type":"Article","@id":"https:\/\/potenciaradiofonicadominicana.com\/portal\/condena-global-tras-tiroteo-en-cena-de-trump-lideres-llaman-a-rechazar-la-violencia-politica\/#article","isPartOf":{"@id":"https:\/\/potenciaradiofonicadominicana.com\/portal\/condena-global-tras-tiroteo-en-cena-de-trump-lideres-llaman-a-rechazar-la-violencia-politica\/"},"author":{"name":"Potencia Radiof\u00f3nica Dominicana","@id":"https:\/\/potenciaradiofonicadominicana.com\/portal\/#\/schema\/person\/a5cf1fea13877803ee0573ac18b03490"},"headline":"Condena global tras tiroteo en cena de Trump: l\u00edderes llaman a rechazar la violencia pol\u00edtica","datePublished":"2026-04-27T00:49:50+00:00","mainEntityOfPage":{"@id":"https:\/\/potenciaradiofonicadominicana.com\/portal\/condena-global-tras-tiroteo-en-cena-de-trump-lideres-llaman-a-rechazar-la-violencia-politica\/"},"wordCount":854,"publisher":{"@id":"https:\/\/potenciaradiofonicadominicana.com\/portal\/#organization"},"image":{"@id":"https:\/\/potenciaradiofonicadominicana.com\/portal\/condena-global-tras-tiroteo-en-cena-de-trump-lideres-llaman-a-rechazar-la-violencia-politica\/#primaryimage"},"thumbnailUrl":"https:\/\/potenciaradiofonicadominicana.com\/portal\/wp-content\/uploads\/2026\/04\/69ee050e7eb7d.jpeg","articleSection":["Internacional"],"inLanguage":"es"},{"@type":"WebPage","@id":"https:\/\/potenciaradiofonicadominicana.com\/portal\/condena-global-tras-tiroteo-en-cena-de-trump-lideres-llaman-a-rechazar-la-violencia-politica\/","url":"https:\/\/potenciaradiofonicadominicana.com\/portal\/condena-global-tras-tiroteo-en-cena-de-trump-lideres-llaman-a-rechazar-la-violencia-politica\/","name":"Condena global tras tiroteo en cena de Trump: l\u00edderes llaman a rechazar la violencia pol\u00edtica - PotenciaRadiofonicaDominicana.com","isPartOf":{"@id":"https:\/\/potenciaradiofonicadominicana.com\/portal\/#website"},"primaryImageOfPage":{"@id":"https:\/\/potenciaradiofonicadominicana.com\/portal\/condena-global-tras-tiroteo-en-cena-de-trump-lideres-llaman-a-rechazar-la-violencia-politica\/#primaryimage"},"image":{"@id":"https:\/\/potenciaradiofonicadominicana.com\/portal\/condena-global-tras-tiroteo-en-cena-de-trump-lideres-llaman-a-rechazar-la-violencia-politica\/#primaryimage"},"thumbnailUrl":"https:\/\/potenciaradiofonicadominicana.com\/portal\/wp-content\/uploads\/2026\/04\/69ee050e7eb7d.jpeg","datePublished":"2026-04-27T00:49:50+00:00","breadcrumb":{"@id":"https:\/\/potenciaradiofonicadominicana.com\/portal\/condena-global-tras-tiroteo-en-cena-de-trump-lideres-llaman-a-rechazar-la-violencia-politica\/#breadcrumb"},"inLanguage":"es","potentialAction":[{"@type":"ReadAction","target":["https:\/\/potenciaradiofonicadominicana.com\/portal\/condena-global-tras-tiroteo-en-cena-de-trump-lideres-llaman-a-rechazar-la-violencia-politica\/"]}]},{"@type":"ImageObject","inLanguage":"es","@id":"https:\/\/potenciaradiofonicadominicana.com\/portal\/condena-global-tras-tiroteo-en-cena-de-trump-lideres-llaman-a-rechazar-la-violencia-politica\/#primaryimage","url":"https:\/\/potenciaradiofonicadominicana.com\/portal\/wp-content\/uploads\/2026\/04\/69ee050e7eb7d.jpeg","contentUrl":"https:\/\/potenciaradiofonicadominicana.com\/portal\/wp-content\/uploads\/2026\/04\/69ee050e7eb7d.jpeg","width":1200,"height":675},{"@type":"BreadcrumbList","@id":"https:\/\/potenciaradiofonicadominicana.com\/portal\/condena-global-tras-tiroteo-en-cena-de-trump-lideres-llaman-a-rechazar-la-violencia-politica\/#breadcrumb","itemListElement":[{"@type":"ListItem","position":1,"name":"Portada","item":"https:\/\/potenciaradiofonicadominicana.com\/portal\/"},{"@type":"ListItem","position":2,"name":"Condena global tras tiroteo en cena de Trump: l\u00edderes llaman a rechazar la violencia pol\u00edtica"}]},{"@type":"WebSite","@id":"https:\/\/potenciaradiofonicadominicana.com\/portal\/#website","url":"https:\/\/potenciaradiofonicadominicana.com\/portal\/","name":"PotenciaRadiofonicaDominicana.com","description":"Peri\u00f3dico Digital","publisher":{"@id":"https:\/\/potenciaradiofonicadominicana.com\/portal\/#organization"},"potentialAction":[{"@type":"SearchAction","target":{"@type":"EntryPoint","urlTemplate":"https:\/\/potenciaradiofonicadominicana.com\/portal\/?s={search_term_string}"},"query-input":{"@type":"PropertyValueSpecification","valueRequired":true,"valueName":"search_term_string"}}],"inLanguage":"es"},{"@type":"Organization","@id":"https:\/\/potenciaradiofonicadominicana.com\/portal\/#organization","name":"PotenciaRadiofonicaDominicana.com","url":"https:\/\/potenciaradiofonicadominicana.com\/portal\/","logo":{"@type":"ImageObject","inLanguage":"es","@id":"https:\/\/potenciaradiofonicadominicana.com\/portal\/#\/schema\/logo\/image\/","url":"https:\/\/potenciaradiofonicadominicana.com\/portal\/wp-content\/uploads\/2022\/01\/descarga.png","contentUrl":"https:\/\/potenciaradiofonicadominicana.com\/portal\/wp-content\/uploads\/2022\/01\/descarga.png","width":300,"height":100,"caption":"PotenciaRadiofonicaDominicana.com"},"image":{"@id":"https:\/\/potenciaradiofonicadominicana.com\/portal\/#\/schema\/logo\/image\/"},"sameAs":["https:\/\/web.facebook.com\/PotenciaRadiofonicaD"]},{"@type":"Person","@id":"https:\/\/potenciaradiofonicadominicana.com\/portal\/#\/schema\/person\/a5cf1fea13877803ee0573ac18b03490","name":"Potencia Radiof\u00f3nica Dominicana","image":{"@type":"ImageObject","inLanguage":"es","@id":"https:\/\/potenciaradiofonicadominicana.com\/portal\/#\/schema\/person\/image\/","url":"https:\/\/secure.gravatar.com\/avatar\/42a55ab9e8ccc656ba34cd791990602a?s=96&d=mm&r=g","contentUrl":"https:\/\/secure.gravatar.com\/avatar\/42a55ab9e8ccc656ba34cd791990602a?s=96&d=mm&r=g","caption":"Potencia Radiof\u00f3nica Dominicana"},"url":"https:\/\/potenciaradiofonicadominicana.com\/portal\/author\/johannyalmanzar\/"}]}},"_links":{"self":[{"href":"https:\/\/potenciaradiofonicadominicana.com\/portal\/wp-json\/wp\/v2\/posts\/215880","targetHints":{"allow":["GET"]}}],"collection":[{"href":"https:\/\/potenciaradiofonicadominicana.com\/portal\/wp-json\/wp\/v2\/posts"}],"about":[{"href":"https:\/\/potenciaradiofonicadominicana.com\/portal\/wp-json\/wp\/v2\/types\/post"}],"author":[{"embeddable":true,"href":"https:\/\/potenciaradiofonicadominicana.com\/portal\/wp-json\/wp\/v2\/users\/2"}],"replies":[{"embeddable":true,"href":"https:\/\/potenciaradiofonicadominicana.com\/portal\/wp-json\/wp\/v2\/comments?post=215880"}],"version-history":[{"count":1,"href":"https:\/\/potenciaradiofonicadominicana.com\/portal\/wp-json\/wp\/v2\/posts\/215880\/revisions"}],"predecessor-version":[{"id":215882,"href":"https:\/\/potenciaradiofonicadominicana.com\/portal\/wp-json\/wp\/v2\/posts\/215880\/revisions\/215882"}],"wp:featuredmedia":[{"embeddable":true,"href":"https:\/\/potenciaradiofonicadominicana.com\/portal\/wp-json\/wp\/v2\/media\/215881"}],"wp:attachment":[{"href":"https:\/\/potenciaradiofonicadominicana.com\/portal\/wp-json\/wp\/v2\/media?parent=215880"}],"wp:term":[{"taxonomy":"category","embeddable":true,"href":"https:\/\/potenciaradiofonicadominicana.com\/portal\/wp-json\/wp\/v2\/categories?post=215880"},{"taxonomy":"post_tag","embeddable":true,"href":"https:\/\/potenciaradiofonicadominicana.com\/portal\/wp-json\/wp\/v2\/tags?post=215880"}],"curies":[{"name":"wp","href":"https:\/\/api.w.org\/{rel}","templated":true}]}}