{"id":215877,"date":"2026-04-26T20:47:13","date_gmt":"2026-04-27T00:47:13","guid":{"rendered":"https:\/\/potenciaradiofonicadominicana.com\/portal\/?p=215877"},"modified":"2026-04-26T20:47:13","modified_gmt":"2026-04-27T00:47:13","slug":"el-gobierno-de-israel-nombra-a-su-primer-embajador-en-somalilandia","status":"publish","type":"post","link":"https:\/\/potenciaradiofonicadominicana.com\/portal\/el-gobierno-de-israel-nombra-a-su-primer-embajador-en-somalilandia\/","title":{"rendered":"El Gobierno de Israel nombra a su primer embajador en Somalilandia"},"content":{"rendered":"<p><a href=\"https:\/\/potenciaradiofonicadominicana.com\/portal\/wp-content\/uploads\/2026\/04\/Micheal-Lotem-compressed-scaled-1.jpg\"><img loading=\"lazy\" decoding=\"async\" class=\"alignnone size-full wp-image-215878\" src=\"https:\/\/potenciaradiofonicadominicana.com\/portal\/wp-content\/uploads\/2026\/04\/Micheal-Lotem-compressed-scaled-1.jpg\" alt=\"\" width=\"2560\" height=\"1709\" srcset=\"https:\/\/potenciaradiofonicadominicana.com\/portal\/wp-content\/uploads\/2026\/04\/Micheal-Lotem-compressed-scaled-1.jpg 2560w, https:\/\/potenciaradiofonicadominicana.com\/portal\/wp-content\/uploads\/2026\/04\/Micheal-Lotem-compressed-scaled-1-300x200.jpg 300w, https:\/\/potenciaradiofonicadominicana.com\/portal\/wp-content\/uploads\/2026\/04\/Micheal-Lotem-compressed-scaled-1-1024x684.jpg 1024w, https:\/\/potenciaradiofonicadominicana.com\/portal\/wp-content\/uploads\/2026\/04\/Micheal-Lotem-compressed-scaled-1-768x513.jpg 768w, https:\/\/potenciaradiofonicadominicana.com\/portal\/wp-content\/uploads\/2026\/04\/Micheal-Lotem-compressed-scaled-1-1536x1025.jpg 1536w, https:\/\/potenciaradiofonicadominicana.com\/portal\/wp-content\/uploads\/2026\/04\/Micheal-Lotem-compressed-scaled-1-2048x1367.jpg 2048w\" sizes=\"auto, (max-width: 2560px) 100vw, 2560px\" \/><\/a><\/p>\n<p>El\u00a0<strong>Gobierno de Israel<\/strong>\u00a0aprob\u00f3 este domingo el\u00a0<strong>nombramiento<\/strong>\u00a0de su\u00a0<strong>primer embajador<\/strong>\u00a0en\u00a0<strong>Somalilandia<\/strong>, territorio que reconoci\u00f3 como\u00a0<strong>Estado independiente<\/strong>\u00a0en diciembre de 2025, convirti\u00e9ndose en el primer pa\u00eds en hacerlo.<\/p>\n<p>Seg\u00fan informaron a EFE fuentes del Ministerio de Exteriores israel\u00ed, el representante de la legaci\u00f3n diplom\u00e1tica ser\u00e1\u00a0<strong>Michael Lotem<\/strong>, que fue\u00a0<strong>embajador de Israel<\/strong>\u00a0en\u00a0<strong>Kenia<\/strong>\u00a0hasta agosto de 2025.<\/p>\n<p>Su\u00a0<strong>nombramiento<\/strong>\u00a0fue propuesto hace dos semanas por el ministro de Exteriores israel\u00ed,\u00a0<strong>Gideon Saar<\/strong>, y el Gobierno del primer ministro\u00a0<strong>Benjam\u00edn Netanyahu<\/strong> lo hizo efectivo este domingo, indicaron las mismas fuentes.<\/p>\n<h2>Reconocimiento de\u00a0<strong>Somalilandia<\/strong>\u00a0por\u00a0<strong>Israel<\/strong><\/h2>\n<p>La decisi\u00f3n se produce despu\u00e9s de que\u00a0<strong>Israel<\/strong>\u00a0aceptara el pasado febrero el\u00a0<strong>nombramiento<\/strong>\u00a0de\u00a0<strong>Mohamed Haji<\/strong>\u00a0como\u00a0<strong>primer embajador<\/strong>\u00a0en\u00a0<strong>Israel<\/strong>\u00a0de\u00a0<strong>Somalilandia<\/strong>, la regi\u00f3n separatista de\u00a0<strong>Somalia<\/strong>.<\/p>\n<p><strong>Israel<\/strong>\u00a0anunci\u00f3 el\u00a0<strong>26 de diciembre<\/strong>\u00a0pasado el\u00a0<strong>reconocimiento oficial<\/strong>\u00a0de\u00a0<strong>Somalilandia<\/strong>\u00a0como un \u00ab<strong>Estado independiente<\/strong>\u00a0y soberano\u00bb, con lo que se convirti\u00f3 en el primer pa\u00eds en dar ese paso, una decisi\u00f3n que provoc\u00f3 un amplio rechazo internacional, especialmente de\u00a0<strong>\u00c1frica<\/strong>, el mundo isl\u00e1mico,\u00a0<strong>China<\/strong>\u00a0y la\u00a0<strong>Uni\u00f3n Europea<\/strong> (UE).<\/p>\n<p>Cuando se supo de la intenci\u00f3n de nombrar a Lotem como embajador israel\u00ed en\u00a0<strong>Somalilandia<\/strong>, la\u00a0<strong>Uni\u00f3n Africana<\/strong>\u00a0(UA) expres\u00f3 su \u00ab<strong>profunda preocupaci\u00f3n<\/strong>\u00bb y \u00abconden\u00f3\u00bb este hecho, apelando a su \u00abrespeto inquebrantable\u00bb por \u00abla\u00a0<strong>soberan\u00eda<\/strong>, la unidad y la integridad territorial de\u00a0<strong>Somalia<\/strong>\u00ab.<\/p>\n<h2><strong>Somalilandia<\/strong><\/h2>\n<p><strong>Somalilandia<\/strong>, protectorado brit\u00e1nico hasta 1960 y situado en un lugar estrat\u00e9gico, no est\u00e1 reconocida internacionalmente, aunque tiene\u00a0<strong>Constituci\u00f3n<\/strong>,\u00a0<strong>moneda<\/strong>\u00a0y\u00a0<strong>gobierno<\/strong>\u00a0propios, e incluso un mejor desarrollo econ\u00f3mico y mayor estabilidad pol\u00edtica que\u00a0<strong>Somalia<\/strong> (de la que se separ\u00f3 en 1991).<\/p>\n<p><strong>Somalia<\/strong>\u00a0vive en un estado de\u00a0<strong>conflicto<\/strong>\u00a0y caos desde el derrocamiento en 1991 del dictador\u00a0<strong>Mohamed Siad Barr\u00e9<\/strong>, lo que dej\u00f3 al pa\u00eds sin gobierno efectivo y en manos de milicias islamistas como\u00a0<strong>Al Shabab<\/strong>\u00a0y se\u00f1ores de la guerra.<\/p>\n","protected":false},"excerpt":{"rendered":"<p>El\u00a0Gobierno de Israel\u00a0aprob\u00f3 este domingo el\u00a0nombramiento\u00a0de su\u00a0primer embajador\u00a0en\u00a0Somalilandia, territorio que reconoci\u00f3 como\u00a0Estado independiente\u00a0en diciembre de 2025, convirti\u00e9ndose en el primer &#8230;<\/p>\n","protected":false},"author":2,"featured_media":215878,"comment_status":"closed","ping_status":"closed","sticky":false,"template":"","format":"standard","meta":{"footnotes":""},"categories":[30],"tags":[],"class_list":["post-215877","post","type-post","status-publish","format-standard","has-post-thumbnail","hentry","category-internacional"],"yoast_head":"<!-- This site is optimized with the Yoast SEO plugin v24.8.1 - https:\/\/yoast.com\/wordpress\/plugins\/seo\/ -->\n<title>El Gobierno de Israel nombra a su primer embajador en Somalilandia - PotenciaRadiofonicaDominicana.com<\/title>\n<meta name=\"robots\" content=\"index, follow, max-snippet:-1, max-image-preview:large, max-video-preview:-1\" \/>\n<link rel=\"canonical\" href=\"https:\/\/potenciaradiofonicadominicana.com\/portal\/el-gobierno-de-israel-nombra-a-su-primer-embajador-en-somalilandia\/\" \/>\n<meta property=\"og:locale\" content=\"es_ES\" \/>\n<meta property=\"og:type\" content=\"article\" \/>\n<meta property=\"og:title\" content=\"El Gobierno de Israel nombra a su primer embajador en Somalilandia - PotenciaRadiofonicaDominicana.com\" \/>\n<meta property=\"og:description\" content=\"El\u00a0Gobierno de Israel\u00a0aprob\u00f3 este domingo el\u00a0nombramiento\u00a0de su\u00a0primer embajador\u00a0en\u00a0Somalilandia, territorio que reconoci\u00f3 como\u00a0Estado independiente\u00a0en diciembre de 2025, convirti\u00e9ndose en el primer ...\" \/>\n<meta property=\"og:url\" content=\"https:\/\/potenciaradiofonicadominicana.com\/portal\/el-gobierno-de-israel-nombra-a-su-primer-embajador-en-somalilandia\/\" \/>\n<meta property=\"og:site_name\" content=\"PotenciaRadiofonicaDominicana.com\" \/>\n<meta property=\"article:publisher\" content=\"https:\/\/web.facebook.com\/PotenciaRadiofonicaD\" \/>\n<meta property=\"article:published_time\" content=\"2026-04-27T00:47:13+00:00\" \/>\n<meta property=\"og:image\" content=\"https:\/\/potenciaradiofonicadominicana.com\/portal\/wp-content\/uploads\/2026\/04\/Micheal-Lotem-compressed-scaled-1.jpg\" \/>\n\t<meta property=\"og:image:width\" content=\"2560\" \/>\n\t<meta property=\"og:image:height\" content=\"1709\" \/>\n\t<meta property=\"og:image:type\" content=\"image\/jpeg\" \/>\n<meta name=\"author\" content=\"Potencia Radiof\u00f3nica Dominicana\" \/>\n<meta name=\"twitter:card\" content=\"summary_large_image\" \/>\n<meta name=\"twitter:label1\" content=\"Escrito por\" \/>\n\t<meta name=\"twitter:data1\" content=\"Potencia Radiof\u00f3nica Dominicana\" \/>\n\t<meta name=\"twitter:label2\" content=\"Tiempo de lectura\" \/>\n\t<meta name=\"twitter:data2\" content=\"2 minutos\" \/>\n<script type=\"application\/ld+json\" class=\"yoast-schema-graph\">{\"@context\":\"https:\/\/schema.org\",\"@graph\":[{\"@type\":\"Article\",\"@id\":\"https:\/\/potenciaradiofonicadominicana.com\/portal\/el-gobierno-de-israel-nombra-a-su-primer-embajador-en-somalilandia\/#article\",\"isPartOf\":{\"@id\":\"https:\/\/potenciaradiofonicadominicana.com\/portal\/el-gobierno-de-israel-nombra-a-su-primer-embajador-en-somalilandia\/\"},\"author\":{\"name\":\"Potencia Radiof\u00f3nica Dominicana\",\"@id\":\"https:\/\/potenciaradiofonicadominicana.com\/portal\/#\/schema\/person\/a5cf1fea13877803ee0573ac18b03490\"},\"headline\":\"El Gobierno de Israel nombra a su primer embajador en Somalilandia\",\"datePublished\":\"2026-04-27T00:47:13+00:00\",\"mainEntityOfPage\":{\"@id\":\"https:\/\/potenciaradiofonicadominicana.com\/portal\/el-gobierno-de-israel-nombra-a-su-primer-embajador-en-somalilandia\/\"},\"wordCount\":334,\"publisher\":{\"@id\":\"https:\/\/potenciaradiofonicadominicana.com\/portal\/#organization\"},\"image\":{\"@id\":\"https:\/\/potenciaradiofonicadominicana.com\/portal\/el-gobierno-de-israel-nombra-a-su-primer-embajador-en-somalilandia\/#primaryimage\"},\"thumbnailUrl\":\"https:\/\/potenciaradiofonicadominicana.com\/portal\/wp-content\/uploads\/2026\/04\/Micheal-Lotem-compressed-scaled-1.jpg\",\"articleSection\":[\"Internacional\"],\"inLanguage\":\"es\"},{\"@type\":\"WebPage\",\"@id\":\"https:\/\/potenciaradiofonicadominicana.com\/portal\/el-gobierno-de-israel-nombra-a-su-primer-embajador-en-somalilandia\/\",\"url\":\"https:\/\/potenciaradiofonicadominicana.com\/portal\/el-gobierno-de-israel-nombra-a-su-primer-embajador-en-somalilandia\/\",\"name\":\"El Gobierno de Israel nombra a su primer embajador en Somalilandia - PotenciaRadiofonicaDominicana.com\",\"isPartOf\":{\"@id\":\"https:\/\/potenciaradiofonicadominicana.com\/portal\/#website\"},\"primaryImageOfPage\":{\"@id\":\"https:\/\/potenciaradiofonicadominicana.com\/portal\/el-gobierno-de-israel-nombra-a-su-primer-embajador-en-somalilandia\/#primaryimage\"},\"image\":{\"@id\":\"https:\/\/potenciaradiofonicadominicana.com\/portal\/el-gobierno-de-israel-nombra-a-su-primer-embajador-en-somalilandia\/#primaryimage\"},\"thumbnailUrl\":\"https:\/\/potenciaradiofonicadominicana.com\/portal\/wp-content\/uploads\/2026\/04\/Micheal-Lotem-compressed-scaled-1.jpg\",\"datePublished\":\"2026-04-27T00:47:13+00:00\",\"breadcrumb\":{\"@id\":\"https:\/\/potenciaradiofonicadominicana.com\/portal\/el-gobierno-de-israel-nombra-a-su-primer-embajador-en-somalilandia\/#breadcrumb\"},\"inLanguage\":\"es\",\"potentialAction\":[{\"@type\":\"ReadAction\",\"target\":[\"https:\/\/potenciaradiofonicadominicana.com\/portal\/el-gobierno-de-israel-nombra-a-su-primer-embajador-en-somalilandia\/\"]}]},{\"@type\":\"ImageObject\",\"inLanguage\":\"es\",\"@id\":\"https:\/\/potenciaradiofonicadominicana.com\/portal\/el-gobierno-de-israel-nombra-a-su-primer-embajador-en-somalilandia\/#primaryimage\",\"url\":\"https:\/\/potenciaradiofonicadominicana.com\/portal\/wp-content\/uploads\/2026\/04\/Micheal-Lotem-compressed-scaled-1.jpg\",\"contentUrl\":\"https:\/\/potenciaradiofonicadominicana.com\/portal\/wp-content\/uploads\/2026\/04\/Micheal-Lotem-compressed-scaled-1.jpg\",\"width\":2560,\"height\":1709},{\"@type\":\"BreadcrumbList\",\"@id\":\"https:\/\/potenciaradiofonicadominicana.com\/portal\/el-gobierno-de-israel-nombra-a-su-primer-embajador-en-somalilandia\/#breadcrumb\",\"itemListElement\":[{\"@type\":\"ListItem\",\"position\":1,\"name\":\"Portada\",\"item\":\"https:\/\/potenciaradiofonicadominicana.com\/portal\/\"},{\"@type\":\"ListItem\",\"position\":2,\"name\":\"El Gobierno de Israel nombra a su primer embajador en Somalilandia\"}]},{\"@type\":\"WebSite\",\"@id\":\"https:\/\/potenciaradiofonicadominicana.com\/portal\/#website\",\"url\":\"https:\/\/potenciaradiofonicadominicana.com\/portal\/\",\"name\":\"PotenciaRadiofonicaDominicana.com\",\"description\":\"Peri\u00f3dico Digital\",\"publisher\":{\"@id\":\"https:\/\/potenciaradiofonicadominicana.com\/portal\/#organization\"},\"potentialAction\":[{\"@type\":\"SearchAction\",\"target\":{\"@type\":\"EntryPoint\",\"urlTemplate\":\"https:\/\/potenciaradiofonicadominicana.com\/portal\/?s={search_term_string}\"},\"query-input\":{\"@type\":\"PropertyValueSpecification\",\"valueRequired\":true,\"valueName\":\"search_term_string\"}}],\"inLanguage\":\"es\"},{\"@type\":\"Organization\",\"@id\":\"https:\/\/potenciaradiofonicadominicana.com\/portal\/#organization\",\"name\":\"PotenciaRadiofonicaDominicana.com\",\"url\":\"https:\/\/potenciaradiofonicadominicana.com\/portal\/\",\"logo\":{\"@type\":\"ImageObject\",\"inLanguage\":\"es\",\"@id\":\"https:\/\/potenciaradiofonicadominicana.com\/portal\/#\/schema\/logo\/image\/\",\"url\":\"https:\/\/potenciaradiofonicadominicana.com\/portal\/wp-content\/uploads\/2022\/01\/descarga.png\",\"contentUrl\":\"https:\/\/potenciaradiofonicadominicana.com\/portal\/wp-content\/uploads\/2022\/01\/descarga.png\",\"width\":300,\"height\":100,\"caption\":\"PotenciaRadiofonicaDominicana.com\"},\"image\":{\"@id\":\"https:\/\/potenciaradiofonicadominicana.com\/portal\/#\/schema\/logo\/image\/\"},\"sameAs\":[\"https:\/\/web.facebook.com\/PotenciaRadiofonicaD\"]},{\"@type\":\"Person\",\"@id\":\"https:\/\/potenciaradiofonicadominicana.com\/portal\/#\/schema\/person\/a5cf1fea13877803ee0573ac18b03490\",\"name\":\"Potencia Radiof\u00f3nica Dominicana\",\"image\":{\"@type\":\"ImageObject\",\"inLanguage\":\"es\",\"@id\":\"https:\/\/potenciaradiofonicadominicana.com\/portal\/#\/schema\/person\/image\/\",\"url\":\"https:\/\/secure.gravatar.com\/avatar\/42a55ab9e8ccc656ba34cd791990602a?s=96&d=mm&r=g\",\"contentUrl\":\"https:\/\/secure.gravatar.com\/avatar\/42a55ab9e8ccc656ba34cd791990602a?s=96&d=mm&r=g\",\"caption\":\"Potencia Radiof\u00f3nica Dominicana\"},\"url\":\"https:\/\/potenciaradiofonicadominicana.com\/portal\/author\/johannyalmanzar\/\"}]}<\/script>\n<!-- \/ Yoast SEO plugin. -->","yoast_head_json":{"title":"El Gobierno de Israel nombra a su primer embajador en Somalilandia - PotenciaRadiofonicaDominicana.com","robots":{"index":"index","follow":"follow","max-snippet":"max-snippet:-1","max-image-preview":"max-image-preview:large","max-video-preview":"max-video-preview:-1"},"canonical":"https:\/\/potenciaradiofonicadominicana.com\/portal\/el-gobierno-de-israel-nombra-a-su-primer-embajador-en-somalilandia\/","og_locale":"es_ES","og_type":"article","og_title":"El Gobierno de Israel nombra a su primer embajador en Somalilandia - PotenciaRadiofonicaDominicana.com","og_description":"El\u00a0Gobierno de Israel\u00a0aprob\u00f3 este domingo el\u00a0nombramiento\u00a0de su\u00a0primer embajador\u00a0en\u00a0Somalilandia, territorio que reconoci\u00f3 como\u00a0Estado independiente\u00a0en diciembre de 2025, convirti\u00e9ndose en el primer ...","og_url":"https:\/\/potenciaradiofonicadominicana.com\/portal\/el-gobierno-de-israel-nombra-a-su-primer-embajador-en-somalilandia\/","og_site_name":"PotenciaRadiofonicaDominicana.com","article_publisher":"https:\/\/web.facebook.com\/PotenciaRadiofonicaD","article_published_time":"2026-04-27T00:47:13+00:00","og_image":[{"width":2560,"height":1709,"url":"https:\/\/potenciaradiofonicadominicana.com\/portal\/wp-content\/uploads\/2026\/04\/Micheal-Lotem-compressed-scaled-1.jpg","type":"image\/jpeg"}],"author":"Potencia Radiof\u00f3nica Dominicana","twitter_card":"summary_large_image","twitter_misc":{"Escrito por":"Potencia Radiof\u00f3nica Dominicana","Tiempo de lectura":"2 minutos"},"schema":{"@context":"https:\/\/schema.org","@graph":[{"@type":"Article","@id":"https:\/\/potenciaradiofonicadominicana.com\/portal\/el-gobierno-de-israel-nombra-a-su-primer-embajador-en-somalilandia\/#article","isPartOf":{"@id":"https:\/\/potenciaradiofonicadominicana.com\/portal\/el-gobierno-de-israel-nombra-a-su-primer-embajador-en-somalilandia\/"},"author":{"name":"Potencia Radiof\u00f3nica Dominicana","@id":"https:\/\/potenciaradiofonicadominicana.com\/portal\/#\/schema\/person\/a5cf1fea13877803ee0573ac18b03490"},"headline":"El Gobierno de Israel nombra a su primer embajador en Somalilandia","datePublished":"2026-04-27T00:47:13+00:00","mainEntityOfPage":{"@id":"https:\/\/potenciaradiofonicadominicana.com\/portal\/el-gobierno-de-israel-nombra-a-su-primer-embajador-en-somalilandia\/"},"wordCount":334,"publisher":{"@id":"https:\/\/potenciaradiofonicadominicana.com\/portal\/#organization"},"image":{"@id":"https:\/\/potenciaradiofonicadominicana.com\/portal\/el-gobierno-de-israel-nombra-a-su-primer-embajador-en-somalilandia\/#primaryimage"},"thumbnailUrl":"https:\/\/potenciaradiofonicadominicana.com\/portal\/wp-content\/uploads\/2026\/04\/Micheal-Lotem-compressed-scaled-1.jpg","articleSection":["Internacional"],"inLanguage":"es"},{"@type":"WebPage","@id":"https:\/\/potenciaradiofonicadominicana.com\/portal\/el-gobierno-de-israel-nombra-a-su-primer-embajador-en-somalilandia\/","url":"https:\/\/potenciaradiofonicadominicana.com\/portal\/el-gobierno-de-israel-nombra-a-su-primer-embajador-en-somalilandia\/","name":"El Gobierno de Israel nombra a su primer embajador en Somalilandia - PotenciaRadiofonicaDominicana.com","isPartOf":{"@id":"https:\/\/potenciaradiofonicadominicana.com\/portal\/#website"},"primaryImageOfPage":{"@id":"https:\/\/potenciaradiofonicadominicana.com\/portal\/el-gobierno-de-israel-nombra-a-su-primer-embajador-en-somalilandia\/#primaryimage"},"image":{"@id":"https:\/\/potenciaradiofonicadominicana.com\/portal\/el-gobierno-de-israel-nombra-a-su-primer-embajador-en-somalilandia\/#primaryimage"},"thumbnailUrl":"https:\/\/potenciaradiofonicadominicana.com\/portal\/wp-content\/uploads\/2026\/04\/Micheal-Lotem-compressed-scaled-1.jpg","datePublished":"2026-04-27T00:47:13+00:00","breadcrumb":{"@id":"https:\/\/potenciaradiofonicadominicana.com\/portal\/el-gobierno-de-israel-nombra-a-su-primer-embajador-en-somalilandia\/#breadcrumb"},"inLanguage":"es","potentialAction":[{"@type":"ReadAction","target":["https:\/\/potenciaradiofonicadominicana.com\/portal\/el-gobierno-de-israel-nombra-a-su-primer-embajador-en-somalilandia\/"]}]},{"@type":"ImageObject","inLanguage":"es","@id":"https:\/\/potenciaradiofonicadominicana.com\/portal\/el-gobierno-de-israel-nombra-a-su-primer-embajador-en-somalilandia\/#primaryimage","url":"https:\/\/potenciaradiofonicadominicana.com\/portal\/wp-content\/uploads\/2026\/04\/Micheal-Lotem-compressed-scaled-1.jpg","contentUrl":"https:\/\/potenciaradiofonicadominicana.com\/portal\/wp-content\/uploads\/2026\/04\/Micheal-Lotem-compressed-scaled-1.jpg","width":2560,"height":1709},{"@type":"BreadcrumbList","@id":"https:\/\/potenciaradiofonicadominicana.com\/portal\/el-gobierno-de-israel-nombra-a-su-primer-embajador-en-somalilandia\/#breadcrumb","itemListElement":[{"@type":"ListItem","position":1,"name":"Portada","item":"https:\/\/potenciaradiofonicadominicana.com\/portal\/"},{"@type":"ListItem","position":2,"name":"El Gobierno de Israel nombra a su primer embajador en Somalilandia"}]},{"@type":"WebSite","@id":"https:\/\/potenciaradiofonicadominicana.com\/portal\/#website","url":"https:\/\/potenciaradiofonicadominicana.com\/portal\/","name":"PotenciaRadiofonicaDominicana.com","description":"Peri\u00f3dico Digital","publisher":{"@id":"https:\/\/potenciaradiofonicadominicana.com\/portal\/#organization"},"potentialAction":[{"@type":"SearchAction","target":{"@type":"EntryPoint","urlTemplate":"https:\/\/potenciaradiofonicadominicana.com\/portal\/?s={search_term_string}"},"query-input":{"@type":"PropertyValueSpecification","valueRequired":true,"valueName":"search_term_string"}}],"inLanguage":"es"},{"@type":"Organization","@id":"https:\/\/potenciaradiofonicadominicana.com\/portal\/#organization","name":"PotenciaRadiofonicaDominicana.com","url":"https:\/\/potenciaradiofonicadominicana.com\/portal\/","logo":{"@type":"ImageObject","inLanguage":"es","@id":"https:\/\/potenciaradiofonicadominicana.com\/portal\/#\/schema\/logo\/image\/","url":"https:\/\/potenciaradiofonicadominicana.com\/portal\/wp-content\/uploads\/2022\/01\/descarga.png","contentUrl":"https:\/\/potenciaradiofonicadominicana.com\/portal\/wp-content\/uploads\/2022\/01\/descarga.png","width":300,"height":100,"caption":"PotenciaRadiofonicaDominicana.com"},"image":{"@id":"https:\/\/potenciaradiofonicadominicana.com\/portal\/#\/schema\/logo\/image\/"},"sameAs":["https:\/\/web.facebook.com\/PotenciaRadiofonicaD"]},{"@type":"Person","@id":"https:\/\/potenciaradiofonicadominicana.com\/portal\/#\/schema\/person\/a5cf1fea13877803ee0573ac18b03490","name":"Potencia Radiof\u00f3nica Dominicana","image":{"@type":"ImageObject","inLanguage":"es","@id":"https:\/\/potenciaradiofonicadominicana.com\/portal\/#\/schema\/person\/image\/","url":"https:\/\/secure.gravatar.com\/avatar\/42a55ab9e8ccc656ba34cd791990602a?s=96&d=mm&r=g","contentUrl":"https:\/\/secure.gravatar.com\/avatar\/42a55ab9e8ccc656ba34cd791990602a?s=96&d=mm&r=g","caption":"Potencia Radiof\u00f3nica Dominicana"},"url":"https:\/\/potenciaradiofonicadominicana.com\/portal\/author\/johannyalmanzar\/"}]}},"_links":{"self":[{"href":"https:\/\/potenciaradiofonicadominicana.com\/portal\/wp-json\/wp\/v2\/posts\/215877","targetHints":{"allow":["GET"]}}],"collection":[{"href":"https:\/\/potenciaradiofonicadominicana.com\/portal\/wp-json\/wp\/v2\/posts"}],"about":[{"href":"https:\/\/potenciaradiofonicadominicana.com\/portal\/wp-json\/wp\/v2\/types\/post"}],"author":[{"embeddable":true,"href":"https:\/\/potenciaradiofonicadominicana.com\/portal\/wp-json\/wp\/v2\/users\/2"}],"replies":[{"embeddable":true,"href":"https:\/\/potenciaradiofonicadominicana.com\/portal\/wp-json\/wp\/v2\/comments?post=215877"}],"version-history":[{"count":1,"href":"https:\/\/potenciaradiofonicadominicana.com\/portal\/wp-json\/wp\/v2\/posts\/215877\/revisions"}],"predecessor-version":[{"id":215879,"href":"https:\/\/potenciaradiofonicadominicana.com\/portal\/wp-json\/wp\/v2\/posts\/215877\/revisions\/215879"}],"wp:featuredmedia":[{"embeddable":true,"href":"https:\/\/potenciaradiofonicadominicana.com\/portal\/wp-json\/wp\/v2\/media\/215878"}],"wp:attachment":[{"href":"https:\/\/potenciaradiofonicadominicana.com\/portal\/wp-json\/wp\/v2\/media?parent=215877"}],"wp:term":[{"taxonomy":"category","embeddable":true,"href":"https:\/\/potenciaradiofonicadominicana.com\/portal\/wp-json\/wp\/v2\/categories?post=215877"},{"taxonomy":"post_tag","embeddable":true,"href":"https:\/\/potenciaradiofonicadominicana.com\/portal\/wp-json\/wp\/v2\/tags?post=215877"}],"curies":[{"name":"wp","href":"https:\/\/api.w.org\/{rel}","templated":true}]}}