{"id":215871,"date":"2026-04-26T20:42:03","date_gmt":"2026-04-27T00:42:03","guid":{"rendered":"https:\/\/potenciaradiofonicadominicana.com\/portal\/?p=215871"},"modified":"2026-04-26T20:42:03","modified_gmt":"2026-04-27T00:42:03","slug":"ascienden-a-19-los-civiles-muertos-por-ataque-con-bomba-en-la-via-panamericana-en-colombia","status":"publish","type":"post","link":"https:\/\/potenciaradiofonicadominicana.com\/portal\/ascienden-a-19-los-civiles-muertos-por-ataque-con-bomba-en-la-via-panamericana-en-colombia\/","title":{"rendered":"Ascienden a 19 los civiles muertos por ataque con bomba en la V\u00eda Panamericana en Colombia"},"content":{"rendered":"<p><a href=\"https:\/\/potenciaradiofonicadominicana.com\/portal\/wp-content\/uploads\/2026\/04\/atentado-colombia.jpg\"><img loading=\"lazy\" decoding=\"async\" class=\"alignnone size-full wp-image-215872\" src=\"https:\/\/potenciaradiofonicadominicana.com\/portal\/wp-content\/uploads\/2026\/04\/atentado-colombia.jpg\" alt=\"\" width=\"850\" height=\"540\" srcset=\"https:\/\/potenciaradiofonicadominicana.com\/portal\/wp-content\/uploads\/2026\/04\/atentado-colombia.jpg 850w, https:\/\/potenciaradiofonicadominicana.com\/portal\/wp-content\/uploads\/2026\/04\/atentado-colombia-300x191.jpg 300w, https:\/\/potenciaradiofonicadominicana.com\/portal\/wp-content\/uploads\/2026\/04\/atentado-colombia-768x488.jpg 768w\" sizes=\"auto, (max-width: 850px) 100vw, 850px\" \/><\/a><\/p>\n<p>La explosi\u00f3n de un cilindro bomba lanzado el s\u00e1bado por presuntos disidentes de las FARC en un tramo de la V\u00eda Panamericana, en el departamento colombiano del Cauca (suroeste), dej\u00f3 19 civiles muertos, cinco m\u00e1s de los informados la v\u00edspera, se\u00f1alaron este domingo las autoridades.<\/p>\n<p>\u00abSeg\u00fan informes preliminares, este atroz suceso arroja un saldo doloroso de 19 civiles fallecidos\u00bb, manifest\u00f3 la Gobernaci\u00f3n del Cauca en un decreto en el que declar\u00f3 tres d\u00edas de duelo por la tragedia.<\/p>\n<p>El Instituto de Medicina Legal (IML) confirm\u00f3 la informaci\u00f3n en un comunicado en el que se\u00f1al\u00f3 que lamenta \u00abprofundamente los hechos ocurridos en el departamento del Cauca e informa sobre el inicio de las labores de abordaje forense en las 19 v\u00edctimas\u00bb.<\/p>\n<p>\u00abLa labor forense se desarrolla con la participaci\u00f3n de seis equipos interdisciplinarios integrados por m\u00e9dicos forenses, odont\u00f3logos, antrop\u00f3logos, lofoscopistas, t\u00e9cnicos y personal de apoyo\u00bb para la identificaci\u00f3n y determinaci\u00f3n de las causas de la muerte, agreg\u00f3 el IML.<\/p>\n<p>Detalles del ataque en Cajib\u00edo<br \/>\nEl ataque fue perpetrado en un punto de la Panamericana llamado El T\u00fanel, en el municipio de Cajib\u00edo (Cauca), donde un cilindro lleno de explosivos lanzado por un grupo de las disidencias de las FARC, seg\u00fan el Ej\u00e9rcito, cay\u00f3 sobre un autob\u00fas y destruy\u00f3 tambi\u00e9n otros veh\u00edculos que circulaban por la carretera, as\u00ed como un tramo de la v\u00eda.<\/p>\n<p>Petro convoca manifestaci\u00f3n el 1 de mayo contra alza de intereses y por una constituyente<br \/>\nAm\u00e9rica Latina<br \/>\nPetro convoca manifestaci\u00f3n el 1 de mayo contra alza de intereses y por una constituyente<br \/>\nAumentan a 14 los muertos por atentado con bomba en Colombia<br \/>\nAm\u00e9rica Latina<br \/>\nAumentan a 14 los muertos por atentado con bomba en Colombia<br \/>\nEn el decreto de tres d\u00edas de duelo, la Gobernaci\u00f3n del Cauca se\u00f1al\u00f3 que entre el atentado en la Panamericana y otros ataques perpetrados ayer, \u00abse tiene un saldo de m\u00e1s de 48 civiles heridos, cinco de ellos menores de edad\u00bb.<\/p>\n<p>Seg\u00fan la informaci\u00f3n, la ofensiva de las disidencias de las FARC en el Cauca ha dado lugar a \u00abuna compleja situaci\u00f3n de orden p\u00fablico recrudecida por acciones terroristas consecutivas en los municipios de Caloto, El Tambo, Guachen\u00e9, Mercaderes, Miranda, Timbio y Pat\u00eda, entre otros\u00bb.<\/p>\n<p>Refuerzo militar en el Cauca<br \/>\nPara enfrentar ese deterioro del orden p\u00fablico y la seguridad, que se extiende a los vecinos departamentos de Valle del Cauca y Nari\u00f1o, el Ministerio de Defensa anunci\u00f3 un refuerzo militar en el Cauca con el despliegue de 13 pelotones de caballer\u00eda blindados, 12 de infanter\u00eda y el env\u00edo de m\u00e1s unidades policiales a lo largo de la Panamericana.<\/p>\n<p>\u00abLos asesinos son los narcoterroristas de las disidencias del cartel de alias Mordisco que delinquen en esta regi\u00f3n\u00bb, manifest\u00f3 el ministro de Defensa, Padro S\u00e1nchez Su\u00e1rez.<\/p>\n<p>Las autoridades colombianas atribuyen este ataque a la columna Jaime Mart\u00ednez, dirigida por Iv\u00e1n Idrobo Arredondo, alias Marlon, por quien desde ayer ofrecen una recompensa de hasta 5.000 millones de pesos (unos 1,4 millones de d\u00f3lares).<\/p>\n<p>La Jaime Mart\u00ednez hace parte del Estado Mayor Central (EMC), la principal disidencia de las FARC, dirigida por N\u00e9stor Gregorio Vera, alias Iv\u00e1n Mordisco, el hombre m\u00e1s buscado de Colombia, por quien el Gobierno ofrece tambi\u00e9n una millonaria recompensa. EFE<\/p>\n","protected":false},"excerpt":{"rendered":"<p>La explosi\u00f3n de un cilindro bomba lanzado el s\u00e1bado por presuntos disidentes de las FARC en un tramo de la &#8230;<\/p>\n","protected":false},"author":2,"featured_media":215872,"comment_status":"closed","ping_status":"closed","sticky":false,"template":"","format":"standard","meta":{"footnotes":""},"categories":[30],"tags":[],"class_list":["post-215871","post","type-post","status-publish","format-standard","has-post-thumbnail","hentry","category-internacional"],"yoast_head":"<!-- This site is optimized with the Yoast SEO plugin v24.8.1 - https:\/\/yoast.com\/wordpress\/plugins\/seo\/ -->\n<title>Ascienden a 19 los civiles muertos por ataque con bomba en la V\u00eda Panamericana en Colombia - PotenciaRadiofonicaDominicana.com<\/title>\n<meta name=\"robots\" content=\"index, follow, max-snippet:-1, max-image-preview:large, max-video-preview:-1\" \/>\n<link rel=\"canonical\" href=\"https:\/\/potenciaradiofonicadominicana.com\/portal\/ascienden-a-19-los-civiles-muertos-por-ataque-con-bomba-en-la-via-panamericana-en-colombia\/\" \/>\n<meta property=\"og:locale\" content=\"es_ES\" \/>\n<meta property=\"og:type\" content=\"article\" \/>\n<meta property=\"og:title\" content=\"Ascienden a 19 los civiles muertos por ataque con bomba en la V\u00eda Panamericana en Colombia - PotenciaRadiofonicaDominicana.com\" \/>\n<meta property=\"og:description\" content=\"La explosi\u00f3n de un cilindro bomba lanzado el s\u00e1bado por presuntos disidentes de las FARC en un tramo de la ...\" \/>\n<meta property=\"og:url\" content=\"https:\/\/potenciaradiofonicadominicana.com\/portal\/ascienden-a-19-los-civiles-muertos-por-ataque-con-bomba-en-la-via-panamericana-en-colombia\/\" \/>\n<meta property=\"og:site_name\" content=\"PotenciaRadiofonicaDominicana.com\" \/>\n<meta property=\"article:publisher\" content=\"https:\/\/web.facebook.com\/PotenciaRadiofonicaD\" \/>\n<meta property=\"article:published_time\" content=\"2026-04-27T00:42:03+00:00\" \/>\n<meta property=\"og:image\" content=\"https:\/\/potenciaradiofonicadominicana.com\/portal\/wp-content\/uploads\/2026\/04\/atentado-colombia.jpg\" \/>\n\t<meta property=\"og:image:width\" content=\"850\" \/>\n\t<meta property=\"og:image:height\" content=\"540\" \/>\n\t<meta property=\"og:image:type\" content=\"image\/jpeg\" \/>\n<meta name=\"author\" content=\"Potencia Radiof\u00f3nica Dominicana\" \/>\n<meta name=\"twitter:card\" content=\"summary_large_image\" \/>\n<meta name=\"twitter:label1\" content=\"Escrito por\" \/>\n\t<meta name=\"twitter:data1\" content=\"Potencia Radiof\u00f3nica Dominicana\" \/>\n\t<meta name=\"twitter:label2\" content=\"Tiempo de lectura\" \/>\n\t<meta name=\"twitter:data2\" content=\"3 minutos\" \/>\n<script type=\"application\/ld+json\" class=\"yoast-schema-graph\">{\"@context\":\"https:\/\/schema.org\",\"@graph\":[{\"@type\":\"Article\",\"@id\":\"https:\/\/potenciaradiofonicadominicana.com\/portal\/ascienden-a-19-los-civiles-muertos-por-ataque-con-bomba-en-la-via-panamericana-en-colombia\/#article\",\"isPartOf\":{\"@id\":\"https:\/\/potenciaradiofonicadominicana.com\/portal\/ascienden-a-19-los-civiles-muertos-por-ataque-con-bomba-en-la-via-panamericana-en-colombia\/\"},\"author\":{\"name\":\"Potencia Radiof\u00f3nica Dominicana\",\"@id\":\"https:\/\/potenciaradiofonicadominicana.com\/portal\/#\/schema\/person\/a5cf1fea13877803ee0573ac18b03490\"},\"headline\":\"Ascienden a 19 los civiles muertos por ataque con bomba en la V\u00eda Panamericana en Colombia\",\"datePublished\":\"2026-04-27T00:42:03+00:00\",\"mainEntityOfPage\":{\"@id\":\"https:\/\/potenciaradiofonicadominicana.com\/portal\/ascienden-a-19-los-civiles-muertos-por-ataque-con-bomba-en-la-via-panamericana-en-colombia\/\"},\"wordCount\":591,\"publisher\":{\"@id\":\"https:\/\/potenciaradiofonicadominicana.com\/portal\/#organization\"},\"image\":{\"@id\":\"https:\/\/potenciaradiofonicadominicana.com\/portal\/ascienden-a-19-los-civiles-muertos-por-ataque-con-bomba-en-la-via-panamericana-en-colombia\/#primaryimage\"},\"thumbnailUrl\":\"https:\/\/potenciaradiofonicadominicana.com\/portal\/wp-content\/uploads\/2026\/04\/atentado-colombia.jpg\",\"articleSection\":[\"Internacional\"],\"inLanguage\":\"es\"},{\"@type\":\"WebPage\",\"@id\":\"https:\/\/potenciaradiofonicadominicana.com\/portal\/ascienden-a-19-los-civiles-muertos-por-ataque-con-bomba-en-la-via-panamericana-en-colombia\/\",\"url\":\"https:\/\/potenciaradiofonicadominicana.com\/portal\/ascienden-a-19-los-civiles-muertos-por-ataque-con-bomba-en-la-via-panamericana-en-colombia\/\",\"name\":\"Ascienden a 19 los civiles muertos por ataque con bomba en la V\u00eda Panamericana en Colombia - PotenciaRadiofonicaDominicana.com\",\"isPartOf\":{\"@id\":\"https:\/\/potenciaradiofonicadominicana.com\/portal\/#website\"},\"primaryImageOfPage\":{\"@id\":\"https:\/\/potenciaradiofonicadominicana.com\/portal\/ascienden-a-19-los-civiles-muertos-por-ataque-con-bomba-en-la-via-panamericana-en-colombia\/#primaryimage\"},\"image\":{\"@id\":\"https:\/\/potenciaradiofonicadominicana.com\/portal\/ascienden-a-19-los-civiles-muertos-por-ataque-con-bomba-en-la-via-panamericana-en-colombia\/#primaryimage\"},\"thumbnailUrl\":\"https:\/\/potenciaradiofonicadominicana.com\/portal\/wp-content\/uploads\/2026\/04\/atentado-colombia.jpg\",\"datePublished\":\"2026-04-27T00:42:03+00:00\",\"breadcrumb\":{\"@id\":\"https:\/\/potenciaradiofonicadominicana.com\/portal\/ascienden-a-19-los-civiles-muertos-por-ataque-con-bomba-en-la-via-panamericana-en-colombia\/#breadcrumb\"},\"inLanguage\":\"es\",\"potentialAction\":[{\"@type\":\"ReadAction\",\"target\":[\"https:\/\/potenciaradiofonicadominicana.com\/portal\/ascienden-a-19-los-civiles-muertos-por-ataque-con-bomba-en-la-via-panamericana-en-colombia\/\"]}]},{\"@type\":\"ImageObject\",\"inLanguage\":\"es\",\"@id\":\"https:\/\/potenciaradiofonicadominicana.com\/portal\/ascienden-a-19-los-civiles-muertos-por-ataque-con-bomba-en-la-via-panamericana-en-colombia\/#primaryimage\",\"url\":\"https:\/\/potenciaradiofonicadominicana.com\/portal\/wp-content\/uploads\/2026\/04\/atentado-colombia.jpg\",\"contentUrl\":\"https:\/\/potenciaradiofonicadominicana.com\/portal\/wp-content\/uploads\/2026\/04\/atentado-colombia.jpg\",\"width\":850,\"height\":540},{\"@type\":\"BreadcrumbList\",\"@id\":\"https:\/\/potenciaradiofonicadominicana.com\/portal\/ascienden-a-19-los-civiles-muertos-por-ataque-con-bomba-en-la-via-panamericana-en-colombia\/#breadcrumb\",\"itemListElement\":[{\"@type\":\"ListItem\",\"position\":1,\"name\":\"Portada\",\"item\":\"https:\/\/potenciaradiofonicadominicana.com\/portal\/\"},{\"@type\":\"ListItem\",\"position\":2,\"name\":\"Ascienden a 19 los civiles muertos por ataque con bomba en la V\u00eda Panamericana en Colombia\"}]},{\"@type\":\"WebSite\",\"@id\":\"https:\/\/potenciaradiofonicadominicana.com\/portal\/#website\",\"url\":\"https:\/\/potenciaradiofonicadominicana.com\/portal\/\",\"name\":\"PotenciaRadiofonicaDominicana.com\",\"description\":\"Peri\u00f3dico Digital\",\"publisher\":{\"@id\":\"https:\/\/potenciaradiofonicadominicana.com\/portal\/#organization\"},\"potentialAction\":[{\"@type\":\"SearchAction\",\"target\":{\"@type\":\"EntryPoint\",\"urlTemplate\":\"https:\/\/potenciaradiofonicadominicana.com\/portal\/?s={search_term_string}\"},\"query-input\":{\"@type\":\"PropertyValueSpecification\",\"valueRequired\":true,\"valueName\":\"search_term_string\"}}],\"inLanguage\":\"es\"},{\"@type\":\"Organization\",\"@id\":\"https:\/\/potenciaradiofonicadominicana.com\/portal\/#organization\",\"name\":\"PotenciaRadiofonicaDominicana.com\",\"url\":\"https:\/\/potenciaradiofonicadominicana.com\/portal\/\",\"logo\":{\"@type\":\"ImageObject\",\"inLanguage\":\"es\",\"@id\":\"https:\/\/potenciaradiofonicadominicana.com\/portal\/#\/schema\/logo\/image\/\",\"url\":\"https:\/\/potenciaradiofonicadominicana.com\/portal\/wp-content\/uploads\/2022\/01\/descarga.png\",\"contentUrl\":\"https:\/\/potenciaradiofonicadominicana.com\/portal\/wp-content\/uploads\/2022\/01\/descarga.png\",\"width\":300,\"height\":100,\"caption\":\"PotenciaRadiofonicaDominicana.com\"},\"image\":{\"@id\":\"https:\/\/potenciaradiofonicadominicana.com\/portal\/#\/schema\/logo\/image\/\"},\"sameAs\":[\"https:\/\/web.facebook.com\/PotenciaRadiofonicaD\"]},{\"@type\":\"Person\",\"@id\":\"https:\/\/potenciaradiofonicadominicana.com\/portal\/#\/schema\/person\/a5cf1fea13877803ee0573ac18b03490\",\"name\":\"Potencia Radiof\u00f3nica Dominicana\",\"image\":{\"@type\":\"ImageObject\",\"inLanguage\":\"es\",\"@id\":\"https:\/\/potenciaradiofonicadominicana.com\/portal\/#\/schema\/person\/image\/\",\"url\":\"https:\/\/secure.gravatar.com\/avatar\/42a55ab9e8ccc656ba34cd791990602a?s=96&d=mm&r=g\",\"contentUrl\":\"https:\/\/secure.gravatar.com\/avatar\/42a55ab9e8ccc656ba34cd791990602a?s=96&d=mm&r=g\",\"caption\":\"Potencia Radiof\u00f3nica Dominicana\"},\"url\":\"https:\/\/potenciaradiofonicadominicana.com\/portal\/author\/johannyalmanzar\/\"}]}<\/script>\n<!-- \/ Yoast SEO plugin. -->","yoast_head_json":{"title":"Ascienden a 19 los civiles muertos por ataque con bomba en la V\u00eda Panamericana en Colombia - PotenciaRadiofonicaDominicana.com","robots":{"index":"index","follow":"follow","max-snippet":"max-snippet:-1","max-image-preview":"max-image-preview:large","max-video-preview":"max-video-preview:-1"},"canonical":"https:\/\/potenciaradiofonicadominicana.com\/portal\/ascienden-a-19-los-civiles-muertos-por-ataque-con-bomba-en-la-via-panamericana-en-colombia\/","og_locale":"es_ES","og_type":"article","og_title":"Ascienden a 19 los civiles muertos por ataque con bomba en la V\u00eda Panamericana en Colombia - PotenciaRadiofonicaDominicana.com","og_description":"La explosi\u00f3n de un cilindro bomba lanzado el s\u00e1bado por presuntos disidentes de las FARC en un tramo de la ...","og_url":"https:\/\/potenciaradiofonicadominicana.com\/portal\/ascienden-a-19-los-civiles-muertos-por-ataque-con-bomba-en-la-via-panamericana-en-colombia\/","og_site_name":"PotenciaRadiofonicaDominicana.com","article_publisher":"https:\/\/web.facebook.com\/PotenciaRadiofonicaD","article_published_time":"2026-04-27T00:42:03+00:00","og_image":[{"width":850,"height":540,"url":"https:\/\/potenciaradiofonicadominicana.com\/portal\/wp-content\/uploads\/2026\/04\/atentado-colombia.jpg","type":"image\/jpeg"}],"author":"Potencia Radiof\u00f3nica Dominicana","twitter_card":"summary_large_image","twitter_misc":{"Escrito por":"Potencia Radiof\u00f3nica Dominicana","Tiempo de lectura":"3 minutos"},"schema":{"@context":"https:\/\/schema.org","@graph":[{"@type":"Article","@id":"https:\/\/potenciaradiofonicadominicana.com\/portal\/ascienden-a-19-los-civiles-muertos-por-ataque-con-bomba-en-la-via-panamericana-en-colombia\/#article","isPartOf":{"@id":"https:\/\/potenciaradiofonicadominicana.com\/portal\/ascienden-a-19-los-civiles-muertos-por-ataque-con-bomba-en-la-via-panamericana-en-colombia\/"},"author":{"name":"Potencia Radiof\u00f3nica Dominicana","@id":"https:\/\/potenciaradiofonicadominicana.com\/portal\/#\/schema\/person\/a5cf1fea13877803ee0573ac18b03490"},"headline":"Ascienden a 19 los civiles muertos por ataque con bomba en la V\u00eda Panamericana en Colombia","datePublished":"2026-04-27T00:42:03+00:00","mainEntityOfPage":{"@id":"https:\/\/potenciaradiofonicadominicana.com\/portal\/ascienden-a-19-los-civiles-muertos-por-ataque-con-bomba-en-la-via-panamericana-en-colombia\/"},"wordCount":591,"publisher":{"@id":"https:\/\/potenciaradiofonicadominicana.com\/portal\/#organization"},"image":{"@id":"https:\/\/potenciaradiofonicadominicana.com\/portal\/ascienden-a-19-los-civiles-muertos-por-ataque-con-bomba-en-la-via-panamericana-en-colombia\/#primaryimage"},"thumbnailUrl":"https:\/\/potenciaradiofonicadominicana.com\/portal\/wp-content\/uploads\/2026\/04\/atentado-colombia.jpg","articleSection":["Internacional"],"inLanguage":"es"},{"@type":"WebPage","@id":"https:\/\/potenciaradiofonicadominicana.com\/portal\/ascienden-a-19-los-civiles-muertos-por-ataque-con-bomba-en-la-via-panamericana-en-colombia\/","url":"https:\/\/potenciaradiofonicadominicana.com\/portal\/ascienden-a-19-los-civiles-muertos-por-ataque-con-bomba-en-la-via-panamericana-en-colombia\/","name":"Ascienden a 19 los civiles muertos por ataque con bomba en la V\u00eda Panamericana en Colombia - PotenciaRadiofonicaDominicana.com","isPartOf":{"@id":"https:\/\/potenciaradiofonicadominicana.com\/portal\/#website"},"primaryImageOfPage":{"@id":"https:\/\/potenciaradiofonicadominicana.com\/portal\/ascienden-a-19-los-civiles-muertos-por-ataque-con-bomba-en-la-via-panamericana-en-colombia\/#primaryimage"},"image":{"@id":"https:\/\/potenciaradiofonicadominicana.com\/portal\/ascienden-a-19-los-civiles-muertos-por-ataque-con-bomba-en-la-via-panamericana-en-colombia\/#primaryimage"},"thumbnailUrl":"https:\/\/potenciaradiofonicadominicana.com\/portal\/wp-content\/uploads\/2026\/04\/atentado-colombia.jpg","datePublished":"2026-04-27T00:42:03+00:00","breadcrumb":{"@id":"https:\/\/potenciaradiofonicadominicana.com\/portal\/ascienden-a-19-los-civiles-muertos-por-ataque-con-bomba-en-la-via-panamericana-en-colombia\/#breadcrumb"},"inLanguage":"es","potentialAction":[{"@type":"ReadAction","target":["https:\/\/potenciaradiofonicadominicana.com\/portal\/ascienden-a-19-los-civiles-muertos-por-ataque-con-bomba-en-la-via-panamericana-en-colombia\/"]}]},{"@type":"ImageObject","inLanguage":"es","@id":"https:\/\/potenciaradiofonicadominicana.com\/portal\/ascienden-a-19-los-civiles-muertos-por-ataque-con-bomba-en-la-via-panamericana-en-colombia\/#primaryimage","url":"https:\/\/potenciaradiofonicadominicana.com\/portal\/wp-content\/uploads\/2026\/04\/atentado-colombia.jpg","contentUrl":"https:\/\/potenciaradiofonicadominicana.com\/portal\/wp-content\/uploads\/2026\/04\/atentado-colombia.jpg","width":850,"height":540},{"@type":"BreadcrumbList","@id":"https:\/\/potenciaradiofonicadominicana.com\/portal\/ascienden-a-19-los-civiles-muertos-por-ataque-con-bomba-en-la-via-panamericana-en-colombia\/#breadcrumb","itemListElement":[{"@type":"ListItem","position":1,"name":"Portada","item":"https:\/\/potenciaradiofonicadominicana.com\/portal\/"},{"@type":"ListItem","position":2,"name":"Ascienden a 19 los civiles muertos por ataque con bomba en la V\u00eda Panamericana en Colombia"}]},{"@type":"WebSite","@id":"https:\/\/potenciaradiofonicadominicana.com\/portal\/#website","url":"https:\/\/potenciaradiofonicadominicana.com\/portal\/","name":"PotenciaRadiofonicaDominicana.com","description":"Peri\u00f3dico Digital","publisher":{"@id":"https:\/\/potenciaradiofonicadominicana.com\/portal\/#organization"},"potentialAction":[{"@type":"SearchAction","target":{"@type":"EntryPoint","urlTemplate":"https:\/\/potenciaradiofonicadominicana.com\/portal\/?s={search_term_string}"},"query-input":{"@type":"PropertyValueSpecification","valueRequired":true,"valueName":"search_term_string"}}],"inLanguage":"es"},{"@type":"Organization","@id":"https:\/\/potenciaradiofonicadominicana.com\/portal\/#organization","name":"PotenciaRadiofonicaDominicana.com","url":"https:\/\/potenciaradiofonicadominicana.com\/portal\/","logo":{"@type":"ImageObject","inLanguage":"es","@id":"https:\/\/potenciaradiofonicadominicana.com\/portal\/#\/schema\/logo\/image\/","url":"https:\/\/potenciaradiofonicadominicana.com\/portal\/wp-content\/uploads\/2022\/01\/descarga.png","contentUrl":"https:\/\/potenciaradiofonicadominicana.com\/portal\/wp-content\/uploads\/2022\/01\/descarga.png","width":300,"height":100,"caption":"PotenciaRadiofonicaDominicana.com"},"image":{"@id":"https:\/\/potenciaradiofonicadominicana.com\/portal\/#\/schema\/logo\/image\/"},"sameAs":["https:\/\/web.facebook.com\/PotenciaRadiofonicaD"]},{"@type":"Person","@id":"https:\/\/potenciaradiofonicadominicana.com\/portal\/#\/schema\/person\/a5cf1fea13877803ee0573ac18b03490","name":"Potencia Radiof\u00f3nica Dominicana","image":{"@type":"ImageObject","inLanguage":"es","@id":"https:\/\/potenciaradiofonicadominicana.com\/portal\/#\/schema\/person\/image\/","url":"https:\/\/secure.gravatar.com\/avatar\/42a55ab9e8ccc656ba34cd791990602a?s=96&d=mm&r=g","contentUrl":"https:\/\/secure.gravatar.com\/avatar\/42a55ab9e8ccc656ba34cd791990602a?s=96&d=mm&r=g","caption":"Potencia Radiof\u00f3nica Dominicana"},"url":"https:\/\/potenciaradiofonicadominicana.com\/portal\/author\/johannyalmanzar\/"}]}},"_links":{"self":[{"href":"https:\/\/potenciaradiofonicadominicana.com\/portal\/wp-json\/wp\/v2\/posts\/215871","targetHints":{"allow":["GET"]}}],"collection":[{"href":"https:\/\/potenciaradiofonicadominicana.com\/portal\/wp-json\/wp\/v2\/posts"}],"about":[{"href":"https:\/\/potenciaradiofonicadominicana.com\/portal\/wp-json\/wp\/v2\/types\/post"}],"author":[{"embeddable":true,"href":"https:\/\/potenciaradiofonicadominicana.com\/portal\/wp-json\/wp\/v2\/users\/2"}],"replies":[{"embeddable":true,"href":"https:\/\/potenciaradiofonicadominicana.com\/portal\/wp-json\/wp\/v2\/comments?post=215871"}],"version-history":[{"count":1,"href":"https:\/\/potenciaradiofonicadominicana.com\/portal\/wp-json\/wp\/v2\/posts\/215871\/revisions"}],"predecessor-version":[{"id":215873,"href":"https:\/\/potenciaradiofonicadominicana.com\/portal\/wp-json\/wp\/v2\/posts\/215871\/revisions\/215873"}],"wp:featuredmedia":[{"embeddable":true,"href":"https:\/\/potenciaradiofonicadominicana.com\/portal\/wp-json\/wp\/v2\/media\/215872"}],"wp:attachment":[{"href":"https:\/\/potenciaradiofonicadominicana.com\/portal\/wp-json\/wp\/v2\/media?parent=215871"}],"wp:term":[{"taxonomy":"category","embeddable":true,"href":"https:\/\/potenciaradiofonicadominicana.com\/portal\/wp-json\/wp\/v2\/categories?post=215871"},{"taxonomy":"post_tag","embeddable":true,"href":"https:\/\/potenciaradiofonicadominicana.com\/portal\/wp-json\/wp\/v2\/tags?post=215871"}],"curies":[{"name":"wp","href":"https:\/\/api.w.org\/{rel}","templated":true}]}}