{"id":215823,"date":"2026-04-26T19:53:48","date_gmt":"2026-04-26T23:53:48","guid":{"rendered":"https:\/\/potenciaradiofonicadominicana.com\/portal\/?p=215823"},"modified":"2026-04-26T19:53:48","modified_gmt":"2026-04-26T23:53:48","slug":"continua-la-tercera-edicion-de-la-feria-inmobiliaria-plusval-en-todo-rd-con-atractivas-tasas-de-financiamiento","status":"publish","type":"post","link":"https:\/\/potenciaradiofonicadominicana.com\/portal\/continua-la-tercera-edicion-de-la-feria-inmobiliaria-plusval-en-todo-rd-con-atractivas-tasas-de-financiamiento\/","title":{"rendered":"Contin\u00faa la tercera edici\u00f3n de la feria inmobiliaria \u00abPlusval en Todo RD\u00bb con atractivas tasas de financiamiento"},"content":{"rendered":"<p><a href=\"https:\/\/potenciaradiofonicadominicana.com\/portal\/wp-content\/uploads\/2026\/04\/939c0683-01df-4ac3-be88-e6de92d48508.jpg\"><img loading=\"lazy\" decoding=\"async\" class=\"alignnone size-full wp-image-215824\" src=\"https:\/\/potenciaradiofonicadominicana.com\/portal\/wp-content\/uploads\/2026\/04\/939c0683-01df-4ac3-be88-e6de92d48508.jpg\" alt=\"\" width=\"1040\" height=\"694\" srcset=\"https:\/\/potenciaradiofonicadominicana.com\/portal\/wp-content\/uploads\/2026\/04\/939c0683-01df-4ac3-be88-e6de92d48508.jpg 1040w, https:\/\/potenciaradiofonicadominicana.com\/portal\/wp-content\/uploads\/2026\/04\/939c0683-01df-4ac3-be88-e6de92d48508-300x200.jpg 300w, https:\/\/potenciaradiofonicadominicana.com\/portal\/wp-content\/uploads\/2026\/04\/939c0683-01df-4ac3-be88-e6de92d48508-1024x683.jpg 1024w, https:\/\/potenciaradiofonicadominicana.com\/portal\/wp-content\/uploads\/2026\/04\/939c0683-01df-4ac3-be88-e6de92d48508-768x512.jpg 768w\" sizes=\"auto, (max-width: 1040px) 100vw, 1040px\" \/><\/a><\/p>\n<p>Santo Domingo. \u2013 En el marco de su segundo d\u00eda, Plusval Dominicana contin\u00faa desarrollando la tercera edici\u00f3n de la feria inmobiliaria \u00abPlusval en Todo RD\u00bb, que se celebrar\u00e1 hasta este 26 de abril.<\/p>\n<p>El evento, que cuenta con el respaldo del Banco Popular Dominicano, se desarrolla de manera simult\u00e1nea en todo el territorio nacional, con sedes en Santo Domingo, en el Hotel Intercontinental Real; en Santiago en el Hotel Hampton Inn by Hilton; y en Punta Cana, en el restaurante Cabanna, donde se presenta una oferta de m\u00e1s de 200 propiedades, tanto en proyectos terminados como en planos.<\/p>\n<p>Durante el acto inaugural, ejecutivos del Banco Popular Dominicano anunciaron unas atractivas tasas preferenciales de financiamiento, disponibles desde un 11.50%, orientadas a facilitar la adquisici\u00f3n de inmuebles tanto para vivienda como para inversi\u00f3n. Esta propuesta se complementa con asesor\u00eda financiera sin costo adicional, brindando a los interesados un acompa\u00f1amiento integral a lo largo de todo el proceso de compra.<\/p>\n<p><a href=\"https:\/\/potenciaradiofonicadominicana.com\/portal\/wp-content\/uploads\/2026\/04\/WhatsApp-Image-2026-04-26-at-7.51.50-PM.jpeg\"><img loading=\"lazy\" decoding=\"async\" class=\"alignnone size-full wp-image-215825\" src=\"https:\/\/potenciaradiofonicadominicana.com\/portal\/wp-content\/uploads\/2026\/04\/WhatsApp-Image-2026-04-26-at-7.51.50-PM.jpeg\" alt=\"\" width=\"1040\" height=\"694\" srcset=\"https:\/\/potenciaradiofonicadominicana.com\/portal\/wp-content\/uploads\/2026\/04\/WhatsApp-Image-2026-04-26-at-7.51.50-PM.jpeg 1040w, https:\/\/potenciaradiofonicadominicana.com\/portal\/wp-content\/uploads\/2026\/04\/WhatsApp-Image-2026-04-26-at-7.51.50-PM-300x200.jpeg 300w, https:\/\/potenciaradiofonicadominicana.com\/portal\/wp-content\/uploads\/2026\/04\/WhatsApp-Image-2026-04-26-at-7.51.50-PM-1024x683.jpeg 1024w, https:\/\/potenciaradiofonicadominicana.com\/portal\/wp-content\/uploads\/2026\/04\/WhatsApp-Image-2026-04-26-at-7.51.50-PM-768x512.jpeg 768w\" sizes=\"auto, (max-width: 1040px) 100vw, 1040px\" \/><\/a><\/p>\n<p>Juan Chalas, Eros Caama\u00f1o y Bienvenido Paulino, broker owners de Plusval Dominicana, destacaron que la feria ha sido concebida para que familias e inversionistas puedan identificar de manera \u00e1gil la propiedad que mejor se ajuste a sus necesidades, aprovechando adem\u00e1s las atractivas tasas de financiamiento disponibles durante el evento. Asimismo, subrayaron que esta iniciativa ofrece a los desarrolladores un espacio estrat\u00e9gico y altamente efectivo para la promoci\u00f3n y comercializaci\u00f3n de sus proyectos.<\/p>\n<p>Los asistentes a la feria han disfrutado de una variada oferta inmobiliaria en un entorno pensado para toda la familia, que incluye charlas informativas, presentaciones de nuevos proyectos y espacios de esparcimiento. Asimismo, han tenido la oportunidad de conocer propuestas exclusivas con alto potencial de plusval\u00eda en distintas zonas del pa\u00eds.<\/p>\n<p>La feria ha reunido a los brokers owners de todas las filiales de la empresa, incluyendo Plusval HQ, Plusval Venta Directa, Plusval Norte, Plusval Santo Domingo Este, Plusval Punta Cana y Plusval Crea, as\u00ed como a representantes del Banco Popular.<\/p>\n<p>Plusval Dominicana cuenta con m\u00e1s de 250 asesores distribuidos en sus oficinas a nivel nacional. La empresa se especializa en la compra, venta y alquiler de propiedades y, con m\u00e1s de 19 a\u00f1os de experiencia, se ha consolidado como un referente del sector, ofreciendo un servicio personalizado y de excelencia a sus clientes.<\/p>\n","protected":false},"excerpt":{"rendered":"<p>Santo Domingo. \u2013 En el marco de su segundo d\u00eda, Plusval Dominicana contin\u00faa desarrollando la tercera edici\u00f3n de la feria &#8230;<\/p>\n","protected":false},"author":2,"featured_media":215824,"comment_status":"closed","ping_status":"closed","sticky":false,"template":"","format":"standard","meta":{"footnotes":""},"categories":[26],"tags":[],"class_list":["post-215823","post","type-post","status-publish","format-standard","has-post-thumbnail","hentry","category-economia"],"yoast_head":"<!-- This site is optimized with the Yoast SEO plugin v24.8.1 - https:\/\/yoast.com\/wordpress\/plugins\/seo\/ -->\n<title>Contin\u00faa la tercera edici\u00f3n de la feria inmobiliaria \u00abPlusval en Todo RD\u00bb con atractivas tasas de financiamiento - PotenciaRadiofonicaDominicana.com<\/title>\n<meta name=\"robots\" content=\"index, follow, max-snippet:-1, max-image-preview:large, max-video-preview:-1\" \/>\n<link rel=\"canonical\" href=\"https:\/\/potenciaradiofonicadominicana.com\/portal\/continua-la-tercera-edicion-de-la-feria-inmobiliaria-plusval-en-todo-rd-con-atractivas-tasas-de-financiamiento\/\" \/>\n<meta property=\"og:locale\" content=\"es_ES\" \/>\n<meta property=\"og:type\" content=\"article\" \/>\n<meta property=\"og:title\" content=\"Contin\u00faa la tercera edici\u00f3n de la feria inmobiliaria \u00abPlusval en Todo RD\u00bb con atractivas tasas de financiamiento - PotenciaRadiofonicaDominicana.com\" \/>\n<meta property=\"og:description\" content=\"Santo Domingo. \u2013 En el marco de su segundo d\u00eda, Plusval Dominicana contin\u00faa desarrollando la tercera edici\u00f3n de la feria ...\" \/>\n<meta property=\"og:url\" content=\"https:\/\/potenciaradiofonicadominicana.com\/portal\/continua-la-tercera-edicion-de-la-feria-inmobiliaria-plusval-en-todo-rd-con-atractivas-tasas-de-financiamiento\/\" \/>\n<meta property=\"og:site_name\" content=\"PotenciaRadiofonicaDominicana.com\" \/>\n<meta property=\"article:publisher\" content=\"https:\/\/web.facebook.com\/PotenciaRadiofonicaD\" \/>\n<meta property=\"article:published_time\" content=\"2026-04-26T23:53:48+00:00\" \/>\n<meta property=\"og:image\" content=\"https:\/\/potenciaradiofonicadominicana.com\/portal\/wp-content\/uploads\/2026\/04\/939c0683-01df-4ac3-be88-e6de92d48508.jpg\" \/>\n\t<meta property=\"og:image:width\" content=\"1040\" \/>\n\t<meta property=\"og:image:height\" content=\"694\" \/>\n\t<meta property=\"og:image:type\" content=\"image\/jpeg\" \/>\n<meta name=\"author\" content=\"Potencia Radiof\u00f3nica Dominicana\" \/>\n<meta name=\"twitter:card\" content=\"summary_large_image\" \/>\n<meta name=\"twitter:label1\" content=\"Escrito por\" \/>\n\t<meta name=\"twitter:data1\" content=\"Potencia Radiof\u00f3nica Dominicana\" \/>\n\t<meta name=\"twitter:label2\" content=\"Tiempo de lectura\" \/>\n\t<meta name=\"twitter:data2\" content=\"3 minutos\" \/>\n<script type=\"application\/ld+json\" class=\"yoast-schema-graph\">{\"@context\":\"https:\/\/schema.org\",\"@graph\":[{\"@type\":\"Article\",\"@id\":\"https:\/\/potenciaradiofonicadominicana.com\/portal\/continua-la-tercera-edicion-de-la-feria-inmobiliaria-plusval-en-todo-rd-con-atractivas-tasas-de-financiamiento\/#article\",\"isPartOf\":{\"@id\":\"https:\/\/potenciaradiofonicadominicana.com\/portal\/continua-la-tercera-edicion-de-la-feria-inmobiliaria-plusval-en-todo-rd-con-atractivas-tasas-de-financiamiento\/\"},\"author\":{\"name\":\"Potencia Radiof\u00f3nica Dominicana\",\"@id\":\"https:\/\/potenciaradiofonicadominicana.com\/portal\/#\/schema\/person\/a5cf1fea13877803ee0573ac18b03490\"},\"headline\":\"Contin\u00faa la tercera edici\u00f3n de la feria inmobiliaria \u00abPlusval en Todo RD\u00bb con atractivas tasas de financiamiento\",\"datePublished\":\"2026-04-26T23:53:48+00:00\",\"mainEntityOfPage\":{\"@id\":\"https:\/\/potenciaradiofonicadominicana.com\/portal\/continua-la-tercera-edicion-de-la-feria-inmobiliaria-plusval-en-todo-rd-con-atractivas-tasas-de-financiamiento\/\"},\"wordCount\":405,\"publisher\":{\"@id\":\"https:\/\/potenciaradiofonicadominicana.com\/portal\/#organization\"},\"image\":{\"@id\":\"https:\/\/potenciaradiofonicadominicana.com\/portal\/continua-la-tercera-edicion-de-la-feria-inmobiliaria-plusval-en-todo-rd-con-atractivas-tasas-de-financiamiento\/#primaryimage\"},\"thumbnailUrl\":\"https:\/\/potenciaradiofonicadominicana.com\/portal\/wp-content\/uploads\/2026\/04\/939c0683-01df-4ac3-be88-e6de92d48508.jpg\",\"articleSection\":[\"Econom\u00eda\"],\"inLanguage\":\"es\"},{\"@type\":\"WebPage\",\"@id\":\"https:\/\/potenciaradiofonicadominicana.com\/portal\/continua-la-tercera-edicion-de-la-feria-inmobiliaria-plusval-en-todo-rd-con-atractivas-tasas-de-financiamiento\/\",\"url\":\"https:\/\/potenciaradiofonicadominicana.com\/portal\/continua-la-tercera-edicion-de-la-feria-inmobiliaria-plusval-en-todo-rd-con-atractivas-tasas-de-financiamiento\/\",\"name\":\"Contin\u00faa la tercera edici\u00f3n de la feria inmobiliaria \u00abPlusval en Todo RD\u00bb con atractivas tasas de financiamiento - PotenciaRadiofonicaDominicana.com\",\"isPartOf\":{\"@id\":\"https:\/\/potenciaradiofonicadominicana.com\/portal\/#website\"},\"primaryImageOfPage\":{\"@id\":\"https:\/\/potenciaradiofonicadominicana.com\/portal\/continua-la-tercera-edicion-de-la-feria-inmobiliaria-plusval-en-todo-rd-con-atractivas-tasas-de-financiamiento\/#primaryimage\"},\"image\":{\"@id\":\"https:\/\/potenciaradiofonicadominicana.com\/portal\/continua-la-tercera-edicion-de-la-feria-inmobiliaria-plusval-en-todo-rd-con-atractivas-tasas-de-financiamiento\/#primaryimage\"},\"thumbnailUrl\":\"https:\/\/potenciaradiofonicadominicana.com\/portal\/wp-content\/uploads\/2026\/04\/939c0683-01df-4ac3-be88-e6de92d48508.jpg\",\"datePublished\":\"2026-04-26T23:53:48+00:00\",\"breadcrumb\":{\"@id\":\"https:\/\/potenciaradiofonicadominicana.com\/portal\/continua-la-tercera-edicion-de-la-feria-inmobiliaria-plusval-en-todo-rd-con-atractivas-tasas-de-financiamiento\/#breadcrumb\"},\"inLanguage\":\"es\",\"potentialAction\":[{\"@type\":\"ReadAction\",\"target\":[\"https:\/\/potenciaradiofonicadominicana.com\/portal\/continua-la-tercera-edicion-de-la-feria-inmobiliaria-plusval-en-todo-rd-con-atractivas-tasas-de-financiamiento\/\"]}]},{\"@type\":\"ImageObject\",\"inLanguage\":\"es\",\"@id\":\"https:\/\/potenciaradiofonicadominicana.com\/portal\/continua-la-tercera-edicion-de-la-feria-inmobiliaria-plusval-en-todo-rd-con-atractivas-tasas-de-financiamiento\/#primaryimage\",\"url\":\"https:\/\/potenciaradiofonicadominicana.com\/portal\/wp-content\/uploads\/2026\/04\/939c0683-01df-4ac3-be88-e6de92d48508.jpg\",\"contentUrl\":\"https:\/\/potenciaradiofonicadominicana.com\/portal\/wp-content\/uploads\/2026\/04\/939c0683-01df-4ac3-be88-e6de92d48508.jpg\",\"width\":1040,\"height\":694},{\"@type\":\"BreadcrumbList\",\"@id\":\"https:\/\/potenciaradiofonicadominicana.com\/portal\/continua-la-tercera-edicion-de-la-feria-inmobiliaria-plusval-en-todo-rd-con-atractivas-tasas-de-financiamiento\/#breadcrumb\",\"itemListElement\":[{\"@type\":\"ListItem\",\"position\":1,\"name\":\"Portada\",\"item\":\"https:\/\/potenciaradiofonicadominicana.com\/portal\/\"},{\"@type\":\"ListItem\",\"position\":2,\"name\":\"Contin\u00faa la tercera edici\u00f3n de la feria inmobiliaria \u00abPlusval en Todo RD\u00bb con atractivas tasas de financiamiento\"}]},{\"@type\":\"WebSite\",\"@id\":\"https:\/\/potenciaradiofonicadominicana.com\/portal\/#website\",\"url\":\"https:\/\/potenciaradiofonicadominicana.com\/portal\/\",\"name\":\"PotenciaRadiofonicaDominicana.com\",\"description\":\"Peri\u00f3dico Digital\",\"publisher\":{\"@id\":\"https:\/\/potenciaradiofonicadominicana.com\/portal\/#organization\"},\"potentialAction\":[{\"@type\":\"SearchAction\",\"target\":{\"@type\":\"EntryPoint\",\"urlTemplate\":\"https:\/\/potenciaradiofonicadominicana.com\/portal\/?s={search_term_string}\"},\"query-input\":{\"@type\":\"PropertyValueSpecification\",\"valueRequired\":true,\"valueName\":\"search_term_string\"}}],\"inLanguage\":\"es\"},{\"@type\":\"Organization\",\"@id\":\"https:\/\/potenciaradiofonicadominicana.com\/portal\/#organization\",\"name\":\"PotenciaRadiofonicaDominicana.com\",\"url\":\"https:\/\/potenciaradiofonicadominicana.com\/portal\/\",\"logo\":{\"@type\":\"ImageObject\",\"inLanguage\":\"es\",\"@id\":\"https:\/\/potenciaradiofonicadominicana.com\/portal\/#\/schema\/logo\/image\/\",\"url\":\"https:\/\/potenciaradiofonicadominicana.com\/portal\/wp-content\/uploads\/2022\/01\/descarga.png\",\"contentUrl\":\"https:\/\/potenciaradiofonicadominicana.com\/portal\/wp-content\/uploads\/2022\/01\/descarga.png\",\"width\":300,\"height\":100,\"caption\":\"PotenciaRadiofonicaDominicana.com\"},\"image\":{\"@id\":\"https:\/\/potenciaradiofonicadominicana.com\/portal\/#\/schema\/logo\/image\/\"},\"sameAs\":[\"https:\/\/web.facebook.com\/PotenciaRadiofonicaD\"]},{\"@type\":\"Person\",\"@id\":\"https:\/\/potenciaradiofonicadominicana.com\/portal\/#\/schema\/person\/a5cf1fea13877803ee0573ac18b03490\",\"name\":\"Potencia Radiof\u00f3nica Dominicana\",\"image\":{\"@type\":\"ImageObject\",\"inLanguage\":\"es\",\"@id\":\"https:\/\/potenciaradiofonicadominicana.com\/portal\/#\/schema\/person\/image\/\",\"url\":\"https:\/\/secure.gravatar.com\/avatar\/42a55ab9e8ccc656ba34cd791990602a?s=96&d=mm&r=g\",\"contentUrl\":\"https:\/\/secure.gravatar.com\/avatar\/42a55ab9e8ccc656ba34cd791990602a?s=96&d=mm&r=g\",\"caption\":\"Potencia Radiof\u00f3nica Dominicana\"},\"url\":\"https:\/\/potenciaradiofonicadominicana.com\/portal\/author\/johannyalmanzar\/\"}]}<\/script>\n<!-- \/ Yoast SEO plugin. -->","yoast_head_json":{"title":"Contin\u00faa la tercera edici\u00f3n de la feria inmobiliaria \u00abPlusval en Todo RD\u00bb con atractivas tasas de financiamiento - PotenciaRadiofonicaDominicana.com","robots":{"index":"index","follow":"follow","max-snippet":"max-snippet:-1","max-image-preview":"max-image-preview:large","max-video-preview":"max-video-preview:-1"},"canonical":"https:\/\/potenciaradiofonicadominicana.com\/portal\/continua-la-tercera-edicion-de-la-feria-inmobiliaria-plusval-en-todo-rd-con-atractivas-tasas-de-financiamiento\/","og_locale":"es_ES","og_type":"article","og_title":"Contin\u00faa la tercera edici\u00f3n de la feria inmobiliaria \u00abPlusval en Todo RD\u00bb con atractivas tasas de financiamiento - PotenciaRadiofonicaDominicana.com","og_description":"Santo Domingo. \u2013 En el marco de su segundo d\u00eda, Plusval Dominicana contin\u00faa desarrollando la tercera edici\u00f3n de la feria ...","og_url":"https:\/\/potenciaradiofonicadominicana.com\/portal\/continua-la-tercera-edicion-de-la-feria-inmobiliaria-plusval-en-todo-rd-con-atractivas-tasas-de-financiamiento\/","og_site_name":"PotenciaRadiofonicaDominicana.com","article_publisher":"https:\/\/web.facebook.com\/PotenciaRadiofonicaD","article_published_time":"2026-04-26T23:53:48+00:00","og_image":[{"width":1040,"height":694,"url":"https:\/\/potenciaradiofonicadominicana.com\/portal\/wp-content\/uploads\/2026\/04\/939c0683-01df-4ac3-be88-e6de92d48508.jpg","type":"image\/jpeg"}],"author":"Potencia Radiof\u00f3nica Dominicana","twitter_card":"summary_large_image","twitter_misc":{"Escrito por":"Potencia Radiof\u00f3nica Dominicana","Tiempo de lectura":"3 minutos"},"schema":{"@context":"https:\/\/schema.org","@graph":[{"@type":"Article","@id":"https:\/\/potenciaradiofonicadominicana.com\/portal\/continua-la-tercera-edicion-de-la-feria-inmobiliaria-plusval-en-todo-rd-con-atractivas-tasas-de-financiamiento\/#article","isPartOf":{"@id":"https:\/\/potenciaradiofonicadominicana.com\/portal\/continua-la-tercera-edicion-de-la-feria-inmobiliaria-plusval-en-todo-rd-con-atractivas-tasas-de-financiamiento\/"},"author":{"name":"Potencia Radiof\u00f3nica Dominicana","@id":"https:\/\/potenciaradiofonicadominicana.com\/portal\/#\/schema\/person\/a5cf1fea13877803ee0573ac18b03490"},"headline":"Contin\u00faa la tercera edici\u00f3n de la feria inmobiliaria \u00abPlusval en Todo RD\u00bb con atractivas tasas de financiamiento","datePublished":"2026-04-26T23:53:48+00:00","mainEntityOfPage":{"@id":"https:\/\/potenciaradiofonicadominicana.com\/portal\/continua-la-tercera-edicion-de-la-feria-inmobiliaria-plusval-en-todo-rd-con-atractivas-tasas-de-financiamiento\/"},"wordCount":405,"publisher":{"@id":"https:\/\/potenciaradiofonicadominicana.com\/portal\/#organization"},"image":{"@id":"https:\/\/potenciaradiofonicadominicana.com\/portal\/continua-la-tercera-edicion-de-la-feria-inmobiliaria-plusval-en-todo-rd-con-atractivas-tasas-de-financiamiento\/#primaryimage"},"thumbnailUrl":"https:\/\/potenciaradiofonicadominicana.com\/portal\/wp-content\/uploads\/2026\/04\/939c0683-01df-4ac3-be88-e6de92d48508.jpg","articleSection":["Econom\u00eda"],"inLanguage":"es"},{"@type":"WebPage","@id":"https:\/\/potenciaradiofonicadominicana.com\/portal\/continua-la-tercera-edicion-de-la-feria-inmobiliaria-plusval-en-todo-rd-con-atractivas-tasas-de-financiamiento\/","url":"https:\/\/potenciaradiofonicadominicana.com\/portal\/continua-la-tercera-edicion-de-la-feria-inmobiliaria-plusval-en-todo-rd-con-atractivas-tasas-de-financiamiento\/","name":"Contin\u00faa la tercera edici\u00f3n de la feria inmobiliaria \u00abPlusval en Todo RD\u00bb con atractivas tasas de financiamiento - PotenciaRadiofonicaDominicana.com","isPartOf":{"@id":"https:\/\/potenciaradiofonicadominicana.com\/portal\/#website"},"primaryImageOfPage":{"@id":"https:\/\/potenciaradiofonicadominicana.com\/portal\/continua-la-tercera-edicion-de-la-feria-inmobiliaria-plusval-en-todo-rd-con-atractivas-tasas-de-financiamiento\/#primaryimage"},"image":{"@id":"https:\/\/potenciaradiofonicadominicana.com\/portal\/continua-la-tercera-edicion-de-la-feria-inmobiliaria-plusval-en-todo-rd-con-atractivas-tasas-de-financiamiento\/#primaryimage"},"thumbnailUrl":"https:\/\/potenciaradiofonicadominicana.com\/portal\/wp-content\/uploads\/2026\/04\/939c0683-01df-4ac3-be88-e6de92d48508.jpg","datePublished":"2026-04-26T23:53:48+00:00","breadcrumb":{"@id":"https:\/\/potenciaradiofonicadominicana.com\/portal\/continua-la-tercera-edicion-de-la-feria-inmobiliaria-plusval-en-todo-rd-con-atractivas-tasas-de-financiamiento\/#breadcrumb"},"inLanguage":"es","potentialAction":[{"@type":"ReadAction","target":["https:\/\/potenciaradiofonicadominicana.com\/portal\/continua-la-tercera-edicion-de-la-feria-inmobiliaria-plusval-en-todo-rd-con-atractivas-tasas-de-financiamiento\/"]}]},{"@type":"ImageObject","inLanguage":"es","@id":"https:\/\/potenciaradiofonicadominicana.com\/portal\/continua-la-tercera-edicion-de-la-feria-inmobiliaria-plusval-en-todo-rd-con-atractivas-tasas-de-financiamiento\/#primaryimage","url":"https:\/\/potenciaradiofonicadominicana.com\/portal\/wp-content\/uploads\/2026\/04\/939c0683-01df-4ac3-be88-e6de92d48508.jpg","contentUrl":"https:\/\/potenciaradiofonicadominicana.com\/portal\/wp-content\/uploads\/2026\/04\/939c0683-01df-4ac3-be88-e6de92d48508.jpg","width":1040,"height":694},{"@type":"BreadcrumbList","@id":"https:\/\/potenciaradiofonicadominicana.com\/portal\/continua-la-tercera-edicion-de-la-feria-inmobiliaria-plusval-en-todo-rd-con-atractivas-tasas-de-financiamiento\/#breadcrumb","itemListElement":[{"@type":"ListItem","position":1,"name":"Portada","item":"https:\/\/potenciaradiofonicadominicana.com\/portal\/"},{"@type":"ListItem","position":2,"name":"Contin\u00faa la tercera edici\u00f3n de la feria inmobiliaria \u00abPlusval en Todo RD\u00bb con atractivas tasas de financiamiento"}]},{"@type":"WebSite","@id":"https:\/\/potenciaradiofonicadominicana.com\/portal\/#website","url":"https:\/\/potenciaradiofonicadominicana.com\/portal\/","name":"PotenciaRadiofonicaDominicana.com","description":"Peri\u00f3dico Digital","publisher":{"@id":"https:\/\/potenciaradiofonicadominicana.com\/portal\/#organization"},"potentialAction":[{"@type":"SearchAction","target":{"@type":"EntryPoint","urlTemplate":"https:\/\/potenciaradiofonicadominicana.com\/portal\/?s={search_term_string}"},"query-input":{"@type":"PropertyValueSpecification","valueRequired":true,"valueName":"search_term_string"}}],"inLanguage":"es"},{"@type":"Organization","@id":"https:\/\/potenciaradiofonicadominicana.com\/portal\/#organization","name":"PotenciaRadiofonicaDominicana.com","url":"https:\/\/potenciaradiofonicadominicana.com\/portal\/","logo":{"@type":"ImageObject","inLanguage":"es","@id":"https:\/\/potenciaradiofonicadominicana.com\/portal\/#\/schema\/logo\/image\/","url":"https:\/\/potenciaradiofonicadominicana.com\/portal\/wp-content\/uploads\/2022\/01\/descarga.png","contentUrl":"https:\/\/potenciaradiofonicadominicana.com\/portal\/wp-content\/uploads\/2022\/01\/descarga.png","width":300,"height":100,"caption":"PotenciaRadiofonicaDominicana.com"},"image":{"@id":"https:\/\/potenciaradiofonicadominicana.com\/portal\/#\/schema\/logo\/image\/"},"sameAs":["https:\/\/web.facebook.com\/PotenciaRadiofonicaD"]},{"@type":"Person","@id":"https:\/\/potenciaradiofonicadominicana.com\/portal\/#\/schema\/person\/a5cf1fea13877803ee0573ac18b03490","name":"Potencia Radiof\u00f3nica Dominicana","image":{"@type":"ImageObject","inLanguage":"es","@id":"https:\/\/potenciaradiofonicadominicana.com\/portal\/#\/schema\/person\/image\/","url":"https:\/\/secure.gravatar.com\/avatar\/42a55ab9e8ccc656ba34cd791990602a?s=96&d=mm&r=g","contentUrl":"https:\/\/secure.gravatar.com\/avatar\/42a55ab9e8ccc656ba34cd791990602a?s=96&d=mm&r=g","caption":"Potencia Radiof\u00f3nica Dominicana"},"url":"https:\/\/potenciaradiofonicadominicana.com\/portal\/author\/johannyalmanzar\/"}]}},"_links":{"self":[{"href":"https:\/\/potenciaradiofonicadominicana.com\/portal\/wp-json\/wp\/v2\/posts\/215823","targetHints":{"allow":["GET"]}}],"collection":[{"href":"https:\/\/potenciaradiofonicadominicana.com\/portal\/wp-json\/wp\/v2\/posts"}],"about":[{"href":"https:\/\/potenciaradiofonicadominicana.com\/portal\/wp-json\/wp\/v2\/types\/post"}],"author":[{"embeddable":true,"href":"https:\/\/potenciaradiofonicadominicana.com\/portal\/wp-json\/wp\/v2\/users\/2"}],"replies":[{"embeddable":true,"href":"https:\/\/potenciaradiofonicadominicana.com\/portal\/wp-json\/wp\/v2\/comments?post=215823"}],"version-history":[{"count":1,"href":"https:\/\/potenciaradiofonicadominicana.com\/portal\/wp-json\/wp\/v2\/posts\/215823\/revisions"}],"predecessor-version":[{"id":215826,"href":"https:\/\/potenciaradiofonicadominicana.com\/portal\/wp-json\/wp\/v2\/posts\/215823\/revisions\/215826"}],"wp:featuredmedia":[{"embeddable":true,"href":"https:\/\/potenciaradiofonicadominicana.com\/portal\/wp-json\/wp\/v2\/media\/215824"}],"wp:attachment":[{"href":"https:\/\/potenciaradiofonicadominicana.com\/portal\/wp-json\/wp\/v2\/media?parent=215823"}],"wp:term":[{"taxonomy":"category","embeddable":true,"href":"https:\/\/potenciaradiofonicadominicana.com\/portal\/wp-json\/wp\/v2\/categories?post=215823"},{"taxonomy":"post_tag","embeddable":true,"href":"https:\/\/potenciaradiofonicadominicana.com\/portal\/wp-json\/wp\/v2\/tags?post=215823"}],"curies":[{"name":"wp","href":"https:\/\/api.w.org\/{rel}","templated":true}]}}