{"id":215817,"date":"2026-04-26T19:47:39","date_gmt":"2026-04-26T23:47:39","guid":{"rendered":"https:\/\/potenciaradiofonicadominicana.com\/portal\/?p=215817"},"modified":"2026-04-26T19:47:39","modified_gmt":"2026-04-26T23:47:39","slug":"date-2026-cierra-con-mas-de-8000-citas-de-negocios-y-consolida-su-impacto-en-la-economia-turistica-dominicana","status":"publish","type":"post","link":"https:\/\/potenciaradiofonicadominicana.com\/portal\/date-2026-cierra-con-mas-de-8000-citas-de-negocios-y-consolida-su-impacto-en-la-economia-turistica-dominicana\/","title":{"rendered":"DATE 2026 cierra con m\u00e1s de 8,000 citas de negocios y consolida su impacto en la econom\u00eda tur\u00edstica dominicana"},"content":{"rendered":"<p><a href=\"https:\/\/potenciaradiofonicadominicana.com\/portal\/wp-content\/uploads\/2026\/04\/DSC06294-1-scaled-1.jpg\"><img loading=\"lazy\" decoding=\"async\" class=\"alignnone size-full wp-image-215818\" src=\"https:\/\/potenciaradiofonicadominicana.com\/portal\/wp-content\/uploads\/2026\/04\/DSC06294-1-scaled-1.jpg\" alt=\"\" width=\"2560\" height=\"1707\" srcset=\"https:\/\/potenciaradiofonicadominicana.com\/portal\/wp-content\/uploads\/2026\/04\/DSC06294-1-scaled-1.jpg 2560w, https:\/\/potenciaradiofonicadominicana.com\/portal\/wp-content\/uploads\/2026\/04\/DSC06294-1-scaled-1-300x200.jpg 300w, https:\/\/potenciaradiofonicadominicana.com\/portal\/wp-content\/uploads\/2026\/04\/DSC06294-1-scaled-1-1024x683.jpg 1024w, https:\/\/potenciaradiofonicadominicana.com\/portal\/wp-content\/uploads\/2026\/04\/DSC06294-1-scaled-1-768x512.jpg 768w, https:\/\/potenciaradiofonicadominicana.com\/portal\/wp-content\/uploads\/2026\/04\/DSC06294-1-scaled-1-1536x1024.jpg 1536w, https:\/\/potenciaradiofonicadominicana.com\/portal\/wp-content\/uploads\/2026\/04\/DSC06294-1-scaled-1-2048x1366.jpg 2048w\" sizes=\"auto, (max-width: 2560px) 100vw, 2560px\" \/><\/a><\/p>\n<p class=\"s4\"><span class=\"s6\"><span class=\"bumpedFont15\">PUNTA CANA. \u2013 La Asociaci\u00f3n de Hoteles y Turismo de la Rep\u00fablica Dominicana (Asonahores) culmin\u00f3 con resultados r\u00e9cord la vig\u00e9sima sexta edici\u00f3n del Dominican\u00a0<\/span><\/span><span class=\"s6\"><span class=\"bumpedFont15\">Annual<\/span><\/span>\u00a0<span class=\"s6\"><span class=\"bumpedFont15\">Tourism<\/span><\/span><span class=\"s6\"><span class=\"bumpedFont15\">\u00a0Exchange<\/span><\/span><span class=\"s6\"><span class=\"bumpedFont15\">\u00a0(<\/span><\/span><span class=\"s6\"><span class=\"bumpedFont15\">DATE 2026) reafirmando su papel como la principal plataforma de comercializaci\u00f3n tur\u00edstica del Caribe y un eje clave para la generaci\u00f3n de divisas, empleo y crecimiento econ\u00f3mico.<\/span><\/span><\/p>\n<p class=\"s7\"><span class=\"s6\"><span class=\"bumpedFont15\">Asonahores indic\u00f3 que\u00a0<\/span><\/span><span class=\"s6\"><span class=\"bumpedFont15\">el evento gener\u00f3 m\u00e1s de 8,000 citas de negocios entre suplidores locales y compradores internacionales, superando las expectativas y consolidando acuerdos que impactar\u00e1n directamente la ocupaci\u00f3n hotelera y el flujo de visitantes hacia el pa\u00eds en los pr\u00f3ximos meses. La edici\u00f3n\u00a0<\/span><\/span><span class=\"s6\"><span class=\"bumpedFont15\">2026\u00a0<\/span><\/span><span class=\"s6\"><span class=\"bumpedFont15\">reuni\u00f3 a m\u00e1s de 200 empresas de m\u00e1s de 20 mercados emisores, junto a m\u00e1s de 300 compradores internacionales y una oferta de 120 stands, evidenciando el alcance global del destino dominicano.<\/span><\/span><\/p>\n<p class=\"s7\"><span class=\"s6\"><span class=\"bumpedFont15\">Destacaron que e<\/span><\/span><span class=\"s6\"><span class=\"bumpedFont15\">ste volumen de negociaciones confirma el rol de DATE como una herramienta estrat\u00e9gica para la promoci\u00f3n internacional, capaz de traducirse en miles de visitantes adicionales cada a\u00f1o y en un efecto multiplicador sobre sectores clave de la econom\u00eda nacional, desde la agroindustria hasta el transporte y las\u00a0<\/span><\/span><span class=\"s6\"><span class=\"bumpedFont15\">mipymes<\/span><\/span><span class=\"s6\"><span class=\"bumpedFont15\">.<\/span><\/span><\/p>\n<figure id=\"attachment_3096658\" class=\"wp-caption alignnone\" aria-describedby=\"caption-attachment-3096658\"><figcaption id=\"caption-attachment-3096658\" class=\"wp-caption-text\">DATE 2026 genera m\u00e1s de 8,000 citas de negocios<\/figcaption><\/figure>\n<p class=\"s7\"><span class=\"s6\"><span class=\"bumpedFont15\">Asimismo, resaltaron que en<\/span><\/span><span class=\"s6\"><span class=\"bumpedFont15\">\u00a0esta edici\u00f3n el programa se fortaleci\u00f3 con una agenda integral que incluy\u00f3 rondas de negocios, una activa sala de prensa, un lounge de experiencias de marca y una propuesta de actividades nocturnas dise\u00f1adas para proyectar la identidad dominicana. La preapertura en\u00a0<\/span><\/span><span class=\"s6\"><span class=\"bumpedFont15\">Panaca<\/span><\/span><span class=\"s6\"><span class=\"bumpedFont15\">, la inauguraci\u00f3n en\u00a0<\/span><\/span><span class=\"s6\"><span class=\"bumpedFont15\">Dominicania<\/span><\/span><span class=\"s6\"><span class=\"bumpedFont15\">,\u00a0<\/span><\/span><span class=\"s6\"><span class=\"bumpedFont15\">con una muestra de gastronom\u00eda, m\u00fasica y cultura<\/span><\/span><span class=\"s6\"><span class=\"bumpedFont15\">,<\/span><\/span><span class=\"s6\"><span class=\"bumpedFont15\"> y el cierre en Coco Bongo ofrecieron a los participantes una inmersi\u00f3n directa en la diversidad del producto tur\u00edstico nacional.<\/span><\/span><\/p>\n<p class=\"s7\"><span class=\"s6\"><span class=\"bumpedFont15\">Explicaron que<\/span><\/span><span class=\"s6\"><span class=\"bumpedFont15\">\u00a0el evento integr\u00f3 m\u00e1s de 20 oficinas de promoci\u00f3n tur\u00edstica (OPT) provenientes de mercados estrat\u00e9gicos como Estados Unidos, M\u00e9xico, Argentina, Colombia, Alemania, Brasil, Francia, Chile, Puerto Rico y\u00a0<\/span><\/span><span class=\"s6\"><span class=\"bumpedFont15\">Espa\u00f1a, fortaleciendo la conectividad comercial del destino. A esto se sum\u00f3 la participaci\u00f3n de 33 patrocinadores, la realizaci\u00f3n de 12 ruedas de prensa externas y un programa acad\u00e9mico con exposiciones magistrales de expertos internacionales y l\u00edderes del sector.<\/span><\/span><\/p>\n<p class=\"s7\"><span class=\"s6\"><span class=\"bumpedFont15\">La vicepresidenta ejecutiva de Asonahores, Aguie Lendor destac\u00f3 el impacto estructural del evento en la econom\u00eda nacional<\/span><\/span>\u00a0<span class=\"s6\"><span class=\"bumpedFont15\">\u201cDATE no solo conecta la oferta tur\u00edstica dominicana con los principales mercados internacionales, sino que impulsa resultados concretos que se traducen en mayor ocupaci\u00f3n, m\u00e1s visitantes y m\u00e1s oportunidades para toda la cadena de valor del turismo. Este evento reafirma que el turismo sigue siendo uno de los motores m\u00e1s din\u00e1micos y estrat\u00e9gicos de la econom\u00eda dominicana.\u201d<\/span><\/span><\/p>\n<p class=\"s7\"><span class=\"s6\"><span class=\"bumpedFont15\">En el marco de esta edici\u00f3n, Asonahores reconoci\u00f3 el desempe\u00f1o de las Oficinas de Promoci\u00f3n Tur\u00edstica (OPT), destacando a M\u00e9xico como el mercado que coordin\u00f3 la mayor cantidad de citas de negocios durante el evento, reflejando su dinamismo y alto nivel de inter\u00e9s en la oferta dominicana. Asimismo, se otorg\u00f3 un reconocimiento a\u00a0<\/span><\/span><span class=\"s6\"><span class=\"bumpedFont15\">la Oficina de\u00a0<\/span><\/span><span class=\"s6\"><span class=\"bumpedFont15\">Alemania por liderar la participaci\u00f3n en t\u00e9rminos de empresas compradoras, consolid\u00e1ndose como uno de los mercados europeos de mayor relevancia para el crecimiento sostenido del turismo en la Rep\u00fablica Dominicana.<\/span><\/span><\/p>\n<p class=\"s7\"><span class=\"s6\"><span class=\"bumpedFont15\">El cierre de DATE 2026 se produce en un contexto de expansi\u00f3n sostenida del turismo, que contin\u00faa posicion\u00e1ndose como uno de los principales generadores de empleo y divisas del pa\u00eds, y como una plataforma clave para atraer inversi\u00f3n, diversificar la oferta y fortalecer la competitividad del destino a nivel global.<\/span><\/span><\/p>\n<p class=\"s7\"><span class=\"s6\"><span class=\"bumpedFont15\">DATE 2026 cont\u00f3 con el patrocinio del Ministerio de Turismo,\u00a0<\/span><\/span><span class=\"s6\"><span class=\"bumpedFont15\">Therrestra<\/span><\/span><span class=\"s6\"><span class=\"bumpedFont15\">, Arajet, CEPM, Barcel\u00f3 B\u00e1varo\u00a0<\/span><\/span><span class=\"s6\"><span class=\"bumpedFont15\">Convention<\/span><\/span><span class=\"s6\"><span class=\"bumpedFont15\">\u00a0Center, Meli\u00e1\u00a0<\/span><\/span><span class=\"s6\"><span class=\"bumpedFont15\">Hotels<\/span><\/span><span class=\"s6\"><span class=\"bumpedFont15\">International, Coco Bongo,\u00a0<\/span><\/span><span class=\"s6\"><span class=\"bumpedFont15\">Dominicania<\/span><\/span><span class=\"s6\"><span class=\"bumpedFont15\">,\u00a0<\/span><\/span><span class=\"s6\"><span class=\"bumpedFont15\">World<\/span><\/span><span class=\"s6\"><span class=\"bumpedFont15\">of Hyatt Inclusive\u00a0<\/span><\/span><span class=\"s6\"><span class=\"bumpedFont15\">Collection<\/span><\/span><span class=\"s6\"><span class=\"bumpedFont15\">, Dreams\u00a0<\/span><\/span><span class=\"s6\"><span class=\"bumpedFont15\">Cap<\/span><\/span><span class=\"s6\"><span class=\"bumpedFont15\">\u00a0Cana Resort &amp; Spa, Banco Popular, Grupo\u00a0<\/span><\/span><span class=\"s6\"><span class=\"bumpedFont15\">Puntacana<\/span><\/span><span class=\"s6\"><span class=\"bumpedFont15\">,\u00a0<\/span><\/span><span class=\"s6\"><span class=\"bumpedFont15\">SolBus<\/span><\/span><span class=\"s6\"><span class=\"bumpedFont15\">,\u00a0<\/span><\/span><span class=\"s6\"><span class=\"bumpedFont15\">Panaca<\/span><\/span><span class=\"s6\"><span class=\"bumpedFont15\">, Banco BHD, Coral\u00a0<\/span><\/span><span class=\"s6\"><span class=\"bumpedFont15\">Hospitality<\/span><\/span><span class=\"s6\"><span class=\"bumpedFont15\">Corp<\/span><\/span><span class=\"s6\"><span class=\"bumpedFont15\">\u00a0y Renny\u00a0<\/span><\/span><span class=\"s6\"><span class=\"bumpedFont15\">Travel<\/span><\/span><span class=\"s6\"><span class=\"bumpedFont15\">.<\/span><\/span><\/p>\n","protected":false},"excerpt":{"rendered":"<p>PUNTA CANA. \u2013 La Asociaci\u00f3n de Hoteles y Turismo de la Rep\u00fablica Dominicana (Asonahores) culmin\u00f3 con resultados r\u00e9cord la vig\u00e9sima &#8230;<\/p>\n","protected":false},"author":2,"featured_media":215818,"comment_status":"closed","ping_status":"closed","sticky":false,"template":"","format":"standard","meta":{"footnotes":""},"categories":[26],"tags":[],"class_list":["post-215817","post","type-post","status-publish","format-standard","has-post-thumbnail","hentry","category-economia"],"yoast_head":"<!-- This site is optimized with the Yoast SEO plugin v24.8.1 - https:\/\/yoast.com\/wordpress\/plugins\/seo\/ -->\n<title>DATE 2026 cierra con m\u00e1s de 8,000 citas de negocios y consolida su impacto en la econom\u00eda tur\u00edstica dominicana - PotenciaRadiofonicaDominicana.com<\/title>\n<meta name=\"robots\" content=\"index, follow, max-snippet:-1, max-image-preview:large, max-video-preview:-1\" \/>\n<link rel=\"canonical\" href=\"https:\/\/potenciaradiofonicadominicana.com\/portal\/date-2026-cierra-con-mas-de-8000-citas-de-negocios-y-consolida-su-impacto-en-la-economia-turistica-dominicana\/\" \/>\n<meta property=\"og:locale\" content=\"es_ES\" \/>\n<meta property=\"og:type\" content=\"article\" \/>\n<meta property=\"og:title\" content=\"DATE 2026 cierra con m\u00e1s de 8,000 citas de negocios y consolida su impacto en la econom\u00eda tur\u00edstica dominicana - PotenciaRadiofonicaDominicana.com\" \/>\n<meta property=\"og:description\" content=\"PUNTA CANA. \u2013 La Asociaci\u00f3n de Hoteles y Turismo de la Rep\u00fablica Dominicana (Asonahores) culmin\u00f3 con resultados r\u00e9cord la vig\u00e9sima ...\" \/>\n<meta property=\"og:url\" content=\"https:\/\/potenciaradiofonicadominicana.com\/portal\/date-2026-cierra-con-mas-de-8000-citas-de-negocios-y-consolida-su-impacto-en-la-economia-turistica-dominicana\/\" \/>\n<meta property=\"og:site_name\" content=\"PotenciaRadiofonicaDominicana.com\" \/>\n<meta property=\"article:publisher\" content=\"https:\/\/web.facebook.com\/PotenciaRadiofonicaD\" \/>\n<meta property=\"article:published_time\" content=\"2026-04-26T23:47:39+00:00\" \/>\n<meta property=\"og:image\" content=\"https:\/\/potenciaradiofonicadominicana.com\/portal\/wp-content\/uploads\/2026\/04\/DSC06294-1-scaled-1.jpg\" \/>\n\t<meta property=\"og:image:width\" content=\"2560\" \/>\n\t<meta property=\"og:image:height\" content=\"1707\" \/>\n\t<meta property=\"og:image:type\" content=\"image\/jpeg\" \/>\n<meta name=\"author\" content=\"Potencia Radiof\u00f3nica Dominicana\" \/>\n<meta name=\"twitter:card\" content=\"summary_large_image\" \/>\n<meta name=\"twitter:label1\" content=\"Escrito por\" \/>\n\t<meta name=\"twitter:data1\" content=\"Potencia Radiof\u00f3nica Dominicana\" \/>\n\t<meta name=\"twitter:label2\" content=\"Tiempo de lectura\" \/>\n\t<meta name=\"twitter:data2\" content=\"4 minutos\" \/>\n<script type=\"application\/ld+json\" class=\"yoast-schema-graph\">{\"@context\":\"https:\/\/schema.org\",\"@graph\":[{\"@type\":\"Article\",\"@id\":\"https:\/\/potenciaradiofonicadominicana.com\/portal\/date-2026-cierra-con-mas-de-8000-citas-de-negocios-y-consolida-su-impacto-en-la-economia-turistica-dominicana\/#article\",\"isPartOf\":{\"@id\":\"https:\/\/potenciaradiofonicadominicana.com\/portal\/date-2026-cierra-con-mas-de-8000-citas-de-negocios-y-consolida-su-impacto-en-la-economia-turistica-dominicana\/\"},\"author\":{\"name\":\"Potencia Radiof\u00f3nica Dominicana\",\"@id\":\"https:\/\/potenciaradiofonicadominicana.com\/portal\/#\/schema\/person\/a5cf1fea13877803ee0573ac18b03490\"},\"headline\":\"DATE 2026 cierra con m\u00e1s de 8,000 citas de negocios y consolida su impacto en la econom\u00eda tur\u00edstica dominicana\",\"datePublished\":\"2026-04-26T23:47:39+00:00\",\"mainEntityOfPage\":{\"@id\":\"https:\/\/potenciaradiofonicadominicana.com\/portal\/date-2026-cierra-con-mas-de-8000-citas-de-negocios-y-consolida-su-impacto-en-la-economia-turistica-dominicana\/\"},\"wordCount\":665,\"publisher\":{\"@id\":\"https:\/\/potenciaradiofonicadominicana.com\/portal\/#organization\"},\"image\":{\"@id\":\"https:\/\/potenciaradiofonicadominicana.com\/portal\/date-2026-cierra-con-mas-de-8000-citas-de-negocios-y-consolida-su-impacto-en-la-economia-turistica-dominicana\/#primaryimage\"},\"thumbnailUrl\":\"https:\/\/potenciaradiofonicadominicana.com\/portal\/wp-content\/uploads\/2026\/04\/DSC06294-1-scaled-1.jpg\",\"articleSection\":[\"Econom\u00eda\"],\"inLanguage\":\"es\"},{\"@type\":\"WebPage\",\"@id\":\"https:\/\/potenciaradiofonicadominicana.com\/portal\/date-2026-cierra-con-mas-de-8000-citas-de-negocios-y-consolida-su-impacto-en-la-economia-turistica-dominicana\/\",\"url\":\"https:\/\/potenciaradiofonicadominicana.com\/portal\/date-2026-cierra-con-mas-de-8000-citas-de-negocios-y-consolida-su-impacto-en-la-economia-turistica-dominicana\/\",\"name\":\"DATE 2026 cierra con m\u00e1s de 8,000 citas de negocios y consolida su impacto en la econom\u00eda tur\u00edstica dominicana - PotenciaRadiofonicaDominicana.com\",\"isPartOf\":{\"@id\":\"https:\/\/potenciaradiofonicadominicana.com\/portal\/#website\"},\"primaryImageOfPage\":{\"@id\":\"https:\/\/potenciaradiofonicadominicana.com\/portal\/date-2026-cierra-con-mas-de-8000-citas-de-negocios-y-consolida-su-impacto-en-la-economia-turistica-dominicana\/#primaryimage\"},\"image\":{\"@id\":\"https:\/\/potenciaradiofonicadominicana.com\/portal\/date-2026-cierra-con-mas-de-8000-citas-de-negocios-y-consolida-su-impacto-en-la-economia-turistica-dominicana\/#primaryimage\"},\"thumbnailUrl\":\"https:\/\/potenciaradiofonicadominicana.com\/portal\/wp-content\/uploads\/2026\/04\/DSC06294-1-scaled-1.jpg\",\"datePublished\":\"2026-04-26T23:47:39+00:00\",\"breadcrumb\":{\"@id\":\"https:\/\/potenciaradiofonicadominicana.com\/portal\/date-2026-cierra-con-mas-de-8000-citas-de-negocios-y-consolida-su-impacto-en-la-economia-turistica-dominicana\/#breadcrumb\"},\"inLanguage\":\"es\",\"potentialAction\":[{\"@type\":\"ReadAction\",\"target\":[\"https:\/\/potenciaradiofonicadominicana.com\/portal\/date-2026-cierra-con-mas-de-8000-citas-de-negocios-y-consolida-su-impacto-en-la-economia-turistica-dominicana\/\"]}]},{\"@type\":\"ImageObject\",\"inLanguage\":\"es\",\"@id\":\"https:\/\/potenciaradiofonicadominicana.com\/portal\/date-2026-cierra-con-mas-de-8000-citas-de-negocios-y-consolida-su-impacto-en-la-economia-turistica-dominicana\/#primaryimage\",\"url\":\"https:\/\/potenciaradiofonicadominicana.com\/portal\/wp-content\/uploads\/2026\/04\/DSC06294-1-scaled-1.jpg\",\"contentUrl\":\"https:\/\/potenciaradiofonicadominicana.com\/portal\/wp-content\/uploads\/2026\/04\/DSC06294-1-scaled-1.jpg\",\"width\":2560,\"height\":1707},{\"@type\":\"BreadcrumbList\",\"@id\":\"https:\/\/potenciaradiofonicadominicana.com\/portal\/date-2026-cierra-con-mas-de-8000-citas-de-negocios-y-consolida-su-impacto-en-la-economia-turistica-dominicana\/#breadcrumb\",\"itemListElement\":[{\"@type\":\"ListItem\",\"position\":1,\"name\":\"Portada\",\"item\":\"https:\/\/potenciaradiofonicadominicana.com\/portal\/\"},{\"@type\":\"ListItem\",\"position\":2,\"name\":\"DATE 2026 cierra con m\u00e1s de 8,000 citas de negocios y consolida su impacto en la econom\u00eda tur\u00edstica dominicana\"}]},{\"@type\":\"WebSite\",\"@id\":\"https:\/\/potenciaradiofonicadominicana.com\/portal\/#website\",\"url\":\"https:\/\/potenciaradiofonicadominicana.com\/portal\/\",\"name\":\"PotenciaRadiofonicaDominicana.com\",\"description\":\"Peri\u00f3dico Digital\",\"publisher\":{\"@id\":\"https:\/\/potenciaradiofonicadominicana.com\/portal\/#organization\"},\"potentialAction\":[{\"@type\":\"SearchAction\",\"target\":{\"@type\":\"EntryPoint\",\"urlTemplate\":\"https:\/\/potenciaradiofonicadominicana.com\/portal\/?s={search_term_string}\"},\"query-input\":{\"@type\":\"PropertyValueSpecification\",\"valueRequired\":true,\"valueName\":\"search_term_string\"}}],\"inLanguage\":\"es\"},{\"@type\":\"Organization\",\"@id\":\"https:\/\/potenciaradiofonicadominicana.com\/portal\/#organization\",\"name\":\"PotenciaRadiofonicaDominicana.com\",\"url\":\"https:\/\/potenciaradiofonicadominicana.com\/portal\/\",\"logo\":{\"@type\":\"ImageObject\",\"inLanguage\":\"es\",\"@id\":\"https:\/\/potenciaradiofonicadominicana.com\/portal\/#\/schema\/logo\/image\/\",\"url\":\"https:\/\/potenciaradiofonicadominicana.com\/portal\/wp-content\/uploads\/2022\/01\/descarga.png\",\"contentUrl\":\"https:\/\/potenciaradiofonicadominicana.com\/portal\/wp-content\/uploads\/2022\/01\/descarga.png\",\"width\":300,\"height\":100,\"caption\":\"PotenciaRadiofonicaDominicana.com\"},\"image\":{\"@id\":\"https:\/\/potenciaradiofonicadominicana.com\/portal\/#\/schema\/logo\/image\/\"},\"sameAs\":[\"https:\/\/web.facebook.com\/PotenciaRadiofonicaD\"]},{\"@type\":\"Person\",\"@id\":\"https:\/\/potenciaradiofonicadominicana.com\/portal\/#\/schema\/person\/a5cf1fea13877803ee0573ac18b03490\",\"name\":\"Potencia Radiof\u00f3nica Dominicana\",\"image\":{\"@type\":\"ImageObject\",\"inLanguage\":\"es\",\"@id\":\"https:\/\/potenciaradiofonicadominicana.com\/portal\/#\/schema\/person\/image\/\",\"url\":\"https:\/\/secure.gravatar.com\/avatar\/42a55ab9e8ccc656ba34cd791990602a?s=96&d=mm&r=g\",\"contentUrl\":\"https:\/\/secure.gravatar.com\/avatar\/42a55ab9e8ccc656ba34cd791990602a?s=96&d=mm&r=g\",\"caption\":\"Potencia Radiof\u00f3nica Dominicana\"},\"url\":\"https:\/\/potenciaradiofonicadominicana.com\/portal\/author\/johannyalmanzar\/\"}]}<\/script>\n<!-- \/ Yoast SEO plugin. -->","yoast_head_json":{"title":"DATE 2026 cierra con m\u00e1s de 8,000 citas de negocios y consolida su impacto en la econom\u00eda tur\u00edstica dominicana - PotenciaRadiofonicaDominicana.com","robots":{"index":"index","follow":"follow","max-snippet":"max-snippet:-1","max-image-preview":"max-image-preview:large","max-video-preview":"max-video-preview:-1"},"canonical":"https:\/\/potenciaradiofonicadominicana.com\/portal\/date-2026-cierra-con-mas-de-8000-citas-de-negocios-y-consolida-su-impacto-en-la-economia-turistica-dominicana\/","og_locale":"es_ES","og_type":"article","og_title":"DATE 2026 cierra con m\u00e1s de 8,000 citas de negocios y consolida su impacto en la econom\u00eda tur\u00edstica dominicana - PotenciaRadiofonicaDominicana.com","og_description":"PUNTA CANA. \u2013 La Asociaci\u00f3n de Hoteles y Turismo de la Rep\u00fablica Dominicana (Asonahores) culmin\u00f3 con resultados r\u00e9cord la vig\u00e9sima ...","og_url":"https:\/\/potenciaradiofonicadominicana.com\/portal\/date-2026-cierra-con-mas-de-8000-citas-de-negocios-y-consolida-su-impacto-en-la-economia-turistica-dominicana\/","og_site_name":"PotenciaRadiofonicaDominicana.com","article_publisher":"https:\/\/web.facebook.com\/PotenciaRadiofonicaD","article_published_time":"2026-04-26T23:47:39+00:00","og_image":[{"width":2560,"height":1707,"url":"https:\/\/potenciaradiofonicadominicana.com\/portal\/wp-content\/uploads\/2026\/04\/DSC06294-1-scaled-1.jpg","type":"image\/jpeg"}],"author":"Potencia Radiof\u00f3nica Dominicana","twitter_card":"summary_large_image","twitter_misc":{"Escrito por":"Potencia Radiof\u00f3nica Dominicana","Tiempo de lectura":"4 minutos"},"schema":{"@context":"https:\/\/schema.org","@graph":[{"@type":"Article","@id":"https:\/\/potenciaradiofonicadominicana.com\/portal\/date-2026-cierra-con-mas-de-8000-citas-de-negocios-y-consolida-su-impacto-en-la-economia-turistica-dominicana\/#article","isPartOf":{"@id":"https:\/\/potenciaradiofonicadominicana.com\/portal\/date-2026-cierra-con-mas-de-8000-citas-de-negocios-y-consolida-su-impacto-en-la-economia-turistica-dominicana\/"},"author":{"name":"Potencia Radiof\u00f3nica Dominicana","@id":"https:\/\/potenciaradiofonicadominicana.com\/portal\/#\/schema\/person\/a5cf1fea13877803ee0573ac18b03490"},"headline":"DATE 2026 cierra con m\u00e1s de 8,000 citas de negocios y consolida su impacto en la econom\u00eda tur\u00edstica dominicana","datePublished":"2026-04-26T23:47:39+00:00","mainEntityOfPage":{"@id":"https:\/\/potenciaradiofonicadominicana.com\/portal\/date-2026-cierra-con-mas-de-8000-citas-de-negocios-y-consolida-su-impacto-en-la-economia-turistica-dominicana\/"},"wordCount":665,"publisher":{"@id":"https:\/\/potenciaradiofonicadominicana.com\/portal\/#organization"},"image":{"@id":"https:\/\/potenciaradiofonicadominicana.com\/portal\/date-2026-cierra-con-mas-de-8000-citas-de-negocios-y-consolida-su-impacto-en-la-economia-turistica-dominicana\/#primaryimage"},"thumbnailUrl":"https:\/\/potenciaradiofonicadominicana.com\/portal\/wp-content\/uploads\/2026\/04\/DSC06294-1-scaled-1.jpg","articleSection":["Econom\u00eda"],"inLanguage":"es"},{"@type":"WebPage","@id":"https:\/\/potenciaradiofonicadominicana.com\/portal\/date-2026-cierra-con-mas-de-8000-citas-de-negocios-y-consolida-su-impacto-en-la-economia-turistica-dominicana\/","url":"https:\/\/potenciaradiofonicadominicana.com\/portal\/date-2026-cierra-con-mas-de-8000-citas-de-negocios-y-consolida-su-impacto-en-la-economia-turistica-dominicana\/","name":"DATE 2026 cierra con m\u00e1s de 8,000 citas de negocios y consolida su impacto en la econom\u00eda tur\u00edstica dominicana - PotenciaRadiofonicaDominicana.com","isPartOf":{"@id":"https:\/\/potenciaradiofonicadominicana.com\/portal\/#website"},"primaryImageOfPage":{"@id":"https:\/\/potenciaradiofonicadominicana.com\/portal\/date-2026-cierra-con-mas-de-8000-citas-de-negocios-y-consolida-su-impacto-en-la-economia-turistica-dominicana\/#primaryimage"},"image":{"@id":"https:\/\/potenciaradiofonicadominicana.com\/portal\/date-2026-cierra-con-mas-de-8000-citas-de-negocios-y-consolida-su-impacto-en-la-economia-turistica-dominicana\/#primaryimage"},"thumbnailUrl":"https:\/\/potenciaradiofonicadominicana.com\/portal\/wp-content\/uploads\/2026\/04\/DSC06294-1-scaled-1.jpg","datePublished":"2026-04-26T23:47:39+00:00","breadcrumb":{"@id":"https:\/\/potenciaradiofonicadominicana.com\/portal\/date-2026-cierra-con-mas-de-8000-citas-de-negocios-y-consolida-su-impacto-en-la-economia-turistica-dominicana\/#breadcrumb"},"inLanguage":"es","potentialAction":[{"@type":"ReadAction","target":["https:\/\/potenciaradiofonicadominicana.com\/portal\/date-2026-cierra-con-mas-de-8000-citas-de-negocios-y-consolida-su-impacto-en-la-economia-turistica-dominicana\/"]}]},{"@type":"ImageObject","inLanguage":"es","@id":"https:\/\/potenciaradiofonicadominicana.com\/portal\/date-2026-cierra-con-mas-de-8000-citas-de-negocios-y-consolida-su-impacto-en-la-economia-turistica-dominicana\/#primaryimage","url":"https:\/\/potenciaradiofonicadominicana.com\/portal\/wp-content\/uploads\/2026\/04\/DSC06294-1-scaled-1.jpg","contentUrl":"https:\/\/potenciaradiofonicadominicana.com\/portal\/wp-content\/uploads\/2026\/04\/DSC06294-1-scaled-1.jpg","width":2560,"height":1707},{"@type":"BreadcrumbList","@id":"https:\/\/potenciaradiofonicadominicana.com\/portal\/date-2026-cierra-con-mas-de-8000-citas-de-negocios-y-consolida-su-impacto-en-la-economia-turistica-dominicana\/#breadcrumb","itemListElement":[{"@type":"ListItem","position":1,"name":"Portada","item":"https:\/\/potenciaradiofonicadominicana.com\/portal\/"},{"@type":"ListItem","position":2,"name":"DATE 2026 cierra con m\u00e1s de 8,000 citas de negocios y consolida su impacto en la econom\u00eda tur\u00edstica dominicana"}]},{"@type":"WebSite","@id":"https:\/\/potenciaradiofonicadominicana.com\/portal\/#website","url":"https:\/\/potenciaradiofonicadominicana.com\/portal\/","name":"PotenciaRadiofonicaDominicana.com","description":"Peri\u00f3dico Digital","publisher":{"@id":"https:\/\/potenciaradiofonicadominicana.com\/portal\/#organization"},"potentialAction":[{"@type":"SearchAction","target":{"@type":"EntryPoint","urlTemplate":"https:\/\/potenciaradiofonicadominicana.com\/portal\/?s={search_term_string}"},"query-input":{"@type":"PropertyValueSpecification","valueRequired":true,"valueName":"search_term_string"}}],"inLanguage":"es"},{"@type":"Organization","@id":"https:\/\/potenciaradiofonicadominicana.com\/portal\/#organization","name":"PotenciaRadiofonicaDominicana.com","url":"https:\/\/potenciaradiofonicadominicana.com\/portal\/","logo":{"@type":"ImageObject","inLanguage":"es","@id":"https:\/\/potenciaradiofonicadominicana.com\/portal\/#\/schema\/logo\/image\/","url":"https:\/\/potenciaradiofonicadominicana.com\/portal\/wp-content\/uploads\/2022\/01\/descarga.png","contentUrl":"https:\/\/potenciaradiofonicadominicana.com\/portal\/wp-content\/uploads\/2022\/01\/descarga.png","width":300,"height":100,"caption":"PotenciaRadiofonicaDominicana.com"},"image":{"@id":"https:\/\/potenciaradiofonicadominicana.com\/portal\/#\/schema\/logo\/image\/"},"sameAs":["https:\/\/web.facebook.com\/PotenciaRadiofonicaD"]},{"@type":"Person","@id":"https:\/\/potenciaradiofonicadominicana.com\/portal\/#\/schema\/person\/a5cf1fea13877803ee0573ac18b03490","name":"Potencia Radiof\u00f3nica Dominicana","image":{"@type":"ImageObject","inLanguage":"es","@id":"https:\/\/potenciaradiofonicadominicana.com\/portal\/#\/schema\/person\/image\/","url":"https:\/\/secure.gravatar.com\/avatar\/42a55ab9e8ccc656ba34cd791990602a?s=96&d=mm&r=g","contentUrl":"https:\/\/secure.gravatar.com\/avatar\/42a55ab9e8ccc656ba34cd791990602a?s=96&d=mm&r=g","caption":"Potencia Radiof\u00f3nica Dominicana"},"url":"https:\/\/potenciaradiofonicadominicana.com\/portal\/author\/johannyalmanzar\/"}]}},"_links":{"self":[{"href":"https:\/\/potenciaradiofonicadominicana.com\/portal\/wp-json\/wp\/v2\/posts\/215817","targetHints":{"allow":["GET"]}}],"collection":[{"href":"https:\/\/potenciaradiofonicadominicana.com\/portal\/wp-json\/wp\/v2\/posts"}],"about":[{"href":"https:\/\/potenciaradiofonicadominicana.com\/portal\/wp-json\/wp\/v2\/types\/post"}],"author":[{"embeddable":true,"href":"https:\/\/potenciaradiofonicadominicana.com\/portal\/wp-json\/wp\/v2\/users\/2"}],"replies":[{"embeddable":true,"href":"https:\/\/potenciaradiofonicadominicana.com\/portal\/wp-json\/wp\/v2\/comments?post=215817"}],"version-history":[{"count":1,"href":"https:\/\/potenciaradiofonicadominicana.com\/portal\/wp-json\/wp\/v2\/posts\/215817\/revisions"}],"predecessor-version":[{"id":215819,"href":"https:\/\/potenciaradiofonicadominicana.com\/portal\/wp-json\/wp\/v2\/posts\/215817\/revisions\/215819"}],"wp:featuredmedia":[{"embeddable":true,"href":"https:\/\/potenciaradiofonicadominicana.com\/portal\/wp-json\/wp\/v2\/media\/215818"}],"wp:attachment":[{"href":"https:\/\/potenciaradiofonicadominicana.com\/portal\/wp-json\/wp\/v2\/media?parent=215817"}],"wp:term":[{"taxonomy":"category","embeddable":true,"href":"https:\/\/potenciaradiofonicadominicana.com\/portal\/wp-json\/wp\/v2\/categories?post=215817"},{"taxonomy":"post_tag","embeddable":true,"href":"https:\/\/potenciaradiofonicadominicana.com\/portal\/wp-json\/wp\/v2\/tags?post=215817"}],"curies":[{"name":"wp","href":"https:\/\/api.w.org\/{rel}","templated":true}]}}