{"id":215805,"date":"2026-04-26T19:36:17","date_gmt":"2026-04-26T23:36:17","guid":{"rendered":"https:\/\/potenciaradiofonicadominicana.com\/portal\/?p=215805"},"modified":"2026-04-26T19:36:17","modified_gmt":"2026-04-26T23:36:17","slug":"abinader-acuerda-con-sector-arrocero-medidas-para-fortalecer-la-produccion-y-seguridad-alimentaria","status":"publish","type":"post","link":"https:\/\/potenciaradiofonicadominicana.com\/portal\/abinader-acuerda-con-sector-arrocero-medidas-para-fortalecer-la-produccion-y-seguridad-alimentaria\/","title":{"rendered":"Abinader acuerda con sector arrocero medidas para fortalecer la producci\u00f3n y seguridad alimentaria"},"content":{"rendered":"<p><a href=\"https:\/\/potenciaradiofonicadominicana.com\/portal\/wp-content\/uploads\/2026\/04\/whatsapp-image-2026-04-24-at-164853-1024x768-1.jpeg\"><img loading=\"lazy\" decoding=\"async\" class=\"alignnone size-full wp-image-215806\" src=\"https:\/\/potenciaradiofonicadominicana.com\/portal\/wp-content\/uploads\/2026\/04\/whatsapp-image-2026-04-24-at-164853-1024x768-1.jpeg\" alt=\"\" width=\"1024\" height=\"768\" srcset=\"https:\/\/potenciaradiofonicadominicana.com\/portal\/wp-content\/uploads\/2026\/04\/whatsapp-image-2026-04-24-at-164853-1024x768-1.jpeg 1024w, https:\/\/potenciaradiofonicadominicana.com\/portal\/wp-content\/uploads\/2026\/04\/whatsapp-image-2026-04-24-at-164853-1024x768-1-300x225.jpeg 300w, https:\/\/potenciaradiofonicadominicana.com\/portal\/wp-content\/uploads\/2026\/04\/whatsapp-image-2026-04-24-at-164853-1024x768-1-768x576.jpeg 768w\" sizes=\"auto, (max-width: 1024px) 100vw, 1024px\" \/><\/a><\/p>\n<p data-start=\"0\" data-end=\"276\">El presidente Luis Abinader sostuvo un encuentro con representantes del sector arrocero nacional, en el que se adoptaron medidas orientadas a fortalecer la producci\u00f3n, consolidar la institucionalidad del sector y garantizar la seguridad alimentaria de la Rep\u00fablica Dominicana.<\/p>\n<p data-start=\"278\" data-end=\"678\">La reuni\u00f3n cont\u00f3 con la participaci\u00f3n del ministro de Agricultura, Francisco Oliverio Espaillat, as\u00ed como de representantes de la Asociaci\u00f3n Dominicana de Factor\u00edas de Arroz (Adofa), la Federaci\u00f3n Nacional de Productores de Arroz (Fenarroz) y la Asociaci\u00f3n de Productores de Arroz del Noroeste (Aprano), quienes presentaron propuestas y sugerencias para continuar impulsando el desarrollo del sector.<\/p>\n<p data-start=\"680\" data-end=\"1014\">Durante el encuentro, uno de los principales temas abordados fue el fortalecimiento de Bio-Arroz, con el objetivo de dotarlo de una estructura m\u00e1s s\u00f3lida, mayor independencia y una participaci\u00f3n m\u00e1s activa de los sectores productivos en la toma de decisiones, garantizando la continuidad de los procesos de investigaci\u00f3n y desarrollo.<\/p>\n<p data-start=\"1016\" data-end=\"1298\">Asimismo, se discuti\u00f3 el fortalecimiento de la Unidad T\u00e9cnica Ejecutora de Pignoraciones (Utepi), como eje clave para consolidar el sistema de pignoraci\u00f3n de rubros agr\u00edcolas, especialmente el arroz, con miras a asegurar estabilidad financiera y sostenibilidad para los productores.<\/p>\n<p data-start=\"1300\" data-end=\"1599\">Otro de los puntos centrales fue la necesidad de actualizar el marco institucional de la Comisi\u00f3n Nacional Arrocera, mediante la revisi\u00f3n del decreto vigente desde el a\u00f1o 2000, a fin de convertirla en un \u00f3rgano con mayor incidencia en la definici\u00f3n de pol\u00edticas y decisiones estrat\u00e9gicas del sector.<\/p>\n<p data-start=\"1601\" data-end=\"1860\">De igual manera, se realiz\u00f3 un balance de la situaci\u00f3n actual de siembra, cosecha y producci\u00f3n nacional, as\u00ed como del desempe\u00f1o y crecimiento del sector arrocero, destacando su impacto en la econom\u00eda y su papel clave en el abastecimiento alimentario del pa\u00eds.<\/p>\n<p data-start=\"1862\" data-end=\"2173\">El presidente Abinader reiter\u00f3 su compromiso de continuar fortaleciendo las pol\u00edticas p\u00fablicas dirigidas al sector agropecuario, promoviendo un clima de confianza, di\u00e1logo permanente y trabajo conjunto con los productores, en consonancia con las acciones impulsadas por su gesti\u00f3n en favor del campo dominicano.<\/p>\n<p data-start=\"2175\" data-end=\"2417\">Los representantes del sector calificaron el encuentro como altamente positivo, al destacar que estas iniciativas contribuyen a consolidar una agropecuaria moderna, resiliente y orientada a garantizar la seguridad alimentaria de la poblaci\u00f3n.<\/p>\n<p data-start=\"2419\" data-end=\"2717\" data-is-last-node=\"\" data-is-only-node=\"\">En la reuni\u00f3n participaron, adem\u00e1s del ministro de Agricultura, representantes de Adofa, entre ellos Negro Hern\u00e1ndez, Manolo Tav\u00e1rez y Juan Portela; de Fenarroz, encabezados por su presidente Marco Rodr\u00edguez e integrados por Iv\u00e1n T\u00edo, Mauricio Mar\u00eda y Juan Pablo P\u00e9rez; as\u00ed como miembros de Aprano.<\/p>\n<div class=\"single-post-ads-footer hidden-xs\"><\/div>\n","protected":false},"excerpt":{"rendered":"<p>El presidente Luis Abinader sostuvo un encuentro con representantes del sector arrocero nacional, en el que se adoptaron medidas orientadas &#8230;<\/p>\n","protected":false},"author":2,"featured_media":215806,"comment_status":"closed","ping_status":"closed","sticky":false,"template":"","format":"standard","meta":{"footnotes":""},"categories":[26],"tags":[],"class_list":["post-215805","post","type-post","status-publish","format-standard","has-post-thumbnail","hentry","category-economia"],"yoast_head":"<!-- This site is optimized with the Yoast SEO plugin v24.8.1 - https:\/\/yoast.com\/wordpress\/plugins\/seo\/ -->\n<title>Abinader acuerda con sector arrocero medidas para fortalecer la producci\u00f3n y seguridad alimentaria - PotenciaRadiofonicaDominicana.com<\/title>\n<meta name=\"robots\" content=\"index, follow, max-snippet:-1, max-image-preview:large, max-video-preview:-1\" \/>\n<link rel=\"canonical\" href=\"https:\/\/potenciaradiofonicadominicana.com\/portal\/abinader-acuerda-con-sector-arrocero-medidas-para-fortalecer-la-produccion-y-seguridad-alimentaria\/\" \/>\n<meta property=\"og:locale\" content=\"es_ES\" \/>\n<meta property=\"og:type\" content=\"article\" \/>\n<meta property=\"og:title\" content=\"Abinader acuerda con sector arrocero medidas para fortalecer la producci\u00f3n y seguridad alimentaria - PotenciaRadiofonicaDominicana.com\" \/>\n<meta property=\"og:description\" content=\"El presidente Luis Abinader sostuvo un encuentro con representantes del sector arrocero nacional, en el que se adoptaron medidas orientadas ...\" \/>\n<meta property=\"og:url\" content=\"https:\/\/potenciaradiofonicadominicana.com\/portal\/abinader-acuerda-con-sector-arrocero-medidas-para-fortalecer-la-produccion-y-seguridad-alimentaria\/\" \/>\n<meta property=\"og:site_name\" content=\"PotenciaRadiofonicaDominicana.com\" \/>\n<meta property=\"article:publisher\" content=\"https:\/\/web.facebook.com\/PotenciaRadiofonicaD\" \/>\n<meta property=\"article:published_time\" content=\"2026-04-26T23:36:17+00:00\" \/>\n<meta property=\"og:image\" content=\"https:\/\/potenciaradiofonicadominicana.com\/portal\/wp-content\/uploads\/2026\/04\/whatsapp-image-2026-04-24-at-164853-1024x768-1.jpeg\" \/>\n\t<meta property=\"og:image:width\" content=\"1024\" \/>\n\t<meta property=\"og:image:height\" content=\"768\" \/>\n\t<meta property=\"og:image:type\" content=\"image\/jpeg\" \/>\n<meta name=\"author\" content=\"Potencia Radiof\u00f3nica Dominicana\" \/>\n<meta name=\"twitter:card\" content=\"summary_large_image\" \/>\n<meta name=\"twitter:label1\" content=\"Escrito por\" \/>\n\t<meta name=\"twitter:data1\" content=\"Potencia Radiof\u00f3nica Dominicana\" \/>\n\t<meta name=\"twitter:label2\" content=\"Tiempo de lectura\" \/>\n\t<meta name=\"twitter:data2\" content=\"3 minutos\" \/>\n<script type=\"application\/ld+json\" class=\"yoast-schema-graph\">{\"@context\":\"https:\/\/schema.org\",\"@graph\":[{\"@type\":\"Article\",\"@id\":\"https:\/\/potenciaradiofonicadominicana.com\/portal\/abinader-acuerda-con-sector-arrocero-medidas-para-fortalecer-la-produccion-y-seguridad-alimentaria\/#article\",\"isPartOf\":{\"@id\":\"https:\/\/potenciaradiofonicadominicana.com\/portal\/abinader-acuerda-con-sector-arrocero-medidas-para-fortalecer-la-produccion-y-seguridad-alimentaria\/\"},\"author\":{\"name\":\"Potencia Radiof\u00f3nica Dominicana\",\"@id\":\"https:\/\/potenciaradiofonicadominicana.com\/portal\/#\/schema\/person\/a5cf1fea13877803ee0573ac18b03490\"},\"headline\":\"Abinader acuerda con sector arrocero medidas para fortalecer la producci\u00f3n y seguridad alimentaria\",\"datePublished\":\"2026-04-26T23:36:17+00:00\",\"mainEntityOfPage\":{\"@id\":\"https:\/\/potenciaradiofonicadominicana.com\/portal\/abinader-acuerda-con-sector-arrocero-medidas-para-fortalecer-la-produccion-y-seguridad-alimentaria\/\"},\"wordCount\":447,\"publisher\":{\"@id\":\"https:\/\/potenciaradiofonicadominicana.com\/portal\/#organization\"},\"image\":{\"@id\":\"https:\/\/potenciaradiofonicadominicana.com\/portal\/abinader-acuerda-con-sector-arrocero-medidas-para-fortalecer-la-produccion-y-seguridad-alimentaria\/#primaryimage\"},\"thumbnailUrl\":\"https:\/\/potenciaradiofonicadominicana.com\/portal\/wp-content\/uploads\/2026\/04\/whatsapp-image-2026-04-24-at-164853-1024x768-1.jpeg\",\"articleSection\":[\"Econom\u00eda\"],\"inLanguage\":\"es\"},{\"@type\":\"WebPage\",\"@id\":\"https:\/\/potenciaradiofonicadominicana.com\/portal\/abinader-acuerda-con-sector-arrocero-medidas-para-fortalecer-la-produccion-y-seguridad-alimentaria\/\",\"url\":\"https:\/\/potenciaradiofonicadominicana.com\/portal\/abinader-acuerda-con-sector-arrocero-medidas-para-fortalecer-la-produccion-y-seguridad-alimentaria\/\",\"name\":\"Abinader acuerda con sector arrocero medidas para fortalecer la producci\u00f3n y seguridad alimentaria - PotenciaRadiofonicaDominicana.com\",\"isPartOf\":{\"@id\":\"https:\/\/potenciaradiofonicadominicana.com\/portal\/#website\"},\"primaryImageOfPage\":{\"@id\":\"https:\/\/potenciaradiofonicadominicana.com\/portal\/abinader-acuerda-con-sector-arrocero-medidas-para-fortalecer-la-produccion-y-seguridad-alimentaria\/#primaryimage\"},\"image\":{\"@id\":\"https:\/\/potenciaradiofonicadominicana.com\/portal\/abinader-acuerda-con-sector-arrocero-medidas-para-fortalecer-la-produccion-y-seguridad-alimentaria\/#primaryimage\"},\"thumbnailUrl\":\"https:\/\/potenciaradiofonicadominicana.com\/portal\/wp-content\/uploads\/2026\/04\/whatsapp-image-2026-04-24-at-164853-1024x768-1.jpeg\",\"datePublished\":\"2026-04-26T23:36:17+00:00\",\"breadcrumb\":{\"@id\":\"https:\/\/potenciaradiofonicadominicana.com\/portal\/abinader-acuerda-con-sector-arrocero-medidas-para-fortalecer-la-produccion-y-seguridad-alimentaria\/#breadcrumb\"},\"inLanguage\":\"es\",\"potentialAction\":[{\"@type\":\"ReadAction\",\"target\":[\"https:\/\/potenciaradiofonicadominicana.com\/portal\/abinader-acuerda-con-sector-arrocero-medidas-para-fortalecer-la-produccion-y-seguridad-alimentaria\/\"]}]},{\"@type\":\"ImageObject\",\"inLanguage\":\"es\",\"@id\":\"https:\/\/potenciaradiofonicadominicana.com\/portal\/abinader-acuerda-con-sector-arrocero-medidas-para-fortalecer-la-produccion-y-seguridad-alimentaria\/#primaryimage\",\"url\":\"https:\/\/potenciaradiofonicadominicana.com\/portal\/wp-content\/uploads\/2026\/04\/whatsapp-image-2026-04-24-at-164853-1024x768-1.jpeg\",\"contentUrl\":\"https:\/\/potenciaradiofonicadominicana.com\/portal\/wp-content\/uploads\/2026\/04\/whatsapp-image-2026-04-24-at-164853-1024x768-1.jpeg\",\"width\":1024,\"height\":768},{\"@type\":\"BreadcrumbList\",\"@id\":\"https:\/\/potenciaradiofonicadominicana.com\/portal\/abinader-acuerda-con-sector-arrocero-medidas-para-fortalecer-la-produccion-y-seguridad-alimentaria\/#breadcrumb\",\"itemListElement\":[{\"@type\":\"ListItem\",\"position\":1,\"name\":\"Portada\",\"item\":\"https:\/\/potenciaradiofonicadominicana.com\/portal\/\"},{\"@type\":\"ListItem\",\"position\":2,\"name\":\"Abinader acuerda con sector arrocero medidas para fortalecer la producci\u00f3n y seguridad alimentaria\"}]},{\"@type\":\"WebSite\",\"@id\":\"https:\/\/potenciaradiofonicadominicana.com\/portal\/#website\",\"url\":\"https:\/\/potenciaradiofonicadominicana.com\/portal\/\",\"name\":\"PotenciaRadiofonicaDominicana.com\",\"description\":\"Peri\u00f3dico Digital\",\"publisher\":{\"@id\":\"https:\/\/potenciaradiofonicadominicana.com\/portal\/#organization\"},\"potentialAction\":[{\"@type\":\"SearchAction\",\"target\":{\"@type\":\"EntryPoint\",\"urlTemplate\":\"https:\/\/potenciaradiofonicadominicana.com\/portal\/?s={search_term_string}\"},\"query-input\":{\"@type\":\"PropertyValueSpecification\",\"valueRequired\":true,\"valueName\":\"search_term_string\"}}],\"inLanguage\":\"es\"},{\"@type\":\"Organization\",\"@id\":\"https:\/\/potenciaradiofonicadominicana.com\/portal\/#organization\",\"name\":\"PotenciaRadiofonicaDominicana.com\",\"url\":\"https:\/\/potenciaradiofonicadominicana.com\/portal\/\",\"logo\":{\"@type\":\"ImageObject\",\"inLanguage\":\"es\",\"@id\":\"https:\/\/potenciaradiofonicadominicana.com\/portal\/#\/schema\/logo\/image\/\",\"url\":\"https:\/\/potenciaradiofonicadominicana.com\/portal\/wp-content\/uploads\/2022\/01\/descarga.png\",\"contentUrl\":\"https:\/\/potenciaradiofonicadominicana.com\/portal\/wp-content\/uploads\/2022\/01\/descarga.png\",\"width\":300,\"height\":100,\"caption\":\"PotenciaRadiofonicaDominicana.com\"},\"image\":{\"@id\":\"https:\/\/potenciaradiofonicadominicana.com\/portal\/#\/schema\/logo\/image\/\"},\"sameAs\":[\"https:\/\/web.facebook.com\/PotenciaRadiofonicaD\"]},{\"@type\":\"Person\",\"@id\":\"https:\/\/potenciaradiofonicadominicana.com\/portal\/#\/schema\/person\/a5cf1fea13877803ee0573ac18b03490\",\"name\":\"Potencia Radiof\u00f3nica Dominicana\",\"image\":{\"@type\":\"ImageObject\",\"inLanguage\":\"es\",\"@id\":\"https:\/\/potenciaradiofonicadominicana.com\/portal\/#\/schema\/person\/image\/\",\"url\":\"https:\/\/secure.gravatar.com\/avatar\/42a55ab9e8ccc656ba34cd791990602a?s=96&d=mm&r=g\",\"contentUrl\":\"https:\/\/secure.gravatar.com\/avatar\/42a55ab9e8ccc656ba34cd791990602a?s=96&d=mm&r=g\",\"caption\":\"Potencia Radiof\u00f3nica Dominicana\"},\"url\":\"https:\/\/potenciaradiofonicadominicana.com\/portal\/author\/johannyalmanzar\/\"}]}<\/script>\n<!-- \/ Yoast SEO plugin. -->","yoast_head_json":{"title":"Abinader acuerda con sector arrocero medidas para fortalecer la producci\u00f3n y seguridad alimentaria - PotenciaRadiofonicaDominicana.com","robots":{"index":"index","follow":"follow","max-snippet":"max-snippet:-1","max-image-preview":"max-image-preview:large","max-video-preview":"max-video-preview:-1"},"canonical":"https:\/\/potenciaradiofonicadominicana.com\/portal\/abinader-acuerda-con-sector-arrocero-medidas-para-fortalecer-la-produccion-y-seguridad-alimentaria\/","og_locale":"es_ES","og_type":"article","og_title":"Abinader acuerda con sector arrocero medidas para fortalecer la producci\u00f3n y seguridad alimentaria - PotenciaRadiofonicaDominicana.com","og_description":"El presidente Luis Abinader sostuvo un encuentro con representantes del sector arrocero nacional, en el que se adoptaron medidas orientadas ...","og_url":"https:\/\/potenciaradiofonicadominicana.com\/portal\/abinader-acuerda-con-sector-arrocero-medidas-para-fortalecer-la-produccion-y-seguridad-alimentaria\/","og_site_name":"PotenciaRadiofonicaDominicana.com","article_publisher":"https:\/\/web.facebook.com\/PotenciaRadiofonicaD","article_published_time":"2026-04-26T23:36:17+00:00","og_image":[{"width":1024,"height":768,"url":"https:\/\/potenciaradiofonicadominicana.com\/portal\/wp-content\/uploads\/2026\/04\/whatsapp-image-2026-04-24-at-164853-1024x768-1.jpeg","type":"image\/jpeg"}],"author":"Potencia Radiof\u00f3nica Dominicana","twitter_card":"summary_large_image","twitter_misc":{"Escrito por":"Potencia Radiof\u00f3nica Dominicana","Tiempo de lectura":"3 minutos"},"schema":{"@context":"https:\/\/schema.org","@graph":[{"@type":"Article","@id":"https:\/\/potenciaradiofonicadominicana.com\/portal\/abinader-acuerda-con-sector-arrocero-medidas-para-fortalecer-la-produccion-y-seguridad-alimentaria\/#article","isPartOf":{"@id":"https:\/\/potenciaradiofonicadominicana.com\/portal\/abinader-acuerda-con-sector-arrocero-medidas-para-fortalecer-la-produccion-y-seguridad-alimentaria\/"},"author":{"name":"Potencia Radiof\u00f3nica Dominicana","@id":"https:\/\/potenciaradiofonicadominicana.com\/portal\/#\/schema\/person\/a5cf1fea13877803ee0573ac18b03490"},"headline":"Abinader acuerda con sector arrocero medidas para fortalecer la producci\u00f3n y seguridad alimentaria","datePublished":"2026-04-26T23:36:17+00:00","mainEntityOfPage":{"@id":"https:\/\/potenciaradiofonicadominicana.com\/portal\/abinader-acuerda-con-sector-arrocero-medidas-para-fortalecer-la-produccion-y-seguridad-alimentaria\/"},"wordCount":447,"publisher":{"@id":"https:\/\/potenciaradiofonicadominicana.com\/portal\/#organization"},"image":{"@id":"https:\/\/potenciaradiofonicadominicana.com\/portal\/abinader-acuerda-con-sector-arrocero-medidas-para-fortalecer-la-produccion-y-seguridad-alimentaria\/#primaryimage"},"thumbnailUrl":"https:\/\/potenciaradiofonicadominicana.com\/portal\/wp-content\/uploads\/2026\/04\/whatsapp-image-2026-04-24-at-164853-1024x768-1.jpeg","articleSection":["Econom\u00eda"],"inLanguage":"es"},{"@type":"WebPage","@id":"https:\/\/potenciaradiofonicadominicana.com\/portal\/abinader-acuerda-con-sector-arrocero-medidas-para-fortalecer-la-produccion-y-seguridad-alimentaria\/","url":"https:\/\/potenciaradiofonicadominicana.com\/portal\/abinader-acuerda-con-sector-arrocero-medidas-para-fortalecer-la-produccion-y-seguridad-alimentaria\/","name":"Abinader acuerda con sector arrocero medidas para fortalecer la producci\u00f3n y seguridad alimentaria - PotenciaRadiofonicaDominicana.com","isPartOf":{"@id":"https:\/\/potenciaradiofonicadominicana.com\/portal\/#website"},"primaryImageOfPage":{"@id":"https:\/\/potenciaradiofonicadominicana.com\/portal\/abinader-acuerda-con-sector-arrocero-medidas-para-fortalecer-la-produccion-y-seguridad-alimentaria\/#primaryimage"},"image":{"@id":"https:\/\/potenciaradiofonicadominicana.com\/portal\/abinader-acuerda-con-sector-arrocero-medidas-para-fortalecer-la-produccion-y-seguridad-alimentaria\/#primaryimage"},"thumbnailUrl":"https:\/\/potenciaradiofonicadominicana.com\/portal\/wp-content\/uploads\/2026\/04\/whatsapp-image-2026-04-24-at-164853-1024x768-1.jpeg","datePublished":"2026-04-26T23:36:17+00:00","breadcrumb":{"@id":"https:\/\/potenciaradiofonicadominicana.com\/portal\/abinader-acuerda-con-sector-arrocero-medidas-para-fortalecer-la-produccion-y-seguridad-alimentaria\/#breadcrumb"},"inLanguage":"es","potentialAction":[{"@type":"ReadAction","target":["https:\/\/potenciaradiofonicadominicana.com\/portal\/abinader-acuerda-con-sector-arrocero-medidas-para-fortalecer-la-produccion-y-seguridad-alimentaria\/"]}]},{"@type":"ImageObject","inLanguage":"es","@id":"https:\/\/potenciaradiofonicadominicana.com\/portal\/abinader-acuerda-con-sector-arrocero-medidas-para-fortalecer-la-produccion-y-seguridad-alimentaria\/#primaryimage","url":"https:\/\/potenciaradiofonicadominicana.com\/portal\/wp-content\/uploads\/2026\/04\/whatsapp-image-2026-04-24-at-164853-1024x768-1.jpeg","contentUrl":"https:\/\/potenciaradiofonicadominicana.com\/portal\/wp-content\/uploads\/2026\/04\/whatsapp-image-2026-04-24-at-164853-1024x768-1.jpeg","width":1024,"height":768},{"@type":"BreadcrumbList","@id":"https:\/\/potenciaradiofonicadominicana.com\/portal\/abinader-acuerda-con-sector-arrocero-medidas-para-fortalecer-la-produccion-y-seguridad-alimentaria\/#breadcrumb","itemListElement":[{"@type":"ListItem","position":1,"name":"Portada","item":"https:\/\/potenciaradiofonicadominicana.com\/portal\/"},{"@type":"ListItem","position":2,"name":"Abinader acuerda con sector arrocero medidas para fortalecer la producci\u00f3n y seguridad alimentaria"}]},{"@type":"WebSite","@id":"https:\/\/potenciaradiofonicadominicana.com\/portal\/#website","url":"https:\/\/potenciaradiofonicadominicana.com\/portal\/","name":"PotenciaRadiofonicaDominicana.com","description":"Peri\u00f3dico Digital","publisher":{"@id":"https:\/\/potenciaradiofonicadominicana.com\/portal\/#organization"},"potentialAction":[{"@type":"SearchAction","target":{"@type":"EntryPoint","urlTemplate":"https:\/\/potenciaradiofonicadominicana.com\/portal\/?s={search_term_string}"},"query-input":{"@type":"PropertyValueSpecification","valueRequired":true,"valueName":"search_term_string"}}],"inLanguage":"es"},{"@type":"Organization","@id":"https:\/\/potenciaradiofonicadominicana.com\/portal\/#organization","name":"PotenciaRadiofonicaDominicana.com","url":"https:\/\/potenciaradiofonicadominicana.com\/portal\/","logo":{"@type":"ImageObject","inLanguage":"es","@id":"https:\/\/potenciaradiofonicadominicana.com\/portal\/#\/schema\/logo\/image\/","url":"https:\/\/potenciaradiofonicadominicana.com\/portal\/wp-content\/uploads\/2022\/01\/descarga.png","contentUrl":"https:\/\/potenciaradiofonicadominicana.com\/portal\/wp-content\/uploads\/2022\/01\/descarga.png","width":300,"height":100,"caption":"PotenciaRadiofonicaDominicana.com"},"image":{"@id":"https:\/\/potenciaradiofonicadominicana.com\/portal\/#\/schema\/logo\/image\/"},"sameAs":["https:\/\/web.facebook.com\/PotenciaRadiofonicaD"]},{"@type":"Person","@id":"https:\/\/potenciaradiofonicadominicana.com\/portal\/#\/schema\/person\/a5cf1fea13877803ee0573ac18b03490","name":"Potencia Radiof\u00f3nica Dominicana","image":{"@type":"ImageObject","inLanguage":"es","@id":"https:\/\/potenciaradiofonicadominicana.com\/portal\/#\/schema\/person\/image\/","url":"https:\/\/secure.gravatar.com\/avatar\/42a55ab9e8ccc656ba34cd791990602a?s=96&d=mm&r=g","contentUrl":"https:\/\/secure.gravatar.com\/avatar\/42a55ab9e8ccc656ba34cd791990602a?s=96&d=mm&r=g","caption":"Potencia Radiof\u00f3nica Dominicana"},"url":"https:\/\/potenciaradiofonicadominicana.com\/portal\/author\/johannyalmanzar\/"}]}},"_links":{"self":[{"href":"https:\/\/potenciaradiofonicadominicana.com\/portal\/wp-json\/wp\/v2\/posts\/215805","targetHints":{"allow":["GET"]}}],"collection":[{"href":"https:\/\/potenciaradiofonicadominicana.com\/portal\/wp-json\/wp\/v2\/posts"}],"about":[{"href":"https:\/\/potenciaradiofonicadominicana.com\/portal\/wp-json\/wp\/v2\/types\/post"}],"author":[{"embeddable":true,"href":"https:\/\/potenciaradiofonicadominicana.com\/portal\/wp-json\/wp\/v2\/users\/2"}],"replies":[{"embeddable":true,"href":"https:\/\/potenciaradiofonicadominicana.com\/portal\/wp-json\/wp\/v2\/comments?post=215805"}],"version-history":[{"count":1,"href":"https:\/\/potenciaradiofonicadominicana.com\/portal\/wp-json\/wp\/v2\/posts\/215805\/revisions"}],"predecessor-version":[{"id":215807,"href":"https:\/\/potenciaradiofonicadominicana.com\/portal\/wp-json\/wp\/v2\/posts\/215805\/revisions\/215807"}],"wp:featuredmedia":[{"embeddable":true,"href":"https:\/\/potenciaradiofonicadominicana.com\/portal\/wp-json\/wp\/v2\/media\/215806"}],"wp:attachment":[{"href":"https:\/\/potenciaradiofonicadominicana.com\/portal\/wp-json\/wp\/v2\/media?parent=215805"}],"wp:term":[{"taxonomy":"category","embeddable":true,"href":"https:\/\/potenciaradiofonicadominicana.com\/portal\/wp-json\/wp\/v2\/categories?post=215805"},{"taxonomy":"post_tag","embeddable":true,"href":"https:\/\/potenciaradiofonicadominicana.com\/portal\/wp-json\/wp\/v2\/tags?post=215805"}],"curies":[{"name":"wp","href":"https:\/\/api.w.org\/{rel}","templated":true}]}}