{"id":215801,"date":"2026-04-26T19:35:22","date_gmt":"2026-04-26T23:35:22","guid":{"rendered":"https:\/\/potenciaradiofonicadominicana.com\/portal\/?p=215801"},"modified":"2026-04-26T19:35:22","modified_gmt":"2026-04-26T23:35:22","slug":"expo-provisiones-2026-proyecta-mas-de-rd200-millones-en-negocios","status":"publish","type":"post","link":"https:\/\/potenciaradiofonicadominicana.com\/portal\/expo-provisiones-2026-proyecta-mas-de-rd200-millones-en-negocios\/","title":{"rendered":"Expo Provisiones 2026 proyecta m\u00e1s de RD$200 millones en negocios"},"content":{"rendered":"<p><a href=\"https:\/\/potenciaradiofonicadominicana.com\/portal\/wp-content\/uploads\/2026\/04\/comerciantes-scaled-1.jpeg\"><img loading=\"lazy\" decoding=\"async\" class=\"alignnone size-full wp-image-215803\" src=\"https:\/\/potenciaradiofonicadominicana.com\/portal\/wp-content\/uploads\/2026\/04\/comerciantes-scaled-1.jpeg\" alt=\"\" width=\"2560\" height=\"1920\" srcset=\"https:\/\/potenciaradiofonicadominicana.com\/portal\/wp-content\/uploads\/2026\/04\/comerciantes-scaled-1.jpeg 2560w, https:\/\/potenciaradiofonicadominicana.com\/portal\/wp-content\/uploads\/2026\/04\/comerciantes-scaled-1-300x225.jpeg 300w, https:\/\/potenciaradiofonicadominicana.com\/portal\/wp-content\/uploads\/2026\/04\/comerciantes-scaled-1-1024x768.jpeg 1024w, https:\/\/potenciaradiofonicadominicana.com\/portal\/wp-content\/uploads\/2026\/04\/comerciantes-scaled-1-768x576.jpeg 768w, https:\/\/potenciaradiofonicadominicana.com\/portal\/wp-content\/uploads\/2026\/04\/comerciantes-scaled-1-1536x1152.jpeg 1536w, https:\/\/potenciaradiofonicadominicana.com\/portal\/wp-content\/uploads\/2026\/04\/comerciantes-scaled-1-2048x1536.jpeg 2048w\" sizes=\"auto, (max-width: 2560px) 100vw, 2560px\" \/><\/a><\/p>\n<p>El Consejo Nacional del Comercio en Provisiones (CNCP) continu\u00f3 en la regi\u00f3n Sur su ruta nacional de lanzamientos de Expo Provisiones 2026, con un concurrido encuentro empresarial encabezado por su presidente, Jorge Jerez.<\/p>\n<p>La actividad, realizada en el Hotel Costa Larimar, reuni\u00f3 a l\u00edderes comerciales y representantes del sector, en un espacio donde se resalt\u00f3 el papel estrat\u00e9gico de Barahona y de las provincias sure\u00f1as como ejes del comercio detallista y mayorista en el pa\u00eds.<\/p>\n<p>Durante su intervenci\u00f3n, Jerez destac\u00f3 que este encuentro forma parte de una estrategia nacional iniciada en San Francisco de Macor\u00eds, orientada a integrar a todas las regiones en la principal feria del sector.<\/p>\n<p>\u201cExpo Provisiones 2026 ser\u00e1 la plataforma donde el comerciante del Sur conecte directamente con los grandes productores, fortaleciendo la econom\u00eda de nuestras provincias\u201d, expres\u00f3.<\/p>\n<p>El presidente del CNCP inform\u00f3 que la feria se celebrar\u00e1 del 11 al 14 de junio en el Sal\u00f3n de Eventos de Sambil, en Santo Domingo, y estar\u00e1 dedicada a la empresa Prodal, con Brasil como pa\u00eds invitado, con el objetivo de fortalecer los v\u00ednculos comerciales internacionales.<\/p>\n<p>Asimismo, resalt\u00f3 las proyecciones para esta edici\u00f3n, que incluyen transacciones superiores a los RD$200 millones, una asistencia estimada de m\u00e1s de 25,000 visitantes y la participaci\u00f3n de m\u00e1s de 5,000 Mipymes vinculadas al comercio.<\/p>\n<p>Como parte del impulso a la integraci\u00f3n regional, el CNCP anunci\u00f3 que facilitar\u00e1 transporte para las asociaciones del Sur, garantizando su participaci\u00f3n en rondas de negocios, lanzamientos de productos y actividades formativas.<\/p>\n<p>El evento cont\u00f3 con la presencia de representantes de las 74 asociaciones afiliadas al consejo, reafirmando el compromiso del CNCP con la modernizaci\u00f3n, la integraci\u00f3n regional y el desarrollo sostenible del comercio en el pa\u00eds.<\/p>\n","protected":false},"excerpt":{"rendered":"<p>El Consejo Nacional del Comercio en Provisiones (CNCP) continu\u00f3 en la regi\u00f3n Sur su ruta nacional de lanzamientos de Expo &#8230;<\/p>\n","protected":false},"author":2,"featured_media":215803,"comment_status":"closed","ping_status":"closed","sticky":false,"template":"","format":"standard","meta":{"footnotes":""},"categories":[26],"tags":[],"class_list":["post-215801","post","type-post","status-publish","format-standard","has-post-thumbnail","hentry","category-economia"],"yoast_head":"<!-- This site is optimized with the Yoast SEO plugin v24.8.1 - https:\/\/yoast.com\/wordpress\/plugins\/seo\/ -->\n<title>Expo Provisiones 2026 proyecta m\u00e1s de RD$200 millones en negocios - PotenciaRadiofonicaDominicana.com<\/title>\n<meta name=\"robots\" content=\"index, follow, max-snippet:-1, max-image-preview:large, max-video-preview:-1\" \/>\n<link rel=\"canonical\" href=\"https:\/\/potenciaradiofonicadominicana.com\/portal\/expo-provisiones-2026-proyecta-mas-de-rd200-millones-en-negocios\/\" \/>\n<meta property=\"og:locale\" content=\"es_ES\" \/>\n<meta property=\"og:type\" content=\"article\" \/>\n<meta property=\"og:title\" content=\"Expo Provisiones 2026 proyecta m\u00e1s de RD$200 millones en negocios - PotenciaRadiofonicaDominicana.com\" \/>\n<meta property=\"og:description\" content=\"El Consejo Nacional del Comercio en Provisiones (CNCP) continu\u00f3 en la regi\u00f3n Sur su ruta nacional de lanzamientos de Expo ...\" \/>\n<meta property=\"og:url\" content=\"https:\/\/potenciaradiofonicadominicana.com\/portal\/expo-provisiones-2026-proyecta-mas-de-rd200-millones-en-negocios\/\" \/>\n<meta property=\"og:site_name\" content=\"PotenciaRadiofonicaDominicana.com\" \/>\n<meta property=\"article:publisher\" content=\"https:\/\/web.facebook.com\/PotenciaRadiofonicaD\" \/>\n<meta property=\"article:published_time\" content=\"2026-04-26T23:35:22+00:00\" \/>\n<meta property=\"og:image\" content=\"https:\/\/potenciaradiofonicadominicana.com\/portal\/wp-content\/uploads\/2026\/04\/comerciantes-scaled-1.jpeg\" \/>\n\t<meta property=\"og:image:width\" content=\"2560\" \/>\n\t<meta property=\"og:image:height\" content=\"1920\" \/>\n\t<meta property=\"og:image:type\" content=\"image\/jpeg\" \/>\n<meta name=\"author\" content=\"Potencia Radiof\u00f3nica Dominicana\" \/>\n<meta name=\"twitter:card\" content=\"summary_large_image\" \/>\n<meta name=\"twitter:label1\" content=\"Escrito por\" \/>\n\t<meta name=\"twitter:data1\" content=\"Potencia Radiof\u00f3nica Dominicana\" \/>\n\t<meta name=\"twitter:label2\" content=\"Tiempo de lectura\" \/>\n\t<meta name=\"twitter:data2\" content=\"2 minutos\" \/>\n<script type=\"application\/ld+json\" class=\"yoast-schema-graph\">{\"@context\":\"https:\/\/schema.org\",\"@graph\":[{\"@type\":\"Article\",\"@id\":\"https:\/\/potenciaradiofonicadominicana.com\/portal\/expo-provisiones-2026-proyecta-mas-de-rd200-millones-en-negocios\/#article\",\"isPartOf\":{\"@id\":\"https:\/\/potenciaradiofonicadominicana.com\/portal\/expo-provisiones-2026-proyecta-mas-de-rd200-millones-en-negocios\/\"},\"author\":{\"name\":\"Potencia Radiof\u00f3nica Dominicana\",\"@id\":\"https:\/\/potenciaradiofonicadominicana.com\/portal\/#\/schema\/person\/a5cf1fea13877803ee0573ac18b03490\"},\"headline\":\"Expo Provisiones 2026 proyecta m\u00e1s de RD$200 millones en negocios\",\"datePublished\":\"2026-04-26T23:35:22+00:00\",\"mainEntityOfPage\":{\"@id\":\"https:\/\/potenciaradiofonicadominicana.com\/portal\/expo-provisiones-2026-proyecta-mas-de-rd200-millones-en-negocios\/\"},\"wordCount\":303,\"publisher\":{\"@id\":\"https:\/\/potenciaradiofonicadominicana.com\/portal\/#organization\"},\"image\":{\"@id\":\"https:\/\/potenciaradiofonicadominicana.com\/portal\/expo-provisiones-2026-proyecta-mas-de-rd200-millones-en-negocios\/#primaryimage\"},\"thumbnailUrl\":\"https:\/\/potenciaradiofonicadominicana.com\/portal\/wp-content\/uploads\/2026\/04\/comerciantes-scaled-1.jpeg\",\"articleSection\":[\"Econom\u00eda\"],\"inLanguage\":\"es\"},{\"@type\":\"WebPage\",\"@id\":\"https:\/\/potenciaradiofonicadominicana.com\/portal\/expo-provisiones-2026-proyecta-mas-de-rd200-millones-en-negocios\/\",\"url\":\"https:\/\/potenciaradiofonicadominicana.com\/portal\/expo-provisiones-2026-proyecta-mas-de-rd200-millones-en-negocios\/\",\"name\":\"Expo Provisiones 2026 proyecta m\u00e1s de RD$200 millones en negocios - PotenciaRadiofonicaDominicana.com\",\"isPartOf\":{\"@id\":\"https:\/\/potenciaradiofonicadominicana.com\/portal\/#website\"},\"primaryImageOfPage\":{\"@id\":\"https:\/\/potenciaradiofonicadominicana.com\/portal\/expo-provisiones-2026-proyecta-mas-de-rd200-millones-en-negocios\/#primaryimage\"},\"image\":{\"@id\":\"https:\/\/potenciaradiofonicadominicana.com\/portal\/expo-provisiones-2026-proyecta-mas-de-rd200-millones-en-negocios\/#primaryimage\"},\"thumbnailUrl\":\"https:\/\/potenciaradiofonicadominicana.com\/portal\/wp-content\/uploads\/2026\/04\/comerciantes-scaled-1.jpeg\",\"datePublished\":\"2026-04-26T23:35:22+00:00\",\"breadcrumb\":{\"@id\":\"https:\/\/potenciaradiofonicadominicana.com\/portal\/expo-provisiones-2026-proyecta-mas-de-rd200-millones-en-negocios\/#breadcrumb\"},\"inLanguage\":\"es\",\"potentialAction\":[{\"@type\":\"ReadAction\",\"target\":[\"https:\/\/potenciaradiofonicadominicana.com\/portal\/expo-provisiones-2026-proyecta-mas-de-rd200-millones-en-negocios\/\"]}]},{\"@type\":\"ImageObject\",\"inLanguage\":\"es\",\"@id\":\"https:\/\/potenciaradiofonicadominicana.com\/portal\/expo-provisiones-2026-proyecta-mas-de-rd200-millones-en-negocios\/#primaryimage\",\"url\":\"https:\/\/potenciaradiofonicadominicana.com\/portal\/wp-content\/uploads\/2026\/04\/comerciantes-scaled-1.jpeg\",\"contentUrl\":\"https:\/\/potenciaradiofonicadominicana.com\/portal\/wp-content\/uploads\/2026\/04\/comerciantes-scaled-1.jpeg\",\"width\":2560,\"height\":1920},{\"@type\":\"BreadcrumbList\",\"@id\":\"https:\/\/potenciaradiofonicadominicana.com\/portal\/expo-provisiones-2026-proyecta-mas-de-rd200-millones-en-negocios\/#breadcrumb\",\"itemListElement\":[{\"@type\":\"ListItem\",\"position\":1,\"name\":\"Portada\",\"item\":\"https:\/\/potenciaradiofonicadominicana.com\/portal\/\"},{\"@type\":\"ListItem\",\"position\":2,\"name\":\"Expo Provisiones 2026 proyecta m\u00e1s de RD$200 millones en negocios\"}]},{\"@type\":\"WebSite\",\"@id\":\"https:\/\/potenciaradiofonicadominicana.com\/portal\/#website\",\"url\":\"https:\/\/potenciaradiofonicadominicana.com\/portal\/\",\"name\":\"PotenciaRadiofonicaDominicana.com\",\"description\":\"Peri\u00f3dico Digital\",\"publisher\":{\"@id\":\"https:\/\/potenciaradiofonicadominicana.com\/portal\/#organization\"},\"potentialAction\":[{\"@type\":\"SearchAction\",\"target\":{\"@type\":\"EntryPoint\",\"urlTemplate\":\"https:\/\/potenciaradiofonicadominicana.com\/portal\/?s={search_term_string}\"},\"query-input\":{\"@type\":\"PropertyValueSpecification\",\"valueRequired\":true,\"valueName\":\"search_term_string\"}}],\"inLanguage\":\"es\"},{\"@type\":\"Organization\",\"@id\":\"https:\/\/potenciaradiofonicadominicana.com\/portal\/#organization\",\"name\":\"PotenciaRadiofonicaDominicana.com\",\"url\":\"https:\/\/potenciaradiofonicadominicana.com\/portal\/\",\"logo\":{\"@type\":\"ImageObject\",\"inLanguage\":\"es\",\"@id\":\"https:\/\/potenciaradiofonicadominicana.com\/portal\/#\/schema\/logo\/image\/\",\"url\":\"https:\/\/potenciaradiofonicadominicana.com\/portal\/wp-content\/uploads\/2022\/01\/descarga.png\",\"contentUrl\":\"https:\/\/potenciaradiofonicadominicana.com\/portal\/wp-content\/uploads\/2022\/01\/descarga.png\",\"width\":300,\"height\":100,\"caption\":\"PotenciaRadiofonicaDominicana.com\"},\"image\":{\"@id\":\"https:\/\/potenciaradiofonicadominicana.com\/portal\/#\/schema\/logo\/image\/\"},\"sameAs\":[\"https:\/\/web.facebook.com\/PotenciaRadiofonicaD\"]},{\"@type\":\"Person\",\"@id\":\"https:\/\/potenciaradiofonicadominicana.com\/portal\/#\/schema\/person\/a5cf1fea13877803ee0573ac18b03490\",\"name\":\"Potencia Radiof\u00f3nica Dominicana\",\"image\":{\"@type\":\"ImageObject\",\"inLanguage\":\"es\",\"@id\":\"https:\/\/potenciaradiofonicadominicana.com\/portal\/#\/schema\/person\/image\/\",\"url\":\"https:\/\/secure.gravatar.com\/avatar\/42a55ab9e8ccc656ba34cd791990602a?s=96&d=mm&r=g\",\"contentUrl\":\"https:\/\/secure.gravatar.com\/avatar\/42a55ab9e8ccc656ba34cd791990602a?s=96&d=mm&r=g\",\"caption\":\"Potencia Radiof\u00f3nica Dominicana\"},\"url\":\"https:\/\/potenciaradiofonicadominicana.com\/portal\/author\/johannyalmanzar\/\"}]}<\/script>\n<!-- \/ Yoast SEO plugin. -->","yoast_head_json":{"title":"Expo Provisiones 2026 proyecta m\u00e1s de RD$200 millones en negocios - PotenciaRadiofonicaDominicana.com","robots":{"index":"index","follow":"follow","max-snippet":"max-snippet:-1","max-image-preview":"max-image-preview:large","max-video-preview":"max-video-preview:-1"},"canonical":"https:\/\/potenciaradiofonicadominicana.com\/portal\/expo-provisiones-2026-proyecta-mas-de-rd200-millones-en-negocios\/","og_locale":"es_ES","og_type":"article","og_title":"Expo Provisiones 2026 proyecta m\u00e1s de RD$200 millones en negocios - PotenciaRadiofonicaDominicana.com","og_description":"El Consejo Nacional del Comercio en Provisiones (CNCP) continu\u00f3 en la regi\u00f3n Sur su ruta nacional de lanzamientos de Expo ...","og_url":"https:\/\/potenciaradiofonicadominicana.com\/portal\/expo-provisiones-2026-proyecta-mas-de-rd200-millones-en-negocios\/","og_site_name":"PotenciaRadiofonicaDominicana.com","article_publisher":"https:\/\/web.facebook.com\/PotenciaRadiofonicaD","article_published_time":"2026-04-26T23:35:22+00:00","og_image":[{"width":2560,"height":1920,"url":"https:\/\/potenciaradiofonicadominicana.com\/portal\/wp-content\/uploads\/2026\/04\/comerciantes-scaled-1.jpeg","type":"image\/jpeg"}],"author":"Potencia Radiof\u00f3nica Dominicana","twitter_card":"summary_large_image","twitter_misc":{"Escrito por":"Potencia Radiof\u00f3nica Dominicana","Tiempo de lectura":"2 minutos"},"schema":{"@context":"https:\/\/schema.org","@graph":[{"@type":"Article","@id":"https:\/\/potenciaradiofonicadominicana.com\/portal\/expo-provisiones-2026-proyecta-mas-de-rd200-millones-en-negocios\/#article","isPartOf":{"@id":"https:\/\/potenciaradiofonicadominicana.com\/portal\/expo-provisiones-2026-proyecta-mas-de-rd200-millones-en-negocios\/"},"author":{"name":"Potencia Radiof\u00f3nica Dominicana","@id":"https:\/\/potenciaradiofonicadominicana.com\/portal\/#\/schema\/person\/a5cf1fea13877803ee0573ac18b03490"},"headline":"Expo Provisiones 2026 proyecta m\u00e1s de RD$200 millones en negocios","datePublished":"2026-04-26T23:35:22+00:00","mainEntityOfPage":{"@id":"https:\/\/potenciaradiofonicadominicana.com\/portal\/expo-provisiones-2026-proyecta-mas-de-rd200-millones-en-negocios\/"},"wordCount":303,"publisher":{"@id":"https:\/\/potenciaradiofonicadominicana.com\/portal\/#organization"},"image":{"@id":"https:\/\/potenciaradiofonicadominicana.com\/portal\/expo-provisiones-2026-proyecta-mas-de-rd200-millones-en-negocios\/#primaryimage"},"thumbnailUrl":"https:\/\/potenciaradiofonicadominicana.com\/portal\/wp-content\/uploads\/2026\/04\/comerciantes-scaled-1.jpeg","articleSection":["Econom\u00eda"],"inLanguage":"es"},{"@type":"WebPage","@id":"https:\/\/potenciaradiofonicadominicana.com\/portal\/expo-provisiones-2026-proyecta-mas-de-rd200-millones-en-negocios\/","url":"https:\/\/potenciaradiofonicadominicana.com\/portal\/expo-provisiones-2026-proyecta-mas-de-rd200-millones-en-negocios\/","name":"Expo Provisiones 2026 proyecta m\u00e1s de RD$200 millones en negocios - PotenciaRadiofonicaDominicana.com","isPartOf":{"@id":"https:\/\/potenciaradiofonicadominicana.com\/portal\/#website"},"primaryImageOfPage":{"@id":"https:\/\/potenciaradiofonicadominicana.com\/portal\/expo-provisiones-2026-proyecta-mas-de-rd200-millones-en-negocios\/#primaryimage"},"image":{"@id":"https:\/\/potenciaradiofonicadominicana.com\/portal\/expo-provisiones-2026-proyecta-mas-de-rd200-millones-en-negocios\/#primaryimage"},"thumbnailUrl":"https:\/\/potenciaradiofonicadominicana.com\/portal\/wp-content\/uploads\/2026\/04\/comerciantes-scaled-1.jpeg","datePublished":"2026-04-26T23:35:22+00:00","breadcrumb":{"@id":"https:\/\/potenciaradiofonicadominicana.com\/portal\/expo-provisiones-2026-proyecta-mas-de-rd200-millones-en-negocios\/#breadcrumb"},"inLanguage":"es","potentialAction":[{"@type":"ReadAction","target":["https:\/\/potenciaradiofonicadominicana.com\/portal\/expo-provisiones-2026-proyecta-mas-de-rd200-millones-en-negocios\/"]}]},{"@type":"ImageObject","inLanguage":"es","@id":"https:\/\/potenciaradiofonicadominicana.com\/portal\/expo-provisiones-2026-proyecta-mas-de-rd200-millones-en-negocios\/#primaryimage","url":"https:\/\/potenciaradiofonicadominicana.com\/portal\/wp-content\/uploads\/2026\/04\/comerciantes-scaled-1.jpeg","contentUrl":"https:\/\/potenciaradiofonicadominicana.com\/portal\/wp-content\/uploads\/2026\/04\/comerciantes-scaled-1.jpeg","width":2560,"height":1920},{"@type":"BreadcrumbList","@id":"https:\/\/potenciaradiofonicadominicana.com\/portal\/expo-provisiones-2026-proyecta-mas-de-rd200-millones-en-negocios\/#breadcrumb","itemListElement":[{"@type":"ListItem","position":1,"name":"Portada","item":"https:\/\/potenciaradiofonicadominicana.com\/portal\/"},{"@type":"ListItem","position":2,"name":"Expo Provisiones 2026 proyecta m\u00e1s de RD$200 millones en negocios"}]},{"@type":"WebSite","@id":"https:\/\/potenciaradiofonicadominicana.com\/portal\/#website","url":"https:\/\/potenciaradiofonicadominicana.com\/portal\/","name":"PotenciaRadiofonicaDominicana.com","description":"Peri\u00f3dico Digital","publisher":{"@id":"https:\/\/potenciaradiofonicadominicana.com\/portal\/#organization"},"potentialAction":[{"@type":"SearchAction","target":{"@type":"EntryPoint","urlTemplate":"https:\/\/potenciaradiofonicadominicana.com\/portal\/?s={search_term_string}"},"query-input":{"@type":"PropertyValueSpecification","valueRequired":true,"valueName":"search_term_string"}}],"inLanguage":"es"},{"@type":"Organization","@id":"https:\/\/potenciaradiofonicadominicana.com\/portal\/#organization","name":"PotenciaRadiofonicaDominicana.com","url":"https:\/\/potenciaradiofonicadominicana.com\/portal\/","logo":{"@type":"ImageObject","inLanguage":"es","@id":"https:\/\/potenciaradiofonicadominicana.com\/portal\/#\/schema\/logo\/image\/","url":"https:\/\/potenciaradiofonicadominicana.com\/portal\/wp-content\/uploads\/2022\/01\/descarga.png","contentUrl":"https:\/\/potenciaradiofonicadominicana.com\/portal\/wp-content\/uploads\/2022\/01\/descarga.png","width":300,"height":100,"caption":"PotenciaRadiofonicaDominicana.com"},"image":{"@id":"https:\/\/potenciaradiofonicadominicana.com\/portal\/#\/schema\/logo\/image\/"},"sameAs":["https:\/\/web.facebook.com\/PotenciaRadiofonicaD"]},{"@type":"Person","@id":"https:\/\/potenciaradiofonicadominicana.com\/portal\/#\/schema\/person\/a5cf1fea13877803ee0573ac18b03490","name":"Potencia Radiof\u00f3nica Dominicana","image":{"@type":"ImageObject","inLanguage":"es","@id":"https:\/\/potenciaradiofonicadominicana.com\/portal\/#\/schema\/person\/image\/","url":"https:\/\/secure.gravatar.com\/avatar\/42a55ab9e8ccc656ba34cd791990602a?s=96&d=mm&r=g","contentUrl":"https:\/\/secure.gravatar.com\/avatar\/42a55ab9e8ccc656ba34cd791990602a?s=96&d=mm&r=g","caption":"Potencia Radiof\u00f3nica Dominicana"},"url":"https:\/\/potenciaradiofonicadominicana.com\/portal\/author\/johannyalmanzar\/"}]}},"_links":{"self":[{"href":"https:\/\/potenciaradiofonicadominicana.com\/portal\/wp-json\/wp\/v2\/posts\/215801","targetHints":{"allow":["GET"]}}],"collection":[{"href":"https:\/\/potenciaradiofonicadominicana.com\/portal\/wp-json\/wp\/v2\/posts"}],"about":[{"href":"https:\/\/potenciaradiofonicadominicana.com\/portal\/wp-json\/wp\/v2\/types\/post"}],"author":[{"embeddable":true,"href":"https:\/\/potenciaradiofonicadominicana.com\/portal\/wp-json\/wp\/v2\/users\/2"}],"replies":[{"embeddable":true,"href":"https:\/\/potenciaradiofonicadominicana.com\/portal\/wp-json\/wp\/v2\/comments?post=215801"}],"version-history":[{"count":1,"href":"https:\/\/potenciaradiofonicadominicana.com\/portal\/wp-json\/wp\/v2\/posts\/215801\/revisions"}],"predecessor-version":[{"id":215804,"href":"https:\/\/potenciaradiofonicadominicana.com\/portal\/wp-json\/wp\/v2\/posts\/215801\/revisions\/215804"}],"wp:featuredmedia":[{"embeddable":true,"href":"https:\/\/potenciaradiofonicadominicana.com\/portal\/wp-json\/wp\/v2\/media\/215803"}],"wp:attachment":[{"href":"https:\/\/potenciaradiofonicadominicana.com\/portal\/wp-json\/wp\/v2\/media?parent=215801"}],"wp:term":[{"taxonomy":"category","embeddable":true,"href":"https:\/\/potenciaradiofonicadominicana.com\/portal\/wp-json\/wp\/v2\/categories?post=215801"},{"taxonomy":"post_tag","embeddable":true,"href":"https:\/\/potenciaradiofonicadominicana.com\/portal\/wp-json\/wp\/v2\/tags?post=215801"}],"curies":[{"name":"wp","href":"https:\/\/api.w.org\/{rel}","templated":true}]}}