{"id":215798,"date":"2026-04-26T19:32:16","date_gmt":"2026-04-26T23:32:16","guid":{"rendered":"https:\/\/potenciaradiofonicadominicana.com\/portal\/?p=215798"},"modified":"2026-04-26T19:32:16","modified_gmt":"2026-04-26T23:32:16","slug":"inespre-realizara-10-ferias-en-mayo-con-productos-a-bajo-costo","status":"publish","type":"post","link":"https:\/\/potenciaradiofonicadominicana.com\/portal\/inespre-realizara-10-ferias-en-mayo-con-productos-a-bajo-costo\/","title":{"rendered":"Inespre realizar\u00e1 10 ferias en mayo con productos a bajo costo"},"content":{"rendered":"<p><a href=\"https:\/\/potenciaradiofonicadominicana.com\/portal\/wp-content\/uploads\/2026\/04\/whatsapp-image-2025-05-11-at-32722-pm-1.jpeg\"><img loading=\"lazy\" decoding=\"async\" class=\"alignnone size-full wp-image-215799\" src=\"https:\/\/potenciaradiofonicadominicana.com\/portal\/wp-content\/uploads\/2026\/04\/whatsapp-image-2025-05-11-at-32722-pm-1.jpeg\" alt=\"\" width=\"1040\" height=\"585\" srcset=\"https:\/\/potenciaradiofonicadominicana.com\/portal\/wp-content\/uploads\/2026\/04\/whatsapp-image-2025-05-11-at-32722-pm-1.jpeg 1040w, https:\/\/potenciaradiofonicadominicana.com\/portal\/wp-content\/uploads\/2026\/04\/whatsapp-image-2025-05-11-at-32722-pm-1-300x169.jpeg 300w, https:\/\/potenciaradiofonicadominicana.com\/portal\/wp-content\/uploads\/2026\/04\/whatsapp-image-2025-05-11-at-32722-pm-1-1024x576.jpeg 1024w, https:\/\/potenciaradiofonicadominicana.com\/portal\/wp-content\/uploads\/2026\/04\/whatsapp-image-2025-05-11-at-32722-pm-1-768x432.jpeg 768w\" sizes=\"auto, (max-width: 1040px) 100vw, 1040px\" \/><\/a><\/p>\n<p>El Instituto de Estabilizaci\u00f3n de Precios (Inespre) anunci\u00f3 la realizaci\u00f3n de 10 grandes ferias durante el mes de mayo, como parte de su programa especial \u201cInespre est\u00e1 de Madre\u201d, enfocado en llevar productos a bajo costo a las familias dominicanas.<\/p>\n<p>La jornada iniciar\u00e1 el 30 de abril en Santo Domingo Oeste y se extender\u00e1 hasta el 1 de mayo, marcando el comienzo de un calendario que abarcar\u00e1 varias provincias del pa\u00eds durante todo el mes.<\/p>\n<p>De acuerdo con el director de la entidad, David Herrera D\u00edaz, las ferias continuar\u00e1n el 6 y 7 de mayo en El Seibo, luego el 9 y 10 en San Pedro de Macor\u00eds, y el 13 y 14 en Santiago de los Caballeros.<\/p>\n<p>El recorrido seguir\u00e1 el 16 y 17 de mayo en Puerto Plata, para luego trasladarse el 23 y 24 a Santo Domingo Norte, el 26 y 27 a San Crist\u00f3bal, y el 29 y 30 a San Juan de la Maguana.<\/p>\n<p>Las ferias continuar\u00e1n a inicios de junio en Santo Domingo Este y el Distrito Nacional, donde concluir\u00e1 el programa. La iniciativa busca facilitar el acceso a alimentos de calidad a precios asequibles, especialmente para las madres.<\/p>\n<p>Entre los productos ofertados figuran arroz, pollo, huevos, papas, cebolla, ajo, pl\u00e1tanos, guineos y salami, con precios subsidiados. Adem\u00e1s, Inespre inform\u00f3 que sus bodegas m\u00f3viles estar\u00e1n operando de forma simult\u00e1nea en distintas comunidades para ampliar el alcance del programa.<\/p>\n","protected":false},"excerpt":{"rendered":"<p>El Instituto de Estabilizaci\u00f3n de Precios (Inespre) anunci\u00f3 la realizaci\u00f3n de 10 grandes ferias durante el mes de mayo, como &#8230;<\/p>\n","protected":false},"author":2,"featured_media":215799,"comment_status":"closed","ping_status":"closed","sticky":false,"template":"","format":"standard","meta":{"footnotes":""},"categories":[26],"tags":[],"class_list":["post-215798","post","type-post","status-publish","format-standard","has-post-thumbnail","hentry","category-economia"],"yoast_head":"<!-- This site is optimized with the Yoast SEO plugin v24.8.1 - https:\/\/yoast.com\/wordpress\/plugins\/seo\/ -->\n<title>Inespre realizar\u00e1 10 ferias en mayo con productos a bajo costo - PotenciaRadiofonicaDominicana.com<\/title>\n<meta name=\"robots\" content=\"index, follow, max-snippet:-1, max-image-preview:large, max-video-preview:-1\" \/>\n<link rel=\"canonical\" href=\"https:\/\/potenciaradiofonicadominicana.com\/portal\/inespre-realizara-10-ferias-en-mayo-con-productos-a-bajo-costo\/\" \/>\n<meta property=\"og:locale\" content=\"es_ES\" \/>\n<meta property=\"og:type\" content=\"article\" \/>\n<meta property=\"og:title\" content=\"Inespre realizar\u00e1 10 ferias en mayo con productos a bajo costo - PotenciaRadiofonicaDominicana.com\" \/>\n<meta property=\"og:description\" content=\"El Instituto de Estabilizaci\u00f3n de Precios (Inespre) anunci\u00f3 la realizaci\u00f3n de 10 grandes ferias durante el mes de mayo, como ...\" \/>\n<meta property=\"og:url\" content=\"https:\/\/potenciaradiofonicadominicana.com\/portal\/inespre-realizara-10-ferias-en-mayo-con-productos-a-bajo-costo\/\" \/>\n<meta property=\"og:site_name\" content=\"PotenciaRadiofonicaDominicana.com\" \/>\n<meta property=\"article:publisher\" content=\"https:\/\/web.facebook.com\/PotenciaRadiofonicaD\" \/>\n<meta property=\"article:published_time\" content=\"2026-04-26T23:32:16+00:00\" \/>\n<meta property=\"og:image\" content=\"https:\/\/potenciaradiofonicadominicana.com\/portal\/wp-content\/uploads\/2026\/04\/whatsapp-image-2025-05-11-at-32722-pm-1.jpeg\" \/>\n\t<meta property=\"og:image:width\" content=\"1040\" \/>\n\t<meta property=\"og:image:height\" content=\"585\" \/>\n\t<meta property=\"og:image:type\" content=\"image\/jpeg\" \/>\n<meta name=\"author\" content=\"Potencia Radiof\u00f3nica Dominicana\" \/>\n<meta name=\"twitter:card\" content=\"summary_large_image\" \/>\n<meta name=\"twitter:label1\" content=\"Escrito por\" \/>\n\t<meta name=\"twitter:data1\" content=\"Potencia Radiof\u00f3nica Dominicana\" \/>\n\t<meta name=\"twitter:label2\" content=\"Tiempo de lectura\" \/>\n\t<meta name=\"twitter:data2\" content=\"2 minutos\" \/>\n<script type=\"application\/ld+json\" class=\"yoast-schema-graph\">{\"@context\":\"https:\/\/schema.org\",\"@graph\":[{\"@type\":\"Article\",\"@id\":\"https:\/\/potenciaradiofonicadominicana.com\/portal\/inespre-realizara-10-ferias-en-mayo-con-productos-a-bajo-costo\/#article\",\"isPartOf\":{\"@id\":\"https:\/\/potenciaradiofonicadominicana.com\/portal\/inespre-realizara-10-ferias-en-mayo-con-productos-a-bajo-costo\/\"},\"author\":{\"name\":\"Potencia Radiof\u00f3nica Dominicana\",\"@id\":\"https:\/\/potenciaradiofonicadominicana.com\/portal\/#\/schema\/person\/a5cf1fea13877803ee0573ac18b03490\"},\"headline\":\"Inespre realizar\u00e1 10 ferias en mayo con productos a bajo costo\",\"datePublished\":\"2026-04-26T23:32:16+00:00\",\"mainEntityOfPage\":{\"@id\":\"https:\/\/potenciaradiofonicadominicana.com\/portal\/inespre-realizara-10-ferias-en-mayo-con-productos-a-bajo-costo\/\"},\"wordCount\":240,\"publisher\":{\"@id\":\"https:\/\/potenciaradiofonicadominicana.com\/portal\/#organization\"},\"image\":{\"@id\":\"https:\/\/potenciaradiofonicadominicana.com\/portal\/inespre-realizara-10-ferias-en-mayo-con-productos-a-bajo-costo\/#primaryimage\"},\"thumbnailUrl\":\"https:\/\/potenciaradiofonicadominicana.com\/portal\/wp-content\/uploads\/2026\/04\/whatsapp-image-2025-05-11-at-32722-pm-1.jpeg\",\"articleSection\":[\"Econom\u00eda\"],\"inLanguage\":\"es\"},{\"@type\":\"WebPage\",\"@id\":\"https:\/\/potenciaradiofonicadominicana.com\/portal\/inespre-realizara-10-ferias-en-mayo-con-productos-a-bajo-costo\/\",\"url\":\"https:\/\/potenciaradiofonicadominicana.com\/portal\/inespre-realizara-10-ferias-en-mayo-con-productos-a-bajo-costo\/\",\"name\":\"Inespre realizar\u00e1 10 ferias en mayo con productos a bajo costo - PotenciaRadiofonicaDominicana.com\",\"isPartOf\":{\"@id\":\"https:\/\/potenciaradiofonicadominicana.com\/portal\/#website\"},\"primaryImageOfPage\":{\"@id\":\"https:\/\/potenciaradiofonicadominicana.com\/portal\/inespre-realizara-10-ferias-en-mayo-con-productos-a-bajo-costo\/#primaryimage\"},\"image\":{\"@id\":\"https:\/\/potenciaradiofonicadominicana.com\/portal\/inespre-realizara-10-ferias-en-mayo-con-productos-a-bajo-costo\/#primaryimage\"},\"thumbnailUrl\":\"https:\/\/potenciaradiofonicadominicana.com\/portal\/wp-content\/uploads\/2026\/04\/whatsapp-image-2025-05-11-at-32722-pm-1.jpeg\",\"datePublished\":\"2026-04-26T23:32:16+00:00\",\"breadcrumb\":{\"@id\":\"https:\/\/potenciaradiofonicadominicana.com\/portal\/inespre-realizara-10-ferias-en-mayo-con-productos-a-bajo-costo\/#breadcrumb\"},\"inLanguage\":\"es\",\"potentialAction\":[{\"@type\":\"ReadAction\",\"target\":[\"https:\/\/potenciaradiofonicadominicana.com\/portal\/inespre-realizara-10-ferias-en-mayo-con-productos-a-bajo-costo\/\"]}]},{\"@type\":\"ImageObject\",\"inLanguage\":\"es\",\"@id\":\"https:\/\/potenciaradiofonicadominicana.com\/portal\/inespre-realizara-10-ferias-en-mayo-con-productos-a-bajo-costo\/#primaryimage\",\"url\":\"https:\/\/potenciaradiofonicadominicana.com\/portal\/wp-content\/uploads\/2026\/04\/whatsapp-image-2025-05-11-at-32722-pm-1.jpeg\",\"contentUrl\":\"https:\/\/potenciaradiofonicadominicana.com\/portal\/wp-content\/uploads\/2026\/04\/whatsapp-image-2025-05-11-at-32722-pm-1.jpeg\",\"width\":1040,\"height\":585},{\"@type\":\"BreadcrumbList\",\"@id\":\"https:\/\/potenciaradiofonicadominicana.com\/portal\/inespre-realizara-10-ferias-en-mayo-con-productos-a-bajo-costo\/#breadcrumb\",\"itemListElement\":[{\"@type\":\"ListItem\",\"position\":1,\"name\":\"Portada\",\"item\":\"https:\/\/potenciaradiofonicadominicana.com\/portal\/\"},{\"@type\":\"ListItem\",\"position\":2,\"name\":\"Inespre realizar\u00e1 10 ferias en mayo con productos a bajo costo\"}]},{\"@type\":\"WebSite\",\"@id\":\"https:\/\/potenciaradiofonicadominicana.com\/portal\/#website\",\"url\":\"https:\/\/potenciaradiofonicadominicana.com\/portal\/\",\"name\":\"PotenciaRadiofonicaDominicana.com\",\"description\":\"Peri\u00f3dico Digital\",\"publisher\":{\"@id\":\"https:\/\/potenciaradiofonicadominicana.com\/portal\/#organization\"},\"potentialAction\":[{\"@type\":\"SearchAction\",\"target\":{\"@type\":\"EntryPoint\",\"urlTemplate\":\"https:\/\/potenciaradiofonicadominicana.com\/portal\/?s={search_term_string}\"},\"query-input\":{\"@type\":\"PropertyValueSpecification\",\"valueRequired\":true,\"valueName\":\"search_term_string\"}}],\"inLanguage\":\"es\"},{\"@type\":\"Organization\",\"@id\":\"https:\/\/potenciaradiofonicadominicana.com\/portal\/#organization\",\"name\":\"PotenciaRadiofonicaDominicana.com\",\"url\":\"https:\/\/potenciaradiofonicadominicana.com\/portal\/\",\"logo\":{\"@type\":\"ImageObject\",\"inLanguage\":\"es\",\"@id\":\"https:\/\/potenciaradiofonicadominicana.com\/portal\/#\/schema\/logo\/image\/\",\"url\":\"https:\/\/potenciaradiofonicadominicana.com\/portal\/wp-content\/uploads\/2022\/01\/descarga.png\",\"contentUrl\":\"https:\/\/potenciaradiofonicadominicana.com\/portal\/wp-content\/uploads\/2022\/01\/descarga.png\",\"width\":300,\"height\":100,\"caption\":\"PotenciaRadiofonicaDominicana.com\"},\"image\":{\"@id\":\"https:\/\/potenciaradiofonicadominicana.com\/portal\/#\/schema\/logo\/image\/\"},\"sameAs\":[\"https:\/\/web.facebook.com\/PotenciaRadiofonicaD\"]},{\"@type\":\"Person\",\"@id\":\"https:\/\/potenciaradiofonicadominicana.com\/portal\/#\/schema\/person\/a5cf1fea13877803ee0573ac18b03490\",\"name\":\"Potencia Radiof\u00f3nica Dominicana\",\"image\":{\"@type\":\"ImageObject\",\"inLanguage\":\"es\",\"@id\":\"https:\/\/potenciaradiofonicadominicana.com\/portal\/#\/schema\/person\/image\/\",\"url\":\"https:\/\/secure.gravatar.com\/avatar\/42a55ab9e8ccc656ba34cd791990602a?s=96&d=mm&r=g\",\"contentUrl\":\"https:\/\/secure.gravatar.com\/avatar\/42a55ab9e8ccc656ba34cd791990602a?s=96&d=mm&r=g\",\"caption\":\"Potencia Radiof\u00f3nica Dominicana\"},\"url\":\"https:\/\/potenciaradiofonicadominicana.com\/portal\/author\/johannyalmanzar\/\"}]}<\/script>\n<!-- \/ Yoast SEO plugin. -->","yoast_head_json":{"title":"Inespre realizar\u00e1 10 ferias en mayo con productos a bajo costo - PotenciaRadiofonicaDominicana.com","robots":{"index":"index","follow":"follow","max-snippet":"max-snippet:-1","max-image-preview":"max-image-preview:large","max-video-preview":"max-video-preview:-1"},"canonical":"https:\/\/potenciaradiofonicadominicana.com\/portal\/inespre-realizara-10-ferias-en-mayo-con-productos-a-bajo-costo\/","og_locale":"es_ES","og_type":"article","og_title":"Inespre realizar\u00e1 10 ferias en mayo con productos a bajo costo - PotenciaRadiofonicaDominicana.com","og_description":"El Instituto de Estabilizaci\u00f3n de Precios (Inespre) anunci\u00f3 la realizaci\u00f3n de 10 grandes ferias durante el mes de mayo, como ...","og_url":"https:\/\/potenciaradiofonicadominicana.com\/portal\/inespre-realizara-10-ferias-en-mayo-con-productos-a-bajo-costo\/","og_site_name":"PotenciaRadiofonicaDominicana.com","article_publisher":"https:\/\/web.facebook.com\/PotenciaRadiofonicaD","article_published_time":"2026-04-26T23:32:16+00:00","og_image":[{"width":1040,"height":585,"url":"https:\/\/potenciaradiofonicadominicana.com\/portal\/wp-content\/uploads\/2026\/04\/whatsapp-image-2025-05-11-at-32722-pm-1.jpeg","type":"image\/jpeg"}],"author":"Potencia Radiof\u00f3nica Dominicana","twitter_card":"summary_large_image","twitter_misc":{"Escrito por":"Potencia Radiof\u00f3nica Dominicana","Tiempo de lectura":"2 minutos"},"schema":{"@context":"https:\/\/schema.org","@graph":[{"@type":"Article","@id":"https:\/\/potenciaradiofonicadominicana.com\/portal\/inespre-realizara-10-ferias-en-mayo-con-productos-a-bajo-costo\/#article","isPartOf":{"@id":"https:\/\/potenciaradiofonicadominicana.com\/portal\/inespre-realizara-10-ferias-en-mayo-con-productos-a-bajo-costo\/"},"author":{"name":"Potencia Radiof\u00f3nica Dominicana","@id":"https:\/\/potenciaradiofonicadominicana.com\/portal\/#\/schema\/person\/a5cf1fea13877803ee0573ac18b03490"},"headline":"Inespre realizar\u00e1 10 ferias en mayo con productos a bajo costo","datePublished":"2026-04-26T23:32:16+00:00","mainEntityOfPage":{"@id":"https:\/\/potenciaradiofonicadominicana.com\/portal\/inespre-realizara-10-ferias-en-mayo-con-productos-a-bajo-costo\/"},"wordCount":240,"publisher":{"@id":"https:\/\/potenciaradiofonicadominicana.com\/portal\/#organization"},"image":{"@id":"https:\/\/potenciaradiofonicadominicana.com\/portal\/inespre-realizara-10-ferias-en-mayo-con-productos-a-bajo-costo\/#primaryimage"},"thumbnailUrl":"https:\/\/potenciaradiofonicadominicana.com\/portal\/wp-content\/uploads\/2026\/04\/whatsapp-image-2025-05-11-at-32722-pm-1.jpeg","articleSection":["Econom\u00eda"],"inLanguage":"es"},{"@type":"WebPage","@id":"https:\/\/potenciaradiofonicadominicana.com\/portal\/inespre-realizara-10-ferias-en-mayo-con-productos-a-bajo-costo\/","url":"https:\/\/potenciaradiofonicadominicana.com\/portal\/inespre-realizara-10-ferias-en-mayo-con-productos-a-bajo-costo\/","name":"Inespre realizar\u00e1 10 ferias en mayo con productos a bajo costo - PotenciaRadiofonicaDominicana.com","isPartOf":{"@id":"https:\/\/potenciaradiofonicadominicana.com\/portal\/#website"},"primaryImageOfPage":{"@id":"https:\/\/potenciaradiofonicadominicana.com\/portal\/inespre-realizara-10-ferias-en-mayo-con-productos-a-bajo-costo\/#primaryimage"},"image":{"@id":"https:\/\/potenciaradiofonicadominicana.com\/portal\/inespre-realizara-10-ferias-en-mayo-con-productos-a-bajo-costo\/#primaryimage"},"thumbnailUrl":"https:\/\/potenciaradiofonicadominicana.com\/portal\/wp-content\/uploads\/2026\/04\/whatsapp-image-2025-05-11-at-32722-pm-1.jpeg","datePublished":"2026-04-26T23:32:16+00:00","breadcrumb":{"@id":"https:\/\/potenciaradiofonicadominicana.com\/portal\/inespre-realizara-10-ferias-en-mayo-con-productos-a-bajo-costo\/#breadcrumb"},"inLanguage":"es","potentialAction":[{"@type":"ReadAction","target":["https:\/\/potenciaradiofonicadominicana.com\/portal\/inespre-realizara-10-ferias-en-mayo-con-productos-a-bajo-costo\/"]}]},{"@type":"ImageObject","inLanguage":"es","@id":"https:\/\/potenciaradiofonicadominicana.com\/portal\/inespre-realizara-10-ferias-en-mayo-con-productos-a-bajo-costo\/#primaryimage","url":"https:\/\/potenciaradiofonicadominicana.com\/portal\/wp-content\/uploads\/2026\/04\/whatsapp-image-2025-05-11-at-32722-pm-1.jpeg","contentUrl":"https:\/\/potenciaradiofonicadominicana.com\/portal\/wp-content\/uploads\/2026\/04\/whatsapp-image-2025-05-11-at-32722-pm-1.jpeg","width":1040,"height":585},{"@type":"BreadcrumbList","@id":"https:\/\/potenciaradiofonicadominicana.com\/portal\/inespre-realizara-10-ferias-en-mayo-con-productos-a-bajo-costo\/#breadcrumb","itemListElement":[{"@type":"ListItem","position":1,"name":"Portada","item":"https:\/\/potenciaradiofonicadominicana.com\/portal\/"},{"@type":"ListItem","position":2,"name":"Inespre realizar\u00e1 10 ferias en mayo con productos a bajo costo"}]},{"@type":"WebSite","@id":"https:\/\/potenciaradiofonicadominicana.com\/portal\/#website","url":"https:\/\/potenciaradiofonicadominicana.com\/portal\/","name":"PotenciaRadiofonicaDominicana.com","description":"Peri\u00f3dico Digital","publisher":{"@id":"https:\/\/potenciaradiofonicadominicana.com\/portal\/#organization"},"potentialAction":[{"@type":"SearchAction","target":{"@type":"EntryPoint","urlTemplate":"https:\/\/potenciaradiofonicadominicana.com\/portal\/?s={search_term_string}"},"query-input":{"@type":"PropertyValueSpecification","valueRequired":true,"valueName":"search_term_string"}}],"inLanguage":"es"},{"@type":"Organization","@id":"https:\/\/potenciaradiofonicadominicana.com\/portal\/#organization","name":"PotenciaRadiofonicaDominicana.com","url":"https:\/\/potenciaradiofonicadominicana.com\/portal\/","logo":{"@type":"ImageObject","inLanguage":"es","@id":"https:\/\/potenciaradiofonicadominicana.com\/portal\/#\/schema\/logo\/image\/","url":"https:\/\/potenciaradiofonicadominicana.com\/portal\/wp-content\/uploads\/2022\/01\/descarga.png","contentUrl":"https:\/\/potenciaradiofonicadominicana.com\/portal\/wp-content\/uploads\/2022\/01\/descarga.png","width":300,"height":100,"caption":"PotenciaRadiofonicaDominicana.com"},"image":{"@id":"https:\/\/potenciaradiofonicadominicana.com\/portal\/#\/schema\/logo\/image\/"},"sameAs":["https:\/\/web.facebook.com\/PotenciaRadiofonicaD"]},{"@type":"Person","@id":"https:\/\/potenciaradiofonicadominicana.com\/portal\/#\/schema\/person\/a5cf1fea13877803ee0573ac18b03490","name":"Potencia Radiof\u00f3nica Dominicana","image":{"@type":"ImageObject","inLanguage":"es","@id":"https:\/\/potenciaradiofonicadominicana.com\/portal\/#\/schema\/person\/image\/","url":"https:\/\/secure.gravatar.com\/avatar\/42a55ab9e8ccc656ba34cd791990602a?s=96&d=mm&r=g","contentUrl":"https:\/\/secure.gravatar.com\/avatar\/42a55ab9e8ccc656ba34cd791990602a?s=96&d=mm&r=g","caption":"Potencia Radiof\u00f3nica Dominicana"},"url":"https:\/\/potenciaradiofonicadominicana.com\/portal\/author\/johannyalmanzar\/"}]}},"_links":{"self":[{"href":"https:\/\/potenciaradiofonicadominicana.com\/portal\/wp-json\/wp\/v2\/posts\/215798","targetHints":{"allow":["GET"]}}],"collection":[{"href":"https:\/\/potenciaradiofonicadominicana.com\/portal\/wp-json\/wp\/v2\/posts"}],"about":[{"href":"https:\/\/potenciaradiofonicadominicana.com\/portal\/wp-json\/wp\/v2\/types\/post"}],"author":[{"embeddable":true,"href":"https:\/\/potenciaradiofonicadominicana.com\/portal\/wp-json\/wp\/v2\/users\/2"}],"replies":[{"embeddable":true,"href":"https:\/\/potenciaradiofonicadominicana.com\/portal\/wp-json\/wp\/v2\/comments?post=215798"}],"version-history":[{"count":1,"href":"https:\/\/potenciaradiofonicadominicana.com\/portal\/wp-json\/wp\/v2\/posts\/215798\/revisions"}],"predecessor-version":[{"id":215800,"href":"https:\/\/potenciaradiofonicadominicana.com\/portal\/wp-json\/wp\/v2\/posts\/215798\/revisions\/215800"}],"wp:featuredmedia":[{"embeddable":true,"href":"https:\/\/potenciaradiofonicadominicana.com\/portal\/wp-json\/wp\/v2\/media\/215799"}],"wp:attachment":[{"href":"https:\/\/potenciaradiofonicadominicana.com\/portal\/wp-json\/wp\/v2\/media?parent=215798"}],"wp:term":[{"taxonomy":"category","embeddable":true,"href":"https:\/\/potenciaradiofonicadominicana.com\/portal\/wp-json\/wp\/v2\/categories?post=215798"},{"taxonomy":"post_tag","embeddable":true,"href":"https:\/\/potenciaradiofonicadominicana.com\/portal\/wp-json\/wp\/v2\/tags?post=215798"}],"curies":[{"name":"wp","href":"https:\/\/api.w.org\/{rel}","templated":true}]}}