{"id":215795,"date":"2026-04-26T19:31:02","date_gmt":"2026-04-26T23:31:02","guid":{"rendered":"https:\/\/potenciaradiofonicadominicana.com\/portal\/?p=215795"},"modified":"2026-04-26T19:31:02","modified_gmt":"2026-04-26T23:31:02","slug":"precios-de-los-combustibles-de-mayor-consumo-se-mantendra-sin-variacion-esta-semana","status":"publish","type":"post","link":"https:\/\/potenciaradiofonicadominicana.com\/portal\/precios-de-los-combustibles-de-mayor-consumo-se-mantendra-sin-variacion-esta-semana\/","title":{"rendered":"Precios de los combustibles de mayor consumo se mantendr\u00e1 sin variaci\u00f3n esta semana"},"content":{"rendered":"<p><a href=\"https:\/\/potenciaradiofonicadominicana.com\/portal\/wp-content\/uploads\/2026\/04\/Gasolina.jpg\"><img loading=\"lazy\" decoding=\"async\" class=\"alignnone size-full wp-image-215796\" src=\"https:\/\/potenciaradiofonicadominicana.com\/portal\/wp-content\/uploads\/2026\/04\/Gasolina.jpg\" alt=\"\" width=\"1024\" height=\"550\" srcset=\"https:\/\/potenciaradiofonicadominicana.com\/portal\/wp-content\/uploads\/2026\/04\/Gasolina.jpg 1024w, https:\/\/potenciaradiofonicadominicana.com\/portal\/wp-content\/uploads\/2026\/04\/Gasolina-300x161.jpg 300w, https:\/\/potenciaradiofonicadominicana.com\/portal\/wp-content\/uploads\/2026\/04\/Gasolina-768x413.jpg 768w\" sizes=\"auto, (max-width: 1024px) 100vw, 1024px\" \/><\/a><\/p>\n<p>A pesar de la permanencia del conflicto en el Medio Oriente y su efecto en los precios internacionales del petr\u00f3leo y sus derivados, el Ministerio de Industria, Comercio y Mipymes (MICM) inform\u00f3 que el Gobierno dominicano, mediante un subsidio de RD$1,143.9 millones, mantendr\u00e1 congelados los cinco combustibles de mayor consumo. Adem\u00e1s, dispuso reducciones en otros por segunda semana consecutiva para el periodo del 25 de abril al primero de mayo de 2026.<\/p>\n<p>Para dicho periodo la gasolina premium y regular, el gasoil \u00f3ptimo y regular, as\u00ed como el GLP y el gas natural se mantendr\u00e1n sin variaci\u00f3n en sus precios.<\/p>\n<p>Mientras que el Avtur baja unos RD$13.21. esta semana, tras haber bajado unos RD$38.66 la semana anterior, en beneficio de la del transporte de pasajeros y de carga v\u00eda a\u00e9rea, por ser el combustible utilizado por este medio de transporte.<\/p>\n<p>Igualmente, el kerosene baja para esta semana unos RD$15.10., tras haber bajado RD$41.90. la semana anterior, combustible tambi\u00e9n utilizado en la aviaci\u00f3n y en las industrias.<\/p>\n<p>Seg\u00fan el comunicado, el monto por gal\u00f3n de combustible que el Estado est\u00e1 subsidiando para no transferir las alzas de precio internacional a los consumidores esta semana es de RD$14.63 por gal\u00f3n en el GLP; RD$40.85 en la gasolina premium, RD$51.41 en la gasolina regular, RD$73.69 en el gasoil regular y RD$81.91 en el gasoil optimo, por lo que, sin el esfuerzo del Gobierno, a dichos combustibles se le sumar\u00edan dichos montos.<\/p>\n<p><strong>Para la semana del 25 de abril al 1ro. de mayo 2026, el Ministerio de Industria, Comercio y MiPymes dispone que los combustibles se comercialicen a los siguientes precios:<\/strong><\/p>\n<p><img loading=\"lazy\" decoding=\"async\" class=\"alignnone wp-image-480215 size-large\" src=\"https:\/\/z101digital.com\/wp-content\/uploads\/2026\/04\/whatsapp-image-2026-04-24-at-155905-1024x576.jpeg\" sizes=\"auto, (max-width: 1024px) 100vw, 1024px\" srcset=\"https:\/\/z101digital.com\/wp-content\/uploads\/2026\/04\/whatsapp-image-2026-04-24-at-155905-1024x576.jpeg 1024w, https:\/\/z101digital.com\/wp-content\/uploads\/2026\/04\/whatsapp-image-2026-04-24-at-155905-300x169.jpeg 300w, https:\/\/z101digital.com\/wp-content\/uploads\/2026\/04\/whatsapp-image-2026-04-24-at-155905-768x432.jpeg 768w, https:\/\/z101digital.com\/wp-content\/uploads\/2026\/04\/whatsapp-image-2026-04-24-at-155905-1536x864.jpeg 1536w, https:\/\/z101digital.com\/wp-content\/uploads\/2026\/04\/whatsapp-image-2026-04-24-at-155905-100x56.jpeg 100w, https:\/\/z101digital.com\/wp-content\/uploads\/2026\/04\/whatsapp-image-2026-04-24-at-155905.jpeg 1600w\" alt=\"\" width=\"1024\" height=\"576\" \/><\/p>\n<p>La tasa de cambio promedio semanal es de RD$60.50, de acuerdo a las publicaciones diarias del Banco Central. Esta tasa registr\u00f3 una ligera alza con relaci\u00f3n a la semana anterior que fue de RD$60.44.<\/p>\n<div class=\"single-post-ads-footer hidden-xs\"><\/div>\n","protected":false},"excerpt":{"rendered":"<p>A pesar de la permanencia del conflicto en el Medio Oriente y su efecto en los precios internacionales del petr\u00f3leo &#8230;<\/p>\n","protected":false},"author":2,"featured_media":215796,"comment_status":"closed","ping_status":"closed","sticky":false,"template":"","format":"standard","meta":{"footnotes":""},"categories":[26],"tags":[],"class_list":["post-215795","post","type-post","status-publish","format-standard","has-post-thumbnail","hentry","category-economia"],"yoast_head":"<!-- This site is optimized with the Yoast SEO plugin v24.8.1 - https:\/\/yoast.com\/wordpress\/plugins\/seo\/ -->\n<title>Precios de los combustibles de mayor consumo se mantendr\u00e1 sin variaci\u00f3n esta semana - PotenciaRadiofonicaDominicana.com<\/title>\n<meta name=\"robots\" content=\"index, follow, max-snippet:-1, max-image-preview:large, max-video-preview:-1\" \/>\n<link rel=\"canonical\" href=\"https:\/\/potenciaradiofonicadominicana.com\/portal\/precios-de-los-combustibles-de-mayor-consumo-se-mantendra-sin-variacion-esta-semana\/\" \/>\n<meta property=\"og:locale\" content=\"es_ES\" \/>\n<meta property=\"og:type\" content=\"article\" \/>\n<meta property=\"og:title\" content=\"Precios de los combustibles de mayor consumo se mantendr\u00e1 sin variaci\u00f3n esta semana - PotenciaRadiofonicaDominicana.com\" \/>\n<meta property=\"og:description\" content=\"A pesar de la permanencia del conflicto en el Medio Oriente y su efecto en los precios internacionales del petr\u00f3leo ...\" \/>\n<meta property=\"og:url\" content=\"https:\/\/potenciaradiofonicadominicana.com\/portal\/precios-de-los-combustibles-de-mayor-consumo-se-mantendra-sin-variacion-esta-semana\/\" \/>\n<meta property=\"og:site_name\" content=\"PotenciaRadiofonicaDominicana.com\" \/>\n<meta property=\"article:publisher\" content=\"https:\/\/web.facebook.com\/PotenciaRadiofonicaD\" \/>\n<meta property=\"article:published_time\" content=\"2026-04-26T23:31:02+00:00\" \/>\n<meta property=\"og:image\" content=\"https:\/\/potenciaradiofonicadominicana.com\/portal\/wp-content\/uploads\/2026\/04\/Gasolina.jpg\" \/>\n\t<meta property=\"og:image:width\" content=\"1024\" \/>\n\t<meta property=\"og:image:height\" content=\"550\" \/>\n\t<meta property=\"og:image:type\" content=\"image\/jpeg\" \/>\n<meta name=\"author\" content=\"Potencia Radiof\u00f3nica Dominicana\" \/>\n<meta name=\"twitter:card\" content=\"summary_large_image\" \/>\n<meta name=\"twitter:label1\" content=\"Escrito por\" \/>\n\t<meta name=\"twitter:data1\" content=\"Potencia Radiof\u00f3nica Dominicana\" \/>\n\t<meta name=\"twitter:label2\" content=\"Tiempo de lectura\" \/>\n\t<meta name=\"twitter:data2\" content=\"2 minutos\" \/>\n<script type=\"application\/ld+json\" class=\"yoast-schema-graph\">{\"@context\":\"https:\/\/schema.org\",\"@graph\":[{\"@type\":\"Article\",\"@id\":\"https:\/\/potenciaradiofonicadominicana.com\/portal\/precios-de-los-combustibles-de-mayor-consumo-se-mantendra-sin-variacion-esta-semana\/#article\",\"isPartOf\":{\"@id\":\"https:\/\/potenciaradiofonicadominicana.com\/portal\/precios-de-los-combustibles-de-mayor-consumo-se-mantendra-sin-variacion-esta-semana\/\"},\"author\":{\"name\":\"Potencia Radiof\u00f3nica Dominicana\",\"@id\":\"https:\/\/potenciaradiofonicadominicana.com\/portal\/#\/schema\/person\/a5cf1fea13877803ee0573ac18b03490\"},\"headline\":\"Precios de los combustibles de mayor consumo se mantendr\u00e1 sin variaci\u00f3n esta semana\",\"datePublished\":\"2026-04-26T23:31:02+00:00\",\"mainEntityOfPage\":{\"@id\":\"https:\/\/potenciaradiofonicadominicana.com\/portal\/precios-de-los-combustibles-de-mayor-consumo-se-mantendra-sin-variacion-esta-semana\/\"},\"wordCount\":324,\"publisher\":{\"@id\":\"https:\/\/potenciaradiofonicadominicana.com\/portal\/#organization\"},\"image\":{\"@id\":\"https:\/\/potenciaradiofonicadominicana.com\/portal\/precios-de-los-combustibles-de-mayor-consumo-se-mantendra-sin-variacion-esta-semana\/#primaryimage\"},\"thumbnailUrl\":\"https:\/\/potenciaradiofonicadominicana.com\/portal\/wp-content\/uploads\/2026\/04\/Gasolina.jpg\",\"articleSection\":[\"Econom\u00eda\"],\"inLanguage\":\"es\"},{\"@type\":\"WebPage\",\"@id\":\"https:\/\/potenciaradiofonicadominicana.com\/portal\/precios-de-los-combustibles-de-mayor-consumo-se-mantendra-sin-variacion-esta-semana\/\",\"url\":\"https:\/\/potenciaradiofonicadominicana.com\/portal\/precios-de-los-combustibles-de-mayor-consumo-se-mantendra-sin-variacion-esta-semana\/\",\"name\":\"Precios de los combustibles de mayor consumo se mantendr\u00e1 sin variaci\u00f3n esta semana - PotenciaRadiofonicaDominicana.com\",\"isPartOf\":{\"@id\":\"https:\/\/potenciaradiofonicadominicana.com\/portal\/#website\"},\"primaryImageOfPage\":{\"@id\":\"https:\/\/potenciaradiofonicadominicana.com\/portal\/precios-de-los-combustibles-de-mayor-consumo-se-mantendra-sin-variacion-esta-semana\/#primaryimage\"},\"image\":{\"@id\":\"https:\/\/potenciaradiofonicadominicana.com\/portal\/precios-de-los-combustibles-de-mayor-consumo-se-mantendra-sin-variacion-esta-semana\/#primaryimage\"},\"thumbnailUrl\":\"https:\/\/potenciaradiofonicadominicana.com\/portal\/wp-content\/uploads\/2026\/04\/Gasolina.jpg\",\"datePublished\":\"2026-04-26T23:31:02+00:00\",\"breadcrumb\":{\"@id\":\"https:\/\/potenciaradiofonicadominicana.com\/portal\/precios-de-los-combustibles-de-mayor-consumo-se-mantendra-sin-variacion-esta-semana\/#breadcrumb\"},\"inLanguage\":\"es\",\"potentialAction\":[{\"@type\":\"ReadAction\",\"target\":[\"https:\/\/potenciaradiofonicadominicana.com\/portal\/precios-de-los-combustibles-de-mayor-consumo-se-mantendra-sin-variacion-esta-semana\/\"]}]},{\"@type\":\"ImageObject\",\"inLanguage\":\"es\",\"@id\":\"https:\/\/potenciaradiofonicadominicana.com\/portal\/precios-de-los-combustibles-de-mayor-consumo-se-mantendra-sin-variacion-esta-semana\/#primaryimage\",\"url\":\"https:\/\/potenciaradiofonicadominicana.com\/portal\/wp-content\/uploads\/2026\/04\/Gasolina.jpg\",\"contentUrl\":\"https:\/\/potenciaradiofonicadominicana.com\/portal\/wp-content\/uploads\/2026\/04\/Gasolina.jpg\",\"width\":1024,\"height\":550},{\"@type\":\"BreadcrumbList\",\"@id\":\"https:\/\/potenciaradiofonicadominicana.com\/portal\/precios-de-los-combustibles-de-mayor-consumo-se-mantendra-sin-variacion-esta-semana\/#breadcrumb\",\"itemListElement\":[{\"@type\":\"ListItem\",\"position\":1,\"name\":\"Portada\",\"item\":\"https:\/\/potenciaradiofonicadominicana.com\/portal\/\"},{\"@type\":\"ListItem\",\"position\":2,\"name\":\"Precios de los combustibles de mayor consumo se mantendr\u00e1 sin variaci\u00f3n esta semana\"}]},{\"@type\":\"WebSite\",\"@id\":\"https:\/\/potenciaradiofonicadominicana.com\/portal\/#website\",\"url\":\"https:\/\/potenciaradiofonicadominicana.com\/portal\/\",\"name\":\"PotenciaRadiofonicaDominicana.com\",\"description\":\"Peri\u00f3dico Digital\",\"publisher\":{\"@id\":\"https:\/\/potenciaradiofonicadominicana.com\/portal\/#organization\"},\"potentialAction\":[{\"@type\":\"SearchAction\",\"target\":{\"@type\":\"EntryPoint\",\"urlTemplate\":\"https:\/\/potenciaradiofonicadominicana.com\/portal\/?s={search_term_string}\"},\"query-input\":{\"@type\":\"PropertyValueSpecification\",\"valueRequired\":true,\"valueName\":\"search_term_string\"}}],\"inLanguage\":\"es\"},{\"@type\":\"Organization\",\"@id\":\"https:\/\/potenciaradiofonicadominicana.com\/portal\/#organization\",\"name\":\"PotenciaRadiofonicaDominicana.com\",\"url\":\"https:\/\/potenciaradiofonicadominicana.com\/portal\/\",\"logo\":{\"@type\":\"ImageObject\",\"inLanguage\":\"es\",\"@id\":\"https:\/\/potenciaradiofonicadominicana.com\/portal\/#\/schema\/logo\/image\/\",\"url\":\"https:\/\/potenciaradiofonicadominicana.com\/portal\/wp-content\/uploads\/2022\/01\/descarga.png\",\"contentUrl\":\"https:\/\/potenciaradiofonicadominicana.com\/portal\/wp-content\/uploads\/2022\/01\/descarga.png\",\"width\":300,\"height\":100,\"caption\":\"PotenciaRadiofonicaDominicana.com\"},\"image\":{\"@id\":\"https:\/\/potenciaradiofonicadominicana.com\/portal\/#\/schema\/logo\/image\/\"},\"sameAs\":[\"https:\/\/web.facebook.com\/PotenciaRadiofonicaD\"]},{\"@type\":\"Person\",\"@id\":\"https:\/\/potenciaradiofonicadominicana.com\/portal\/#\/schema\/person\/a5cf1fea13877803ee0573ac18b03490\",\"name\":\"Potencia Radiof\u00f3nica Dominicana\",\"image\":{\"@type\":\"ImageObject\",\"inLanguage\":\"es\",\"@id\":\"https:\/\/potenciaradiofonicadominicana.com\/portal\/#\/schema\/person\/image\/\",\"url\":\"https:\/\/secure.gravatar.com\/avatar\/42a55ab9e8ccc656ba34cd791990602a?s=96&d=mm&r=g\",\"contentUrl\":\"https:\/\/secure.gravatar.com\/avatar\/42a55ab9e8ccc656ba34cd791990602a?s=96&d=mm&r=g\",\"caption\":\"Potencia Radiof\u00f3nica Dominicana\"},\"url\":\"https:\/\/potenciaradiofonicadominicana.com\/portal\/author\/johannyalmanzar\/\"}]}<\/script>\n<!-- \/ Yoast SEO plugin. -->","yoast_head_json":{"title":"Precios de los combustibles de mayor consumo se mantendr\u00e1 sin variaci\u00f3n esta semana - PotenciaRadiofonicaDominicana.com","robots":{"index":"index","follow":"follow","max-snippet":"max-snippet:-1","max-image-preview":"max-image-preview:large","max-video-preview":"max-video-preview:-1"},"canonical":"https:\/\/potenciaradiofonicadominicana.com\/portal\/precios-de-los-combustibles-de-mayor-consumo-se-mantendra-sin-variacion-esta-semana\/","og_locale":"es_ES","og_type":"article","og_title":"Precios de los combustibles de mayor consumo se mantendr\u00e1 sin variaci\u00f3n esta semana - PotenciaRadiofonicaDominicana.com","og_description":"A pesar de la permanencia del conflicto en el Medio Oriente y su efecto en los precios internacionales del petr\u00f3leo ...","og_url":"https:\/\/potenciaradiofonicadominicana.com\/portal\/precios-de-los-combustibles-de-mayor-consumo-se-mantendra-sin-variacion-esta-semana\/","og_site_name":"PotenciaRadiofonicaDominicana.com","article_publisher":"https:\/\/web.facebook.com\/PotenciaRadiofonicaD","article_published_time":"2026-04-26T23:31:02+00:00","og_image":[{"width":1024,"height":550,"url":"https:\/\/potenciaradiofonicadominicana.com\/portal\/wp-content\/uploads\/2026\/04\/Gasolina.jpg","type":"image\/jpeg"}],"author":"Potencia Radiof\u00f3nica Dominicana","twitter_card":"summary_large_image","twitter_misc":{"Escrito por":"Potencia Radiof\u00f3nica Dominicana","Tiempo de lectura":"2 minutos"},"schema":{"@context":"https:\/\/schema.org","@graph":[{"@type":"Article","@id":"https:\/\/potenciaradiofonicadominicana.com\/portal\/precios-de-los-combustibles-de-mayor-consumo-se-mantendra-sin-variacion-esta-semana\/#article","isPartOf":{"@id":"https:\/\/potenciaradiofonicadominicana.com\/portal\/precios-de-los-combustibles-de-mayor-consumo-se-mantendra-sin-variacion-esta-semana\/"},"author":{"name":"Potencia Radiof\u00f3nica Dominicana","@id":"https:\/\/potenciaradiofonicadominicana.com\/portal\/#\/schema\/person\/a5cf1fea13877803ee0573ac18b03490"},"headline":"Precios de los combustibles de mayor consumo se mantendr\u00e1 sin variaci\u00f3n esta semana","datePublished":"2026-04-26T23:31:02+00:00","mainEntityOfPage":{"@id":"https:\/\/potenciaradiofonicadominicana.com\/portal\/precios-de-los-combustibles-de-mayor-consumo-se-mantendra-sin-variacion-esta-semana\/"},"wordCount":324,"publisher":{"@id":"https:\/\/potenciaradiofonicadominicana.com\/portal\/#organization"},"image":{"@id":"https:\/\/potenciaradiofonicadominicana.com\/portal\/precios-de-los-combustibles-de-mayor-consumo-se-mantendra-sin-variacion-esta-semana\/#primaryimage"},"thumbnailUrl":"https:\/\/potenciaradiofonicadominicana.com\/portal\/wp-content\/uploads\/2026\/04\/Gasolina.jpg","articleSection":["Econom\u00eda"],"inLanguage":"es"},{"@type":"WebPage","@id":"https:\/\/potenciaradiofonicadominicana.com\/portal\/precios-de-los-combustibles-de-mayor-consumo-se-mantendra-sin-variacion-esta-semana\/","url":"https:\/\/potenciaradiofonicadominicana.com\/portal\/precios-de-los-combustibles-de-mayor-consumo-se-mantendra-sin-variacion-esta-semana\/","name":"Precios de los combustibles de mayor consumo se mantendr\u00e1 sin variaci\u00f3n esta semana - PotenciaRadiofonicaDominicana.com","isPartOf":{"@id":"https:\/\/potenciaradiofonicadominicana.com\/portal\/#website"},"primaryImageOfPage":{"@id":"https:\/\/potenciaradiofonicadominicana.com\/portal\/precios-de-los-combustibles-de-mayor-consumo-se-mantendra-sin-variacion-esta-semana\/#primaryimage"},"image":{"@id":"https:\/\/potenciaradiofonicadominicana.com\/portal\/precios-de-los-combustibles-de-mayor-consumo-se-mantendra-sin-variacion-esta-semana\/#primaryimage"},"thumbnailUrl":"https:\/\/potenciaradiofonicadominicana.com\/portal\/wp-content\/uploads\/2026\/04\/Gasolina.jpg","datePublished":"2026-04-26T23:31:02+00:00","breadcrumb":{"@id":"https:\/\/potenciaradiofonicadominicana.com\/portal\/precios-de-los-combustibles-de-mayor-consumo-se-mantendra-sin-variacion-esta-semana\/#breadcrumb"},"inLanguage":"es","potentialAction":[{"@type":"ReadAction","target":["https:\/\/potenciaradiofonicadominicana.com\/portal\/precios-de-los-combustibles-de-mayor-consumo-se-mantendra-sin-variacion-esta-semana\/"]}]},{"@type":"ImageObject","inLanguage":"es","@id":"https:\/\/potenciaradiofonicadominicana.com\/portal\/precios-de-los-combustibles-de-mayor-consumo-se-mantendra-sin-variacion-esta-semana\/#primaryimage","url":"https:\/\/potenciaradiofonicadominicana.com\/portal\/wp-content\/uploads\/2026\/04\/Gasolina.jpg","contentUrl":"https:\/\/potenciaradiofonicadominicana.com\/portal\/wp-content\/uploads\/2026\/04\/Gasolina.jpg","width":1024,"height":550},{"@type":"BreadcrumbList","@id":"https:\/\/potenciaradiofonicadominicana.com\/portal\/precios-de-los-combustibles-de-mayor-consumo-se-mantendra-sin-variacion-esta-semana\/#breadcrumb","itemListElement":[{"@type":"ListItem","position":1,"name":"Portada","item":"https:\/\/potenciaradiofonicadominicana.com\/portal\/"},{"@type":"ListItem","position":2,"name":"Precios de los combustibles de mayor consumo se mantendr\u00e1 sin variaci\u00f3n esta semana"}]},{"@type":"WebSite","@id":"https:\/\/potenciaradiofonicadominicana.com\/portal\/#website","url":"https:\/\/potenciaradiofonicadominicana.com\/portal\/","name":"PotenciaRadiofonicaDominicana.com","description":"Peri\u00f3dico Digital","publisher":{"@id":"https:\/\/potenciaradiofonicadominicana.com\/portal\/#organization"},"potentialAction":[{"@type":"SearchAction","target":{"@type":"EntryPoint","urlTemplate":"https:\/\/potenciaradiofonicadominicana.com\/portal\/?s={search_term_string}"},"query-input":{"@type":"PropertyValueSpecification","valueRequired":true,"valueName":"search_term_string"}}],"inLanguage":"es"},{"@type":"Organization","@id":"https:\/\/potenciaradiofonicadominicana.com\/portal\/#organization","name":"PotenciaRadiofonicaDominicana.com","url":"https:\/\/potenciaradiofonicadominicana.com\/portal\/","logo":{"@type":"ImageObject","inLanguage":"es","@id":"https:\/\/potenciaradiofonicadominicana.com\/portal\/#\/schema\/logo\/image\/","url":"https:\/\/potenciaradiofonicadominicana.com\/portal\/wp-content\/uploads\/2022\/01\/descarga.png","contentUrl":"https:\/\/potenciaradiofonicadominicana.com\/portal\/wp-content\/uploads\/2022\/01\/descarga.png","width":300,"height":100,"caption":"PotenciaRadiofonicaDominicana.com"},"image":{"@id":"https:\/\/potenciaradiofonicadominicana.com\/portal\/#\/schema\/logo\/image\/"},"sameAs":["https:\/\/web.facebook.com\/PotenciaRadiofonicaD"]},{"@type":"Person","@id":"https:\/\/potenciaradiofonicadominicana.com\/portal\/#\/schema\/person\/a5cf1fea13877803ee0573ac18b03490","name":"Potencia Radiof\u00f3nica Dominicana","image":{"@type":"ImageObject","inLanguage":"es","@id":"https:\/\/potenciaradiofonicadominicana.com\/portal\/#\/schema\/person\/image\/","url":"https:\/\/secure.gravatar.com\/avatar\/42a55ab9e8ccc656ba34cd791990602a?s=96&d=mm&r=g","contentUrl":"https:\/\/secure.gravatar.com\/avatar\/42a55ab9e8ccc656ba34cd791990602a?s=96&d=mm&r=g","caption":"Potencia Radiof\u00f3nica Dominicana"},"url":"https:\/\/potenciaradiofonicadominicana.com\/portal\/author\/johannyalmanzar\/"}]}},"_links":{"self":[{"href":"https:\/\/potenciaradiofonicadominicana.com\/portal\/wp-json\/wp\/v2\/posts\/215795","targetHints":{"allow":["GET"]}}],"collection":[{"href":"https:\/\/potenciaradiofonicadominicana.com\/portal\/wp-json\/wp\/v2\/posts"}],"about":[{"href":"https:\/\/potenciaradiofonicadominicana.com\/portal\/wp-json\/wp\/v2\/types\/post"}],"author":[{"embeddable":true,"href":"https:\/\/potenciaradiofonicadominicana.com\/portal\/wp-json\/wp\/v2\/users\/2"}],"replies":[{"embeddable":true,"href":"https:\/\/potenciaradiofonicadominicana.com\/portal\/wp-json\/wp\/v2\/comments?post=215795"}],"version-history":[{"count":1,"href":"https:\/\/potenciaradiofonicadominicana.com\/portal\/wp-json\/wp\/v2\/posts\/215795\/revisions"}],"predecessor-version":[{"id":215797,"href":"https:\/\/potenciaradiofonicadominicana.com\/portal\/wp-json\/wp\/v2\/posts\/215795\/revisions\/215797"}],"wp:featuredmedia":[{"embeddable":true,"href":"https:\/\/potenciaradiofonicadominicana.com\/portal\/wp-json\/wp\/v2\/media\/215796"}],"wp:attachment":[{"href":"https:\/\/potenciaradiofonicadominicana.com\/portal\/wp-json\/wp\/v2\/media?parent=215795"}],"wp:term":[{"taxonomy":"category","embeddable":true,"href":"https:\/\/potenciaradiofonicadominicana.com\/portal\/wp-json\/wp\/v2\/categories?post=215795"},{"taxonomy":"post_tag","embeddable":true,"href":"https:\/\/potenciaradiofonicadominicana.com\/portal\/wp-json\/wp\/v2\/tags?post=215795"}],"curies":[{"name":"wp","href":"https:\/\/api.w.org\/{rel}","templated":true}]}}