{"id":215792,"date":"2026-04-26T19:28:11","date_gmt":"2026-04-26T23:28:11","guid":{"rendered":"https:\/\/potenciaradiofonicadominicana.com\/portal\/?p=215792"},"modified":"2026-04-26T19:28:11","modified_gmt":"2026-04-26T23:28:11","slug":"mexico-lidera-atletas-clasificados-rumbo-a-santo-domingo-2026","status":"publish","type":"post","link":"https:\/\/potenciaradiofonicadominicana.com\/portal\/mexico-lidera-atletas-clasificados-rumbo-a-santo-domingo-2026\/","title":{"rendered":"M\u00e9xico lidera atletas clasificados rumbo a Santo Domingo 2026"},"content":{"rendered":"<p><a href=\"https:\/\/potenciaradiofonicadominicana.com\/portal\/wp-content\/uploads\/2026\/04\/Diego-Garcia-clavadista-mexicano.webp\"><img loading=\"lazy\" decoding=\"async\" class=\"alignnone size-full wp-image-215793\" src=\"https:\/\/potenciaradiofonicadominicana.com\/portal\/wp-content\/uploads\/2026\/04\/Diego-Garcia-clavadista-mexicano.webp\" alt=\"\" width=\"828\" height=\"552\" srcset=\"https:\/\/potenciaradiofonicadominicana.com\/portal\/wp-content\/uploads\/2026\/04\/Diego-Garcia-clavadista-mexicano.webp 828w, https:\/\/potenciaradiofonicadominicana.com\/portal\/wp-content\/uploads\/2026\/04\/Diego-Garcia-clavadista-mexicano-300x200.webp 300w, https:\/\/potenciaradiofonicadominicana.com\/portal\/wp-content\/uploads\/2026\/04\/Diego-Garcia-clavadista-mexicano-768x512.webp 768w\" sizes=\"auto, (max-width: 828px) 100vw, 828px\" \/><\/a><\/p>\n<p>A menos de cien d\u00edas del inicio de los XXV Juegos Centroamericanos y del Caribe Santo Domingo 2026, M\u00e9xico se perfila como uno de los principales favoritos para conquistar la edici\u00f3n del centenario del certamen regional.<\/p>\n<p>La naci\u00f3n azteca, ganadora de 13 de las 24 ediciones celebradas de la fiesta multideportiva m\u00e1s antigua del mundo, encabeza hasta el momento el listado de atletas clasificados, con 482 deportistas inscritos en 37 disciplinas.<\/p>\n<p>Entre las plazas aseguradas por M\u00e9xico figuran: 4 atletas en aguas abiertas, 9 en nataci\u00f3n art\u00edstica, 10 en clavados, 4 en ajedrez, 8 en b\u00e1dminton, 24 en baloncesto (femenino y masculino), 24 en b\u00e9isbol, 12 en boliche, 14 en boxeo, 12 en canotaje, 4 en ciclismo BMX, 4 en ciclismo MTB y 18 en ciclismo de pista.<\/p>\n<p>Asimismo, tiene clasificados 18 atletas en esgrima, 6 en esqu\u00ed n\u00e1utico, 40 en f\u00fatbol (femenino y masculino), 10 en gimnasia art\u00edstica, 8 en gimnasia r\u00edtmica, 4 en gimnasia de trampol\u00edn, 2 en golf, 12 en halterofilia, 32 en hockey (femenino y masculino), 18 en karate, 18 en lucha, 3 en patinaje art\u00edstico, 4 en patinaje de velocidad, 2 en skateboarding, 14 en remo, 30 en softbol, 6 en squash, 22 en taekwondo, 4 en voleibol de playa, 24 en voleibol (femenino y masculino), 6 en triatl\u00f3n, 12 en tiro con arco, 8 en tenis de mesa y 24 en tiro deportivo.<\/p>\n<p>A\u00fan quedan por definirse las plazas en disciplinas como nataci\u00f3n, polo acu\u00e1tico, atletismo de pista y ruta, baloncesto 3\u00d73, balonmano, ecuestre (eventos, saltos y adiestramiento), e-sports, judo, netball, surf, tenis y vela.<\/p>\n<p>M\u00e9xico vuelve a presentarse como una de las delegaciones m\u00e1s fuertes del \u00e1rea, lo que refuerza sus aspiraciones de dominar el medallero general en Santo Domingo 2026.<\/p>\n<p>Dominio hist\u00f3rico<\/p>\n<p>En la historia de los Juegos Centroamericanos y del Caribe, M\u00e9xico ha conquistado 13 t\u00edtulos generales. Gan\u00f3 la primera edici\u00f3n, celebrada en 1926, y posteriormente ocup\u00f3 la cima del medallero en 1954, 1970, 1974, 1978, 1982, 1986, 1990, 1993, 1998, 2002, 2010 y 2023.<\/p>\n<p>Adem\u00e1s, ostenta una racha hist\u00f3rica de ocho coronas consecutivas entre 1954 y 1993.<\/p>\n<p>En total, M\u00e9xico acumula 4,252 medallas, la mayor cifra entre todos los pa\u00edses participantes: 1,523 de oro, 1,439 de plata y 1,290 de bronce.<\/p>\n<p>Los XXV Juegos Centroamericanos y del Caribe Santo Domingo 2026 se celebrar\u00e1n del 24 de julio l 8 de agosto pr\u00f3ximo.<\/p>\n","protected":false},"excerpt":{"rendered":"<p>A menos de cien d\u00edas del inicio de los XXV Juegos Centroamericanos y del Caribe Santo Domingo 2026, M\u00e9xico se &#8230;<\/p>\n","protected":false},"author":2,"featured_media":215793,"comment_status":"closed","ping_status":"closed","sticky":false,"template":"","format":"standard","meta":{"footnotes":""},"categories":[28],"tags":[],"class_list":["post-215792","post","type-post","status-publish","format-standard","has-post-thumbnail","hentry","category-deportes"],"yoast_head":"<!-- This site is optimized with the Yoast SEO plugin v24.8.1 - https:\/\/yoast.com\/wordpress\/plugins\/seo\/ -->\n<title>M\u00e9xico lidera atletas clasificados rumbo a Santo Domingo 2026 - PotenciaRadiofonicaDominicana.com<\/title>\n<meta name=\"robots\" content=\"index, follow, max-snippet:-1, max-image-preview:large, max-video-preview:-1\" \/>\n<link rel=\"canonical\" href=\"https:\/\/potenciaradiofonicadominicana.com\/portal\/mexico-lidera-atletas-clasificados-rumbo-a-santo-domingo-2026\/\" \/>\n<meta property=\"og:locale\" content=\"es_ES\" \/>\n<meta property=\"og:type\" content=\"article\" \/>\n<meta property=\"og:title\" content=\"M\u00e9xico lidera atletas clasificados rumbo a Santo Domingo 2026 - PotenciaRadiofonicaDominicana.com\" \/>\n<meta property=\"og:description\" content=\"A menos de cien d\u00edas del inicio de los XXV Juegos Centroamericanos y del Caribe Santo Domingo 2026, M\u00e9xico se ...\" \/>\n<meta property=\"og:url\" content=\"https:\/\/potenciaradiofonicadominicana.com\/portal\/mexico-lidera-atletas-clasificados-rumbo-a-santo-domingo-2026\/\" \/>\n<meta property=\"og:site_name\" content=\"PotenciaRadiofonicaDominicana.com\" \/>\n<meta property=\"article:publisher\" content=\"https:\/\/web.facebook.com\/PotenciaRadiofonicaD\" \/>\n<meta property=\"article:published_time\" content=\"2026-04-26T23:28:11+00:00\" \/>\n<meta property=\"og:image\" content=\"https:\/\/potenciaradiofonicadominicana.com\/portal\/wp-content\/uploads\/2026\/04\/Diego-Garcia-clavadista-mexicano.webp\" \/>\n\t<meta property=\"og:image:width\" content=\"828\" \/>\n\t<meta property=\"og:image:height\" content=\"552\" \/>\n\t<meta property=\"og:image:type\" content=\"image\/webp\" \/>\n<meta name=\"author\" content=\"Potencia Radiof\u00f3nica Dominicana\" \/>\n<meta name=\"twitter:card\" content=\"summary_large_image\" \/>\n<meta name=\"twitter:label1\" content=\"Escrito por\" \/>\n\t<meta name=\"twitter:data1\" content=\"Potencia Radiof\u00f3nica Dominicana\" \/>\n\t<meta name=\"twitter:label2\" content=\"Tiempo de lectura\" \/>\n\t<meta name=\"twitter:data2\" content=\"3 minutos\" \/>\n<script type=\"application\/ld+json\" class=\"yoast-schema-graph\">{\"@context\":\"https:\/\/schema.org\",\"@graph\":[{\"@type\":\"Article\",\"@id\":\"https:\/\/potenciaradiofonicadominicana.com\/portal\/mexico-lidera-atletas-clasificados-rumbo-a-santo-domingo-2026\/#article\",\"isPartOf\":{\"@id\":\"https:\/\/potenciaradiofonicadominicana.com\/portal\/mexico-lidera-atletas-clasificados-rumbo-a-santo-domingo-2026\/\"},\"author\":{\"name\":\"Potencia Radiof\u00f3nica Dominicana\",\"@id\":\"https:\/\/potenciaradiofonicadominicana.com\/portal\/#\/schema\/person\/a5cf1fea13877803ee0573ac18b03490\"},\"headline\":\"M\u00e9xico lidera atletas clasificados rumbo a Santo Domingo 2026\",\"datePublished\":\"2026-04-26T23:28:11+00:00\",\"mainEntityOfPage\":{\"@id\":\"https:\/\/potenciaradiofonicadominicana.com\/portal\/mexico-lidera-atletas-clasificados-rumbo-a-santo-domingo-2026\/\"},\"wordCount\":366,\"publisher\":{\"@id\":\"https:\/\/potenciaradiofonicadominicana.com\/portal\/#organization\"},\"image\":{\"@id\":\"https:\/\/potenciaradiofonicadominicana.com\/portal\/mexico-lidera-atletas-clasificados-rumbo-a-santo-domingo-2026\/#primaryimage\"},\"thumbnailUrl\":\"https:\/\/potenciaradiofonicadominicana.com\/portal\/wp-content\/uploads\/2026\/04\/Diego-Garcia-clavadista-mexicano.webp\",\"articleSection\":[\"Deportes\"],\"inLanguage\":\"es\"},{\"@type\":\"WebPage\",\"@id\":\"https:\/\/potenciaradiofonicadominicana.com\/portal\/mexico-lidera-atletas-clasificados-rumbo-a-santo-domingo-2026\/\",\"url\":\"https:\/\/potenciaradiofonicadominicana.com\/portal\/mexico-lidera-atletas-clasificados-rumbo-a-santo-domingo-2026\/\",\"name\":\"M\u00e9xico lidera atletas clasificados rumbo a Santo Domingo 2026 - PotenciaRadiofonicaDominicana.com\",\"isPartOf\":{\"@id\":\"https:\/\/potenciaradiofonicadominicana.com\/portal\/#website\"},\"primaryImageOfPage\":{\"@id\":\"https:\/\/potenciaradiofonicadominicana.com\/portal\/mexico-lidera-atletas-clasificados-rumbo-a-santo-domingo-2026\/#primaryimage\"},\"image\":{\"@id\":\"https:\/\/potenciaradiofonicadominicana.com\/portal\/mexico-lidera-atletas-clasificados-rumbo-a-santo-domingo-2026\/#primaryimage\"},\"thumbnailUrl\":\"https:\/\/potenciaradiofonicadominicana.com\/portal\/wp-content\/uploads\/2026\/04\/Diego-Garcia-clavadista-mexicano.webp\",\"datePublished\":\"2026-04-26T23:28:11+00:00\",\"breadcrumb\":{\"@id\":\"https:\/\/potenciaradiofonicadominicana.com\/portal\/mexico-lidera-atletas-clasificados-rumbo-a-santo-domingo-2026\/#breadcrumb\"},\"inLanguage\":\"es\",\"potentialAction\":[{\"@type\":\"ReadAction\",\"target\":[\"https:\/\/potenciaradiofonicadominicana.com\/portal\/mexico-lidera-atletas-clasificados-rumbo-a-santo-domingo-2026\/\"]}]},{\"@type\":\"ImageObject\",\"inLanguage\":\"es\",\"@id\":\"https:\/\/potenciaradiofonicadominicana.com\/portal\/mexico-lidera-atletas-clasificados-rumbo-a-santo-domingo-2026\/#primaryimage\",\"url\":\"https:\/\/potenciaradiofonicadominicana.com\/portal\/wp-content\/uploads\/2026\/04\/Diego-Garcia-clavadista-mexicano.webp\",\"contentUrl\":\"https:\/\/potenciaradiofonicadominicana.com\/portal\/wp-content\/uploads\/2026\/04\/Diego-Garcia-clavadista-mexicano.webp\",\"width\":828,\"height\":552},{\"@type\":\"BreadcrumbList\",\"@id\":\"https:\/\/potenciaradiofonicadominicana.com\/portal\/mexico-lidera-atletas-clasificados-rumbo-a-santo-domingo-2026\/#breadcrumb\",\"itemListElement\":[{\"@type\":\"ListItem\",\"position\":1,\"name\":\"Portada\",\"item\":\"https:\/\/potenciaradiofonicadominicana.com\/portal\/\"},{\"@type\":\"ListItem\",\"position\":2,\"name\":\"M\u00e9xico lidera atletas clasificados rumbo a Santo Domingo 2026\"}]},{\"@type\":\"WebSite\",\"@id\":\"https:\/\/potenciaradiofonicadominicana.com\/portal\/#website\",\"url\":\"https:\/\/potenciaradiofonicadominicana.com\/portal\/\",\"name\":\"PotenciaRadiofonicaDominicana.com\",\"description\":\"Peri\u00f3dico Digital\",\"publisher\":{\"@id\":\"https:\/\/potenciaradiofonicadominicana.com\/portal\/#organization\"},\"potentialAction\":[{\"@type\":\"SearchAction\",\"target\":{\"@type\":\"EntryPoint\",\"urlTemplate\":\"https:\/\/potenciaradiofonicadominicana.com\/portal\/?s={search_term_string}\"},\"query-input\":{\"@type\":\"PropertyValueSpecification\",\"valueRequired\":true,\"valueName\":\"search_term_string\"}}],\"inLanguage\":\"es\"},{\"@type\":\"Organization\",\"@id\":\"https:\/\/potenciaradiofonicadominicana.com\/portal\/#organization\",\"name\":\"PotenciaRadiofonicaDominicana.com\",\"url\":\"https:\/\/potenciaradiofonicadominicana.com\/portal\/\",\"logo\":{\"@type\":\"ImageObject\",\"inLanguage\":\"es\",\"@id\":\"https:\/\/potenciaradiofonicadominicana.com\/portal\/#\/schema\/logo\/image\/\",\"url\":\"https:\/\/potenciaradiofonicadominicana.com\/portal\/wp-content\/uploads\/2022\/01\/descarga.png\",\"contentUrl\":\"https:\/\/potenciaradiofonicadominicana.com\/portal\/wp-content\/uploads\/2022\/01\/descarga.png\",\"width\":300,\"height\":100,\"caption\":\"PotenciaRadiofonicaDominicana.com\"},\"image\":{\"@id\":\"https:\/\/potenciaradiofonicadominicana.com\/portal\/#\/schema\/logo\/image\/\"},\"sameAs\":[\"https:\/\/web.facebook.com\/PotenciaRadiofonicaD\"]},{\"@type\":\"Person\",\"@id\":\"https:\/\/potenciaradiofonicadominicana.com\/portal\/#\/schema\/person\/a5cf1fea13877803ee0573ac18b03490\",\"name\":\"Potencia Radiof\u00f3nica Dominicana\",\"image\":{\"@type\":\"ImageObject\",\"inLanguage\":\"es\",\"@id\":\"https:\/\/potenciaradiofonicadominicana.com\/portal\/#\/schema\/person\/image\/\",\"url\":\"https:\/\/secure.gravatar.com\/avatar\/42a55ab9e8ccc656ba34cd791990602a?s=96&d=mm&r=g\",\"contentUrl\":\"https:\/\/secure.gravatar.com\/avatar\/42a55ab9e8ccc656ba34cd791990602a?s=96&d=mm&r=g\",\"caption\":\"Potencia Radiof\u00f3nica Dominicana\"},\"url\":\"https:\/\/potenciaradiofonicadominicana.com\/portal\/author\/johannyalmanzar\/\"}]}<\/script>\n<!-- \/ Yoast SEO plugin. -->","yoast_head_json":{"title":"M\u00e9xico lidera atletas clasificados rumbo a Santo Domingo 2026 - PotenciaRadiofonicaDominicana.com","robots":{"index":"index","follow":"follow","max-snippet":"max-snippet:-1","max-image-preview":"max-image-preview:large","max-video-preview":"max-video-preview:-1"},"canonical":"https:\/\/potenciaradiofonicadominicana.com\/portal\/mexico-lidera-atletas-clasificados-rumbo-a-santo-domingo-2026\/","og_locale":"es_ES","og_type":"article","og_title":"M\u00e9xico lidera atletas clasificados rumbo a Santo Domingo 2026 - PotenciaRadiofonicaDominicana.com","og_description":"A menos de cien d\u00edas del inicio de los XXV Juegos Centroamericanos y del Caribe Santo Domingo 2026, M\u00e9xico se ...","og_url":"https:\/\/potenciaradiofonicadominicana.com\/portal\/mexico-lidera-atletas-clasificados-rumbo-a-santo-domingo-2026\/","og_site_name":"PotenciaRadiofonicaDominicana.com","article_publisher":"https:\/\/web.facebook.com\/PotenciaRadiofonicaD","article_published_time":"2026-04-26T23:28:11+00:00","og_image":[{"width":828,"height":552,"url":"https:\/\/potenciaradiofonicadominicana.com\/portal\/wp-content\/uploads\/2026\/04\/Diego-Garcia-clavadista-mexicano.webp","type":"image\/webp"}],"author":"Potencia Radiof\u00f3nica Dominicana","twitter_card":"summary_large_image","twitter_misc":{"Escrito por":"Potencia Radiof\u00f3nica Dominicana","Tiempo de lectura":"3 minutos"},"schema":{"@context":"https:\/\/schema.org","@graph":[{"@type":"Article","@id":"https:\/\/potenciaradiofonicadominicana.com\/portal\/mexico-lidera-atletas-clasificados-rumbo-a-santo-domingo-2026\/#article","isPartOf":{"@id":"https:\/\/potenciaradiofonicadominicana.com\/portal\/mexico-lidera-atletas-clasificados-rumbo-a-santo-domingo-2026\/"},"author":{"name":"Potencia Radiof\u00f3nica Dominicana","@id":"https:\/\/potenciaradiofonicadominicana.com\/portal\/#\/schema\/person\/a5cf1fea13877803ee0573ac18b03490"},"headline":"M\u00e9xico lidera atletas clasificados rumbo a Santo Domingo 2026","datePublished":"2026-04-26T23:28:11+00:00","mainEntityOfPage":{"@id":"https:\/\/potenciaradiofonicadominicana.com\/portal\/mexico-lidera-atletas-clasificados-rumbo-a-santo-domingo-2026\/"},"wordCount":366,"publisher":{"@id":"https:\/\/potenciaradiofonicadominicana.com\/portal\/#organization"},"image":{"@id":"https:\/\/potenciaradiofonicadominicana.com\/portal\/mexico-lidera-atletas-clasificados-rumbo-a-santo-domingo-2026\/#primaryimage"},"thumbnailUrl":"https:\/\/potenciaradiofonicadominicana.com\/portal\/wp-content\/uploads\/2026\/04\/Diego-Garcia-clavadista-mexicano.webp","articleSection":["Deportes"],"inLanguage":"es"},{"@type":"WebPage","@id":"https:\/\/potenciaradiofonicadominicana.com\/portal\/mexico-lidera-atletas-clasificados-rumbo-a-santo-domingo-2026\/","url":"https:\/\/potenciaradiofonicadominicana.com\/portal\/mexico-lidera-atletas-clasificados-rumbo-a-santo-domingo-2026\/","name":"M\u00e9xico lidera atletas clasificados rumbo a Santo Domingo 2026 - PotenciaRadiofonicaDominicana.com","isPartOf":{"@id":"https:\/\/potenciaradiofonicadominicana.com\/portal\/#website"},"primaryImageOfPage":{"@id":"https:\/\/potenciaradiofonicadominicana.com\/portal\/mexico-lidera-atletas-clasificados-rumbo-a-santo-domingo-2026\/#primaryimage"},"image":{"@id":"https:\/\/potenciaradiofonicadominicana.com\/portal\/mexico-lidera-atletas-clasificados-rumbo-a-santo-domingo-2026\/#primaryimage"},"thumbnailUrl":"https:\/\/potenciaradiofonicadominicana.com\/portal\/wp-content\/uploads\/2026\/04\/Diego-Garcia-clavadista-mexicano.webp","datePublished":"2026-04-26T23:28:11+00:00","breadcrumb":{"@id":"https:\/\/potenciaradiofonicadominicana.com\/portal\/mexico-lidera-atletas-clasificados-rumbo-a-santo-domingo-2026\/#breadcrumb"},"inLanguage":"es","potentialAction":[{"@type":"ReadAction","target":["https:\/\/potenciaradiofonicadominicana.com\/portal\/mexico-lidera-atletas-clasificados-rumbo-a-santo-domingo-2026\/"]}]},{"@type":"ImageObject","inLanguage":"es","@id":"https:\/\/potenciaradiofonicadominicana.com\/portal\/mexico-lidera-atletas-clasificados-rumbo-a-santo-domingo-2026\/#primaryimage","url":"https:\/\/potenciaradiofonicadominicana.com\/portal\/wp-content\/uploads\/2026\/04\/Diego-Garcia-clavadista-mexicano.webp","contentUrl":"https:\/\/potenciaradiofonicadominicana.com\/portal\/wp-content\/uploads\/2026\/04\/Diego-Garcia-clavadista-mexicano.webp","width":828,"height":552},{"@type":"BreadcrumbList","@id":"https:\/\/potenciaradiofonicadominicana.com\/portal\/mexico-lidera-atletas-clasificados-rumbo-a-santo-domingo-2026\/#breadcrumb","itemListElement":[{"@type":"ListItem","position":1,"name":"Portada","item":"https:\/\/potenciaradiofonicadominicana.com\/portal\/"},{"@type":"ListItem","position":2,"name":"M\u00e9xico lidera atletas clasificados rumbo a Santo Domingo 2026"}]},{"@type":"WebSite","@id":"https:\/\/potenciaradiofonicadominicana.com\/portal\/#website","url":"https:\/\/potenciaradiofonicadominicana.com\/portal\/","name":"PotenciaRadiofonicaDominicana.com","description":"Peri\u00f3dico Digital","publisher":{"@id":"https:\/\/potenciaradiofonicadominicana.com\/portal\/#organization"},"potentialAction":[{"@type":"SearchAction","target":{"@type":"EntryPoint","urlTemplate":"https:\/\/potenciaradiofonicadominicana.com\/portal\/?s={search_term_string}"},"query-input":{"@type":"PropertyValueSpecification","valueRequired":true,"valueName":"search_term_string"}}],"inLanguage":"es"},{"@type":"Organization","@id":"https:\/\/potenciaradiofonicadominicana.com\/portal\/#organization","name":"PotenciaRadiofonicaDominicana.com","url":"https:\/\/potenciaradiofonicadominicana.com\/portal\/","logo":{"@type":"ImageObject","inLanguage":"es","@id":"https:\/\/potenciaradiofonicadominicana.com\/portal\/#\/schema\/logo\/image\/","url":"https:\/\/potenciaradiofonicadominicana.com\/portal\/wp-content\/uploads\/2022\/01\/descarga.png","contentUrl":"https:\/\/potenciaradiofonicadominicana.com\/portal\/wp-content\/uploads\/2022\/01\/descarga.png","width":300,"height":100,"caption":"PotenciaRadiofonicaDominicana.com"},"image":{"@id":"https:\/\/potenciaradiofonicadominicana.com\/portal\/#\/schema\/logo\/image\/"},"sameAs":["https:\/\/web.facebook.com\/PotenciaRadiofonicaD"]},{"@type":"Person","@id":"https:\/\/potenciaradiofonicadominicana.com\/portal\/#\/schema\/person\/a5cf1fea13877803ee0573ac18b03490","name":"Potencia Radiof\u00f3nica Dominicana","image":{"@type":"ImageObject","inLanguage":"es","@id":"https:\/\/potenciaradiofonicadominicana.com\/portal\/#\/schema\/person\/image\/","url":"https:\/\/secure.gravatar.com\/avatar\/42a55ab9e8ccc656ba34cd791990602a?s=96&d=mm&r=g","contentUrl":"https:\/\/secure.gravatar.com\/avatar\/42a55ab9e8ccc656ba34cd791990602a?s=96&d=mm&r=g","caption":"Potencia Radiof\u00f3nica Dominicana"},"url":"https:\/\/potenciaradiofonicadominicana.com\/portal\/author\/johannyalmanzar\/"}]}},"_links":{"self":[{"href":"https:\/\/potenciaradiofonicadominicana.com\/portal\/wp-json\/wp\/v2\/posts\/215792","targetHints":{"allow":["GET"]}}],"collection":[{"href":"https:\/\/potenciaradiofonicadominicana.com\/portal\/wp-json\/wp\/v2\/posts"}],"about":[{"href":"https:\/\/potenciaradiofonicadominicana.com\/portal\/wp-json\/wp\/v2\/types\/post"}],"author":[{"embeddable":true,"href":"https:\/\/potenciaradiofonicadominicana.com\/portal\/wp-json\/wp\/v2\/users\/2"}],"replies":[{"embeddable":true,"href":"https:\/\/potenciaradiofonicadominicana.com\/portal\/wp-json\/wp\/v2\/comments?post=215792"}],"version-history":[{"count":1,"href":"https:\/\/potenciaradiofonicadominicana.com\/portal\/wp-json\/wp\/v2\/posts\/215792\/revisions"}],"predecessor-version":[{"id":215794,"href":"https:\/\/potenciaradiofonicadominicana.com\/portal\/wp-json\/wp\/v2\/posts\/215792\/revisions\/215794"}],"wp:featuredmedia":[{"embeddable":true,"href":"https:\/\/potenciaradiofonicadominicana.com\/portal\/wp-json\/wp\/v2\/media\/215793"}],"wp:attachment":[{"href":"https:\/\/potenciaradiofonicadominicana.com\/portal\/wp-json\/wp\/v2\/media?parent=215792"}],"wp:term":[{"taxonomy":"category","embeddable":true,"href":"https:\/\/potenciaradiofonicadominicana.com\/portal\/wp-json\/wp\/v2\/categories?post=215792"},{"taxonomy":"post_tag","embeddable":true,"href":"https:\/\/potenciaradiofonicadominicana.com\/portal\/wp-json\/wp\/v2\/tags?post=215792"}],"curies":[{"name":"wp","href":"https:\/\/api.w.org\/{rel}","templated":true}]}}