{"id":215786,"date":"2026-04-26T19:23:25","date_gmt":"2026-04-26T23:23:25","guid":{"rendered":"https:\/\/potenciaradiofonicadominicana.com\/portal\/?p=215786"},"modified":"2026-04-26T19:23:25","modified_gmt":"2026-04-26T23:23:25","slug":"la-magia-existe-alex-marquez-vuelve-a-ganar-el-gp-de-espana","status":"publish","type":"post","link":"https:\/\/potenciaradiofonicadominicana.com\/portal\/la-magia-existe-alex-marquez-vuelve-a-ganar-el-gp-de-espana\/","title":{"rendered":"\u00abLa magia existe\u00bb: \u00c1lex M\u00e1rquez vuelve a ganar el GP de Espa\u00f1a"},"content":{"rendered":"<p><a href=\"https:\/\/potenciaradiofonicadominicana.com\/portal\/wp-content\/uploads\/2026\/04\/d16979c19524a4c4717633c39d6bbaacaab15be3.jpg\"><img loading=\"lazy\" decoding=\"async\" class=\"alignnone size-full wp-image-215787\" src=\"https:\/\/potenciaradiofonicadominicana.com\/portal\/wp-content\/uploads\/2026\/04\/d16979c19524a4c4717633c39d6bbaacaab15be3.jpg\" alt=\"\" width=\"980\" height=\"654\" srcset=\"https:\/\/potenciaradiofonicadominicana.com\/portal\/wp-content\/uploads\/2026\/04\/d16979c19524a4c4717633c39d6bbaacaab15be3.jpg 980w, https:\/\/potenciaradiofonicadominicana.com\/portal\/wp-content\/uploads\/2026\/04\/d16979c19524a4c4717633c39d6bbaacaab15be3-300x200.jpg 300w, https:\/\/potenciaradiofonicadominicana.com\/portal\/wp-content\/uploads\/2026\/04\/d16979c19524a4c4717633c39d6bbaacaab15be3-768x513.jpg 768w\" sizes=\"auto, (max-width: 980px) 100vw, 980px\" \/><\/a><\/p>\n<p>\u00abLa magia existe\u00bb, se\u00f1al\u00f3 el espa\u00f1ol\u00a0<strong>\u00c1lex M\u00e1rquez<\/strong>\u00a0(Ducati-Gresini) tras ganar este domingo el Gran Premio de Espa\u00f1a de MotoGP por segundo a\u00f1o consecutivo, por delante del l\u00edder del campeonato, Marco\u00a0<strong>Bezzecchi<\/strong>\u00a0(Aprilia), que fue segundo, cortando una racha de cinco victorias consecutivas.<\/p>\n<p>El piloto espa\u00f1ol repiti\u00f3 la victoria del pasado a\u00f1o en este mismo circuito, mientras que el italiano\u00a0<strong>Fabio Di Giannantonio<\/strong>\u00a0(<strong>Ducati-VR46<\/strong>) fue tercero.<\/p>\n<p>\u00abPuedo confirmarlo: la magia existe. Antes de llegar aqu\u00ed no est\u00e1bamos en ninguna parte, ni cerca del podio, ni siquiera quiz\u00e1 con opciones de entrar en el\u00a0<strong>top cinco<\/strong>\u00ab, declar\u00f3\u00a0<strong>\u00c1lex M\u00e1rquez<\/strong>\u00a0a DAZN, tras un\u00a0<strong>dif\u00edcil inicio<\/strong>\u00a0de temporada.<\/p>\n<p>El vigente campe\u00f3n del mundo,\u00a0<strong>Marc M\u00e1rquez<\/strong>\u00a0(Ducati), sufri\u00f3 una\u00a0<strong>ca\u00edda<\/strong>\u00a0que le dej\u00f3 fuera de la pelea por la carrera.<\/p>\n<p>El mayor de los M\u00e1rquez, ganador de la carrera esprint la v\u00edspera y que sali\u00f3 desde la\u00a0<strong>pole<\/strong>, se fue al suelo en la\u00a0<strong>segunda vuelta<\/strong> poco despu\u00e9s de ser adelantado por \u00c1lex.<\/p>\n<p><strong>Bezzecchi<\/strong>\u00a0ampli\u00f3 su ventaja al frente del campeonato mundial de la categor\u00eda reina del motociclismo hasta los 11 puntos de ventaja sobre el espa\u00f1ol\u00a0<strong>Jorge Mart\u00edn<\/strong>, que fue cuarto, tras una carrera relativamente tranquila sin la lluvia que trastoc\u00f3 la jornada del s\u00e1bado.<\/p>\n<p>El italiano se mantuvo durante un tiempo a rueda de\u00a0<strong>\u00c1lex M\u00e1rquez<\/strong>, pero el espa\u00f1ol rodaba r\u00e1pido y\u00a0<strong>Bezzecchi<\/strong>\u00a0opt\u00f3 por la\u00a0<strong>prudencia<\/strong>\u00a0y asegurar el\u00a0<strong>segundo puesto<\/strong> de la carrera.<\/p>\n<p>\u00abDesde que sal\u00ed a pista el viernes me sent\u00ed muy bien. No es que cambi\u00e1ramos una barbaridad, s\u00ed, algunas\u00a0<strong>peque\u00f1as cosas<\/strong>, pero no tanto\u00bb, explic\u00f3\u00a0<strong>\u00c1lex M\u00e1rquez<\/strong>.<\/p>\n<p>\u00abAs\u00ed que estoy muy contento de haber \u00a0podido sobreponerme a los problemas y, una vez m\u00e1s, sacar el m\u00e1ximo de lo que ten\u00edamos\u00bb, a\u00f1adi\u00f3 el ganador del d\u00eda.<\/p>\n<h2>&#8211; \u00abA veces te caes\u00bb &#8211;<\/h2>\n<p><strong>Marc M\u00e1rquez<\/strong>, que baj\u00f3 al quinto puesto de la general tras su\u00a0<strong>ca\u00edda<\/strong>, consider\u00f3 que el\u00a0<strong>viento<\/strong>\u00a0pudo haber influido en su\u00a0<strong>ca\u00edda<\/strong>\u00a0sin restar importancia a su propia responsabilidad.<\/p>\n<p>\u00abA veces te caes, a veces ganas, a veces pierdes, y esta vez nos toc\u00f3 caernos\u00bb, dijo a DAZN.<\/p>\n<p>\u00abLo importante es que hemos disfrutado del fin de semana en Jerez: me lo he pasado bien pilotando la moto&#8230; Nos dec\u00edan que quiz\u00e1 hab\u00eda un poco de\u00a0<strong>viento<\/strong>\u00a0lateral entrando en esa curva, no s\u00e9 si tuvo algo que ver o si fue m\u00e1s un\u00a0<strong>error<\/strong> m\u00edo\u00bb, a\u00f1adi\u00f3.<\/p>\n<p><strong>Marc M\u00e1rquez<\/strong> ha tenido problemas en este inicio de temporada y admiti\u00f3 que ser\u00e1 dif\u00edcil defender su t\u00edtulo.<\/p>\n<p>\u00abNo estoy pilotando lo suficientemente bien como para luchar por el t\u00edtulo, porque si no est\u00e1s en el podio los domingos, es muy dif\u00edcil. Pero intentaremos, poco a poco, seguir mejorando y recuperar esas sensaciones\u00bb, asegur\u00f3.<\/p>\n","protected":false},"excerpt":{"rendered":"<p>\u00abLa magia existe\u00bb, se\u00f1al\u00f3 el espa\u00f1ol\u00a0\u00c1lex M\u00e1rquez\u00a0(Ducati-Gresini) tras ganar este domingo el Gran Premio de Espa\u00f1a de MotoGP por segundo &#8230;<\/p>\n","protected":false},"author":2,"featured_media":215787,"comment_status":"closed","ping_status":"closed","sticky":false,"template":"","format":"standard","meta":{"footnotes":""},"categories":[28],"tags":[],"class_list":["post-215786","post","type-post","status-publish","format-standard","has-post-thumbnail","hentry","category-deportes"],"yoast_head":"<!-- This site is optimized with the Yoast SEO plugin v24.8.1 - https:\/\/yoast.com\/wordpress\/plugins\/seo\/ -->\n<title>&quot;La magia existe&quot;: \u00c1lex M\u00e1rquez vuelve a ganar el GP de Espa\u00f1a - PotenciaRadiofonicaDominicana.com<\/title>\n<meta name=\"robots\" content=\"index, follow, max-snippet:-1, max-image-preview:large, max-video-preview:-1\" \/>\n<link rel=\"canonical\" href=\"https:\/\/potenciaradiofonicadominicana.com\/portal\/la-magia-existe-alex-marquez-vuelve-a-ganar-el-gp-de-espana\/\" \/>\n<meta property=\"og:locale\" content=\"es_ES\" \/>\n<meta property=\"og:type\" content=\"article\" \/>\n<meta property=\"og:title\" content=\"&quot;La magia existe&quot;: \u00c1lex M\u00e1rquez vuelve a ganar el GP de Espa\u00f1a - PotenciaRadiofonicaDominicana.com\" \/>\n<meta property=\"og:description\" content=\"\u00abLa magia existe\u00bb, se\u00f1al\u00f3 el espa\u00f1ol\u00a0\u00c1lex M\u00e1rquez\u00a0(Ducati-Gresini) tras ganar este domingo el Gran Premio de Espa\u00f1a de MotoGP por segundo ...\" \/>\n<meta property=\"og:url\" content=\"https:\/\/potenciaradiofonicadominicana.com\/portal\/la-magia-existe-alex-marquez-vuelve-a-ganar-el-gp-de-espana\/\" \/>\n<meta property=\"og:site_name\" content=\"PotenciaRadiofonicaDominicana.com\" \/>\n<meta property=\"article:publisher\" content=\"https:\/\/web.facebook.com\/PotenciaRadiofonicaD\" \/>\n<meta property=\"article:published_time\" content=\"2026-04-26T23:23:25+00:00\" \/>\n<meta property=\"og:image\" content=\"https:\/\/potenciaradiofonicadominicana.com\/portal\/wp-content\/uploads\/2026\/04\/d16979c19524a4c4717633c39d6bbaacaab15be3.jpg\" \/>\n\t<meta property=\"og:image:width\" content=\"980\" \/>\n\t<meta property=\"og:image:height\" content=\"654\" \/>\n\t<meta property=\"og:image:type\" content=\"image\/jpeg\" \/>\n<meta name=\"author\" content=\"Potencia Radiof\u00f3nica Dominicana\" \/>\n<meta name=\"twitter:card\" content=\"summary_large_image\" \/>\n<meta name=\"twitter:label1\" content=\"Escrito por\" \/>\n\t<meta name=\"twitter:data1\" content=\"Potencia Radiof\u00f3nica Dominicana\" \/>\n\t<meta name=\"twitter:label2\" content=\"Tiempo de lectura\" \/>\n\t<meta name=\"twitter:data2\" content=\"3 minutos\" \/>\n<script type=\"application\/ld+json\" class=\"yoast-schema-graph\">{\"@context\":\"https:\/\/schema.org\",\"@graph\":[{\"@type\":\"Article\",\"@id\":\"https:\/\/potenciaradiofonicadominicana.com\/portal\/la-magia-existe-alex-marquez-vuelve-a-ganar-el-gp-de-espana\/#article\",\"isPartOf\":{\"@id\":\"https:\/\/potenciaradiofonicadominicana.com\/portal\/la-magia-existe-alex-marquez-vuelve-a-ganar-el-gp-de-espana\/\"},\"author\":{\"name\":\"Potencia Radiof\u00f3nica Dominicana\",\"@id\":\"https:\/\/potenciaradiofonicadominicana.com\/portal\/#\/schema\/person\/a5cf1fea13877803ee0573ac18b03490\"},\"headline\":\"\u00abLa magia existe\u00bb: \u00c1lex M\u00e1rquez vuelve a ganar el GP de Espa\u00f1a\",\"datePublished\":\"2026-04-26T23:23:25+00:00\",\"mainEntityOfPage\":{\"@id\":\"https:\/\/potenciaradiofonicadominicana.com\/portal\/la-magia-existe-alex-marquez-vuelve-a-ganar-el-gp-de-espana\/\"},\"wordCount\":506,\"publisher\":{\"@id\":\"https:\/\/potenciaradiofonicadominicana.com\/portal\/#organization\"},\"image\":{\"@id\":\"https:\/\/potenciaradiofonicadominicana.com\/portal\/la-magia-existe-alex-marquez-vuelve-a-ganar-el-gp-de-espana\/#primaryimage\"},\"thumbnailUrl\":\"https:\/\/potenciaradiofonicadominicana.com\/portal\/wp-content\/uploads\/2026\/04\/d16979c19524a4c4717633c39d6bbaacaab15be3.jpg\",\"articleSection\":[\"Deportes\"],\"inLanguage\":\"es\"},{\"@type\":\"WebPage\",\"@id\":\"https:\/\/potenciaradiofonicadominicana.com\/portal\/la-magia-existe-alex-marquez-vuelve-a-ganar-el-gp-de-espana\/\",\"url\":\"https:\/\/potenciaradiofonicadominicana.com\/portal\/la-magia-existe-alex-marquez-vuelve-a-ganar-el-gp-de-espana\/\",\"name\":\"\\\"La magia existe\\\": \u00c1lex M\u00e1rquez vuelve a ganar el GP de Espa\u00f1a - PotenciaRadiofonicaDominicana.com\",\"isPartOf\":{\"@id\":\"https:\/\/potenciaradiofonicadominicana.com\/portal\/#website\"},\"primaryImageOfPage\":{\"@id\":\"https:\/\/potenciaradiofonicadominicana.com\/portal\/la-magia-existe-alex-marquez-vuelve-a-ganar-el-gp-de-espana\/#primaryimage\"},\"image\":{\"@id\":\"https:\/\/potenciaradiofonicadominicana.com\/portal\/la-magia-existe-alex-marquez-vuelve-a-ganar-el-gp-de-espana\/#primaryimage\"},\"thumbnailUrl\":\"https:\/\/potenciaradiofonicadominicana.com\/portal\/wp-content\/uploads\/2026\/04\/d16979c19524a4c4717633c39d6bbaacaab15be3.jpg\",\"datePublished\":\"2026-04-26T23:23:25+00:00\",\"breadcrumb\":{\"@id\":\"https:\/\/potenciaradiofonicadominicana.com\/portal\/la-magia-existe-alex-marquez-vuelve-a-ganar-el-gp-de-espana\/#breadcrumb\"},\"inLanguage\":\"es\",\"potentialAction\":[{\"@type\":\"ReadAction\",\"target\":[\"https:\/\/potenciaradiofonicadominicana.com\/portal\/la-magia-existe-alex-marquez-vuelve-a-ganar-el-gp-de-espana\/\"]}]},{\"@type\":\"ImageObject\",\"inLanguage\":\"es\",\"@id\":\"https:\/\/potenciaradiofonicadominicana.com\/portal\/la-magia-existe-alex-marquez-vuelve-a-ganar-el-gp-de-espana\/#primaryimage\",\"url\":\"https:\/\/potenciaradiofonicadominicana.com\/portal\/wp-content\/uploads\/2026\/04\/d16979c19524a4c4717633c39d6bbaacaab15be3.jpg\",\"contentUrl\":\"https:\/\/potenciaradiofonicadominicana.com\/portal\/wp-content\/uploads\/2026\/04\/d16979c19524a4c4717633c39d6bbaacaab15be3.jpg\",\"width\":980,\"height\":654},{\"@type\":\"BreadcrumbList\",\"@id\":\"https:\/\/potenciaradiofonicadominicana.com\/portal\/la-magia-existe-alex-marquez-vuelve-a-ganar-el-gp-de-espana\/#breadcrumb\",\"itemListElement\":[{\"@type\":\"ListItem\",\"position\":1,\"name\":\"Portada\",\"item\":\"https:\/\/potenciaradiofonicadominicana.com\/portal\/\"},{\"@type\":\"ListItem\",\"position\":2,\"name\":\"\u00abLa magia existe\u00bb: \u00c1lex M\u00e1rquez vuelve a ganar el GP de Espa\u00f1a\"}]},{\"@type\":\"WebSite\",\"@id\":\"https:\/\/potenciaradiofonicadominicana.com\/portal\/#website\",\"url\":\"https:\/\/potenciaradiofonicadominicana.com\/portal\/\",\"name\":\"PotenciaRadiofonicaDominicana.com\",\"description\":\"Peri\u00f3dico Digital\",\"publisher\":{\"@id\":\"https:\/\/potenciaradiofonicadominicana.com\/portal\/#organization\"},\"potentialAction\":[{\"@type\":\"SearchAction\",\"target\":{\"@type\":\"EntryPoint\",\"urlTemplate\":\"https:\/\/potenciaradiofonicadominicana.com\/portal\/?s={search_term_string}\"},\"query-input\":{\"@type\":\"PropertyValueSpecification\",\"valueRequired\":true,\"valueName\":\"search_term_string\"}}],\"inLanguage\":\"es\"},{\"@type\":\"Organization\",\"@id\":\"https:\/\/potenciaradiofonicadominicana.com\/portal\/#organization\",\"name\":\"PotenciaRadiofonicaDominicana.com\",\"url\":\"https:\/\/potenciaradiofonicadominicana.com\/portal\/\",\"logo\":{\"@type\":\"ImageObject\",\"inLanguage\":\"es\",\"@id\":\"https:\/\/potenciaradiofonicadominicana.com\/portal\/#\/schema\/logo\/image\/\",\"url\":\"https:\/\/potenciaradiofonicadominicana.com\/portal\/wp-content\/uploads\/2022\/01\/descarga.png\",\"contentUrl\":\"https:\/\/potenciaradiofonicadominicana.com\/portal\/wp-content\/uploads\/2022\/01\/descarga.png\",\"width\":300,\"height\":100,\"caption\":\"PotenciaRadiofonicaDominicana.com\"},\"image\":{\"@id\":\"https:\/\/potenciaradiofonicadominicana.com\/portal\/#\/schema\/logo\/image\/\"},\"sameAs\":[\"https:\/\/web.facebook.com\/PotenciaRadiofonicaD\"]},{\"@type\":\"Person\",\"@id\":\"https:\/\/potenciaradiofonicadominicana.com\/portal\/#\/schema\/person\/a5cf1fea13877803ee0573ac18b03490\",\"name\":\"Potencia Radiof\u00f3nica Dominicana\",\"image\":{\"@type\":\"ImageObject\",\"inLanguage\":\"es\",\"@id\":\"https:\/\/potenciaradiofonicadominicana.com\/portal\/#\/schema\/person\/image\/\",\"url\":\"https:\/\/secure.gravatar.com\/avatar\/42a55ab9e8ccc656ba34cd791990602a?s=96&d=mm&r=g\",\"contentUrl\":\"https:\/\/secure.gravatar.com\/avatar\/42a55ab9e8ccc656ba34cd791990602a?s=96&d=mm&r=g\",\"caption\":\"Potencia Radiof\u00f3nica Dominicana\"},\"url\":\"https:\/\/potenciaradiofonicadominicana.com\/portal\/author\/johannyalmanzar\/\"}]}<\/script>\n<!-- \/ Yoast SEO plugin. -->","yoast_head_json":{"title":"\"La magia existe\": \u00c1lex M\u00e1rquez vuelve a ganar el GP de Espa\u00f1a - PotenciaRadiofonicaDominicana.com","robots":{"index":"index","follow":"follow","max-snippet":"max-snippet:-1","max-image-preview":"max-image-preview:large","max-video-preview":"max-video-preview:-1"},"canonical":"https:\/\/potenciaradiofonicadominicana.com\/portal\/la-magia-existe-alex-marquez-vuelve-a-ganar-el-gp-de-espana\/","og_locale":"es_ES","og_type":"article","og_title":"\"La magia existe\": \u00c1lex M\u00e1rquez vuelve a ganar el GP de Espa\u00f1a - PotenciaRadiofonicaDominicana.com","og_description":"\u00abLa magia existe\u00bb, se\u00f1al\u00f3 el espa\u00f1ol\u00a0\u00c1lex M\u00e1rquez\u00a0(Ducati-Gresini) tras ganar este domingo el Gran Premio de Espa\u00f1a de MotoGP por segundo ...","og_url":"https:\/\/potenciaradiofonicadominicana.com\/portal\/la-magia-existe-alex-marquez-vuelve-a-ganar-el-gp-de-espana\/","og_site_name":"PotenciaRadiofonicaDominicana.com","article_publisher":"https:\/\/web.facebook.com\/PotenciaRadiofonicaD","article_published_time":"2026-04-26T23:23:25+00:00","og_image":[{"width":980,"height":654,"url":"https:\/\/potenciaradiofonicadominicana.com\/portal\/wp-content\/uploads\/2026\/04\/d16979c19524a4c4717633c39d6bbaacaab15be3.jpg","type":"image\/jpeg"}],"author":"Potencia Radiof\u00f3nica Dominicana","twitter_card":"summary_large_image","twitter_misc":{"Escrito por":"Potencia Radiof\u00f3nica Dominicana","Tiempo de lectura":"3 minutos"},"schema":{"@context":"https:\/\/schema.org","@graph":[{"@type":"Article","@id":"https:\/\/potenciaradiofonicadominicana.com\/portal\/la-magia-existe-alex-marquez-vuelve-a-ganar-el-gp-de-espana\/#article","isPartOf":{"@id":"https:\/\/potenciaradiofonicadominicana.com\/portal\/la-magia-existe-alex-marquez-vuelve-a-ganar-el-gp-de-espana\/"},"author":{"name":"Potencia Radiof\u00f3nica Dominicana","@id":"https:\/\/potenciaradiofonicadominicana.com\/portal\/#\/schema\/person\/a5cf1fea13877803ee0573ac18b03490"},"headline":"\u00abLa magia existe\u00bb: \u00c1lex M\u00e1rquez vuelve a ganar el GP de Espa\u00f1a","datePublished":"2026-04-26T23:23:25+00:00","mainEntityOfPage":{"@id":"https:\/\/potenciaradiofonicadominicana.com\/portal\/la-magia-existe-alex-marquez-vuelve-a-ganar-el-gp-de-espana\/"},"wordCount":506,"publisher":{"@id":"https:\/\/potenciaradiofonicadominicana.com\/portal\/#organization"},"image":{"@id":"https:\/\/potenciaradiofonicadominicana.com\/portal\/la-magia-existe-alex-marquez-vuelve-a-ganar-el-gp-de-espana\/#primaryimage"},"thumbnailUrl":"https:\/\/potenciaradiofonicadominicana.com\/portal\/wp-content\/uploads\/2026\/04\/d16979c19524a4c4717633c39d6bbaacaab15be3.jpg","articleSection":["Deportes"],"inLanguage":"es"},{"@type":"WebPage","@id":"https:\/\/potenciaradiofonicadominicana.com\/portal\/la-magia-existe-alex-marquez-vuelve-a-ganar-el-gp-de-espana\/","url":"https:\/\/potenciaradiofonicadominicana.com\/portal\/la-magia-existe-alex-marquez-vuelve-a-ganar-el-gp-de-espana\/","name":"\"La magia existe\": \u00c1lex M\u00e1rquez vuelve a ganar el GP de Espa\u00f1a - PotenciaRadiofonicaDominicana.com","isPartOf":{"@id":"https:\/\/potenciaradiofonicadominicana.com\/portal\/#website"},"primaryImageOfPage":{"@id":"https:\/\/potenciaradiofonicadominicana.com\/portal\/la-magia-existe-alex-marquez-vuelve-a-ganar-el-gp-de-espana\/#primaryimage"},"image":{"@id":"https:\/\/potenciaradiofonicadominicana.com\/portal\/la-magia-existe-alex-marquez-vuelve-a-ganar-el-gp-de-espana\/#primaryimage"},"thumbnailUrl":"https:\/\/potenciaradiofonicadominicana.com\/portal\/wp-content\/uploads\/2026\/04\/d16979c19524a4c4717633c39d6bbaacaab15be3.jpg","datePublished":"2026-04-26T23:23:25+00:00","breadcrumb":{"@id":"https:\/\/potenciaradiofonicadominicana.com\/portal\/la-magia-existe-alex-marquez-vuelve-a-ganar-el-gp-de-espana\/#breadcrumb"},"inLanguage":"es","potentialAction":[{"@type":"ReadAction","target":["https:\/\/potenciaradiofonicadominicana.com\/portal\/la-magia-existe-alex-marquez-vuelve-a-ganar-el-gp-de-espana\/"]}]},{"@type":"ImageObject","inLanguage":"es","@id":"https:\/\/potenciaradiofonicadominicana.com\/portal\/la-magia-existe-alex-marquez-vuelve-a-ganar-el-gp-de-espana\/#primaryimage","url":"https:\/\/potenciaradiofonicadominicana.com\/portal\/wp-content\/uploads\/2026\/04\/d16979c19524a4c4717633c39d6bbaacaab15be3.jpg","contentUrl":"https:\/\/potenciaradiofonicadominicana.com\/portal\/wp-content\/uploads\/2026\/04\/d16979c19524a4c4717633c39d6bbaacaab15be3.jpg","width":980,"height":654},{"@type":"BreadcrumbList","@id":"https:\/\/potenciaradiofonicadominicana.com\/portal\/la-magia-existe-alex-marquez-vuelve-a-ganar-el-gp-de-espana\/#breadcrumb","itemListElement":[{"@type":"ListItem","position":1,"name":"Portada","item":"https:\/\/potenciaradiofonicadominicana.com\/portal\/"},{"@type":"ListItem","position":2,"name":"\u00abLa magia existe\u00bb: \u00c1lex M\u00e1rquez vuelve a ganar el GP de Espa\u00f1a"}]},{"@type":"WebSite","@id":"https:\/\/potenciaradiofonicadominicana.com\/portal\/#website","url":"https:\/\/potenciaradiofonicadominicana.com\/portal\/","name":"PotenciaRadiofonicaDominicana.com","description":"Peri\u00f3dico Digital","publisher":{"@id":"https:\/\/potenciaradiofonicadominicana.com\/portal\/#organization"},"potentialAction":[{"@type":"SearchAction","target":{"@type":"EntryPoint","urlTemplate":"https:\/\/potenciaradiofonicadominicana.com\/portal\/?s={search_term_string}"},"query-input":{"@type":"PropertyValueSpecification","valueRequired":true,"valueName":"search_term_string"}}],"inLanguage":"es"},{"@type":"Organization","@id":"https:\/\/potenciaradiofonicadominicana.com\/portal\/#organization","name":"PotenciaRadiofonicaDominicana.com","url":"https:\/\/potenciaradiofonicadominicana.com\/portal\/","logo":{"@type":"ImageObject","inLanguage":"es","@id":"https:\/\/potenciaradiofonicadominicana.com\/portal\/#\/schema\/logo\/image\/","url":"https:\/\/potenciaradiofonicadominicana.com\/portal\/wp-content\/uploads\/2022\/01\/descarga.png","contentUrl":"https:\/\/potenciaradiofonicadominicana.com\/portal\/wp-content\/uploads\/2022\/01\/descarga.png","width":300,"height":100,"caption":"PotenciaRadiofonicaDominicana.com"},"image":{"@id":"https:\/\/potenciaradiofonicadominicana.com\/portal\/#\/schema\/logo\/image\/"},"sameAs":["https:\/\/web.facebook.com\/PotenciaRadiofonicaD"]},{"@type":"Person","@id":"https:\/\/potenciaradiofonicadominicana.com\/portal\/#\/schema\/person\/a5cf1fea13877803ee0573ac18b03490","name":"Potencia Radiof\u00f3nica Dominicana","image":{"@type":"ImageObject","inLanguage":"es","@id":"https:\/\/potenciaradiofonicadominicana.com\/portal\/#\/schema\/person\/image\/","url":"https:\/\/secure.gravatar.com\/avatar\/42a55ab9e8ccc656ba34cd791990602a?s=96&d=mm&r=g","contentUrl":"https:\/\/secure.gravatar.com\/avatar\/42a55ab9e8ccc656ba34cd791990602a?s=96&d=mm&r=g","caption":"Potencia Radiof\u00f3nica Dominicana"},"url":"https:\/\/potenciaradiofonicadominicana.com\/portal\/author\/johannyalmanzar\/"}]}},"_links":{"self":[{"href":"https:\/\/potenciaradiofonicadominicana.com\/portal\/wp-json\/wp\/v2\/posts\/215786","targetHints":{"allow":["GET"]}}],"collection":[{"href":"https:\/\/potenciaradiofonicadominicana.com\/portal\/wp-json\/wp\/v2\/posts"}],"about":[{"href":"https:\/\/potenciaradiofonicadominicana.com\/portal\/wp-json\/wp\/v2\/types\/post"}],"author":[{"embeddable":true,"href":"https:\/\/potenciaradiofonicadominicana.com\/portal\/wp-json\/wp\/v2\/users\/2"}],"replies":[{"embeddable":true,"href":"https:\/\/potenciaradiofonicadominicana.com\/portal\/wp-json\/wp\/v2\/comments?post=215786"}],"version-history":[{"count":1,"href":"https:\/\/potenciaradiofonicadominicana.com\/portal\/wp-json\/wp\/v2\/posts\/215786\/revisions"}],"predecessor-version":[{"id":215788,"href":"https:\/\/potenciaradiofonicadominicana.com\/portal\/wp-json\/wp\/v2\/posts\/215786\/revisions\/215788"}],"wp:featuredmedia":[{"embeddable":true,"href":"https:\/\/potenciaradiofonicadominicana.com\/portal\/wp-json\/wp\/v2\/media\/215787"}],"wp:attachment":[{"href":"https:\/\/potenciaradiofonicadominicana.com\/portal\/wp-json\/wp\/v2\/media?parent=215786"}],"wp:term":[{"taxonomy":"category","embeddable":true,"href":"https:\/\/potenciaradiofonicadominicana.com\/portal\/wp-json\/wp\/v2\/categories?post=215786"},{"taxonomy":"post_tag","embeddable":true,"href":"https:\/\/potenciaradiofonicadominicana.com\/portal\/wp-json\/wp\/v2\/tags?post=215786"}],"curies":[{"name":"wp","href":"https:\/\/api.w.org\/{rel}","templated":true}]}}