{"id":215780,"date":"2026-04-26T19:20:37","date_gmt":"2026-04-26T23:20:37","guid":{"rendered":"https:\/\/potenciaradiofonicadominicana.com\/portal\/?p=215780"},"modified":"2026-04-26T19:20:37","modified_gmt":"2026-04-26T23:20:37","slug":"geraldo-perdomo-sale-lesionado-del-primer-juego-de-la-mexico-city-series","status":"publish","type":"post","link":"https:\/\/potenciaradiofonicadominicana.com\/portal\/geraldo-perdomo-sale-lesionado-del-primer-juego-de-la-mexico-city-series\/","title":{"rendered":"Geraldo Perdomo sale lesionado del primer juego de la Mexico City Series"},"content":{"rendered":"<p><a href=\"https:\/\/potenciaradiofonicadominicana.com\/portal\/wp-content\/uploads\/2026\/04\/ipu1qnak7qm2v0cypmvt-scaled.jpg\"><img loading=\"lazy\" decoding=\"async\" class=\"alignnone size-full wp-image-215781\" src=\"https:\/\/potenciaradiofonicadominicana.com\/portal\/wp-content\/uploads\/2026\/04\/ipu1qnak7qm2v0cypmvt-scaled.jpg\" alt=\"\" width=\"2560\" height=\"1440\" srcset=\"https:\/\/potenciaradiofonicadominicana.com\/portal\/wp-content\/uploads\/2026\/04\/ipu1qnak7qm2v0cypmvt-scaled.jpg 2560w, https:\/\/potenciaradiofonicadominicana.com\/portal\/wp-content\/uploads\/2026\/04\/ipu1qnak7qm2v0cypmvt-300x169.jpg 300w, https:\/\/potenciaradiofonicadominicana.com\/portal\/wp-content\/uploads\/2026\/04\/ipu1qnak7qm2v0cypmvt-1024x576.jpg 1024w, https:\/\/potenciaradiofonicadominicana.com\/portal\/wp-content\/uploads\/2026\/04\/ipu1qnak7qm2v0cypmvt-768x432.jpg 768w, https:\/\/potenciaradiofonicadominicana.com\/portal\/wp-content\/uploads\/2026\/04\/ipu1qnak7qm2v0cypmvt-1536x864.jpg 1536w, https:\/\/potenciaradiofonicadominicana.com\/portal\/wp-content\/uploads\/2026\/04\/ipu1qnak7qm2v0cypmvt-2048x1152.jpg 2048w\" sizes=\"auto, (max-width: 2560px) 100vw, 2560px\" \/><\/a><\/p>\n<p>CIUDAD DE M\u00c9XICO \u2013 Dos jugadores de los Diamondbacks abandonaron el partido inaugural MLB World Tour: Mexico City Series, disputado el s\u00e1bado en el Estadio Alfredo Harp Hel\u00fa. El lanzador derecho Zac Gallen tuvo que abandonar su apertura por una contusi\u00f3n en el hombro derecho, sufrida en un batazo de regreso al lanzador en la tercera entrada, mientras que el campocorto Geraldo Perdomo pareci\u00f3 lesionarse el pie\/tobillo en una jugada en la parte alta de la s\u00e9ptima.<\/p>\n<p>Gallen domin\u00f3 desde el principio, retirando a los primeros siete bateadores que enfrent\u00f3 contra los Padres. Comenz\u00f3 con eficiencia y control, ponchando a Xander Bogaerts y Gavin Sheets para cerrar una segunda entrada impecable.<\/p>\n<p>Corazex<br \/>\nUn truco casero sencillo que elimina la hipertensi\u00f3n para siempre<br \/>\nEste h\u00e1bito saludable bajar\u00e1 tu presi\u00f3n a 120\/80 para siempre<br \/>\nM\u00e1s informaci\u00f3n<br \/>\nPero los Padres conectaron su primer hit en la tercera entrada cuando Freddy Ferm\u00edn bate\u00f3 un sencillo al cuadro interior que se desvi\u00f3 en el brazo de Gallen. La pelota alcanz\u00f3 una velocidad de 92.3 mph al salir del bate. Tras una breve visita al mont\u00edculo, Gallen permaneci\u00f3 en el juego, realiz\u00f3 un par de lanzamientos de calentamiento y r\u00e1pidamente recuper\u00f3 el ritmo.<\/p>\n<p>Luego retir\u00f3 al siguiente bateador, Jake Cronenworth, con un rodado antes de finalizar su actuaci\u00f3n con otro ponche, haciendo que Ram\u00f3n Laureano hiciera swing a un cutter de 90.1 mph bajo en la zona de strike.<\/p>\n<p>Gallen complet\u00f3 tres entradas permitiendo solo un hit en 49 lanzamientos antes de cederle el mont\u00edculo a Brandon Pfaadt para comenzar la cuarta entrada.<\/p>\n<p>M\u00e1s tarde en el juego, las preocupaciones por lesiones continuaron para Arizona debido a un elevado de Ty France que dio un bote extra\u00f1o mientras se dirig\u00eda hacia Perdomo en el campocorto. Perdomo se mostr\u00f3 inc\u00f3modo al manejar la jugada e hizo el tiro a Ildemaro Vargas antes de ser reemplazado.<\/p>\n<p>Perdomo se fue de 3-0 con un ponche en la parte baja de la primera entrada.<\/p>\n","protected":false},"excerpt":{"rendered":"<p>CIUDAD DE M\u00c9XICO \u2013 Dos jugadores de los Diamondbacks abandonaron el partido inaugural MLB World Tour: Mexico City Series, disputado &#8230;<\/p>\n","protected":false},"author":2,"featured_media":215781,"comment_status":"closed","ping_status":"closed","sticky":false,"template":"","format":"standard","meta":{"footnotes":""},"categories":[28],"tags":[],"class_list":["post-215780","post","type-post","status-publish","format-standard","has-post-thumbnail","hentry","category-deportes"],"yoast_head":"<!-- This site is optimized with the Yoast SEO plugin v24.8.1 - https:\/\/yoast.com\/wordpress\/plugins\/seo\/ -->\n<title>Geraldo Perdomo sale lesionado del primer juego de la Mexico City Series - PotenciaRadiofonicaDominicana.com<\/title>\n<meta name=\"robots\" content=\"index, follow, max-snippet:-1, max-image-preview:large, max-video-preview:-1\" \/>\n<link rel=\"canonical\" href=\"https:\/\/potenciaradiofonicadominicana.com\/portal\/geraldo-perdomo-sale-lesionado-del-primer-juego-de-la-mexico-city-series\/\" \/>\n<meta property=\"og:locale\" content=\"es_ES\" \/>\n<meta property=\"og:type\" content=\"article\" \/>\n<meta property=\"og:title\" content=\"Geraldo Perdomo sale lesionado del primer juego de la Mexico City Series - PotenciaRadiofonicaDominicana.com\" \/>\n<meta property=\"og:description\" content=\"CIUDAD DE M\u00c9XICO \u2013 Dos jugadores de los Diamondbacks abandonaron el partido inaugural MLB World Tour: Mexico City Series, disputado ...\" \/>\n<meta property=\"og:url\" content=\"https:\/\/potenciaradiofonicadominicana.com\/portal\/geraldo-perdomo-sale-lesionado-del-primer-juego-de-la-mexico-city-series\/\" \/>\n<meta property=\"og:site_name\" content=\"PotenciaRadiofonicaDominicana.com\" \/>\n<meta property=\"article:publisher\" content=\"https:\/\/web.facebook.com\/PotenciaRadiofonicaD\" \/>\n<meta property=\"article:published_time\" content=\"2026-04-26T23:20:37+00:00\" \/>\n<meta property=\"og:image\" content=\"https:\/\/potenciaradiofonicadominicana.com\/portal\/wp-content\/uploads\/2026\/04\/ipu1qnak7qm2v0cypmvt-scaled.jpg\" \/>\n\t<meta property=\"og:image:width\" content=\"2560\" \/>\n\t<meta property=\"og:image:height\" content=\"1440\" \/>\n\t<meta property=\"og:image:type\" content=\"image\/jpeg\" \/>\n<meta name=\"author\" content=\"Potencia Radiof\u00f3nica Dominicana\" \/>\n<meta name=\"twitter:card\" content=\"summary_large_image\" \/>\n<meta name=\"twitter:label1\" content=\"Escrito por\" \/>\n\t<meta name=\"twitter:data1\" content=\"Potencia Radiof\u00f3nica Dominicana\" \/>\n\t<meta name=\"twitter:label2\" content=\"Tiempo de lectura\" \/>\n\t<meta name=\"twitter:data2\" content=\"2 minutos\" \/>\n<script type=\"application\/ld+json\" class=\"yoast-schema-graph\">{\"@context\":\"https:\/\/schema.org\",\"@graph\":[{\"@type\":\"Article\",\"@id\":\"https:\/\/potenciaradiofonicadominicana.com\/portal\/geraldo-perdomo-sale-lesionado-del-primer-juego-de-la-mexico-city-series\/#article\",\"isPartOf\":{\"@id\":\"https:\/\/potenciaradiofonicadominicana.com\/portal\/geraldo-perdomo-sale-lesionado-del-primer-juego-de-la-mexico-city-series\/\"},\"author\":{\"name\":\"Potencia Radiof\u00f3nica Dominicana\",\"@id\":\"https:\/\/potenciaradiofonicadominicana.com\/portal\/#\/schema\/person\/a5cf1fea13877803ee0573ac18b03490\"},\"headline\":\"Geraldo Perdomo sale lesionado del primer juego de la Mexico City Series\",\"datePublished\":\"2026-04-26T23:20:37+00:00\",\"mainEntityOfPage\":{\"@id\":\"https:\/\/potenciaradiofonicadominicana.com\/portal\/geraldo-perdomo-sale-lesionado-del-primer-juego-de-la-mexico-city-series\/\"},\"wordCount\":351,\"publisher\":{\"@id\":\"https:\/\/potenciaradiofonicadominicana.com\/portal\/#organization\"},\"image\":{\"@id\":\"https:\/\/potenciaradiofonicadominicana.com\/portal\/geraldo-perdomo-sale-lesionado-del-primer-juego-de-la-mexico-city-series\/#primaryimage\"},\"thumbnailUrl\":\"https:\/\/potenciaradiofonicadominicana.com\/portal\/wp-content\/uploads\/2026\/04\/ipu1qnak7qm2v0cypmvt-scaled.jpg\",\"articleSection\":[\"Deportes\"],\"inLanguage\":\"es\"},{\"@type\":\"WebPage\",\"@id\":\"https:\/\/potenciaradiofonicadominicana.com\/portal\/geraldo-perdomo-sale-lesionado-del-primer-juego-de-la-mexico-city-series\/\",\"url\":\"https:\/\/potenciaradiofonicadominicana.com\/portal\/geraldo-perdomo-sale-lesionado-del-primer-juego-de-la-mexico-city-series\/\",\"name\":\"Geraldo Perdomo sale lesionado del primer juego de la Mexico City Series - PotenciaRadiofonicaDominicana.com\",\"isPartOf\":{\"@id\":\"https:\/\/potenciaradiofonicadominicana.com\/portal\/#website\"},\"primaryImageOfPage\":{\"@id\":\"https:\/\/potenciaradiofonicadominicana.com\/portal\/geraldo-perdomo-sale-lesionado-del-primer-juego-de-la-mexico-city-series\/#primaryimage\"},\"image\":{\"@id\":\"https:\/\/potenciaradiofonicadominicana.com\/portal\/geraldo-perdomo-sale-lesionado-del-primer-juego-de-la-mexico-city-series\/#primaryimage\"},\"thumbnailUrl\":\"https:\/\/potenciaradiofonicadominicana.com\/portal\/wp-content\/uploads\/2026\/04\/ipu1qnak7qm2v0cypmvt-scaled.jpg\",\"datePublished\":\"2026-04-26T23:20:37+00:00\",\"breadcrumb\":{\"@id\":\"https:\/\/potenciaradiofonicadominicana.com\/portal\/geraldo-perdomo-sale-lesionado-del-primer-juego-de-la-mexico-city-series\/#breadcrumb\"},\"inLanguage\":\"es\",\"potentialAction\":[{\"@type\":\"ReadAction\",\"target\":[\"https:\/\/potenciaradiofonicadominicana.com\/portal\/geraldo-perdomo-sale-lesionado-del-primer-juego-de-la-mexico-city-series\/\"]}]},{\"@type\":\"ImageObject\",\"inLanguage\":\"es\",\"@id\":\"https:\/\/potenciaradiofonicadominicana.com\/portal\/geraldo-perdomo-sale-lesionado-del-primer-juego-de-la-mexico-city-series\/#primaryimage\",\"url\":\"https:\/\/potenciaradiofonicadominicana.com\/portal\/wp-content\/uploads\/2026\/04\/ipu1qnak7qm2v0cypmvt-scaled.jpg\",\"contentUrl\":\"https:\/\/potenciaradiofonicadominicana.com\/portal\/wp-content\/uploads\/2026\/04\/ipu1qnak7qm2v0cypmvt-scaled.jpg\",\"width\":2560,\"height\":1440},{\"@type\":\"BreadcrumbList\",\"@id\":\"https:\/\/potenciaradiofonicadominicana.com\/portal\/geraldo-perdomo-sale-lesionado-del-primer-juego-de-la-mexico-city-series\/#breadcrumb\",\"itemListElement\":[{\"@type\":\"ListItem\",\"position\":1,\"name\":\"Portada\",\"item\":\"https:\/\/potenciaradiofonicadominicana.com\/portal\/\"},{\"@type\":\"ListItem\",\"position\":2,\"name\":\"Geraldo Perdomo sale lesionado del primer juego de la Mexico City Series\"}]},{\"@type\":\"WebSite\",\"@id\":\"https:\/\/potenciaradiofonicadominicana.com\/portal\/#website\",\"url\":\"https:\/\/potenciaradiofonicadominicana.com\/portal\/\",\"name\":\"PotenciaRadiofonicaDominicana.com\",\"description\":\"Peri\u00f3dico Digital\",\"publisher\":{\"@id\":\"https:\/\/potenciaradiofonicadominicana.com\/portal\/#organization\"},\"potentialAction\":[{\"@type\":\"SearchAction\",\"target\":{\"@type\":\"EntryPoint\",\"urlTemplate\":\"https:\/\/potenciaradiofonicadominicana.com\/portal\/?s={search_term_string}\"},\"query-input\":{\"@type\":\"PropertyValueSpecification\",\"valueRequired\":true,\"valueName\":\"search_term_string\"}}],\"inLanguage\":\"es\"},{\"@type\":\"Organization\",\"@id\":\"https:\/\/potenciaradiofonicadominicana.com\/portal\/#organization\",\"name\":\"PotenciaRadiofonicaDominicana.com\",\"url\":\"https:\/\/potenciaradiofonicadominicana.com\/portal\/\",\"logo\":{\"@type\":\"ImageObject\",\"inLanguage\":\"es\",\"@id\":\"https:\/\/potenciaradiofonicadominicana.com\/portal\/#\/schema\/logo\/image\/\",\"url\":\"https:\/\/potenciaradiofonicadominicana.com\/portal\/wp-content\/uploads\/2022\/01\/descarga.png\",\"contentUrl\":\"https:\/\/potenciaradiofonicadominicana.com\/portal\/wp-content\/uploads\/2022\/01\/descarga.png\",\"width\":300,\"height\":100,\"caption\":\"PotenciaRadiofonicaDominicana.com\"},\"image\":{\"@id\":\"https:\/\/potenciaradiofonicadominicana.com\/portal\/#\/schema\/logo\/image\/\"},\"sameAs\":[\"https:\/\/web.facebook.com\/PotenciaRadiofonicaD\"]},{\"@type\":\"Person\",\"@id\":\"https:\/\/potenciaradiofonicadominicana.com\/portal\/#\/schema\/person\/a5cf1fea13877803ee0573ac18b03490\",\"name\":\"Potencia Radiof\u00f3nica Dominicana\",\"image\":{\"@type\":\"ImageObject\",\"inLanguage\":\"es\",\"@id\":\"https:\/\/potenciaradiofonicadominicana.com\/portal\/#\/schema\/person\/image\/\",\"url\":\"https:\/\/secure.gravatar.com\/avatar\/42a55ab9e8ccc656ba34cd791990602a?s=96&d=mm&r=g\",\"contentUrl\":\"https:\/\/secure.gravatar.com\/avatar\/42a55ab9e8ccc656ba34cd791990602a?s=96&d=mm&r=g\",\"caption\":\"Potencia Radiof\u00f3nica Dominicana\"},\"url\":\"https:\/\/potenciaradiofonicadominicana.com\/portal\/author\/johannyalmanzar\/\"}]}<\/script>\n<!-- \/ Yoast SEO plugin. -->","yoast_head_json":{"title":"Geraldo Perdomo sale lesionado del primer juego de la Mexico City Series - PotenciaRadiofonicaDominicana.com","robots":{"index":"index","follow":"follow","max-snippet":"max-snippet:-1","max-image-preview":"max-image-preview:large","max-video-preview":"max-video-preview:-1"},"canonical":"https:\/\/potenciaradiofonicadominicana.com\/portal\/geraldo-perdomo-sale-lesionado-del-primer-juego-de-la-mexico-city-series\/","og_locale":"es_ES","og_type":"article","og_title":"Geraldo Perdomo sale lesionado del primer juego de la Mexico City Series - PotenciaRadiofonicaDominicana.com","og_description":"CIUDAD DE M\u00c9XICO \u2013 Dos jugadores de los Diamondbacks abandonaron el partido inaugural MLB World Tour: Mexico City Series, disputado ...","og_url":"https:\/\/potenciaradiofonicadominicana.com\/portal\/geraldo-perdomo-sale-lesionado-del-primer-juego-de-la-mexico-city-series\/","og_site_name":"PotenciaRadiofonicaDominicana.com","article_publisher":"https:\/\/web.facebook.com\/PotenciaRadiofonicaD","article_published_time":"2026-04-26T23:20:37+00:00","og_image":[{"width":2560,"height":1440,"url":"https:\/\/potenciaradiofonicadominicana.com\/portal\/wp-content\/uploads\/2026\/04\/ipu1qnak7qm2v0cypmvt-scaled.jpg","type":"image\/jpeg"}],"author":"Potencia Radiof\u00f3nica Dominicana","twitter_card":"summary_large_image","twitter_misc":{"Escrito por":"Potencia Radiof\u00f3nica Dominicana","Tiempo de lectura":"2 minutos"},"schema":{"@context":"https:\/\/schema.org","@graph":[{"@type":"Article","@id":"https:\/\/potenciaradiofonicadominicana.com\/portal\/geraldo-perdomo-sale-lesionado-del-primer-juego-de-la-mexico-city-series\/#article","isPartOf":{"@id":"https:\/\/potenciaradiofonicadominicana.com\/portal\/geraldo-perdomo-sale-lesionado-del-primer-juego-de-la-mexico-city-series\/"},"author":{"name":"Potencia Radiof\u00f3nica Dominicana","@id":"https:\/\/potenciaradiofonicadominicana.com\/portal\/#\/schema\/person\/a5cf1fea13877803ee0573ac18b03490"},"headline":"Geraldo Perdomo sale lesionado del primer juego de la Mexico City Series","datePublished":"2026-04-26T23:20:37+00:00","mainEntityOfPage":{"@id":"https:\/\/potenciaradiofonicadominicana.com\/portal\/geraldo-perdomo-sale-lesionado-del-primer-juego-de-la-mexico-city-series\/"},"wordCount":351,"publisher":{"@id":"https:\/\/potenciaradiofonicadominicana.com\/portal\/#organization"},"image":{"@id":"https:\/\/potenciaradiofonicadominicana.com\/portal\/geraldo-perdomo-sale-lesionado-del-primer-juego-de-la-mexico-city-series\/#primaryimage"},"thumbnailUrl":"https:\/\/potenciaradiofonicadominicana.com\/portal\/wp-content\/uploads\/2026\/04\/ipu1qnak7qm2v0cypmvt-scaled.jpg","articleSection":["Deportes"],"inLanguage":"es"},{"@type":"WebPage","@id":"https:\/\/potenciaradiofonicadominicana.com\/portal\/geraldo-perdomo-sale-lesionado-del-primer-juego-de-la-mexico-city-series\/","url":"https:\/\/potenciaradiofonicadominicana.com\/portal\/geraldo-perdomo-sale-lesionado-del-primer-juego-de-la-mexico-city-series\/","name":"Geraldo Perdomo sale lesionado del primer juego de la Mexico City Series - PotenciaRadiofonicaDominicana.com","isPartOf":{"@id":"https:\/\/potenciaradiofonicadominicana.com\/portal\/#website"},"primaryImageOfPage":{"@id":"https:\/\/potenciaradiofonicadominicana.com\/portal\/geraldo-perdomo-sale-lesionado-del-primer-juego-de-la-mexico-city-series\/#primaryimage"},"image":{"@id":"https:\/\/potenciaradiofonicadominicana.com\/portal\/geraldo-perdomo-sale-lesionado-del-primer-juego-de-la-mexico-city-series\/#primaryimage"},"thumbnailUrl":"https:\/\/potenciaradiofonicadominicana.com\/portal\/wp-content\/uploads\/2026\/04\/ipu1qnak7qm2v0cypmvt-scaled.jpg","datePublished":"2026-04-26T23:20:37+00:00","breadcrumb":{"@id":"https:\/\/potenciaradiofonicadominicana.com\/portal\/geraldo-perdomo-sale-lesionado-del-primer-juego-de-la-mexico-city-series\/#breadcrumb"},"inLanguage":"es","potentialAction":[{"@type":"ReadAction","target":["https:\/\/potenciaradiofonicadominicana.com\/portal\/geraldo-perdomo-sale-lesionado-del-primer-juego-de-la-mexico-city-series\/"]}]},{"@type":"ImageObject","inLanguage":"es","@id":"https:\/\/potenciaradiofonicadominicana.com\/portal\/geraldo-perdomo-sale-lesionado-del-primer-juego-de-la-mexico-city-series\/#primaryimage","url":"https:\/\/potenciaradiofonicadominicana.com\/portal\/wp-content\/uploads\/2026\/04\/ipu1qnak7qm2v0cypmvt-scaled.jpg","contentUrl":"https:\/\/potenciaradiofonicadominicana.com\/portal\/wp-content\/uploads\/2026\/04\/ipu1qnak7qm2v0cypmvt-scaled.jpg","width":2560,"height":1440},{"@type":"BreadcrumbList","@id":"https:\/\/potenciaradiofonicadominicana.com\/portal\/geraldo-perdomo-sale-lesionado-del-primer-juego-de-la-mexico-city-series\/#breadcrumb","itemListElement":[{"@type":"ListItem","position":1,"name":"Portada","item":"https:\/\/potenciaradiofonicadominicana.com\/portal\/"},{"@type":"ListItem","position":2,"name":"Geraldo Perdomo sale lesionado del primer juego de la Mexico City Series"}]},{"@type":"WebSite","@id":"https:\/\/potenciaradiofonicadominicana.com\/portal\/#website","url":"https:\/\/potenciaradiofonicadominicana.com\/portal\/","name":"PotenciaRadiofonicaDominicana.com","description":"Peri\u00f3dico Digital","publisher":{"@id":"https:\/\/potenciaradiofonicadominicana.com\/portal\/#organization"},"potentialAction":[{"@type":"SearchAction","target":{"@type":"EntryPoint","urlTemplate":"https:\/\/potenciaradiofonicadominicana.com\/portal\/?s={search_term_string}"},"query-input":{"@type":"PropertyValueSpecification","valueRequired":true,"valueName":"search_term_string"}}],"inLanguage":"es"},{"@type":"Organization","@id":"https:\/\/potenciaradiofonicadominicana.com\/portal\/#organization","name":"PotenciaRadiofonicaDominicana.com","url":"https:\/\/potenciaradiofonicadominicana.com\/portal\/","logo":{"@type":"ImageObject","inLanguage":"es","@id":"https:\/\/potenciaradiofonicadominicana.com\/portal\/#\/schema\/logo\/image\/","url":"https:\/\/potenciaradiofonicadominicana.com\/portal\/wp-content\/uploads\/2022\/01\/descarga.png","contentUrl":"https:\/\/potenciaradiofonicadominicana.com\/portal\/wp-content\/uploads\/2022\/01\/descarga.png","width":300,"height":100,"caption":"PotenciaRadiofonicaDominicana.com"},"image":{"@id":"https:\/\/potenciaradiofonicadominicana.com\/portal\/#\/schema\/logo\/image\/"},"sameAs":["https:\/\/web.facebook.com\/PotenciaRadiofonicaD"]},{"@type":"Person","@id":"https:\/\/potenciaradiofonicadominicana.com\/portal\/#\/schema\/person\/a5cf1fea13877803ee0573ac18b03490","name":"Potencia Radiof\u00f3nica Dominicana","image":{"@type":"ImageObject","inLanguage":"es","@id":"https:\/\/potenciaradiofonicadominicana.com\/portal\/#\/schema\/person\/image\/","url":"https:\/\/secure.gravatar.com\/avatar\/42a55ab9e8ccc656ba34cd791990602a?s=96&d=mm&r=g","contentUrl":"https:\/\/secure.gravatar.com\/avatar\/42a55ab9e8ccc656ba34cd791990602a?s=96&d=mm&r=g","caption":"Potencia Radiof\u00f3nica Dominicana"},"url":"https:\/\/potenciaradiofonicadominicana.com\/portal\/author\/johannyalmanzar\/"}]}},"_links":{"self":[{"href":"https:\/\/potenciaradiofonicadominicana.com\/portal\/wp-json\/wp\/v2\/posts\/215780","targetHints":{"allow":["GET"]}}],"collection":[{"href":"https:\/\/potenciaradiofonicadominicana.com\/portal\/wp-json\/wp\/v2\/posts"}],"about":[{"href":"https:\/\/potenciaradiofonicadominicana.com\/portal\/wp-json\/wp\/v2\/types\/post"}],"author":[{"embeddable":true,"href":"https:\/\/potenciaradiofonicadominicana.com\/portal\/wp-json\/wp\/v2\/users\/2"}],"replies":[{"embeddable":true,"href":"https:\/\/potenciaradiofonicadominicana.com\/portal\/wp-json\/wp\/v2\/comments?post=215780"}],"version-history":[{"count":1,"href":"https:\/\/potenciaradiofonicadominicana.com\/portal\/wp-json\/wp\/v2\/posts\/215780\/revisions"}],"predecessor-version":[{"id":215782,"href":"https:\/\/potenciaradiofonicadominicana.com\/portal\/wp-json\/wp\/v2\/posts\/215780\/revisions\/215782"}],"wp:featuredmedia":[{"embeddable":true,"href":"https:\/\/potenciaradiofonicadominicana.com\/portal\/wp-json\/wp\/v2\/media\/215781"}],"wp:attachment":[{"href":"https:\/\/potenciaradiofonicadominicana.com\/portal\/wp-json\/wp\/v2\/media?parent=215780"}],"wp:term":[{"taxonomy":"category","embeddable":true,"href":"https:\/\/potenciaradiofonicadominicana.com\/portal\/wp-json\/wp\/v2\/categories?post=215780"},{"taxonomy":"post_tag","embeddable":true,"href":"https:\/\/potenciaradiofonicadominicana.com\/portal\/wp-json\/wp\/v2\/tags?post=215780"}],"curies":[{"name":"wp","href":"https:\/\/api.w.org\/{rel}","templated":true}]}}